{"id":145993,"date":"2022-08-28T17:56:49","date_gmt":"2022-08-29T00:56:49","guid":{"rendered":"https:\/\/www.sonoraenequipo.com.mx\/?p=145993"},"modified":"2023-05-07T17:32:36","modified_gmt":"2023-05-08T00:32:36","slug":"la-columna-de-bandin-echando-a-perder-se-aprende-educacion-del-futuro","status":"publish","type":"post","link":"https:\/\/www.sonoraenequipo.com.mx\/la-columna-de-bandin-echando-a-perder-se-aprende-educacion-del-futuro\/","title":{"rendered":"LA COLUMNA DE BAND\u00cdN. Echando a perder se aprende, educaci\u00f3n del futuro?"},"content":{"rendered":"<p>&nbsp;<\/p>\n<p><strong>HERMOSILLO, SONORA,MX.<\/strong><strong>\u2500\u2500<\/strong> \u201cEl que nunca comete errores es menos cuerdo de lo que se figura\u201d, advert\u00eda el fil\u00f3sofo franc\u00e9s Fran\u00e7ois De La Rochefoucauld. \u201cEl que se pierde es el que encuentra las nuevas sendas\u201d, suger\u00eda en ese tenor el dramaturgo noruego Nils Kjaer.<\/p>\n<p>&nbsp;<\/p>\n<p>Cometer errores nos crispa excesivamente. Quiz\u00e1s porque los a\u00f1os que pasamos en la escuela desgastan la forma en c\u00f3mo imaginamos el aprendizaje.<\/p>\n<p>En la etapa escolar, se nos graba a fuego la idea de que aprender consiste en escuchar a un profesor contar la lecci\u00f3n para, a continuaci\u00f3n, retener en la memoria todas las \u00abrespuestas correctas\u00bb posibles y demostrarlo en un posterior examen.<\/p>\n<p>Un voto de confianza para las equivocaciones<\/p>\n<p>&nbsp;<\/p>\n<p>Los defensores del aprendizaje basado en errores pretenden cambiar por completo las recompensas.<\/p>\n<p>\u00abLa idea central es que, en lugar de recibir pasivamente clases magistrales, el aprendizaje se plantee desde el principio como una b\u00fasqueda activa de respuestas\u00bb, explica en entrevista a la agencia \u00a0SINC Eugenia Mar\u00edn-Garc\u00eda, psic\u00f3loga de la Universidad del Pa\u00eds Vasco .<\/p>\n<p>\u00abAlgunas veces acertaremos y otras nos equivocaremos, pero a largo plazo los resultados de esta forma de estudio superan con creces la formaci\u00f3n pasiva cl\u00e1sica, esa que consiste en estudiar y reestudiar una y otra vez la lecci\u00f3n hasta que \u2018se nos queda\u2019\u00bb, aclara Mar\u00edn-Garc\u00eda, experta precisamente en estrategias de aprendizaje.<\/p>\n<p>\u00abHay varias teor\u00edas que intentan explicarlo, pero nuestras investigaciones emp\u00edricas y las de otros grupos cercanos indican que la m\u00e1s plausible es la que se conoce como Error Prediction Theory\u00bb (Teor\u00eda del error de predicci\u00f3n)- por ejemplo los ex\u00e1menes de opci\u00f3n m\u00faltiple o de cierto o falso, resume la investigadora.<\/p>\n<p>&nbsp;<\/p>\n<p>Y, como consecuencia de ese error de predicci\u00f3n, la retentiva mejora y el aprendizaje es m\u00e1s profundo. Otro matiz a tener presente es que no podemos medir\u00a0 todos los errores por el mismo rasero. Por un lado, hay evidencias de que aquellos que cometemos nosotros mismos generan mayor aprendizaje a largo plazo que los que cometen los dem\u00e1s.<\/p>\n<p>Por otro lado, no es lo mismo lo que se conoce como error de comisi\u00f3n, que ocurre cuando damos una respuesta que no es la correcta, que un error de omisi\u00f3n, que se produce cuando dejamos \u00abla pregunta en blanco\u00bb.<\/p>\n<p><strong><u>Fecha de publicaci\u00f3n 28 de agosto de 2022<\/u><\/strong><\/p>\n","protected":false},"excerpt":{"rendered":"<p>&nbsp; HERMOSILLO, SONORA,MX.\u2500\u2500 \u201cEl que nunca comete errores es menos cuerdo de lo que se&#8230;<\/p>\n","protected":false},"author":6,"featured_media":131771,"comment_status":"open","ping_status":"open","sticky":false,"template":"","format":"standard","meta":{"_monsterinsights_skip_tracking":false,"_monsterinsights_sitenote_active":false,"_monsterinsights_sitenote_note":"","_monsterinsights_sitenote_category":0,"footnotes":""},"categories":[14],"tags":[102],"class_list":["post"],"yoast_head":" \n<title>Sonora en Equipo. LA COLUMNA DE BAND\u00cdN. Echando a perder se aprende, educaci\u00f3n del futuro? Voces<\/title>\n<meta name=\"description\" content=\"&nbsp; HERMOSILLO, SONORA,MX.\u2500\u2500 \u201cEl que nunca comete errores es menos cuerdo de lo que se figura\u201d, advert\u00eda el fil\u00f3sofo franc\u00e9s Fran\u00e7ois De La En Sonora en Equipo publicamos toda la informaci\u00f3n de Sonora, M\u00e9xico y el Mundo de manera oportuna y busca que la libertad de expresi\u00f3n sea real. Visita nuestro medio informativo publicado desde Hermosillo, Sonora. %\" \/>\n<meta name=\"robots\" content=\"index, follow, max-snippet:-1, max-image-preview:large, max-video-preview:-1\" \/>\n<link rel=\"canonical\" href=\"https:\/\/www.sonoraenequipo.com.mx\/la-columna-de-bandin-echando-a-perder-se-aprende-educacion-del-futuro\/\" \/>\n<meta property=\"og:locale\" content=\"es_ES\" \/>\n<meta property=\"og:type\" content=\"article\" \/>\n<meta property=\"og:title\" content=\"Sonora en Equipo. LA COLUMNA DE BAND\u00cdN. Echando a perder se aprende, educaci\u00f3n del futuro? Voces\" \/>\n<meta property=\"og:description\" content=\"&nbsp; HERMOSILLO, SONORA,MX.\u2500\u2500 \u201cEl que nunca comete errores es menos cuerdo de lo que se figura\u201d, advert\u00eda el fil\u00f3sofo franc\u00e9s Fran\u00e7ois De La En Sonora en Equipo publicamos toda la informaci\u00f3n de Sonora, M\u00e9xico y el Mundo de manera oportuna y busca que la libertad de expresi\u00f3n sea real. Visita nuestro medio informativo publicado desde Hermosillo, Sonora. %\" \/>\n<meta property=\"og:url\" content=\"https:\/\/www.sonoraenequipo.com.mx\/la-columna-de-bandin-echando-a-perder-se-aprende-educacion-del-futuro\/\" \/>\n<meta property=\"og:site_name\" content=\"Sonora en Equipo.\" \/>\n<meta property=\"article:publisher\" content=\"https:\/\/www.facebook.com\/SonoraEE\/\" \/>\n<meta property=\"article:published_time\" content=\"2022-08-29T00:56:49+00:00\" \/>\n<meta property=\"article:modified_time\" content=\"2023-05-08T00:32:36+00:00\" \/>\n<meta property=\"og:image\" content=\"https:\/\/www.sonoraenequipo.com.mx\/storage\/2022\/01\/estudiantes.jpg\" \/>\n\t<meta property=\"og:image:width\" content=\"700\" \/>\n\t<meta property=\"og:image:height\" content=\"409\" \/>\n\t<meta property=\"og:image:type\" content=\"image\/jpeg\" \/>\n<meta name=\"author\" content=\"Nacho Bandin\" \/>\n<meta name=\"twitter:card\" content=\"summary_large_image\" \/>\n<meta name=\"twitter:creator\" content=\"@sonoraenequipo\" \/>\n<meta name=\"twitter:site\" content=\"@sonoraenequipo\" \/>\n<meta name=\"twitter:label1\" content=\"Escrito por\" \/>\n\t<meta name=\"twitter:data1\" content=\"Nacho Bandin\" \/>\n\t<meta name=\"twitter:label2\" content=\"Tiempo de lectura\" \/>\n\t<meta name=\"twitter:data2\" content=\"2 minutos\" \/>\n<script type=\"application\/ld+json\" class=\"yoast-schema-graph\">{\"@context\":\"https:\/\/schema.org\",\"@graph\":[{\"@type\":\"Article\",\"@id\":\"https:\/\/www.sonoraenequipo.com.mx\/la-columna-de-bandin-echando-a-perder-se-aprende-educacion-del-futuro\/#article\",\"isPartOf\":{\"@id\":\"https:\/\/www.sonoraenequipo.com.mx\/la-columna-de-bandin-echando-a-perder-se-aprende-educacion-del-futuro\/\"},\"author\":{\"name\":\"Nacho Bandin\",\"@id\":\"https:\/\/www.sonoraenequipo.com.mx\/#\/schema\/person\/fbd9952aca28efec00f1fb7fa9428cad\"},\"headline\":\"LA COLUMNA DE BAND\u00cdN. Echando a perder se aprende, educaci\u00f3n del futuro?\",\"datePublished\":\"2022-08-29T00:56:49+00:00\",\"dateModified\":\"2023-05-08T00:32:36+00:00\",\"mainEntityOfPage\":{\"@id\":\"https:\/\/www.sonoraenequipo.com.mx\/la-columna-de-bandin-echando-a-perder-se-aprende-educacion-del-futuro\/\"},\"wordCount\":426,\"commentCount\":0,\"publisher\":{\"@id\":\"https:\/\/www.sonoraenequipo.com.mx\/#organization\"},\"image\":{\"@id\":\"https:\/\/www.sonoraenequipo.com.mx\/la-columna-de-bandin-echando-a-perder-se-aprende-educacion-del-futuro\/#primaryimage\"},\"thumbnailUrl\":\"https:\/\/www.sonoraenequipo.com.mx\/storage\/2022\/01\/estudiantes.jpg\",\"keywords\":[\"escuela\"],\"articleSection\":[\"Voces\"],\"inLanguage\":\"es\",\"potentialAction\":[{\"@type\":\"CommentAction\",\"name\":\"Comment\",\"target\":[\"https:\/\/www.sonoraenequipo.com.mx\/la-columna-de-bandin-echando-a-perder-se-aprende-educacion-del-futuro\/#respond\"]}]},{\"@type\":\"WebPage\",\"@id\":\"https:\/\/www.sonoraenequipo.com.mx\/la-columna-de-bandin-echando-a-perder-se-aprende-educacion-del-futuro\/\",\"url\":\"https:\/\/www.sonoraenequipo.com.mx\/la-columna-de-bandin-echando-a-perder-se-aprende-educacion-del-futuro\/\",\"name\":\"Sonora en Equipo. LA COLUMNA DE BAND\u00cdN. Echando a perder se aprende, educaci\u00f3n del futuro? Voces\",\"isPartOf\":{\"@id\":\"https:\/\/www.sonoraenequipo.com.mx\/#website\"},\"primaryImageOfPage\":{\"@id\":\"https:\/\/www.sonoraenequipo.com.mx\/la-columna-de-bandin-echando-a-perder-se-aprende-educacion-del-futuro\/#primaryimage\"},\"image\":{\"@id\":\"https:\/\/www.sonoraenequipo.com.mx\/la-columna-de-bandin-echando-a-perder-se-aprende-educacion-del-futuro\/#primaryimage\"},\"thumbnailUrl\":\"https:\/\/www.sonoraenequipo.com.mx\/storage\/2022\/01\/estudiantes.jpg\",\"datePublished\":\"2022-08-29T00:56:49+00:00\",\"dateModified\":\"2023-05-08T00:32:36+00:00\",\"description\":\"&nbsp; HERMOSILLO, SONORA,MX.\u2500\u2500 \u201cEl que nunca comete errores es menos cuerdo de lo que se figura\u201d, advert\u00eda el fil\u00f3sofo franc\u00e9s Fran\u00e7ois De La En Sonora en Equipo publicamos toda la informaci\u00f3n de Sonora, M\u00e9xico y el Mundo de manera oportuna y busca que la libertad de expresi\u00f3n sea real. Visita nuestro medio informativo publicado desde Hermosillo, Sonora. %\",\"breadcrumb\":{\"@id\":\"https:\/\/www.sonoraenequipo.com.mx\/la-columna-de-bandin-echando-a-perder-se-aprende-educacion-del-futuro\/#breadcrumb\"},\"inLanguage\":\"es\",\"potentialAction\":[{\"@type\":\"ReadAction\",\"target\":[\"https:\/\/www.sonoraenequipo.com.mx\/la-columna-de-bandin-echando-a-perder-se-aprende-educacion-del-futuro\/\"]}]},{\"@type\":\"ImageObject\",\"inLanguage\":\"es\",\"@id\":\"https:\/\/www.sonoraenequipo.com.mx\/la-columna-de-bandin-echando-a-perder-se-aprende-educacion-del-futuro\/#primaryimage\",\"url\":\"https:\/\/www.sonoraenequipo.com.mx\/storage\/2022\/01\/estudiantes.jpg\",\"contentUrl\":\"https:\/\/www.sonoraenequipo.com.mx\/storage\/2022\/01\/estudiantes.jpg\",\"width\":700,\"height\":409},{\"@type\":\"BreadcrumbList\",\"@id\":\"https:\/\/www.sonoraenequipo.com.mx\/la-columna-de-bandin-echando-a-perder-se-aprende-educacion-del-futuro\/#breadcrumb\",\"itemListElement\":[{\"@type\":\"ListItem\",\"position\":1,\"name\":\"Portada\",\"item\":\"https:\/\/www.sonoraenequipo.com.mx\/\"},{\"@type\":\"ListItem\",\"position\":2,\"name\":\"LA COLUMNA DE BAND\u00cdN. Echando a perder se aprende, educaci\u00f3n del futuro?\"}]},{\"@type\":\"WebSite\",\"@id\":\"https:\/\/www.sonoraenequipo.com.mx\/#website\",\"url\":\"https:\/\/www.sonoraenequipo.com.mx\/\",\"name\":\"Sonora en Equipo.\",\"description\":\"Diario en l\u00ednea con Noticias desde Hermosillo, Sonora\",\"publisher\":{\"@id\":\"https:\/\/www.sonoraenequipo.com.mx\/#organization\"},\"potentialAction\":[{\"@type\":\"SearchAction\",\"target\":{\"@type\":\"EntryPoint\",\"urlTemplate\":\"https:\/\/www.sonoraenequipo.com.mx\/?s={search_term_string}\"},\"query-input\":{\"@type\":\"PropertyValueSpecification\",\"valueRequired\":true,\"valueName\":\"search_term_string\"}}],\"inLanguage\":\"es\"},{\"@type\":\"Organization\",\"@id\":\"https:\/\/www.sonoraenequipo.com.mx\/#organization\",\"name\":\"Sonoraenequipo.com.mx\",\"url\":\"https:\/\/www.sonoraenequipo.com.mx\/\",\"logo\":{\"@type\":\"ImageObject\",\"inLanguage\":\"es\",\"@id\":\"https:\/\/www.sonoraenequipo.com.mx\/#\/schema\/logo\/image\/\",\"url\":\"https:\/\/www.sonoraenequipo.com.mx\/storage\/2019\/01\/sonoraenequipo_opt.png\",\"contentUrl\":\"https:\/\/www.sonoraenequipo.com.mx\/storage\/2019\/01\/sonoraenequipo_opt.png\",\"width\":375,\"height\":125,\"caption\":\"Sonoraenequipo.com.mx\"},\"image\":{\"@id\":\"https:\/\/www.sonoraenequipo.com.mx\/#\/schema\/logo\/image\/\"},\"sameAs\":[\"https:\/\/www.facebook.com\/SonoraEE\/\",\"https:\/\/x.com\/sonoraenequipo\",\"https:\/\/www.youtube.com\/channel\/UC338nW-lPEYmJQs4ZABQ1SQ\"]},{\"@type\":\"Person\",\"@id\":\"https:\/\/www.sonoraenequipo.com.mx\/#\/schema\/person\/fbd9952aca28efec00f1fb7fa9428cad\",\"name\":\"Nacho Bandin\",\"image\":{\"@type\":\"ImageObject\",\"inLanguage\":\"es\",\"@id\":\"https:\/\/www.sonoraenequipo.com.mx\/#\/schema\/person\/image\/\",\"url\":\"https:\/\/secure.gravatar.com\/avatar\/aa8b9910cb9aca6bb907bea274a87d80d1290d00069310f251740e3ee0bf15f1?s=96&d=blank&r=g\",\"contentUrl\":\"https:\/\/secure.gravatar.com\/avatar\/aa8b9910cb9aca6bb907bea274a87d80d1290d00069310f251740e3ee0bf15f1?s=96&d=blank&r=g\",\"caption\":\"Nacho Bandin\"},\"sameAs\":[\"http:\/\/sonoraenequipo.com.mx\"]}]}<\/script>\n ","yoast_head_json":{"title":"Sonora en Equipo. LA COLUMNA DE BAND\u00cdN. Echando a perder se aprende, educaci\u00f3n del futuro? Voces","description":"&nbsp; HERMOSILLO, SONORA,MX.\u2500\u2500 \u201cEl que nunca comete errores es menos cuerdo de lo que se figura\u201d, advert\u00eda el fil\u00f3sofo franc\u00e9s Fran\u00e7ois De La En Sonora en Equipo publicamos toda la informaci\u00f3n de Sonora, M\u00e9xico y el Mundo de manera oportuna y busca que la libertad de expresi\u00f3n sea real. Visita nuestro medio informativo publicado desde Hermosillo, Sonora. %","robots":{"index":"index","follow":"follow","max-snippet":"max-snippet:-1","max-image-preview":"max-image-preview:large","max-video-preview":"max-video-preview:-1"},"canonical":"https:\/\/www.sonoraenequipo.com.mx\/la-columna-de-bandin-echando-a-perder-se-aprende-educacion-del-futuro\/","og_locale":"es_ES","og_type":"article","og_title":"Sonora en Equipo. LA COLUMNA DE BAND\u00cdN. Echando a perder se aprende, educaci\u00f3n del futuro? Voces","og_description":"&nbsp; HERMOSILLO, SONORA,MX.\u2500\u2500 \u201cEl que nunca comete errores es menos cuerdo de lo que se figura\u201d, advert\u00eda el fil\u00f3sofo franc\u00e9s Fran\u00e7ois De La En Sonora en Equipo publicamos toda la informaci\u00f3n de Sonora, M\u00e9xico y el Mundo de manera oportuna y busca que la libertad de expresi\u00f3n sea real. Visita nuestro medio informativo publicado desde Hermosillo, Sonora. %","og_url":"https:\/\/www.sonoraenequipo.com.mx\/la-columna-de-bandin-echando-a-perder-se-aprende-educacion-del-futuro\/","og_site_name":"Sonora en Equipo.","article_publisher":"https:\/\/www.facebook.com\/SonoraEE\/","article_published_time":"2022-08-29T00:56:49+00:00","article_modified_time":"2023-05-08T00:32:36+00:00","og_image":[{"width":700,"height":409,"url":"https:\/\/www.sonoraenequipo.com.mx\/storage\/2022\/01\/estudiantes.jpg","type":"image\/jpeg"}],"author":"Nacho Bandin","twitter_card":"summary_large_image","twitter_creator":"@sonoraenequipo","twitter_site":"@sonoraenequipo","twitter_misc":{"Escrito por":"Nacho Bandin","Tiempo de lectura":"2 minutos"},"schema":{"@context":"https:\/\/schema.org","@graph":[{"@type":"Article","@id":"https:\/\/www.sonoraenequipo.com.mx\/la-columna-de-bandin-echando-a-perder-se-aprende-educacion-del-futuro\/#article","isPartOf":{"@id":"https:\/\/www.sonoraenequipo.com.mx\/la-columna-de-bandin-echando-a-perder-se-aprende-educacion-del-futuro\/"},"author":{"name":"Nacho Bandin","@id":"https:\/\/www.sonoraenequipo.com.mx\/#\/schema\/person\/fbd9952aca28efec00f1fb7fa9428cad"},"headline":"LA COLUMNA DE BAND\u00cdN. Echando a perder se aprende, educaci\u00f3n del futuro?","datePublished":"2022-08-29T00:56:49+00:00","dateModified":"2023-05-08T00:32:36+00:00","mainEntityOfPage":{"@id":"https:\/\/www.sonoraenequipo.com.mx\/la-columna-de-bandin-echando-a-perder-se-aprende-educacion-del-futuro\/"},"wordCount":426,"commentCount":0,"publisher":{"@id":"https:\/\/www.sonoraenequipo.com.mx\/#organization"},"image":{"@id":"https:\/\/www.sonoraenequipo.com.mx\/la-columna-de-bandin-echando-a-perder-se-aprende-educacion-del-futuro\/#primaryimage"},"thumbnailUrl":"https:\/\/www.sonoraenequipo.com.mx\/storage\/2022\/01\/estudiantes.jpg","keywords":["escuela"],"articleSection":["Voces"],"inLanguage":"es","potentialAction":[{"@type":"CommentAction","name":"Comment","target":["https:\/\/www.sonoraenequipo.com.mx\/la-columna-de-bandin-echando-a-perder-se-aprende-educacion-del-futuro\/#respond"]}]},{"@type":"WebPage","@id":"https:\/\/www.sonoraenequipo.com.mx\/la-columna-de-bandin-echando-a-perder-se-aprende-educacion-del-futuro\/","url":"https:\/\/www.sonoraenequipo.com.mx\/la-columna-de-bandin-echando-a-perder-se-aprende-educacion-del-futuro\/","name":"Sonora en Equipo. LA COLUMNA DE BAND\u00cdN. Echando a perder se aprende, educaci\u00f3n del futuro? Voces","isPartOf":{"@id":"https:\/\/www.sonoraenequipo.com.mx\/#website"},"primaryImageOfPage":{"@id":"https:\/\/www.sonoraenequipo.com.mx\/la-columna-de-bandin-echando-a-perder-se-aprende-educacion-del-futuro\/#primaryimage"},"image":{"@id":"https:\/\/www.sonoraenequipo.com.mx\/la-columna-de-bandin-echando-a-perder-se-aprende-educacion-del-futuro\/#primaryimage"},"thumbnailUrl":"https:\/\/www.sonoraenequipo.com.mx\/storage\/2022\/01\/estudiantes.jpg","datePublished":"2022-08-29T00:56:49+00:00","dateModified":"2023-05-08T00:32:36+00:00","description":"&nbsp; HERMOSILLO, SONORA,MX.\u2500\u2500 \u201cEl que nunca comete errores es menos cuerdo de lo que se figura\u201d, advert\u00eda el fil\u00f3sofo franc\u00e9s Fran\u00e7ois De La En Sonora en Equipo publicamos toda la informaci\u00f3n de Sonora, M\u00e9xico y el Mundo de manera oportuna y busca que la libertad de expresi\u00f3n sea real. Visita nuestro medio informativo publicado desde Hermosillo, Sonora. %","breadcrumb":{"@id":"https:\/\/www.sonoraenequipo.com.mx\/la-columna-de-bandin-echando-a-perder-se-aprende-educacion-del-futuro\/#breadcrumb"},"inLanguage":"es","potentialAction":[{"@type":"ReadAction","target":["https:\/\/www.sonoraenequipo.com.mx\/la-columna-de-bandin-echando-a-perder-se-aprende-educacion-del-futuro\/"]}]},{"@type":"ImageObject","inLanguage":"es","@id":"https:\/\/www.sonoraenequipo.com.mx\/la-columna-de-bandin-echando-a-perder-se-aprende-educacion-del-futuro\/#primaryimage","url":"https:\/\/www.sonoraenequipo.com.mx\/storage\/2022\/01\/estudiantes.jpg","contentUrl":"https:\/\/www.sonoraenequipo.com.mx\/storage\/2022\/01\/estudiantes.jpg","width":700,"height":409},{"@type":"BreadcrumbList","@id":"https:\/\/www.sonoraenequipo.com.mx\/la-columna-de-bandin-echando-a-perder-se-aprende-educacion-del-futuro\/#breadcrumb","itemListElement":[{"@type":"ListItem","position":1,"name":"Portada","item":"https:\/\/www.sonoraenequipo.com.mx\/"},{"@type":"ListItem","position":2,"name":"LA COLUMNA DE BAND\u00cdN. Echando a perder se aprende, educaci\u00f3n del futuro?"}]},{"@type":"WebSite","@id":"https:\/\/www.sonoraenequipo.com.mx\/#website","url":"https:\/\/www.sonoraenequipo.com.mx\/","name":"Sonora en Equipo.","description":"Diario en l\u00ednea con Noticias desde Hermosillo, Sonora","publisher":{"@id":"https:\/\/www.sonoraenequipo.com.mx\/#organization"},"potentialAction":[{"@type":"SearchAction","target":{"@type":"EntryPoint","urlTemplate":"https:\/\/www.sonoraenequipo.com.mx\/?s={search_term_string}"},"query-input":{"@type":"PropertyValueSpecification","valueRequired":true,"valueName":"search_term_string"}}],"inLanguage":"es"},{"@type":"Organization","@id":"https:\/\/www.sonoraenequipo.com.mx\/#organization","name":"Sonoraenequipo.com.mx","url":"https:\/\/www.sonoraenequipo.com.mx\/","logo":{"@type":"ImageObject","inLanguage":"es","@id":"https:\/\/www.sonoraenequipo.com.mx\/#\/schema\/logo\/image\/","url":"https:\/\/www.sonoraenequipo.com.mx\/storage\/2019\/01\/sonoraenequipo_opt.png","contentUrl":"https:\/\/www.sonoraenequipo.com.mx\/storage\/2019\/01\/sonoraenequipo_opt.png","width":375,"height":125,"caption":"Sonoraenequipo.com.mx"},"image":{"@id":"https:\/\/www.sonoraenequipo.com.mx\/#\/schema\/logo\/image\/"},"sameAs":["https:\/\/www.facebook.com\/SonoraEE\/","https:\/\/x.com\/sonoraenequipo","https:\/\/www.youtube.com\/channel\/UC338nW-lPEYmJQs4ZABQ1SQ"]},{"@type":"Person","@id":"https:\/\/www.sonoraenequipo.com.mx\/#\/schema\/person\/fbd9952aca28efec00f1fb7fa9428cad","name":"Nacho Bandin","image":{"@type":"ImageObject","inLanguage":"es","@id":"https:\/\/www.sonoraenequipo.com.mx\/#\/schema\/person\/image\/","url":"https:\/\/secure.gravatar.com\/avatar\/aa8b9910cb9aca6bb907bea274a87d80d1290d00069310f251740e3ee0bf15f1?s=96&d=blank&r=g","contentUrl":"https:\/\/secure.gravatar.com\/avatar\/aa8b9910cb9aca6bb907bea274a87d80d1290d00069310f251740e3ee0bf15f1?s=96&d=blank&r=g","caption":"Nacho Bandin"},"sameAs":["http:\/\/sonoraenequipo.com.mx"]}]}},"jetpack_featured_media_url":"https:\/\/www.sonoraenequipo.com.mx\/storage\/2022\/01\/estudiantes.jpg","_links":{"self":[{"href":"https:\/\/www.sonoraenequipo.com.mx\/api\/wp\/v2\/posts\/145993","targetHints":{"allow":["GET"]}}],"collection":[{"href":"https:\/\/www.sonoraenequipo.com.mx\/api\/wp\/v2\/posts"}],"about":[{"href":"https:\/\/www.sonoraenequipo.com.mx\/api\/wp\/v2\/types\/post"}],"author":[{"embeddable":true,"href":"https:\/\/www.sonoraenequipo.com.mx\/api\/wp\/v2\/users\/6"}],"replies":[{"embeddable":true,"href":"https:\/\/www.sonoraenequipo.com.mx\/api\/wp\/v2\/comments?post=145993"}],"version-history":[{"count":3,"href":"https:\/\/www.sonoraenequipo.com.mx\/api\/wp\/v2\/posts\/145993\/revisions"}],"predecessor-version":[{"id":146018,"href":"https:\/\/www.sonoraenequipo.com.mx\/api\/wp\/v2\/posts\/145993\/revisions\/146018"}],"wp:featuredmedia":[{"embeddable":true,"href":"https:\/\/www.sonoraenequipo.com.mx\/api\/wp\/v2\/media\/131771"}],"wp:attachment":[{"href":"https:\/\/www.sonoraenequipo.com.mx\/api\/wp\/v2\/media?parent=145993"}],"wp:term":[{"taxonomy":"category","embeddable":true,"href":"https:\/\/www.sonoraenequipo.com.mx\/api\/wp\/v2\/categories?post=145993"},{"taxonomy":"post_tag","embeddable":true,"href":"https:\/\/www.sonoraenequipo.com.mx\/api\/wp\/v2\/tags?post=145993"}],"curies":[{"name":"wp","href":"https:\/\/api.w.org\/{rel}","templated":true}]}}