{"id":146004,"date":"2022-08-28T11:20:28","date_gmt":"2022-08-28T18:20:28","guid":{"rendered":"https:\/\/www.sonoraenequipo.com.mx\/?p=146004"},"modified":"2022-08-28T18:33:00","modified_gmt":"2022-08-29T01:33:00","slug":"cuatro-policias-heridos-tras-protestas-contra-compania-electrica-en-puerto-rico","status":"publish","type":"post","link":"https:\/\/www.sonoraenequipo.com.mx\/cuatro-policias-heridos-tras-protestas-contra-compania-electrica-en-puerto-rico\/","title":{"rendered":"Cuatro polic\u00edas heridos tras protestas contra compa\u00f1\u00eda el\u00e9ctrica en Puerto Rico"},"content":{"rendered":"<p><strong>SAN JUAN, PUERTO RICO. \u2014<\/strong> Cuatro polic\u00edas de Puerto Rico resultaron heridos por objetos lanzados por manifestantes en el tercer d\u00eda de protesta en contra de Luma Energy, encargada de la transmisi\u00f3n y distribuci\u00f3n de la electricidad en la isla.<\/p>\n<p>&nbsp;<\/p>\n<p> <\/p>\n<p>&nbsp;<\/p>\n<p>As\u00ed lo inform\u00f3 este domingo (28.08.2022) en un comunicado de prensa el director de la Oficina de Prensa de la Polic\u00eda, Axel Valencia, luego de la manifestaci\u00f3n llevada a cabo frente a La Fortaleza o sede del Ejecutivo puertorrique\u00f1o en el Viejo San Juan.<\/p>\n<p>&nbsp;<\/p>\n<p>&nbsp;<\/p>\n<p>Valencia detall\u00f3 que dos de los cuatro polic\u00edas heridos fueron transportados en ambulancia para recibir ayuda m\u00e9dica, \u201cluego de que fueran golpeados con adoquines y piedras de gran tama\u00f1o en el rostro y piernas\u201d.<\/p>\n<p>&nbsp;<\/p>\n<p>Los constantes apagones que ocurren a diario en Puerto Rico desde que en junio de 2021 LUMA lleg\u00f3 a la isla y los aumentos en la factura pese a las interrupciones el\u00e9ctricas son los prop\u00f3sitos de las manifestaciones, que arrancaron el pasado jueves.<\/p>\n<p>&nbsp;<\/p>\n<p>PUBLICADO EL 28\/AGOSTO\/2022 \/ Con informaci\u00f3n de EE\/Prensa LIBRE )<\/p>\n","protected":false},"excerpt":{"rendered":"<p>SAN JUAN, PUERTO RICO. \u2014 Cuatro polic\u00edas de Puerto Rico resultaron heridos por objetos lanzados&#8230;<\/p>\n","protected":false},"author":1,"featured_media":0,"comment_status":"open","ping_status":"open","sticky":false,"template":"","format":"standard","meta":{"_monsterinsights_skip_tracking":false,"_monsterinsights_sitenote_active":false,"_monsterinsights_sitenote_note":"","_monsterinsights_sitenote_category":0,"footnotes":""},"categories":[3],"tags":[],"class_list":["post"],"yoast_head":" \n<title>Sonora en Equipo. Cuatro polic\u00edas heridos tras protestas contra compa\u00f1\u00eda el\u00e9ctrica en Puerto Rico MUNDO<\/title>\n<meta name=\"description\" content=\"SAN JUAN, PUERTO RICO. \u2014 Cuatro polic\u00edas de Puerto Rico resultaron heridos por objetos lanzados por manifestantes en el tercer d\u00eda de protesta en contra En Sonora en Equipo publicamos toda la informaci\u00f3n de Sonora, M\u00e9xico y el Mundo de manera oportuna y busca que la libertad de expresi\u00f3n sea real. Visita nuestro medio informativo publicado desde Hermosillo, Sonora. %\" \/>\n<meta name=\"robots\" content=\"index, follow, max-snippet:-1, max-image-preview:large, max-video-preview:-1\" \/>\n<link rel=\"canonical\" href=\"https:\/\/www.sonoraenequipo.com.mx\/cuatro-policias-heridos-tras-protestas-contra-compania-electrica-en-puerto-rico\/\" \/>\n<meta property=\"og:locale\" content=\"es_ES\" \/>\n<meta property=\"og:type\" content=\"article\" \/>\n<meta property=\"og:title\" content=\"Sonora en Equipo. Cuatro polic\u00edas heridos tras protestas contra compa\u00f1\u00eda el\u00e9ctrica en Puerto Rico MUNDO\" \/>\n<meta property=\"og:description\" content=\"SAN JUAN, PUERTO RICO. \u2014 Cuatro polic\u00edas de Puerto Rico resultaron heridos por objetos lanzados por manifestantes en el tercer d\u00eda de protesta en contra En Sonora en Equipo publicamos toda la informaci\u00f3n de Sonora, M\u00e9xico y el Mundo de manera oportuna y busca que la libertad de expresi\u00f3n sea real. Visita nuestro medio informativo publicado desde Hermosillo, Sonora. %\" \/>\n<meta property=\"og:url\" content=\"https:\/\/www.sonoraenequipo.com.mx\/cuatro-policias-heridos-tras-protestas-contra-compania-electrica-en-puerto-rico\/\" \/>\n<meta property=\"og:site_name\" content=\"Sonora en Equipo.\" \/>\n<meta property=\"article:publisher\" content=\"https:\/\/www.facebook.com\/SonoraEE\/\" \/>\n<meta property=\"article:author\" content=\"https:\/\/www.facebook.com\/SonoraEE\" \/>\n<meta property=\"article:published_time\" content=\"2022-08-28T18:20:28+00:00\" \/>\n<meta property=\"article:modified_time\" content=\"2022-08-29T01:33:00+00:00\" \/>\n<meta property=\"og:image\" content=\"https:\/\/www.sonoraenequipo.com.mx\/storage\/2022\/08\/protestas-contra-compania-electrica-en-Puerto-Rico.jpg\" \/>\n\t<meta property=\"og:image:width\" content=\"900\" \/>\n\t<meta property=\"og:image:height\" content=\"514\" \/>\n\t<meta property=\"og:image:type\" content=\"image\/jpeg\" \/>\n<meta name=\"author\" content=\"enequipo\" \/>\n<meta name=\"twitter:card\" content=\"summary_large_image\" \/>\n<meta name=\"twitter:creator\" content=\"@sonoraenequipo\" \/>\n<meta name=\"twitter:site\" content=\"@sonoraenequipo\" \/>\n<meta name=\"twitter:label1\" content=\"Escrito por\" \/>\n\t<meta name=\"twitter:data1\" content=\"enequipo\" \/>\n\t<meta name=\"twitter:label2\" content=\"Tiempo de lectura\" \/>\n\t<meta name=\"twitter:data2\" content=\"1 minuto\" \/>\n<script type=\"application\/ld+json\" class=\"yoast-schema-graph\">{\"@context\":\"https:\/\/schema.org\",\"@graph\":[{\"@type\":\"Article\",\"@id\":\"https:\/\/www.sonoraenequipo.com.mx\/cuatro-policias-heridos-tras-protestas-contra-compania-electrica-en-puerto-rico\/#article\",\"isPartOf\":{\"@id\":\"https:\/\/www.sonoraenequipo.com.mx\/cuatro-policias-heridos-tras-protestas-contra-compania-electrica-en-puerto-rico\/\"},\"author\":{\"name\":\"enequipo\",\"@id\":\"https:\/\/www.sonoraenequipo.com.mx\/#\/schema\/person\/50102df0fb23a8fa9e8effad8fa81386\"},\"headline\":\"Cuatro polic\u00edas heridos tras protestas contra compa\u00f1\u00eda el\u00e9ctrica en Puerto Rico\",\"datePublished\":\"2022-08-28T18:20:28+00:00\",\"dateModified\":\"2022-08-29T01:33:00+00:00\",\"mainEntityOfPage\":{\"@id\":\"https:\/\/www.sonoraenequipo.com.mx\/cuatro-policias-heridos-tras-protestas-contra-compania-electrica-en-puerto-rico\/\"},\"wordCount\":200,\"commentCount\":0,\"publisher\":{\"@id\":\"https:\/\/www.sonoraenequipo.com.mx\/#organization\"},\"articleSection\":[\"MUNDO\"],\"inLanguage\":\"es\",\"potentialAction\":[{\"@type\":\"CommentAction\",\"name\":\"Comment\",\"target\":[\"https:\/\/www.sonoraenequipo.com.mx\/cuatro-policias-heridos-tras-protestas-contra-compania-electrica-en-puerto-rico\/#respond\"]}]},{\"@type\":\"WebPage\",\"@id\":\"https:\/\/www.sonoraenequipo.com.mx\/cuatro-policias-heridos-tras-protestas-contra-compania-electrica-en-puerto-rico\/\",\"url\":\"https:\/\/www.sonoraenequipo.com.mx\/cuatro-policias-heridos-tras-protestas-contra-compania-electrica-en-puerto-rico\/\",\"name\":\"Sonora en Equipo. Cuatro polic\u00edas heridos tras protestas contra compa\u00f1\u00eda el\u00e9ctrica en Puerto Rico MUNDO\",\"isPartOf\":{\"@id\":\"https:\/\/www.sonoraenequipo.com.mx\/#website\"},\"datePublished\":\"2022-08-28T18:20:28+00:00\",\"dateModified\":\"2022-08-29T01:33:00+00:00\",\"description\":\"SAN JUAN, PUERTO RICO. \u2014 Cuatro polic\u00edas de Puerto Rico resultaron heridos por objetos lanzados por manifestantes en el tercer d\u00eda de protesta en contra En Sonora en Equipo publicamos toda la informaci\u00f3n de Sonora, M\u00e9xico y el Mundo de manera oportuna y busca que la libertad de expresi\u00f3n sea real. Visita nuestro medio informativo publicado desde Hermosillo, Sonora. %\",\"breadcrumb\":{\"@id\":\"https:\/\/www.sonoraenequipo.com.mx\/cuatro-policias-heridos-tras-protestas-contra-compania-electrica-en-puerto-rico\/#breadcrumb\"},\"inLanguage\":\"es\",\"potentialAction\":[{\"@type\":\"ReadAction\",\"target\":[\"https:\/\/www.sonoraenequipo.com.mx\/cuatro-policias-heridos-tras-protestas-contra-compania-electrica-en-puerto-rico\/\"]}]},{\"@type\":\"BreadcrumbList\",\"@id\":\"https:\/\/www.sonoraenequipo.com.mx\/cuatro-policias-heridos-tras-protestas-contra-compania-electrica-en-puerto-rico\/#breadcrumb\",\"itemListElement\":[{\"@type\":\"ListItem\",\"position\":1,\"name\":\"Portada\",\"item\":\"https:\/\/www.sonoraenequipo.com.mx\/\"},{\"@type\":\"ListItem\",\"position\":2,\"name\":\"Cuatro polic\u00edas heridos tras protestas contra compa\u00f1\u00eda el\u00e9ctrica en Puerto Rico\"}]},{\"@type\":\"WebSite\",\"@id\":\"https:\/\/www.sonoraenequipo.com.mx\/#website\",\"url\":\"https:\/\/www.sonoraenequipo.com.mx\/\",\"name\":\"Sonora en Equipo.\",\"description\":\"Diario en l\u00ednea con Noticias desde Hermosillo, Sonora\",\"publisher\":{\"@id\":\"https:\/\/www.sonoraenequipo.com.mx\/#organization\"},\"potentialAction\":[{\"@type\":\"SearchAction\",\"target\":{\"@type\":\"EntryPoint\",\"urlTemplate\":\"https:\/\/www.sonoraenequipo.com.mx\/?s={search_term_string}\"},\"query-input\":{\"@type\":\"PropertyValueSpecification\",\"valueRequired\":true,\"valueName\":\"search_term_string\"}}],\"inLanguage\":\"es\"},{\"@type\":\"Organization\",\"@id\":\"https:\/\/www.sonoraenequipo.com.mx\/#organization\",\"name\":\"Sonoraenequipo.com.mx\",\"url\":\"https:\/\/www.sonoraenequipo.com.mx\/\",\"logo\":{\"@type\":\"ImageObject\",\"inLanguage\":\"es\",\"@id\":\"https:\/\/www.sonoraenequipo.com.mx\/#\/schema\/logo\/image\/\",\"url\":\"https:\/\/www.sonoraenequipo.com.mx\/storage\/2019\/01\/sonoraenequipo_opt.png\",\"contentUrl\":\"https:\/\/www.sonoraenequipo.com.mx\/storage\/2019\/01\/sonoraenequipo_opt.png\",\"width\":375,\"height\":125,\"caption\":\"Sonoraenequipo.com.mx\"},\"image\":{\"@id\":\"https:\/\/www.sonoraenequipo.com.mx\/#\/schema\/logo\/image\/\"},\"sameAs\":[\"https:\/\/www.facebook.com\/SonoraEE\/\",\"https:\/\/x.com\/sonoraenequipo\",\"https:\/\/www.youtube.com\/channel\/UC338nW-lPEYmJQs4ZABQ1SQ\"]},{\"@type\":\"Person\",\"@id\":\"https:\/\/www.sonoraenequipo.com.mx\/#\/schema\/person\/50102df0fb23a8fa9e8effad8fa81386\",\"name\":\"enequipo\",\"image\":{\"@type\":\"ImageObject\",\"inLanguage\":\"es\",\"@id\":\"https:\/\/www.sonoraenequipo.com.mx\/#\/schema\/person\/image\/\",\"url\":\"https:\/\/secure.gravatar.com\/avatar\/049821681b589dabc0bc20695993ccebb09f5b5d4d790cd9251b97faac7c652b?s=96&d=blank&r=g\",\"contentUrl\":\"https:\/\/secure.gravatar.com\/avatar\/049821681b589dabc0bc20695993ccebb09f5b5d4d790cd9251b97faac7c652b?s=96&d=blank&r=g\",\"caption\":\"enequipo\"},\"sameAs\":[\"https:\/\/www.facebook.com\/SonoraEE\"]}]}<\/script>\n ","yoast_head_json":{"title":"Sonora en Equipo. Cuatro polic\u00edas heridos tras protestas contra compa\u00f1\u00eda el\u00e9ctrica en Puerto Rico MUNDO","description":"SAN JUAN, PUERTO RICO. \u2014 Cuatro polic\u00edas de Puerto Rico resultaron heridos por objetos lanzados por manifestantes en el tercer d\u00eda de protesta en contra En Sonora en Equipo publicamos toda la informaci\u00f3n de Sonora, M\u00e9xico y el Mundo de manera oportuna y busca que la libertad de expresi\u00f3n sea real. Visita nuestro medio informativo publicado desde Hermosillo, Sonora. %","robots":{"index":"index","follow":"follow","max-snippet":"max-snippet:-1","max-image-preview":"max-image-preview:large","max-video-preview":"max-video-preview:-1"},"canonical":"https:\/\/www.sonoraenequipo.com.mx\/cuatro-policias-heridos-tras-protestas-contra-compania-electrica-en-puerto-rico\/","og_locale":"es_ES","og_type":"article","og_title":"Sonora en Equipo. Cuatro polic\u00edas heridos tras protestas contra compa\u00f1\u00eda el\u00e9ctrica en Puerto Rico MUNDO","og_description":"SAN JUAN, PUERTO RICO. \u2014 Cuatro polic\u00edas de Puerto Rico resultaron heridos por objetos lanzados por manifestantes en el tercer d\u00eda de protesta en contra En Sonora en Equipo publicamos toda la informaci\u00f3n de Sonora, M\u00e9xico y el Mundo de manera oportuna y busca que la libertad de expresi\u00f3n sea real. Visita nuestro medio informativo publicado desde Hermosillo, Sonora. %","og_url":"https:\/\/www.sonoraenequipo.com.mx\/cuatro-policias-heridos-tras-protestas-contra-compania-electrica-en-puerto-rico\/","og_site_name":"Sonora en Equipo.","article_publisher":"https:\/\/www.facebook.com\/SonoraEE\/","article_author":"https:\/\/www.facebook.com\/SonoraEE","article_published_time":"2022-08-28T18:20:28+00:00","article_modified_time":"2022-08-29T01:33:00+00:00","og_image":[{"width":900,"height":514,"url":"https:\/\/www.sonoraenequipo.com.mx\/storage\/2022\/08\/protestas-contra-compania-electrica-en-Puerto-Rico.jpg","type":"image\/jpeg"}],"author":"enequipo","twitter_card":"summary_large_image","twitter_creator":"@sonoraenequipo","twitter_site":"@sonoraenequipo","twitter_misc":{"Escrito por":"enequipo","Tiempo de lectura":"1 minuto"},"schema":{"@context":"https:\/\/schema.org","@graph":[{"@type":"Article","@id":"https:\/\/www.sonoraenequipo.com.mx\/cuatro-policias-heridos-tras-protestas-contra-compania-electrica-en-puerto-rico\/#article","isPartOf":{"@id":"https:\/\/www.sonoraenequipo.com.mx\/cuatro-policias-heridos-tras-protestas-contra-compania-electrica-en-puerto-rico\/"},"author":{"name":"enequipo","@id":"https:\/\/www.sonoraenequipo.com.mx\/#\/schema\/person\/50102df0fb23a8fa9e8effad8fa81386"},"headline":"Cuatro polic\u00edas heridos tras protestas contra compa\u00f1\u00eda el\u00e9ctrica en Puerto Rico","datePublished":"2022-08-28T18:20:28+00:00","dateModified":"2022-08-29T01:33:00+00:00","mainEntityOfPage":{"@id":"https:\/\/www.sonoraenequipo.com.mx\/cuatro-policias-heridos-tras-protestas-contra-compania-electrica-en-puerto-rico\/"},"wordCount":200,"commentCount":0,"publisher":{"@id":"https:\/\/www.sonoraenequipo.com.mx\/#organization"},"articleSection":["MUNDO"],"inLanguage":"es","potentialAction":[{"@type":"CommentAction","name":"Comment","target":["https:\/\/www.sonoraenequipo.com.mx\/cuatro-policias-heridos-tras-protestas-contra-compania-electrica-en-puerto-rico\/#respond"]}]},{"@type":"WebPage","@id":"https:\/\/www.sonoraenequipo.com.mx\/cuatro-policias-heridos-tras-protestas-contra-compania-electrica-en-puerto-rico\/","url":"https:\/\/www.sonoraenequipo.com.mx\/cuatro-policias-heridos-tras-protestas-contra-compania-electrica-en-puerto-rico\/","name":"Sonora en Equipo. Cuatro polic\u00edas heridos tras protestas contra compa\u00f1\u00eda el\u00e9ctrica en Puerto Rico MUNDO","isPartOf":{"@id":"https:\/\/www.sonoraenequipo.com.mx\/#website"},"datePublished":"2022-08-28T18:20:28+00:00","dateModified":"2022-08-29T01:33:00+00:00","description":"SAN JUAN, PUERTO RICO. \u2014 Cuatro polic\u00edas de Puerto Rico resultaron heridos por objetos lanzados por manifestantes en el tercer d\u00eda de protesta en contra En Sonora en Equipo publicamos toda la informaci\u00f3n de Sonora, M\u00e9xico y el Mundo de manera oportuna y busca que la libertad de expresi\u00f3n sea real. Visita nuestro medio informativo publicado desde Hermosillo, Sonora. %","breadcrumb":{"@id":"https:\/\/www.sonoraenequipo.com.mx\/cuatro-policias-heridos-tras-protestas-contra-compania-electrica-en-puerto-rico\/#breadcrumb"},"inLanguage":"es","potentialAction":[{"@type":"ReadAction","target":["https:\/\/www.sonoraenequipo.com.mx\/cuatro-policias-heridos-tras-protestas-contra-compania-electrica-en-puerto-rico\/"]}]},{"@type":"BreadcrumbList","@id":"https:\/\/www.sonoraenequipo.com.mx\/cuatro-policias-heridos-tras-protestas-contra-compania-electrica-en-puerto-rico\/#breadcrumb","itemListElement":[{"@type":"ListItem","position":1,"name":"Portada","item":"https:\/\/www.sonoraenequipo.com.mx\/"},{"@type":"ListItem","position":2,"name":"Cuatro polic\u00edas heridos tras protestas contra compa\u00f1\u00eda el\u00e9ctrica en Puerto Rico"}]},{"@type":"WebSite","@id":"https:\/\/www.sonoraenequipo.com.mx\/#website","url":"https:\/\/www.sonoraenequipo.com.mx\/","name":"Sonora en Equipo.","description":"Diario en l\u00ednea con Noticias desde Hermosillo, Sonora","publisher":{"@id":"https:\/\/www.sonoraenequipo.com.mx\/#organization"},"potentialAction":[{"@type":"SearchAction","target":{"@type":"EntryPoint","urlTemplate":"https:\/\/www.sonoraenequipo.com.mx\/?s={search_term_string}"},"query-input":{"@type":"PropertyValueSpecification","valueRequired":true,"valueName":"search_term_string"}}],"inLanguage":"es"},{"@type":"Organization","@id":"https:\/\/www.sonoraenequipo.com.mx\/#organization","name":"Sonoraenequipo.com.mx","url":"https:\/\/www.sonoraenequipo.com.mx\/","logo":{"@type":"ImageObject","inLanguage":"es","@id":"https:\/\/www.sonoraenequipo.com.mx\/#\/schema\/logo\/image\/","url":"https:\/\/www.sonoraenequipo.com.mx\/storage\/2019\/01\/sonoraenequipo_opt.png","contentUrl":"https:\/\/www.sonoraenequipo.com.mx\/storage\/2019\/01\/sonoraenequipo_opt.png","width":375,"height":125,"caption":"Sonoraenequipo.com.mx"},"image":{"@id":"https:\/\/www.sonoraenequipo.com.mx\/#\/schema\/logo\/image\/"},"sameAs":["https:\/\/www.facebook.com\/SonoraEE\/","https:\/\/x.com\/sonoraenequipo","https:\/\/www.youtube.com\/channel\/UC338nW-lPEYmJQs4ZABQ1SQ"]},{"@type":"Person","@id":"https:\/\/www.sonoraenequipo.com.mx\/#\/schema\/person\/50102df0fb23a8fa9e8effad8fa81386","name":"enequipo","image":{"@type":"ImageObject","inLanguage":"es","@id":"https:\/\/www.sonoraenequipo.com.mx\/#\/schema\/person\/image\/","url":"https:\/\/secure.gravatar.com\/avatar\/049821681b589dabc0bc20695993ccebb09f5b5d4d790cd9251b97faac7c652b?s=96&d=blank&r=g","contentUrl":"https:\/\/secure.gravatar.com\/avatar\/049821681b589dabc0bc20695993ccebb09f5b5d4d790cd9251b97faac7c652b?s=96&d=blank&r=g","caption":"enequipo"},"sameAs":["https:\/\/www.facebook.com\/SonoraEE"]}]}},"jetpack_featured_media_url":"","_links":{"self":[{"href":"https:\/\/www.sonoraenequipo.com.mx\/api\/wp\/v2\/posts\/146004","targetHints":{"allow":["GET"]}}],"collection":[{"href":"https:\/\/www.sonoraenequipo.com.mx\/api\/wp\/v2\/posts"}],"about":[{"href":"https:\/\/www.sonoraenequipo.com.mx\/api\/wp\/v2\/types\/post"}],"author":[{"embeddable":true,"href":"https:\/\/www.sonoraenequipo.com.mx\/api\/wp\/v2\/users\/1"}],"replies":[{"embeddable":true,"href":"https:\/\/www.sonoraenequipo.com.mx\/api\/wp\/v2\/comments?post=146004"}],"version-history":[{"count":1,"href":"https:\/\/www.sonoraenequipo.com.mx\/api\/wp\/v2\/posts\/146004\/revisions"}],"predecessor-version":[{"id":146005,"href":"https:\/\/www.sonoraenequipo.com.mx\/api\/wp\/v2\/posts\/146004\/revisions\/146005"}],"wp:attachment":[{"href":"https:\/\/www.sonoraenequipo.com.mx\/api\/wp\/v2\/media?parent=146004"}],"wp:term":[{"taxonomy":"category","embeddable":true,"href":"https:\/\/www.sonoraenequipo.com.mx\/api\/wp\/v2\/categories?post=146004"},{"taxonomy":"post_tag","embeddable":true,"href":"https:\/\/www.sonoraenequipo.com.mx\/api\/wp\/v2\/tags?post=146004"}],"curies":[{"name":"wp","href":"https:\/\/api.w.org\/{rel}","templated":true}]}}