{"id":146139,"date":"2022-08-30T09:23:15","date_gmt":"2022-08-30T16:23:15","guid":{"rendered":"https:\/\/www.sonoraenequipo.com.mx\/?p=146139"},"modified":"2022-08-30T21:46:50","modified_gmt":"2022-08-31T04:46:50","slug":"gobierno-de-mexico-garantizara-derecho-a-la-salud-por-encima-de-los-desafios-afirma-presidente","status":"publish","type":"post","link":"https:\/\/www.sonoraenequipo.com.mx\/gobierno-de-mexico-garantizara-derecho-a-la-salud-por-encima-de-los-desafios-afirma-presidente\/","title":{"rendered":"Gobierno de M\u00e9xico garantizar\u00e1 derecho a la salud por encima de los desaf\u00edos"},"content":{"rendered":"<p><strong>CIUDAD DE M\u00c9XICO. MX. \u2014 <em>\u201cQueremos garantizar el derecho a la salud en todo el pa\u00eds de manera universal, de calidad y de forma gratuita, que eso es un reto, un desaf\u00edo que logremos levantar el sistema de salud p\u00fablica y lo dejemos como uno de los mejores del mundo. Ese es el desaf\u00edo\u201d,<\/em><\/strong> afirm\u00f3 el presidente Andr\u00e9s Manuel L\u00f3pez Obrador al encabezar la presentaci\u00f3n de avances del Plan de Salud para el Bienestar.<\/p>\n<p>&nbsp;<\/p>\n<p> <\/p>\n<p>&nbsp;<\/p>\n<p>&nbsp;<\/p>\n<p>En conferencia de prensa matutina, el mandatario indic\u00f3 que el Gobierno de M\u00e9xico contin\u00faa trabajando en solucionar problemas estructurales que no se atendieron en sexenios anteriores, como el d\u00e9ficit de m\u00e9dicos especialistas en el pa\u00eds.<\/p>\n<p>&nbsp;<\/p>\n<p><strong>\u201cVamos a lograr el p<\/strong><em><strong>rop\u00f3sito de establecer un verdadero sistema de salud p\u00fablica para que todos los mexicanos tengamos garantizado el derecho a la salud, que no estemos pensando: \u2018Si nos enfermamos, \u00bfc\u00f3mo nos vamos a curar? \u00bfDe d\u00f3nde vamos a sacar el dinero para curarnos? \u00bfC\u00f3mo vamos a comprar las medicinas?\u2019. Eso lo tenemos que dejar resuelto\u201d<\/strong><\/em>, subray\u00f3.<\/p>\n<p>&nbsp;<\/p>\n<p>&nbsp;<\/p>\n<p>&nbsp;<\/p>\n<p>El director general del Instituto Mexicano del Seguro Social, Zo\u00e9 Robledo Aburto, anunci\u00f3 que ma\u00f1ana, 31 de agosto, se publicar\u00e1 el decreto para la creaci\u00f3n del Organismo P\u00fablico Descentralizado IMSS Bienestar.<\/p>\n<p>&nbsp;<\/p>\n<p>&nbsp;<\/p>\n<p><strong><em>\u201cEs la evoluci\u00f3n del programa IMSS Bienestar ahora a un \u00f3rgano p\u00fablico que podr\u00e1 tener muchas m\u00e1s capacidades para levantar el sistema de salud, una instituci\u00f3n no sectorizada con patrimonio propio, autonom\u00eda t\u00e9cnica y, lo m\u00e1s importante, que cuente con infraestructura, equipamiento y profesionales t\u00e9cnicos y auxiliares de la salud del m\u00e1s alto nivel\u201d,<\/em> <\/strong>explic\u00f3.<\/p>\n<p>&nbsp;<\/p>\n<p>&nbsp;<\/p>\n<p>Expuso el reporte de acciones en la materia que se llevan a cabo en Nayarit, Colima y Tlaxcala, as\u00ed como los resultados del diagn\u00f3stico de campo en Guerrero.<\/p>\n<p>&nbsp;<\/p>\n<p>&nbsp;<\/p>\n<p>Nayarit alcanz\u00f3 la cobertura del 100 por ciento en m\u00e9dicos especialistas gracias a las jornadas de contrataci\u00f3n y reclutamiento, as\u00ed como del apoyo del personal de Cuba. El abasto de medicamentos llega al 96 por ciento en recetas surtidas. El proceso de compra de equipo m\u00e9dico avanz\u00f3 en 95 por ciento. En la entidad la inversi\u00f3n alcanza 237.2 millones de pesos.<\/p>\n<p>&nbsp;<\/p>\n<p>En Tlaxcala, la cobertura de m\u00e9dicos especialistas es del 95 por ciento. El abasto total de medicamentos e insumos reporta 91 por ciento. El proceso de compra de equipo m\u00e9dico avanza con un 75 por ciento en primer nivel. Se ejerce una inversi\u00f3n de 157.4 millones de pesos.<\/p>\n<p>&nbsp;<\/p>\n<p>Colima registra 100 por ciento de cobertura en m\u00e9dicos especialistas. El abasto total de medicamentos aument\u00f3 al 90 por ciento. El proceso de compra de equipo m\u00e9dico avanza 25 por ciento en primer nivel. Se realizan las acciones con una asignaci\u00f3n de 130.6 millones de pesos.<\/p>\n<p>&nbsp;<\/p>\n<p>En Guerrero, del 25 de julio al 12 de agosto se diagnosticaron en campo las deficiencias en materia de infraestructura, equipamiento, personal m\u00e9dico y abasto de medicamentos en unidades m\u00e9dicas. El monto de inversi\u00f3n para habilitar este sistema de salud es de 3 mil 851.3 millones de pesos.<\/p>\n<p>&nbsp;<\/p>\n<p>El jefe del Ejecutivo se comprometi\u00f3 a ofrecer desde el Gobierno de la Cuarta Transformaci\u00f3n servicios de salud de primer orden en esa entidad.<\/p>\n<p>&nbsp;<\/p>\n<p>\u201cEst\u00e1 en estado de indefensi\u00f3n la gente en materia de salud; los centros de salud no tienen m\u00e9dicos, no hay medicinas, no hay especialistas. (\u2026) Lo que queremos es que se tenga servicio de primera en todo M\u00e9xico, ese es el prop\u00f3sito\u201d, agreg\u00f3.<\/p>\n<p>COVID-19 suma siete semanas consecutivas de reducci\u00f3n<\/p>\n<p>La enfermedad de COVID-19 en M\u00e9xico acumula siete semanas consecutivas de reducci\u00f3n, dio a conocer el subsecretario de Prevenci\u00f3n y Promoci\u00f3n de la Salud, Hugo L\u00f3pez-Gatell Ram\u00edrez.<\/p>\n<p>\u201cVamos en muy buen paso a los niveles m\u00ednimos que hemos alcanzado en otros periodos interepid\u00e9micos\u201d, coment\u00f3.<\/p>\n<p>&nbsp;<\/p>\n<p>La ocupaci\u00f3n en camas generales baj\u00f3 a 5 por ciento y a 3 por ciento la de camas con ventilador. En tanto, las defunciones muestran una disminuci\u00f3n constante; el promedio diario al 27 de agosto es de un fallecimiento.<\/p>\n<p>&nbsp;<\/p>\n<p>La inmunizaci\u00f3n en ni\u00f1as y ni\u00f1os de 5 a 11 a\u00f1os registra un avance de 44 por ciento; la cobertura de vacunaci\u00f3n es de 82 por ciento en personas de todas las edades; 91 por ciento en adultos de 18 a\u00f1os y m\u00e1s, y 64 por ciento en adolescentes de 12 a 17 a\u00f1os.<\/p>\n<p>&nbsp;<\/p>\n<p>\u201cSiguen activas las unidades de vacunaci\u00f3n para los refuerzos, toda persona que no haya sido vacunada con su tercera dosis en el caso de los esquemas de doble dosis o segunda en los esquemas como Cansino de una sola dosis, es decir, los refuerzos se le invita a que se lo aplique\u201d, acot\u00f3.<\/p>\n<p>&nbsp;<\/p>\n<p>El funcionario invit\u00f3 a participar en el estudio cl\u00ednico fase final de la vacuna Patria contra COVID-19, la cual ha demostrado que es segura, eficaz, genera protecci\u00f3n en humanos y puede utilizarse como refuerzo. Los participantes recibir\u00e1n seguimiento de su estado de salud general a lo largo de un a\u00f1o.<\/p>\n<p>&nbsp;<\/p>\n<p>Inform\u00f3 que del 5 al 30 de septiembre se aplicar\u00e1 la vacuna hexavalente, que protege contra poliomielitis, tos ferina, neumon\u00eda y meningitis, difteria, t\u00e9tanos y hepatitis B.<\/p>\n<p>&nbsp;<\/p>\n<p>La inmunizaci\u00f3n se har\u00e1 en una primera etapa en las fechas se\u00f1aladas y se dar\u00e1 seguimiento del 1\u00b0 de octubre al 25 de noviembre; cerrar\u00e1 hasta el 31 de diciembre. Se estima cubrir a 2.1 millones de ni\u00f1as y ni\u00f1os menores de un a\u00f1o con un esquema de tres dosis.<\/p>\n<p>&nbsp;<\/p>\n<p>La vacunaci\u00f3n contra Papiloma Humano iniciar\u00e1 el 21 de noviembre y cerrar\u00e1 hasta el 31 de diciembre. Esta campa\u00f1a est\u00e1 dirigida a ni\u00f1as de 13 a 14 a\u00f1os o que cursen de 1\u00b0 y 2\u00b0 de secundaria, mujeres cis y trans de 11 a 49 a\u00f1os que vivan con VIH. El esquema de una dosis tiene la meta cubrir a 2.5 millones de personas.<\/p>\n<p>&nbsp;<\/p>\n<p>La campa\u00f1a anual de influenza estacional alcanzar\u00e1 a una poblaci\u00f3n no asegurada de 33.6 millones de personas; incluye a: ni\u00f1as y ni\u00f1os de 6 a 59 meses; personas de 60 a\u00f1os y m\u00e1s; personas de 5 a 59 a\u00f1os con comorbilidades; personal de salud y embarazadas. El esquema de una dosis comenzar\u00e1 el 3 de octubre y terminar\u00e1 el 31 de marzo de 2023.<\/p>\n<p>&nbsp;<\/p>\n<p>&nbsp;<\/p>\n<p>PUBLICADO EL 30\/AGOSTO\/2022 \/ Con informaci\u00f3n de GOBSON ).<\/p>\n","protected":false},"excerpt":{"rendered":"<p>CIUDAD DE M\u00c9XICO. MX. \u2014 \u201cQueremos garantizar el derecho a la salud en todo el&#8230;<\/p>\n","protected":false},"author":1,"featured_media":0,"comment_status":"open","ping_status":"open","sticky":false,"template":"","format":"standard","meta":{"_monsterinsights_skip_tracking":false,"_monsterinsights_sitenote_active":false,"_monsterinsights_sitenote_note":"","_monsterinsights_sitenote_category":0,"footnotes":""},"categories":[5],"tags":[],"class_list":["post"],"yoast_head":" \n<title>Sonora en Equipo. Gobierno de M\u00e9xico garantizar\u00e1 derecho a la salud por encima de los desaf\u00edos<\/title>\n<meta name=\"description\" content=\"CIUDAD DE M\u00c9XICO. MX. \u2014 \u201cQueremos garantizar el derecho a la salud en todo el pa\u00eds de manera universal, de calidad y de forma gratuita, que eso es un En Sonora en Equipo publicamos toda la informaci\u00f3n de Sonora, M\u00e9xico y el Mundo de manera oportuna y busca que la libertad de expresi\u00f3n sea real. Visita nuestro medio informativo publicado desde Hermosillo, Sonora. %\" \/>\n<meta name=\"robots\" content=\"index, follow, max-snippet:-1, max-image-preview:large, max-video-preview:-1\" \/>\n<link rel=\"canonical\" href=\"https:\/\/www.sonoraenequipo.com.mx\/gobierno-de-mexico-garantizara-derecho-a-la-salud-por-encima-de-los-desafios-afirma-presidente\/\" \/>\n<meta property=\"og:locale\" content=\"es_ES\" \/>\n<meta property=\"og:type\" content=\"article\" \/>\n<meta property=\"og:title\" content=\"Sonora en Equipo. Gobierno de M\u00e9xico garantizar\u00e1 derecho a la salud por encima de los desaf\u00edos\" \/>\n<meta property=\"og:description\" content=\"CIUDAD DE M\u00c9XICO. MX. \u2014 \u201cQueremos garantizar el derecho a la salud en todo el pa\u00eds de manera universal, de calidad y de forma gratuita, que eso es un En Sonora en Equipo publicamos toda la informaci\u00f3n de Sonora, M\u00e9xico y el Mundo de manera oportuna y busca que la libertad de expresi\u00f3n sea real. Visita nuestro medio informativo publicado desde Hermosillo, Sonora. %\" \/>\n<meta property=\"og:url\" content=\"https:\/\/www.sonoraenequipo.com.mx\/gobierno-de-mexico-garantizara-derecho-a-la-salud-por-encima-de-los-desafios-afirma-presidente\/\" \/>\n<meta property=\"og:site_name\" content=\"Sonora en Equipo.\" \/>\n<meta property=\"article:publisher\" content=\"https:\/\/www.facebook.com\/SonoraEE\/\" \/>\n<meta property=\"article:author\" content=\"https:\/\/www.facebook.com\/SonoraEE\" \/>\n<meta property=\"article:published_time\" content=\"2022-08-30T16:23:15+00:00\" \/>\n<meta property=\"article:modified_time\" content=\"2022-08-31T04:46:50+00:00\" \/>\n<meta property=\"og:image\" content=\"https:\/\/www.sonoraenequipo.com.mx\/storage\/2022\/08\/sec-de-salud.jpg\" \/>\n\t<meta property=\"og:image:width\" content=\"900\" \/>\n\t<meta property=\"og:image:height\" content=\"514\" \/>\n\t<meta property=\"og:image:type\" content=\"image\/jpeg\" \/>\n<meta name=\"author\" content=\"enequipo\" \/>\n<meta name=\"twitter:card\" content=\"summary_large_image\" \/>\n<meta name=\"twitter:creator\" content=\"@sonoraenequipo\" \/>\n<meta name=\"twitter:site\" content=\"@sonoraenequipo\" \/>\n<meta name=\"twitter:label1\" content=\"Escrito por\" \/>\n\t<meta name=\"twitter:data1\" content=\"enequipo\" \/>\n\t<meta name=\"twitter:label2\" content=\"Tiempo de lectura\" \/>\n\t<meta name=\"twitter:data2\" content=\"5 minutos\" \/>\n<script type=\"application\/ld+json\" class=\"yoast-schema-graph\">{\"@context\":\"https:\/\/schema.org\",\"@graph\":[{\"@type\":\"Article\",\"@id\":\"https:\/\/www.sonoraenequipo.com.mx\/gobierno-de-mexico-garantizara-derecho-a-la-salud-por-encima-de-los-desafios-afirma-presidente\/#article\",\"isPartOf\":{\"@id\":\"https:\/\/www.sonoraenequipo.com.mx\/gobierno-de-mexico-garantizara-derecho-a-la-salud-por-encima-de-los-desafios-afirma-presidente\/\"},\"author\":{\"name\":\"enequipo\",\"@id\":\"https:\/\/www.sonoraenequipo.com.mx\/#\/schema\/person\/50102df0fb23a8fa9e8effad8fa81386\"},\"headline\":\"Gobierno de M\u00e9xico garantizar\u00e1 derecho a la salud por encima de los desaf\u00edos\",\"datePublished\":\"2022-08-30T16:23:15+00:00\",\"dateModified\":\"2022-08-31T04:46:50+00:00\",\"mainEntityOfPage\":{\"@id\":\"https:\/\/www.sonoraenequipo.com.mx\/gobierno-de-mexico-garantizara-derecho-a-la-salud-por-encima-de-los-desafios-afirma-presidente\/\"},\"wordCount\":1093,\"commentCount\":0,\"publisher\":{\"@id\":\"https:\/\/www.sonoraenequipo.com.mx\/#organization\"},\"articleSection\":[\"Rep\u00fablica\"],\"inLanguage\":\"es\",\"potentialAction\":[{\"@type\":\"CommentAction\",\"name\":\"Comment\",\"target\":[\"https:\/\/www.sonoraenequipo.com.mx\/gobierno-de-mexico-garantizara-derecho-a-la-salud-por-encima-de-los-desafios-afirma-presidente\/#respond\"]}]},{\"@type\":\"WebPage\",\"@id\":\"https:\/\/www.sonoraenequipo.com.mx\/gobierno-de-mexico-garantizara-derecho-a-la-salud-por-encima-de-los-desafios-afirma-presidente\/\",\"url\":\"https:\/\/www.sonoraenequipo.com.mx\/gobierno-de-mexico-garantizara-derecho-a-la-salud-por-encima-de-los-desafios-afirma-presidente\/\",\"name\":\"Sonora en Equipo. Gobierno de M\u00e9xico garantizar\u00e1 derecho a la salud por encima de los desaf\u00edos\",\"isPartOf\":{\"@id\":\"https:\/\/www.sonoraenequipo.com.mx\/#website\"},\"datePublished\":\"2022-08-30T16:23:15+00:00\",\"dateModified\":\"2022-08-31T04:46:50+00:00\",\"description\":\"CIUDAD DE M\u00c9XICO. MX. \u2014 \u201cQueremos garantizar el derecho a la salud en todo el pa\u00eds de manera universal, de calidad y de forma gratuita, que eso es un En Sonora en Equipo publicamos toda la informaci\u00f3n de Sonora, M\u00e9xico y el Mundo de manera oportuna y busca que la libertad de expresi\u00f3n sea real. Visita nuestro medio informativo publicado desde Hermosillo, Sonora. %\",\"breadcrumb\":{\"@id\":\"https:\/\/www.sonoraenequipo.com.mx\/gobierno-de-mexico-garantizara-derecho-a-la-salud-por-encima-de-los-desafios-afirma-presidente\/#breadcrumb\"},\"inLanguage\":\"es\",\"potentialAction\":[{\"@type\":\"ReadAction\",\"target\":[\"https:\/\/www.sonoraenequipo.com.mx\/gobierno-de-mexico-garantizara-derecho-a-la-salud-por-encima-de-los-desafios-afirma-presidente\/\"]}]},{\"@type\":\"BreadcrumbList\",\"@id\":\"https:\/\/www.sonoraenequipo.com.mx\/gobierno-de-mexico-garantizara-derecho-a-la-salud-por-encima-de-los-desafios-afirma-presidente\/#breadcrumb\",\"itemListElement\":[{\"@type\":\"ListItem\",\"position\":1,\"name\":\"Portada\",\"item\":\"https:\/\/www.sonoraenequipo.com.mx\/\"},{\"@type\":\"ListItem\",\"position\":2,\"name\":\"Gobierno de M\u00e9xico garantizar\u00e1 derecho a la salud por encima de los desaf\u00edos\"}]},{\"@type\":\"WebSite\",\"@id\":\"https:\/\/www.sonoraenequipo.com.mx\/#website\",\"url\":\"https:\/\/www.sonoraenequipo.com.mx\/\",\"name\":\"Sonora en Equipo.\",\"description\":\"Diario en l\u00ednea con Noticias desde Hermosillo, Sonora\",\"publisher\":{\"@id\":\"https:\/\/www.sonoraenequipo.com.mx\/#organization\"},\"potentialAction\":[{\"@type\":\"SearchAction\",\"target\":{\"@type\":\"EntryPoint\",\"urlTemplate\":\"https:\/\/www.sonoraenequipo.com.mx\/?s={search_term_string}\"},\"query-input\":{\"@type\":\"PropertyValueSpecification\",\"valueRequired\":true,\"valueName\":\"search_term_string\"}}],\"inLanguage\":\"es\"},{\"@type\":\"Organization\",\"@id\":\"https:\/\/www.sonoraenequipo.com.mx\/#organization\",\"name\":\"Sonoraenequipo.com.mx\",\"url\":\"https:\/\/www.sonoraenequipo.com.mx\/\",\"logo\":{\"@type\":\"ImageObject\",\"inLanguage\":\"es\",\"@id\":\"https:\/\/www.sonoraenequipo.com.mx\/#\/schema\/logo\/image\/\",\"url\":\"https:\/\/www.sonoraenequipo.com.mx\/storage\/2019\/01\/sonoraenequipo_opt.png\",\"contentUrl\":\"https:\/\/www.sonoraenequipo.com.mx\/storage\/2019\/01\/sonoraenequipo_opt.png\",\"width\":375,\"height\":125,\"caption\":\"Sonoraenequipo.com.mx\"},\"image\":{\"@id\":\"https:\/\/www.sonoraenequipo.com.mx\/#\/schema\/logo\/image\/\"},\"sameAs\":[\"https:\/\/www.facebook.com\/SonoraEE\/\",\"https:\/\/x.com\/sonoraenequipo\",\"https:\/\/www.youtube.com\/channel\/UC338nW-lPEYmJQs4ZABQ1SQ\"]},{\"@type\":\"Person\",\"@id\":\"https:\/\/www.sonoraenequipo.com.mx\/#\/schema\/person\/50102df0fb23a8fa9e8effad8fa81386\",\"name\":\"enequipo\",\"image\":{\"@type\":\"ImageObject\",\"inLanguage\":\"es\",\"@id\":\"https:\/\/www.sonoraenequipo.com.mx\/#\/schema\/person\/image\/\",\"url\":\"https:\/\/secure.gravatar.com\/avatar\/049821681b589dabc0bc20695993ccebb09f5b5d4d790cd9251b97faac7c652b?s=96&d=blank&r=g\",\"contentUrl\":\"https:\/\/secure.gravatar.com\/avatar\/049821681b589dabc0bc20695993ccebb09f5b5d4d790cd9251b97faac7c652b?s=96&d=blank&r=g\",\"caption\":\"enequipo\"},\"sameAs\":[\"https:\/\/www.facebook.com\/SonoraEE\"]}]}<\/script>\n ","yoast_head_json":{"title":"Sonora en Equipo. Gobierno de M\u00e9xico garantizar\u00e1 derecho a la salud por encima de los desaf\u00edos","description":"CIUDAD DE M\u00c9XICO. MX. \u2014 \u201cQueremos garantizar el derecho a la salud en todo el pa\u00eds de manera universal, de calidad y de forma gratuita, que eso es un En Sonora en Equipo publicamos toda la informaci\u00f3n de Sonora, M\u00e9xico y el Mundo de manera oportuna y busca que la libertad de expresi\u00f3n sea real. Visita nuestro medio informativo publicado desde Hermosillo, Sonora. %","robots":{"index":"index","follow":"follow","max-snippet":"max-snippet:-1","max-image-preview":"max-image-preview:large","max-video-preview":"max-video-preview:-1"},"canonical":"https:\/\/www.sonoraenequipo.com.mx\/gobierno-de-mexico-garantizara-derecho-a-la-salud-por-encima-de-los-desafios-afirma-presidente\/","og_locale":"es_ES","og_type":"article","og_title":"Sonora en Equipo. Gobierno de M\u00e9xico garantizar\u00e1 derecho a la salud por encima de los desaf\u00edos","og_description":"CIUDAD DE M\u00c9XICO. MX. \u2014 \u201cQueremos garantizar el derecho a la salud en todo el pa\u00eds de manera universal, de calidad y de forma gratuita, que eso es un En Sonora en Equipo publicamos toda la informaci\u00f3n de Sonora, M\u00e9xico y el Mundo de manera oportuna y busca que la libertad de expresi\u00f3n sea real. Visita nuestro medio informativo publicado desde Hermosillo, Sonora. %","og_url":"https:\/\/www.sonoraenequipo.com.mx\/gobierno-de-mexico-garantizara-derecho-a-la-salud-por-encima-de-los-desafios-afirma-presidente\/","og_site_name":"Sonora en Equipo.","article_publisher":"https:\/\/www.facebook.com\/SonoraEE\/","article_author":"https:\/\/www.facebook.com\/SonoraEE","article_published_time":"2022-08-30T16:23:15+00:00","article_modified_time":"2022-08-31T04:46:50+00:00","og_image":[{"width":900,"height":514,"url":"https:\/\/www.sonoraenequipo.com.mx\/storage\/2022\/08\/sec-de-salud.jpg","type":"image\/jpeg"}],"author":"enequipo","twitter_card":"summary_large_image","twitter_creator":"@sonoraenequipo","twitter_site":"@sonoraenequipo","twitter_misc":{"Escrito por":"enequipo","Tiempo de lectura":"5 minutos"},"schema":{"@context":"https:\/\/schema.org","@graph":[{"@type":"Article","@id":"https:\/\/www.sonoraenequipo.com.mx\/gobierno-de-mexico-garantizara-derecho-a-la-salud-por-encima-de-los-desafios-afirma-presidente\/#article","isPartOf":{"@id":"https:\/\/www.sonoraenequipo.com.mx\/gobierno-de-mexico-garantizara-derecho-a-la-salud-por-encima-de-los-desafios-afirma-presidente\/"},"author":{"name":"enequipo","@id":"https:\/\/www.sonoraenequipo.com.mx\/#\/schema\/person\/50102df0fb23a8fa9e8effad8fa81386"},"headline":"Gobierno de M\u00e9xico garantizar\u00e1 derecho a la salud por encima de los desaf\u00edos","datePublished":"2022-08-30T16:23:15+00:00","dateModified":"2022-08-31T04:46:50+00:00","mainEntityOfPage":{"@id":"https:\/\/www.sonoraenequipo.com.mx\/gobierno-de-mexico-garantizara-derecho-a-la-salud-por-encima-de-los-desafios-afirma-presidente\/"},"wordCount":1093,"commentCount":0,"publisher":{"@id":"https:\/\/www.sonoraenequipo.com.mx\/#organization"},"articleSection":["Rep\u00fablica"],"inLanguage":"es","potentialAction":[{"@type":"CommentAction","name":"Comment","target":["https:\/\/www.sonoraenequipo.com.mx\/gobierno-de-mexico-garantizara-derecho-a-la-salud-por-encima-de-los-desafios-afirma-presidente\/#respond"]}]},{"@type":"WebPage","@id":"https:\/\/www.sonoraenequipo.com.mx\/gobierno-de-mexico-garantizara-derecho-a-la-salud-por-encima-de-los-desafios-afirma-presidente\/","url":"https:\/\/www.sonoraenequipo.com.mx\/gobierno-de-mexico-garantizara-derecho-a-la-salud-por-encima-de-los-desafios-afirma-presidente\/","name":"Sonora en Equipo. Gobierno de M\u00e9xico garantizar\u00e1 derecho a la salud por encima de los desaf\u00edos","isPartOf":{"@id":"https:\/\/www.sonoraenequipo.com.mx\/#website"},"datePublished":"2022-08-30T16:23:15+00:00","dateModified":"2022-08-31T04:46:50+00:00","description":"CIUDAD DE M\u00c9XICO. MX. \u2014 \u201cQueremos garantizar el derecho a la salud en todo el pa\u00eds de manera universal, de calidad y de forma gratuita, que eso es un En Sonora en Equipo publicamos toda la informaci\u00f3n de Sonora, M\u00e9xico y el Mundo de manera oportuna y busca que la libertad de expresi\u00f3n sea real. Visita nuestro medio informativo publicado desde Hermosillo, Sonora. %","breadcrumb":{"@id":"https:\/\/www.sonoraenequipo.com.mx\/gobierno-de-mexico-garantizara-derecho-a-la-salud-por-encima-de-los-desafios-afirma-presidente\/#breadcrumb"},"inLanguage":"es","potentialAction":[{"@type":"ReadAction","target":["https:\/\/www.sonoraenequipo.com.mx\/gobierno-de-mexico-garantizara-derecho-a-la-salud-por-encima-de-los-desafios-afirma-presidente\/"]}]},{"@type":"BreadcrumbList","@id":"https:\/\/www.sonoraenequipo.com.mx\/gobierno-de-mexico-garantizara-derecho-a-la-salud-por-encima-de-los-desafios-afirma-presidente\/#breadcrumb","itemListElement":[{"@type":"ListItem","position":1,"name":"Portada","item":"https:\/\/www.sonoraenequipo.com.mx\/"},{"@type":"ListItem","position":2,"name":"Gobierno de M\u00e9xico garantizar\u00e1 derecho a la salud por encima de los desaf\u00edos"}]},{"@type":"WebSite","@id":"https:\/\/www.sonoraenequipo.com.mx\/#website","url":"https:\/\/www.sonoraenequipo.com.mx\/","name":"Sonora en Equipo.","description":"Diario en l\u00ednea con Noticias desde Hermosillo, Sonora","publisher":{"@id":"https:\/\/www.sonoraenequipo.com.mx\/#organization"},"potentialAction":[{"@type":"SearchAction","target":{"@type":"EntryPoint","urlTemplate":"https:\/\/www.sonoraenequipo.com.mx\/?s={search_term_string}"},"query-input":{"@type":"PropertyValueSpecification","valueRequired":true,"valueName":"search_term_string"}}],"inLanguage":"es"},{"@type":"Organization","@id":"https:\/\/www.sonoraenequipo.com.mx\/#organization","name":"Sonoraenequipo.com.mx","url":"https:\/\/www.sonoraenequipo.com.mx\/","logo":{"@type":"ImageObject","inLanguage":"es","@id":"https:\/\/www.sonoraenequipo.com.mx\/#\/schema\/logo\/image\/","url":"https:\/\/www.sonoraenequipo.com.mx\/storage\/2019\/01\/sonoraenequipo_opt.png","contentUrl":"https:\/\/www.sonoraenequipo.com.mx\/storage\/2019\/01\/sonoraenequipo_opt.png","width":375,"height":125,"caption":"Sonoraenequipo.com.mx"},"image":{"@id":"https:\/\/www.sonoraenequipo.com.mx\/#\/schema\/logo\/image\/"},"sameAs":["https:\/\/www.facebook.com\/SonoraEE\/","https:\/\/x.com\/sonoraenequipo","https:\/\/www.youtube.com\/channel\/UC338nW-lPEYmJQs4ZABQ1SQ"]},{"@type":"Person","@id":"https:\/\/www.sonoraenequipo.com.mx\/#\/schema\/person\/50102df0fb23a8fa9e8effad8fa81386","name":"enequipo","image":{"@type":"ImageObject","inLanguage":"es","@id":"https:\/\/www.sonoraenequipo.com.mx\/#\/schema\/person\/image\/","url":"https:\/\/secure.gravatar.com\/avatar\/049821681b589dabc0bc20695993ccebb09f5b5d4d790cd9251b97faac7c652b?s=96&d=blank&r=g","contentUrl":"https:\/\/secure.gravatar.com\/avatar\/049821681b589dabc0bc20695993ccebb09f5b5d4d790cd9251b97faac7c652b?s=96&d=blank&r=g","caption":"enequipo"},"sameAs":["https:\/\/www.facebook.com\/SonoraEE"]}]}},"jetpack_featured_media_url":"","_links":{"self":[{"href":"https:\/\/www.sonoraenequipo.com.mx\/api\/wp\/v2\/posts\/146139","targetHints":{"allow":["GET"]}}],"collection":[{"href":"https:\/\/www.sonoraenequipo.com.mx\/api\/wp\/v2\/posts"}],"about":[{"href":"https:\/\/www.sonoraenequipo.com.mx\/api\/wp\/v2\/types\/post"}],"author":[{"embeddable":true,"href":"https:\/\/www.sonoraenequipo.com.mx\/api\/wp\/v2\/users\/1"}],"replies":[{"embeddable":true,"href":"https:\/\/www.sonoraenequipo.com.mx\/api\/wp\/v2\/comments?post=146139"}],"version-history":[{"count":3,"href":"https:\/\/www.sonoraenequipo.com.mx\/api\/wp\/v2\/posts\/146139\/revisions"}],"predecessor-version":[{"id":146168,"href":"https:\/\/www.sonoraenequipo.com.mx\/api\/wp\/v2\/posts\/146139\/revisions\/146168"}],"wp:attachment":[{"href":"https:\/\/www.sonoraenequipo.com.mx\/api\/wp\/v2\/media?parent=146139"}],"wp:term":[{"taxonomy":"category","embeddable":true,"href":"https:\/\/www.sonoraenequipo.com.mx\/api\/wp\/v2\/categories?post=146139"},{"taxonomy":"post_tag","embeddable":true,"href":"https:\/\/www.sonoraenequipo.com.mx\/api\/wp\/v2\/tags?post=146139"}],"curies":[{"name":"wp","href":"https:\/\/api.w.org\/{rel}","templated":true}]}}