{"id":146169,"date":"2022-08-30T10:30:47","date_gmt":"2022-08-30T17:30:47","guid":{"rendered":"https:\/\/www.sonoraenequipo.com.mx\/?p=146169"},"modified":"2022-08-30T22:01:53","modified_gmt":"2022-08-31T05:01:53","slug":"anuncia-hugo-lopez-gatell-campana-de-vacunacion-contra-influenzavph-y-polio","status":"publish","type":"post","link":"https:\/\/www.sonoraenequipo.com.mx\/anuncia-hugo-lopez-gatell-campana-de-vacunacion-contra-influenzavph-y-polio\/","title":{"rendered":"Anuncia Hugo L\u00f3pez Gatell campa\u00f1a de vacunaci\u00f3n contra influenza,VPH y polio"},"content":{"rendered":"<p><strong>CIUDAD DE M\u00c9XICO. MX. \u2014<\/strong> Hugo L\u00f3pez-Gatell, subsecretario de Prevenci\u00f3n y Promoci\u00f3n de la Salud, anunci\u00f3 hoy, 30 de agosto de 2022, una campa\u00f1a de vacunaci\u00f3n contra la influenza, VPH, poliomielitis y otras enfermedades.<\/p>\n<p>&nbsp;<\/p>\n<p> <\/p>\n<p>&nbsp;<\/p>\n<p>Durante la conferencia ma\u00f1anera del presidente Andr\u00e9s Manuel L\u00f3pez Obrador (AMLO), el subsecretario de Salud dijo que se har\u00e1 una campa\u00f1a de recuperaci\u00f3n de coberturas para la vacunaci\u00f3n de ni\u00f1os y ni\u00f1as de primer a\u00f1o de vida con la hexavalente.<\/p>\n<p>&nbsp;<\/p>\n<p>El subsecretario de Salud coment\u00f3 que se estar\u00e1n aplicando las vacunas del 5 al 30 de septiembre con una fase intensiva, mientras que del primero de octubre a final de noviembre se aplicar\u00e1 una fase de seguimiento y se cerrar\u00e1 a final de a\u00f1o.<\/p>\n<p>&nbsp;<\/p>\n<p><strong>\u201cSe estar\u00e1n vacunando a 2.1 millones de ni\u00f1as y ni\u00f1os, adem\u00e1s de la poliomielitis, la vacuna protege de la neumon\u00eda, tosferina, t\u00e9tanos, as\u00ed como el virus de la hepatitis B\u201d<\/strong>, coment\u00f3 Gatell.<\/p>\n<p>&nbsp;<\/p>\n<p>L\u00f3pez-Gatell destac\u00f3 que la pandemia trajo consigo una reducci\u00f3n de acceso a vacunas, sin embargo, se debe de responder a esto y hacer una recuperaci\u00f3n de coberturas.<\/p>\n<p>&nbsp;<\/p>\n<p>El subsecretario de Salud anunci\u00f3 una segunda campa\u00f1a de vacunaci\u00f3n contra el Virus del Papiloma Humano (VPH), que se aplicar\u00e1 a ni\u00f1as de 13 y 14 a\u00f1os de edad, del 21 de noviembre al 31 de diciembre.<\/p>\n<p>&nbsp;<\/p>\n<p><strong><em>\u201cSe aplicar\u00e1 a ni\u00f1as de 13 y 14 a\u00f1os o que cursen primero y segundo de secundaria. La meta es vacunar a 2.5 millones de ni\u00f1as. Tambi\u00e9n se vacunar\u00e1 a mujeres de 11 a 49 a\u00f1os que vivan con VIH\u201d,<\/em> <\/strong>puntualiz\u00f3 L\u00f3pez-Gatell.<\/p>\n<p>&nbsp;<\/p>\n<p>&nbsp;<\/p>\n<p>PUBLICADO EL 30\/AGOSTO\/2022 \/ Con informaci\u00f3n de GOBSON ).<\/p>\n","protected":false},"excerpt":{"rendered":"<p>CIUDAD DE M\u00c9XICO. MX. \u2014 Hugo L\u00f3pez-Gatell, subsecretario de Prevenci\u00f3n y Promoci\u00f3n de la Salud,&#8230;<\/p>\n","protected":false},"author":1,"featured_media":0,"comment_status":"open","ping_status":"open","sticky":false,"template":"","format":"standard","meta":{"_monsterinsights_skip_tracking":false,"_monsterinsights_sitenote_active":false,"_monsterinsights_sitenote_note":"","_monsterinsights_sitenote_category":0,"footnotes":""},"categories":[22],"tags":[],"class_list":["post"],"yoast_head":" \n<title>Sonora en Equipo. Anuncia Hugo L\u00f3pez Gatell campa\u00f1a de vacunaci\u00f3n contra influenza,VPH y polio Sonora<\/title>\n<meta name=\"description\" content=\"CIUDAD DE M\u00c9XICO. MX. \u2014 Hugo L\u00f3pez-Gatell, subsecretario de Prevenci\u00f3n y Promoci\u00f3n de la Salud, anunci\u00f3 hoy, 30 de agosto de 2022, una campa\u00f1a de En Sonora en Equipo publicamos toda la informaci\u00f3n de Sonora, M\u00e9xico y el Mundo de manera oportuna y busca que la libertad de expresi\u00f3n sea real. Visita nuestro medio informativo publicado desde Hermosillo, Sonora. %\" \/>\n<meta name=\"robots\" content=\"index, follow, max-snippet:-1, max-image-preview:large, max-video-preview:-1\" \/>\n<link rel=\"canonical\" href=\"https:\/\/www.sonoraenequipo.com.mx\/anuncia-hugo-lopez-gatell-campana-de-vacunacion-contra-influenzavph-y-polio\/\" \/>\n<meta property=\"og:locale\" content=\"es_ES\" \/>\n<meta property=\"og:type\" content=\"article\" \/>\n<meta property=\"og:title\" content=\"Sonora en Equipo. Anuncia Hugo L\u00f3pez Gatell campa\u00f1a de vacunaci\u00f3n contra influenza,VPH y polio Sonora\" \/>\n<meta property=\"og:description\" content=\"CIUDAD DE M\u00c9XICO. MX. \u2014 Hugo L\u00f3pez-Gatell, subsecretario de Prevenci\u00f3n y Promoci\u00f3n de la Salud, anunci\u00f3 hoy, 30 de agosto de 2022, una campa\u00f1a de En Sonora en Equipo publicamos toda la informaci\u00f3n de Sonora, M\u00e9xico y el Mundo de manera oportuna y busca que la libertad de expresi\u00f3n sea real. Visita nuestro medio informativo publicado desde Hermosillo, Sonora. %\" \/>\n<meta property=\"og:url\" content=\"https:\/\/www.sonoraenequipo.com.mx\/anuncia-hugo-lopez-gatell-campana-de-vacunacion-contra-influenzavph-y-polio\/\" \/>\n<meta property=\"og:site_name\" content=\"Sonora en Equipo.\" \/>\n<meta property=\"article:publisher\" content=\"https:\/\/www.facebook.com\/SonoraEE\/\" \/>\n<meta property=\"article:author\" content=\"https:\/\/www.facebook.com\/SonoraEE\" \/>\n<meta property=\"article:published_time\" content=\"2022-08-30T17:30:47+00:00\" \/>\n<meta property=\"article:modified_time\" content=\"2022-08-31T05:01:53+00:00\" \/>\n<meta property=\"og:image\" content=\"https:\/\/www.sonoraenequipo.com.mx\/storage\/2022\/08\/hugo-lopez-gatell..jpg\" \/>\n\t<meta property=\"og:image:width\" content=\"900\" \/>\n\t<meta property=\"og:image:height\" content=\"514\" \/>\n\t<meta property=\"og:image:type\" content=\"image\/jpeg\" \/>\n<meta name=\"author\" content=\"enequipo\" \/>\n<meta name=\"twitter:card\" content=\"summary_large_image\" \/>\n<meta name=\"twitter:creator\" content=\"@sonoraenequipo\" \/>\n<meta name=\"twitter:site\" content=\"@sonoraenequipo\" \/>\n<meta name=\"twitter:label1\" content=\"Escrito por\" \/>\n\t<meta name=\"twitter:data1\" content=\"enequipo\" \/>\n\t<meta name=\"twitter:label2\" content=\"Tiempo de lectura\" \/>\n\t<meta name=\"twitter:data2\" content=\"1 minuto\" \/>\n<script type=\"application\/ld+json\" class=\"yoast-schema-graph\">{\"@context\":\"https:\/\/schema.org\",\"@graph\":[{\"@type\":\"Article\",\"@id\":\"https:\/\/www.sonoraenequipo.com.mx\/anuncia-hugo-lopez-gatell-campana-de-vacunacion-contra-influenzavph-y-polio\/#article\",\"isPartOf\":{\"@id\":\"https:\/\/www.sonoraenequipo.com.mx\/anuncia-hugo-lopez-gatell-campana-de-vacunacion-contra-influenzavph-y-polio\/\"},\"author\":{\"name\":\"enequipo\",\"@id\":\"https:\/\/www.sonoraenequipo.com.mx\/#\/schema\/person\/50102df0fb23a8fa9e8effad8fa81386\"},\"headline\":\"Anuncia Hugo L\u00f3pez Gatell campa\u00f1a de vacunaci\u00f3n contra influenza,VPH y polio\",\"datePublished\":\"2022-08-30T17:30:47+00:00\",\"dateModified\":\"2022-08-31T05:01:53+00:00\",\"mainEntityOfPage\":{\"@id\":\"https:\/\/www.sonoraenequipo.com.mx\/anuncia-hugo-lopez-gatell-campana-de-vacunacion-contra-influenzavph-y-polio\/\"},\"wordCount\":309,\"commentCount\":0,\"publisher\":{\"@id\":\"https:\/\/www.sonoraenequipo.com.mx\/#organization\"},\"articleSection\":[\"Sonora\"],\"inLanguage\":\"es\",\"potentialAction\":[{\"@type\":\"CommentAction\",\"name\":\"Comment\",\"target\":[\"https:\/\/www.sonoraenequipo.com.mx\/anuncia-hugo-lopez-gatell-campana-de-vacunacion-contra-influenzavph-y-polio\/#respond\"]}]},{\"@type\":\"WebPage\",\"@id\":\"https:\/\/www.sonoraenequipo.com.mx\/anuncia-hugo-lopez-gatell-campana-de-vacunacion-contra-influenzavph-y-polio\/\",\"url\":\"https:\/\/www.sonoraenequipo.com.mx\/anuncia-hugo-lopez-gatell-campana-de-vacunacion-contra-influenzavph-y-polio\/\",\"name\":\"Sonora en Equipo. Anuncia Hugo L\u00f3pez Gatell campa\u00f1a de vacunaci\u00f3n contra influenza,VPH y polio Sonora\",\"isPartOf\":{\"@id\":\"https:\/\/www.sonoraenequipo.com.mx\/#website\"},\"datePublished\":\"2022-08-30T17:30:47+00:00\",\"dateModified\":\"2022-08-31T05:01:53+00:00\",\"description\":\"CIUDAD DE M\u00c9XICO. MX. \u2014 Hugo L\u00f3pez-Gatell, subsecretario de Prevenci\u00f3n y Promoci\u00f3n de la Salud, anunci\u00f3 hoy, 30 de agosto de 2022, una campa\u00f1a de En Sonora en Equipo publicamos toda la informaci\u00f3n de Sonora, M\u00e9xico y el Mundo de manera oportuna y busca que la libertad de expresi\u00f3n sea real. Visita nuestro medio informativo publicado desde Hermosillo, Sonora. %\",\"breadcrumb\":{\"@id\":\"https:\/\/www.sonoraenequipo.com.mx\/anuncia-hugo-lopez-gatell-campana-de-vacunacion-contra-influenzavph-y-polio\/#breadcrumb\"},\"inLanguage\":\"es\",\"potentialAction\":[{\"@type\":\"ReadAction\",\"target\":[\"https:\/\/www.sonoraenequipo.com.mx\/anuncia-hugo-lopez-gatell-campana-de-vacunacion-contra-influenzavph-y-polio\/\"]}]},{\"@type\":\"BreadcrumbList\",\"@id\":\"https:\/\/www.sonoraenequipo.com.mx\/anuncia-hugo-lopez-gatell-campana-de-vacunacion-contra-influenzavph-y-polio\/#breadcrumb\",\"itemListElement\":[{\"@type\":\"ListItem\",\"position\":1,\"name\":\"Portada\",\"item\":\"https:\/\/www.sonoraenequipo.com.mx\/\"},{\"@type\":\"ListItem\",\"position\":2,\"name\":\"Anuncia Hugo L\u00f3pez Gatell campa\u00f1a de vacunaci\u00f3n contra influenza,VPH y polio\"}]},{\"@type\":\"WebSite\",\"@id\":\"https:\/\/www.sonoraenequipo.com.mx\/#website\",\"url\":\"https:\/\/www.sonoraenequipo.com.mx\/\",\"name\":\"Sonora en Equipo.\",\"description\":\"Diario en l\u00ednea con Noticias desde Hermosillo, Sonora\",\"publisher\":{\"@id\":\"https:\/\/www.sonoraenequipo.com.mx\/#organization\"},\"potentialAction\":[{\"@type\":\"SearchAction\",\"target\":{\"@type\":\"EntryPoint\",\"urlTemplate\":\"https:\/\/www.sonoraenequipo.com.mx\/?s={search_term_string}\"},\"query-input\":{\"@type\":\"PropertyValueSpecification\",\"valueRequired\":true,\"valueName\":\"search_term_string\"}}],\"inLanguage\":\"es\"},{\"@type\":\"Organization\",\"@id\":\"https:\/\/www.sonoraenequipo.com.mx\/#organization\",\"name\":\"Sonoraenequipo.com.mx\",\"url\":\"https:\/\/www.sonoraenequipo.com.mx\/\",\"logo\":{\"@type\":\"ImageObject\",\"inLanguage\":\"es\",\"@id\":\"https:\/\/www.sonoraenequipo.com.mx\/#\/schema\/logo\/image\/\",\"url\":\"https:\/\/www.sonoraenequipo.com.mx\/storage\/2019\/01\/sonoraenequipo_opt.png\",\"contentUrl\":\"https:\/\/www.sonoraenequipo.com.mx\/storage\/2019\/01\/sonoraenequipo_opt.png\",\"width\":375,\"height\":125,\"caption\":\"Sonoraenequipo.com.mx\"},\"image\":{\"@id\":\"https:\/\/www.sonoraenequipo.com.mx\/#\/schema\/logo\/image\/\"},\"sameAs\":[\"https:\/\/www.facebook.com\/SonoraEE\/\",\"https:\/\/x.com\/sonoraenequipo\",\"https:\/\/www.youtube.com\/channel\/UC338nW-lPEYmJQs4ZABQ1SQ\"]},{\"@type\":\"Person\",\"@id\":\"https:\/\/www.sonoraenequipo.com.mx\/#\/schema\/person\/50102df0fb23a8fa9e8effad8fa81386\",\"name\":\"enequipo\",\"image\":{\"@type\":\"ImageObject\",\"inLanguage\":\"es\",\"@id\":\"https:\/\/www.sonoraenequipo.com.mx\/#\/schema\/person\/image\/\",\"url\":\"https:\/\/secure.gravatar.com\/avatar\/049821681b589dabc0bc20695993ccebb09f5b5d4d790cd9251b97faac7c652b?s=96&d=blank&r=g\",\"contentUrl\":\"https:\/\/secure.gravatar.com\/avatar\/049821681b589dabc0bc20695993ccebb09f5b5d4d790cd9251b97faac7c652b?s=96&d=blank&r=g\",\"caption\":\"enequipo\"},\"sameAs\":[\"https:\/\/www.facebook.com\/SonoraEE\"]}]}<\/script>\n ","yoast_head_json":{"title":"Sonora en Equipo. Anuncia Hugo L\u00f3pez Gatell campa\u00f1a de vacunaci\u00f3n contra influenza,VPH y polio Sonora","description":"CIUDAD DE M\u00c9XICO. MX. \u2014 Hugo L\u00f3pez-Gatell, subsecretario de Prevenci\u00f3n y Promoci\u00f3n de la Salud, anunci\u00f3 hoy, 30 de agosto de 2022, una campa\u00f1a de En Sonora en Equipo publicamos toda la informaci\u00f3n de Sonora, M\u00e9xico y el Mundo de manera oportuna y busca que la libertad de expresi\u00f3n sea real. Visita nuestro medio informativo publicado desde Hermosillo, Sonora. %","robots":{"index":"index","follow":"follow","max-snippet":"max-snippet:-1","max-image-preview":"max-image-preview:large","max-video-preview":"max-video-preview:-1"},"canonical":"https:\/\/www.sonoraenequipo.com.mx\/anuncia-hugo-lopez-gatell-campana-de-vacunacion-contra-influenzavph-y-polio\/","og_locale":"es_ES","og_type":"article","og_title":"Sonora en Equipo. Anuncia Hugo L\u00f3pez Gatell campa\u00f1a de vacunaci\u00f3n contra influenza,VPH y polio Sonora","og_description":"CIUDAD DE M\u00c9XICO. MX. \u2014 Hugo L\u00f3pez-Gatell, subsecretario de Prevenci\u00f3n y Promoci\u00f3n de la Salud, anunci\u00f3 hoy, 30 de agosto de 2022, una campa\u00f1a de En Sonora en Equipo publicamos toda la informaci\u00f3n de Sonora, M\u00e9xico y el Mundo de manera oportuna y busca que la libertad de expresi\u00f3n sea real. Visita nuestro medio informativo publicado desde Hermosillo, Sonora. %","og_url":"https:\/\/www.sonoraenequipo.com.mx\/anuncia-hugo-lopez-gatell-campana-de-vacunacion-contra-influenzavph-y-polio\/","og_site_name":"Sonora en Equipo.","article_publisher":"https:\/\/www.facebook.com\/SonoraEE\/","article_author":"https:\/\/www.facebook.com\/SonoraEE","article_published_time":"2022-08-30T17:30:47+00:00","article_modified_time":"2022-08-31T05:01:53+00:00","og_image":[{"width":900,"height":514,"url":"https:\/\/www.sonoraenequipo.com.mx\/storage\/2022\/08\/hugo-lopez-gatell..jpg","type":"image\/jpeg"}],"author":"enequipo","twitter_card":"summary_large_image","twitter_creator":"@sonoraenequipo","twitter_site":"@sonoraenequipo","twitter_misc":{"Escrito por":"enequipo","Tiempo de lectura":"1 minuto"},"schema":{"@context":"https:\/\/schema.org","@graph":[{"@type":"Article","@id":"https:\/\/www.sonoraenequipo.com.mx\/anuncia-hugo-lopez-gatell-campana-de-vacunacion-contra-influenzavph-y-polio\/#article","isPartOf":{"@id":"https:\/\/www.sonoraenequipo.com.mx\/anuncia-hugo-lopez-gatell-campana-de-vacunacion-contra-influenzavph-y-polio\/"},"author":{"name":"enequipo","@id":"https:\/\/www.sonoraenequipo.com.mx\/#\/schema\/person\/50102df0fb23a8fa9e8effad8fa81386"},"headline":"Anuncia Hugo L\u00f3pez Gatell campa\u00f1a de vacunaci\u00f3n contra influenza,VPH y polio","datePublished":"2022-08-30T17:30:47+00:00","dateModified":"2022-08-31T05:01:53+00:00","mainEntityOfPage":{"@id":"https:\/\/www.sonoraenequipo.com.mx\/anuncia-hugo-lopez-gatell-campana-de-vacunacion-contra-influenzavph-y-polio\/"},"wordCount":309,"commentCount":0,"publisher":{"@id":"https:\/\/www.sonoraenequipo.com.mx\/#organization"},"articleSection":["Sonora"],"inLanguage":"es","potentialAction":[{"@type":"CommentAction","name":"Comment","target":["https:\/\/www.sonoraenequipo.com.mx\/anuncia-hugo-lopez-gatell-campana-de-vacunacion-contra-influenzavph-y-polio\/#respond"]}]},{"@type":"WebPage","@id":"https:\/\/www.sonoraenequipo.com.mx\/anuncia-hugo-lopez-gatell-campana-de-vacunacion-contra-influenzavph-y-polio\/","url":"https:\/\/www.sonoraenequipo.com.mx\/anuncia-hugo-lopez-gatell-campana-de-vacunacion-contra-influenzavph-y-polio\/","name":"Sonora en Equipo. Anuncia Hugo L\u00f3pez Gatell campa\u00f1a de vacunaci\u00f3n contra influenza,VPH y polio Sonora","isPartOf":{"@id":"https:\/\/www.sonoraenequipo.com.mx\/#website"},"datePublished":"2022-08-30T17:30:47+00:00","dateModified":"2022-08-31T05:01:53+00:00","description":"CIUDAD DE M\u00c9XICO. MX. \u2014 Hugo L\u00f3pez-Gatell, subsecretario de Prevenci\u00f3n y Promoci\u00f3n de la Salud, anunci\u00f3 hoy, 30 de agosto de 2022, una campa\u00f1a de En Sonora en Equipo publicamos toda la informaci\u00f3n de Sonora, M\u00e9xico y el Mundo de manera oportuna y busca que la libertad de expresi\u00f3n sea real. Visita nuestro medio informativo publicado desde Hermosillo, Sonora. %","breadcrumb":{"@id":"https:\/\/www.sonoraenequipo.com.mx\/anuncia-hugo-lopez-gatell-campana-de-vacunacion-contra-influenzavph-y-polio\/#breadcrumb"},"inLanguage":"es","potentialAction":[{"@type":"ReadAction","target":["https:\/\/www.sonoraenequipo.com.mx\/anuncia-hugo-lopez-gatell-campana-de-vacunacion-contra-influenzavph-y-polio\/"]}]},{"@type":"BreadcrumbList","@id":"https:\/\/www.sonoraenequipo.com.mx\/anuncia-hugo-lopez-gatell-campana-de-vacunacion-contra-influenzavph-y-polio\/#breadcrumb","itemListElement":[{"@type":"ListItem","position":1,"name":"Portada","item":"https:\/\/www.sonoraenequipo.com.mx\/"},{"@type":"ListItem","position":2,"name":"Anuncia Hugo L\u00f3pez Gatell campa\u00f1a de vacunaci\u00f3n contra influenza,VPH y polio"}]},{"@type":"WebSite","@id":"https:\/\/www.sonoraenequipo.com.mx\/#website","url":"https:\/\/www.sonoraenequipo.com.mx\/","name":"Sonora en Equipo.","description":"Diario en l\u00ednea con Noticias desde Hermosillo, Sonora","publisher":{"@id":"https:\/\/www.sonoraenequipo.com.mx\/#organization"},"potentialAction":[{"@type":"SearchAction","target":{"@type":"EntryPoint","urlTemplate":"https:\/\/www.sonoraenequipo.com.mx\/?s={search_term_string}"},"query-input":{"@type":"PropertyValueSpecification","valueRequired":true,"valueName":"search_term_string"}}],"inLanguage":"es"},{"@type":"Organization","@id":"https:\/\/www.sonoraenequipo.com.mx\/#organization","name":"Sonoraenequipo.com.mx","url":"https:\/\/www.sonoraenequipo.com.mx\/","logo":{"@type":"ImageObject","inLanguage":"es","@id":"https:\/\/www.sonoraenequipo.com.mx\/#\/schema\/logo\/image\/","url":"https:\/\/www.sonoraenequipo.com.mx\/storage\/2019\/01\/sonoraenequipo_opt.png","contentUrl":"https:\/\/www.sonoraenequipo.com.mx\/storage\/2019\/01\/sonoraenequipo_opt.png","width":375,"height":125,"caption":"Sonoraenequipo.com.mx"},"image":{"@id":"https:\/\/www.sonoraenequipo.com.mx\/#\/schema\/logo\/image\/"},"sameAs":["https:\/\/www.facebook.com\/SonoraEE\/","https:\/\/x.com\/sonoraenequipo","https:\/\/www.youtube.com\/channel\/UC338nW-lPEYmJQs4ZABQ1SQ"]},{"@type":"Person","@id":"https:\/\/www.sonoraenequipo.com.mx\/#\/schema\/person\/50102df0fb23a8fa9e8effad8fa81386","name":"enequipo","image":{"@type":"ImageObject","inLanguage":"es","@id":"https:\/\/www.sonoraenequipo.com.mx\/#\/schema\/person\/image\/","url":"https:\/\/secure.gravatar.com\/avatar\/049821681b589dabc0bc20695993ccebb09f5b5d4d790cd9251b97faac7c652b?s=96&d=blank&r=g","contentUrl":"https:\/\/secure.gravatar.com\/avatar\/049821681b589dabc0bc20695993ccebb09f5b5d4d790cd9251b97faac7c652b?s=96&d=blank&r=g","caption":"enequipo"},"sameAs":["https:\/\/www.facebook.com\/SonoraEE"]}]}},"jetpack_featured_media_url":"","_links":{"self":[{"href":"https:\/\/www.sonoraenequipo.com.mx\/api\/wp\/v2\/posts\/146169","targetHints":{"allow":["GET"]}}],"collection":[{"href":"https:\/\/www.sonoraenequipo.com.mx\/api\/wp\/v2\/posts"}],"about":[{"href":"https:\/\/www.sonoraenequipo.com.mx\/api\/wp\/v2\/types\/post"}],"author":[{"embeddable":true,"href":"https:\/\/www.sonoraenequipo.com.mx\/api\/wp\/v2\/users\/1"}],"replies":[{"embeddable":true,"href":"https:\/\/www.sonoraenequipo.com.mx\/api\/wp\/v2\/comments?post=146169"}],"version-history":[{"count":1,"href":"https:\/\/www.sonoraenequipo.com.mx\/api\/wp\/v2\/posts\/146169\/revisions"}],"predecessor-version":[{"id":146170,"href":"https:\/\/www.sonoraenequipo.com.mx\/api\/wp\/v2\/posts\/146169\/revisions\/146170"}],"wp:attachment":[{"href":"https:\/\/www.sonoraenequipo.com.mx\/api\/wp\/v2\/media?parent=146169"}],"wp:term":[{"taxonomy":"category","embeddable":true,"href":"https:\/\/www.sonoraenequipo.com.mx\/api\/wp\/v2\/categories?post=146169"},{"taxonomy":"post_tag","embeddable":true,"href":"https:\/\/www.sonoraenequipo.com.mx\/api\/wp\/v2\/tags?post=146169"}],"curies":[{"name":"wp","href":"https:\/\/api.w.org\/{rel}","templated":true}]}}