{"id":146174,"date":"2022-08-30T17:20:08","date_gmt":"2022-08-31T00:20:08","guid":{"rendered":"https:\/\/www.sonoraenequipo.com.mx\/?p=146174"},"modified":"2022-08-30T22:29:24","modified_gmt":"2022-08-31T05:29:24","slug":"lluvias-en-pakistan-dejan-mas-de-mil-muertos-un-tercio-del-pais-esta-bajo-el-agua","status":"publish","type":"post","link":"https:\/\/www.sonoraenequipo.com.mx\/lluvias-en-pakistan-dejan-mas-de-mil-muertos-un-tercio-del-pais-esta-bajo-el-agua\/","title":{"rendered":"Lluvias en Pakist\u00e1n dejan m\u00e1s de mil muertos; un tercio del pa\u00eds est\u00e1 bajo el agua"},"content":{"rendered":"<p><strong>PAKIST\u00c1N.<\/strong> \u2014 Las tareas de socorro se intensificaron en Pakist\u00e1n para intentar ayudar a las decenas de millones de personas afectadas por lluvias monz\u00f3nicas que inundaron un tercio del pa\u00eds, causaron la muerte de al menos 1,136 personas y provocaron da\u00f1os multimillonarios.<\/p>\n<p>&nbsp;<\/p>\n<p> <\/p>\n<p>&nbsp;<\/p>\n<p>Las inundaciones, provocadas por las intensas lluvias que iniciaron en junio, son \u201clas peores de la historia de Pakist\u00e1n\u201d, afirm\u00f3 el primer ministro, Shehbaz Sharif.<\/p>\n<p>&nbsp;<\/p>\n<p><strong><em>\u201cLos da\u00f1os causados a nuestras infraestructuras son importantes y se extienden a todo el pa\u00ed<\/em><\/strong>s\u201d, a\u00f1adi\u00f3 en una conferencia de prensa.<\/p>\n<p>&nbsp;<\/p>\n<p>&nbsp;<\/p>\n<p>El ministro de Planificaci\u00f3n, Ahsan Iqbal, dijo a AFP que el pa\u00eds necesitar\u00eda m\u00e1s de 10,000 millones de d\u00f3lares para reparar y reconstruir la infraestructuras afectadas.<\/p>\n<p>&nbsp;<\/p>\n<p>&nbsp;<\/p>\n<p><em><strong>\u201cHa habido da\u00f1o masivo en la infraestructura, especialmente en las \u00e1reas de telecomunicaciones, carreteras, agricultura y los medios de subsistencia\u201d<\/strong><\/em>, detall\u00f3.<\/p>\n<p>&nbsp;<\/p>\n<p>Las autoridades y las organizaciones humanitarias tratan de acelerar la entrega de ayuda a los m\u00e1s de 33 millones de personas afectadas, uno de cada siete paquistan\u00edes, pero la tarea se complica por los da\u00f1os en carreteras y puentes.<\/p>\n<p>&nbsp;<\/p>\n<p>En el sur y el oeste del pa\u00eds apenas queda terreno seco y la gente desplazada debe refugiarse en carreteras y v\u00edas ferroviarias elevadas para escapar de las llanuras inundadas.<\/p>\n<p>&nbsp;<\/p>\n<p><strong><em>\u201cPor el amor de Dios, \u00a1necesitamos ayuda!\u201d<\/em><\/strong>, urgi\u00f3 Qadir, de 35 a\u00f1os, que acampa con su familia cerca de Sukkur (sur), despu\u00e9s de haber caminado durante tres d\u00edas<em><strong>. \u201cNo nos queda nada, solo logramos salvar nuestras vidas\u201d,<\/strong> <\/em>dice.<\/p>\n<p>&nbsp;<\/p>\n<p>&nbsp;<\/p>\n<p>El monz\u00f3n, que suele extenderse de junio a septiembre, es esencial para la irrigaci\u00f3n de los cultivos y para reponer los recursos h\u00eddricos en el subcontinente indio.<\/p>\n<p>&nbsp;<\/p>\n<p>&nbsp;<\/p>\n<p>Tambi\u00e9n tiene su cuota de tragedia y destrucci\u00f3n cada a\u00f1o, aunque hac\u00eda tres d\u00e9cadas que el pa\u00eds no registraba unas precipitaciones tan intensas.<\/p>\n<p>&nbsp;<\/p>\n<p>Las autoridades paquistan\u00edes atribuyen estas lluvias devastadoras al cambio clim\u00e1tico y afirman que el pa\u00eds sufre las consecuencias de pr\u00e1cticas ambientales irresponsables en otras partes del mundo.<\/p>\n<h3>\nUn tercio del pa\u00eds bajo el agua<\/h3>\n<p>&nbsp;<\/p>\n<p>Un tercio de Pakist\u00e1n est\u00e1 actualmente \u201cbajo el agua\u201d, declar\u00f3 el lunes a AFP la ministra del Cambio Clim\u00e1tico, Sherry Rehman, quien cit\u00f3 una \u201c<strong>crisis de proporciones inimaginables\u201d.<\/strong><\/p>\n<p>&nbsp;<\/p>\n<p>&nbsp;<\/p>\n<p><em><strong>\u201cTodo es un gran oc\u00e9ano, no hay un lugar seco desde donde se puede <\/strong><strong>bombear el agua\u201d,<\/strong><\/em> se\u00f1al\u00f3 la ministra Rehman, tras a\u00f1adir que el costo econ\u00f3mico ser\u00e1 devastador.<\/p>\n<p>&nbsp;<\/p>\n<p>El saldo puede aumentar porque las autoridades todav\u00eda intentan llegar a las remotas zonas monta\u00f1osas del norte. Y en el sur, el r\u00edo Indo, el m\u00e1s importante del pa\u00eds, amenaza con desbordarse.<\/p>\n<p>&nbsp;<\/p>\n<p>Seg\u00fan el servicio meteorol\u00f3gico, Pakist\u00e1n recibi\u00f3 el doble de las precipitaciones normales. En las provincias sure\u00f1as de Baluchist\u00e1n y Sind, las m\u00e1s afectadas, las lluvias fueron cuatro veces superiores al promedio de los 30 a\u00f1os previos.<\/p>\n<p>&nbsp;<\/p>\n<p>Las inundaciones llegan en el peor momento para Pakist\u00e1n, cuya econom\u00eda enfrenta una grave crisis.<\/p>\n<p>&nbsp;<\/p>\n<p>La ONU y el gobierno paquistan\u00ed, que decret\u00f3 el estado de emergencia, lanzaron el martes un llamado por 160 millones de d\u00f3lares para financiar la ayuda de emergencia.<\/p>\n<p>&nbsp;<\/p>\n<p>El plan, previsto para los pr\u00f3ximos seis meses, proporcionar\u00e1 servicios b\u00e1sicos (salud, alimentos, agua potable y refugio) a los 5.2 millones de personas m\u00e1s afectadas.<\/p>\n<p>&nbsp;<\/p>\n<p>El Fondo Monetario Internacional (FMI) dio un respiro el lunes al anunciar la reactivaci\u00f3n de un programa de apoyo financiero vital para Pakist\u00e1n y anunci\u00f3 el desembolso de un paquete de 1,100 millones de d\u00f3lares.<\/p>\n<p>&nbsp;<\/p>\n<p>Los precios de productos b\u00e1sicos como cebollas, tomates o garbanzos se han disparado por la falta de suministros de las inundadas provincias de Sind y Punyab, los graneros del pa\u00eds.<\/p>\n<p>&nbsp;<\/p>\n<p>Por todo el pa\u00eds emergieron improvisados campos de desplazados en escuelas, carreteras o bases militares.<\/p>\n<p>&nbsp;<\/p>\n<p>En la aldea de Nowshera, un colegio se convirti\u00f3 en refugio de 2,500 v\u00edctimas, agobiadas por el calor veraniego y con escasa comida y agua.<\/p>\n<p>&nbsp;<\/p>\n<p><strong><em>\u201cNunca pens\u00e9 que un d\u00eda deber\u00eda vivir as\u00ed\u201d, lamenta Malang Jan, de 60 a\u00f1os. \u201cHemos perdido nuestro para\u00edso y estamos forzados a vivir una vida miserable\u201d,<\/em> <\/strong>a\u00f1adi\u00f3.<\/p>\n<p>&nbsp;<\/p>\n<p>&nbsp;<\/p>\n<p>&nbsp;<\/p>\n<p>PUBLICADO EL 30\/AGOSTO\/2022 \/ Con informaci\u00f3n de AFP)<\/p>\n","protected":false},"excerpt":{"rendered":"<p>PAKIST\u00c1N. \u2014 Las tareas de socorro se intensificaron en Pakist\u00e1n para intentar ayudar a las&#8230;<\/p>\n","protected":false},"author":1,"featured_media":146162,"comment_status":"open","ping_status":"open","sticky":false,"template":"","format":"standard","meta":{"_monsterinsights_skip_tracking":false,"_monsterinsights_sitenote_active":false,"_monsterinsights_sitenote_note":"","_monsterinsights_sitenote_category":0,"footnotes":""},"categories":[3],"tags":[],"class_list":["post"],"yoast_head":" \n<title>Sonora en Equipo. Lluvias en Pakist\u00e1n dejan m\u00e1s de mil muertos; un tercio del pa\u00eds est\u00e1 bajo el agua MUNDO<\/title>\n<meta name=\"description\" content=\"PAKIST\u00c1N. \u2014 Las tareas de socorro se intensificaron en Pakist\u00e1n para intentar ayudar a las decenas de millones de personas afectadas por lluvias En Sonora en Equipo publicamos toda la informaci\u00f3n de Sonora, M\u00e9xico y el Mundo de manera oportuna y busca que la libertad de expresi\u00f3n sea real. Visita nuestro medio informativo publicado desde Hermosillo, Sonora. %\" \/>\n<meta name=\"robots\" content=\"index, follow, max-snippet:-1, max-image-preview:large, max-video-preview:-1\" \/>\n<link rel=\"canonical\" href=\"https:\/\/www.sonoraenequipo.com.mx\/lluvias-en-pakistan-dejan-mas-de-mil-muertos-un-tercio-del-pais-esta-bajo-el-agua\/\" \/>\n<meta property=\"og:locale\" content=\"es_ES\" \/>\n<meta property=\"og:type\" content=\"article\" \/>\n<meta property=\"og:title\" content=\"Sonora en Equipo. Lluvias en Pakist\u00e1n dejan m\u00e1s de mil muertos; un tercio del pa\u00eds est\u00e1 bajo el agua MUNDO\" \/>\n<meta property=\"og:description\" content=\"PAKIST\u00c1N. \u2014 Las tareas de socorro se intensificaron en Pakist\u00e1n para intentar ayudar a las decenas de millones de personas afectadas por lluvias En Sonora en Equipo publicamos toda la informaci\u00f3n de Sonora, M\u00e9xico y el Mundo de manera oportuna y busca que la libertad de expresi\u00f3n sea real. Visita nuestro medio informativo publicado desde Hermosillo, Sonora. %\" \/>\n<meta property=\"og:url\" content=\"https:\/\/www.sonoraenequipo.com.mx\/lluvias-en-pakistan-dejan-mas-de-mil-muertos-un-tercio-del-pais-esta-bajo-el-agua\/\" \/>\n<meta property=\"og:site_name\" content=\"Sonora en Equipo.\" \/>\n<meta property=\"article:publisher\" content=\"https:\/\/www.facebook.com\/SonoraEE\/\" \/>\n<meta property=\"article:author\" content=\"https:\/\/www.facebook.com\/SonoraEE\" \/>\n<meta property=\"article:published_time\" content=\"2022-08-31T00:20:08+00:00\" \/>\n<meta property=\"article:modified_time\" content=\"2022-08-31T05:29:24+00:00\" \/>\n<meta property=\"og:image\" content=\"https:\/\/www.sonoraenequipo.com.mx\/storage\/2022\/08\/damnificados-por-lluvias-en-pakistan.jpg\" \/>\n\t<meta property=\"og:image:width\" content=\"900\" \/>\n\t<meta property=\"og:image:height\" content=\"514\" \/>\n\t<meta property=\"og:image:type\" content=\"image\/jpeg\" \/>\n<meta name=\"author\" content=\"enequipo\" \/>\n<meta name=\"twitter:card\" content=\"summary_large_image\" \/>\n<meta name=\"twitter:creator\" content=\"@sonoraenequipo\" \/>\n<meta name=\"twitter:site\" content=\"@sonoraenequipo\" \/>\n<meta name=\"twitter:label1\" content=\"Escrito por\" \/>\n\t<meta name=\"twitter:data1\" content=\"enequipo\" \/>\n\t<meta name=\"twitter:label2\" content=\"Tiempo de lectura\" \/>\n\t<meta name=\"twitter:data2\" content=\"4 minutos\" \/>\n<script type=\"application\/ld+json\" class=\"yoast-schema-graph\">{\"@context\":\"https:\/\/schema.org\",\"@graph\":[{\"@type\":\"Article\",\"@id\":\"https:\/\/www.sonoraenequipo.com.mx\/lluvias-en-pakistan-dejan-mas-de-mil-muertos-un-tercio-del-pais-esta-bajo-el-agua\/#article\",\"isPartOf\":{\"@id\":\"https:\/\/www.sonoraenequipo.com.mx\/lluvias-en-pakistan-dejan-mas-de-mil-muertos-un-tercio-del-pais-esta-bajo-el-agua\/\"},\"author\":{\"name\":\"enequipo\",\"@id\":\"https:\/\/www.sonoraenequipo.com.mx\/#\/schema\/person\/50102df0fb23a8fa9e8effad8fa81386\"},\"headline\":\"Lluvias en Pakist\u00e1n dejan m\u00e1s de mil muertos; un tercio del pa\u00eds est\u00e1 bajo el agua\",\"datePublished\":\"2022-08-31T00:20:08+00:00\",\"dateModified\":\"2022-08-31T05:29:24+00:00\",\"mainEntityOfPage\":{\"@id\":\"https:\/\/www.sonoraenequipo.com.mx\/lluvias-en-pakistan-dejan-mas-de-mil-muertos-un-tercio-del-pais-esta-bajo-el-agua\/\"},\"wordCount\":771,\"commentCount\":0,\"publisher\":{\"@id\":\"https:\/\/www.sonoraenequipo.com.mx\/#organization\"},\"image\":{\"@id\":\"https:\/\/www.sonoraenequipo.com.mx\/lluvias-en-pakistan-dejan-mas-de-mil-muertos-un-tercio-del-pais-esta-bajo-el-agua\/#primaryimage\"},\"thumbnailUrl\":\"https:\/\/www.sonoraenequipo.com.mx\/storage\/2022\/08\/damnificados-por-lluvias-en-pakistan.jpg\",\"articleSection\":[\"MUNDO\"],\"inLanguage\":\"es\",\"potentialAction\":[{\"@type\":\"CommentAction\",\"name\":\"Comment\",\"target\":[\"https:\/\/www.sonoraenequipo.com.mx\/lluvias-en-pakistan-dejan-mas-de-mil-muertos-un-tercio-del-pais-esta-bajo-el-agua\/#respond\"]}]},{\"@type\":\"WebPage\",\"@id\":\"https:\/\/www.sonoraenequipo.com.mx\/lluvias-en-pakistan-dejan-mas-de-mil-muertos-un-tercio-del-pais-esta-bajo-el-agua\/\",\"url\":\"https:\/\/www.sonoraenequipo.com.mx\/lluvias-en-pakistan-dejan-mas-de-mil-muertos-un-tercio-del-pais-esta-bajo-el-agua\/\",\"name\":\"Sonora en Equipo. Lluvias en Pakist\u00e1n dejan m\u00e1s de mil muertos; un tercio del pa\u00eds est\u00e1 bajo el agua MUNDO\",\"isPartOf\":{\"@id\":\"https:\/\/www.sonoraenequipo.com.mx\/#website\"},\"primaryImageOfPage\":{\"@id\":\"https:\/\/www.sonoraenequipo.com.mx\/lluvias-en-pakistan-dejan-mas-de-mil-muertos-un-tercio-del-pais-esta-bajo-el-agua\/#primaryimage\"},\"image\":{\"@id\":\"https:\/\/www.sonoraenequipo.com.mx\/lluvias-en-pakistan-dejan-mas-de-mil-muertos-un-tercio-del-pais-esta-bajo-el-agua\/#primaryimage\"},\"thumbnailUrl\":\"https:\/\/www.sonoraenequipo.com.mx\/storage\/2022\/08\/damnificados-por-lluvias-en-pakistan.jpg\",\"datePublished\":\"2022-08-31T00:20:08+00:00\",\"dateModified\":\"2022-08-31T05:29:24+00:00\",\"description\":\"PAKIST\u00c1N. \u2014 Las tareas de socorro se intensificaron en Pakist\u00e1n para intentar ayudar a las decenas de millones de personas afectadas por lluvias En Sonora en Equipo publicamos toda la informaci\u00f3n de Sonora, M\u00e9xico y el Mundo de manera oportuna y busca que la libertad de expresi\u00f3n sea real. Visita nuestro medio informativo publicado desde Hermosillo, Sonora. %\",\"breadcrumb\":{\"@id\":\"https:\/\/www.sonoraenequipo.com.mx\/lluvias-en-pakistan-dejan-mas-de-mil-muertos-un-tercio-del-pais-esta-bajo-el-agua\/#breadcrumb\"},\"inLanguage\":\"es\",\"potentialAction\":[{\"@type\":\"ReadAction\",\"target\":[\"https:\/\/www.sonoraenequipo.com.mx\/lluvias-en-pakistan-dejan-mas-de-mil-muertos-un-tercio-del-pais-esta-bajo-el-agua\/\"]}]},{\"@type\":\"ImageObject\",\"inLanguage\":\"es\",\"@id\":\"https:\/\/www.sonoraenequipo.com.mx\/lluvias-en-pakistan-dejan-mas-de-mil-muertos-un-tercio-del-pais-esta-bajo-el-agua\/#primaryimage\",\"url\":\"https:\/\/www.sonoraenequipo.com.mx\/storage\/2022\/08\/damnificados-por-lluvias-en-pakistan.jpg\",\"contentUrl\":\"https:\/\/www.sonoraenequipo.com.mx\/storage\/2022\/08\/damnificados-por-lluvias-en-pakistan.jpg\",\"width\":900,\"height\":514},{\"@type\":\"BreadcrumbList\",\"@id\":\"https:\/\/www.sonoraenequipo.com.mx\/lluvias-en-pakistan-dejan-mas-de-mil-muertos-un-tercio-del-pais-esta-bajo-el-agua\/#breadcrumb\",\"itemListElement\":[{\"@type\":\"ListItem\",\"position\":1,\"name\":\"Portada\",\"item\":\"https:\/\/www.sonoraenequipo.com.mx\/\"},{\"@type\":\"ListItem\",\"position\":2,\"name\":\"Lluvias en Pakist\u00e1n dejan m\u00e1s de mil muertos; un tercio del pa\u00eds est\u00e1 bajo el agua\"}]},{\"@type\":\"WebSite\",\"@id\":\"https:\/\/www.sonoraenequipo.com.mx\/#website\",\"url\":\"https:\/\/www.sonoraenequipo.com.mx\/\",\"name\":\"Sonora en Equipo.\",\"description\":\"Diario en l\u00ednea con Noticias desde Hermosillo, Sonora\",\"publisher\":{\"@id\":\"https:\/\/www.sonoraenequipo.com.mx\/#organization\"},\"potentialAction\":[{\"@type\":\"SearchAction\",\"target\":{\"@type\":\"EntryPoint\",\"urlTemplate\":\"https:\/\/www.sonoraenequipo.com.mx\/?s={search_term_string}\"},\"query-input\":{\"@type\":\"PropertyValueSpecification\",\"valueRequired\":true,\"valueName\":\"search_term_string\"}}],\"inLanguage\":\"es\"},{\"@type\":\"Organization\",\"@id\":\"https:\/\/www.sonoraenequipo.com.mx\/#organization\",\"name\":\"Sonoraenequipo.com.mx\",\"url\":\"https:\/\/www.sonoraenequipo.com.mx\/\",\"logo\":{\"@type\":\"ImageObject\",\"inLanguage\":\"es\",\"@id\":\"https:\/\/www.sonoraenequipo.com.mx\/#\/schema\/logo\/image\/\",\"url\":\"https:\/\/www.sonoraenequipo.com.mx\/storage\/2019\/01\/sonoraenequipo_opt.png\",\"contentUrl\":\"https:\/\/www.sonoraenequipo.com.mx\/storage\/2019\/01\/sonoraenequipo_opt.png\",\"width\":375,\"height\":125,\"caption\":\"Sonoraenequipo.com.mx\"},\"image\":{\"@id\":\"https:\/\/www.sonoraenequipo.com.mx\/#\/schema\/logo\/image\/\"},\"sameAs\":[\"https:\/\/www.facebook.com\/SonoraEE\/\",\"https:\/\/x.com\/sonoraenequipo\",\"https:\/\/www.youtube.com\/channel\/UC338nW-lPEYmJQs4ZABQ1SQ\"]},{\"@type\":\"Person\",\"@id\":\"https:\/\/www.sonoraenequipo.com.mx\/#\/schema\/person\/50102df0fb23a8fa9e8effad8fa81386\",\"name\":\"enequipo\",\"image\":{\"@type\":\"ImageObject\",\"inLanguage\":\"es\",\"@id\":\"https:\/\/www.sonoraenequipo.com.mx\/#\/schema\/person\/image\/\",\"url\":\"https:\/\/secure.gravatar.com\/avatar\/049821681b589dabc0bc20695993ccebb09f5b5d4d790cd9251b97faac7c652b?s=96&d=blank&r=g\",\"contentUrl\":\"https:\/\/secure.gravatar.com\/avatar\/049821681b589dabc0bc20695993ccebb09f5b5d4d790cd9251b97faac7c652b?s=96&d=blank&r=g\",\"caption\":\"enequipo\"},\"sameAs\":[\"https:\/\/www.facebook.com\/SonoraEE\"]}]}<\/script>\n ","yoast_head_json":{"title":"Sonora en Equipo. Lluvias en Pakist\u00e1n dejan m\u00e1s de mil muertos; un tercio del pa\u00eds est\u00e1 bajo el agua MUNDO","description":"PAKIST\u00c1N. \u2014 Las tareas de socorro se intensificaron en Pakist\u00e1n para intentar ayudar a las decenas de millones de personas afectadas por lluvias En Sonora en Equipo publicamos toda la informaci\u00f3n de Sonora, M\u00e9xico y el Mundo de manera oportuna y busca que la libertad de expresi\u00f3n sea real. Visita nuestro medio informativo publicado desde Hermosillo, Sonora. %","robots":{"index":"index","follow":"follow","max-snippet":"max-snippet:-1","max-image-preview":"max-image-preview:large","max-video-preview":"max-video-preview:-1"},"canonical":"https:\/\/www.sonoraenequipo.com.mx\/lluvias-en-pakistan-dejan-mas-de-mil-muertos-un-tercio-del-pais-esta-bajo-el-agua\/","og_locale":"es_ES","og_type":"article","og_title":"Sonora en Equipo. Lluvias en Pakist\u00e1n dejan m\u00e1s de mil muertos; un tercio del pa\u00eds est\u00e1 bajo el agua MUNDO","og_description":"PAKIST\u00c1N. \u2014 Las tareas de socorro se intensificaron en Pakist\u00e1n para intentar ayudar a las decenas de millones de personas afectadas por lluvias En Sonora en Equipo publicamos toda la informaci\u00f3n de Sonora, M\u00e9xico y el Mundo de manera oportuna y busca que la libertad de expresi\u00f3n sea real. Visita nuestro medio informativo publicado desde Hermosillo, Sonora. %","og_url":"https:\/\/www.sonoraenequipo.com.mx\/lluvias-en-pakistan-dejan-mas-de-mil-muertos-un-tercio-del-pais-esta-bajo-el-agua\/","og_site_name":"Sonora en Equipo.","article_publisher":"https:\/\/www.facebook.com\/SonoraEE\/","article_author":"https:\/\/www.facebook.com\/SonoraEE","article_published_time":"2022-08-31T00:20:08+00:00","article_modified_time":"2022-08-31T05:29:24+00:00","og_image":[{"width":900,"height":514,"url":"https:\/\/www.sonoraenequipo.com.mx\/storage\/2022\/08\/damnificados-por-lluvias-en-pakistan.jpg","type":"image\/jpeg"}],"author":"enequipo","twitter_card":"summary_large_image","twitter_creator":"@sonoraenequipo","twitter_site":"@sonoraenequipo","twitter_misc":{"Escrito por":"enequipo","Tiempo de lectura":"4 minutos"},"schema":{"@context":"https:\/\/schema.org","@graph":[{"@type":"Article","@id":"https:\/\/www.sonoraenequipo.com.mx\/lluvias-en-pakistan-dejan-mas-de-mil-muertos-un-tercio-del-pais-esta-bajo-el-agua\/#article","isPartOf":{"@id":"https:\/\/www.sonoraenequipo.com.mx\/lluvias-en-pakistan-dejan-mas-de-mil-muertos-un-tercio-del-pais-esta-bajo-el-agua\/"},"author":{"name":"enequipo","@id":"https:\/\/www.sonoraenequipo.com.mx\/#\/schema\/person\/50102df0fb23a8fa9e8effad8fa81386"},"headline":"Lluvias en Pakist\u00e1n dejan m\u00e1s de mil muertos; un tercio del pa\u00eds est\u00e1 bajo el agua","datePublished":"2022-08-31T00:20:08+00:00","dateModified":"2022-08-31T05:29:24+00:00","mainEntityOfPage":{"@id":"https:\/\/www.sonoraenequipo.com.mx\/lluvias-en-pakistan-dejan-mas-de-mil-muertos-un-tercio-del-pais-esta-bajo-el-agua\/"},"wordCount":771,"commentCount":0,"publisher":{"@id":"https:\/\/www.sonoraenequipo.com.mx\/#organization"},"image":{"@id":"https:\/\/www.sonoraenequipo.com.mx\/lluvias-en-pakistan-dejan-mas-de-mil-muertos-un-tercio-del-pais-esta-bajo-el-agua\/#primaryimage"},"thumbnailUrl":"https:\/\/www.sonoraenequipo.com.mx\/storage\/2022\/08\/damnificados-por-lluvias-en-pakistan.jpg","articleSection":["MUNDO"],"inLanguage":"es","potentialAction":[{"@type":"CommentAction","name":"Comment","target":["https:\/\/www.sonoraenequipo.com.mx\/lluvias-en-pakistan-dejan-mas-de-mil-muertos-un-tercio-del-pais-esta-bajo-el-agua\/#respond"]}]},{"@type":"WebPage","@id":"https:\/\/www.sonoraenequipo.com.mx\/lluvias-en-pakistan-dejan-mas-de-mil-muertos-un-tercio-del-pais-esta-bajo-el-agua\/","url":"https:\/\/www.sonoraenequipo.com.mx\/lluvias-en-pakistan-dejan-mas-de-mil-muertos-un-tercio-del-pais-esta-bajo-el-agua\/","name":"Sonora en Equipo. Lluvias en Pakist\u00e1n dejan m\u00e1s de mil muertos; un tercio del pa\u00eds est\u00e1 bajo el agua MUNDO","isPartOf":{"@id":"https:\/\/www.sonoraenequipo.com.mx\/#website"},"primaryImageOfPage":{"@id":"https:\/\/www.sonoraenequipo.com.mx\/lluvias-en-pakistan-dejan-mas-de-mil-muertos-un-tercio-del-pais-esta-bajo-el-agua\/#primaryimage"},"image":{"@id":"https:\/\/www.sonoraenequipo.com.mx\/lluvias-en-pakistan-dejan-mas-de-mil-muertos-un-tercio-del-pais-esta-bajo-el-agua\/#primaryimage"},"thumbnailUrl":"https:\/\/www.sonoraenequipo.com.mx\/storage\/2022\/08\/damnificados-por-lluvias-en-pakistan.jpg","datePublished":"2022-08-31T00:20:08+00:00","dateModified":"2022-08-31T05:29:24+00:00","description":"PAKIST\u00c1N. \u2014 Las tareas de socorro se intensificaron en Pakist\u00e1n para intentar ayudar a las decenas de millones de personas afectadas por lluvias En Sonora en Equipo publicamos toda la informaci\u00f3n de Sonora, M\u00e9xico y el Mundo de manera oportuna y busca que la libertad de expresi\u00f3n sea real. Visita nuestro medio informativo publicado desde Hermosillo, Sonora. %","breadcrumb":{"@id":"https:\/\/www.sonoraenequipo.com.mx\/lluvias-en-pakistan-dejan-mas-de-mil-muertos-un-tercio-del-pais-esta-bajo-el-agua\/#breadcrumb"},"inLanguage":"es","potentialAction":[{"@type":"ReadAction","target":["https:\/\/www.sonoraenequipo.com.mx\/lluvias-en-pakistan-dejan-mas-de-mil-muertos-un-tercio-del-pais-esta-bajo-el-agua\/"]}]},{"@type":"ImageObject","inLanguage":"es","@id":"https:\/\/www.sonoraenequipo.com.mx\/lluvias-en-pakistan-dejan-mas-de-mil-muertos-un-tercio-del-pais-esta-bajo-el-agua\/#primaryimage","url":"https:\/\/www.sonoraenequipo.com.mx\/storage\/2022\/08\/damnificados-por-lluvias-en-pakistan.jpg","contentUrl":"https:\/\/www.sonoraenequipo.com.mx\/storage\/2022\/08\/damnificados-por-lluvias-en-pakistan.jpg","width":900,"height":514},{"@type":"BreadcrumbList","@id":"https:\/\/www.sonoraenequipo.com.mx\/lluvias-en-pakistan-dejan-mas-de-mil-muertos-un-tercio-del-pais-esta-bajo-el-agua\/#breadcrumb","itemListElement":[{"@type":"ListItem","position":1,"name":"Portada","item":"https:\/\/www.sonoraenequipo.com.mx\/"},{"@type":"ListItem","position":2,"name":"Lluvias en Pakist\u00e1n dejan m\u00e1s de mil muertos; un tercio del pa\u00eds est\u00e1 bajo el agua"}]},{"@type":"WebSite","@id":"https:\/\/www.sonoraenequipo.com.mx\/#website","url":"https:\/\/www.sonoraenequipo.com.mx\/","name":"Sonora en Equipo.","description":"Diario en l\u00ednea con Noticias desde Hermosillo, Sonora","publisher":{"@id":"https:\/\/www.sonoraenequipo.com.mx\/#organization"},"potentialAction":[{"@type":"SearchAction","target":{"@type":"EntryPoint","urlTemplate":"https:\/\/www.sonoraenequipo.com.mx\/?s={search_term_string}"},"query-input":{"@type":"PropertyValueSpecification","valueRequired":true,"valueName":"search_term_string"}}],"inLanguage":"es"},{"@type":"Organization","@id":"https:\/\/www.sonoraenequipo.com.mx\/#organization","name":"Sonoraenequipo.com.mx","url":"https:\/\/www.sonoraenequipo.com.mx\/","logo":{"@type":"ImageObject","inLanguage":"es","@id":"https:\/\/www.sonoraenequipo.com.mx\/#\/schema\/logo\/image\/","url":"https:\/\/www.sonoraenequipo.com.mx\/storage\/2019\/01\/sonoraenequipo_opt.png","contentUrl":"https:\/\/www.sonoraenequipo.com.mx\/storage\/2019\/01\/sonoraenequipo_opt.png","width":375,"height":125,"caption":"Sonoraenequipo.com.mx"},"image":{"@id":"https:\/\/www.sonoraenequipo.com.mx\/#\/schema\/logo\/image\/"},"sameAs":["https:\/\/www.facebook.com\/SonoraEE\/","https:\/\/x.com\/sonoraenequipo","https:\/\/www.youtube.com\/channel\/UC338nW-lPEYmJQs4ZABQ1SQ"]},{"@type":"Person","@id":"https:\/\/www.sonoraenequipo.com.mx\/#\/schema\/person\/50102df0fb23a8fa9e8effad8fa81386","name":"enequipo","image":{"@type":"ImageObject","inLanguage":"es","@id":"https:\/\/www.sonoraenequipo.com.mx\/#\/schema\/person\/image\/","url":"https:\/\/secure.gravatar.com\/avatar\/049821681b589dabc0bc20695993ccebb09f5b5d4d790cd9251b97faac7c652b?s=96&d=blank&r=g","contentUrl":"https:\/\/secure.gravatar.com\/avatar\/049821681b589dabc0bc20695993ccebb09f5b5d4d790cd9251b97faac7c652b?s=96&d=blank&r=g","caption":"enequipo"},"sameAs":["https:\/\/www.facebook.com\/SonoraEE"]}]}},"jetpack_featured_media_url":"https:\/\/www.sonoraenequipo.com.mx\/storage\/2022\/08\/damnificados-por-lluvias-en-pakistan.jpg","_links":{"self":[{"href":"https:\/\/www.sonoraenequipo.com.mx\/api\/wp\/v2\/posts\/146174","targetHints":{"allow":["GET"]}}],"collection":[{"href":"https:\/\/www.sonoraenequipo.com.mx\/api\/wp\/v2\/posts"}],"about":[{"href":"https:\/\/www.sonoraenequipo.com.mx\/api\/wp\/v2\/types\/post"}],"author":[{"embeddable":true,"href":"https:\/\/www.sonoraenequipo.com.mx\/api\/wp\/v2\/users\/1"}],"replies":[{"embeddable":true,"href":"https:\/\/www.sonoraenequipo.com.mx\/api\/wp\/v2\/comments?post=146174"}],"version-history":[{"count":1,"href":"https:\/\/www.sonoraenequipo.com.mx\/api\/wp\/v2\/posts\/146174\/revisions"}],"predecessor-version":[{"id":146175,"href":"https:\/\/www.sonoraenequipo.com.mx\/api\/wp\/v2\/posts\/146174\/revisions\/146175"}],"wp:featuredmedia":[{"embeddable":true,"href":"https:\/\/www.sonoraenequipo.com.mx\/api\/wp\/v2\/media\/146162"}],"wp:attachment":[{"href":"https:\/\/www.sonoraenequipo.com.mx\/api\/wp\/v2\/media?parent=146174"}],"wp:term":[{"taxonomy":"category","embeddable":true,"href":"https:\/\/www.sonoraenequipo.com.mx\/api\/wp\/v2\/categories?post=146174"},{"taxonomy":"post_tag","embeddable":true,"href":"https:\/\/www.sonoraenequipo.com.mx\/api\/wp\/v2\/tags?post=146174"}],"curies":[{"name":"wp","href":"https:\/\/api.w.org\/{rel}","templated":true}]}}