{"id":1463,"date":"2015-12-14T17:19:11","date_gmt":"2015-12-14T17:19:11","guid":{"rendered":"http:\/\/www.sonoraenequipo.com.mx\/?p=1463"},"modified":"2015-12-15T17:34:01","modified_gmt":"2015-12-15T17:34:01","slug":"en-sonora-ya-van-52-muertes-por-rikettsia","status":"publish","type":"post","link":"https:\/\/www.sonoraenequipo.com.mx\/en-sonora-ya-van-52-muertes-por-rikettsia\/","title":{"rendered":"En Sonora ya van 52 muertes por Rikettsia"},"content":{"rendered":"<p>14122015.HERMOSILLO, SONORA.MX.KARINA BARRAZA.\u2014 En Sonora han muerto 52 personas por rickettsia durante este 2015, sobre todo menores de 10 a\u00f1os de edad, confirma la Secretar\u00eda de Salud. <\/p>\n<p>Es una de las enfermedades consideradas m\u00e1s graves, pues su letalidad es del 40 por ciento, por arriba del dengue o influenza.<\/p>\n<p>De acuerdo a estad\u00edsticas, este a\u00f1o se han duplicado los casos respecto a los del 2014, en el que se registraron 22 muertes y 93 casos.<\/p>\n<p>En este 2015 van 121 casos y 52 fallecimientos, detall\u00f3 el secretario de Salud, Gilberto Ungson Beltr\u00e1n.<\/p>\n<p>\u00abRickettsia es la enfermedad que m\u00e1s ha crecido y que m\u00e1s muertes han crecido en el \u00faltimo a\u00f1o y ya tenemos que tomar medidas mucho m\u00e1s serias, mucho m\u00e1s concretas y mucho m\u00e1s efectivas. Tenemos 52 muertes a la semana pasada de rickettsia. Las dos terceras partes son en ni\u00f1os\u00bb, expuso.<\/p>\n<p>Del total de muertes, 18 se registran en el municipio de Hermosillo.<\/p>\n<p>Autoridades de salud y epidemiolog\u00eda aceptaron que los casos podr\u00edan ser m\u00e1s, pues ante la falta de pruebas o reactivos de laboratorio, posiblemente no se han confirmado la totalidad.<\/p>\n<p>Aunque se tienen identificadas las colonias y municipios en donde m\u00e1s se registra la enfermedad, las autoridades de salud no informaron qu\u00e9 sectores son, al considerar que se generan \u201cestigmas\u201d entre la poblaci\u00f3n.<\/p>\n","protected":false},"excerpt":{"rendered":"<p>14122015.HERMOSILLO, SONORA.MX.KARINA BARRAZA.\u2014 En Sonora han muerto 52 personas por rickettsia durante este 2015, sobre&#8230;<\/p>\n","protected":false},"author":1,"featured_media":0,"comment_status":"open","ping_status":"open","sticky":false,"template":"","format":"standard","meta":{"_monsterinsights_skip_tracking":false,"_monsterinsights_sitenote_active":false,"_monsterinsights_sitenote_note":"","_monsterinsights_sitenote_category":0,"footnotes":""},"categories":[13,4],"tags":[],"class_list":["post"],"yoast_head":" \n<title>Sonora en Equipo. En Sonora ya van 52 muertes por Rikettsia<\/title>\n<meta name=\"description\" content=\"14122015.HERMOSILLO, SONORA.MX.KARINA BARRAZA.\u2014 En Sonora han muerto 52 personas por rickettsia durante este 2015, sobre todo menores de 10 a\u00f1os de edad, En Sonora en Equipo publicamos toda la informaci\u00f3n de Sonora, M\u00e9xico y el Mundo de manera oportuna y busca que la libertad de expresi\u00f3n sea real. Visita nuestro medio informativo publicado desde Hermosillo, Sonora. %\" \/>\n<meta name=\"robots\" content=\"index, follow, max-snippet:-1, max-image-preview:large, max-video-preview:-1\" \/>\n<link rel=\"canonical\" href=\"https:\/\/www.sonoraenequipo.com.mx\/en-sonora-ya-van-52-muertes-por-rikettsia\/\" \/>\n<meta property=\"og:locale\" content=\"es_ES\" \/>\n<meta property=\"og:type\" content=\"article\" \/>\n<meta property=\"og:title\" content=\"Sonora en Equipo. En Sonora ya van 52 muertes por Rikettsia\" \/>\n<meta property=\"og:description\" content=\"14122015.HERMOSILLO, SONORA.MX.KARINA BARRAZA.\u2014 En Sonora han muerto 52 personas por rickettsia durante este 2015, sobre todo menores de 10 a\u00f1os de edad, En Sonora en Equipo publicamos toda la informaci\u00f3n de Sonora, M\u00e9xico y el Mundo de manera oportuna y busca que la libertad de expresi\u00f3n sea real. Visita nuestro medio informativo publicado desde Hermosillo, Sonora. %\" \/>\n<meta property=\"og:url\" content=\"https:\/\/www.sonoraenequipo.com.mx\/en-sonora-ya-van-52-muertes-por-rikettsia\/\" \/>\n<meta property=\"og:site_name\" content=\"Sonora en Equipo.\" \/>\n<meta property=\"article:publisher\" content=\"https:\/\/www.facebook.com\/SonoraEE\/\" \/>\n<meta property=\"article:author\" content=\"https:\/\/www.facebook.com\/SonoraEE\" \/>\n<meta property=\"article:published_time\" content=\"2015-12-14T17:19:11+00:00\" \/>\n<meta property=\"article:modified_time\" content=\"2015-12-15T17:34:01+00:00\" \/>\n<meta name=\"author\" content=\"enequipo\" \/>\n<meta name=\"twitter:card\" content=\"summary_large_image\" \/>\n<meta name=\"twitter:creator\" content=\"@sonoraenequipo\" \/>\n<meta name=\"twitter:site\" content=\"@sonoraenequipo\" \/>\n<meta name=\"twitter:label1\" content=\"Escrito por\" \/>\n\t<meta name=\"twitter:data1\" content=\"enequipo\" \/>\n\t<meta name=\"twitter:label2\" content=\"Tiempo de lectura\" \/>\n\t<meta name=\"twitter:data2\" content=\"1 minuto\" \/>\n<script type=\"application\/ld+json\" class=\"yoast-schema-graph\">{\"@context\":\"https:\/\/schema.org\",\"@graph\":[{\"@type\":\"Article\",\"@id\":\"https:\/\/www.sonoraenequipo.com.mx\/en-sonora-ya-van-52-muertes-por-rikettsia\/#article\",\"isPartOf\":{\"@id\":\"https:\/\/www.sonoraenequipo.com.mx\/en-sonora-ya-van-52-muertes-por-rikettsia\/\"},\"author\":{\"name\":\"enequipo\",\"@id\":\"https:\/\/www.sonoraenequipo.com.mx\/#\/schema\/person\/50102df0fb23a8fa9e8effad8fa81386\"},\"headline\":\"En Sonora ya van 52 muertes por Rikettsia\",\"datePublished\":\"2015-12-14T17:19:11+00:00\",\"dateModified\":\"2015-12-15T17:34:01+00:00\",\"mainEntityOfPage\":{\"@id\":\"https:\/\/www.sonoraenequipo.com.mx\/en-sonora-ya-van-52-muertes-por-rikettsia\/\"},\"wordCount\":232,\"commentCount\":0,\"publisher\":{\"@id\":\"https:\/\/www.sonoraenequipo.com.mx\/#organization\"},\"articleSection\":[\"Destacadas\",\"Municipios\"],\"inLanguage\":\"es\",\"potentialAction\":[{\"@type\":\"CommentAction\",\"name\":\"Comment\",\"target\":[\"https:\/\/www.sonoraenequipo.com.mx\/en-sonora-ya-van-52-muertes-por-rikettsia\/#respond\"]}]},{\"@type\":\"WebPage\",\"@id\":\"https:\/\/www.sonoraenequipo.com.mx\/en-sonora-ya-van-52-muertes-por-rikettsia\/\",\"url\":\"https:\/\/www.sonoraenequipo.com.mx\/en-sonora-ya-van-52-muertes-por-rikettsia\/\",\"name\":\"Sonora en Equipo. En Sonora ya van 52 muertes por Rikettsia\",\"isPartOf\":{\"@id\":\"https:\/\/www.sonoraenequipo.com.mx\/#website\"},\"datePublished\":\"2015-12-14T17:19:11+00:00\",\"dateModified\":\"2015-12-15T17:34:01+00:00\",\"description\":\"14122015.HERMOSILLO, SONORA.MX.KARINA BARRAZA.\u2014 En Sonora han muerto 52 personas por rickettsia durante este 2015, sobre todo menores de 10 a\u00f1os de edad, En Sonora en Equipo publicamos toda la informaci\u00f3n de Sonora, M\u00e9xico y el Mundo de manera oportuna y busca que la libertad de expresi\u00f3n sea real. Visita nuestro medio informativo publicado desde Hermosillo, Sonora. %\",\"breadcrumb\":{\"@id\":\"https:\/\/www.sonoraenequipo.com.mx\/en-sonora-ya-van-52-muertes-por-rikettsia\/#breadcrumb\"},\"inLanguage\":\"es\",\"potentialAction\":[{\"@type\":\"ReadAction\",\"target\":[\"https:\/\/www.sonoraenequipo.com.mx\/en-sonora-ya-van-52-muertes-por-rikettsia\/\"]}]},{\"@type\":\"BreadcrumbList\",\"@id\":\"https:\/\/www.sonoraenequipo.com.mx\/en-sonora-ya-van-52-muertes-por-rikettsia\/#breadcrumb\",\"itemListElement\":[{\"@type\":\"ListItem\",\"position\":1,\"name\":\"Portada\",\"item\":\"https:\/\/www.sonoraenequipo.com.mx\/\"},{\"@type\":\"ListItem\",\"position\":2,\"name\":\"En Sonora ya van 52 muertes por Rikettsia\"}]},{\"@type\":\"WebSite\",\"@id\":\"https:\/\/www.sonoraenequipo.com.mx\/#website\",\"url\":\"https:\/\/www.sonoraenequipo.com.mx\/\",\"name\":\"Sonora en Equipo.\",\"description\":\"Diario en l\u00ednea con Noticias desde Hermosillo, Sonora\",\"publisher\":{\"@id\":\"https:\/\/www.sonoraenequipo.com.mx\/#organization\"},\"potentialAction\":[{\"@type\":\"SearchAction\",\"target\":{\"@type\":\"EntryPoint\",\"urlTemplate\":\"https:\/\/www.sonoraenequipo.com.mx\/?s={search_term_string}\"},\"query-input\":{\"@type\":\"PropertyValueSpecification\",\"valueRequired\":true,\"valueName\":\"search_term_string\"}}],\"inLanguage\":\"es\"},{\"@type\":\"Organization\",\"@id\":\"https:\/\/www.sonoraenequipo.com.mx\/#organization\",\"name\":\"Sonoraenequipo.com.mx\",\"url\":\"https:\/\/www.sonoraenequipo.com.mx\/\",\"logo\":{\"@type\":\"ImageObject\",\"inLanguage\":\"es\",\"@id\":\"https:\/\/www.sonoraenequipo.com.mx\/#\/schema\/logo\/image\/\",\"url\":\"https:\/\/www.sonoraenequipo.com.mx\/storage\/2019\/01\/sonoraenequipo_opt.png\",\"contentUrl\":\"https:\/\/www.sonoraenequipo.com.mx\/storage\/2019\/01\/sonoraenequipo_opt.png\",\"width\":375,\"height\":125,\"caption\":\"Sonoraenequipo.com.mx\"},\"image\":{\"@id\":\"https:\/\/www.sonoraenequipo.com.mx\/#\/schema\/logo\/image\/\"},\"sameAs\":[\"https:\/\/www.facebook.com\/SonoraEE\/\",\"https:\/\/x.com\/sonoraenequipo\",\"https:\/\/www.youtube.com\/channel\/UC338nW-lPEYmJQs4ZABQ1SQ\"]},{\"@type\":\"Person\",\"@id\":\"https:\/\/www.sonoraenequipo.com.mx\/#\/schema\/person\/50102df0fb23a8fa9e8effad8fa81386\",\"name\":\"enequipo\",\"image\":{\"@type\":\"ImageObject\",\"inLanguage\":\"es\",\"@id\":\"https:\/\/www.sonoraenequipo.com.mx\/#\/schema\/person\/image\/\",\"url\":\"https:\/\/secure.gravatar.com\/avatar\/049821681b589dabc0bc20695993ccebb09f5b5d4d790cd9251b97faac7c652b?s=96&d=blank&r=g\",\"contentUrl\":\"https:\/\/secure.gravatar.com\/avatar\/049821681b589dabc0bc20695993ccebb09f5b5d4d790cd9251b97faac7c652b?s=96&d=blank&r=g\",\"caption\":\"enequipo\"},\"sameAs\":[\"https:\/\/www.facebook.com\/SonoraEE\"]}]}<\/script>\n ","yoast_head_json":{"title":"Sonora en Equipo. En Sonora ya van 52 muertes por Rikettsia","description":"14122015.HERMOSILLO, SONORA.MX.KARINA BARRAZA.\u2014 En Sonora han muerto 52 personas por rickettsia durante este 2015, sobre todo menores de 10 a\u00f1os de edad, En Sonora en Equipo publicamos toda la informaci\u00f3n de Sonora, M\u00e9xico y el Mundo de manera oportuna y busca que la libertad de expresi\u00f3n sea real. Visita nuestro medio informativo publicado desde Hermosillo, Sonora. %","robots":{"index":"index","follow":"follow","max-snippet":"max-snippet:-1","max-image-preview":"max-image-preview:large","max-video-preview":"max-video-preview:-1"},"canonical":"https:\/\/www.sonoraenequipo.com.mx\/en-sonora-ya-van-52-muertes-por-rikettsia\/","og_locale":"es_ES","og_type":"article","og_title":"Sonora en Equipo. En Sonora ya van 52 muertes por Rikettsia","og_description":"14122015.HERMOSILLO, SONORA.MX.KARINA BARRAZA.\u2014 En Sonora han muerto 52 personas por rickettsia durante este 2015, sobre todo menores de 10 a\u00f1os de edad, En Sonora en Equipo publicamos toda la informaci\u00f3n de Sonora, M\u00e9xico y el Mundo de manera oportuna y busca que la libertad de expresi\u00f3n sea real. Visita nuestro medio informativo publicado desde Hermosillo, Sonora. %","og_url":"https:\/\/www.sonoraenequipo.com.mx\/en-sonora-ya-van-52-muertes-por-rikettsia\/","og_site_name":"Sonora en Equipo.","article_publisher":"https:\/\/www.facebook.com\/SonoraEE\/","article_author":"https:\/\/www.facebook.com\/SonoraEE","article_published_time":"2015-12-14T17:19:11+00:00","article_modified_time":"2015-12-15T17:34:01+00:00","author":"enequipo","twitter_card":"summary_large_image","twitter_creator":"@sonoraenequipo","twitter_site":"@sonoraenequipo","twitter_misc":{"Escrito por":"enequipo","Tiempo de lectura":"1 minuto"},"schema":{"@context":"https:\/\/schema.org","@graph":[{"@type":"Article","@id":"https:\/\/www.sonoraenequipo.com.mx\/en-sonora-ya-van-52-muertes-por-rikettsia\/#article","isPartOf":{"@id":"https:\/\/www.sonoraenequipo.com.mx\/en-sonora-ya-van-52-muertes-por-rikettsia\/"},"author":{"name":"enequipo","@id":"https:\/\/www.sonoraenequipo.com.mx\/#\/schema\/person\/50102df0fb23a8fa9e8effad8fa81386"},"headline":"En Sonora ya van 52 muertes por Rikettsia","datePublished":"2015-12-14T17:19:11+00:00","dateModified":"2015-12-15T17:34:01+00:00","mainEntityOfPage":{"@id":"https:\/\/www.sonoraenequipo.com.mx\/en-sonora-ya-van-52-muertes-por-rikettsia\/"},"wordCount":232,"commentCount":0,"publisher":{"@id":"https:\/\/www.sonoraenequipo.com.mx\/#organization"},"articleSection":["Destacadas","Municipios"],"inLanguage":"es","potentialAction":[{"@type":"CommentAction","name":"Comment","target":["https:\/\/www.sonoraenequipo.com.mx\/en-sonora-ya-van-52-muertes-por-rikettsia\/#respond"]}]},{"@type":"WebPage","@id":"https:\/\/www.sonoraenequipo.com.mx\/en-sonora-ya-van-52-muertes-por-rikettsia\/","url":"https:\/\/www.sonoraenequipo.com.mx\/en-sonora-ya-van-52-muertes-por-rikettsia\/","name":"Sonora en Equipo. En Sonora ya van 52 muertes por Rikettsia","isPartOf":{"@id":"https:\/\/www.sonoraenequipo.com.mx\/#website"},"datePublished":"2015-12-14T17:19:11+00:00","dateModified":"2015-12-15T17:34:01+00:00","description":"14122015.HERMOSILLO, SONORA.MX.KARINA BARRAZA.\u2014 En Sonora han muerto 52 personas por rickettsia durante este 2015, sobre todo menores de 10 a\u00f1os de edad, En Sonora en Equipo publicamos toda la informaci\u00f3n de Sonora, M\u00e9xico y el Mundo de manera oportuna y busca que la libertad de expresi\u00f3n sea real. Visita nuestro medio informativo publicado desde Hermosillo, Sonora. %","breadcrumb":{"@id":"https:\/\/www.sonoraenequipo.com.mx\/en-sonora-ya-van-52-muertes-por-rikettsia\/#breadcrumb"},"inLanguage":"es","potentialAction":[{"@type":"ReadAction","target":["https:\/\/www.sonoraenequipo.com.mx\/en-sonora-ya-van-52-muertes-por-rikettsia\/"]}]},{"@type":"BreadcrumbList","@id":"https:\/\/www.sonoraenequipo.com.mx\/en-sonora-ya-van-52-muertes-por-rikettsia\/#breadcrumb","itemListElement":[{"@type":"ListItem","position":1,"name":"Portada","item":"https:\/\/www.sonoraenequipo.com.mx\/"},{"@type":"ListItem","position":2,"name":"En Sonora ya van 52 muertes por Rikettsia"}]},{"@type":"WebSite","@id":"https:\/\/www.sonoraenequipo.com.mx\/#website","url":"https:\/\/www.sonoraenequipo.com.mx\/","name":"Sonora en Equipo.","description":"Diario en l\u00ednea con Noticias desde Hermosillo, Sonora","publisher":{"@id":"https:\/\/www.sonoraenequipo.com.mx\/#organization"},"potentialAction":[{"@type":"SearchAction","target":{"@type":"EntryPoint","urlTemplate":"https:\/\/www.sonoraenequipo.com.mx\/?s={search_term_string}"},"query-input":{"@type":"PropertyValueSpecification","valueRequired":true,"valueName":"search_term_string"}}],"inLanguage":"es"},{"@type":"Organization","@id":"https:\/\/www.sonoraenequipo.com.mx\/#organization","name":"Sonoraenequipo.com.mx","url":"https:\/\/www.sonoraenequipo.com.mx\/","logo":{"@type":"ImageObject","inLanguage":"es","@id":"https:\/\/www.sonoraenequipo.com.mx\/#\/schema\/logo\/image\/","url":"https:\/\/www.sonoraenequipo.com.mx\/storage\/2019\/01\/sonoraenequipo_opt.png","contentUrl":"https:\/\/www.sonoraenequipo.com.mx\/storage\/2019\/01\/sonoraenequipo_opt.png","width":375,"height":125,"caption":"Sonoraenequipo.com.mx"},"image":{"@id":"https:\/\/www.sonoraenequipo.com.mx\/#\/schema\/logo\/image\/"},"sameAs":["https:\/\/www.facebook.com\/SonoraEE\/","https:\/\/x.com\/sonoraenequipo","https:\/\/www.youtube.com\/channel\/UC338nW-lPEYmJQs4ZABQ1SQ"]},{"@type":"Person","@id":"https:\/\/www.sonoraenequipo.com.mx\/#\/schema\/person\/50102df0fb23a8fa9e8effad8fa81386","name":"enequipo","image":{"@type":"ImageObject","inLanguage":"es","@id":"https:\/\/www.sonoraenequipo.com.mx\/#\/schema\/person\/image\/","url":"https:\/\/secure.gravatar.com\/avatar\/049821681b589dabc0bc20695993ccebb09f5b5d4d790cd9251b97faac7c652b?s=96&d=blank&r=g","contentUrl":"https:\/\/secure.gravatar.com\/avatar\/049821681b589dabc0bc20695993ccebb09f5b5d4d790cd9251b97faac7c652b?s=96&d=blank&r=g","caption":"enequipo"},"sameAs":["https:\/\/www.facebook.com\/SonoraEE"]}]}},"jetpack_featured_media_url":"","_links":{"self":[{"href":"https:\/\/www.sonoraenequipo.com.mx\/api\/wp\/v2\/posts\/1463","targetHints":{"allow":["GET"]}}],"collection":[{"href":"https:\/\/www.sonoraenequipo.com.mx\/api\/wp\/v2\/posts"}],"about":[{"href":"https:\/\/www.sonoraenequipo.com.mx\/api\/wp\/v2\/types\/post"}],"author":[{"embeddable":true,"href":"https:\/\/www.sonoraenequipo.com.mx\/api\/wp\/v2\/users\/1"}],"replies":[{"embeddable":true,"href":"https:\/\/www.sonoraenequipo.com.mx\/api\/wp\/v2\/comments?post=1463"}],"version-history":[{"count":0,"href":"https:\/\/www.sonoraenequipo.com.mx\/api\/wp\/v2\/posts\/1463\/revisions"}],"wp:attachment":[{"href":"https:\/\/www.sonoraenequipo.com.mx\/api\/wp\/v2\/media?parent=1463"}],"wp:term":[{"taxonomy":"category","embeddable":true,"href":"https:\/\/www.sonoraenequipo.com.mx\/api\/wp\/v2\/categories?post=1463"},{"taxonomy":"post_tag","embeddable":true,"href":"https:\/\/www.sonoraenequipo.com.mx\/api\/wp\/v2\/tags?post=1463"}],"curies":[{"name":"wp","href":"https:\/\/api.w.org\/{rel}","templated":true}]}}