{"id":147153,"date":"2022-09-14T13:58:29","date_gmt":"2022-09-14T20:58:29","guid":{"rendered":"https:\/\/www.sonoraenequipo.com.mx\/?p=147153"},"modified":"2022-09-14T13:58:29","modified_gmt":"2022-09-14T20:58:29","slug":"firman-convenio-de-colaboracion-salud-sonora-y-unison","status":"publish","type":"post","link":"https:\/\/www.sonoraenequipo.com.mx\/firman-convenio-de-colaboracion-salud-sonora-y-unison\/","title":{"rendered":"Firman convenio de colaboraci\u00f3n Salud Sonora y Unison"},"content":{"rendered":"<p>\u25baEl convenio de cinco a\u00f1os beneficiar\u00e1 a los estudiantes de los campus en Hermosillo y Cajeme<\/p>\n<p>&nbsp;<\/p>\n<p><strong>HERMOSILLO, SONORA,MX.<\/strong><strong>\u2500\u2500<\/strong> La Secretar\u00eda de Salud (SSA) y la Universidad de Sonora (Unison) firmaron un Convenio Espec\u00edfico de Colaboraci\u00f3n en Materia de Pr\u00e1cticas Cl\u00ednicas y Servicio Social para las licenciaturas de Enfermer\u00eda y Medicina.<\/p>\n<p>&nbsp;<\/p>\n<p>El secretario de Salud, Jos\u00e9 Luis Alom\u00eda Zegarra, recalc\u00f3 la importancia de esta colaboraci\u00f3n, la cual se refuerza cada a\u00f1o, con la finalidad de establecer par\u00e1metros para que alumnos de dichas carreras presten sus pr\u00e1cticas cl\u00ednicas y servicio social en las unidades de la dependencia, otorg\u00e1ndoles herramientas en su camino al aprendizaje.<\/p>\n<p>&nbsp;<\/p>\n<p>Destac\u00f3 que es fundamental que el estudiantado tenga contacto y relaci\u00f3n directa con las y los pacientes, as\u00ed como contar con espacios adecuados para la interacci\u00f3n; por ello la Secretar\u00eda de Salud puso a su disposici\u00f3n sus instalaciones.<\/p>\n<p>&nbsp;<\/p>\n<p>\u201cEste tipo de convenios de colaboraci\u00f3n tienen como fin que estos espacios en las unidades de salud y en otras \u00e1reas de la secretar\u00eda est\u00e9n siempre disponibles para que los alumnos puedan llevarlo a cabo sus pr\u00e1cticas y servicio. Sabemos que en este caso estamos firmando para el campus Hermosillo y Cajeme, sin embargo, las unidades que se tienen en todo el estado estar\u00e1n siempre disponibles para los alumnos de otras unidades\u201d, asegur\u00f3.<\/p>\n<p>&nbsp;<\/p>\n<p>Por su parte, Mar\u00eda Rita Plancarte Mart\u00ednez, rectora de la Universidad de Sonora, dijo que es muy importante que se haya ampliado la matr\u00edcula de estudiantes con necesidades de pr\u00e1cticas profesionales y para servicio social, pues m\u00e1s alumnos tendr\u00e1n la oportunidad de mayor aprendizaje, y, por ende, el estado de Sonora contar\u00e1 con m\u00e1s profesionales de salud.<\/p>\n<p>&nbsp;<\/p>\n<p>Agradeci\u00f3 tambi\u00e9n la apertura que ha tenido la Secretar\u00eda de Salud con los estudiantes de las carreras de Odontolog\u00eda, Qu\u00edmico y Qu\u00edmico Bi\u00f3logo, a quienes se les han abierto las puertas de la instituci\u00f3n m\u00e9dica para que cada uno de ellos se pueda desarrollar profesionalmente.<\/p>\n<p><strong><u>Fecha de publicaci\u00f3n 14 de septiembre de 2022<\/u><\/strong><\/p>\n","protected":false},"excerpt":{"rendered":"<p>\u25baEl convenio de cinco a\u00f1os beneficiar\u00e1 a los estudiantes de los campus en Hermosillo y&#8230;<\/p>\n","protected":false},"author":1,"featured_media":147154,"comment_status":"open","ping_status":"open","sticky":false,"template":"","format":"standard","meta":{"_monsterinsights_skip_tracking":false,"_monsterinsights_sitenote_active":false,"_monsterinsights_sitenote_note":"","_monsterinsights_sitenote_category":0,"footnotes":""},"categories":[22],"tags":[74,15,63],"class_list":["post"],"yoast_head":" \n<title>Sonora en Equipo. Firman convenio de colaboraci\u00f3n Salud Sonora y Unison Sonora<\/title>\n<meta name=\"description\" content=\"\u25baEl convenio de cinco a\u00f1os beneficiar\u00e1 a los estudiantes de los campus en Hermosillo y Cajeme &nbsp; HERMOSILLO, SONORA,MX.\u2500\u2500 La Secretar\u00eda de Salud (SSA) En Sonora en Equipo publicamos toda la informaci\u00f3n de Sonora, M\u00e9xico y el Mundo de manera oportuna y busca que la libertad de expresi\u00f3n sea real. Visita nuestro medio informativo publicado desde Hermosillo, Sonora. %\" \/>\n<meta name=\"robots\" content=\"index, follow, max-snippet:-1, max-image-preview:large, max-video-preview:-1\" \/>\n<link rel=\"canonical\" href=\"https:\/\/www.sonoraenequipo.com.mx\/firman-convenio-de-colaboracion-salud-sonora-y-unison\/\" \/>\n<meta property=\"og:locale\" content=\"es_ES\" \/>\n<meta property=\"og:type\" content=\"article\" \/>\n<meta property=\"og:title\" content=\"Sonora en Equipo. Firman convenio de colaboraci\u00f3n Salud Sonora y Unison Sonora\" \/>\n<meta property=\"og:description\" content=\"\u25baEl convenio de cinco a\u00f1os beneficiar\u00e1 a los estudiantes de los campus en Hermosillo y Cajeme &nbsp; HERMOSILLO, SONORA,MX.\u2500\u2500 La Secretar\u00eda de Salud (SSA) En Sonora en Equipo publicamos toda la informaci\u00f3n de Sonora, M\u00e9xico y el Mundo de manera oportuna y busca que la libertad de expresi\u00f3n sea real. Visita nuestro medio informativo publicado desde Hermosillo, Sonora. %\" \/>\n<meta property=\"og:url\" content=\"https:\/\/www.sonoraenequipo.com.mx\/firman-convenio-de-colaboracion-salud-sonora-y-unison\/\" \/>\n<meta property=\"og:site_name\" content=\"Sonora en Equipo.\" \/>\n<meta property=\"article:publisher\" content=\"https:\/\/www.facebook.com\/SonoraEE\/\" \/>\n<meta property=\"article:author\" content=\"https:\/\/www.facebook.com\/SonoraEE\" \/>\n<meta property=\"article:published_time\" content=\"2022-09-14T20:58:29+00:00\" \/>\n<meta property=\"og:image\" content=\"https:\/\/www.sonoraenequipo.com.mx\/storage\/2022\/09\/unisonsalud.jpg\" \/>\n\t<meta property=\"og:image:width\" content=\"900\" \/>\n\t<meta property=\"og:image:height\" content=\"564\" \/>\n\t<meta property=\"og:image:type\" content=\"image\/jpeg\" \/>\n<meta name=\"author\" content=\"enequipo\" \/>\n<meta name=\"twitter:card\" content=\"summary_large_image\" \/>\n<meta name=\"twitter:creator\" content=\"@sonoraenequipo\" \/>\n<meta name=\"twitter:site\" content=\"@sonoraenequipo\" \/>\n<meta name=\"twitter:label1\" content=\"Escrito por\" \/>\n\t<meta name=\"twitter:data1\" content=\"enequipo\" \/>\n\t<meta name=\"twitter:label2\" content=\"Tiempo de lectura\" \/>\n\t<meta name=\"twitter:data2\" content=\"2 minutos\" \/>\n<script type=\"application\/ld+json\" class=\"yoast-schema-graph\">{\"@context\":\"https:\/\/schema.org\",\"@graph\":[{\"@type\":\"Article\",\"@id\":\"https:\/\/www.sonoraenequipo.com.mx\/firman-convenio-de-colaboracion-salud-sonora-y-unison\/#article\",\"isPartOf\":{\"@id\":\"https:\/\/www.sonoraenequipo.com.mx\/firman-convenio-de-colaboracion-salud-sonora-y-unison\/\"},\"author\":{\"name\":\"enequipo\",\"@id\":\"https:\/\/www.sonoraenequipo.com.mx\/#\/schema\/person\/50102df0fb23a8fa9e8effad8fa81386\"},\"headline\":\"Firman convenio de colaboraci\u00f3n Salud Sonora y Unison\",\"datePublished\":\"2022-09-14T20:58:29+00:00\",\"mainEntityOfPage\":{\"@id\":\"https:\/\/www.sonoraenequipo.com.mx\/firman-convenio-de-colaboracion-salud-sonora-y-unison\/\"},\"wordCount\":376,\"commentCount\":0,\"publisher\":{\"@id\":\"https:\/\/www.sonoraenequipo.com.mx\/#organization\"},\"image\":{\"@id\":\"https:\/\/www.sonoraenequipo.com.mx\/firman-convenio-de-colaboracion-salud-sonora-y-unison\/#primaryimage\"},\"thumbnailUrl\":\"https:\/\/www.sonoraenequipo.com.mx\/storage\/2022\/09\/unisonsalud.jpg\",\"keywords\":[\"salud\",\"Sonora\",\"UniSon\"],\"articleSection\":[\"Sonora\"],\"inLanguage\":\"es\",\"potentialAction\":[{\"@type\":\"CommentAction\",\"name\":\"Comment\",\"target\":[\"https:\/\/www.sonoraenequipo.com.mx\/firman-convenio-de-colaboracion-salud-sonora-y-unison\/#respond\"]}]},{\"@type\":\"WebPage\",\"@id\":\"https:\/\/www.sonoraenequipo.com.mx\/firman-convenio-de-colaboracion-salud-sonora-y-unison\/\",\"url\":\"https:\/\/www.sonoraenequipo.com.mx\/firman-convenio-de-colaboracion-salud-sonora-y-unison\/\",\"name\":\"Sonora en Equipo. Firman convenio de colaboraci\u00f3n Salud Sonora y Unison Sonora\",\"isPartOf\":{\"@id\":\"https:\/\/www.sonoraenequipo.com.mx\/#website\"},\"primaryImageOfPage\":{\"@id\":\"https:\/\/www.sonoraenequipo.com.mx\/firman-convenio-de-colaboracion-salud-sonora-y-unison\/#primaryimage\"},\"image\":{\"@id\":\"https:\/\/www.sonoraenequipo.com.mx\/firman-convenio-de-colaboracion-salud-sonora-y-unison\/#primaryimage\"},\"thumbnailUrl\":\"https:\/\/www.sonoraenequipo.com.mx\/storage\/2022\/09\/unisonsalud.jpg\",\"datePublished\":\"2022-09-14T20:58:29+00:00\",\"description\":\"\u25baEl convenio de cinco a\u00f1os beneficiar\u00e1 a los estudiantes de los campus en Hermosillo y Cajeme &nbsp; HERMOSILLO, SONORA,MX.\u2500\u2500 La Secretar\u00eda de Salud (SSA) En Sonora en Equipo publicamos toda la informaci\u00f3n de Sonora, M\u00e9xico y el Mundo de manera oportuna y busca que la libertad de expresi\u00f3n sea real. Visita nuestro medio informativo publicado desde Hermosillo, Sonora. %\",\"breadcrumb\":{\"@id\":\"https:\/\/www.sonoraenequipo.com.mx\/firman-convenio-de-colaboracion-salud-sonora-y-unison\/#breadcrumb\"},\"inLanguage\":\"es\",\"potentialAction\":[{\"@type\":\"ReadAction\",\"target\":[\"https:\/\/www.sonoraenequipo.com.mx\/firman-convenio-de-colaboracion-salud-sonora-y-unison\/\"]}]},{\"@type\":\"ImageObject\",\"inLanguage\":\"es\",\"@id\":\"https:\/\/www.sonoraenequipo.com.mx\/firman-convenio-de-colaboracion-salud-sonora-y-unison\/#primaryimage\",\"url\":\"https:\/\/www.sonoraenequipo.com.mx\/storage\/2022\/09\/unisonsalud.jpg\",\"contentUrl\":\"https:\/\/www.sonoraenequipo.com.mx\/storage\/2022\/09\/unisonsalud.jpg\",\"width\":900,\"height\":564},{\"@type\":\"BreadcrumbList\",\"@id\":\"https:\/\/www.sonoraenequipo.com.mx\/firman-convenio-de-colaboracion-salud-sonora-y-unison\/#breadcrumb\",\"itemListElement\":[{\"@type\":\"ListItem\",\"position\":1,\"name\":\"Portada\",\"item\":\"https:\/\/www.sonoraenequipo.com.mx\/\"},{\"@type\":\"ListItem\",\"position\":2,\"name\":\"Firman convenio de colaboraci\u00f3n Salud Sonora y Unison\"}]},{\"@type\":\"WebSite\",\"@id\":\"https:\/\/www.sonoraenequipo.com.mx\/#website\",\"url\":\"https:\/\/www.sonoraenequipo.com.mx\/\",\"name\":\"Sonora en Equipo.\",\"description\":\"Diario en l\u00ednea con Noticias desde Hermosillo, Sonora\",\"publisher\":{\"@id\":\"https:\/\/www.sonoraenequipo.com.mx\/#organization\"},\"potentialAction\":[{\"@type\":\"SearchAction\",\"target\":{\"@type\":\"EntryPoint\",\"urlTemplate\":\"https:\/\/www.sonoraenequipo.com.mx\/?s={search_term_string}\"},\"query-input\":{\"@type\":\"PropertyValueSpecification\",\"valueRequired\":true,\"valueName\":\"search_term_string\"}}],\"inLanguage\":\"es\"},{\"@type\":\"Organization\",\"@id\":\"https:\/\/www.sonoraenequipo.com.mx\/#organization\",\"name\":\"Sonoraenequipo.com.mx\",\"url\":\"https:\/\/www.sonoraenequipo.com.mx\/\",\"logo\":{\"@type\":\"ImageObject\",\"inLanguage\":\"es\",\"@id\":\"https:\/\/www.sonoraenequipo.com.mx\/#\/schema\/logo\/image\/\",\"url\":\"https:\/\/www.sonoraenequipo.com.mx\/storage\/2019\/01\/sonoraenequipo_opt.png\",\"contentUrl\":\"https:\/\/www.sonoraenequipo.com.mx\/storage\/2019\/01\/sonoraenequipo_opt.png\",\"width\":375,\"height\":125,\"caption\":\"Sonoraenequipo.com.mx\"},\"image\":{\"@id\":\"https:\/\/www.sonoraenequipo.com.mx\/#\/schema\/logo\/image\/\"},\"sameAs\":[\"https:\/\/www.facebook.com\/SonoraEE\/\",\"https:\/\/x.com\/sonoraenequipo\",\"https:\/\/www.youtube.com\/channel\/UC338nW-lPEYmJQs4ZABQ1SQ\"]},{\"@type\":\"Person\",\"@id\":\"https:\/\/www.sonoraenequipo.com.mx\/#\/schema\/person\/50102df0fb23a8fa9e8effad8fa81386\",\"name\":\"enequipo\",\"image\":{\"@type\":\"ImageObject\",\"inLanguage\":\"es\",\"@id\":\"https:\/\/www.sonoraenequipo.com.mx\/#\/schema\/person\/image\/\",\"url\":\"https:\/\/secure.gravatar.com\/avatar\/049821681b589dabc0bc20695993ccebb09f5b5d4d790cd9251b97faac7c652b?s=96&d=blank&r=g\",\"contentUrl\":\"https:\/\/secure.gravatar.com\/avatar\/049821681b589dabc0bc20695993ccebb09f5b5d4d790cd9251b97faac7c652b?s=96&d=blank&r=g\",\"caption\":\"enequipo\"},\"sameAs\":[\"https:\/\/www.facebook.com\/SonoraEE\"]}]}<\/script>\n ","yoast_head_json":{"title":"Sonora en Equipo. Firman convenio de colaboraci\u00f3n Salud Sonora y Unison Sonora","description":"\u25baEl convenio de cinco a\u00f1os beneficiar\u00e1 a los estudiantes de los campus en Hermosillo y Cajeme &nbsp; HERMOSILLO, SONORA,MX.\u2500\u2500 La Secretar\u00eda de Salud (SSA) En Sonora en Equipo publicamos toda la informaci\u00f3n de Sonora, M\u00e9xico y el Mundo de manera oportuna y busca que la libertad de expresi\u00f3n sea real. Visita nuestro medio informativo publicado desde Hermosillo, Sonora. %","robots":{"index":"index","follow":"follow","max-snippet":"max-snippet:-1","max-image-preview":"max-image-preview:large","max-video-preview":"max-video-preview:-1"},"canonical":"https:\/\/www.sonoraenequipo.com.mx\/firman-convenio-de-colaboracion-salud-sonora-y-unison\/","og_locale":"es_ES","og_type":"article","og_title":"Sonora en Equipo. Firman convenio de colaboraci\u00f3n Salud Sonora y Unison Sonora","og_description":"\u25baEl convenio de cinco a\u00f1os beneficiar\u00e1 a los estudiantes de los campus en Hermosillo y Cajeme &nbsp; HERMOSILLO, SONORA,MX.\u2500\u2500 La Secretar\u00eda de Salud (SSA) En Sonora en Equipo publicamos toda la informaci\u00f3n de Sonora, M\u00e9xico y el Mundo de manera oportuna y busca que la libertad de expresi\u00f3n sea real. Visita nuestro medio informativo publicado desde Hermosillo, Sonora. %","og_url":"https:\/\/www.sonoraenequipo.com.mx\/firman-convenio-de-colaboracion-salud-sonora-y-unison\/","og_site_name":"Sonora en Equipo.","article_publisher":"https:\/\/www.facebook.com\/SonoraEE\/","article_author":"https:\/\/www.facebook.com\/SonoraEE","article_published_time":"2022-09-14T20:58:29+00:00","og_image":[{"width":900,"height":564,"url":"https:\/\/www.sonoraenequipo.com.mx\/storage\/2022\/09\/unisonsalud.jpg","type":"image\/jpeg"}],"author":"enequipo","twitter_card":"summary_large_image","twitter_creator":"@sonoraenequipo","twitter_site":"@sonoraenequipo","twitter_misc":{"Escrito por":"enequipo","Tiempo de lectura":"2 minutos"},"schema":{"@context":"https:\/\/schema.org","@graph":[{"@type":"Article","@id":"https:\/\/www.sonoraenequipo.com.mx\/firman-convenio-de-colaboracion-salud-sonora-y-unison\/#article","isPartOf":{"@id":"https:\/\/www.sonoraenequipo.com.mx\/firman-convenio-de-colaboracion-salud-sonora-y-unison\/"},"author":{"name":"enequipo","@id":"https:\/\/www.sonoraenequipo.com.mx\/#\/schema\/person\/50102df0fb23a8fa9e8effad8fa81386"},"headline":"Firman convenio de colaboraci\u00f3n Salud Sonora y Unison","datePublished":"2022-09-14T20:58:29+00:00","mainEntityOfPage":{"@id":"https:\/\/www.sonoraenequipo.com.mx\/firman-convenio-de-colaboracion-salud-sonora-y-unison\/"},"wordCount":376,"commentCount":0,"publisher":{"@id":"https:\/\/www.sonoraenequipo.com.mx\/#organization"},"image":{"@id":"https:\/\/www.sonoraenequipo.com.mx\/firman-convenio-de-colaboracion-salud-sonora-y-unison\/#primaryimage"},"thumbnailUrl":"https:\/\/www.sonoraenequipo.com.mx\/storage\/2022\/09\/unisonsalud.jpg","keywords":["salud","Sonora","UniSon"],"articleSection":["Sonora"],"inLanguage":"es","potentialAction":[{"@type":"CommentAction","name":"Comment","target":["https:\/\/www.sonoraenequipo.com.mx\/firman-convenio-de-colaboracion-salud-sonora-y-unison\/#respond"]}]},{"@type":"WebPage","@id":"https:\/\/www.sonoraenequipo.com.mx\/firman-convenio-de-colaboracion-salud-sonora-y-unison\/","url":"https:\/\/www.sonoraenequipo.com.mx\/firman-convenio-de-colaboracion-salud-sonora-y-unison\/","name":"Sonora en Equipo. Firman convenio de colaboraci\u00f3n Salud Sonora y Unison Sonora","isPartOf":{"@id":"https:\/\/www.sonoraenequipo.com.mx\/#website"},"primaryImageOfPage":{"@id":"https:\/\/www.sonoraenequipo.com.mx\/firman-convenio-de-colaboracion-salud-sonora-y-unison\/#primaryimage"},"image":{"@id":"https:\/\/www.sonoraenequipo.com.mx\/firman-convenio-de-colaboracion-salud-sonora-y-unison\/#primaryimage"},"thumbnailUrl":"https:\/\/www.sonoraenequipo.com.mx\/storage\/2022\/09\/unisonsalud.jpg","datePublished":"2022-09-14T20:58:29+00:00","description":"\u25baEl convenio de cinco a\u00f1os beneficiar\u00e1 a los estudiantes de los campus en Hermosillo y Cajeme &nbsp; HERMOSILLO, SONORA,MX.\u2500\u2500 La Secretar\u00eda de Salud (SSA) En Sonora en Equipo publicamos toda la informaci\u00f3n de Sonora, M\u00e9xico y el Mundo de manera oportuna y busca que la libertad de expresi\u00f3n sea real. Visita nuestro medio informativo publicado desde Hermosillo, Sonora. %","breadcrumb":{"@id":"https:\/\/www.sonoraenequipo.com.mx\/firman-convenio-de-colaboracion-salud-sonora-y-unison\/#breadcrumb"},"inLanguage":"es","potentialAction":[{"@type":"ReadAction","target":["https:\/\/www.sonoraenequipo.com.mx\/firman-convenio-de-colaboracion-salud-sonora-y-unison\/"]}]},{"@type":"ImageObject","inLanguage":"es","@id":"https:\/\/www.sonoraenequipo.com.mx\/firman-convenio-de-colaboracion-salud-sonora-y-unison\/#primaryimage","url":"https:\/\/www.sonoraenequipo.com.mx\/storage\/2022\/09\/unisonsalud.jpg","contentUrl":"https:\/\/www.sonoraenequipo.com.mx\/storage\/2022\/09\/unisonsalud.jpg","width":900,"height":564},{"@type":"BreadcrumbList","@id":"https:\/\/www.sonoraenequipo.com.mx\/firman-convenio-de-colaboracion-salud-sonora-y-unison\/#breadcrumb","itemListElement":[{"@type":"ListItem","position":1,"name":"Portada","item":"https:\/\/www.sonoraenequipo.com.mx\/"},{"@type":"ListItem","position":2,"name":"Firman convenio de colaboraci\u00f3n Salud Sonora y Unison"}]},{"@type":"WebSite","@id":"https:\/\/www.sonoraenequipo.com.mx\/#website","url":"https:\/\/www.sonoraenequipo.com.mx\/","name":"Sonora en Equipo.","description":"Diario en l\u00ednea con Noticias desde Hermosillo, Sonora","publisher":{"@id":"https:\/\/www.sonoraenequipo.com.mx\/#organization"},"potentialAction":[{"@type":"SearchAction","target":{"@type":"EntryPoint","urlTemplate":"https:\/\/www.sonoraenequipo.com.mx\/?s={search_term_string}"},"query-input":{"@type":"PropertyValueSpecification","valueRequired":true,"valueName":"search_term_string"}}],"inLanguage":"es"},{"@type":"Organization","@id":"https:\/\/www.sonoraenequipo.com.mx\/#organization","name":"Sonoraenequipo.com.mx","url":"https:\/\/www.sonoraenequipo.com.mx\/","logo":{"@type":"ImageObject","inLanguage":"es","@id":"https:\/\/www.sonoraenequipo.com.mx\/#\/schema\/logo\/image\/","url":"https:\/\/www.sonoraenequipo.com.mx\/storage\/2019\/01\/sonoraenequipo_opt.png","contentUrl":"https:\/\/www.sonoraenequipo.com.mx\/storage\/2019\/01\/sonoraenequipo_opt.png","width":375,"height":125,"caption":"Sonoraenequipo.com.mx"},"image":{"@id":"https:\/\/www.sonoraenequipo.com.mx\/#\/schema\/logo\/image\/"},"sameAs":["https:\/\/www.facebook.com\/SonoraEE\/","https:\/\/x.com\/sonoraenequipo","https:\/\/www.youtube.com\/channel\/UC338nW-lPEYmJQs4ZABQ1SQ"]},{"@type":"Person","@id":"https:\/\/www.sonoraenequipo.com.mx\/#\/schema\/person\/50102df0fb23a8fa9e8effad8fa81386","name":"enequipo","image":{"@type":"ImageObject","inLanguage":"es","@id":"https:\/\/www.sonoraenequipo.com.mx\/#\/schema\/person\/image\/","url":"https:\/\/secure.gravatar.com\/avatar\/049821681b589dabc0bc20695993ccebb09f5b5d4d790cd9251b97faac7c652b?s=96&d=blank&r=g","contentUrl":"https:\/\/secure.gravatar.com\/avatar\/049821681b589dabc0bc20695993ccebb09f5b5d4d790cd9251b97faac7c652b?s=96&d=blank&r=g","caption":"enequipo"},"sameAs":["https:\/\/www.facebook.com\/SonoraEE"]}]}},"jetpack_featured_media_url":"https:\/\/www.sonoraenequipo.com.mx\/storage\/2022\/09\/unisonsalud.jpg","_links":{"self":[{"href":"https:\/\/www.sonoraenequipo.com.mx\/api\/wp\/v2\/posts\/147153","targetHints":{"allow":["GET"]}}],"collection":[{"href":"https:\/\/www.sonoraenequipo.com.mx\/api\/wp\/v2\/posts"}],"about":[{"href":"https:\/\/www.sonoraenequipo.com.mx\/api\/wp\/v2\/types\/post"}],"author":[{"embeddable":true,"href":"https:\/\/www.sonoraenequipo.com.mx\/api\/wp\/v2\/users\/1"}],"replies":[{"embeddable":true,"href":"https:\/\/www.sonoraenequipo.com.mx\/api\/wp\/v2\/comments?post=147153"}],"version-history":[{"count":1,"href":"https:\/\/www.sonoraenequipo.com.mx\/api\/wp\/v2\/posts\/147153\/revisions"}],"predecessor-version":[{"id":147155,"href":"https:\/\/www.sonoraenequipo.com.mx\/api\/wp\/v2\/posts\/147153\/revisions\/147155"}],"wp:featuredmedia":[{"embeddable":true,"href":"https:\/\/www.sonoraenequipo.com.mx\/api\/wp\/v2\/media\/147154"}],"wp:attachment":[{"href":"https:\/\/www.sonoraenequipo.com.mx\/api\/wp\/v2\/media?parent=147153"}],"wp:term":[{"taxonomy":"category","embeddable":true,"href":"https:\/\/www.sonoraenequipo.com.mx\/api\/wp\/v2\/categories?post=147153"},{"taxonomy":"post_tag","embeddable":true,"href":"https:\/\/www.sonoraenequipo.com.mx\/api\/wp\/v2\/tags?post=147153"}],"curies":[{"name":"wp","href":"https:\/\/api.w.org\/{rel}","templated":true}]}}