{"id":147156,"date":"2022-09-14T14:07:00","date_gmt":"2022-09-14T21:07:00","guid":{"rendered":"https:\/\/www.sonoraenequipo.com.mx\/?p=147156"},"modified":"2022-09-14T15:05:12","modified_gmt":"2022-09-14T22:05:12","slug":"147156-2","status":"publish","type":"post","link":"https:\/\/www.sonoraenequipo.com.mx\/147156-2\/","title":{"rendered":"El nuevo sistema de justicia laboral privilegia la conciliaci\u00f3n para la soluci\u00f3n de conflictos: Olga Armida Grijalva"},"content":{"rendered":"<p>\u25baEl pr\u00f3ximo 3 de octubre arrancar\u00e1 en Sonora este nuevo modelo; se trabaja en el acondicionamiento de los centros de conciliaci\u00f3n<\/p>\n<p>&nbsp;<\/p>\n<p><strong>HERMOSILLO, SONORA,MX.<\/strong><strong>\u2500\u2500<\/strong> En Sonora nos estamos preparando para que el pr\u00f3ximo 3 de octubre arranque el nuevo sistema de justicia laboral, con el que se garantiza una nueva concepci\u00f3n de la relaci\u00f3n obrero-patronal, destac\u00f3 Olga Armida Grijalva Otero.<\/p>\n<p>&nbsp;<\/p>\n<p>Ante representantes de medios de comunicaci\u00f3n, la titular de la Secretar\u00eda del Trabajo coment\u00f3 que ser\u00e1 la conciliaci\u00f3n entre ambas partes la que garantizar\u00e1 una verdadera justicia social, y se prev\u00e9 que el 80 por ciento de los casos se resuelva por esta v\u00eda, toda vez que se impulsa que, tanto el trabajador como el patr\u00f3n, se vean como sujetos complementarios.<\/p>\n<p>&nbsp;<\/p>\n<p>\u201cCreo que es el momento de decir que estamos abonando a la transformaci\u00f3n de este pa\u00eds. A este pa\u00eds que nos urge la implementaci\u00f3n de la justicia laboral, que son asignaturas pendientes que tenemos. Por eso es importante la figura del conciliador y, lo m\u00e1s importante, que por primera vez se va a sancionar a las personas que cometan actos ilegales en la relaci\u00f3n laboral\u201d, explic\u00f3.<\/p>\n<p>&nbsp;<\/p>\n<p>Actualmente, dijo, en la entidad se cuenta con un subsidio federal por 42.9 millones de pesos y 20 millones de pesos de aportaci\u00f3n del gobierno estatal, recursos que se han ministrado para la implementaci\u00f3n del nuevo modelo.<\/p>\n<p>&nbsp;<\/p>\n<p>Grijalva Otero, manifest\u00f3 que se ha avanzado en la integraci\u00f3n del Centro de Conciliaci\u00f3n Laboral, mediante la contrataci\u00f3n de 27 conciliadores, los cuales rindieron la protesta de ley la semana pasada, y quienes est\u00e1n en proceso de capacitaci\u00f3n con el prop\u00f3sito de que ejerzan su funci\u00f3n de la mejor manera.<\/p>\n<p>&nbsp;<\/p>\n<p>\u201cEstamos frente a la oportunidad de dejar atr\u00e1s el viejo modelo, que est\u00e1 por morir, y otro que est\u00e1 a punto de nacer. Esta reforma pone en el centro de la discusi\u00f3n al empleado y empleador en un esfuerzo por construir y formar una nueva concepci\u00f3n de la relaci\u00f3n laboral\u201d; indic\u00f3.<\/p>\n<p>&nbsp;<\/p>\n<p>La secretaria del Trabajo, inform\u00f3 que est\u00e1n en proceso de reubicaci\u00f3n de las Juntas de Conciliaci\u00f3n y Arbitraje en cinco municipios, con la finalidad de acondicionar los espacios para los nuevos centros de conciliaci\u00f3n que tendr\u00e1n su sede en Navojoa, Ciudad Obreg\u00f3n, Guaymas, Hermosillo, Nogales, San Luis R\u00edo Colorado y Puerto Pe\u00f1asco.<\/p>\n<p><strong><u>Fecha de publicaci\u00f3n 14 de septiembre de 2022<\/u><\/strong><\/p>\n","protected":false},"excerpt":{"rendered":"<p>\u25baEl pr\u00f3ximo 3 de octubre arrancar\u00e1 en Sonora este nuevo modelo; se trabaja en el&#8230;<\/p>\n","protected":false},"author":1,"featured_media":147157,"comment_status":"open","ping_status":"open","sticky":false,"template":"","format":"standard","meta":{"_monsterinsights_skip_tracking":false,"_monsterinsights_sitenote_active":false,"_monsterinsights_sitenote_note":"","_monsterinsights_sitenote_category":0,"footnotes":""},"categories":[22],"tags":[397,3651,3451,7265],"class_list":["post"],"yoast_head":" \n<title>Sonora en Equipo. El nuevo sistema de justicia laboral privilegia la conciliaci\u00f3n para la soluci\u00f3n de conflictos: Olga Armida Grijalva Sonora<\/title>\n<meta name=\"description\" content=\"\u25baEl pr\u00f3ximo 3 de octubre arrancar\u00e1 en Sonora este nuevo modelo; se trabaja en el acondicionamiento de los centros de conciliaci\u00f3n &nbsp; HERMOSILLO, En Sonora en Equipo publicamos toda la informaci\u00f3n de Sonora, M\u00e9xico y el Mundo de manera oportuna y busca que la libertad de expresi\u00f3n sea real. Visita nuestro medio informativo publicado desde Hermosillo, Sonora. %\" \/>\n<meta name=\"robots\" content=\"index, follow, max-snippet:-1, max-image-preview:large, max-video-preview:-1\" \/>\n<link rel=\"canonical\" href=\"https:\/\/www.sonoraenequipo.com.mx\/147156-2\/\" \/>\n<meta property=\"og:locale\" content=\"es_ES\" \/>\n<meta property=\"og:type\" content=\"article\" \/>\n<meta property=\"og:title\" content=\"Sonora en Equipo. El nuevo sistema de justicia laboral privilegia la conciliaci\u00f3n para la soluci\u00f3n de conflictos: Olga Armida Grijalva Sonora\" \/>\n<meta property=\"og:description\" content=\"\u25baEl pr\u00f3ximo 3 de octubre arrancar\u00e1 en Sonora este nuevo modelo; se trabaja en el acondicionamiento de los centros de conciliaci\u00f3n &nbsp; HERMOSILLO, En Sonora en Equipo publicamos toda la informaci\u00f3n de Sonora, M\u00e9xico y el Mundo de manera oportuna y busca que la libertad de expresi\u00f3n sea real. Visita nuestro medio informativo publicado desde Hermosillo, Sonora. %\" \/>\n<meta property=\"og:url\" content=\"https:\/\/www.sonoraenequipo.com.mx\/147156-2\/\" \/>\n<meta property=\"og:site_name\" content=\"Sonora en Equipo.\" \/>\n<meta property=\"article:publisher\" content=\"https:\/\/www.facebook.com\/SonoraEE\/\" \/>\n<meta property=\"article:author\" content=\"https:\/\/www.facebook.com\/SonoraEE\" \/>\n<meta property=\"article:published_time\" content=\"2022-09-14T21:07:00+00:00\" \/>\n<meta property=\"article:modified_time\" content=\"2022-09-14T22:05:12+00:00\" \/>\n<meta property=\"og:image\" content=\"https:\/\/www.sonoraenequipo.com.mx\/storage\/2022\/09\/olga-grijalva.jpg\" \/>\n\t<meta property=\"og:image:width\" content=\"900\" \/>\n\t<meta property=\"og:image:height\" content=\"598\" \/>\n\t<meta property=\"og:image:type\" content=\"image\/jpeg\" \/>\n<meta name=\"author\" content=\"enequipo\" \/>\n<meta name=\"twitter:card\" content=\"summary_large_image\" \/>\n<meta name=\"twitter:creator\" content=\"@sonoraenequipo\" \/>\n<meta name=\"twitter:site\" content=\"@sonoraenequipo\" \/>\n<meta name=\"twitter:label1\" content=\"Escrito por\" \/>\n\t<meta name=\"twitter:data1\" content=\"enequipo\" \/>\n\t<meta name=\"twitter:label2\" content=\"Tiempo de lectura\" \/>\n\t<meta name=\"twitter:data2\" content=\"2 minutos\" \/>\n<script type=\"application\/ld+json\" class=\"yoast-schema-graph\">{\"@context\":\"https:\/\/schema.org\",\"@graph\":[{\"@type\":\"Article\",\"@id\":\"https:\/\/www.sonoraenequipo.com.mx\/147156-2\/#article\",\"isPartOf\":{\"@id\":\"https:\/\/www.sonoraenequipo.com.mx\/147156-2\/\"},\"author\":{\"name\":\"enequipo\",\"@id\":\"https:\/\/www.sonoraenequipo.com.mx\/#\/schema\/person\/50102df0fb23a8fa9e8effad8fa81386\"},\"headline\":\"El nuevo sistema de justicia laboral privilegia la conciliaci\u00f3n para la soluci\u00f3n de conflictos: Olga Armida Grijalva\",\"datePublished\":\"2022-09-14T21:07:00+00:00\",\"dateModified\":\"2022-09-14T22:05:12+00:00\",\"mainEntityOfPage\":{\"@id\":\"https:\/\/www.sonoraenequipo.com.mx\/147156-2\/\"},\"wordCount\":441,\"commentCount\":0,\"publisher\":{\"@id\":\"https:\/\/www.sonoraenequipo.com.mx\/#organization\"},\"image\":{\"@id\":\"https:\/\/www.sonoraenequipo.com.mx\/147156-2\/#primaryimage\"},\"thumbnailUrl\":\"https:\/\/www.sonoraenequipo.com.mx\/storage\/2022\/09\/olga-grijalva.jpg\",\"keywords\":[\"Justicia\",\"laboral\",\"nuevo\",\"sistema\"],\"articleSection\":[\"Sonora\"],\"inLanguage\":\"es\",\"potentialAction\":[{\"@type\":\"CommentAction\",\"name\":\"Comment\",\"target\":[\"https:\/\/www.sonoraenequipo.com.mx\/147156-2\/#respond\"]}]},{\"@type\":\"WebPage\",\"@id\":\"https:\/\/www.sonoraenequipo.com.mx\/147156-2\/\",\"url\":\"https:\/\/www.sonoraenequipo.com.mx\/147156-2\/\",\"name\":\"Sonora en Equipo. El nuevo sistema de justicia laboral privilegia la conciliaci\u00f3n para la soluci\u00f3n de conflictos: Olga Armida Grijalva Sonora\",\"isPartOf\":{\"@id\":\"https:\/\/www.sonoraenequipo.com.mx\/#website\"},\"primaryImageOfPage\":{\"@id\":\"https:\/\/www.sonoraenequipo.com.mx\/147156-2\/#primaryimage\"},\"image\":{\"@id\":\"https:\/\/www.sonoraenequipo.com.mx\/147156-2\/#primaryimage\"},\"thumbnailUrl\":\"https:\/\/www.sonoraenequipo.com.mx\/storage\/2022\/09\/olga-grijalva.jpg\",\"datePublished\":\"2022-09-14T21:07:00+00:00\",\"dateModified\":\"2022-09-14T22:05:12+00:00\",\"description\":\"\u25baEl pr\u00f3ximo 3 de octubre arrancar\u00e1 en Sonora este nuevo modelo; se trabaja en el acondicionamiento de los centros de conciliaci\u00f3n &nbsp; HERMOSILLO, En Sonora en Equipo publicamos toda la informaci\u00f3n de Sonora, M\u00e9xico y el Mundo de manera oportuna y busca que la libertad de expresi\u00f3n sea real. Visita nuestro medio informativo publicado desde Hermosillo, Sonora. %\",\"breadcrumb\":{\"@id\":\"https:\/\/www.sonoraenequipo.com.mx\/147156-2\/#breadcrumb\"},\"inLanguage\":\"es\",\"potentialAction\":[{\"@type\":\"ReadAction\",\"target\":[\"https:\/\/www.sonoraenequipo.com.mx\/147156-2\/\"]}]},{\"@type\":\"ImageObject\",\"inLanguage\":\"es\",\"@id\":\"https:\/\/www.sonoraenequipo.com.mx\/147156-2\/#primaryimage\",\"url\":\"https:\/\/www.sonoraenequipo.com.mx\/storage\/2022\/09\/olga-grijalva.jpg\",\"contentUrl\":\"https:\/\/www.sonoraenequipo.com.mx\/storage\/2022\/09\/olga-grijalva.jpg\",\"width\":900,\"height\":598},{\"@type\":\"BreadcrumbList\",\"@id\":\"https:\/\/www.sonoraenequipo.com.mx\/147156-2\/#breadcrumb\",\"itemListElement\":[{\"@type\":\"ListItem\",\"position\":1,\"name\":\"Portada\",\"item\":\"https:\/\/www.sonoraenequipo.com.mx\/\"},{\"@type\":\"ListItem\",\"position\":2,\"name\":\"El nuevo sistema de justicia laboral privilegia la conciliaci\u00f3n para la soluci\u00f3n de conflictos: Olga Armida Grijalva\"}]},{\"@type\":\"WebSite\",\"@id\":\"https:\/\/www.sonoraenequipo.com.mx\/#website\",\"url\":\"https:\/\/www.sonoraenequipo.com.mx\/\",\"name\":\"Sonora en Equipo.\",\"description\":\"Diario en l\u00ednea con Noticias desde Hermosillo, Sonora\",\"publisher\":{\"@id\":\"https:\/\/www.sonoraenequipo.com.mx\/#organization\"},\"potentialAction\":[{\"@type\":\"SearchAction\",\"target\":{\"@type\":\"EntryPoint\",\"urlTemplate\":\"https:\/\/www.sonoraenequipo.com.mx\/?s={search_term_string}\"},\"query-input\":{\"@type\":\"PropertyValueSpecification\",\"valueRequired\":true,\"valueName\":\"search_term_string\"}}],\"inLanguage\":\"es\"},{\"@type\":\"Organization\",\"@id\":\"https:\/\/www.sonoraenequipo.com.mx\/#organization\",\"name\":\"Sonoraenequipo.com.mx\",\"url\":\"https:\/\/www.sonoraenequipo.com.mx\/\",\"logo\":{\"@type\":\"ImageObject\",\"inLanguage\":\"es\",\"@id\":\"https:\/\/www.sonoraenequipo.com.mx\/#\/schema\/logo\/image\/\",\"url\":\"https:\/\/www.sonoraenequipo.com.mx\/storage\/2019\/01\/sonoraenequipo_opt.png\",\"contentUrl\":\"https:\/\/www.sonoraenequipo.com.mx\/storage\/2019\/01\/sonoraenequipo_opt.png\",\"width\":375,\"height\":125,\"caption\":\"Sonoraenequipo.com.mx\"},\"image\":{\"@id\":\"https:\/\/www.sonoraenequipo.com.mx\/#\/schema\/logo\/image\/\"},\"sameAs\":[\"https:\/\/www.facebook.com\/SonoraEE\/\",\"https:\/\/x.com\/sonoraenequipo\",\"https:\/\/www.youtube.com\/channel\/UC338nW-lPEYmJQs4ZABQ1SQ\"]},{\"@type\":\"Person\",\"@id\":\"https:\/\/www.sonoraenequipo.com.mx\/#\/schema\/person\/50102df0fb23a8fa9e8effad8fa81386\",\"name\":\"enequipo\",\"image\":{\"@type\":\"ImageObject\",\"inLanguage\":\"es\",\"@id\":\"https:\/\/www.sonoraenequipo.com.mx\/#\/schema\/person\/image\/\",\"url\":\"https:\/\/secure.gravatar.com\/avatar\/049821681b589dabc0bc20695993ccebb09f5b5d4d790cd9251b97faac7c652b?s=96&d=blank&r=g\",\"contentUrl\":\"https:\/\/secure.gravatar.com\/avatar\/049821681b589dabc0bc20695993ccebb09f5b5d4d790cd9251b97faac7c652b?s=96&d=blank&r=g\",\"caption\":\"enequipo\"},\"sameAs\":[\"https:\/\/www.facebook.com\/SonoraEE\"]}]}<\/script>\n ","yoast_head_json":{"title":"Sonora en Equipo. El nuevo sistema de justicia laboral privilegia la conciliaci\u00f3n para la soluci\u00f3n de conflictos: Olga Armida Grijalva Sonora","description":"\u25baEl pr\u00f3ximo 3 de octubre arrancar\u00e1 en Sonora este nuevo modelo; se trabaja en el acondicionamiento de los centros de conciliaci\u00f3n &nbsp; HERMOSILLO, En Sonora en Equipo publicamos toda la informaci\u00f3n de Sonora, M\u00e9xico y el Mundo de manera oportuna y busca que la libertad de expresi\u00f3n sea real. Visita nuestro medio informativo publicado desde Hermosillo, Sonora. %","robots":{"index":"index","follow":"follow","max-snippet":"max-snippet:-1","max-image-preview":"max-image-preview:large","max-video-preview":"max-video-preview:-1"},"canonical":"https:\/\/www.sonoraenequipo.com.mx\/147156-2\/","og_locale":"es_ES","og_type":"article","og_title":"Sonora en Equipo. El nuevo sistema de justicia laboral privilegia la conciliaci\u00f3n para la soluci\u00f3n de conflictos: Olga Armida Grijalva Sonora","og_description":"\u25baEl pr\u00f3ximo 3 de octubre arrancar\u00e1 en Sonora este nuevo modelo; se trabaja en el acondicionamiento de los centros de conciliaci\u00f3n &nbsp; HERMOSILLO, En Sonora en Equipo publicamos toda la informaci\u00f3n de Sonora, M\u00e9xico y el Mundo de manera oportuna y busca que la libertad de expresi\u00f3n sea real. Visita nuestro medio informativo publicado desde Hermosillo, Sonora. %","og_url":"https:\/\/www.sonoraenequipo.com.mx\/147156-2\/","og_site_name":"Sonora en Equipo.","article_publisher":"https:\/\/www.facebook.com\/SonoraEE\/","article_author":"https:\/\/www.facebook.com\/SonoraEE","article_published_time":"2022-09-14T21:07:00+00:00","article_modified_time":"2022-09-14T22:05:12+00:00","og_image":[{"width":900,"height":598,"url":"https:\/\/www.sonoraenequipo.com.mx\/storage\/2022\/09\/olga-grijalva.jpg","type":"image\/jpeg"}],"author":"enequipo","twitter_card":"summary_large_image","twitter_creator":"@sonoraenequipo","twitter_site":"@sonoraenequipo","twitter_misc":{"Escrito por":"enequipo","Tiempo de lectura":"2 minutos"},"schema":{"@context":"https:\/\/schema.org","@graph":[{"@type":"Article","@id":"https:\/\/www.sonoraenequipo.com.mx\/147156-2\/#article","isPartOf":{"@id":"https:\/\/www.sonoraenequipo.com.mx\/147156-2\/"},"author":{"name":"enequipo","@id":"https:\/\/www.sonoraenequipo.com.mx\/#\/schema\/person\/50102df0fb23a8fa9e8effad8fa81386"},"headline":"El nuevo sistema de justicia laboral privilegia la conciliaci\u00f3n para la soluci\u00f3n de conflictos: Olga Armida Grijalva","datePublished":"2022-09-14T21:07:00+00:00","dateModified":"2022-09-14T22:05:12+00:00","mainEntityOfPage":{"@id":"https:\/\/www.sonoraenequipo.com.mx\/147156-2\/"},"wordCount":441,"commentCount":0,"publisher":{"@id":"https:\/\/www.sonoraenequipo.com.mx\/#organization"},"image":{"@id":"https:\/\/www.sonoraenequipo.com.mx\/147156-2\/#primaryimage"},"thumbnailUrl":"https:\/\/www.sonoraenequipo.com.mx\/storage\/2022\/09\/olga-grijalva.jpg","keywords":["Justicia","laboral","nuevo","sistema"],"articleSection":["Sonora"],"inLanguage":"es","potentialAction":[{"@type":"CommentAction","name":"Comment","target":["https:\/\/www.sonoraenequipo.com.mx\/147156-2\/#respond"]}]},{"@type":"WebPage","@id":"https:\/\/www.sonoraenequipo.com.mx\/147156-2\/","url":"https:\/\/www.sonoraenequipo.com.mx\/147156-2\/","name":"Sonora en Equipo. El nuevo sistema de justicia laboral privilegia la conciliaci\u00f3n para la soluci\u00f3n de conflictos: Olga Armida Grijalva Sonora","isPartOf":{"@id":"https:\/\/www.sonoraenequipo.com.mx\/#website"},"primaryImageOfPage":{"@id":"https:\/\/www.sonoraenequipo.com.mx\/147156-2\/#primaryimage"},"image":{"@id":"https:\/\/www.sonoraenequipo.com.mx\/147156-2\/#primaryimage"},"thumbnailUrl":"https:\/\/www.sonoraenequipo.com.mx\/storage\/2022\/09\/olga-grijalva.jpg","datePublished":"2022-09-14T21:07:00+00:00","dateModified":"2022-09-14T22:05:12+00:00","description":"\u25baEl pr\u00f3ximo 3 de octubre arrancar\u00e1 en Sonora este nuevo modelo; se trabaja en el acondicionamiento de los centros de conciliaci\u00f3n &nbsp; HERMOSILLO, En Sonora en Equipo publicamos toda la informaci\u00f3n de Sonora, M\u00e9xico y el Mundo de manera oportuna y busca que la libertad de expresi\u00f3n sea real. Visita nuestro medio informativo publicado desde Hermosillo, Sonora. %","breadcrumb":{"@id":"https:\/\/www.sonoraenequipo.com.mx\/147156-2\/#breadcrumb"},"inLanguage":"es","potentialAction":[{"@type":"ReadAction","target":["https:\/\/www.sonoraenequipo.com.mx\/147156-2\/"]}]},{"@type":"ImageObject","inLanguage":"es","@id":"https:\/\/www.sonoraenequipo.com.mx\/147156-2\/#primaryimage","url":"https:\/\/www.sonoraenequipo.com.mx\/storage\/2022\/09\/olga-grijalva.jpg","contentUrl":"https:\/\/www.sonoraenequipo.com.mx\/storage\/2022\/09\/olga-grijalva.jpg","width":900,"height":598},{"@type":"BreadcrumbList","@id":"https:\/\/www.sonoraenequipo.com.mx\/147156-2\/#breadcrumb","itemListElement":[{"@type":"ListItem","position":1,"name":"Portada","item":"https:\/\/www.sonoraenequipo.com.mx\/"},{"@type":"ListItem","position":2,"name":"El nuevo sistema de justicia laboral privilegia la conciliaci\u00f3n para la soluci\u00f3n de conflictos: Olga Armida Grijalva"}]},{"@type":"WebSite","@id":"https:\/\/www.sonoraenequipo.com.mx\/#website","url":"https:\/\/www.sonoraenequipo.com.mx\/","name":"Sonora en Equipo.","description":"Diario en l\u00ednea con Noticias desde Hermosillo, Sonora","publisher":{"@id":"https:\/\/www.sonoraenequipo.com.mx\/#organization"},"potentialAction":[{"@type":"SearchAction","target":{"@type":"EntryPoint","urlTemplate":"https:\/\/www.sonoraenequipo.com.mx\/?s={search_term_string}"},"query-input":{"@type":"PropertyValueSpecification","valueRequired":true,"valueName":"search_term_string"}}],"inLanguage":"es"},{"@type":"Organization","@id":"https:\/\/www.sonoraenequipo.com.mx\/#organization","name":"Sonoraenequipo.com.mx","url":"https:\/\/www.sonoraenequipo.com.mx\/","logo":{"@type":"ImageObject","inLanguage":"es","@id":"https:\/\/www.sonoraenequipo.com.mx\/#\/schema\/logo\/image\/","url":"https:\/\/www.sonoraenequipo.com.mx\/storage\/2019\/01\/sonoraenequipo_opt.png","contentUrl":"https:\/\/www.sonoraenequipo.com.mx\/storage\/2019\/01\/sonoraenequipo_opt.png","width":375,"height":125,"caption":"Sonoraenequipo.com.mx"},"image":{"@id":"https:\/\/www.sonoraenequipo.com.mx\/#\/schema\/logo\/image\/"},"sameAs":["https:\/\/www.facebook.com\/SonoraEE\/","https:\/\/x.com\/sonoraenequipo","https:\/\/www.youtube.com\/channel\/UC338nW-lPEYmJQs4ZABQ1SQ"]},{"@type":"Person","@id":"https:\/\/www.sonoraenequipo.com.mx\/#\/schema\/person\/50102df0fb23a8fa9e8effad8fa81386","name":"enequipo","image":{"@type":"ImageObject","inLanguage":"es","@id":"https:\/\/www.sonoraenequipo.com.mx\/#\/schema\/person\/image\/","url":"https:\/\/secure.gravatar.com\/avatar\/049821681b589dabc0bc20695993ccebb09f5b5d4d790cd9251b97faac7c652b?s=96&d=blank&r=g","contentUrl":"https:\/\/secure.gravatar.com\/avatar\/049821681b589dabc0bc20695993ccebb09f5b5d4d790cd9251b97faac7c652b?s=96&d=blank&r=g","caption":"enequipo"},"sameAs":["https:\/\/www.facebook.com\/SonoraEE"]}]}},"jetpack_featured_media_url":"https:\/\/www.sonoraenequipo.com.mx\/storage\/2022\/09\/olga-grijalva.jpg","_links":{"self":[{"href":"https:\/\/www.sonoraenequipo.com.mx\/api\/wp\/v2\/posts\/147156","targetHints":{"allow":["GET"]}}],"collection":[{"href":"https:\/\/www.sonoraenequipo.com.mx\/api\/wp\/v2\/posts"}],"about":[{"href":"https:\/\/www.sonoraenequipo.com.mx\/api\/wp\/v2\/types\/post"}],"author":[{"embeddable":true,"href":"https:\/\/www.sonoraenequipo.com.mx\/api\/wp\/v2\/users\/1"}],"replies":[{"embeddable":true,"href":"https:\/\/www.sonoraenequipo.com.mx\/api\/wp\/v2\/comments?post=147156"}],"version-history":[{"count":3,"href":"https:\/\/www.sonoraenequipo.com.mx\/api\/wp\/v2\/posts\/147156\/revisions"}],"predecessor-version":[{"id":147160,"href":"https:\/\/www.sonoraenequipo.com.mx\/api\/wp\/v2\/posts\/147156\/revisions\/147160"}],"wp:featuredmedia":[{"embeddable":true,"href":"https:\/\/www.sonoraenequipo.com.mx\/api\/wp\/v2\/media\/147157"}],"wp:attachment":[{"href":"https:\/\/www.sonoraenequipo.com.mx\/api\/wp\/v2\/media?parent=147156"}],"wp:term":[{"taxonomy":"category","embeddable":true,"href":"https:\/\/www.sonoraenequipo.com.mx\/api\/wp\/v2\/categories?post=147156"},{"taxonomy":"post_tag","embeddable":true,"href":"https:\/\/www.sonoraenequipo.com.mx\/api\/wp\/v2\/tags?post=147156"}],"curies":[{"name":"wp","href":"https:\/\/api.w.org\/{rel}","templated":true}]}}