{"id":147162,"date":"2022-09-14T16:18:10","date_gmt":"2022-09-14T23:18:10","guid":{"rendered":"https:\/\/www.sonoraenequipo.com.mx\/?p=147162"},"modified":"2022-09-14T16:18:10","modified_gmt":"2022-09-14T23:18:10","slug":"avalan-camaras-empresariales-y-organizaciones-sociales-resultados-de-tono-astiazaran","status":"publish","type":"post","link":"https:\/\/www.sonoraenequipo.com.mx\/avalan-camaras-empresariales-y-organizaciones-sociales-resultados-de-tono-astiazaran\/","title":{"rendered":"Avalan c\u00e1maras empresariales y organizaciones sociales resultados de To\u00f1o Astiazar\u00e1n"},"content":{"rendered":"<p>\u25baCoincidieron en la oportunidad de interacci\u00f3n, colaboraci\u00f3n y trabajo en equipo con el Ayuntamiento en este a\u00f1o de trabajo<\/p>\n<p><strong>HERMOSILLO, SONORA,MX.<\/strong><strong>\u2500\u2500<\/strong><\/p>\n<p>De acuerdo con la forma en que el Presidente Municipal Antonio Astiazar\u00e1n condujo su primer a\u00f1o de gobierno se manifestaron l\u00edderes de c\u00e1maras empresariales de la localidad y de organizaciones sociales.<\/p>\n<p>&nbsp;<\/p>\n<p>Ratificaron adem\u00e1s su inter\u00e9s de continuar haciendo equipo en proyectos que beneficien a la capital sonorense.<\/p>\n<p>&nbsp;<\/p>\n<p>\u201cCreo que tenemos un Presidente Municipal muy din\u00e1mico, muy activo y muy entusiasta, que est\u00e1 muy conforme con su actuar y lo que ha planeado, y creo que la ciudadan\u00eda lo est\u00e1 valorando\u201d, consider\u00f3 F\u00e9lix Tonella Luken, de Maquilas Tetakawi.<\/p>\n<p>&nbsp;<\/p>\n<p>Para Kurt Gerhard L\u00f3pez Portillo, presidente de la Confederaci\u00f3n Patronal de la Rep\u00fablica Mexicana (COPARMEX) Sonora Norte, es muy positivo el anuncio de que no se contratar\u00e1 deuda a largo plazo, ya que el hacerlo es endeudar a hermosillenses, incluso a quienes todav\u00eda no nacen.<\/p>\n<p>&nbsp;<\/p>\n<p>Aval\u00f3 la adquisici\u00f3n de patrullas en Hermosillo, porque representan una mayor presencia que inhibe las actividades delictivas, adem\u00e1s de que es positivo e innovador el que sean unidades el\u00e9ctricas.<\/p>\n<p>&nbsp;<\/p>\n<p>Manuel Lira, presidente de la C\u00e1mara Nacional de la Industria de Restaurantes y Alimentos Condimentados (CANIRAC) en Sonora, describi\u00f3 a Antonio Astiazar\u00e1n como una persona de proyectos innovadores. \u201cMe han gustado mucho buena parte de las ideas que trae en temas de energ\u00edas renovables, el ambiental, el tema de pavimentaci\u00f3n, que es dif\u00edcil, y en infraestructura general\u201d, abund\u00f3.<\/p>\n<p>&nbsp;<\/p>\n<p>Revel\u00f3 que el organismo empresarial colabora activamente con su administraci\u00f3n a trav\u00e9s de la Agencia Municipal de Desarrollo Econ\u00f3mico (AMDE) en materia de mejora regulatoria, tema en que Hermosillo enfrenta un gran rezago respecto a otras capitales del noroeste del pa\u00eds.<\/p>\n<p>&nbsp;<\/p>\n<p>Juventino F\u00e9lix, presidente de la C\u00e1mara de Comercio, Servicios y Turismo (CANACO-Servitur) Hermosillo, afirm\u00f3 sentirse satisfecho con la forma en que se conducido el Gobierno Municipal desde hace un a\u00f1o y que visualiza un futuro esperanzador para los pr\u00f3ximos dos a\u00f1os de la administraci\u00f3n.<\/p>\n<p>&nbsp;<\/p>\n<p>Coment\u00f3 que el sector empresarial est\u00e1 haciendo su parte con una b\u00fasqueda constante de las fortalezas del municipio, as\u00ed como de estrategias para aprovecharlas, pero tambi\u00e9n identificando las debilidades a fin de evitarlas, siempre con disposici\u00f3n para hacer equipo con el gobierno.<\/p>\n<p>&nbsp;<\/p>\n<p>\u201cVemos un alcalde muy activo, muy cercano a la gente, que promueve la participaci\u00f3n ciudadana y eso es algo que necesit\u00e1bamos, porque \u00bfqu\u00e9 mejor que los hermosillenses para saber hacia d\u00f3nde se destina el recurso y cu\u00e1les son las obras que necesitamos?, opin\u00f3 por su parte, Silvia \u00c1lvarez Amaya, presidenta de CANACINTRA, delegaci\u00f3n Hermosillo.<\/p>\n<p>&nbsp;<\/p>\n<p>Consider\u00f3 como uno de los aspectos m\u00e1s destacados del primer a\u00f1o de gesti\u00f3n de Antonio Astiazar\u00e1n son las patrullas el\u00e9ctricas y el proceso en marcha para certificar a la Polic\u00eda Preventiva y Tr\u00e1nsito Municipal, porque eso conferir\u00e1 est\u00e1ndares internacionales a la corporaci\u00f3n y marcar\u00e1 un antes y un despu\u00e9s en su quehacer.<\/p>\n<p>&nbsp;<\/p>\n<p>\u201cVa a venir a ser un cambio en c\u00f3mo se deben realizar todos esos procesos para enfrentar desde lo municipal los actos delictivos\u201d, asegur\u00f3.<\/p>\n<p>&nbsp;<\/p>\n<p>Como un Gobierno Municipal que ha cumplido sus compromisos con la gente, calific\u00f3 Luc\u00eda Sierra Galaz, vecina de la colonia Solidaridad Occidental el desempe\u00f1o de Antonio Astiazar\u00e1n en este primer a\u00f1o de trabajo en el que destac\u00f3 la llegada de las patrullas el\u00e9ctricas que se traducen en mayor presencia de elementos policiales en las calles y mayor tranquilidad para las familias.<\/p>\n<p>&nbsp;<\/p>\n<p>\u00abMe dej\u00f3 una sensaci\u00f3n muy buena. Est\u00e1 cumpliendo lo que prometi\u00f3 en campa\u00f1a y para m\u00ed deja tranquilidad por las patrullas ya que hay demasiada delincuencia\u00bb.<\/p>\n<p>&nbsp;<\/p>\n<p>Martha Isela Islas Pacheco, cofundadora del colectivo Unidas por Sonora, coincidi\u00f3 con el Presidente Municipal en la importancia de la participaci\u00f3n ciudadana para el progreso del municipio al igual que el apoyo que en estos 12 meses ha ofrecido al sector empresarial y la generaci\u00f3n de nuevos proyectos como lo hace el programa Maxi Apoyos.<\/p>\n<p>&nbsp;<\/p>\n<p>\u00abNos hizo participar a la ciudadan\u00eda. Nosotras como empresarias, a invitaci\u00f3n de Presidente Municipal y su equipo, nos invitaron a dar mentor\u00edas y participar en el proyecto de Maxi Apoyos donde se prepararon a 100 mujeres que van a iniciar el emprendimiento de sus negocios. Fue algo formidable poder compartir nuestra experiencia como empresarias y ayudar a otras mujeres a salir adelante y ser autosostenibles\u00bb, concluy\u00f3.<\/p>\n<p><strong><u>Fecha de publicaci\u00f3n 14 de septiembre de 2022<\/u><\/strong><\/p>\n","protected":false},"excerpt":{"rendered":"<p>\u25baCoincidieron en la oportunidad de interacci\u00f3n, colaboraci\u00f3n y trabajo en equipo con el Ayuntamiento en&#8230;<\/p>\n","protected":false},"author":1,"featured_media":129214,"comment_status":"open","ping_status":"open","sticky":false,"template":"","format":"standard","meta":{"_monsterinsights_skip_tracking":false,"_monsterinsights_sitenote_active":false,"_monsterinsights_sitenote_note":"","_monsterinsights_sitenote_category":0,"footnotes":""},"categories":[4],"tags":[4702,7494,6026],"class_list":["post"],"yoast_head":" \n<title>Sonora en Equipo. Avalan c\u00e1maras empresariales y organizaciones sociales resultados de To\u00f1o Astiazar\u00e1n Municipios<\/title>\n<meta name=\"description\" content=\"\u25baCoincidieron en la oportunidad de interacci\u00f3n, colaboraci\u00f3n y trabajo en equipo con el Ayuntamiento en este a\u00f1o de trabajo HERMOSILLO, SONORA,MX.\u2500\u2500 De En Sonora en Equipo publicamos toda la informaci\u00f3n de Sonora, M\u00e9xico y el Mundo de manera oportuna y busca que la libertad de expresi\u00f3n sea real. Visita nuestro medio informativo publicado desde Hermosillo, Sonora. %\" \/>\n<meta name=\"robots\" content=\"index, follow, max-snippet:-1, max-image-preview:large, max-video-preview:-1\" \/>\n<link rel=\"canonical\" href=\"https:\/\/www.sonoraenequipo.com.mx\/avalan-camaras-empresariales-y-organizaciones-sociales-resultados-de-tono-astiazaran\/\" \/>\n<meta property=\"og:locale\" content=\"es_ES\" \/>\n<meta property=\"og:type\" content=\"article\" \/>\n<meta property=\"og:title\" content=\"Sonora en Equipo. Avalan c\u00e1maras empresariales y organizaciones sociales resultados de To\u00f1o Astiazar\u00e1n Municipios\" \/>\n<meta property=\"og:description\" content=\"\u25baCoincidieron en la oportunidad de interacci\u00f3n, colaboraci\u00f3n y trabajo en equipo con el Ayuntamiento en este a\u00f1o de trabajo HERMOSILLO, SONORA,MX.\u2500\u2500 De En Sonora en Equipo publicamos toda la informaci\u00f3n de Sonora, M\u00e9xico y el Mundo de manera oportuna y busca que la libertad de expresi\u00f3n sea real. Visita nuestro medio informativo publicado desde Hermosillo, Sonora. %\" \/>\n<meta property=\"og:url\" content=\"https:\/\/www.sonoraenequipo.com.mx\/avalan-camaras-empresariales-y-organizaciones-sociales-resultados-de-tono-astiazaran\/\" \/>\n<meta property=\"og:site_name\" content=\"Sonora en Equipo.\" \/>\n<meta property=\"article:publisher\" content=\"https:\/\/www.facebook.com\/SonoraEE\/\" \/>\n<meta property=\"article:author\" content=\"https:\/\/www.facebook.com\/SonoraEE\" \/>\n<meta property=\"article:published_time\" content=\"2022-09-14T23:18:10+00:00\" \/>\n<meta property=\"og:image\" content=\"https:\/\/www.sonoraenequipo.com.mx\/storage\/2021\/12\/tono.jpg\" \/>\n\t<meta property=\"og:image:width\" content=\"700\" \/>\n\t<meta property=\"og:image:height\" content=\"400\" \/>\n\t<meta property=\"og:image:type\" content=\"image\/jpeg\" \/>\n<meta name=\"author\" content=\"enequipo\" \/>\n<meta name=\"twitter:card\" content=\"summary_large_image\" \/>\n<meta name=\"twitter:creator\" content=\"@sonoraenequipo\" \/>\n<meta name=\"twitter:site\" content=\"@sonoraenequipo\" \/>\n<meta name=\"twitter:label1\" content=\"Escrito por\" \/>\n\t<meta name=\"twitter:data1\" content=\"enequipo\" \/>\n\t<meta name=\"twitter:label2\" content=\"Tiempo de lectura\" \/>\n\t<meta name=\"twitter:data2\" content=\"4 minutos\" \/>\n<script type=\"application\/ld+json\" class=\"yoast-schema-graph\">{\"@context\":\"https:\/\/schema.org\",\"@graph\":[{\"@type\":\"Article\",\"@id\":\"https:\/\/www.sonoraenequipo.com.mx\/avalan-camaras-empresariales-y-organizaciones-sociales-resultados-de-tono-astiazaran\/#article\",\"isPartOf\":{\"@id\":\"https:\/\/www.sonoraenequipo.com.mx\/avalan-camaras-empresariales-y-organizaciones-sociales-resultados-de-tono-astiazaran\/\"},\"author\":{\"name\":\"enequipo\",\"@id\":\"https:\/\/www.sonoraenequipo.com.mx\/#\/schema\/person\/50102df0fb23a8fa9e8effad8fa81386\"},\"headline\":\"Avalan c\u00e1maras empresariales y organizaciones sociales resultados de To\u00f1o Astiazar\u00e1n\",\"datePublished\":\"2022-09-14T23:18:10+00:00\",\"mainEntityOfPage\":{\"@id\":\"https:\/\/www.sonoraenequipo.com.mx\/avalan-camaras-empresariales-y-organizaciones-sociales-resultados-de-tono-astiazaran\/\"},\"wordCount\":804,\"commentCount\":0,\"publisher\":{\"@id\":\"https:\/\/www.sonoraenequipo.com.mx\/#organization\"},\"image\":{\"@id\":\"https:\/\/www.sonoraenequipo.com.mx\/avalan-camaras-empresariales-y-organizaciones-sociales-resultados-de-tono-astiazaran\/#primaryimage\"},\"thumbnailUrl\":\"https:\/\/www.sonoraenequipo.com.mx\/storage\/2021\/12\/tono.jpg\",\"keywords\":[\"informe\",\"primer\",\"to\u00f1o astiazaran\"],\"articleSection\":[\"Municipios\"],\"inLanguage\":\"es\",\"potentialAction\":[{\"@type\":\"CommentAction\",\"name\":\"Comment\",\"target\":[\"https:\/\/www.sonoraenequipo.com.mx\/avalan-camaras-empresariales-y-organizaciones-sociales-resultados-de-tono-astiazaran\/#respond\"]}]},{\"@type\":\"WebPage\",\"@id\":\"https:\/\/www.sonoraenequipo.com.mx\/avalan-camaras-empresariales-y-organizaciones-sociales-resultados-de-tono-astiazaran\/\",\"url\":\"https:\/\/www.sonoraenequipo.com.mx\/avalan-camaras-empresariales-y-organizaciones-sociales-resultados-de-tono-astiazaran\/\",\"name\":\"Sonora en Equipo. Avalan c\u00e1maras empresariales y organizaciones sociales resultados de To\u00f1o Astiazar\u00e1n Municipios\",\"isPartOf\":{\"@id\":\"https:\/\/www.sonoraenequipo.com.mx\/#website\"},\"primaryImageOfPage\":{\"@id\":\"https:\/\/www.sonoraenequipo.com.mx\/avalan-camaras-empresariales-y-organizaciones-sociales-resultados-de-tono-astiazaran\/#primaryimage\"},\"image\":{\"@id\":\"https:\/\/www.sonoraenequipo.com.mx\/avalan-camaras-empresariales-y-organizaciones-sociales-resultados-de-tono-astiazaran\/#primaryimage\"},\"thumbnailUrl\":\"https:\/\/www.sonoraenequipo.com.mx\/storage\/2021\/12\/tono.jpg\",\"datePublished\":\"2022-09-14T23:18:10+00:00\",\"description\":\"\u25baCoincidieron en la oportunidad de interacci\u00f3n, colaboraci\u00f3n y trabajo en equipo con el Ayuntamiento en este a\u00f1o de trabajo HERMOSILLO, SONORA,MX.\u2500\u2500 De En Sonora en Equipo publicamos toda la informaci\u00f3n de Sonora, M\u00e9xico y el Mundo de manera oportuna y busca que la libertad de expresi\u00f3n sea real. Visita nuestro medio informativo publicado desde Hermosillo, Sonora. %\",\"breadcrumb\":{\"@id\":\"https:\/\/www.sonoraenequipo.com.mx\/avalan-camaras-empresariales-y-organizaciones-sociales-resultados-de-tono-astiazaran\/#breadcrumb\"},\"inLanguage\":\"es\",\"potentialAction\":[{\"@type\":\"ReadAction\",\"target\":[\"https:\/\/www.sonoraenequipo.com.mx\/avalan-camaras-empresariales-y-organizaciones-sociales-resultados-de-tono-astiazaran\/\"]}]},{\"@type\":\"ImageObject\",\"inLanguage\":\"es\",\"@id\":\"https:\/\/www.sonoraenequipo.com.mx\/avalan-camaras-empresariales-y-organizaciones-sociales-resultados-de-tono-astiazaran\/#primaryimage\",\"url\":\"https:\/\/www.sonoraenequipo.com.mx\/storage\/2021\/12\/tono.jpg\",\"contentUrl\":\"https:\/\/www.sonoraenequipo.com.mx\/storage\/2021\/12\/tono.jpg\",\"width\":700,\"height\":400},{\"@type\":\"BreadcrumbList\",\"@id\":\"https:\/\/www.sonoraenequipo.com.mx\/avalan-camaras-empresariales-y-organizaciones-sociales-resultados-de-tono-astiazaran\/#breadcrumb\",\"itemListElement\":[{\"@type\":\"ListItem\",\"position\":1,\"name\":\"Portada\",\"item\":\"https:\/\/www.sonoraenequipo.com.mx\/\"},{\"@type\":\"ListItem\",\"position\":2,\"name\":\"Avalan c\u00e1maras empresariales y organizaciones sociales resultados de To\u00f1o Astiazar\u00e1n\"}]},{\"@type\":\"WebSite\",\"@id\":\"https:\/\/www.sonoraenequipo.com.mx\/#website\",\"url\":\"https:\/\/www.sonoraenequipo.com.mx\/\",\"name\":\"Sonora en Equipo.\",\"description\":\"Diario en l\u00ednea con Noticias desde Hermosillo, Sonora\",\"publisher\":{\"@id\":\"https:\/\/www.sonoraenequipo.com.mx\/#organization\"},\"potentialAction\":[{\"@type\":\"SearchAction\",\"target\":{\"@type\":\"EntryPoint\",\"urlTemplate\":\"https:\/\/www.sonoraenequipo.com.mx\/?s={search_term_string}\"},\"query-input\":{\"@type\":\"PropertyValueSpecification\",\"valueRequired\":true,\"valueName\":\"search_term_string\"}}],\"inLanguage\":\"es\"},{\"@type\":\"Organization\",\"@id\":\"https:\/\/www.sonoraenequipo.com.mx\/#organization\",\"name\":\"Sonoraenequipo.com.mx\",\"url\":\"https:\/\/www.sonoraenequipo.com.mx\/\",\"logo\":{\"@type\":\"ImageObject\",\"inLanguage\":\"es\",\"@id\":\"https:\/\/www.sonoraenequipo.com.mx\/#\/schema\/logo\/image\/\",\"url\":\"https:\/\/www.sonoraenequipo.com.mx\/storage\/2019\/01\/sonoraenequipo_opt.png\",\"contentUrl\":\"https:\/\/www.sonoraenequipo.com.mx\/storage\/2019\/01\/sonoraenequipo_opt.png\",\"width\":375,\"height\":125,\"caption\":\"Sonoraenequipo.com.mx\"},\"image\":{\"@id\":\"https:\/\/www.sonoraenequipo.com.mx\/#\/schema\/logo\/image\/\"},\"sameAs\":[\"https:\/\/www.facebook.com\/SonoraEE\/\",\"https:\/\/x.com\/sonoraenequipo\",\"https:\/\/www.youtube.com\/channel\/UC338nW-lPEYmJQs4ZABQ1SQ\"]},{\"@type\":\"Person\",\"@id\":\"https:\/\/www.sonoraenequipo.com.mx\/#\/schema\/person\/50102df0fb23a8fa9e8effad8fa81386\",\"name\":\"enequipo\",\"image\":{\"@type\":\"ImageObject\",\"inLanguage\":\"es\",\"@id\":\"https:\/\/www.sonoraenequipo.com.mx\/#\/schema\/person\/image\/\",\"url\":\"https:\/\/secure.gravatar.com\/avatar\/049821681b589dabc0bc20695993ccebb09f5b5d4d790cd9251b97faac7c652b?s=96&d=blank&r=g\",\"contentUrl\":\"https:\/\/secure.gravatar.com\/avatar\/049821681b589dabc0bc20695993ccebb09f5b5d4d790cd9251b97faac7c652b?s=96&d=blank&r=g\",\"caption\":\"enequipo\"},\"sameAs\":[\"https:\/\/www.facebook.com\/SonoraEE\"]}]}<\/script>\n ","yoast_head_json":{"title":"Sonora en Equipo. Avalan c\u00e1maras empresariales y organizaciones sociales resultados de To\u00f1o Astiazar\u00e1n Municipios","description":"\u25baCoincidieron en la oportunidad de interacci\u00f3n, colaboraci\u00f3n y trabajo en equipo con el Ayuntamiento en este a\u00f1o de trabajo HERMOSILLO, SONORA,MX.\u2500\u2500 De En Sonora en Equipo publicamos toda la informaci\u00f3n de Sonora, M\u00e9xico y el Mundo de manera oportuna y busca que la libertad de expresi\u00f3n sea real. Visita nuestro medio informativo publicado desde Hermosillo, Sonora. %","robots":{"index":"index","follow":"follow","max-snippet":"max-snippet:-1","max-image-preview":"max-image-preview:large","max-video-preview":"max-video-preview:-1"},"canonical":"https:\/\/www.sonoraenequipo.com.mx\/avalan-camaras-empresariales-y-organizaciones-sociales-resultados-de-tono-astiazaran\/","og_locale":"es_ES","og_type":"article","og_title":"Sonora en Equipo. Avalan c\u00e1maras empresariales y organizaciones sociales resultados de To\u00f1o Astiazar\u00e1n Municipios","og_description":"\u25baCoincidieron en la oportunidad de interacci\u00f3n, colaboraci\u00f3n y trabajo en equipo con el Ayuntamiento en este a\u00f1o de trabajo HERMOSILLO, SONORA,MX.\u2500\u2500 De En Sonora en Equipo publicamos toda la informaci\u00f3n de Sonora, M\u00e9xico y el Mundo de manera oportuna y busca que la libertad de expresi\u00f3n sea real. Visita nuestro medio informativo publicado desde Hermosillo, Sonora. %","og_url":"https:\/\/www.sonoraenequipo.com.mx\/avalan-camaras-empresariales-y-organizaciones-sociales-resultados-de-tono-astiazaran\/","og_site_name":"Sonora en Equipo.","article_publisher":"https:\/\/www.facebook.com\/SonoraEE\/","article_author":"https:\/\/www.facebook.com\/SonoraEE","article_published_time":"2022-09-14T23:18:10+00:00","og_image":[{"width":700,"height":400,"url":"https:\/\/www.sonoraenequipo.com.mx\/storage\/2021\/12\/tono.jpg","type":"image\/jpeg"}],"author":"enequipo","twitter_card":"summary_large_image","twitter_creator":"@sonoraenequipo","twitter_site":"@sonoraenequipo","twitter_misc":{"Escrito por":"enequipo","Tiempo de lectura":"4 minutos"},"schema":{"@context":"https:\/\/schema.org","@graph":[{"@type":"Article","@id":"https:\/\/www.sonoraenequipo.com.mx\/avalan-camaras-empresariales-y-organizaciones-sociales-resultados-de-tono-astiazaran\/#article","isPartOf":{"@id":"https:\/\/www.sonoraenequipo.com.mx\/avalan-camaras-empresariales-y-organizaciones-sociales-resultados-de-tono-astiazaran\/"},"author":{"name":"enequipo","@id":"https:\/\/www.sonoraenequipo.com.mx\/#\/schema\/person\/50102df0fb23a8fa9e8effad8fa81386"},"headline":"Avalan c\u00e1maras empresariales y organizaciones sociales resultados de To\u00f1o Astiazar\u00e1n","datePublished":"2022-09-14T23:18:10+00:00","mainEntityOfPage":{"@id":"https:\/\/www.sonoraenequipo.com.mx\/avalan-camaras-empresariales-y-organizaciones-sociales-resultados-de-tono-astiazaran\/"},"wordCount":804,"commentCount":0,"publisher":{"@id":"https:\/\/www.sonoraenequipo.com.mx\/#organization"},"image":{"@id":"https:\/\/www.sonoraenequipo.com.mx\/avalan-camaras-empresariales-y-organizaciones-sociales-resultados-de-tono-astiazaran\/#primaryimage"},"thumbnailUrl":"https:\/\/www.sonoraenequipo.com.mx\/storage\/2021\/12\/tono.jpg","keywords":["informe","primer","to\u00f1o astiazaran"],"articleSection":["Municipios"],"inLanguage":"es","potentialAction":[{"@type":"CommentAction","name":"Comment","target":["https:\/\/www.sonoraenequipo.com.mx\/avalan-camaras-empresariales-y-organizaciones-sociales-resultados-de-tono-astiazaran\/#respond"]}]},{"@type":"WebPage","@id":"https:\/\/www.sonoraenequipo.com.mx\/avalan-camaras-empresariales-y-organizaciones-sociales-resultados-de-tono-astiazaran\/","url":"https:\/\/www.sonoraenequipo.com.mx\/avalan-camaras-empresariales-y-organizaciones-sociales-resultados-de-tono-astiazaran\/","name":"Sonora en Equipo. Avalan c\u00e1maras empresariales y organizaciones sociales resultados de To\u00f1o Astiazar\u00e1n Municipios","isPartOf":{"@id":"https:\/\/www.sonoraenequipo.com.mx\/#website"},"primaryImageOfPage":{"@id":"https:\/\/www.sonoraenequipo.com.mx\/avalan-camaras-empresariales-y-organizaciones-sociales-resultados-de-tono-astiazaran\/#primaryimage"},"image":{"@id":"https:\/\/www.sonoraenequipo.com.mx\/avalan-camaras-empresariales-y-organizaciones-sociales-resultados-de-tono-astiazaran\/#primaryimage"},"thumbnailUrl":"https:\/\/www.sonoraenequipo.com.mx\/storage\/2021\/12\/tono.jpg","datePublished":"2022-09-14T23:18:10+00:00","description":"\u25baCoincidieron en la oportunidad de interacci\u00f3n, colaboraci\u00f3n y trabajo en equipo con el Ayuntamiento en este a\u00f1o de trabajo HERMOSILLO, SONORA,MX.\u2500\u2500 De En Sonora en Equipo publicamos toda la informaci\u00f3n de Sonora, M\u00e9xico y el Mundo de manera oportuna y busca que la libertad de expresi\u00f3n sea real. Visita nuestro medio informativo publicado desde Hermosillo, Sonora. %","breadcrumb":{"@id":"https:\/\/www.sonoraenequipo.com.mx\/avalan-camaras-empresariales-y-organizaciones-sociales-resultados-de-tono-astiazaran\/#breadcrumb"},"inLanguage":"es","potentialAction":[{"@type":"ReadAction","target":["https:\/\/www.sonoraenequipo.com.mx\/avalan-camaras-empresariales-y-organizaciones-sociales-resultados-de-tono-astiazaran\/"]}]},{"@type":"ImageObject","inLanguage":"es","@id":"https:\/\/www.sonoraenequipo.com.mx\/avalan-camaras-empresariales-y-organizaciones-sociales-resultados-de-tono-astiazaran\/#primaryimage","url":"https:\/\/www.sonoraenequipo.com.mx\/storage\/2021\/12\/tono.jpg","contentUrl":"https:\/\/www.sonoraenequipo.com.mx\/storage\/2021\/12\/tono.jpg","width":700,"height":400},{"@type":"BreadcrumbList","@id":"https:\/\/www.sonoraenequipo.com.mx\/avalan-camaras-empresariales-y-organizaciones-sociales-resultados-de-tono-astiazaran\/#breadcrumb","itemListElement":[{"@type":"ListItem","position":1,"name":"Portada","item":"https:\/\/www.sonoraenequipo.com.mx\/"},{"@type":"ListItem","position":2,"name":"Avalan c\u00e1maras empresariales y organizaciones sociales resultados de To\u00f1o Astiazar\u00e1n"}]},{"@type":"WebSite","@id":"https:\/\/www.sonoraenequipo.com.mx\/#website","url":"https:\/\/www.sonoraenequipo.com.mx\/","name":"Sonora en Equipo.","description":"Diario en l\u00ednea con Noticias desde Hermosillo, Sonora","publisher":{"@id":"https:\/\/www.sonoraenequipo.com.mx\/#organization"},"potentialAction":[{"@type":"SearchAction","target":{"@type":"EntryPoint","urlTemplate":"https:\/\/www.sonoraenequipo.com.mx\/?s={search_term_string}"},"query-input":{"@type":"PropertyValueSpecification","valueRequired":true,"valueName":"search_term_string"}}],"inLanguage":"es"},{"@type":"Organization","@id":"https:\/\/www.sonoraenequipo.com.mx\/#organization","name":"Sonoraenequipo.com.mx","url":"https:\/\/www.sonoraenequipo.com.mx\/","logo":{"@type":"ImageObject","inLanguage":"es","@id":"https:\/\/www.sonoraenequipo.com.mx\/#\/schema\/logo\/image\/","url":"https:\/\/www.sonoraenequipo.com.mx\/storage\/2019\/01\/sonoraenequipo_opt.png","contentUrl":"https:\/\/www.sonoraenequipo.com.mx\/storage\/2019\/01\/sonoraenequipo_opt.png","width":375,"height":125,"caption":"Sonoraenequipo.com.mx"},"image":{"@id":"https:\/\/www.sonoraenequipo.com.mx\/#\/schema\/logo\/image\/"},"sameAs":["https:\/\/www.facebook.com\/SonoraEE\/","https:\/\/x.com\/sonoraenequipo","https:\/\/www.youtube.com\/channel\/UC338nW-lPEYmJQs4ZABQ1SQ"]},{"@type":"Person","@id":"https:\/\/www.sonoraenequipo.com.mx\/#\/schema\/person\/50102df0fb23a8fa9e8effad8fa81386","name":"enequipo","image":{"@type":"ImageObject","inLanguage":"es","@id":"https:\/\/www.sonoraenequipo.com.mx\/#\/schema\/person\/image\/","url":"https:\/\/secure.gravatar.com\/avatar\/049821681b589dabc0bc20695993ccebb09f5b5d4d790cd9251b97faac7c652b?s=96&d=blank&r=g","contentUrl":"https:\/\/secure.gravatar.com\/avatar\/049821681b589dabc0bc20695993ccebb09f5b5d4d790cd9251b97faac7c652b?s=96&d=blank&r=g","caption":"enequipo"},"sameAs":["https:\/\/www.facebook.com\/SonoraEE"]}]}},"jetpack_featured_media_url":"https:\/\/www.sonoraenequipo.com.mx\/storage\/2021\/12\/tono.jpg","_links":{"self":[{"href":"https:\/\/www.sonoraenequipo.com.mx\/api\/wp\/v2\/posts\/147162","targetHints":{"allow":["GET"]}}],"collection":[{"href":"https:\/\/www.sonoraenequipo.com.mx\/api\/wp\/v2\/posts"}],"about":[{"href":"https:\/\/www.sonoraenequipo.com.mx\/api\/wp\/v2\/types\/post"}],"author":[{"embeddable":true,"href":"https:\/\/www.sonoraenequipo.com.mx\/api\/wp\/v2\/users\/1"}],"replies":[{"embeddable":true,"href":"https:\/\/www.sonoraenequipo.com.mx\/api\/wp\/v2\/comments?post=147162"}],"version-history":[{"count":1,"href":"https:\/\/www.sonoraenequipo.com.mx\/api\/wp\/v2\/posts\/147162\/revisions"}],"predecessor-version":[{"id":147163,"href":"https:\/\/www.sonoraenequipo.com.mx\/api\/wp\/v2\/posts\/147162\/revisions\/147163"}],"wp:featuredmedia":[{"embeddable":true,"href":"https:\/\/www.sonoraenequipo.com.mx\/api\/wp\/v2\/media\/129214"}],"wp:attachment":[{"href":"https:\/\/www.sonoraenequipo.com.mx\/api\/wp\/v2\/media?parent=147162"}],"wp:term":[{"taxonomy":"category","embeddable":true,"href":"https:\/\/www.sonoraenequipo.com.mx\/api\/wp\/v2\/categories?post=147162"},{"taxonomy":"post_tag","embeddable":true,"href":"https:\/\/www.sonoraenequipo.com.mx\/api\/wp\/v2\/tags?post=147162"}],"curies":[{"name":"wp","href":"https:\/\/api.w.org\/{rel}","templated":true}]}}