{"id":147188,"date":"2022-09-14T20:55:50","date_gmt":"2022-09-15T03:55:50","guid":{"rendered":"https:\/\/www.sonoraenequipo.com.mx\/?p=147188"},"modified":"2022-09-14T20:55:50","modified_gmt":"2022-09-15T03:55:50","slug":"incluyen-a-los-servicios-de-salud-y-educacion-dentro-del-derecho-humano-a-la-conectividad","status":"publish","type":"post","link":"https:\/\/www.sonoraenequipo.com.mx\/incluyen-a-los-servicios-de-salud-y-educacion-dentro-del-derecho-humano-a-la-conectividad\/","title":{"rendered":"Incluyen a los servicios de salud y educaci\u00f3n dentro del derecho humano a la conectividad"},"content":{"rendered":"<p><strong>HERMOSILLO, SONORA,MX.<\/strong><strong>\u2500\u2500<\/strong> Por considerar que educar sin conectividad en el tiempo presente acrecienta las desigualdades, las cuales repercuten en las distintas prerrogativas fundamentales, el Congreso aprob\u00f3 la Ley que reforma la Constituci\u00f3n local, que permitir\u00e1 al Estado garantizar, como un derecho humano, la posibilidad de acceder a la conectividad de redes digitales de informaci\u00f3n y comunicaci\u00f3n.<\/p>\n<p>&nbsp;<\/p>\n<p>&nbsp;<\/p>\n<p>&nbsp;<\/p>\n<p>Se trata de la Ley que reforma el p\u00e1rrafo d\u00e9cimo segundo del Art\u00edculo 1\u00b0 de la Constituci\u00f3n Pol\u00edtica del Estado de Sonora, para quedar como sigue:<\/p>\n<p>&nbsp;<\/p>\n<p>&nbsp;<\/p>\n<p>&nbsp;<\/p>\n<p>El Estado garantizar\u00e1 como un derecho humano el tener la posibilidad de acceder a la conectividad de redes digitales de informaci\u00f3n y comunicaci\u00f3n, como una pol\u00edtica p\u00fablica que otorga igualdad de oportunidades a sus habitantes en el acceso a nuevas tecnolog\u00edas, con el fin de fortalecer los servicios de salud y educaci\u00f3n, as\u00ed como promover el desarrollo cultural, econ\u00f3mico, social y pol\u00edtico en el Estado.<\/p>\n<p>&nbsp;<\/p>\n<p>&nbsp;<\/p>\n<p>&nbsp;<\/p>\n<p>Las comisiones de Gobernaci\u00f3n y Puntos Constitucionales, y de Educaci\u00f3n y Cultura, en forma unida, presentaron el dictamen que se elabor\u00f3 con base a una iniciativa que el 8 de febrero de 2022 dieron a conocer ante el Pleno del Congreso la diputada Beatriz Cota Ponce y el diputado Ferm\u00edn Trujillo Fuentes, donde tambi\u00e9n incluyeron un proyecto de Decreto que reforma y adiciona diversas disposiciones de las leyes de Educaci\u00f3n y de Becas y Cr\u00e9dito Educativo del Estado de Sonora.<\/p>\n<p>&nbsp;<\/p>\n<p>&nbsp;<\/p>\n<p>&nbsp;<\/p>\n<p>De acuerdo a uno de los considerandos del dictamen, educar sin conectividad en el tiempo presente acrecienta las desigualdades, las que repercuten en las distintas prerrogativas fundamentales, motivo por el cual, para expandir las pol\u00edticas gubernamentales estatales y nacionales destinadas a conectar todas las escuelas a Internet de alta velocidad de banda ancha, no debe perderse el objetivo principal, que es elevar el enfoque de estas pol\u00edticas de conectividad en y dentro de las escuelas.<\/p>\n<p>&nbsp;<\/p>\n<p>&nbsp;<\/p>\n<p>&nbsp;<\/p>\n<p>\u201cEn resumen, debemos concebir el derecho a la conectividad en un sentido m\u00e1s amplio, pensado como el acceso al servicio de Internet de banda ancha, con el fin de contar con una velocidad adecuada de acceso a la informaci\u00f3n, debiendo contemplar, adem\u00e1s, la adquisici\u00f3n de dispositivos que permitan el acceso pleno a ese tipo de servicio, ya que su importancia radica en que con este derecho cubierto tendremos herramientas que nos permitan desarrollar el derecho a la salud, la educaci\u00f3n y el trabajo\u201d, establece otro de los considerandos del dictamen al que dio lectura la diputada Cota Ponce.<\/p>\n<p>&nbsp;<\/p>\n<p>&nbsp;<\/p>\n<p>&nbsp;<\/p>\n<p>En relaci\u00f3n al Decreto que reforma y adiciona las leyes de Educaci\u00f3n y de Becas y Cr\u00e9dito Educativo, se consider\u00f3 que tiene un sentido positivo, debido a que ordena la coordinaci\u00f3n de la Secretar\u00eda de Educaci\u00f3n y Cultura con los ayuntamientos, para garantizar la impartici\u00f3n de educaci\u00f3n a distancia, tomando en cuenta las condiciones de cada regi\u00f3n del Estado, as\u00ed como el otorgamiento de apoyos para tener acceso a los medios para hacer la educaci\u00f3n a distancia posible, priorizando \u00e9sta a comunidades ind\u00edgenas y a los municipios rurales del Estado.<\/p>\n<p>&nbsp;<\/p>\n<p>&nbsp;<\/p>\n<p>&nbsp;<\/p>\n<p>La Ley que reforma el p\u00e1rrafo d\u00e9cimo segundo del Art\u00edculo 1\u00b0 de la Constituci\u00f3n local ser\u00e1 enviada a los 72 ayuntamientos para su aprobaci\u00f3n, y una vez sea aprobada por la mitad m\u00e1s uno de los cabildos, ser\u00e1 enviada a publicaci\u00f3n en el Bolet\u00edn Oficial del Gobierno del Estado y su posterior entrada en vigor.<\/p>\n<p>&nbsp;<\/p>\n<p>&nbsp;<\/p>\n<p>&nbsp;<\/p>\n<p>La asamblea tambi\u00e9n aprob\u00f3 el Decreto que reforma el Art\u00edculo 167 Quater del C\u00f3digo Penal del Estado de Sonora que, con base en una iniciativa presentada por el Gobernador del Estado, tiene por finalidad la clarificaci\u00f3n del tipo penal contenido en dicho numeral, en atenci\u00f3n a las opiniones vertidas tanto por los grupos de madres buscadoras como por diversos medios de comunicaci\u00f3n en el Estado.<\/p>\n<p>&nbsp;<\/p>\n<p>&nbsp;<\/p>\n<p>&nbsp;<\/p>\n<p>\u201cAl efecto, la iniciativa en estudio plantea que \u00fanicamente los servidores p\u00fablicos integrantes de alguna instituci\u00f3n policial, de procuraci\u00f3n o impartici\u00f3n de justicia que realicen las conductas se\u00f1aladas en el primer p\u00e1rrafo del art\u00edculo, ser\u00e1n sujetos a la comisi\u00f3n de dicho delito\u201d, establece uno de los considerandos del dictamen presentado por la Comisi\u00f3n de Justicia y Derechos Humanos, al que dio lectura la diputada Diana Karina Barreras Samaniego.<\/p>\n<p>&nbsp;<\/p>\n<p>&nbsp;<\/p>\n<p>&nbsp;<\/p>\n<p>Agrega que en el p\u00e1rrafo segundo del Art\u00edculo 167 Quater se elimin\u00f3 la frase: lesiones o estado de salud, con lo cual se le da congruencia, ya que son im\u00e1genes, audios o videos de cad\u00e1veres de mujeres, ni\u00f1as o ni\u00f1os, lo que quiere decir que no hay lesiones o estado de salud, ya que la persona ha fallecido.<\/p>\n<p>&nbsp;<\/p>\n<p>&nbsp;<\/p>\n<p>&nbsp;<\/p>\n<p>ARTICULO 167 QUATER.- Al servidor p\u00fablico integrante de alguna instituci\u00f3n policial, de procuraci\u00f3n o impartici\u00f3n de justicia que fuera de los supuestos autorizados por la Ley, audiograbe, comercie, comparta, difunda, distribuya, entregue, exponga, env\u00ede, filme, fotograf\u00ede, intercambie, oferte, publique, remita, reproduzca, revele, transmita o videograbe im\u00e1genes o audios, videos o documentos de cad\u00e1veres o parte de ellos que se encuentren relacionados con una investigaci\u00f3n penal, de las circunstancias de la muerte o de las lesiones que \u00e9stos presentan, sea en el lugar de los hechos o del hallazgo o en cualquier domicilio p\u00fablico o privado, se le impondr\u00e1 de cuatro a diez a\u00f1os de prisi\u00f3n y multa por un importe equivalente de cien a ciento cincuenta veces el valor diario de la unidad de medida y actualizaci\u00f3n. Trat\u00e1ndose de im\u00e1genes o audios de cad\u00e1veres de mujeres, ni\u00f1as, ni\u00f1os, adolescentes, personas con discapacidad o de las circunstancias de su muerte, las penas previstas en este art\u00edculo se incrementar\u00e1n hasta en una mitad.<\/p>\n<p>&nbsp;<\/p>\n<p>&nbsp;<\/p>\n<p>&nbsp;<\/p>\n<p>En esta sesi\u00f3n ordinaria se aprob\u00f3 por mayor\u00eda la designaci\u00f3n de la ciudadana Lyzeth Salcedo Salinas como Comisionada de la Comisi\u00f3n Ejecutiva Estatal de Atenci\u00f3n a V\u00edctimas, al obtener m\u00e1s de las dos terceras partes de los votos del Pleno.<\/p>\n<p>&nbsp;<\/p>\n<p>&nbsp;<\/p>\n<p>&nbsp;<\/p>\n<p>El dictamen, al que dio lectura la diputada Mar\u00eda Jes\u00fas Castro Urquijo, fue presentado por la Comisi\u00f3n de Justicia y Derechos Humanos, con el Acuerdo de la terna que tambi\u00e9n integraron los ciudadanos Jos\u00e9 Luis Boj\u00f3rquez Ortega y Mar\u00eda Magdalena Rivera Carrillo.<\/p>\n<p>&nbsp;<\/p>\n<p>&nbsp;<\/p>\n<p>&nbsp;<\/p>\n<p>Sobre este punto del orden del d\u00eda, la diputada Rosa Elena Trujillo Llanes propuso a la asamblea regresar la terna al Ejecutivo estatal y se realice un proceso transparente, por considerar que ninguno de los tres perfiles cumple a cabalidad con lo que se necesita para tener una Comisionada o Comisionado que en realidad atienda lo que tanto lamentan quienes pasan por la desaparici\u00f3n de alg\u00fan familiar o por feminicidios.<\/p>\n<p>&nbsp;<\/p>\n<p>&nbsp;<\/p>\n<p>&nbsp;<\/p>\n<p>Otro dictamen aprob\u00f3 la asamblea, con punto de Acuerdo que resuelve que son improcedentes las iniciativas contenidas en los folios: 558, 585, 1275, 1436, 1482, 1748, 2128, 2129, 2150, 3203, 3589 y se desecha el contenido del folio 3213, todos pertenecientes a la LXII Legislatura, dio a conocer la diputada Claudia Zulema Bours Corral, a nombre de la Comisi\u00f3n de Movilidad y Seguridad Vial.<\/p>\n<p>&nbsp;<\/p>\n<p>&nbsp;<\/p>\n<p>&nbsp;<\/p>\n<p>Iniciativas a comisiones<\/p>\n<p>&nbsp;<\/p>\n<p>En esta sesi\u00f3n ordinaria se presentaron cuatro iniciativas, la primera con proyecto de ley de derechos ling\u00fc\u00edsticos del Estado de Sonora, a cargo del diputado Luis Arturo Robles Higuera, quien expuso la importancia de proteger las lenguas ind\u00edgenas.<\/p>\n<p>&nbsp;<\/p>\n<p>&nbsp;<\/p>\n<p>&nbsp;<\/p>\n<p>Agreg\u00f3 que aportan conocimientos \u00fanicos y formas de comprender el mundo de manera diferente; ayudan a fomentar la paz y el desarrollo sostenible; potencian la protecci\u00f3n de los derechos humanos y las libertades de los pueblos ind\u00edgenas; suponen un impulso de la inclusi\u00f3n social y de la alfabetizaci\u00f3n; y contribuyen a la diversidad de valores, de culturas y de lenguas.<\/p>\n<p>&nbsp;<\/p>\n<p>&nbsp;<\/p>\n<p>&nbsp;<\/p>\n<p>Sobre la importancia de contar con una legislaci\u00f3n en la materia hicieron comentarios a favor las diputadas Natalia Rivera Grijalva, Alma Manuela Higuera Esquer, Rebeca Irene Silva Gallardo, Claudia Zulema Bours Corral, Beatriz Cota Ponce, Azalia Guevara Espinoza, y el diputado Pr\u00f3spero Valenzuela M\u00fa\u00f1er.<\/p>\n<p>&nbsp;<\/p>\n<p>&nbsp;<\/p>\n<p>&nbsp;<\/p>\n<p>La iniciativa se turn\u00f3 para estudio a la Comisi\u00f3n de Asuntos Ind\u00edgenas, mientras que a la Comisi\u00f3n de Movilidad y Seguridad Vial se envi\u00f3 la iniciativa presentada por la diputada Alma Manuela Higuera Esquer, con proyecto de ley de fomento al uso de la bicicleta de manera recreativa.<\/p>\n<p>&nbsp;<\/p>\n<p>&nbsp;<\/p>\n<p>&nbsp;<\/p>\n<p>Afirm\u00f3 que el fondo del proyecto es propiciar acciones que, desde el marco legal, tutelen los derechos humanos y, de manera impl\u00edcita, fomenten las buenas pr\u00e1cticas, como lo es el cuidado del medio ambiente, la salud, la cohesi\u00f3n familiar y lo m\u00e1s importante: reconstruir el tejido social en la entidad, para lo cual propuso establecer las bases para que los gobiernos, tanto estatal como municipales, en base a sus atribuciones, promuevan este tipo de acciones.<\/p>\n<p>&nbsp;<\/p>\n<p>&nbsp;<\/p>\n<p>&nbsp;<\/p>\n<p>A nombre de las y los integrantes del grupo parlamentario de Movimiento Ciudadano, la diputada Natalia Rivera Grijalva present\u00f3 una iniciativa con proyecto de decreto que reforma, deroga y adiciona diversas disposiciones de la Ley de obras y servicios relacionados con las mismas para el Estado de Sonora.<\/p>\n<p>&nbsp;<\/p>\n<p>&nbsp;<\/p>\n<p>&nbsp;<\/p>\n<p>Explic\u00f3 que el objetivo es que el Gobierno del Estado establezca un fondo para la reparaci\u00f3n, pavimentaci\u00f3n y mantenimiento de vialidades y caminos de los municipios, donde el presupuesto m\u00ednimo sea de 200 millones de pesos anuales y que sea distribuido de forma proporcional y equitativa, conforme a las necesidades de todos los municipios.<\/p>\n<p>&nbsp;<\/p>\n<p>&nbsp;<\/p>\n<p>&nbsp;<\/p>\n<p>Adem\u00e1s, que las autoridades estatales y municipales establezcan en su normatividad un sistema de administraci\u00f3n para organizar, coordinar y controlar todas las actividades que afectan el costo y la vida de los pavimentos, con la finalidad de programar el mantenimiento y rehabilitaci\u00f3n de estos, basado en un enfoque que maximice los beneficios y minimice los costos.<\/p>\n<p>&nbsp;<\/p>\n<p>&nbsp;<\/p>\n<p>&nbsp;<\/p>\n<p>La iniciativa ser\u00e1 estudiada en la Comisi\u00f3n de Obras y Servicios P\u00fablicos, en tanto a las comisiones de Bienestar Social y de Atenci\u00f3n a Grupos Vulnerables de la Sociedad, turn\u00f3 la Presidencia una iniciativa presentada por el diputado Sebasti\u00e1n Antonio Ordu\u00f1o Fragoza, a nombre del grupo parlamentario del Partido del Trabajo.<\/p>\n<p>&nbsp;<\/p>\n<p>&nbsp;<\/p>\n<p>&nbsp;<\/p>\n<p>Propuso adicionar un p\u00e1rrafo tercero al Art\u00edculo 15 de la Ley de Asistencia Social, a efecto de que el Sistema DIF Sonora promueva, de manera permanente, la creaci\u00f3n de un programa de est\u00edmulos econ\u00f3micos en apoyo a terapias para personas con alguna discapacidad o condici\u00f3n, de conformidad con los criterios que fije la Secretar\u00eda de Salud.<\/p>\n<p>&nbsp;<\/p>\n<p>&nbsp;<\/p>\n<p>&nbsp;<\/p>\n<p>\u201cEste tipo de pol\u00edticas p\u00fablicas, que tienen objetivos que promueven y garantizan el derecho de las personas en situaci\u00f3n vulnerable, se debe de contemplar como un programa de car\u00e1cter permanente, y en este argumento recae la propuesta de m\u00e9rito, en la cual se contempla como atribuci\u00f3n de DIF Sonora, promover un programa de est\u00edmulos econ\u00f3micos en apoyo a las terapias de las personas afectadas con trastorno del espectro autista, neurodiversidad, par\u00e1lisis cerebral o s\u00edndrome de Down\u201d, asever\u00f3.<\/p>\n<p>&nbsp;<\/p>\n<p>&nbsp;<\/p>\n<p>&nbsp;<\/p>\n<p>El Pleno del Congreso sesionar\u00e1 el martes 20 de septiembre, a las 11:00 horas.<\/p>\n<p><strong><u>Fecha de publicaci\u00f3n 14 de septiembre de 2022<\/u><\/strong><\/p>\n<p>&nbsp;<\/p>\n","protected":false},"excerpt":{"rendered":"<p>HERMOSILLO, SONORA,MX.\u2500\u2500 Por considerar que educar sin conectividad en el tiempo presente acrecienta las desigualdades,&#8230;<\/p>\n","protected":false},"author":1,"featured_media":147189,"comment_status":"open","ping_status":"open","sticky":false,"template":"","format":"standard","meta":{"_monsterinsights_skip_tracking":false,"_monsterinsights_sitenote_active":false,"_monsterinsights_sitenote_note":"","_monsterinsights_sitenote_category":0,"footnotes":""},"categories":[3281],"tags":[7508,3655,7509],"class_list":["post"],"yoast_head":" \n<title>Sonora en Equipo. Incluyen a los servicios de salud y educaci\u00f3n dentro del derecho humano a la conectividad Congreso<\/title>\n<meta name=\"description\" content=\"HERMOSILLO, SONORA,MX.\u2500\u2500 Por considerar que educar sin conectividad en el tiempo presente acrecienta las desigualdades, las cuales repercuten en las En Sonora en Equipo publicamos toda la informaci\u00f3n de Sonora, M\u00e9xico y el Mundo de manera oportuna y busca que la libertad de expresi\u00f3n sea real. Visita nuestro medio informativo publicado desde Hermosillo, Sonora. %\" \/>\n<meta name=\"robots\" content=\"index, follow, max-snippet:-1, max-image-preview:large, max-video-preview:-1\" \/>\n<link rel=\"canonical\" href=\"https:\/\/www.sonoraenequipo.com.mx\/incluyen-a-los-servicios-de-salud-y-educacion-dentro-del-derecho-humano-a-la-conectividad\/\" \/>\n<meta property=\"og:locale\" content=\"es_ES\" \/>\n<meta property=\"og:type\" content=\"article\" \/>\n<meta property=\"og:title\" content=\"Sonora en Equipo. Incluyen a los servicios de salud y educaci\u00f3n dentro del derecho humano a la conectividad Congreso\" \/>\n<meta property=\"og:description\" content=\"HERMOSILLO, SONORA,MX.\u2500\u2500 Por considerar que educar sin conectividad en el tiempo presente acrecienta las desigualdades, las cuales repercuten en las En Sonora en Equipo publicamos toda la informaci\u00f3n de Sonora, M\u00e9xico y el Mundo de manera oportuna y busca que la libertad de expresi\u00f3n sea real. Visita nuestro medio informativo publicado desde Hermosillo, Sonora. %\" \/>\n<meta property=\"og:url\" content=\"https:\/\/www.sonoraenequipo.com.mx\/incluyen-a-los-servicios-de-salud-y-educacion-dentro-del-derecho-humano-a-la-conectividad\/\" \/>\n<meta property=\"og:site_name\" content=\"Sonora en Equipo.\" \/>\n<meta property=\"article:publisher\" content=\"https:\/\/www.facebook.com\/SonoraEE\/\" \/>\n<meta property=\"article:author\" content=\"https:\/\/www.facebook.com\/SonoraEE\" \/>\n<meta property=\"article:published_time\" content=\"2022-09-15T03:55:50+00:00\" \/>\n<meta property=\"og:image\" content=\"https:\/\/www.sonoraenequipo.com.mx\/storage\/2022\/09\/conectividad.jpg\" \/>\n\t<meta property=\"og:image:width\" content=\"900\" \/>\n\t<meta property=\"og:image:height\" content=\"600\" \/>\n\t<meta property=\"og:image:type\" content=\"image\/jpeg\" \/>\n<meta name=\"author\" content=\"enequipo\" \/>\n<meta name=\"twitter:card\" content=\"summary_large_image\" \/>\n<meta name=\"twitter:creator\" content=\"@sonoraenequipo\" \/>\n<meta name=\"twitter:site\" content=\"@sonoraenequipo\" \/>\n<meta name=\"twitter:label1\" content=\"Escrito por\" \/>\n\t<meta name=\"twitter:data1\" content=\"enequipo\" \/>\n\t<meta name=\"twitter:label2\" content=\"Tiempo de lectura\" \/>\n\t<meta name=\"twitter:data2\" content=\"10 minutos\" \/>\n<script type=\"application\/ld+json\" class=\"yoast-schema-graph\">{\"@context\":\"https:\/\/schema.org\",\"@graph\":[{\"@type\":\"Article\",\"@id\":\"https:\/\/www.sonoraenequipo.com.mx\/incluyen-a-los-servicios-de-salud-y-educacion-dentro-del-derecho-humano-a-la-conectividad\/#article\",\"isPartOf\":{\"@id\":\"https:\/\/www.sonoraenequipo.com.mx\/incluyen-a-los-servicios-de-salud-y-educacion-dentro-del-derecho-humano-a-la-conectividad\/\"},\"author\":{\"name\":\"enequipo\",\"@id\":\"https:\/\/www.sonoraenequipo.com.mx\/#\/schema\/person\/50102df0fb23a8fa9e8effad8fa81386\"},\"headline\":\"Incluyen a los servicios de salud y educaci\u00f3n dentro del derecho humano a la conectividad\",\"datePublished\":\"2022-09-15T03:55:50+00:00\",\"mainEntityOfPage\":{\"@id\":\"https:\/\/www.sonoraenequipo.com.mx\/incluyen-a-los-servicios-de-salud-y-educacion-dentro-del-derecho-humano-a-la-conectividad\/\"},\"wordCount\":1973,\"commentCount\":0,\"publisher\":{\"@id\":\"https:\/\/www.sonoraenequipo.com.mx\/#organization\"},\"image\":{\"@id\":\"https:\/\/www.sonoraenequipo.com.mx\/incluyen-a-los-servicios-de-salud-y-educacion-dentro-del-derecho-humano-a-la-conectividad\/#primaryimage\"},\"thumbnailUrl\":\"https:\/\/www.sonoraenequipo.com.mx\/storage\/2022\/09\/conectividad.jpg\",\"keywords\":[\"conectividad\",\"derecho\",\"humano\"],\"articleSection\":[\"Congreso\"],\"inLanguage\":\"es\",\"potentialAction\":[{\"@type\":\"CommentAction\",\"name\":\"Comment\",\"target\":[\"https:\/\/www.sonoraenequipo.com.mx\/incluyen-a-los-servicios-de-salud-y-educacion-dentro-del-derecho-humano-a-la-conectividad\/#respond\"]}]},{\"@type\":\"WebPage\",\"@id\":\"https:\/\/www.sonoraenequipo.com.mx\/incluyen-a-los-servicios-de-salud-y-educacion-dentro-del-derecho-humano-a-la-conectividad\/\",\"url\":\"https:\/\/www.sonoraenequipo.com.mx\/incluyen-a-los-servicios-de-salud-y-educacion-dentro-del-derecho-humano-a-la-conectividad\/\",\"name\":\"Sonora en Equipo. Incluyen a los servicios de salud y educaci\u00f3n dentro del derecho humano a la conectividad Congreso\",\"isPartOf\":{\"@id\":\"https:\/\/www.sonoraenequipo.com.mx\/#website\"},\"primaryImageOfPage\":{\"@id\":\"https:\/\/www.sonoraenequipo.com.mx\/incluyen-a-los-servicios-de-salud-y-educacion-dentro-del-derecho-humano-a-la-conectividad\/#primaryimage\"},\"image\":{\"@id\":\"https:\/\/www.sonoraenequipo.com.mx\/incluyen-a-los-servicios-de-salud-y-educacion-dentro-del-derecho-humano-a-la-conectividad\/#primaryimage\"},\"thumbnailUrl\":\"https:\/\/www.sonoraenequipo.com.mx\/storage\/2022\/09\/conectividad.jpg\",\"datePublished\":\"2022-09-15T03:55:50+00:00\",\"description\":\"HERMOSILLO, SONORA,MX.\u2500\u2500 Por considerar que educar sin conectividad en el tiempo presente acrecienta las desigualdades, las cuales repercuten en las En Sonora en Equipo publicamos toda la informaci\u00f3n de Sonora, M\u00e9xico y el Mundo de manera oportuna y busca que la libertad de expresi\u00f3n sea real. Visita nuestro medio informativo publicado desde Hermosillo, Sonora. %\",\"breadcrumb\":{\"@id\":\"https:\/\/www.sonoraenequipo.com.mx\/incluyen-a-los-servicios-de-salud-y-educacion-dentro-del-derecho-humano-a-la-conectividad\/#breadcrumb\"},\"inLanguage\":\"es\",\"potentialAction\":[{\"@type\":\"ReadAction\",\"target\":[\"https:\/\/www.sonoraenequipo.com.mx\/incluyen-a-los-servicios-de-salud-y-educacion-dentro-del-derecho-humano-a-la-conectividad\/\"]}]},{\"@type\":\"ImageObject\",\"inLanguage\":\"es\",\"@id\":\"https:\/\/www.sonoraenequipo.com.mx\/incluyen-a-los-servicios-de-salud-y-educacion-dentro-del-derecho-humano-a-la-conectividad\/#primaryimage\",\"url\":\"https:\/\/www.sonoraenequipo.com.mx\/storage\/2022\/09\/conectividad.jpg\",\"contentUrl\":\"https:\/\/www.sonoraenequipo.com.mx\/storage\/2022\/09\/conectividad.jpg\",\"width\":900,\"height\":600},{\"@type\":\"BreadcrumbList\",\"@id\":\"https:\/\/www.sonoraenequipo.com.mx\/incluyen-a-los-servicios-de-salud-y-educacion-dentro-del-derecho-humano-a-la-conectividad\/#breadcrumb\",\"itemListElement\":[{\"@type\":\"ListItem\",\"position\":1,\"name\":\"Portada\",\"item\":\"https:\/\/www.sonoraenequipo.com.mx\/\"},{\"@type\":\"ListItem\",\"position\":2,\"name\":\"Incluyen a los servicios de salud y educaci\u00f3n dentro del derecho humano a la conectividad\"}]},{\"@type\":\"WebSite\",\"@id\":\"https:\/\/www.sonoraenequipo.com.mx\/#website\",\"url\":\"https:\/\/www.sonoraenequipo.com.mx\/\",\"name\":\"Sonora en Equipo.\",\"description\":\"Diario en l\u00ednea con Noticias desde Hermosillo, Sonora\",\"publisher\":{\"@id\":\"https:\/\/www.sonoraenequipo.com.mx\/#organization\"},\"potentialAction\":[{\"@type\":\"SearchAction\",\"target\":{\"@type\":\"EntryPoint\",\"urlTemplate\":\"https:\/\/www.sonoraenequipo.com.mx\/?s={search_term_string}\"},\"query-input\":{\"@type\":\"PropertyValueSpecification\",\"valueRequired\":true,\"valueName\":\"search_term_string\"}}],\"inLanguage\":\"es\"},{\"@type\":\"Organization\",\"@id\":\"https:\/\/www.sonoraenequipo.com.mx\/#organization\",\"name\":\"Sonoraenequipo.com.mx\",\"url\":\"https:\/\/www.sonoraenequipo.com.mx\/\",\"logo\":{\"@type\":\"ImageObject\",\"inLanguage\":\"es\",\"@id\":\"https:\/\/www.sonoraenequipo.com.mx\/#\/schema\/logo\/image\/\",\"url\":\"https:\/\/www.sonoraenequipo.com.mx\/storage\/2019\/01\/sonoraenequipo_opt.png\",\"contentUrl\":\"https:\/\/www.sonoraenequipo.com.mx\/storage\/2019\/01\/sonoraenequipo_opt.png\",\"width\":375,\"height\":125,\"caption\":\"Sonoraenequipo.com.mx\"},\"image\":{\"@id\":\"https:\/\/www.sonoraenequipo.com.mx\/#\/schema\/logo\/image\/\"},\"sameAs\":[\"https:\/\/www.facebook.com\/SonoraEE\/\",\"https:\/\/x.com\/sonoraenequipo\",\"https:\/\/www.youtube.com\/channel\/UC338nW-lPEYmJQs4ZABQ1SQ\"]},{\"@type\":\"Person\",\"@id\":\"https:\/\/www.sonoraenequipo.com.mx\/#\/schema\/person\/50102df0fb23a8fa9e8effad8fa81386\",\"name\":\"enequipo\",\"image\":{\"@type\":\"ImageObject\",\"inLanguage\":\"es\",\"@id\":\"https:\/\/www.sonoraenequipo.com.mx\/#\/schema\/person\/image\/\",\"url\":\"https:\/\/secure.gravatar.com\/avatar\/049821681b589dabc0bc20695993ccebb09f5b5d4d790cd9251b97faac7c652b?s=96&d=blank&r=g\",\"contentUrl\":\"https:\/\/secure.gravatar.com\/avatar\/049821681b589dabc0bc20695993ccebb09f5b5d4d790cd9251b97faac7c652b?s=96&d=blank&r=g\",\"caption\":\"enequipo\"},\"sameAs\":[\"https:\/\/www.facebook.com\/SonoraEE\"]}]}<\/script>\n ","yoast_head_json":{"title":"Sonora en Equipo. Incluyen a los servicios de salud y educaci\u00f3n dentro del derecho humano a la conectividad Congreso","description":"HERMOSILLO, SONORA,MX.\u2500\u2500 Por considerar que educar sin conectividad en el tiempo presente acrecienta las desigualdades, las cuales repercuten en las En Sonora en Equipo publicamos toda la informaci\u00f3n de Sonora, M\u00e9xico y el Mundo de manera oportuna y busca que la libertad de expresi\u00f3n sea real. Visita nuestro medio informativo publicado desde Hermosillo, Sonora. %","robots":{"index":"index","follow":"follow","max-snippet":"max-snippet:-1","max-image-preview":"max-image-preview:large","max-video-preview":"max-video-preview:-1"},"canonical":"https:\/\/www.sonoraenequipo.com.mx\/incluyen-a-los-servicios-de-salud-y-educacion-dentro-del-derecho-humano-a-la-conectividad\/","og_locale":"es_ES","og_type":"article","og_title":"Sonora en Equipo. Incluyen a los servicios de salud y educaci\u00f3n dentro del derecho humano a la conectividad Congreso","og_description":"HERMOSILLO, SONORA,MX.\u2500\u2500 Por considerar que educar sin conectividad en el tiempo presente acrecienta las desigualdades, las cuales repercuten en las En Sonora en Equipo publicamos toda la informaci\u00f3n de Sonora, M\u00e9xico y el Mundo de manera oportuna y busca que la libertad de expresi\u00f3n sea real. Visita nuestro medio informativo publicado desde Hermosillo, Sonora. %","og_url":"https:\/\/www.sonoraenequipo.com.mx\/incluyen-a-los-servicios-de-salud-y-educacion-dentro-del-derecho-humano-a-la-conectividad\/","og_site_name":"Sonora en Equipo.","article_publisher":"https:\/\/www.facebook.com\/SonoraEE\/","article_author":"https:\/\/www.facebook.com\/SonoraEE","article_published_time":"2022-09-15T03:55:50+00:00","og_image":[{"width":900,"height":600,"url":"https:\/\/www.sonoraenequipo.com.mx\/storage\/2022\/09\/conectividad.jpg","type":"image\/jpeg"}],"author":"enequipo","twitter_card":"summary_large_image","twitter_creator":"@sonoraenequipo","twitter_site":"@sonoraenequipo","twitter_misc":{"Escrito por":"enequipo","Tiempo de lectura":"10 minutos"},"schema":{"@context":"https:\/\/schema.org","@graph":[{"@type":"Article","@id":"https:\/\/www.sonoraenequipo.com.mx\/incluyen-a-los-servicios-de-salud-y-educacion-dentro-del-derecho-humano-a-la-conectividad\/#article","isPartOf":{"@id":"https:\/\/www.sonoraenequipo.com.mx\/incluyen-a-los-servicios-de-salud-y-educacion-dentro-del-derecho-humano-a-la-conectividad\/"},"author":{"name":"enequipo","@id":"https:\/\/www.sonoraenequipo.com.mx\/#\/schema\/person\/50102df0fb23a8fa9e8effad8fa81386"},"headline":"Incluyen a los servicios de salud y educaci\u00f3n dentro del derecho humano a la conectividad","datePublished":"2022-09-15T03:55:50+00:00","mainEntityOfPage":{"@id":"https:\/\/www.sonoraenequipo.com.mx\/incluyen-a-los-servicios-de-salud-y-educacion-dentro-del-derecho-humano-a-la-conectividad\/"},"wordCount":1973,"commentCount":0,"publisher":{"@id":"https:\/\/www.sonoraenequipo.com.mx\/#organization"},"image":{"@id":"https:\/\/www.sonoraenequipo.com.mx\/incluyen-a-los-servicios-de-salud-y-educacion-dentro-del-derecho-humano-a-la-conectividad\/#primaryimage"},"thumbnailUrl":"https:\/\/www.sonoraenequipo.com.mx\/storage\/2022\/09\/conectividad.jpg","keywords":["conectividad","derecho","humano"],"articleSection":["Congreso"],"inLanguage":"es","potentialAction":[{"@type":"CommentAction","name":"Comment","target":["https:\/\/www.sonoraenequipo.com.mx\/incluyen-a-los-servicios-de-salud-y-educacion-dentro-del-derecho-humano-a-la-conectividad\/#respond"]}]},{"@type":"WebPage","@id":"https:\/\/www.sonoraenequipo.com.mx\/incluyen-a-los-servicios-de-salud-y-educacion-dentro-del-derecho-humano-a-la-conectividad\/","url":"https:\/\/www.sonoraenequipo.com.mx\/incluyen-a-los-servicios-de-salud-y-educacion-dentro-del-derecho-humano-a-la-conectividad\/","name":"Sonora en Equipo. Incluyen a los servicios de salud y educaci\u00f3n dentro del derecho humano a la conectividad Congreso","isPartOf":{"@id":"https:\/\/www.sonoraenequipo.com.mx\/#website"},"primaryImageOfPage":{"@id":"https:\/\/www.sonoraenequipo.com.mx\/incluyen-a-los-servicios-de-salud-y-educacion-dentro-del-derecho-humano-a-la-conectividad\/#primaryimage"},"image":{"@id":"https:\/\/www.sonoraenequipo.com.mx\/incluyen-a-los-servicios-de-salud-y-educacion-dentro-del-derecho-humano-a-la-conectividad\/#primaryimage"},"thumbnailUrl":"https:\/\/www.sonoraenequipo.com.mx\/storage\/2022\/09\/conectividad.jpg","datePublished":"2022-09-15T03:55:50+00:00","description":"HERMOSILLO, SONORA,MX.\u2500\u2500 Por considerar que educar sin conectividad en el tiempo presente acrecienta las desigualdades, las cuales repercuten en las En Sonora en Equipo publicamos toda la informaci\u00f3n de Sonora, M\u00e9xico y el Mundo de manera oportuna y busca que la libertad de expresi\u00f3n sea real. Visita nuestro medio informativo publicado desde Hermosillo, Sonora. %","breadcrumb":{"@id":"https:\/\/www.sonoraenequipo.com.mx\/incluyen-a-los-servicios-de-salud-y-educacion-dentro-del-derecho-humano-a-la-conectividad\/#breadcrumb"},"inLanguage":"es","potentialAction":[{"@type":"ReadAction","target":["https:\/\/www.sonoraenequipo.com.mx\/incluyen-a-los-servicios-de-salud-y-educacion-dentro-del-derecho-humano-a-la-conectividad\/"]}]},{"@type":"ImageObject","inLanguage":"es","@id":"https:\/\/www.sonoraenequipo.com.mx\/incluyen-a-los-servicios-de-salud-y-educacion-dentro-del-derecho-humano-a-la-conectividad\/#primaryimage","url":"https:\/\/www.sonoraenequipo.com.mx\/storage\/2022\/09\/conectividad.jpg","contentUrl":"https:\/\/www.sonoraenequipo.com.mx\/storage\/2022\/09\/conectividad.jpg","width":900,"height":600},{"@type":"BreadcrumbList","@id":"https:\/\/www.sonoraenequipo.com.mx\/incluyen-a-los-servicios-de-salud-y-educacion-dentro-del-derecho-humano-a-la-conectividad\/#breadcrumb","itemListElement":[{"@type":"ListItem","position":1,"name":"Portada","item":"https:\/\/www.sonoraenequipo.com.mx\/"},{"@type":"ListItem","position":2,"name":"Incluyen a los servicios de salud y educaci\u00f3n dentro del derecho humano a la conectividad"}]},{"@type":"WebSite","@id":"https:\/\/www.sonoraenequipo.com.mx\/#website","url":"https:\/\/www.sonoraenequipo.com.mx\/","name":"Sonora en Equipo.","description":"Diario en l\u00ednea con Noticias desde Hermosillo, Sonora","publisher":{"@id":"https:\/\/www.sonoraenequipo.com.mx\/#organization"},"potentialAction":[{"@type":"SearchAction","target":{"@type":"EntryPoint","urlTemplate":"https:\/\/www.sonoraenequipo.com.mx\/?s={search_term_string}"},"query-input":{"@type":"PropertyValueSpecification","valueRequired":true,"valueName":"search_term_string"}}],"inLanguage":"es"},{"@type":"Organization","@id":"https:\/\/www.sonoraenequipo.com.mx\/#organization","name":"Sonoraenequipo.com.mx","url":"https:\/\/www.sonoraenequipo.com.mx\/","logo":{"@type":"ImageObject","inLanguage":"es","@id":"https:\/\/www.sonoraenequipo.com.mx\/#\/schema\/logo\/image\/","url":"https:\/\/www.sonoraenequipo.com.mx\/storage\/2019\/01\/sonoraenequipo_opt.png","contentUrl":"https:\/\/www.sonoraenequipo.com.mx\/storage\/2019\/01\/sonoraenequipo_opt.png","width":375,"height":125,"caption":"Sonoraenequipo.com.mx"},"image":{"@id":"https:\/\/www.sonoraenequipo.com.mx\/#\/schema\/logo\/image\/"},"sameAs":["https:\/\/www.facebook.com\/SonoraEE\/","https:\/\/x.com\/sonoraenequipo","https:\/\/www.youtube.com\/channel\/UC338nW-lPEYmJQs4ZABQ1SQ"]},{"@type":"Person","@id":"https:\/\/www.sonoraenequipo.com.mx\/#\/schema\/person\/50102df0fb23a8fa9e8effad8fa81386","name":"enequipo","image":{"@type":"ImageObject","inLanguage":"es","@id":"https:\/\/www.sonoraenequipo.com.mx\/#\/schema\/person\/image\/","url":"https:\/\/secure.gravatar.com\/avatar\/049821681b589dabc0bc20695993ccebb09f5b5d4d790cd9251b97faac7c652b?s=96&d=blank&r=g","contentUrl":"https:\/\/secure.gravatar.com\/avatar\/049821681b589dabc0bc20695993ccebb09f5b5d4d790cd9251b97faac7c652b?s=96&d=blank&r=g","caption":"enequipo"},"sameAs":["https:\/\/www.facebook.com\/SonoraEE"]}]}},"jetpack_featured_media_url":"https:\/\/www.sonoraenequipo.com.mx\/storage\/2022\/09\/conectividad.jpg","_links":{"self":[{"href":"https:\/\/www.sonoraenequipo.com.mx\/api\/wp\/v2\/posts\/147188","targetHints":{"allow":["GET"]}}],"collection":[{"href":"https:\/\/www.sonoraenequipo.com.mx\/api\/wp\/v2\/posts"}],"about":[{"href":"https:\/\/www.sonoraenequipo.com.mx\/api\/wp\/v2\/types\/post"}],"author":[{"embeddable":true,"href":"https:\/\/www.sonoraenequipo.com.mx\/api\/wp\/v2\/users\/1"}],"replies":[{"embeddable":true,"href":"https:\/\/www.sonoraenequipo.com.mx\/api\/wp\/v2\/comments?post=147188"}],"version-history":[{"count":1,"href":"https:\/\/www.sonoraenequipo.com.mx\/api\/wp\/v2\/posts\/147188\/revisions"}],"predecessor-version":[{"id":147190,"href":"https:\/\/www.sonoraenequipo.com.mx\/api\/wp\/v2\/posts\/147188\/revisions\/147190"}],"wp:featuredmedia":[{"embeddable":true,"href":"https:\/\/www.sonoraenequipo.com.mx\/api\/wp\/v2\/media\/147189"}],"wp:attachment":[{"href":"https:\/\/www.sonoraenequipo.com.mx\/api\/wp\/v2\/media?parent=147188"}],"wp:term":[{"taxonomy":"category","embeddable":true,"href":"https:\/\/www.sonoraenequipo.com.mx\/api\/wp\/v2\/categories?post=147188"},{"taxonomy":"post_tag","embeddable":true,"href":"https:\/\/www.sonoraenequipo.com.mx\/api\/wp\/v2\/tags?post=147188"}],"curies":[{"name":"wp","href":"https:\/\/api.w.org\/{rel}","templated":true}]}}