{"id":147191,"date":"2022-09-14T21:02:55","date_gmt":"2022-09-15T04:02:55","guid":{"rendered":"https:\/\/www.sonoraenequipo.com.mx\/?p=147191"},"modified":"2022-09-14T21:02:55","modified_gmt":"2022-09-15T04:02:55","slug":"haremos-de-la-sierra-alta-de-sonora-cuna-de-grandes-profesionistas-alfonso-durazo","status":"publish","type":"post","link":"https:\/\/www.sonoraenequipo.com.mx\/haremos-de-la-sierra-alta-de-sonora-cuna-de-grandes-profesionistas-alfonso-durazo\/","title":{"rendered":"Haremos de la sierra alta de Sonora cuna de grandes profesionistas: Alfonso Durazo"},"content":{"rendered":"<p>\u25baEntrega gobernador 150 bicicletas y m\u00e1s de 200 tablets a estudiantes<\/p>\n<p>&nbsp;<\/p>\n<p>&nbsp;<\/p>\n<p>&nbsp;<\/p>\n<p><strong>SAN MIGUELITO, MUNICIPIO DE BAVISPE, SONORA, MX.<\/strong><strong>\u2500\u2500 14<\/strong> de septiembre de 2022.- En seguimiento a su pol\u00edtica de fomento a la educaci\u00f3n, el gobernador Alfonso Durazo realiz\u00f3 una gira trabajo por Huachinera y Bavispe donde entreg\u00f3 tablets para estudiantes de la regi\u00f3n, as\u00ed como bicicletas para la movilidad de las y los j\u00f3venes que viven alejados de sus escuelas.<\/p>\n<p>&nbsp;<\/p>\n<p>&nbsp;<\/p>\n<p>&nbsp;<\/p>\n<p>El mandatario estatal se reuni\u00f3 en un primer evento con estudiantes y padres de familia de Huachinera, Bacerac y Aribabi, donde entreg\u00f3 107 tablets para ayudar en el desempe\u00f1o acad\u00e9mico de estudiantes de primaria y secundaria; despu\u00e9s visit\u00f3 San Miguelito, donde entreg\u00f3 otros 94 dispositivos para estudiantes de esta comunidad, de La Mora y de Bavispe.<\/p>\n<p>&nbsp;<\/p>\n<p>&nbsp;<\/p>\n<p>&nbsp;<\/p>\n<p>De igual forma, el mandatario inici\u00f3 con la entrega de 150 bicicletas como parte del programa piloto de movilidad estudiantil, enfocado en que los alumnos de esta regi\u00f3n de la sierra alta utilicen estos medios de transporte para llegar hasta su escuela.<\/p>\n<p>&nbsp;<\/p>\n<p>&nbsp;<\/p>\n<p>&nbsp;<\/p>\n<p>En un emotivo discurso, el gobernador habl\u00f3 a las y los j\u00f3venes sobre la cultura del esfuerzo y destac\u00f3 que no hay obst\u00e1culos para las personas que, mediante la educaci\u00f3n y el trabajo constante, luchan d\u00eda a d\u00eda por superarse. Les puso de ejemplo sus or\u00edgenes modestos, su salida del pueblo de Bavispe y posterior ascenso mediante la preparaci\u00f3n.<\/p>\n<p>&nbsp;<\/p>\n<p>&nbsp;<\/p>\n<p>&nbsp;<\/p>\n<p>\u201cQu\u00e9 m\u00e1s prueba quieren de que las cosas van bien cuando uno estudia. Soy gobernador del estado sin ning\u00fan padrino, como no lo tienen ustedes. Y es posible, y yo digo, por experiencia propia, lo que me ha dado ventaja para ganar posiciones profesionales, frente a otras u otros que han aspirado por lo mismo, es la educaci\u00f3n. Y yo recib\u00ed educaci\u00f3n p\u00fablica gratuita toda mi vida\u201d, dijo a los j\u00f3venes presentes.<\/p>\n<p>&nbsp;<\/p>\n<p>&nbsp;<\/p>\n<p>&nbsp;<\/p>\n<p>La alumna Venecia Samaniego Rivera, en representaci\u00f3n de las y los estudiantes, se comprometi\u00f3 con el gobernador a hacer el mejor uso de este equipo y habl\u00f3 por todas y todos los j\u00f3venes cuando asegur\u00f3 al mandatario que, mediante su esfuerzo en el estudio, pondr\u00e1n en alto en nombre de la sierra alta de Sonora.<\/p>\n<p>&nbsp;<\/p>\n<p>&nbsp;<\/p>\n<p>&nbsp;<\/p>\n<p>De igual forma, la presidenta municipal de Huachinera agradeci\u00f3 al gobernador el esfuerzo por crear oportunidades para las y los j\u00f3venes de la regi\u00f3n serrana, siendo \u00e9l mismo uno de los miembros m\u00e1s destacados de esta comunidad.<\/p>\n<p>&nbsp;<\/p>\n<p>&nbsp;<\/p>\n<p>&nbsp;<\/p>\n<p>Para finalizar, Alfonso Durazo Monta\u00f1o ratific\u00f3 su compromiso con la educaci\u00f3n en todo el estado y en su regi\u00f3n natal; record\u00f3 que se espera incrementar el fondo de becas en la entidad hasta los 750 millones de pesos para el pr\u00f3ximo a\u00f1o y anunci\u00f3 que se espera tambi\u00e9n, en 2023, entregar m\u00e1s de 100 mil bicicletas para j\u00f3venes de todo Sonora que tienen necesidades de movilidad.<\/p>\n<p>&nbsp;<\/p>\n<p>&nbsp;<\/p>\n<p>&nbsp;<\/p>\n<p>\u201cLos quiero triunfadores y es posible, j\u00f3venes. Ll\u00e9nenos de orgullo, a sus padres, a su pueblo y a su regi\u00f3n. La v\u00eda para lograrlo es la educaci\u00f3n y si le echan ganas, estoy seguro que pronto nos vamos a sentir muy orgullosos de ustedes\u201d, concluy\u00f3.<\/p>\n<p><strong><u>Fecha de publicaci\u00f3n 14 de septiembre de 2022<\/u><\/strong><\/p>\n<p>&nbsp;<\/p>\n","protected":false},"excerpt":{"rendered":"<p>\u25baEntrega gobernador 150 bicicletas y m\u00e1s de 200 tablets a estudiantes &nbsp; &nbsp; &nbsp; SAN&#8230;<\/p>\n","protected":false},"author":1,"featured_media":147192,"comment_status":"open","ping_status":"open","sticky":false,"template":"","format":"standard","meta":{"_monsterinsights_skip_tracking":false,"_monsterinsights_sitenote_active":false,"_monsterinsights_sitenote_note":"","_monsterinsights_sitenote_category":0,"footnotes":""},"categories":[22],"tags":[7510,7448,3336],"class_list":["post"],"yoast_head":" \n<title>Sonora en Equipo. Haremos de la sierra alta de Sonora cuna de grandes profesionistas: Alfonso Durazo Sonora<\/title>\n<meta name=\"description\" content=\"\u25baEntrega gobernador 150 bicicletas y m\u00e1s de 200 tablets a estudiantes &nbsp; &nbsp; &nbsp; SAN MIGUELITO, MUNICIPIO DE BAVISPE, SONORA, MX.\u2500\u2500 14 de En Sonora en Equipo publicamos toda la informaci\u00f3n de Sonora, M\u00e9xico y el Mundo de manera oportuna y busca que la libertad de expresi\u00f3n sea real. Visita nuestro medio informativo publicado desde Hermosillo, Sonora. %\" \/>\n<meta name=\"robots\" content=\"index, follow, max-snippet:-1, max-image-preview:large, max-video-preview:-1\" \/>\n<link rel=\"canonical\" href=\"https:\/\/www.sonoraenequipo.com.mx\/haremos-de-la-sierra-alta-de-sonora-cuna-de-grandes-profesionistas-alfonso-durazo\/\" \/>\n<meta property=\"og:locale\" content=\"es_ES\" \/>\n<meta property=\"og:type\" content=\"article\" \/>\n<meta property=\"og:title\" content=\"Sonora en Equipo. Haremos de la sierra alta de Sonora cuna de grandes profesionistas: Alfonso Durazo Sonora\" \/>\n<meta property=\"og:description\" content=\"\u25baEntrega gobernador 150 bicicletas y m\u00e1s de 200 tablets a estudiantes &nbsp; &nbsp; &nbsp; SAN MIGUELITO, MUNICIPIO DE BAVISPE, SONORA, MX.\u2500\u2500 14 de En Sonora en Equipo publicamos toda la informaci\u00f3n de Sonora, M\u00e9xico y el Mundo de manera oportuna y busca que la libertad de expresi\u00f3n sea real. Visita nuestro medio informativo publicado desde Hermosillo, Sonora. %\" \/>\n<meta property=\"og:url\" content=\"https:\/\/www.sonoraenequipo.com.mx\/haremos-de-la-sierra-alta-de-sonora-cuna-de-grandes-profesionistas-alfonso-durazo\/\" \/>\n<meta property=\"og:site_name\" content=\"Sonora en Equipo.\" \/>\n<meta property=\"article:publisher\" content=\"https:\/\/www.facebook.com\/SonoraEE\/\" \/>\n<meta property=\"article:author\" content=\"https:\/\/www.facebook.com\/SonoraEE\" \/>\n<meta property=\"article:published_time\" content=\"2022-09-15T04:02:55+00:00\" \/>\n<meta property=\"og:image\" content=\"https:\/\/www.sonoraenequipo.com.mx\/storage\/2022\/09\/adm-sierra.jpg\" \/>\n\t<meta property=\"og:image:width\" content=\"900\" \/>\n\t<meta property=\"og:image:height\" content=\"675\" \/>\n\t<meta property=\"og:image:type\" content=\"image\/jpeg\" \/>\n<meta name=\"author\" content=\"enequipo\" \/>\n<meta name=\"twitter:card\" content=\"summary_large_image\" \/>\n<meta name=\"twitter:creator\" content=\"@sonoraenequipo\" \/>\n<meta name=\"twitter:site\" content=\"@sonoraenequipo\" \/>\n<meta name=\"twitter:label1\" content=\"Escrito por\" \/>\n\t<meta name=\"twitter:data1\" content=\"enequipo\" \/>\n\t<meta name=\"twitter:label2\" content=\"Tiempo de lectura\" \/>\n\t<meta name=\"twitter:data2\" content=\"3 minutos\" \/>\n<script type=\"application\/ld+json\" class=\"yoast-schema-graph\">{\"@context\":\"https:\/\/schema.org\",\"@graph\":[{\"@type\":\"Article\",\"@id\":\"https:\/\/www.sonoraenequipo.com.mx\/haremos-de-la-sierra-alta-de-sonora-cuna-de-grandes-profesionistas-alfonso-durazo\/#article\",\"isPartOf\":{\"@id\":\"https:\/\/www.sonoraenequipo.com.mx\/haremos-de-la-sierra-alta-de-sonora-cuna-de-grandes-profesionistas-alfonso-durazo\/\"},\"author\":{\"name\":\"enequipo\",\"@id\":\"https:\/\/www.sonoraenequipo.com.mx\/#\/schema\/person\/50102df0fb23a8fa9e8effad8fa81386\"},\"headline\":\"Haremos de la sierra alta de Sonora cuna de grandes profesionistas: Alfonso Durazo\",\"datePublished\":\"2022-09-15T04:02:55+00:00\",\"mainEntityOfPage\":{\"@id\":\"https:\/\/www.sonoraenequipo.com.mx\/haremos-de-la-sierra-alta-de-sonora-cuna-de-grandes-profesionistas-alfonso-durazo\/\"},\"wordCount\":582,\"commentCount\":0,\"publisher\":{\"@id\":\"https:\/\/www.sonoraenequipo.com.mx\/#organization\"},\"image\":{\"@id\":\"https:\/\/www.sonoraenequipo.com.mx\/haremos-de-la-sierra-alta-de-sonora-cuna-de-grandes-profesionistas-alfonso-durazo\/#primaryimage\"},\"thumbnailUrl\":\"https:\/\/www.sonoraenequipo.com.mx\/storage\/2022\/09\/adm-sierra.jpg\",\"keywords\":[\"alfonsso durazo\",\"alta\",\"sierra\"],\"articleSection\":[\"Sonora\"],\"inLanguage\":\"es\",\"potentialAction\":[{\"@type\":\"CommentAction\",\"name\":\"Comment\",\"target\":[\"https:\/\/www.sonoraenequipo.com.mx\/haremos-de-la-sierra-alta-de-sonora-cuna-de-grandes-profesionistas-alfonso-durazo\/#respond\"]}]},{\"@type\":\"WebPage\",\"@id\":\"https:\/\/www.sonoraenequipo.com.mx\/haremos-de-la-sierra-alta-de-sonora-cuna-de-grandes-profesionistas-alfonso-durazo\/\",\"url\":\"https:\/\/www.sonoraenequipo.com.mx\/haremos-de-la-sierra-alta-de-sonora-cuna-de-grandes-profesionistas-alfonso-durazo\/\",\"name\":\"Sonora en Equipo. Haremos de la sierra alta de Sonora cuna de grandes profesionistas: Alfonso Durazo Sonora\",\"isPartOf\":{\"@id\":\"https:\/\/www.sonoraenequipo.com.mx\/#website\"},\"primaryImageOfPage\":{\"@id\":\"https:\/\/www.sonoraenequipo.com.mx\/haremos-de-la-sierra-alta-de-sonora-cuna-de-grandes-profesionistas-alfonso-durazo\/#primaryimage\"},\"image\":{\"@id\":\"https:\/\/www.sonoraenequipo.com.mx\/haremos-de-la-sierra-alta-de-sonora-cuna-de-grandes-profesionistas-alfonso-durazo\/#primaryimage\"},\"thumbnailUrl\":\"https:\/\/www.sonoraenequipo.com.mx\/storage\/2022\/09\/adm-sierra.jpg\",\"datePublished\":\"2022-09-15T04:02:55+00:00\",\"description\":\"\u25baEntrega gobernador 150 bicicletas y m\u00e1s de 200 tablets a estudiantes &nbsp; &nbsp; &nbsp; SAN MIGUELITO, MUNICIPIO DE BAVISPE, SONORA, MX.\u2500\u2500 14 de En Sonora en Equipo publicamos toda la informaci\u00f3n de Sonora, M\u00e9xico y el Mundo de manera oportuna y busca que la libertad de expresi\u00f3n sea real. Visita nuestro medio informativo publicado desde Hermosillo, Sonora. %\",\"breadcrumb\":{\"@id\":\"https:\/\/www.sonoraenequipo.com.mx\/haremos-de-la-sierra-alta-de-sonora-cuna-de-grandes-profesionistas-alfonso-durazo\/#breadcrumb\"},\"inLanguage\":\"es\",\"potentialAction\":[{\"@type\":\"ReadAction\",\"target\":[\"https:\/\/www.sonoraenequipo.com.mx\/haremos-de-la-sierra-alta-de-sonora-cuna-de-grandes-profesionistas-alfonso-durazo\/\"]}]},{\"@type\":\"ImageObject\",\"inLanguage\":\"es\",\"@id\":\"https:\/\/www.sonoraenequipo.com.mx\/haremos-de-la-sierra-alta-de-sonora-cuna-de-grandes-profesionistas-alfonso-durazo\/#primaryimage\",\"url\":\"https:\/\/www.sonoraenequipo.com.mx\/storage\/2022\/09\/adm-sierra.jpg\",\"contentUrl\":\"https:\/\/www.sonoraenequipo.com.mx\/storage\/2022\/09\/adm-sierra.jpg\",\"width\":900,\"height\":675},{\"@type\":\"BreadcrumbList\",\"@id\":\"https:\/\/www.sonoraenequipo.com.mx\/haremos-de-la-sierra-alta-de-sonora-cuna-de-grandes-profesionistas-alfonso-durazo\/#breadcrumb\",\"itemListElement\":[{\"@type\":\"ListItem\",\"position\":1,\"name\":\"Portada\",\"item\":\"https:\/\/www.sonoraenequipo.com.mx\/\"},{\"@type\":\"ListItem\",\"position\":2,\"name\":\"Haremos de la sierra alta de Sonora cuna de grandes profesionistas: Alfonso Durazo\"}]},{\"@type\":\"WebSite\",\"@id\":\"https:\/\/www.sonoraenequipo.com.mx\/#website\",\"url\":\"https:\/\/www.sonoraenequipo.com.mx\/\",\"name\":\"Sonora en Equipo.\",\"description\":\"Diario en l\u00ednea con Noticias desde Hermosillo, Sonora\",\"publisher\":{\"@id\":\"https:\/\/www.sonoraenequipo.com.mx\/#organization\"},\"potentialAction\":[{\"@type\":\"SearchAction\",\"target\":{\"@type\":\"EntryPoint\",\"urlTemplate\":\"https:\/\/www.sonoraenequipo.com.mx\/?s={search_term_string}\"},\"query-input\":{\"@type\":\"PropertyValueSpecification\",\"valueRequired\":true,\"valueName\":\"search_term_string\"}}],\"inLanguage\":\"es\"},{\"@type\":\"Organization\",\"@id\":\"https:\/\/www.sonoraenequipo.com.mx\/#organization\",\"name\":\"Sonoraenequipo.com.mx\",\"url\":\"https:\/\/www.sonoraenequipo.com.mx\/\",\"logo\":{\"@type\":\"ImageObject\",\"inLanguage\":\"es\",\"@id\":\"https:\/\/www.sonoraenequipo.com.mx\/#\/schema\/logo\/image\/\",\"url\":\"https:\/\/www.sonoraenequipo.com.mx\/storage\/2019\/01\/sonoraenequipo_opt.png\",\"contentUrl\":\"https:\/\/www.sonoraenequipo.com.mx\/storage\/2019\/01\/sonoraenequipo_opt.png\",\"width\":375,\"height\":125,\"caption\":\"Sonoraenequipo.com.mx\"},\"image\":{\"@id\":\"https:\/\/www.sonoraenequipo.com.mx\/#\/schema\/logo\/image\/\"},\"sameAs\":[\"https:\/\/www.facebook.com\/SonoraEE\/\",\"https:\/\/x.com\/sonoraenequipo\",\"https:\/\/www.youtube.com\/channel\/UC338nW-lPEYmJQs4ZABQ1SQ\"]},{\"@type\":\"Person\",\"@id\":\"https:\/\/www.sonoraenequipo.com.mx\/#\/schema\/person\/50102df0fb23a8fa9e8effad8fa81386\",\"name\":\"enequipo\",\"image\":{\"@type\":\"ImageObject\",\"inLanguage\":\"es\",\"@id\":\"https:\/\/www.sonoraenequipo.com.mx\/#\/schema\/person\/image\/\",\"url\":\"https:\/\/secure.gravatar.com\/avatar\/049821681b589dabc0bc20695993ccebb09f5b5d4d790cd9251b97faac7c652b?s=96&d=blank&r=g\",\"contentUrl\":\"https:\/\/secure.gravatar.com\/avatar\/049821681b589dabc0bc20695993ccebb09f5b5d4d790cd9251b97faac7c652b?s=96&d=blank&r=g\",\"caption\":\"enequipo\"},\"sameAs\":[\"https:\/\/www.facebook.com\/SonoraEE\"]}]}<\/script>\n ","yoast_head_json":{"title":"Sonora en Equipo. Haremos de la sierra alta de Sonora cuna de grandes profesionistas: Alfonso Durazo Sonora","description":"\u25baEntrega gobernador 150 bicicletas y m\u00e1s de 200 tablets a estudiantes &nbsp; &nbsp; &nbsp; SAN MIGUELITO, MUNICIPIO DE BAVISPE, SONORA, MX.\u2500\u2500 14 de En Sonora en Equipo publicamos toda la informaci\u00f3n de Sonora, M\u00e9xico y el Mundo de manera oportuna y busca que la libertad de expresi\u00f3n sea real. Visita nuestro medio informativo publicado desde Hermosillo, Sonora. %","robots":{"index":"index","follow":"follow","max-snippet":"max-snippet:-1","max-image-preview":"max-image-preview:large","max-video-preview":"max-video-preview:-1"},"canonical":"https:\/\/www.sonoraenequipo.com.mx\/haremos-de-la-sierra-alta-de-sonora-cuna-de-grandes-profesionistas-alfonso-durazo\/","og_locale":"es_ES","og_type":"article","og_title":"Sonora en Equipo. Haremos de la sierra alta de Sonora cuna de grandes profesionistas: Alfonso Durazo Sonora","og_description":"\u25baEntrega gobernador 150 bicicletas y m\u00e1s de 200 tablets a estudiantes &nbsp; &nbsp; &nbsp; SAN MIGUELITO, MUNICIPIO DE BAVISPE, SONORA, MX.\u2500\u2500 14 de En Sonora en Equipo publicamos toda la informaci\u00f3n de Sonora, M\u00e9xico y el Mundo de manera oportuna y busca que la libertad de expresi\u00f3n sea real. Visita nuestro medio informativo publicado desde Hermosillo, Sonora. %","og_url":"https:\/\/www.sonoraenequipo.com.mx\/haremos-de-la-sierra-alta-de-sonora-cuna-de-grandes-profesionistas-alfonso-durazo\/","og_site_name":"Sonora en Equipo.","article_publisher":"https:\/\/www.facebook.com\/SonoraEE\/","article_author":"https:\/\/www.facebook.com\/SonoraEE","article_published_time":"2022-09-15T04:02:55+00:00","og_image":[{"width":900,"height":675,"url":"https:\/\/www.sonoraenequipo.com.mx\/storage\/2022\/09\/adm-sierra.jpg","type":"image\/jpeg"}],"author":"enequipo","twitter_card":"summary_large_image","twitter_creator":"@sonoraenequipo","twitter_site":"@sonoraenequipo","twitter_misc":{"Escrito por":"enequipo","Tiempo de lectura":"3 minutos"},"schema":{"@context":"https:\/\/schema.org","@graph":[{"@type":"Article","@id":"https:\/\/www.sonoraenequipo.com.mx\/haremos-de-la-sierra-alta-de-sonora-cuna-de-grandes-profesionistas-alfonso-durazo\/#article","isPartOf":{"@id":"https:\/\/www.sonoraenequipo.com.mx\/haremos-de-la-sierra-alta-de-sonora-cuna-de-grandes-profesionistas-alfonso-durazo\/"},"author":{"name":"enequipo","@id":"https:\/\/www.sonoraenequipo.com.mx\/#\/schema\/person\/50102df0fb23a8fa9e8effad8fa81386"},"headline":"Haremos de la sierra alta de Sonora cuna de grandes profesionistas: Alfonso Durazo","datePublished":"2022-09-15T04:02:55+00:00","mainEntityOfPage":{"@id":"https:\/\/www.sonoraenequipo.com.mx\/haremos-de-la-sierra-alta-de-sonora-cuna-de-grandes-profesionistas-alfonso-durazo\/"},"wordCount":582,"commentCount":0,"publisher":{"@id":"https:\/\/www.sonoraenequipo.com.mx\/#organization"},"image":{"@id":"https:\/\/www.sonoraenequipo.com.mx\/haremos-de-la-sierra-alta-de-sonora-cuna-de-grandes-profesionistas-alfonso-durazo\/#primaryimage"},"thumbnailUrl":"https:\/\/www.sonoraenequipo.com.mx\/storage\/2022\/09\/adm-sierra.jpg","keywords":["alfonsso durazo","alta","sierra"],"articleSection":["Sonora"],"inLanguage":"es","potentialAction":[{"@type":"CommentAction","name":"Comment","target":["https:\/\/www.sonoraenequipo.com.mx\/haremos-de-la-sierra-alta-de-sonora-cuna-de-grandes-profesionistas-alfonso-durazo\/#respond"]}]},{"@type":"WebPage","@id":"https:\/\/www.sonoraenequipo.com.mx\/haremos-de-la-sierra-alta-de-sonora-cuna-de-grandes-profesionistas-alfonso-durazo\/","url":"https:\/\/www.sonoraenequipo.com.mx\/haremos-de-la-sierra-alta-de-sonora-cuna-de-grandes-profesionistas-alfonso-durazo\/","name":"Sonora en Equipo. Haremos de la sierra alta de Sonora cuna de grandes profesionistas: Alfonso Durazo Sonora","isPartOf":{"@id":"https:\/\/www.sonoraenequipo.com.mx\/#website"},"primaryImageOfPage":{"@id":"https:\/\/www.sonoraenequipo.com.mx\/haremos-de-la-sierra-alta-de-sonora-cuna-de-grandes-profesionistas-alfonso-durazo\/#primaryimage"},"image":{"@id":"https:\/\/www.sonoraenequipo.com.mx\/haremos-de-la-sierra-alta-de-sonora-cuna-de-grandes-profesionistas-alfonso-durazo\/#primaryimage"},"thumbnailUrl":"https:\/\/www.sonoraenequipo.com.mx\/storage\/2022\/09\/adm-sierra.jpg","datePublished":"2022-09-15T04:02:55+00:00","description":"\u25baEntrega gobernador 150 bicicletas y m\u00e1s de 200 tablets a estudiantes &nbsp; &nbsp; &nbsp; SAN MIGUELITO, MUNICIPIO DE BAVISPE, SONORA, MX.\u2500\u2500 14 de En Sonora en Equipo publicamos toda la informaci\u00f3n de Sonora, M\u00e9xico y el Mundo de manera oportuna y busca que la libertad de expresi\u00f3n sea real. Visita nuestro medio informativo publicado desde Hermosillo, Sonora. %","breadcrumb":{"@id":"https:\/\/www.sonoraenequipo.com.mx\/haremos-de-la-sierra-alta-de-sonora-cuna-de-grandes-profesionistas-alfonso-durazo\/#breadcrumb"},"inLanguage":"es","potentialAction":[{"@type":"ReadAction","target":["https:\/\/www.sonoraenequipo.com.mx\/haremos-de-la-sierra-alta-de-sonora-cuna-de-grandes-profesionistas-alfonso-durazo\/"]}]},{"@type":"ImageObject","inLanguage":"es","@id":"https:\/\/www.sonoraenequipo.com.mx\/haremos-de-la-sierra-alta-de-sonora-cuna-de-grandes-profesionistas-alfonso-durazo\/#primaryimage","url":"https:\/\/www.sonoraenequipo.com.mx\/storage\/2022\/09\/adm-sierra.jpg","contentUrl":"https:\/\/www.sonoraenequipo.com.mx\/storage\/2022\/09\/adm-sierra.jpg","width":900,"height":675},{"@type":"BreadcrumbList","@id":"https:\/\/www.sonoraenequipo.com.mx\/haremos-de-la-sierra-alta-de-sonora-cuna-de-grandes-profesionistas-alfonso-durazo\/#breadcrumb","itemListElement":[{"@type":"ListItem","position":1,"name":"Portada","item":"https:\/\/www.sonoraenequipo.com.mx\/"},{"@type":"ListItem","position":2,"name":"Haremos de la sierra alta de Sonora cuna de grandes profesionistas: Alfonso Durazo"}]},{"@type":"WebSite","@id":"https:\/\/www.sonoraenequipo.com.mx\/#website","url":"https:\/\/www.sonoraenequipo.com.mx\/","name":"Sonora en Equipo.","description":"Diario en l\u00ednea con Noticias desde Hermosillo, Sonora","publisher":{"@id":"https:\/\/www.sonoraenequipo.com.mx\/#organization"},"potentialAction":[{"@type":"SearchAction","target":{"@type":"EntryPoint","urlTemplate":"https:\/\/www.sonoraenequipo.com.mx\/?s={search_term_string}"},"query-input":{"@type":"PropertyValueSpecification","valueRequired":true,"valueName":"search_term_string"}}],"inLanguage":"es"},{"@type":"Organization","@id":"https:\/\/www.sonoraenequipo.com.mx\/#organization","name":"Sonoraenequipo.com.mx","url":"https:\/\/www.sonoraenequipo.com.mx\/","logo":{"@type":"ImageObject","inLanguage":"es","@id":"https:\/\/www.sonoraenequipo.com.mx\/#\/schema\/logo\/image\/","url":"https:\/\/www.sonoraenequipo.com.mx\/storage\/2019\/01\/sonoraenequipo_opt.png","contentUrl":"https:\/\/www.sonoraenequipo.com.mx\/storage\/2019\/01\/sonoraenequipo_opt.png","width":375,"height":125,"caption":"Sonoraenequipo.com.mx"},"image":{"@id":"https:\/\/www.sonoraenequipo.com.mx\/#\/schema\/logo\/image\/"},"sameAs":["https:\/\/www.facebook.com\/SonoraEE\/","https:\/\/x.com\/sonoraenequipo","https:\/\/www.youtube.com\/channel\/UC338nW-lPEYmJQs4ZABQ1SQ"]},{"@type":"Person","@id":"https:\/\/www.sonoraenequipo.com.mx\/#\/schema\/person\/50102df0fb23a8fa9e8effad8fa81386","name":"enequipo","image":{"@type":"ImageObject","inLanguage":"es","@id":"https:\/\/www.sonoraenequipo.com.mx\/#\/schema\/person\/image\/","url":"https:\/\/secure.gravatar.com\/avatar\/049821681b589dabc0bc20695993ccebb09f5b5d4d790cd9251b97faac7c652b?s=96&d=blank&r=g","contentUrl":"https:\/\/secure.gravatar.com\/avatar\/049821681b589dabc0bc20695993ccebb09f5b5d4d790cd9251b97faac7c652b?s=96&d=blank&r=g","caption":"enequipo"},"sameAs":["https:\/\/www.facebook.com\/SonoraEE"]}]}},"jetpack_featured_media_url":"https:\/\/www.sonoraenequipo.com.mx\/storage\/2022\/09\/adm-sierra.jpg","_links":{"self":[{"href":"https:\/\/www.sonoraenequipo.com.mx\/api\/wp\/v2\/posts\/147191","targetHints":{"allow":["GET"]}}],"collection":[{"href":"https:\/\/www.sonoraenequipo.com.mx\/api\/wp\/v2\/posts"}],"about":[{"href":"https:\/\/www.sonoraenequipo.com.mx\/api\/wp\/v2\/types\/post"}],"author":[{"embeddable":true,"href":"https:\/\/www.sonoraenequipo.com.mx\/api\/wp\/v2\/users\/1"}],"replies":[{"embeddable":true,"href":"https:\/\/www.sonoraenequipo.com.mx\/api\/wp\/v2\/comments?post=147191"}],"version-history":[{"count":1,"href":"https:\/\/www.sonoraenequipo.com.mx\/api\/wp\/v2\/posts\/147191\/revisions"}],"predecessor-version":[{"id":147193,"href":"https:\/\/www.sonoraenequipo.com.mx\/api\/wp\/v2\/posts\/147191\/revisions\/147193"}],"wp:featuredmedia":[{"embeddable":true,"href":"https:\/\/www.sonoraenequipo.com.mx\/api\/wp\/v2\/media\/147192"}],"wp:attachment":[{"href":"https:\/\/www.sonoraenequipo.com.mx\/api\/wp\/v2\/media?parent=147191"}],"wp:term":[{"taxonomy":"category","embeddable":true,"href":"https:\/\/www.sonoraenequipo.com.mx\/api\/wp\/v2\/categories?post=147191"},{"taxonomy":"post_tag","embeddable":true,"href":"https:\/\/www.sonoraenequipo.com.mx\/api\/wp\/v2\/tags?post=147191"}],"curies":[{"name":"wp","href":"https:\/\/api.w.org\/{rel}","templated":true}]}}