{"id":1472,"date":"2015-12-15T17:32:26","date_gmt":"2015-12-15T17:32:26","guid":{"rendered":"http:\/\/www.sonoraenequipo.com.mx\/?p=1472"},"modified":"2015-12-15T17:32:26","modified_gmt":"2015-12-15T17:32:26","slug":"hoy-inicio-en-sonora-el-nuevo-sistema-de-justicia-penal","status":"publish","type":"post","link":"https:\/\/www.sonoraenequipo.com.mx\/hoy-inicio-en-sonora-el-nuevo-sistema-de-justicia-penal\/","title":{"rendered":"Hoy inici\u00f3 en Sonora el nuevo sistema de justicia penal"},"content":{"rendered":"<p>14122015.HERMOSILLO,SONORA.MX.MANUEL MILLANES.\u2014 A las 00:00 horas de este martes Sonora se puso en marcha el nuevo Sistema de Justicia Penal y con ello dejar\u00e1 atr\u00e1s el procedimiento jur\u00eddico que incorporaran los espa\u00f1oles durante la conquista de M\u00e9xico hace ya m\u00e1s de 500 a\u00f1os, poni\u00e9ndose con ello a la par de las tendencias internacionales. <\/p>\n<p>Este novedoso sistema tendr\u00e1 como finalidad transparentar la impartici\u00f3n de justicia privilegiando las garant\u00edas y derechos de las partes en disputa, y as\u00ed el conflicto sea resuelto sin ning\u00fan tipo de ventaja para nadie y a la vista de todos mediante un juicio oral de ser necesario, destac\u00f3 Ra\u00fal Guillen L\u00f3pez.<\/p>\n<p>El Secretario Ejecutivo de la Comisi\u00f3n Implementadora del Sistema de Justicia Penal en Sonora explic\u00f3 que este nuevo m\u00e9todo procesal obligar\u00e1 a la profesionalizaci\u00f3n de todas las partes en funci\u00f3n desde jueces, ministerios p\u00fablicos, abogados, polic\u00edas de todos los niveles de gobierno y peritos en criminolog\u00eda, y para ello en esta arranque capacitaron a mas de 2 mil personas en estos cargos y se habilitaron 4 salas para las audiencias, por lo que todo se encuentra listo para poner en marcha el nuevo sistema de justicia penal en Hermosillo.<\/p>\n<p>Record\u00f3 que se atender\u00e1n delitos menores como robo, robo simple, mercantiles y por da\u00f1os, mientras que los delitos graves ser\u00e1n a partir del pr\u00f3ximo 30 de mayo.<\/p>\n<p>En cuanto a la capacitaci\u00f3n y construcci\u00f3n de m\u00e1s salas de juicio oral se continuar\u00e1 invirtiendo de tal manera que para el 30 de marzo quedar\u00e1n listas en los municipios de San Luis R\u00edo Colorado, Agua Prieta, Caborca y Navojoa, mientras que el 30 de mayo quedar\u00e1n las de Cajeme, Guaymas y Nogales, proceso en el que se invertir\u00e1n m\u00e1s de 200 millones de pesos.<\/p>\n","protected":false},"excerpt":{"rendered":"<p>14122015.HERMOSILLO,SONORA.MX.MANUEL MILLANES.\u2014 A las 00:00 horas de este martes Sonora se puso en marcha el&#8230;<\/p>\n","protected":false},"author":1,"featured_media":0,"comment_status":"open","ping_status":"open","sticky":false,"template":"","format":"standard","meta":{"_monsterinsights_skip_tracking":false,"_monsterinsights_sitenote_active":false,"_monsterinsights_sitenote_note":"","_monsterinsights_sitenote_category":0,"footnotes":""},"categories":[13,22],"tags":[],"class_list":["post"],"yoast_head":" \n<title>Sonora en Equipo. Hoy inici\u00f3 en Sonora el nuevo sistema de justicia penal<\/title>\n<meta name=\"description\" content=\"14122015.HERMOSILLO,SONORA.MX.MANUEL MILLANES.\u2014 A las 00:00 horas de este martes Sonora se puso en marcha el nuevo Sistema de Justicia Penal y con ello En Sonora en Equipo publicamos toda la informaci\u00f3n de Sonora, M\u00e9xico y el Mundo de manera oportuna y busca que la libertad de expresi\u00f3n sea real. Visita nuestro medio informativo publicado desde Hermosillo, Sonora. %\" \/>\n<meta name=\"robots\" content=\"index, follow, max-snippet:-1, max-image-preview:large, max-video-preview:-1\" \/>\n<link rel=\"canonical\" href=\"https:\/\/www.sonoraenequipo.com.mx\/hoy-inicio-en-sonora-el-nuevo-sistema-de-justicia-penal\/\" \/>\n<meta property=\"og:locale\" content=\"es_ES\" \/>\n<meta property=\"og:type\" content=\"article\" \/>\n<meta property=\"og:title\" content=\"Sonora en Equipo. Hoy inici\u00f3 en Sonora el nuevo sistema de justicia penal\" \/>\n<meta property=\"og:description\" content=\"14122015.HERMOSILLO,SONORA.MX.MANUEL MILLANES.\u2014 A las 00:00 horas de este martes Sonora se puso en marcha el nuevo Sistema de Justicia Penal y con ello En Sonora en Equipo publicamos toda la informaci\u00f3n de Sonora, M\u00e9xico y el Mundo de manera oportuna y busca que la libertad de expresi\u00f3n sea real. Visita nuestro medio informativo publicado desde Hermosillo, Sonora. %\" \/>\n<meta property=\"og:url\" content=\"https:\/\/www.sonoraenequipo.com.mx\/hoy-inicio-en-sonora-el-nuevo-sistema-de-justicia-penal\/\" \/>\n<meta property=\"og:site_name\" content=\"Sonora en Equipo.\" \/>\n<meta property=\"article:publisher\" content=\"https:\/\/www.facebook.com\/SonoraEE\/\" \/>\n<meta property=\"article:author\" content=\"https:\/\/www.facebook.com\/SonoraEE\" \/>\n<meta property=\"article:published_time\" content=\"2015-12-15T17:32:26+00:00\" \/>\n<meta name=\"author\" content=\"enequipo\" \/>\n<meta name=\"twitter:card\" content=\"summary_large_image\" \/>\n<meta name=\"twitter:creator\" content=\"@sonoraenequipo\" \/>\n<meta name=\"twitter:site\" content=\"@sonoraenequipo\" \/>\n<meta name=\"twitter:label1\" content=\"Escrito por\" \/>\n\t<meta name=\"twitter:data1\" content=\"enequipo\" \/>\n\t<meta name=\"twitter:label2\" content=\"Tiempo de lectura\" \/>\n\t<meta name=\"twitter:data2\" content=\"2 minutos\" \/>\n<script type=\"application\/ld+json\" class=\"yoast-schema-graph\">{\"@context\":\"https:\/\/schema.org\",\"@graph\":[{\"@type\":\"Article\",\"@id\":\"https:\/\/www.sonoraenequipo.com.mx\/hoy-inicio-en-sonora-el-nuevo-sistema-de-justicia-penal\/#article\",\"isPartOf\":{\"@id\":\"https:\/\/www.sonoraenequipo.com.mx\/hoy-inicio-en-sonora-el-nuevo-sistema-de-justicia-penal\/\"},\"author\":{\"name\":\"enequipo\",\"@id\":\"https:\/\/www.sonoraenequipo.com.mx\/#\/schema\/person\/50102df0fb23a8fa9e8effad8fa81386\"},\"headline\":\"Hoy inici\u00f3 en Sonora el nuevo sistema de justicia penal\",\"datePublished\":\"2015-12-15T17:32:26+00:00\",\"mainEntityOfPage\":{\"@id\":\"https:\/\/www.sonoraenequipo.com.mx\/hoy-inicio-en-sonora-el-nuevo-sistema-de-justicia-penal\/\"},\"wordCount\":321,\"commentCount\":0,\"publisher\":{\"@id\":\"https:\/\/www.sonoraenequipo.com.mx\/#organization\"},\"articleSection\":[\"Destacadas\",\"Sonora\"],\"inLanguage\":\"es\",\"potentialAction\":[{\"@type\":\"CommentAction\",\"name\":\"Comment\",\"target\":[\"https:\/\/www.sonoraenequipo.com.mx\/hoy-inicio-en-sonora-el-nuevo-sistema-de-justicia-penal\/#respond\"]}]},{\"@type\":\"WebPage\",\"@id\":\"https:\/\/www.sonoraenequipo.com.mx\/hoy-inicio-en-sonora-el-nuevo-sistema-de-justicia-penal\/\",\"url\":\"https:\/\/www.sonoraenequipo.com.mx\/hoy-inicio-en-sonora-el-nuevo-sistema-de-justicia-penal\/\",\"name\":\"Sonora en Equipo. Hoy inici\u00f3 en Sonora el nuevo sistema de justicia penal\",\"isPartOf\":{\"@id\":\"https:\/\/www.sonoraenequipo.com.mx\/#website\"},\"datePublished\":\"2015-12-15T17:32:26+00:00\",\"description\":\"14122015.HERMOSILLO,SONORA.MX.MANUEL MILLANES.\u2014 A las 00:00 horas de este martes Sonora se puso en marcha el nuevo Sistema de Justicia Penal y con ello En Sonora en Equipo publicamos toda la informaci\u00f3n de Sonora, M\u00e9xico y el Mundo de manera oportuna y busca que la libertad de expresi\u00f3n sea real. Visita nuestro medio informativo publicado desde Hermosillo, Sonora. %\",\"breadcrumb\":{\"@id\":\"https:\/\/www.sonoraenequipo.com.mx\/hoy-inicio-en-sonora-el-nuevo-sistema-de-justicia-penal\/#breadcrumb\"},\"inLanguage\":\"es\",\"potentialAction\":[{\"@type\":\"ReadAction\",\"target\":[\"https:\/\/www.sonoraenequipo.com.mx\/hoy-inicio-en-sonora-el-nuevo-sistema-de-justicia-penal\/\"]}]},{\"@type\":\"BreadcrumbList\",\"@id\":\"https:\/\/www.sonoraenequipo.com.mx\/hoy-inicio-en-sonora-el-nuevo-sistema-de-justicia-penal\/#breadcrumb\",\"itemListElement\":[{\"@type\":\"ListItem\",\"position\":1,\"name\":\"Portada\",\"item\":\"https:\/\/www.sonoraenequipo.com.mx\/\"},{\"@type\":\"ListItem\",\"position\":2,\"name\":\"Hoy inici\u00f3 en Sonora el nuevo sistema de justicia penal\"}]},{\"@type\":\"WebSite\",\"@id\":\"https:\/\/www.sonoraenequipo.com.mx\/#website\",\"url\":\"https:\/\/www.sonoraenequipo.com.mx\/\",\"name\":\"Sonora en Equipo.\",\"description\":\"Diario en l\u00ednea con Noticias desde Hermosillo, Sonora\",\"publisher\":{\"@id\":\"https:\/\/www.sonoraenequipo.com.mx\/#organization\"},\"potentialAction\":[{\"@type\":\"SearchAction\",\"target\":{\"@type\":\"EntryPoint\",\"urlTemplate\":\"https:\/\/www.sonoraenequipo.com.mx\/?s={search_term_string}\"},\"query-input\":{\"@type\":\"PropertyValueSpecification\",\"valueRequired\":true,\"valueName\":\"search_term_string\"}}],\"inLanguage\":\"es\"},{\"@type\":\"Organization\",\"@id\":\"https:\/\/www.sonoraenequipo.com.mx\/#organization\",\"name\":\"Sonoraenequipo.com.mx\",\"url\":\"https:\/\/www.sonoraenequipo.com.mx\/\",\"logo\":{\"@type\":\"ImageObject\",\"inLanguage\":\"es\",\"@id\":\"https:\/\/www.sonoraenequipo.com.mx\/#\/schema\/logo\/image\/\",\"url\":\"https:\/\/www.sonoraenequipo.com.mx\/storage\/2019\/01\/sonoraenequipo_opt.png\",\"contentUrl\":\"https:\/\/www.sonoraenequipo.com.mx\/storage\/2019\/01\/sonoraenequipo_opt.png\",\"width\":375,\"height\":125,\"caption\":\"Sonoraenequipo.com.mx\"},\"image\":{\"@id\":\"https:\/\/www.sonoraenequipo.com.mx\/#\/schema\/logo\/image\/\"},\"sameAs\":[\"https:\/\/www.facebook.com\/SonoraEE\/\",\"https:\/\/x.com\/sonoraenequipo\",\"https:\/\/www.youtube.com\/channel\/UC338nW-lPEYmJQs4ZABQ1SQ\"]},{\"@type\":\"Person\",\"@id\":\"https:\/\/www.sonoraenequipo.com.mx\/#\/schema\/person\/50102df0fb23a8fa9e8effad8fa81386\",\"name\":\"enequipo\",\"image\":{\"@type\":\"ImageObject\",\"inLanguage\":\"es\",\"@id\":\"https:\/\/www.sonoraenequipo.com.mx\/#\/schema\/person\/image\/\",\"url\":\"https:\/\/secure.gravatar.com\/avatar\/049821681b589dabc0bc20695993ccebb09f5b5d4d790cd9251b97faac7c652b?s=96&d=blank&r=g\",\"contentUrl\":\"https:\/\/secure.gravatar.com\/avatar\/049821681b589dabc0bc20695993ccebb09f5b5d4d790cd9251b97faac7c652b?s=96&d=blank&r=g\",\"caption\":\"enequipo\"},\"sameAs\":[\"https:\/\/www.facebook.com\/SonoraEE\"]}]}<\/script>\n ","yoast_head_json":{"title":"Sonora en Equipo. Hoy inici\u00f3 en Sonora el nuevo sistema de justicia penal","description":"14122015.HERMOSILLO,SONORA.MX.MANUEL MILLANES.\u2014 A las 00:00 horas de este martes Sonora se puso en marcha el nuevo Sistema de Justicia Penal y con ello En Sonora en Equipo publicamos toda la informaci\u00f3n de Sonora, M\u00e9xico y el Mundo de manera oportuna y busca que la libertad de expresi\u00f3n sea real. Visita nuestro medio informativo publicado desde Hermosillo, Sonora. %","robots":{"index":"index","follow":"follow","max-snippet":"max-snippet:-1","max-image-preview":"max-image-preview:large","max-video-preview":"max-video-preview:-1"},"canonical":"https:\/\/www.sonoraenequipo.com.mx\/hoy-inicio-en-sonora-el-nuevo-sistema-de-justicia-penal\/","og_locale":"es_ES","og_type":"article","og_title":"Sonora en Equipo. Hoy inici\u00f3 en Sonora el nuevo sistema de justicia penal","og_description":"14122015.HERMOSILLO,SONORA.MX.MANUEL MILLANES.\u2014 A las 00:00 horas de este martes Sonora se puso en marcha el nuevo Sistema de Justicia Penal y con ello En Sonora en Equipo publicamos toda la informaci\u00f3n de Sonora, M\u00e9xico y el Mundo de manera oportuna y busca que la libertad de expresi\u00f3n sea real. Visita nuestro medio informativo publicado desde Hermosillo, Sonora. %","og_url":"https:\/\/www.sonoraenequipo.com.mx\/hoy-inicio-en-sonora-el-nuevo-sistema-de-justicia-penal\/","og_site_name":"Sonora en Equipo.","article_publisher":"https:\/\/www.facebook.com\/SonoraEE\/","article_author":"https:\/\/www.facebook.com\/SonoraEE","article_published_time":"2015-12-15T17:32:26+00:00","author":"enequipo","twitter_card":"summary_large_image","twitter_creator":"@sonoraenequipo","twitter_site":"@sonoraenequipo","twitter_misc":{"Escrito por":"enequipo","Tiempo de lectura":"2 minutos"},"schema":{"@context":"https:\/\/schema.org","@graph":[{"@type":"Article","@id":"https:\/\/www.sonoraenequipo.com.mx\/hoy-inicio-en-sonora-el-nuevo-sistema-de-justicia-penal\/#article","isPartOf":{"@id":"https:\/\/www.sonoraenequipo.com.mx\/hoy-inicio-en-sonora-el-nuevo-sistema-de-justicia-penal\/"},"author":{"name":"enequipo","@id":"https:\/\/www.sonoraenequipo.com.mx\/#\/schema\/person\/50102df0fb23a8fa9e8effad8fa81386"},"headline":"Hoy inici\u00f3 en Sonora el nuevo sistema de justicia penal","datePublished":"2015-12-15T17:32:26+00:00","mainEntityOfPage":{"@id":"https:\/\/www.sonoraenequipo.com.mx\/hoy-inicio-en-sonora-el-nuevo-sistema-de-justicia-penal\/"},"wordCount":321,"commentCount":0,"publisher":{"@id":"https:\/\/www.sonoraenequipo.com.mx\/#organization"},"articleSection":["Destacadas","Sonora"],"inLanguage":"es","potentialAction":[{"@type":"CommentAction","name":"Comment","target":["https:\/\/www.sonoraenequipo.com.mx\/hoy-inicio-en-sonora-el-nuevo-sistema-de-justicia-penal\/#respond"]}]},{"@type":"WebPage","@id":"https:\/\/www.sonoraenequipo.com.mx\/hoy-inicio-en-sonora-el-nuevo-sistema-de-justicia-penal\/","url":"https:\/\/www.sonoraenequipo.com.mx\/hoy-inicio-en-sonora-el-nuevo-sistema-de-justicia-penal\/","name":"Sonora en Equipo. Hoy inici\u00f3 en Sonora el nuevo sistema de justicia penal","isPartOf":{"@id":"https:\/\/www.sonoraenequipo.com.mx\/#website"},"datePublished":"2015-12-15T17:32:26+00:00","description":"14122015.HERMOSILLO,SONORA.MX.MANUEL MILLANES.\u2014 A las 00:00 horas de este martes Sonora se puso en marcha el nuevo Sistema de Justicia Penal y con ello En Sonora en Equipo publicamos toda la informaci\u00f3n de Sonora, M\u00e9xico y el Mundo de manera oportuna y busca que la libertad de expresi\u00f3n sea real. Visita nuestro medio informativo publicado desde Hermosillo, Sonora. %","breadcrumb":{"@id":"https:\/\/www.sonoraenequipo.com.mx\/hoy-inicio-en-sonora-el-nuevo-sistema-de-justicia-penal\/#breadcrumb"},"inLanguage":"es","potentialAction":[{"@type":"ReadAction","target":["https:\/\/www.sonoraenequipo.com.mx\/hoy-inicio-en-sonora-el-nuevo-sistema-de-justicia-penal\/"]}]},{"@type":"BreadcrumbList","@id":"https:\/\/www.sonoraenequipo.com.mx\/hoy-inicio-en-sonora-el-nuevo-sistema-de-justicia-penal\/#breadcrumb","itemListElement":[{"@type":"ListItem","position":1,"name":"Portada","item":"https:\/\/www.sonoraenequipo.com.mx\/"},{"@type":"ListItem","position":2,"name":"Hoy inici\u00f3 en Sonora el nuevo sistema de justicia penal"}]},{"@type":"WebSite","@id":"https:\/\/www.sonoraenequipo.com.mx\/#website","url":"https:\/\/www.sonoraenequipo.com.mx\/","name":"Sonora en Equipo.","description":"Diario en l\u00ednea con Noticias desde Hermosillo, Sonora","publisher":{"@id":"https:\/\/www.sonoraenequipo.com.mx\/#organization"},"potentialAction":[{"@type":"SearchAction","target":{"@type":"EntryPoint","urlTemplate":"https:\/\/www.sonoraenequipo.com.mx\/?s={search_term_string}"},"query-input":{"@type":"PropertyValueSpecification","valueRequired":true,"valueName":"search_term_string"}}],"inLanguage":"es"},{"@type":"Organization","@id":"https:\/\/www.sonoraenequipo.com.mx\/#organization","name":"Sonoraenequipo.com.mx","url":"https:\/\/www.sonoraenequipo.com.mx\/","logo":{"@type":"ImageObject","inLanguage":"es","@id":"https:\/\/www.sonoraenequipo.com.mx\/#\/schema\/logo\/image\/","url":"https:\/\/www.sonoraenequipo.com.mx\/storage\/2019\/01\/sonoraenequipo_opt.png","contentUrl":"https:\/\/www.sonoraenequipo.com.mx\/storage\/2019\/01\/sonoraenequipo_opt.png","width":375,"height":125,"caption":"Sonoraenequipo.com.mx"},"image":{"@id":"https:\/\/www.sonoraenequipo.com.mx\/#\/schema\/logo\/image\/"},"sameAs":["https:\/\/www.facebook.com\/SonoraEE\/","https:\/\/x.com\/sonoraenequipo","https:\/\/www.youtube.com\/channel\/UC338nW-lPEYmJQs4ZABQ1SQ"]},{"@type":"Person","@id":"https:\/\/www.sonoraenequipo.com.mx\/#\/schema\/person\/50102df0fb23a8fa9e8effad8fa81386","name":"enequipo","image":{"@type":"ImageObject","inLanguage":"es","@id":"https:\/\/www.sonoraenequipo.com.mx\/#\/schema\/person\/image\/","url":"https:\/\/secure.gravatar.com\/avatar\/049821681b589dabc0bc20695993ccebb09f5b5d4d790cd9251b97faac7c652b?s=96&d=blank&r=g","contentUrl":"https:\/\/secure.gravatar.com\/avatar\/049821681b589dabc0bc20695993ccebb09f5b5d4d790cd9251b97faac7c652b?s=96&d=blank&r=g","caption":"enequipo"},"sameAs":["https:\/\/www.facebook.com\/SonoraEE"]}]}},"jetpack_featured_media_url":"","_links":{"self":[{"href":"https:\/\/www.sonoraenequipo.com.mx\/api\/wp\/v2\/posts\/1472","targetHints":{"allow":["GET"]}}],"collection":[{"href":"https:\/\/www.sonoraenequipo.com.mx\/api\/wp\/v2\/posts"}],"about":[{"href":"https:\/\/www.sonoraenequipo.com.mx\/api\/wp\/v2\/types\/post"}],"author":[{"embeddable":true,"href":"https:\/\/www.sonoraenequipo.com.mx\/api\/wp\/v2\/users\/1"}],"replies":[{"embeddable":true,"href":"https:\/\/www.sonoraenequipo.com.mx\/api\/wp\/v2\/comments?post=1472"}],"version-history":[{"count":0,"href":"https:\/\/www.sonoraenequipo.com.mx\/api\/wp\/v2\/posts\/1472\/revisions"}],"wp:attachment":[{"href":"https:\/\/www.sonoraenequipo.com.mx\/api\/wp\/v2\/media?parent=1472"}],"wp:term":[{"taxonomy":"category","embeddable":true,"href":"https:\/\/www.sonoraenequipo.com.mx\/api\/wp\/v2\/categories?post=1472"},{"taxonomy":"post_tag","embeddable":true,"href":"https:\/\/www.sonoraenequipo.com.mx\/api\/wp\/v2\/tags?post=1472"}],"curies":[{"name":"wp","href":"https:\/\/api.w.org\/{rel}","templated":true}]}}