{"id":147344,"date":"2022-09-17T14:34:06","date_gmt":"2022-09-17T21:34:06","guid":{"rendered":"https:\/\/www.sonoraenequipo.com.mx\/?p=147344"},"modified":"2022-09-17T18:33:31","modified_gmt":"2022-09-18T01:33:31","slug":"zelenski-acusa-a-rusia-de-tortura-y-compara-a-izium-con-bucha","status":"publish","type":"post","link":"https:\/\/www.sonoraenequipo.com.mx\/zelenski-acusa-a-rusia-de-tortura-y-compara-a-izium-con-bucha\/","title":{"rendered":"Zelenski acusa a Rusia de tortura y compara a Izium con Bucha"},"content":{"rendered":"<p><strong>UCRANIA.<\/strong> \u2014 El presidente de Ucrania, Volod\u00edmir Zelenski, acus\u00f3 a Rusia de tortura y compar\u00f3 la situaci\u00f3n hasta ahora revelada en Izium, una de las ciudades liberadas de la regi\u00f3n de J\u00e1rkov, con la que se encontraron sus soldados en Bucha tras la retirada de las tropas rusas.<\/p>\n<p>&nbsp;<\/p>\n<p> <\/p>\n<p>&nbsp;<\/p>\n<p>\u00abEs prematuro avanzar cifras sobre las personas que han sido enterradas ah\u00ed. Las investigaciones est\u00e1n a\u00fan en marcha\u00bb, afirm\u00f3 en l\u00edder ucraniano, en un mensaje difundido por video, seg\u00fan el portal Ukrinform.<\/p>\n<p>&nbsp;<\/p>\n<p>Sin embargo, seg\u00fan Zelenski, \u00abhay claros indicios de torturas, vejaciones y humillaci\u00f3n de la poblaci\u00f3n. Adem\u00e1s, hay indicios de que soldados rusos que se encontraban en las inmediaciones de ese lugar dispararon simplemente por diversi\u00f3n sobre esas tumbas\u00bb.<\/p>\n<p>&nbsp;<\/p>\n<p>Hasta ahora se han localizado unas 440 fosas en las cercan\u00edas de Izium, en la zona liberada por las tropas ucranianas de J\u00e1rkov.<\/p>\n<p>&nbsp;<\/p>\n<p>Seg\u00fan Zelenski, las tropas rusas habr\u00edan incurrido ah\u00ed en \u00abatrocidades\u00bb comparables a las reveladas en Bucha, la localidad del extrarradio de Kiev, donde en abril se localizaron centenares de cad\u00e1veres de civiles con signos de tortura y aparentemente ejecutados.<\/p>\n<p>&nbsp;<\/p>\n<p>Ucrania, respaldada por una comisi\u00f3n de la ONU e investigadores internacionales, acusa a Mosc\u00fa de cr\u00edmenes de guerra en esa localidad de la periferia de la capital.<\/p>\n<p>&nbsp;<\/p>\n<p>Las fueras del orden ucranianas informaron ayer de que se han descubierto diez c\u00e1maras de tortura en los territorios de J\u00e1rkov, seis de ellas en la ciudad de Izium, otras dos en la ciudad de Balaklia, una en el pueblo de Hrakovo, en el distrito de Chuhuiv, y una en la ciudad de Vovchansk.<\/p>\n<p>https:\/\/twitter.com\/ZelenskyyUa\/status\/1570830201013280768<\/p>\n<p>&nbsp;<\/p>\n<p>Seg\u00fan las autoridades de la regi\u00f3n, en Izium, las c\u00e1maras de tortura se encontraban en el territorio de la administraci\u00f3n del distrito, la polic\u00eda local, en el edificio del servicio de seguridad, la fiscal\u00eda, el centro de prestaci\u00f3n de servicios administrativos y en la oficina de reclutamiento.<\/p>\n<p>&nbsp;<\/p>\n<p>PUBLICADO EL 17\/SEPTIEMBRE\/2022 )<\/p>\n","protected":false},"excerpt":{"rendered":"<p>UCRANIA. \u2014 El presidente de Ucrania, Volod\u00edmir Zelenski, acus\u00f3 a Rusia de tortura y compar\u00f3&#8230;<\/p>\n","protected":false},"author":1,"featured_media":147335,"comment_status":"open","ping_status":"open","sticky":false,"template":"","format":"standard","meta":{"_monsterinsights_skip_tracking":false,"_monsterinsights_sitenote_active":false,"_monsterinsights_sitenote_note":"","_monsterinsights_sitenote_category":0,"footnotes":""},"categories":[3],"tags":[],"class_list":["post"],"yoast_head":" \n<title>Sonora en Equipo. Zelenski acusa a Rusia de tortura y compara a Izium con Bucha MUNDO<\/title>\n<meta name=\"description\" content=\"UCRANIA. \u2014 El presidente de Ucrania, Volod\u00edmir Zelenski, acus\u00f3 a Rusia de tortura y compar\u00f3 la situaci\u00f3n hasta ahora revelada en Izium, una de las En Sonora en Equipo publicamos toda la informaci\u00f3n de Sonora, M\u00e9xico y el Mundo de manera oportuna y busca que la libertad de expresi\u00f3n sea real. Visita nuestro medio informativo publicado desde Hermosillo, Sonora. %\" \/>\n<meta name=\"robots\" content=\"index, follow, max-snippet:-1, max-image-preview:large, max-video-preview:-1\" \/>\n<link rel=\"canonical\" href=\"https:\/\/www.sonoraenequipo.com.mx\/zelenski-acusa-a-rusia-de-tortura-y-compara-a-izium-con-bucha\/\" \/>\n<meta property=\"og:locale\" content=\"es_ES\" \/>\n<meta property=\"og:type\" content=\"article\" \/>\n<meta property=\"og:title\" content=\"Sonora en Equipo. Zelenski acusa a Rusia de tortura y compara a Izium con Bucha MUNDO\" \/>\n<meta property=\"og:description\" content=\"UCRANIA. \u2014 El presidente de Ucrania, Volod\u00edmir Zelenski, acus\u00f3 a Rusia de tortura y compar\u00f3 la situaci\u00f3n hasta ahora revelada en Izium, una de las En Sonora en Equipo publicamos toda la informaci\u00f3n de Sonora, M\u00e9xico y el Mundo de manera oportuna y busca que la libertad de expresi\u00f3n sea real. Visita nuestro medio informativo publicado desde Hermosillo, Sonora. %\" \/>\n<meta property=\"og:url\" content=\"https:\/\/www.sonoraenequipo.com.mx\/zelenski-acusa-a-rusia-de-tortura-y-compara-a-izium-con-bucha\/\" \/>\n<meta property=\"og:site_name\" content=\"Sonora en Equipo.\" \/>\n<meta property=\"article:publisher\" content=\"https:\/\/www.facebook.com\/SonoraEE\/\" \/>\n<meta property=\"article:author\" content=\"https:\/\/www.facebook.com\/SonoraEE\" \/>\n<meta property=\"article:published_time\" content=\"2022-09-17T21:34:06+00:00\" \/>\n<meta property=\"article:modified_time\" content=\"2022-09-18T01:33:31+00:00\" \/>\n<meta property=\"og:image\" content=\"https:\/\/www.sonoraenequipo.com.mx\/storage\/2022\/09\/zelensqui-y-la-tortura.jpg\" \/>\n\t<meta property=\"og:image:width\" content=\"900\" \/>\n\t<meta property=\"og:image:height\" content=\"514\" \/>\n\t<meta property=\"og:image:type\" content=\"image\/jpeg\" \/>\n<meta name=\"author\" content=\"enequipo\" \/>\n<meta name=\"twitter:card\" content=\"summary_large_image\" \/>\n<meta name=\"twitter:creator\" content=\"@sonoraenequipo\" \/>\n<meta name=\"twitter:site\" content=\"@sonoraenequipo\" \/>\n<meta name=\"twitter:label1\" content=\"Escrito por\" \/>\n\t<meta name=\"twitter:data1\" content=\"enequipo\" \/>\n\t<meta name=\"twitter:label2\" content=\"Tiempo de lectura\" \/>\n\t<meta name=\"twitter:data2\" content=\"2 minutos\" \/>\n<script type=\"application\/ld+json\" class=\"yoast-schema-graph\">{\"@context\":\"https:\/\/schema.org\",\"@graph\":[{\"@type\":\"Article\",\"@id\":\"https:\/\/www.sonoraenequipo.com.mx\/zelenski-acusa-a-rusia-de-tortura-y-compara-a-izium-con-bucha\/#article\",\"isPartOf\":{\"@id\":\"https:\/\/www.sonoraenequipo.com.mx\/zelenski-acusa-a-rusia-de-tortura-y-compara-a-izium-con-bucha\/\"},\"author\":{\"name\":\"enequipo\",\"@id\":\"https:\/\/www.sonoraenequipo.com.mx\/#\/schema\/person\/50102df0fb23a8fa9e8effad8fa81386\"},\"headline\":\"Zelenski acusa a Rusia de tortura y compara a Izium con Bucha\",\"datePublished\":\"2022-09-17T21:34:06+00:00\",\"dateModified\":\"2022-09-18T01:33:31+00:00\",\"mainEntityOfPage\":{\"@id\":\"https:\/\/www.sonoraenequipo.com.mx\/zelenski-acusa-a-rusia-de-tortura-y-compara-a-izium-con-bucha\/\"},\"wordCount\":364,\"commentCount\":0,\"publisher\":{\"@id\":\"https:\/\/www.sonoraenequipo.com.mx\/#organization\"},\"image\":{\"@id\":\"https:\/\/www.sonoraenequipo.com.mx\/zelenski-acusa-a-rusia-de-tortura-y-compara-a-izium-con-bucha\/#primaryimage\"},\"thumbnailUrl\":\"https:\/\/www.sonoraenequipo.com.mx\/storage\/2022\/09\/zelensqui-y-la-tortura.jpg\",\"articleSection\":[\"MUNDO\"],\"inLanguage\":\"es\",\"potentialAction\":[{\"@type\":\"CommentAction\",\"name\":\"Comment\",\"target\":[\"https:\/\/www.sonoraenequipo.com.mx\/zelenski-acusa-a-rusia-de-tortura-y-compara-a-izium-con-bucha\/#respond\"]}]},{\"@type\":\"WebPage\",\"@id\":\"https:\/\/www.sonoraenequipo.com.mx\/zelenski-acusa-a-rusia-de-tortura-y-compara-a-izium-con-bucha\/\",\"url\":\"https:\/\/www.sonoraenequipo.com.mx\/zelenski-acusa-a-rusia-de-tortura-y-compara-a-izium-con-bucha\/\",\"name\":\"Sonora en Equipo. Zelenski acusa a Rusia de tortura y compara a Izium con Bucha MUNDO\",\"isPartOf\":{\"@id\":\"https:\/\/www.sonoraenequipo.com.mx\/#website\"},\"primaryImageOfPage\":{\"@id\":\"https:\/\/www.sonoraenequipo.com.mx\/zelenski-acusa-a-rusia-de-tortura-y-compara-a-izium-con-bucha\/#primaryimage\"},\"image\":{\"@id\":\"https:\/\/www.sonoraenequipo.com.mx\/zelenski-acusa-a-rusia-de-tortura-y-compara-a-izium-con-bucha\/#primaryimage\"},\"thumbnailUrl\":\"https:\/\/www.sonoraenequipo.com.mx\/storage\/2022\/09\/zelensqui-y-la-tortura.jpg\",\"datePublished\":\"2022-09-17T21:34:06+00:00\",\"dateModified\":\"2022-09-18T01:33:31+00:00\",\"description\":\"UCRANIA. \u2014 El presidente de Ucrania, Volod\u00edmir Zelenski, acus\u00f3 a Rusia de tortura y compar\u00f3 la situaci\u00f3n hasta ahora revelada en Izium, una de las En Sonora en Equipo publicamos toda la informaci\u00f3n de Sonora, M\u00e9xico y el Mundo de manera oportuna y busca que la libertad de expresi\u00f3n sea real. Visita nuestro medio informativo publicado desde Hermosillo, Sonora. %\",\"breadcrumb\":{\"@id\":\"https:\/\/www.sonoraenequipo.com.mx\/zelenski-acusa-a-rusia-de-tortura-y-compara-a-izium-con-bucha\/#breadcrumb\"},\"inLanguage\":\"es\",\"potentialAction\":[{\"@type\":\"ReadAction\",\"target\":[\"https:\/\/www.sonoraenequipo.com.mx\/zelenski-acusa-a-rusia-de-tortura-y-compara-a-izium-con-bucha\/\"]}]},{\"@type\":\"ImageObject\",\"inLanguage\":\"es\",\"@id\":\"https:\/\/www.sonoraenequipo.com.mx\/zelenski-acusa-a-rusia-de-tortura-y-compara-a-izium-con-bucha\/#primaryimage\",\"url\":\"https:\/\/www.sonoraenequipo.com.mx\/storage\/2022\/09\/zelensqui-y-la-tortura.jpg\",\"contentUrl\":\"https:\/\/www.sonoraenequipo.com.mx\/storage\/2022\/09\/zelensqui-y-la-tortura.jpg\",\"width\":900,\"height\":514},{\"@type\":\"BreadcrumbList\",\"@id\":\"https:\/\/www.sonoraenequipo.com.mx\/zelenski-acusa-a-rusia-de-tortura-y-compara-a-izium-con-bucha\/#breadcrumb\",\"itemListElement\":[{\"@type\":\"ListItem\",\"position\":1,\"name\":\"Portada\",\"item\":\"https:\/\/www.sonoraenequipo.com.mx\/\"},{\"@type\":\"ListItem\",\"position\":2,\"name\":\"Zelenski acusa a Rusia de tortura y compara a Izium con Bucha\"}]},{\"@type\":\"WebSite\",\"@id\":\"https:\/\/www.sonoraenequipo.com.mx\/#website\",\"url\":\"https:\/\/www.sonoraenequipo.com.mx\/\",\"name\":\"Sonora en Equipo.\",\"description\":\"Diario en l\u00ednea con Noticias desde Hermosillo, Sonora\",\"publisher\":{\"@id\":\"https:\/\/www.sonoraenequipo.com.mx\/#organization\"},\"potentialAction\":[{\"@type\":\"SearchAction\",\"target\":{\"@type\":\"EntryPoint\",\"urlTemplate\":\"https:\/\/www.sonoraenequipo.com.mx\/?s={search_term_string}\"},\"query-input\":{\"@type\":\"PropertyValueSpecification\",\"valueRequired\":true,\"valueName\":\"search_term_string\"}}],\"inLanguage\":\"es\"},{\"@type\":\"Organization\",\"@id\":\"https:\/\/www.sonoraenequipo.com.mx\/#organization\",\"name\":\"Sonoraenequipo.com.mx\",\"url\":\"https:\/\/www.sonoraenequipo.com.mx\/\",\"logo\":{\"@type\":\"ImageObject\",\"inLanguage\":\"es\",\"@id\":\"https:\/\/www.sonoraenequipo.com.mx\/#\/schema\/logo\/image\/\",\"url\":\"https:\/\/www.sonoraenequipo.com.mx\/storage\/2019\/01\/sonoraenequipo_opt.png\",\"contentUrl\":\"https:\/\/www.sonoraenequipo.com.mx\/storage\/2019\/01\/sonoraenequipo_opt.png\",\"width\":375,\"height\":125,\"caption\":\"Sonoraenequipo.com.mx\"},\"image\":{\"@id\":\"https:\/\/www.sonoraenequipo.com.mx\/#\/schema\/logo\/image\/\"},\"sameAs\":[\"https:\/\/www.facebook.com\/SonoraEE\/\",\"https:\/\/x.com\/sonoraenequipo\",\"https:\/\/www.youtube.com\/channel\/UC338nW-lPEYmJQs4ZABQ1SQ\"]},{\"@type\":\"Person\",\"@id\":\"https:\/\/www.sonoraenequipo.com.mx\/#\/schema\/person\/50102df0fb23a8fa9e8effad8fa81386\",\"name\":\"enequipo\",\"image\":{\"@type\":\"ImageObject\",\"inLanguage\":\"es\",\"@id\":\"https:\/\/www.sonoraenequipo.com.mx\/#\/schema\/person\/image\/\",\"url\":\"https:\/\/secure.gravatar.com\/avatar\/049821681b589dabc0bc20695993ccebb09f5b5d4d790cd9251b97faac7c652b?s=96&d=blank&r=g\",\"contentUrl\":\"https:\/\/secure.gravatar.com\/avatar\/049821681b589dabc0bc20695993ccebb09f5b5d4d790cd9251b97faac7c652b?s=96&d=blank&r=g\",\"caption\":\"enequipo\"},\"sameAs\":[\"https:\/\/www.facebook.com\/SonoraEE\"]}]}<\/script>\n ","yoast_head_json":{"title":"Sonora en Equipo. Zelenski acusa a Rusia de tortura y compara a Izium con Bucha MUNDO","description":"UCRANIA. \u2014 El presidente de Ucrania, Volod\u00edmir Zelenski, acus\u00f3 a Rusia de tortura y compar\u00f3 la situaci\u00f3n hasta ahora revelada en Izium, una de las En Sonora en Equipo publicamos toda la informaci\u00f3n de Sonora, M\u00e9xico y el Mundo de manera oportuna y busca que la libertad de expresi\u00f3n sea real. Visita nuestro medio informativo publicado desde Hermosillo, Sonora. %","robots":{"index":"index","follow":"follow","max-snippet":"max-snippet:-1","max-image-preview":"max-image-preview:large","max-video-preview":"max-video-preview:-1"},"canonical":"https:\/\/www.sonoraenequipo.com.mx\/zelenski-acusa-a-rusia-de-tortura-y-compara-a-izium-con-bucha\/","og_locale":"es_ES","og_type":"article","og_title":"Sonora en Equipo. Zelenski acusa a Rusia de tortura y compara a Izium con Bucha MUNDO","og_description":"UCRANIA. \u2014 El presidente de Ucrania, Volod\u00edmir Zelenski, acus\u00f3 a Rusia de tortura y compar\u00f3 la situaci\u00f3n hasta ahora revelada en Izium, una de las En Sonora en Equipo publicamos toda la informaci\u00f3n de Sonora, M\u00e9xico y el Mundo de manera oportuna y busca que la libertad de expresi\u00f3n sea real. Visita nuestro medio informativo publicado desde Hermosillo, Sonora. %","og_url":"https:\/\/www.sonoraenequipo.com.mx\/zelenski-acusa-a-rusia-de-tortura-y-compara-a-izium-con-bucha\/","og_site_name":"Sonora en Equipo.","article_publisher":"https:\/\/www.facebook.com\/SonoraEE\/","article_author":"https:\/\/www.facebook.com\/SonoraEE","article_published_time":"2022-09-17T21:34:06+00:00","article_modified_time":"2022-09-18T01:33:31+00:00","og_image":[{"width":900,"height":514,"url":"https:\/\/www.sonoraenequipo.com.mx\/storage\/2022\/09\/zelensqui-y-la-tortura.jpg","type":"image\/jpeg"}],"author":"enequipo","twitter_card":"summary_large_image","twitter_creator":"@sonoraenequipo","twitter_site":"@sonoraenequipo","twitter_misc":{"Escrito por":"enequipo","Tiempo de lectura":"2 minutos"},"schema":{"@context":"https:\/\/schema.org","@graph":[{"@type":"Article","@id":"https:\/\/www.sonoraenequipo.com.mx\/zelenski-acusa-a-rusia-de-tortura-y-compara-a-izium-con-bucha\/#article","isPartOf":{"@id":"https:\/\/www.sonoraenequipo.com.mx\/zelenski-acusa-a-rusia-de-tortura-y-compara-a-izium-con-bucha\/"},"author":{"name":"enequipo","@id":"https:\/\/www.sonoraenequipo.com.mx\/#\/schema\/person\/50102df0fb23a8fa9e8effad8fa81386"},"headline":"Zelenski acusa a Rusia de tortura y compara a Izium con Bucha","datePublished":"2022-09-17T21:34:06+00:00","dateModified":"2022-09-18T01:33:31+00:00","mainEntityOfPage":{"@id":"https:\/\/www.sonoraenequipo.com.mx\/zelenski-acusa-a-rusia-de-tortura-y-compara-a-izium-con-bucha\/"},"wordCount":364,"commentCount":0,"publisher":{"@id":"https:\/\/www.sonoraenequipo.com.mx\/#organization"},"image":{"@id":"https:\/\/www.sonoraenequipo.com.mx\/zelenski-acusa-a-rusia-de-tortura-y-compara-a-izium-con-bucha\/#primaryimage"},"thumbnailUrl":"https:\/\/www.sonoraenequipo.com.mx\/storage\/2022\/09\/zelensqui-y-la-tortura.jpg","articleSection":["MUNDO"],"inLanguage":"es","potentialAction":[{"@type":"CommentAction","name":"Comment","target":["https:\/\/www.sonoraenequipo.com.mx\/zelenski-acusa-a-rusia-de-tortura-y-compara-a-izium-con-bucha\/#respond"]}]},{"@type":"WebPage","@id":"https:\/\/www.sonoraenequipo.com.mx\/zelenski-acusa-a-rusia-de-tortura-y-compara-a-izium-con-bucha\/","url":"https:\/\/www.sonoraenequipo.com.mx\/zelenski-acusa-a-rusia-de-tortura-y-compara-a-izium-con-bucha\/","name":"Sonora en Equipo. Zelenski acusa a Rusia de tortura y compara a Izium con Bucha MUNDO","isPartOf":{"@id":"https:\/\/www.sonoraenequipo.com.mx\/#website"},"primaryImageOfPage":{"@id":"https:\/\/www.sonoraenequipo.com.mx\/zelenski-acusa-a-rusia-de-tortura-y-compara-a-izium-con-bucha\/#primaryimage"},"image":{"@id":"https:\/\/www.sonoraenequipo.com.mx\/zelenski-acusa-a-rusia-de-tortura-y-compara-a-izium-con-bucha\/#primaryimage"},"thumbnailUrl":"https:\/\/www.sonoraenequipo.com.mx\/storage\/2022\/09\/zelensqui-y-la-tortura.jpg","datePublished":"2022-09-17T21:34:06+00:00","dateModified":"2022-09-18T01:33:31+00:00","description":"UCRANIA. \u2014 El presidente de Ucrania, Volod\u00edmir Zelenski, acus\u00f3 a Rusia de tortura y compar\u00f3 la situaci\u00f3n hasta ahora revelada en Izium, una de las En Sonora en Equipo publicamos toda la informaci\u00f3n de Sonora, M\u00e9xico y el Mundo de manera oportuna y busca que la libertad de expresi\u00f3n sea real. Visita nuestro medio informativo publicado desde Hermosillo, Sonora. %","breadcrumb":{"@id":"https:\/\/www.sonoraenequipo.com.mx\/zelenski-acusa-a-rusia-de-tortura-y-compara-a-izium-con-bucha\/#breadcrumb"},"inLanguage":"es","potentialAction":[{"@type":"ReadAction","target":["https:\/\/www.sonoraenequipo.com.mx\/zelenski-acusa-a-rusia-de-tortura-y-compara-a-izium-con-bucha\/"]}]},{"@type":"ImageObject","inLanguage":"es","@id":"https:\/\/www.sonoraenequipo.com.mx\/zelenski-acusa-a-rusia-de-tortura-y-compara-a-izium-con-bucha\/#primaryimage","url":"https:\/\/www.sonoraenequipo.com.mx\/storage\/2022\/09\/zelensqui-y-la-tortura.jpg","contentUrl":"https:\/\/www.sonoraenequipo.com.mx\/storage\/2022\/09\/zelensqui-y-la-tortura.jpg","width":900,"height":514},{"@type":"BreadcrumbList","@id":"https:\/\/www.sonoraenequipo.com.mx\/zelenski-acusa-a-rusia-de-tortura-y-compara-a-izium-con-bucha\/#breadcrumb","itemListElement":[{"@type":"ListItem","position":1,"name":"Portada","item":"https:\/\/www.sonoraenequipo.com.mx\/"},{"@type":"ListItem","position":2,"name":"Zelenski acusa a Rusia de tortura y compara a Izium con Bucha"}]},{"@type":"WebSite","@id":"https:\/\/www.sonoraenequipo.com.mx\/#website","url":"https:\/\/www.sonoraenequipo.com.mx\/","name":"Sonora en Equipo.","description":"Diario en l\u00ednea con Noticias desde Hermosillo, Sonora","publisher":{"@id":"https:\/\/www.sonoraenequipo.com.mx\/#organization"},"potentialAction":[{"@type":"SearchAction","target":{"@type":"EntryPoint","urlTemplate":"https:\/\/www.sonoraenequipo.com.mx\/?s={search_term_string}"},"query-input":{"@type":"PropertyValueSpecification","valueRequired":true,"valueName":"search_term_string"}}],"inLanguage":"es"},{"@type":"Organization","@id":"https:\/\/www.sonoraenequipo.com.mx\/#organization","name":"Sonoraenequipo.com.mx","url":"https:\/\/www.sonoraenequipo.com.mx\/","logo":{"@type":"ImageObject","inLanguage":"es","@id":"https:\/\/www.sonoraenequipo.com.mx\/#\/schema\/logo\/image\/","url":"https:\/\/www.sonoraenequipo.com.mx\/storage\/2019\/01\/sonoraenequipo_opt.png","contentUrl":"https:\/\/www.sonoraenequipo.com.mx\/storage\/2019\/01\/sonoraenequipo_opt.png","width":375,"height":125,"caption":"Sonoraenequipo.com.mx"},"image":{"@id":"https:\/\/www.sonoraenequipo.com.mx\/#\/schema\/logo\/image\/"},"sameAs":["https:\/\/www.facebook.com\/SonoraEE\/","https:\/\/x.com\/sonoraenequipo","https:\/\/www.youtube.com\/channel\/UC338nW-lPEYmJQs4ZABQ1SQ"]},{"@type":"Person","@id":"https:\/\/www.sonoraenequipo.com.mx\/#\/schema\/person\/50102df0fb23a8fa9e8effad8fa81386","name":"enequipo","image":{"@type":"ImageObject","inLanguage":"es","@id":"https:\/\/www.sonoraenequipo.com.mx\/#\/schema\/person\/image\/","url":"https:\/\/secure.gravatar.com\/avatar\/049821681b589dabc0bc20695993ccebb09f5b5d4d790cd9251b97faac7c652b?s=96&d=blank&r=g","contentUrl":"https:\/\/secure.gravatar.com\/avatar\/049821681b589dabc0bc20695993ccebb09f5b5d4d790cd9251b97faac7c652b?s=96&d=blank&r=g","caption":"enequipo"},"sameAs":["https:\/\/www.facebook.com\/SonoraEE"]}]}},"jetpack_featured_media_url":"https:\/\/www.sonoraenequipo.com.mx\/storage\/2022\/09\/zelensqui-y-la-tortura.jpg","_links":{"self":[{"href":"https:\/\/www.sonoraenequipo.com.mx\/api\/wp\/v2\/posts\/147344","targetHints":{"allow":["GET"]}}],"collection":[{"href":"https:\/\/www.sonoraenequipo.com.mx\/api\/wp\/v2\/posts"}],"about":[{"href":"https:\/\/www.sonoraenequipo.com.mx\/api\/wp\/v2\/types\/post"}],"author":[{"embeddable":true,"href":"https:\/\/www.sonoraenequipo.com.mx\/api\/wp\/v2\/users\/1"}],"replies":[{"embeddable":true,"href":"https:\/\/www.sonoraenequipo.com.mx\/api\/wp\/v2\/comments?post=147344"}],"version-history":[{"count":1,"href":"https:\/\/www.sonoraenequipo.com.mx\/api\/wp\/v2\/posts\/147344\/revisions"}],"predecessor-version":[{"id":147345,"href":"https:\/\/www.sonoraenequipo.com.mx\/api\/wp\/v2\/posts\/147344\/revisions\/147345"}],"wp:featuredmedia":[{"embeddable":true,"href":"https:\/\/www.sonoraenequipo.com.mx\/api\/wp\/v2\/media\/147335"}],"wp:attachment":[{"href":"https:\/\/www.sonoraenequipo.com.mx\/api\/wp\/v2\/media?parent=147344"}],"wp:term":[{"taxonomy":"category","embeddable":true,"href":"https:\/\/www.sonoraenequipo.com.mx\/api\/wp\/v2\/categories?post=147344"},{"taxonomy":"post_tag","embeddable":true,"href":"https:\/\/www.sonoraenequipo.com.mx\/api\/wp\/v2\/tags?post=147344"}],"curies":[{"name":"wp","href":"https:\/\/api.w.org\/{rel}","templated":true}]}}