{"id":147370,"date":"2022-09-18T19:53:02","date_gmt":"2022-09-19T02:53:02","guid":{"rendered":"https:\/\/www.sonoraenequipo.com.mx\/?p=147370"},"modified":"2022-09-19T10:45:49","modified_gmt":"2022-09-19T17:45:49","slug":"se-unira-sonora-este-lunes-a-simulacro-de-sismo-nacional-2022","status":"publish","type":"post","link":"https:\/\/www.sonoraenequipo.com.mx\/se-unira-sonora-este-lunes-a-simulacro-de-sismo-nacional-2022\/","title":{"rendered":"Se unir\u00e1 Sonora este lunes a Simulacro de sismo Nacional 2022"},"content":{"rendered":"<p>\u25baM\u00e1s de 130 mil personas en todo el estado participar\u00e1n en este ejercicio c\u00edvico<\/p>\n<p>\u25baSe pide a la poblaci\u00f3n tomar en cuenta el cierre temporal de vialidades contiguas a oficinas de gobierno en lo que se desarrolla el evento<\/p>\n<p>&nbsp;<\/p>\n<p><strong>HERMOSILLO, SONORA,MX.<\/strong><strong>\u2500\u2500<\/strong> Con m\u00e1s de 130 mil personas de mil 685 inmuebles, Sonora tendr\u00e1 su participaci\u00f3n este lunes 19 de septiembre en el Simulacro Nacional 2022, organizado por la Coordinaci\u00f3n Nacional de Protecci\u00f3n Civil (CNPC) de manera simult\u00e1nea en todo M\u00e9xico.<\/p>\n<p>&nbsp;<\/p>\n<p>&nbsp;<\/p>\n<p>&nbsp;<\/p>\n<p>Juan Gonz\u00e1lez Alvarado, coordinador estatal de Protecci\u00f3n Civil, quien fungi\u00f3 como enlace directo de este evento en Sonora, dio a conocer que las actividades se llevar\u00e1n a cabo este lunes a las 10:19 de la ma\u00f1ana (hora local) en 653 inmuebles federales, 536 privados, 437 estatales y 59 municipales.<\/p>\n<p>&nbsp;<\/p>\n<p>&nbsp;<\/p>\n<p>&nbsp;<\/p>\n<p>Explic\u00f3 que estas cifras podr\u00edan aumentar, pues todav\u00eda este 18 de septiembre se estar\u00e1n recibiendo inscripciones en la p\u00e1gina http:\/\/www.preparados.gob.mx\/simulacronacional2022 de forma gratuita.<\/p>\n<p>&nbsp;<\/p>\n<p>Su objetivo es fomentar la cultura de la Protecci\u00f3n Civil en la poblaci\u00f3n, y contribuir con el fortalecimiento de las capacidades de reacci\u00f3n de las unidades internas y sus brigadas, ante la eventualidad de una emergencia o desastre.<\/p>\n<p>Se organizar\u00e1 en conmemoraci\u00f3n del D\u00eda Nacional de la Protecci\u00f3n Civil, en el marco de los aniversarios de los sismos ocurridos en septiembre de 1985 y 2017 en la Ciudad de M\u00e9xico.<\/p>\n<p>&nbsp;<\/p>\n<p>Emiten recomendaciones ante cierre de vialidades<\/p>\n<p>La Coordinaci\u00f3n Estatal de Protecci\u00f3n Civil (CEPC) emiti\u00f3 una serie de recomendaciones a la poblaci\u00f3n para que est\u00e9 preparada ante la organizaci\u00f3n de este ejercicio c\u00edvico.<\/p>\n<p>&nbsp;<\/p>\n<p>&nbsp;<\/p>\n<p>&nbsp;<\/p>\n<p>Se pide mantener la calma ante las se\u00f1ales de alarma y recordar que, durante el lapso de este evento, se cerrar\u00e1n algunas vialidades como las que est\u00e1n alrededor del Centro de Gobierno en Hermosillo, tal es el caso de las calles Cultura, Galeana, Agust\u00edn Vild\u00f3sola y R\u00edo Sonora.<\/p>\n<p>&nbsp;<\/p>\n<p>&nbsp;<\/p>\n<p>&nbsp;<\/p>\n<p>En lo referente a los alrededores del Palacio de Gobierno, se cerrar\u00e1n temporalmente Doctor Paliza, Ignacio Allende y bulevar Miguel Hidalgo;en Hermosillo.<\/p>\n<p><strong><u>Fecha de publicaci\u00f3n 18 de septiembre de 2022<\/u><\/strong><\/p>\n","protected":false},"excerpt":{"rendered":"<p>\u25baM\u00e1s de 130 mil personas en todo el estado participar\u00e1n en este ejercicio c\u00edvico \u25baSe&#8230;<\/p>\n","protected":false},"author":1,"featured_media":147372,"comment_status":"open","ping_status":"open","sticky":false,"template":"","format":"standard","meta":{"_monsterinsights_skip_tracking":false,"_monsterinsights_sitenote_active":false,"_monsterinsights_sitenote_note":"","_monsterinsights_sitenote_category":0,"footnotes":""},"categories":[5],"tags":[6590,572],"class_list":["post"],"yoast_head":" \n<title>Sonora en Equipo. Se unir\u00e1 Sonora este lunes a Simulacro de sismo Nacional 2022 Rep\u00fablica<\/title>\n<meta name=\"description\" content=\"\u25baM\u00e1s de 130 mil personas en todo el estado participar\u00e1n en este ejercicio c\u00edvico \u25baSe pide a la poblaci\u00f3n tomar en cuenta el cierre temporal de vialidades En Sonora en Equipo publicamos toda la informaci\u00f3n de Sonora, M\u00e9xico y el Mundo de manera oportuna y busca que la libertad de expresi\u00f3n sea real. Visita nuestro medio informativo publicado desde Hermosillo, Sonora. %\" \/>\n<meta name=\"robots\" content=\"index, follow, max-snippet:-1, max-image-preview:large, max-video-preview:-1\" \/>\n<link rel=\"canonical\" href=\"https:\/\/www.sonoraenequipo.com.mx\/se-unira-sonora-este-lunes-a-simulacro-de-sismo-nacional-2022\/\" \/>\n<meta property=\"og:locale\" content=\"es_ES\" \/>\n<meta property=\"og:type\" content=\"article\" \/>\n<meta property=\"og:title\" content=\"Sonora en Equipo. Se unir\u00e1 Sonora este lunes a Simulacro de sismo Nacional 2022 Rep\u00fablica\" \/>\n<meta property=\"og:description\" content=\"\u25baM\u00e1s de 130 mil personas en todo el estado participar\u00e1n en este ejercicio c\u00edvico \u25baSe pide a la poblaci\u00f3n tomar en cuenta el cierre temporal de vialidades En Sonora en Equipo publicamos toda la informaci\u00f3n de Sonora, M\u00e9xico y el Mundo de manera oportuna y busca que la libertad de expresi\u00f3n sea real. Visita nuestro medio informativo publicado desde Hermosillo, Sonora. %\" \/>\n<meta property=\"og:url\" content=\"https:\/\/www.sonoraenequipo.com.mx\/se-unira-sonora-este-lunes-a-simulacro-de-sismo-nacional-2022\/\" \/>\n<meta property=\"og:site_name\" content=\"Sonora en Equipo.\" \/>\n<meta property=\"article:publisher\" content=\"https:\/\/www.facebook.com\/SonoraEE\/\" \/>\n<meta property=\"article:author\" content=\"https:\/\/www.facebook.com\/SonoraEE\" \/>\n<meta property=\"article:published_time\" content=\"2022-09-19T02:53:02+00:00\" \/>\n<meta property=\"article:modified_time\" content=\"2022-09-19T17:45:49+00:00\" \/>\n<meta property=\"og:image\" content=\"https:\/\/www.sonoraenequipo.com.mx\/storage\/2022\/09\/simulacro-sismo.jpg\" \/>\n\t<meta property=\"og:image:width\" content=\"900\" \/>\n\t<meta property=\"og:image:height\" content=\"600\" \/>\n\t<meta property=\"og:image:type\" content=\"image\/jpeg\" \/>\n<meta name=\"author\" content=\"enequipo\" \/>\n<meta name=\"twitter:card\" content=\"summary_large_image\" \/>\n<meta name=\"twitter:creator\" content=\"@sonoraenequipo\" \/>\n<meta name=\"twitter:site\" content=\"@sonoraenequipo\" \/>\n<meta name=\"twitter:label1\" content=\"Escrito por\" \/>\n\t<meta name=\"twitter:data1\" content=\"enequipo\" \/>\n\t<meta name=\"twitter:label2\" content=\"Tiempo de lectura\" \/>\n\t<meta name=\"twitter:data2\" content=\"2 minutos\" \/>\n<script type=\"application\/ld+json\" class=\"yoast-schema-graph\">{\"@context\":\"https:\/\/schema.org\",\"@graph\":[{\"@type\":\"Article\",\"@id\":\"https:\/\/www.sonoraenequipo.com.mx\/se-unira-sonora-este-lunes-a-simulacro-de-sismo-nacional-2022\/#article\",\"isPartOf\":{\"@id\":\"https:\/\/www.sonoraenequipo.com.mx\/se-unira-sonora-este-lunes-a-simulacro-de-sismo-nacional-2022\/\"},\"author\":{\"name\":\"enequipo\",\"@id\":\"https:\/\/www.sonoraenequipo.com.mx\/#\/schema\/person\/50102df0fb23a8fa9e8effad8fa81386\"},\"headline\":\"Se unir\u00e1 Sonora este lunes a Simulacro de sismo Nacional 2022\",\"datePublished\":\"2022-09-19T02:53:02+00:00\",\"dateModified\":\"2022-09-19T17:45:49+00:00\",\"mainEntityOfPage\":{\"@id\":\"https:\/\/www.sonoraenequipo.com.mx\/se-unira-sonora-este-lunes-a-simulacro-de-sismo-nacional-2022\/\"},\"wordCount\":387,\"commentCount\":0,\"publisher\":{\"@id\":\"https:\/\/www.sonoraenequipo.com.mx\/#organization\"},\"image\":{\"@id\":\"https:\/\/www.sonoraenequipo.com.mx\/se-unira-sonora-este-lunes-a-simulacro-de-sismo-nacional-2022\/#primaryimage\"},\"thumbnailUrl\":\"https:\/\/www.sonoraenequipo.com.mx\/storage\/2022\/09\/simulacro-sismo.jpg\",\"keywords\":[\"simulacro\",\"SISMO\"],\"articleSection\":[\"Rep\u00fablica\"],\"inLanguage\":\"es\",\"potentialAction\":[{\"@type\":\"CommentAction\",\"name\":\"Comment\",\"target\":[\"https:\/\/www.sonoraenequipo.com.mx\/se-unira-sonora-este-lunes-a-simulacro-de-sismo-nacional-2022\/#respond\"]}]},{\"@type\":\"WebPage\",\"@id\":\"https:\/\/www.sonoraenequipo.com.mx\/se-unira-sonora-este-lunes-a-simulacro-de-sismo-nacional-2022\/\",\"url\":\"https:\/\/www.sonoraenequipo.com.mx\/se-unira-sonora-este-lunes-a-simulacro-de-sismo-nacional-2022\/\",\"name\":\"Sonora en Equipo. Se unir\u00e1 Sonora este lunes a Simulacro de sismo Nacional 2022 Rep\u00fablica\",\"isPartOf\":{\"@id\":\"https:\/\/www.sonoraenequipo.com.mx\/#website\"},\"primaryImageOfPage\":{\"@id\":\"https:\/\/www.sonoraenequipo.com.mx\/se-unira-sonora-este-lunes-a-simulacro-de-sismo-nacional-2022\/#primaryimage\"},\"image\":{\"@id\":\"https:\/\/www.sonoraenequipo.com.mx\/se-unira-sonora-este-lunes-a-simulacro-de-sismo-nacional-2022\/#primaryimage\"},\"thumbnailUrl\":\"https:\/\/www.sonoraenequipo.com.mx\/storage\/2022\/09\/simulacro-sismo.jpg\",\"datePublished\":\"2022-09-19T02:53:02+00:00\",\"dateModified\":\"2022-09-19T17:45:49+00:00\",\"description\":\"\u25baM\u00e1s de 130 mil personas en todo el estado participar\u00e1n en este ejercicio c\u00edvico \u25baSe pide a la poblaci\u00f3n tomar en cuenta el cierre temporal de vialidades En Sonora en Equipo publicamos toda la informaci\u00f3n de Sonora, M\u00e9xico y el Mundo de manera oportuna y busca que la libertad de expresi\u00f3n sea real. Visita nuestro medio informativo publicado desde Hermosillo, Sonora. %\",\"breadcrumb\":{\"@id\":\"https:\/\/www.sonoraenequipo.com.mx\/se-unira-sonora-este-lunes-a-simulacro-de-sismo-nacional-2022\/#breadcrumb\"},\"inLanguage\":\"es\",\"potentialAction\":[{\"@type\":\"ReadAction\",\"target\":[\"https:\/\/www.sonoraenequipo.com.mx\/se-unira-sonora-este-lunes-a-simulacro-de-sismo-nacional-2022\/\"]}]},{\"@type\":\"ImageObject\",\"inLanguage\":\"es\",\"@id\":\"https:\/\/www.sonoraenequipo.com.mx\/se-unira-sonora-este-lunes-a-simulacro-de-sismo-nacional-2022\/#primaryimage\",\"url\":\"https:\/\/www.sonoraenequipo.com.mx\/storage\/2022\/09\/simulacro-sismo.jpg\",\"contentUrl\":\"https:\/\/www.sonoraenequipo.com.mx\/storage\/2022\/09\/simulacro-sismo.jpg\",\"width\":900,\"height\":600},{\"@type\":\"BreadcrumbList\",\"@id\":\"https:\/\/www.sonoraenequipo.com.mx\/se-unira-sonora-este-lunes-a-simulacro-de-sismo-nacional-2022\/#breadcrumb\",\"itemListElement\":[{\"@type\":\"ListItem\",\"position\":1,\"name\":\"Portada\",\"item\":\"https:\/\/www.sonoraenequipo.com.mx\/\"},{\"@type\":\"ListItem\",\"position\":2,\"name\":\"Se unir\u00e1 Sonora este lunes a Simulacro de sismo Nacional 2022\"}]},{\"@type\":\"WebSite\",\"@id\":\"https:\/\/www.sonoraenequipo.com.mx\/#website\",\"url\":\"https:\/\/www.sonoraenequipo.com.mx\/\",\"name\":\"Sonora en Equipo.\",\"description\":\"Diario en l\u00ednea con Noticias desde Hermosillo, Sonora\",\"publisher\":{\"@id\":\"https:\/\/www.sonoraenequipo.com.mx\/#organization\"},\"potentialAction\":[{\"@type\":\"SearchAction\",\"target\":{\"@type\":\"EntryPoint\",\"urlTemplate\":\"https:\/\/www.sonoraenequipo.com.mx\/?s={search_term_string}\"},\"query-input\":{\"@type\":\"PropertyValueSpecification\",\"valueRequired\":true,\"valueName\":\"search_term_string\"}}],\"inLanguage\":\"es\"},{\"@type\":\"Organization\",\"@id\":\"https:\/\/www.sonoraenequipo.com.mx\/#organization\",\"name\":\"Sonoraenequipo.com.mx\",\"url\":\"https:\/\/www.sonoraenequipo.com.mx\/\",\"logo\":{\"@type\":\"ImageObject\",\"inLanguage\":\"es\",\"@id\":\"https:\/\/www.sonoraenequipo.com.mx\/#\/schema\/logo\/image\/\",\"url\":\"https:\/\/www.sonoraenequipo.com.mx\/storage\/2019\/01\/sonoraenequipo_opt.png\",\"contentUrl\":\"https:\/\/www.sonoraenequipo.com.mx\/storage\/2019\/01\/sonoraenequipo_opt.png\",\"width\":375,\"height\":125,\"caption\":\"Sonoraenequipo.com.mx\"},\"image\":{\"@id\":\"https:\/\/www.sonoraenequipo.com.mx\/#\/schema\/logo\/image\/\"},\"sameAs\":[\"https:\/\/www.facebook.com\/SonoraEE\/\",\"https:\/\/x.com\/sonoraenequipo\",\"https:\/\/www.youtube.com\/channel\/UC338nW-lPEYmJQs4ZABQ1SQ\"]},{\"@type\":\"Person\",\"@id\":\"https:\/\/www.sonoraenequipo.com.mx\/#\/schema\/person\/50102df0fb23a8fa9e8effad8fa81386\",\"name\":\"enequipo\",\"image\":{\"@type\":\"ImageObject\",\"inLanguage\":\"es\",\"@id\":\"https:\/\/www.sonoraenequipo.com.mx\/#\/schema\/person\/image\/\",\"url\":\"https:\/\/secure.gravatar.com\/avatar\/049821681b589dabc0bc20695993ccebb09f5b5d4d790cd9251b97faac7c652b?s=96&d=blank&r=g\",\"contentUrl\":\"https:\/\/secure.gravatar.com\/avatar\/049821681b589dabc0bc20695993ccebb09f5b5d4d790cd9251b97faac7c652b?s=96&d=blank&r=g\",\"caption\":\"enequipo\"},\"sameAs\":[\"https:\/\/www.facebook.com\/SonoraEE\"]}]}<\/script>\n ","yoast_head_json":{"title":"Sonora en Equipo. Se unir\u00e1 Sonora este lunes a Simulacro de sismo Nacional 2022 Rep\u00fablica","description":"\u25baM\u00e1s de 130 mil personas en todo el estado participar\u00e1n en este ejercicio c\u00edvico \u25baSe pide a la poblaci\u00f3n tomar en cuenta el cierre temporal de vialidades En Sonora en Equipo publicamos toda la informaci\u00f3n de Sonora, M\u00e9xico y el Mundo de manera oportuna y busca que la libertad de expresi\u00f3n sea real. Visita nuestro medio informativo publicado desde Hermosillo, Sonora. %","robots":{"index":"index","follow":"follow","max-snippet":"max-snippet:-1","max-image-preview":"max-image-preview:large","max-video-preview":"max-video-preview:-1"},"canonical":"https:\/\/www.sonoraenequipo.com.mx\/se-unira-sonora-este-lunes-a-simulacro-de-sismo-nacional-2022\/","og_locale":"es_ES","og_type":"article","og_title":"Sonora en Equipo. Se unir\u00e1 Sonora este lunes a Simulacro de sismo Nacional 2022 Rep\u00fablica","og_description":"\u25baM\u00e1s de 130 mil personas en todo el estado participar\u00e1n en este ejercicio c\u00edvico \u25baSe pide a la poblaci\u00f3n tomar en cuenta el cierre temporal de vialidades En Sonora en Equipo publicamos toda la informaci\u00f3n de Sonora, M\u00e9xico y el Mundo de manera oportuna y busca que la libertad de expresi\u00f3n sea real. Visita nuestro medio informativo publicado desde Hermosillo, Sonora. %","og_url":"https:\/\/www.sonoraenequipo.com.mx\/se-unira-sonora-este-lunes-a-simulacro-de-sismo-nacional-2022\/","og_site_name":"Sonora en Equipo.","article_publisher":"https:\/\/www.facebook.com\/SonoraEE\/","article_author":"https:\/\/www.facebook.com\/SonoraEE","article_published_time":"2022-09-19T02:53:02+00:00","article_modified_time":"2022-09-19T17:45:49+00:00","og_image":[{"width":900,"height":600,"url":"https:\/\/www.sonoraenequipo.com.mx\/storage\/2022\/09\/simulacro-sismo.jpg","type":"image\/jpeg"}],"author":"enequipo","twitter_card":"summary_large_image","twitter_creator":"@sonoraenequipo","twitter_site":"@sonoraenequipo","twitter_misc":{"Escrito por":"enequipo","Tiempo de lectura":"2 minutos"},"schema":{"@context":"https:\/\/schema.org","@graph":[{"@type":"Article","@id":"https:\/\/www.sonoraenequipo.com.mx\/se-unira-sonora-este-lunes-a-simulacro-de-sismo-nacional-2022\/#article","isPartOf":{"@id":"https:\/\/www.sonoraenequipo.com.mx\/se-unira-sonora-este-lunes-a-simulacro-de-sismo-nacional-2022\/"},"author":{"name":"enequipo","@id":"https:\/\/www.sonoraenequipo.com.mx\/#\/schema\/person\/50102df0fb23a8fa9e8effad8fa81386"},"headline":"Se unir\u00e1 Sonora este lunes a Simulacro de sismo Nacional 2022","datePublished":"2022-09-19T02:53:02+00:00","dateModified":"2022-09-19T17:45:49+00:00","mainEntityOfPage":{"@id":"https:\/\/www.sonoraenequipo.com.mx\/se-unira-sonora-este-lunes-a-simulacro-de-sismo-nacional-2022\/"},"wordCount":387,"commentCount":0,"publisher":{"@id":"https:\/\/www.sonoraenequipo.com.mx\/#organization"},"image":{"@id":"https:\/\/www.sonoraenequipo.com.mx\/se-unira-sonora-este-lunes-a-simulacro-de-sismo-nacional-2022\/#primaryimage"},"thumbnailUrl":"https:\/\/www.sonoraenequipo.com.mx\/storage\/2022\/09\/simulacro-sismo.jpg","keywords":["simulacro","SISMO"],"articleSection":["Rep\u00fablica"],"inLanguage":"es","potentialAction":[{"@type":"CommentAction","name":"Comment","target":["https:\/\/www.sonoraenequipo.com.mx\/se-unira-sonora-este-lunes-a-simulacro-de-sismo-nacional-2022\/#respond"]}]},{"@type":"WebPage","@id":"https:\/\/www.sonoraenequipo.com.mx\/se-unira-sonora-este-lunes-a-simulacro-de-sismo-nacional-2022\/","url":"https:\/\/www.sonoraenequipo.com.mx\/se-unira-sonora-este-lunes-a-simulacro-de-sismo-nacional-2022\/","name":"Sonora en Equipo. Se unir\u00e1 Sonora este lunes a Simulacro de sismo Nacional 2022 Rep\u00fablica","isPartOf":{"@id":"https:\/\/www.sonoraenequipo.com.mx\/#website"},"primaryImageOfPage":{"@id":"https:\/\/www.sonoraenequipo.com.mx\/se-unira-sonora-este-lunes-a-simulacro-de-sismo-nacional-2022\/#primaryimage"},"image":{"@id":"https:\/\/www.sonoraenequipo.com.mx\/se-unira-sonora-este-lunes-a-simulacro-de-sismo-nacional-2022\/#primaryimage"},"thumbnailUrl":"https:\/\/www.sonoraenequipo.com.mx\/storage\/2022\/09\/simulacro-sismo.jpg","datePublished":"2022-09-19T02:53:02+00:00","dateModified":"2022-09-19T17:45:49+00:00","description":"\u25baM\u00e1s de 130 mil personas en todo el estado participar\u00e1n en este ejercicio c\u00edvico \u25baSe pide a la poblaci\u00f3n tomar en cuenta el cierre temporal de vialidades En Sonora en Equipo publicamos toda la informaci\u00f3n de Sonora, M\u00e9xico y el Mundo de manera oportuna y busca que la libertad de expresi\u00f3n sea real. Visita nuestro medio informativo publicado desde Hermosillo, Sonora. %","breadcrumb":{"@id":"https:\/\/www.sonoraenequipo.com.mx\/se-unira-sonora-este-lunes-a-simulacro-de-sismo-nacional-2022\/#breadcrumb"},"inLanguage":"es","potentialAction":[{"@type":"ReadAction","target":["https:\/\/www.sonoraenequipo.com.mx\/se-unira-sonora-este-lunes-a-simulacro-de-sismo-nacional-2022\/"]}]},{"@type":"ImageObject","inLanguage":"es","@id":"https:\/\/www.sonoraenequipo.com.mx\/se-unira-sonora-este-lunes-a-simulacro-de-sismo-nacional-2022\/#primaryimage","url":"https:\/\/www.sonoraenequipo.com.mx\/storage\/2022\/09\/simulacro-sismo.jpg","contentUrl":"https:\/\/www.sonoraenequipo.com.mx\/storage\/2022\/09\/simulacro-sismo.jpg","width":900,"height":600},{"@type":"BreadcrumbList","@id":"https:\/\/www.sonoraenequipo.com.mx\/se-unira-sonora-este-lunes-a-simulacro-de-sismo-nacional-2022\/#breadcrumb","itemListElement":[{"@type":"ListItem","position":1,"name":"Portada","item":"https:\/\/www.sonoraenequipo.com.mx\/"},{"@type":"ListItem","position":2,"name":"Se unir\u00e1 Sonora este lunes a Simulacro de sismo Nacional 2022"}]},{"@type":"WebSite","@id":"https:\/\/www.sonoraenequipo.com.mx\/#website","url":"https:\/\/www.sonoraenequipo.com.mx\/","name":"Sonora en Equipo.","description":"Diario en l\u00ednea con Noticias desde Hermosillo, Sonora","publisher":{"@id":"https:\/\/www.sonoraenequipo.com.mx\/#organization"},"potentialAction":[{"@type":"SearchAction","target":{"@type":"EntryPoint","urlTemplate":"https:\/\/www.sonoraenequipo.com.mx\/?s={search_term_string}"},"query-input":{"@type":"PropertyValueSpecification","valueRequired":true,"valueName":"search_term_string"}}],"inLanguage":"es"},{"@type":"Organization","@id":"https:\/\/www.sonoraenequipo.com.mx\/#organization","name":"Sonoraenequipo.com.mx","url":"https:\/\/www.sonoraenequipo.com.mx\/","logo":{"@type":"ImageObject","inLanguage":"es","@id":"https:\/\/www.sonoraenequipo.com.mx\/#\/schema\/logo\/image\/","url":"https:\/\/www.sonoraenequipo.com.mx\/storage\/2019\/01\/sonoraenequipo_opt.png","contentUrl":"https:\/\/www.sonoraenequipo.com.mx\/storage\/2019\/01\/sonoraenequipo_opt.png","width":375,"height":125,"caption":"Sonoraenequipo.com.mx"},"image":{"@id":"https:\/\/www.sonoraenequipo.com.mx\/#\/schema\/logo\/image\/"},"sameAs":["https:\/\/www.facebook.com\/SonoraEE\/","https:\/\/x.com\/sonoraenequipo","https:\/\/www.youtube.com\/channel\/UC338nW-lPEYmJQs4ZABQ1SQ"]},{"@type":"Person","@id":"https:\/\/www.sonoraenequipo.com.mx\/#\/schema\/person\/50102df0fb23a8fa9e8effad8fa81386","name":"enequipo","image":{"@type":"ImageObject","inLanguage":"es","@id":"https:\/\/www.sonoraenequipo.com.mx\/#\/schema\/person\/image\/","url":"https:\/\/secure.gravatar.com\/avatar\/049821681b589dabc0bc20695993ccebb09f5b5d4d790cd9251b97faac7c652b?s=96&d=blank&r=g","contentUrl":"https:\/\/secure.gravatar.com\/avatar\/049821681b589dabc0bc20695993ccebb09f5b5d4d790cd9251b97faac7c652b?s=96&d=blank&r=g","caption":"enequipo"},"sameAs":["https:\/\/www.facebook.com\/SonoraEE"]}]}},"jetpack_featured_media_url":"https:\/\/www.sonoraenequipo.com.mx\/storage\/2022\/09\/simulacro-sismo.jpg","_links":{"self":[{"href":"https:\/\/www.sonoraenequipo.com.mx\/api\/wp\/v2\/posts\/147370","targetHints":{"allow":["GET"]}}],"collection":[{"href":"https:\/\/www.sonoraenequipo.com.mx\/api\/wp\/v2\/posts"}],"about":[{"href":"https:\/\/www.sonoraenequipo.com.mx\/api\/wp\/v2\/types\/post"}],"author":[{"embeddable":true,"href":"https:\/\/www.sonoraenequipo.com.mx\/api\/wp\/v2\/users\/1"}],"replies":[{"embeddable":true,"href":"https:\/\/www.sonoraenequipo.com.mx\/api\/wp\/v2\/comments?post=147370"}],"version-history":[{"count":1,"href":"https:\/\/www.sonoraenequipo.com.mx\/api\/wp\/v2\/posts\/147370\/revisions"}],"predecessor-version":[{"id":147371,"href":"https:\/\/www.sonoraenequipo.com.mx\/api\/wp\/v2\/posts\/147370\/revisions\/147371"}],"wp:featuredmedia":[{"embeddable":true,"href":"https:\/\/www.sonoraenequipo.com.mx\/api\/wp\/v2\/media\/147372"}],"wp:attachment":[{"href":"https:\/\/www.sonoraenequipo.com.mx\/api\/wp\/v2\/media?parent=147370"}],"wp:term":[{"taxonomy":"category","embeddable":true,"href":"https:\/\/www.sonoraenequipo.com.mx\/api\/wp\/v2\/categories?post=147370"},{"taxonomy":"post_tag","embeddable":true,"href":"https:\/\/www.sonoraenequipo.com.mx\/api\/wp\/v2\/tags?post=147370"}],"curies":[{"name":"wp","href":"https:\/\/api.w.org\/{rel}","templated":true}]}}