{"id":147379,"date":"2022-09-19T11:24:25","date_gmt":"2022-09-19T18:24:25","guid":{"rendered":"https:\/\/www.sonoraenequipo.com.mx\/?p=147379"},"modified":"2022-09-19T11:24:25","modified_gmt":"2022-09-19T18:24:25","slug":"inicia-gobierno-de-hermosillo-programa-de-renovacion-de-semaforos","status":"publish","type":"post","link":"https:\/\/www.sonoraenequipo.com.mx\/inicia-gobierno-de-hermosillo-programa-de-renovacion-de-semaforos\/","title":{"rendered":"Inicia Gobierno de Hermosillo programa de renovaci\u00f3n de sem\u00e1foros"},"content":{"rendered":"<p>\u25baInvierten 15.4 millones de pesos en reposici\u00f3n de refacciones para sem\u00e1foros<\/p>\n<p><strong>HERMOSILLO, SONORA,MX.<\/strong><strong>\u2500\u2500<\/strong> Las vialidades m\u00e1s transitadas de Hermosillo mejorar\u00e1n su semaforizaci\u00f3n, inform\u00f3 la Coordinaci\u00f3n de Infraestructura, Desarrollo Urbano y Ecolog\u00eda (CIDUE) al iniciar el Programa de Renovaci\u00f3n de Sem\u00e1foros con una inversi\u00f3n de 15.4 millones de pesos.<\/p>\n<p>&nbsp;<\/p>\n<p>Empleados de la Direcci\u00f3n de Vialidad y Semaforizaci\u00f3n de la CIDUE iniciaron los trabajos con el fin de mejorar la sincron\u00eda de la ciudad, reducir 50% los reportes de fallas y disminuir la probabilidad de accidentes al reponer las estructuras de sem\u00e1foros y sus luces, en los principales puntos de la ciudad.<\/p>\n<p>&nbsp;<\/p>\n<p>Algunas de las intersecciones que contempla este programa, para reemplazar las estructuras da\u00f1adas, se encuentran sobre los bulevares Solidaridad, Luis Donaldo Colosio, Reforma, Luis Encinas, Perif\u00e9rico Norte, Enrique Quijada, Ignacio Soto y Kino.<\/p>\n<p>&nbsp;<\/p>\n<p>Entre las refacciones a reponer se consideran 35 GPS Garmin encargados de actualizar la hora satelital para que sem\u00e1foros no salgan de su sincron\u00eda, 30 tarjetas CPU que almacenan informaci\u00f3n para eventos de sincron\u00eda, 70 estructuras, controladores, luces y mil 200 metros de cable RED de uso rudo, entre otras.<\/p>\n<p>&nbsp;<\/p>\n<p>El Gobierno Municipal agradece a la ciudadan\u00eda su paciencia ante las molestias que dichas reparaciones puedan ocasionar, medidas que se traducir\u00e1n a una semaforizaci\u00f3n eficiente y una menor probabilidad de accidentes.<\/p>\n<p><strong><u>Fecha de publicaci\u00f3n 19 de septiembre de 2022<\/u><\/strong><\/p>\n<p>&nbsp;<\/p>\n","protected":false},"excerpt":{"rendered":"<p>\u25baInvierten 15.4 millones de pesos en reposici\u00f3n de refacciones para sem\u00e1foros HERMOSILLO, SONORA,MX.\u2500\u2500 Las vialidades&#8230;<\/p>\n","protected":false},"author":1,"featured_media":147380,"comment_status":"open","ping_status":"open","sticky":false,"template":"","format":"standard","meta":{"_monsterinsights_skip_tracking":false,"_monsterinsights_sitenote_active":false,"_monsterinsights_sitenote_note":"","_monsterinsights_sitenote_category":0,"footnotes":""},"categories":[4],"tags":[35,7526],"class_list":["post"],"yoast_head":" \n<title>Sonora en Equipo. Inicia Gobierno de Hermosillo programa de renovaci\u00f3n de sem\u00e1foros Municipios<\/title>\n<meta name=\"description\" content=\"\u25baInvierten 15.4 millones de pesos en reposici\u00f3n de refacciones para sem\u00e1foros HERMOSILLO, SONORA,MX.\u2500\u2500 Las vialidades m\u00e1s transitadas de Hermosillo En Sonora en Equipo publicamos toda la informaci\u00f3n de Sonora, M\u00e9xico y el Mundo de manera oportuna y busca que la libertad de expresi\u00f3n sea real. Visita nuestro medio informativo publicado desde Hermosillo, Sonora. %\" \/>\n<meta name=\"robots\" content=\"index, follow, max-snippet:-1, max-image-preview:large, max-video-preview:-1\" \/>\n<link rel=\"canonical\" href=\"https:\/\/www.sonoraenequipo.com.mx\/inicia-gobierno-de-hermosillo-programa-de-renovacion-de-semaforos\/\" \/>\n<meta property=\"og:locale\" content=\"es_ES\" \/>\n<meta property=\"og:type\" content=\"article\" \/>\n<meta property=\"og:title\" content=\"Sonora en Equipo. Inicia Gobierno de Hermosillo programa de renovaci\u00f3n de sem\u00e1foros Municipios\" \/>\n<meta property=\"og:description\" content=\"\u25baInvierten 15.4 millones de pesos en reposici\u00f3n de refacciones para sem\u00e1foros HERMOSILLO, SONORA,MX.\u2500\u2500 Las vialidades m\u00e1s transitadas de Hermosillo En Sonora en Equipo publicamos toda la informaci\u00f3n de Sonora, M\u00e9xico y el Mundo de manera oportuna y busca que la libertad de expresi\u00f3n sea real. Visita nuestro medio informativo publicado desde Hermosillo, Sonora. %\" \/>\n<meta property=\"og:url\" content=\"https:\/\/www.sonoraenequipo.com.mx\/inicia-gobierno-de-hermosillo-programa-de-renovacion-de-semaforos\/\" \/>\n<meta property=\"og:site_name\" content=\"Sonora en Equipo.\" \/>\n<meta property=\"article:publisher\" content=\"https:\/\/www.facebook.com\/SonoraEE\/\" \/>\n<meta property=\"article:author\" content=\"https:\/\/www.facebook.com\/SonoraEE\" \/>\n<meta property=\"article:published_time\" content=\"2022-09-19T18:24:25+00:00\" \/>\n<meta property=\"og:image\" content=\"https:\/\/www.sonoraenequipo.com.mx\/storage\/2022\/09\/semaforos.jpg\" \/>\n\t<meta property=\"og:image:width\" content=\"900\" \/>\n\t<meta property=\"og:image:height\" content=\"600\" \/>\n\t<meta property=\"og:image:type\" content=\"image\/jpeg\" \/>\n<meta name=\"author\" content=\"enequipo\" \/>\n<meta name=\"twitter:card\" content=\"summary_large_image\" \/>\n<meta name=\"twitter:creator\" content=\"@sonoraenequipo\" \/>\n<meta name=\"twitter:site\" content=\"@sonoraenequipo\" \/>\n<meta name=\"twitter:label1\" content=\"Escrito por\" \/>\n\t<meta name=\"twitter:data1\" content=\"enequipo\" \/>\n\t<meta name=\"twitter:label2\" content=\"Tiempo de lectura\" \/>\n\t<meta name=\"twitter:data2\" content=\"1 minuto\" \/>\n<script type=\"application\/ld+json\" class=\"yoast-schema-graph\">{\"@context\":\"https:\/\/schema.org\",\"@graph\":[{\"@type\":\"Article\",\"@id\":\"https:\/\/www.sonoraenequipo.com.mx\/inicia-gobierno-de-hermosillo-programa-de-renovacion-de-semaforos\/#article\",\"isPartOf\":{\"@id\":\"https:\/\/www.sonoraenequipo.com.mx\/inicia-gobierno-de-hermosillo-programa-de-renovacion-de-semaforos\/\"},\"author\":{\"name\":\"enequipo\",\"@id\":\"https:\/\/www.sonoraenequipo.com.mx\/#\/schema\/person\/50102df0fb23a8fa9e8effad8fa81386\"},\"headline\":\"Inicia Gobierno de Hermosillo programa de renovaci\u00f3n de sem\u00e1foros\",\"datePublished\":\"2022-09-19T18:24:25+00:00\",\"mainEntityOfPage\":{\"@id\":\"https:\/\/www.sonoraenequipo.com.mx\/inicia-gobierno-de-hermosillo-programa-de-renovacion-de-semaforos\/\"},\"wordCount\":254,\"commentCount\":0,\"publisher\":{\"@id\":\"https:\/\/www.sonoraenequipo.com.mx\/#organization\"},\"image\":{\"@id\":\"https:\/\/www.sonoraenequipo.com.mx\/inicia-gobierno-de-hermosillo-programa-de-renovacion-de-semaforos\/#primaryimage\"},\"thumbnailUrl\":\"https:\/\/www.sonoraenequipo.com.mx\/storage\/2022\/09\/semaforos.jpg\",\"keywords\":[\"hermosillo\",\"semaforos\"],\"articleSection\":[\"Municipios\"],\"inLanguage\":\"es\",\"potentialAction\":[{\"@type\":\"CommentAction\",\"name\":\"Comment\",\"target\":[\"https:\/\/www.sonoraenequipo.com.mx\/inicia-gobierno-de-hermosillo-programa-de-renovacion-de-semaforos\/#respond\"]}]},{\"@type\":\"WebPage\",\"@id\":\"https:\/\/www.sonoraenequipo.com.mx\/inicia-gobierno-de-hermosillo-programa-de-renovacion-de-semaforos\/\",\"url\":\"https:\/\/www.sonoraenequipo.com.mx\/inicia-gobierno-de-hermosillo-programa-de-renovacion-de-semaforos\/\",\"name\":\"Sonora en Equipo. Inicia Gobierno de Hermosillo programa de renovaci\u00f3n de sem\u00e1foros Municipios\",\"isPartOf\":{\"@id\":\"https:\/\/www.sonoraenequipo.com.mx\/#website\"},\"primaryImageOfPage\":{\"@id\":\"https:\/\/www.sonoraenequipo.com.mx\/inicia-gobierno-de-hermosillo-programa-de-renovacion-de-semaforos\/#primaryimage\"},\"image\":{\"@id\":\"https:\/\/www.sonoraenequipo.com.mx\/inicia-gobierno-de-hermosillo-programa-de-renovacion-de-semaforos\/#primaryimage\"},\"thumbnailUrl\":\"https:\/\/www.sonoraenequipo.com.mx\/storage\/2022\/09\/semaforos.jpg\",\"datePublished\":\"2022-09-19T18:24:25+00:00\",\"description\":\"\u25baInvierten 15.4 millones de pesos en reposici\u00f3n de refacciones para sem\u00e1foros HERMOSILLO, SONORA,MX.\u2500\u2500 Las vialidades m\u00e1s transitadas de Hermosillo En Sonora en Equipo publicamos toda la informaci\u00f3n de Sonora, M\u00e9xico y el Mundo de manera oportuna y busca que la libertad de expresi\u00f3n sea real. Visita nuestro medio informativo publicado desde Hermosillo, Sonora. %\",\"breadcrumb\":{\"@id\":\"https:\/\/www.sonoraenequipo.com.mx\/inicia-gobierno-de-hermosillo-programa-de-renovacion-de-semaforos\/#breadcrumb\"},\"inLanguage\":\"es\",\"potentialAction\":[{\"@type\":\"ReadAction\",\"target\":[\"https:\/\/www.sonoraenequipo.com.mx\/inicia-gobierno-de-hermosillo-programa-de-renovacion-de-semaforos\/\"]}]},{\"@type\":\"ImageObject\",\"inLanguage\":\"es\",\"@id\":\"https:\/\/www.sonoraenequipo.com.mx\/inicia-gobierno-de-hermosillo-programa-de-renovacion-de-semaforos\/#primaryimage\",\"url\":\"https:\/\/www.sonoraenequipo.com.mx\/storage\/2022\/09\/semaforos.jpg\",\"contentUrl\":\"https:\/\/www.sonoraenequipo.com.mx\/storage\/2022\/09\/semaforos.jpg\",\"width\":900,\"height\":600},{\"@type\":\"BreadcrumbList\",\"@id\":\"https:\/\/www.sonoraenequipo.com.mx\/inicia-gobierno-de-hermosillo-programa-de-renovacion-de-semaforos\/#breadcrumb\",\"itemListElement\":[{\"@type\":\"ListItem\",\"position\":1,\"name\":\"Portada\",\"item\":\"https:\/\/www.sonoraenequipo.com.mx\/\"},{\"@type\":\"ListItem\",\"position\":2,\"name\":\"Inicia Gobierno de Hermosillo programa de renovaci\u00f3n de sem\u00e1foros\"}]},{\"@type\":\"WebSite\",\"@id\":\"https:\/\/www.sonoraenequipo.com.mx\/#website\",\"url\":\"https:\/\/www.sonoraenequipo.com.mx\/\",\"name\":\"Sonora en Equipo.\",\"description\":\"Diario en l\u00ednea con Noticias desde Hermosillo, Sonora\",\"publisher\":{\"@id\":\"https:\/\/www.sonoraenequipo.com.mx\/#organization\"},\"potentialAction\":[{\"@type\":\"SearchAction\",\"target\":{\"@type\":\"EntryPoint\",\"urlTemplate\":\"https:\/\/www.sonoraenequipo.com.mx\/?s={search_term_string}\"},\"query-input\":{\"@type\":\"PropertyValueSpecification\",\"valueRequired\":true,\"valueName\":\"search_term_string\"}}],\"inLanguage\":\"es\"},{\"@type\":\"Organization\",\"@id\":\"https:\/\/www.sonoraenequipo.com.mx\/#organization\",\"name\":\"Sonoraenequipo.com.mx\",\"url\":\"https:\/\/www.sonoraenequipo.com.mx\/\",\"logo\":{\"@type\":\"ImageObject\",\"inLanguage\":\"es\",\"@id\":\"https:\/\/www.sonoraenequipo.com.mx\/#\/schema\/logo\/image\/\",\"url\":\"https:\/\/www.sonoraenequipo.com.mx\/storage\/2019\/01\/sonoraenequipo_opt.png\",\"contentUrl\":\"https:\/\/www.sonoraenequipo.com.mx\/storage\/2019\/01\/sonoraenequipo_opt.png\",\"width\":375,\"height\":125,\"caption\":\"Sonoraenequipo.com.mx\"},\"image\":{\"@id\":\"https:\/\/www.sonoraenequipo.com.mx\/#\/schema\/logo\/image\/\"},\"sameAs\":[\"https:\/\/www.facebook.com\/SonoraEE\/\",\"https:\/\/x.com\/sonoraenequipo\",\"https:\/\/www.youtube.com\/channel\/UC338nW-lPEYmJQs4ZABQ1SQ\"]},{\"@type\":\"Person\",\"@id\":\"https:\/\/www.sonoraenequipo.com.mx\/#\/schema\/person\/50102df0fb23a8fa9e8effad8fa81386\",\"name\":\"enequipo\",\"image\":{\"@type\":\"ImageObject\",\"inLanguage\":\"es\",\"@id\":\"https:\/\/www.sonoraenequipo.com.mx\/#\/schema\/person\/image\/\",\"url\":\"https:\/\/secure.gravatar.com\/avatar\/049821681b589dabc0bc20695993ccebb09f5b5d4d790cd9251b97faac7c652b?s=96&d=blank&r=g\",\"contentUrl\":\"https:\/\/secure.gravatar.com\/avatar\/049821681b589dabc0bc20695993ccebb09f5b5d4d790cd9251b97faac7c652b?s=96&d=blank&r=g\",\"caption\":\"enequipo\"},\"sameAs\":[\"https:\/\/www.facebook.com\/SonoraEE\"]}]}<\/script>\n ","yoast_head_json":{"title":"Sonora en Equipo. Inicia Gobierno de Hermosillo programa de renovaci\u00f3n de sem\u00e1foros Municipios","description":"\u25baInvierten 15.4 millones de pesos en reposici\u00f3n de refacciones para sem\u00e1foros HERMOSILLO, SONORA,MX.\u2500\u2500 Las vialidades m\u00e1s transitadas de Hermosillo En Sonora en Equipo publicamos toda la informaci\u00f3n de Sonora, M\u00e9xico y el Mundo de manera oportuna y busca que la libertad de expresi\u00f3n sea real. Visita nuestro medio informativo publicado desde Hermosillo, Sonora. %","robots":{"index":"index","follow":"follow","max-snippet":"max-snippet:-1","max-image-preview":"max-image-preview:large","max-video-preview":"max-video-preview:-1"},"canonical":"https:\/\/www.sonoraenequipo.com.mx\/inicia-gobierno-de-hermosillo-programa-de-renovacion-de-semaforos\/","og_locale":"es_ES","og_type":"article","og_title":"Sonora en Equipo. Inicia Gobierno de Hermosillo programa de renovaci\u00f3n de sem\u00e1foros Municipios","og_description":"\u25baInvierten 15.4 millones de pesos en reposici\u00f3n de refacciones para sem\u00e1foros HERMOSILLO, SONORA,MX.\u2500\u2500 Las vialidades m\u00e1s transitadas de Hermosillo En Sonora en Equipo publicamos toda la informaci\u00f3n de Sonora, M\u00e9xico y el Mundo de manera oportuna y busca que la libertad de expresi\u00f3n sea real. Visita nuestro medio informativo publicado desde Hermosillo, Sonora. %","og_url":"https:\/\/www.sonoraenequipo.com.mx\/inicia-gobierno-de-hermosillo-programa-de-renovacion-de-semaforos\/","og_site_name":"Sonora en Equipo.","article_publisher":"https:\/\/www.facebook.com\/SonoraEE\/","article_author":"https:\/\/www.facebook.com\/SonoraEE","article_published_time":"2022-09-19T18:24:25+00:00","og_image":[{"width":900,"height":600,"url":"https:\/\/www.sonoraenequipo.com.mx\/storage\/2022\/09\/semaforos.jpg","type":"image\/jpeg"}],"author":"enequipo","twitter_card":"summary_large_image","twitter_creator":"@sonoraenequipo","twitter_site":"@sonoraenequipo","twitter_misc":{"Escrito por":"enequipo","Tiempo de lectura":"1 minuto"},"schema":{"@context":"https:\/\/schema.org","@graph":[{"@type":"Article","@id":"https:\/\/www.sonoraenequipo.com.mx\/inicia-gobierno-de-hermosillo-programa-de-renovacion-de-semaforos\/#article","isPartOf":{"@id":"https:\/\/www.sonoraenequipo.com.mx\/inicia-gobierno-de-hermosillo-programa-de-renovacion-de-semaforos\/"},"author":{"name":"enequipo","@id":"https:\/\/www.sonoraenequipo.com.mx\/#\/schema\/person\/50102df0fb23a8fa9e8effad8fa81386"},"headline":"Inicia Gobierno de Hermosillo programa de renovaci\u00f3n de sem\u00e1foros","datePublished":"2022-09-19T18:24:25+00:00","mainEntityOfPage":{"@id":"https:\/\/www.sonoraenequipo.com.mx\/inicia-gobierno-de-hermosillo-programa-de-renovacion-de-semaforos\/"},"wordCount":254,"commentCount":0,"publisher":{"@id":"https:\/\/www.sonoraenequipo.com.mx\/#organization"},"image":{"@id":"https:\/\/www.sonoraenequipo.com.mx\/inicia-gobierno-de-hermosillo-programa-de-renovacion-de-semaforos\/#primaryimage"},"thumbnailUrl":"https:\/\/www.sonoraenequipo.com.mx\/storage\/2022\/09\/semaforos.jpg","keywords":["hermosillo","semaforos"],"articleSection":["Municipios"],"inLanguage":"es","potentialAction":[{"@type":"CommentAction","name":"Comment","target":["https:\/\/www.sonoraenequipo.com.mx\/inicia-gobierno-de-hermosillo-programa-de-renovacion-de-semaforos\/#respond"]}]},{"@type":"WebPage","@id":"https:\/\/www.sonoraenequipo.com.mx\/inicia-gobierno-de-hermosillo-programa-de-renovacion-de-semaforos\/","url":"https:\/\/www.sonoraenequipo.com.mx\/inicia-gobierno-de-hermosillo-programa-de-renovacion-de-semaforos\/","name":"Sonora en Equipo. Inicia Gobierno de Hermosillo programa de renovaci\u00f3n de sem\u00e1foros Municipios","isPartOf":{"@id":"https:\/\/www.sonoraenequipo.com.mx\/#website"},"primaryImageOfPage":{"@id":"https:\/\/www.sonoraenequipo.com.mx\/inicia-gobierno-de-hermosillo-programa-de-renovacion-de-semaforos\/#primaryimage"},"image":{"@id":"https:\/\/www.sonoraenequipo.com.mx\/inicia-gobierno-de-hermosillo-programa-de-renovacion-de-semaforos\/#primaryimage"},"thumbnailUrl":"https:\/\/www.sonoraenequipo.com.mx\/storage\/2022\/09\/semaforos.jpg","datePublished":"2022-09-19T18:24:25+00:00","description":"\u25baInvierten 15.4 millones de pesos en reposici\u00f3n de refacciones para sem\u00e1foros HERMOSILLO, SONORA,MX.\u2500\u2500 Las vialidades m\u00e1s transitadas de Hermosillo En Sonora en Equipo publicamos toda la informaci\u00f3n de Sonora, M\u00e9xico y el Mundo de manera oportuna y busca que la libertad de expresi\u00f3n sea real. Visita nuestro medio informativo publicado desde Hermosillo, Sonora. %","breadcrumb":{"@id":"https:\/\/www.sonoraenequipo.com.mx\/inicia-gobierno-de-hermosillo-programa-de-renovacion-de-semaforos\/#breadcrumb"},"inLanguage":"es","potentialAction":[{"@type":"ReadAction","target":["https:\/\/www.sonoraenequipo.com.mx\/inicia-gobierno-de-hermosillo-programa-de-renovacion-de-semaforos\/"]}]},{"@type":"ImageObject","inLanguage":"es","@id":"https:\/\/www.sonoraenequipo.com.mx\/inicia-gobierno-de-hermosillo-programa-de-renovacion-de-semaforos\/#primaryimage","url":"https:\/\/www.sonoraenequipo.com.mx\/storage\/2022\/09\/semaforos.jpg","contentUrl":"https:\/\/www.sonoraenequipo.com.mx\/storage\/2022\/09\/semaforos.jpg","width":900,"height":600},{"@type":"BreadcrumbList","@id":"https:\/\/www.sonoraenequipo.com.mx\/inicia-gobierno-de-hermosillo-programa-de-renovacion-de-semaforos\/#breadcrumb","itemListElement":[{"@type":"ListItem","position":1,"name":"Portada","item":"https:\/\/www.sonoraenequipo.com.mx\/"},{"@type":"ListItem","position":2,"name":"Inicia Gobierno de Hermosillo programa de renovaci\u00f3n de sem\u00e1foros"}]},{"@type":"WebSite","@id":"https:\/\/www.sonoraenequipo.com.mx\/#website","url":"https:\/\/www.sonoraenequipo.com.mx\/","name":"Sonora en Equipo.","description":"Diario en l\u00ednea con Noticias desde Hermosillo, Sonora","publisher":{"@id":"https:\/\/www.sonoraenequipo.com.mx\/#organization"},"potentialAction":[{"@type":"SearchAction","target":{"@type":"EntryPoint","urlTemplate":"https:\/\/www.sonoraenequipo.com.mx\/?s={search_term_string}"},"query-input":{"@type":"PropertyValueSpecification","valueRequired":true,"valueName":"search_term_string"}}],"inLanguage":"es"},{"@type":"Organization","@id":"https:\/\/www.sonoraenequipo.com.mx\/#organization","name":"Sonoraenequipo.com.mx","url":"https:\/\/www.sonoraenequipo.com.mx\/","logo":{"@type":"ImageObject","inLanguage":"es","@id":"https:\/\/www.sonoraenequipo.com.mx\/#\/schema\/logo\/image\/","url":"https:\/\/www.sonoraenequipo.com.mx\/storage\/2019\/01\/sonoraenequipo_opt.png","contentUrl":"https:\/\/www.sonoraenequipo.com.mx\/storage\/2019\/01\/sonoraenequipo_opt.png","width":375,"height":125,"caption":"Sonoraenequipo.com.mx"},"image":{"@id":"https:\/\/www.sonoraenequipo.com.mx\/#\/schema\/logo\/image\/"},"sameAs":["https:\/\/www.facebook.com\/SonoraEE\/","https:\/\/x.com\/sonoraenequipo","https:\/\/www.youtube.com\/channel\/UC338nW-lPEYmJQs4ZABQ1SQ"]},{"@type":"Person","@id":"https:\/\/www.sonoraenequipo.com.mx\/#\/schema\/person\/50102df0fb23a8fa9e8effad8fa81386","name":"enequipo","image":{"@type":"ImageObject","inLanguage":"es","@id":"https:\/\/www.sonoraenequipo.com.mx\/#\/schema\/person\/image\/","url":"https:\/\/secure.gravatar.com\/avatar\/049821681b589dabc0bc20695993ccebb09f5b5d4d790cd9251b97faac7c652b?s=96&d=blank&r=g","contentUrl":"https:\/\/secure.gravatar.com\/avatar\/049821681b589dabc0bc20695993ccebb09f5b5d4d790cd9251b97faac7c652b?s=96&d=blank&r=g","caption":"enequipo"},"sameAs":["https:\/\/www.facebook.com\/SonoraEE"]}]}},"jetpack_featured_media_url":"https:\/\/www.sonoraenequipo.com.mx\/storage\/2022\/09\/semaforos.jpg","_links":{"self":[{"href":"https:\/\/www.sonoraenequipo.com.mx\/api\/wp\/v2\/posts\/147379","targetHints":{"allow":["GET"]}}],"collection":[{"href":"https:\/\/www.sonoraenequipo.com.mx\/api\/wp\/v2\/posts"}],"about":[{"href":"https:\/\/www.sonoraenequipo.com.mx\/api\/wp\/v2\/types\/post"}],"author":[{"embeddable":true,"href":"https:\/\/www.sonoraenequipo.com.mx\/api\/wp\/v2\/users\/1"}],"replies":[{"embeddable":true,"href":"https:\/\/www.sonoraenequipo.com.mx\/api\/wp\/v2\/comments?post=147379"}],"version-history":[{"count":1,"href":"https:\/\/www.sonoraenequipo.com.mx\/api\/wp\/v2\/posts\/147379\/revisions"}],"predecessor-version":[{"id":147381,"href":"https:\/\/www.sonoraenequipo.com.mx\/api\/wp\/v2\/posts\/147379\/revisions\/147381"}],"wp:featuredmedia":[{"embeddable":true,"href":"https:\/\/www.sonoraenequipo.com.mx\/api\/wp\/v2\/media\/147380"}],"wp:attachment":[{"href":"https:\/\/www.sonoraenequipo.com.mx\/api\/wp\/v2\/media?parent=147379"}],"wp:term":[{"taxonomy":"category","embeddable":true,"href":"https:\/\/www.sonoraenequipo.com.mx\/api\/wp\/v2\/categories?post=147379"},{"taxonomy":"post_tag","embeddable":true,"href":"https:\/\/www.sonoraenequipo.com.mx\/api\/wp\/v2\/tags?post=147379"}],"curies":[{"name":"wp","href":"https:\/\/api.w.org\/{rel}","templated":true}]}}