{"id":147382,"date":"2022-09-19T11:30:44","date_gmt":"2022-09-19T18:30:44","guid":{"rendered":"https:\/\/www.sonoraenequipo.com.mx\/?p=147382"},"modified":"2022-09-19T11:30:44","modified_gmt":"2022-09-19T18:30:44","slug":"movimiento-de-independencia-significo-romper-con-paradigmas-edgar-hiram-sallard","status":"publish","type":"post","link":"https:\/\/www.sonoraenequipo.com.mx\/movimiento-de-independencia-significo-romper-con-paradigmas-edgar-hiram-sallard\/","title":{"rendered":"Movimiento de Independencia signific\u00f3 romper con paradigmas: \u00c9dgar Hiram Sallard"},"content":{"rendered":"<p><strong>HERMOSILLO, SONORA,MX.<\/strong><strong>\u2500\u2500<\/strong> Al igual que el movimiento de Independencia como momento fundacional de la vida p\u00fablica de M\u00e9xico, la Cuarta Transformaci\u00f3n significa romper con paradigmas, con instituciones obsoletas, arcaicas y sistemas de dominaci\u00f3n opresivos, significando una ardua responsabilidad para quienes ejercen la funci\u00f3n p\u00fablica, asegur\u00f3 \u00c9dgar Hiram Sallard.<\/p>\n<p>&nbsp;<\/p>\n<p>&nbsp;<\/p>\n<p>&nbsp;<\/p>\n<p>En el marco de la ceremonia,ayer, de honores a la bandera, el coordinador general del Sistema Estatal de Comunicaci\u00f3n Social, en remembranza de los h\u00e9roes de la Independencia como Miguel Hidalgo y Costilla, Jos\u00e9 Mar\u00eda Morelos y Pav\u00f3n, y Vicente Guerrero, destac\u00f3 que las revoluciones y cambios sociales requieren de mujeres y hombres dispuestos a entregar su esfuerzo al objetivo superior del bienestar general.<\/p>\n<p>&nbsp;<\/p>\n<p>&nbsp;<\/p>\n<p>&nbsp;<\/p>\n<p>\u201cEl momento pol\u00edtico que vive nuestro pa\u00eds demanda de nosotros como servidoras y servidores p\u00fablicos una actitud institucional, de trabajo dedicado y, sobre todo, de honestidad y transparencia en el ejercicio de nuestras funciones. Ser servidores p\u00fablicos es ser empleados de los ciudadanos, nunca olvidemos este principio\u00bb, declar\u00f3.<\/p>\n<p>&nbsp;<\/p>\n<p>&nbsp;<\/p>\n<p>&nbsp;<\/p>\n<p>Acompa\u00f1ado por Karla Paulina Oca\u00f1a Encinas, directora de Telemax; y Tirso Amante, director de Radio Sonora, el titular del Sistema Estatal de Comunicaci\u00f3n Social destac\u00f3 que en la presente administraci\u00f3n estatal se rescatan los valores del movimiento independentista como la libertad, democracia, justicia e igualdad para todos en servicio de las y los sonorenses.<\/p>\n<p>&nbsp;<\/p>\n<p>&nbsp;<\/p>\n<p>&nbsp;<\/p>\n<p>\u201cDefendamos, pues, los principios de libertad, de democracia, de justicia, de igualdad para todos, en especial para quienes menos tienen, aquellos que, como dice acertadamente nuestro gobernador Alfonso Durazo Monta\u00f1o, y lo dice d\u00eda a d\u00eda -y es la vocaci\u00f3n de nuestro gobierno-, servirles a quienes menos tienen, que ya les toque a los que nunca les ha tocado nada\u201d, coment\u00f3.<\/p>\n<p><strong><u>Fecha de publicaci\u00f3n 19 de septiembre de 2022<\/u><\/strong><\/p>\n","protected":false},"excerpt":{"rendered":"<p>HERMOSILLO, SONORA,MX.\u2500\u2500 Al igual que el movimiento de Independencia como momento fundacional de la vida&#8230;<\/p>\n","protected":false},"author":1,"featured_media":147383,"comment_status":"open","ping_status":"open","sticky":false,"template":"","format":"standard","meta":{"_monsterinsights_skip_tracking":false,"_monsterinsights_sitenote_active":false,"_monsterinsights_sitenote_note":"","_monsterinsights_sitenote_category":0,"footnotes":""},"categories":[22],"tags":[5476,7455,7527],"class_list":["post"],"yoast_head":" \n<title>Sonora en Equipo. Movimiento de Independencia signific\u00f3 romper con paradigmas: \u00c9dgar Hiram Sallard Sonora<\/title>\n<meta name=\"description\" content=\"HERMOSILLO, SONORA,MX.\u2500\u2500 Al igual que el movimiento de Independencia como momento fundacional de la vida p\u00fablica de M\u00e9xico, la Cuarta Transformaci\u00f3n En Sonora en Equipo publicamos toda la informaci\u00f3n de Sonora, M\u00e9xico y el Mundo de manera oportuna y busca que la libertad de expresi\u00f3n sea real. Visita nuestro medio informativo publicado desde Hermosillo, Sonora. %\" \/>\n<meta name=\"robots\" content=\"index, follow, max-snippet:-1, max-image-preview:large, max-video-preview:-1\" \/>\n<link rel=\"canonical\" href=\"https:\/\/www.sonoraenequipo.com.mx\/movimiento-de-independencia-significo-romper-con-paradigmas-edgar-hiram-sallard\/\" \/>\n<meta property=\"og:locale\" content=\"es_ES\" \/>\n<meta property=\"og:type\" content=\"article\" \/>\n<meta property=\"og:title\" content=\"Sonora en Equipo. Movimiento de Independencia signific\u00f3 romper con paradigmas: \u00c9dgar Hiram Sallard Sonora\" \/>\n<meta property=\"og:description\" content=\"HERMOSILLO, SONORA,MX.\u2500\u2500 Al igual que el movimiento de Independencia como momento fundacional de la vida p\u00fablica de M\u00e9xico, la Cuarta Transformaci\u00f3n En Sonora en Equipo publicamos toda la informaci\u00f3n de Sonora, M\u00e9xico y el Mundo de manera oportuna y busca que la libertad de expresi\u00f3n sea real. Visita nuestro medio informativo publicado desde Hermosillo, Sonora. %\" \/>\n<meta property=\"og:url\" content=\"https:\/\/www.sonoraenequipo.com.mx\/movimiento-de-independencia-significo-romper-con-paradigmas-edgar-hiram-sallard\/\" \/>\n<meta property=\"og:site_name\" content=\"Sonora en Equipo.\" \/>\n<meta property=\"article:publisher\" content=\"https:\/\/www.facebook.com\/SonoraEE\/\" \/>\n<meta property=\"article:author\" content=\"https:\/\/www.facebook.com\/SonoraEE\" \/>\n<meta property=\"article:published_time\" content=\"2022-09-19T18:30:44+00:00\" \/>\n<meta property=\"og:image\" content=\"https:\/\/www.sonoraenequipo.com.mx\/storage\/2022\/09\/sallard.jpg\" \/>\n\t<meta property=\"og:image:width\" content=\"900\" \/>\n\t<meta property=\"og:image:height\" content=\"600\" \/>\n\t<meta property=\"og:image:type\" content=\"image\/jpeg\" \/>\n<meta name=\"author\" content=\"enequipo\" \/>\n<meta name=\"twitter:card\" content=\"summary_large_image\" \/>\n<meta name=\"twitter:creator\" content=\"@sonoraenequipo\" \/>\n<meta name=\"twitter:site\" content=\"@sonoraenequipo\" \/>\n<meta name=\"twitter:label1\" content=\"Escrito por\" \/>\n\t<meta name=\"twitter:data1\" content=\"enequipo\" \/>\n\t<meta name=\"twitter:label2\" content=\"Tiempo de lectura\" \/>\n\t<meta name=\"twitter:data2\" content=\"2 minutos\" \/>\n<script type=\"application\/ld+json\" class=\"yoast-schema-graph\">{\"@context\":\"https:\/\/schema.org\",\"@graph\":[{\"@type\":\"Article\",\"@id\":\"https:\/\/www.sonoraenequipo.com.mx\/movimiento-de-independencia-significo-romper-con-paradigmas-edgar-hiram-sallard\/#article\",\"isPartOf\":{\"@id\":\"https:\/\/www.sonoraenequipo.com.mx\/movimiento-de-independencia-significo-romper-con-paradigmas-edgar-hiram-sallard\/\"},\"author\":{\"name\":\"enequipo\",\"@id\":\"https:\/\/www.sonoraenequipo.com.mx\/#\/schema\/person\/50102df0fb23a8fa9e8effad8fa81386\"},\"headline\":\"Movimiento de Independencia signific\u00f3 romper con paradigmas: \u00c9dgar Hiram Sallard\",\"datePublished\":\"2022-09-19T18:30:44+00:00\",\"mainEntityOfPage\":{\"@id\":\"https:\/\/www.sonoraenequipo.com.mx\/movimiento-de-independencia-significo-romper-con-paradigmas-edgar-hiram-sallard\/\"},\"wordCount\":328,\"commentCount\":0,\"publisher\":{\"@id\":\"https:\/\/www.sonoraenequipo.com.mx\/#organization\"},\"image\":{\"@id\":\"https:\/\/www.sonoraenequipo.com.mx\/movimiento-de-independencia-significo-romper-con-paradigmas-edgar-hiram-sallard\/#primaryimage\"},\"thumbnailUrl\":\"https:\/\/www.sonoraenequipo.com.mx\/storage\/2022\/09\/sallard.jpg\",\"keywords\":[\"bandera\",\"honores\",\"septiembre\"],\"articleSection\":[\"Sonora\"],\"inLanguage\":\"es\",\"potentialAction\":[{\"@type\":\"CommentAction\",\"name\":\"Comment\",\"target\":[\"https:\/\/www.sonoraenequipo.com.mx\/movimiento-de-independencia-significo-romper-con-paradigmas-edgar-hiram-sallard\/#respond\"]}]},{\"@type\":\"WebPage\",\"@id\":\"https:\/\/www.sonoraenequipo.com.mx\/movimiento-de-independencia-significo-romper-con-paradigmas-edgar-hiram-sallard\/\",\"url\":\"https:\/\/www.sonoraenequipo.com.mx\/movimiento-de-independencia-significo-romper-con-paradigmas-edgar-hiram-sallard\/\",\"name\":\"Sonora en Equipo. Movimiento de Independencia signific\u00f3 romper con paradigmas: \u00c9dgar Hiram Sallard Sonora\",\"isPartOf\":{\"@id\":\"https:\/\/www.sonoraenequipo.com.mx\/#website\"},\"primaryImageOfPage\":{\"@id\":\"https:\/\/www.sonoraenequipo.com.mx\/movimiento-de-independencia-significo-romper-con-paradigmas-edgar-hiram-sallard\/#primaryimage\"},\"image\":{\"@id\":\"https:\/\/www.sonoraenequipo.com.mx\/movimiento-de-independencia-significo-romper-con-paradigmas-edgar-hiram-sallard\/#primaryimage\"},\"thumbnailUrl\":\"https:\/\/www.sonoraenequipo.com.mx\/storage\/2022\/09\/sallard.jpg\",\"datePublished\":\"2022-09-19T18:30:44+00:00\",\"description\":\"HERMOSILLO, SONORA,MX.\u2500\u2500 Al igual que el movimiento de Independencia como momento fundacional de la vida p\u00fablica de M\u00e9xico, la Cuarta Transformaci\u00f3n En Sonora en Equipo publicamos toda la informaci\u00f3n de Sonora, M\u00e9xico y el Mundo de manera oportuna y busca que la libertad de expresi\u00f3n sea real. Visita nuestro medio informativo publicado desde Hermosillo, Sonora. %\",\"breadcrumb\":{\"@id\":\"https:\/\/www.sonoraenequipo.com.mx\/movimiento-de-independencia-significo-romper-con-paradigmas-edgar-hiram-sallard\/#breadcrumb\"},\"inLanguage\":\"es\",\"potentialAction\":[{\"@type\":\"ReadAction\",\"target\":[\"https:\/\/www.sonoraenequipo.com.mx\/movimiento-de-independencia-significo-romper-con-paradigmas-edgar-hiram-sallard\/\"]}]},{\"@type\":\"ImageObject\",\"inLanguage\":\"es\",\"@id\":\"https:\/\/www.sonoraenequipo.com.mx\/movimiento-de-independencia-significo-romper-con-paradigmas-edgar-hiram-sallard\/#primaryimage\",\"url\":\"https:\/\/www.sonoraenequipo.com.mx\/storage\/2022\/09\/sallard.jpg\",\"contentUrl\":\"https:\/\/www.sonoraenequipo.com.mx\/storage\/2022\/09\/sallard.jpg\",\"width\":900,\"height\":600},{\"@type\":\"BreadcrumbList\",\"@id\":\"https:\/\/www.sonoraenequipo.com.mx\/movimiento-de-independencia-significo-romper-con-paradigmas-edgar-hiram-sallard\/#breadcrumb\",\"itemListElement\":[{\"@type\":\"ListItem\",\"position\":1,\"name\":\"Portada\",\"item\":\"https:\/\/www.sonoraenequipo.com.mx\/\"},{\"@type\":\"ListItem\",\"position\":2,\"name\":\"Movimiento de Independencia signific\u00f3 romper con paradigmas: \u00c9dgar Hiram Sallard\"}]},{\"@type\":\"WebSite\",\"@id\":\"https:\/\/www.sonoraenequipo.com.mx\/#website\",\"url\":\"https:\/\/www.sonoraenequipo.com.mx\/\",\"name\":\"Sonora en Equipo.\",\"description\":\"Diario en l\u00ednea con Noticias desde Hermosillo, Sonora\",\"publisher\":{\"@id\":\"https:\/\/www.sonoraenequipo.com.mx\/#organization\"},\"potentialAction\":[{\"@type\":\"SearchAction\",\"target\":{\"@type\":\"EntryPoint\",\"urlTemplate\":\"https:\/\/www.sonoraenequipo.com.mx\/?s={search_term_string}\"},\"query-input\":{\"@type\":\"PropertyValueSpecification\",\"valueRequired\":true,\"valueName\":\"search_term_string\"}}],\"inLanguage\":\"es\"},{\"@type\":\"Organization\",\"@id\":\"https:\/\/www.sonoraenequipo.com.mx\/#organization\",\"name\":\"Sonoraenequipo.com.mx\",\"url\":\"https:\/\/www.sonoraenequipo.com.mx\/\",\"logo\":{\"@type\":\"ImageObject\",\"inLanguage\":\"es\",\"@id\":\"https:\/\/www.sonoraenequipo.com.mx\/#\/schema\/logo\/image\/\",\"url\":\"https:\/\/www.sonoraenequipo.com.mx\/storage\/2019\/01\/sonoraenequipo_opt.png\",\"contentUrl\":\"https:\/\/www.sonoraenequipo.com.mx\/storage\/2019\/01\/sonoraenequipo_opt.png\",\"width\":375,\"height\":125,\"caption\":\"Sonoraenequipo.com.mx\"},\"image\":{\"@id\":\"https:\/\/www.sonoraenequipo.com.mx\/#\/schema\/logo\/image\/\"},\"sameAs\":[\"https:\/\/www.facebook.com\/SonoraEE\/\",\"https:\/\/x.com\/sonoraenequipo\",\"https:\/\/www.youtube.com\/channel\/UC338nW-lPEYmJQs4ZABQ1SQ\"]},{\"@type\":\"Person\",\"@id\":\"https:\/\/www.sonoraenequipo.com.mx\/#\/schema\/person\/50102df0fb23a8fa9e8effad8fa81386\",\"name\":\"enequipo\",\"image\":{\"@type\":\"ImageObject\",\"inLanguage\":\"es\",\"@id\":\"https:\/\/www.sonoraenequipo.com.mx\/#\/schema\/person\/image\/\",\"url\":\"https:\/\/secure.gravatar.com\/avatar\/049821681b589dabc0bc20695993ccebb09f5b5d4d790cd9251b97faac7c652b?s=96&d=blank&r=g\",\"contentUrl\":\"https:\/\/secure.gravatar.com\/avatar\/049821681b589dabc0bc20695993ccebb09f5b5d4d790cd9251b97faac7c652b?s=96&d=blank&r=g\",\"caption\":\"enequipo\"},\"sameAs\":[\"https:\/\/www.facebook.com\/SonoraEE\"]}]}<\/script>\n ","yoast_head_json":{"title":"Sonora en Equipo. Movimiento de Independencia signific\u00f3 romper con paradigmas: \u00c9dgar Hiram Sallard Sonora","description":"HERMOSILLO, SONORA,MX.\u2500\u2500 Al igual que el movimiento de Independencia como momento fundacional de la vida p\u00fablica de M\u00e9xico, la Cuarta Transformaci\u00f3n En Sonora en Equipo publicamos toda la informaci\u00f3n de Sonora, M\u00e9xico y el Mundo de manera oportuna y busca que la libertad de expresi\u00f3n sea real. Visita nuestro medio informativo publicado desde Hermosillo, Sonora. %","robots":{"index":"index","follow":"follow","max-snippet":"max-snippet:-1","max-image-preview":"max-image-preview:large","max-video-preview":"max-video-preview:-1"},"canonical":"https:\/\/www.sonoraenequipo.com.mx\/movimiento-de-independencia-significo-romper-con-paradigmas-edgar-hiram-sallard\/","og_locale":"es_ES","og_type":"article","og_title":"Sonora en Equipo. Movimiento de Independencia signific\u00f3 romper con paradigmas: \u00c9dgar Hiram Sallard Sonora","og_description":"HERMOSILLO, SONORA,MX.\u2500\u2500 Al igual que el movimiento de Independencia como momento fundacional de la vida p\u00fablica de M\u00e9xico, la Cuarta Transformaci\u00f3n En Sonora en Equipo publicamos toda la informaci\u00f3n de Sonora, M\u00e9xico y el Mundo de manera oportuna y busca que la libertad de expresi\u00f3n sea real. Visita nuestro medio informativo publicado desde Hermosillo, Sonora. %","og_url":"https:\/\/www.sonoraenequipo.com.mx\/movimiento-de-independencia-significo-romper-con-paradigmas-edgar-hiram-sallard\/","og_site_name":"Sonora en Equipo.","article_publisher":"https:\/\/www.facebook.com\/SonoraEE\/","article_author":"https:\/\/www.facebook.com\/SonoraEE","article_published_time":"2022-09-19T18:30:44+00:00","og_image":[{"width":900,"height":600,"url":"https:\/\/www.sonoraenequipo.com.mx\/storage\/2022\/09\/sallard.jpg","type":"image\/jpeg"}],"author":"enequipo","twitter_card":"summary_large_image","twitter_creator":"@sonoraenequipo","twitter_site":"@sonoraenequipo","twitter_misc":{"Escrito por":"enequipo","Tiempo de lectura":"2 minutos"},"schema":{"@context":"https:\/\/schema.org","@graph":[{"@type":"Article","@id":"https:\/\/www.sonoraenequipo.com.mx\/movimiento-de-independencia-significo-romper-con-paradigmas-edgar-hiram-sallard\/#article","isPartOf":{"@id":"https:\/\/www.sonoraenequipo.com.mx\/movimiento-de-independencia-significo-romper-con-paradigmas-edgar-hiram-sallard\/"},"author":{"name":"enequipo","@id":"https:\/\/www.sonoraenequipo.com.mx\/#\/schema\/person\/50102df0fb23a8fa9e8effad8fa81386"},"headline":"Movimiento de Independencia signific\u00f3 romper con paradigmas: \u00c9dgar Hiram Sallard","datePublished":"2022-09-19T18:30:44+00:00","mainEntityOfPage":{"@id":"https:\/\/www.sonoraenequipo.com.mx\/movimiento-de-independencia-significo-romper-con-paradigmas-edgar-hiram-sallard\/"},"wordCount":328,"commentCount":0,"publisher":{"@id":"https:\/\/www.sonoraenequipo.com.mx\/#organization"},"image":{"@id":"https:\/\/www.sonoraenequipo.com.mx\/movimiento-de-independencia-significo-romper-con-paradigmas-edgar-hiram-sallard\/#primaryimage"},"thumbnailUrl":"https:\/\/www.sonoraenequipo.com.mx\/storage\/2022\/09\/sallard.jpg","keywords":["bandera","honores","septiembre"],"articleSection":["Sonora"],"inLanguage":"es","potentialAction":[{"@type":"CommentAction","name":"Comment","target":["https:\/\/www.sonoraenequipo.com.mx\/movimiento-de-independencia-significo-romper-con-paradigmas-edgar-hiram-sallard\/#respond"]}]},{"@type":"WebPage","@id":"https:\/\/www.sonoraenequipo.com.mx\/movimiento-de-independencia-significo-romper-con-paradigmas-edgar-hiram-sallard\/","url":"https:\/\/www.sonoraenequipo.com.mx\/movimiento-de-independencia-significo-romper-con-paradigmas-edgar-hiram-sallard\/","name":"Sonora en Equipo. Movimiento de Independencia signific\u00f3 romper con paradigmas: \u00c9dgar Hiram Sallard Sonora","isPartOf":{"@id":"https:\/\/www.sonoraenequipo.com.mx\/#website"},"primaryImageOfPage":{"@id":"https:\/\/www.sonoraenequipo.com.mx\/movimiento-de-independencia-significo-romper-con-paradigmas-edgar-hiram-sallard\/#primaryimage"},"image":{"@id":"https:\/\/www.sonoraenequipo.com.mx\/movimiento-de-independencia-significo-romper-con-paradigmas-edgar-hiram-sallard\/#primaryimage"},"thumbnailUrl":"https:\/\/www.sonoraenequipo.com.mx\/storage\/2022\/09\/sallard.jpg","datePublished":"2022-09-19T18:30:44+00:00","description":"HERMOSILLO, SONORA,MX.\u2500\u2500 Al igual que el movimiento de Independencia como momento fundacional de la vida p\u00fablica de M\u00e9xico, la Cuarta Transformaci\u00f3n En Sonora en Equipo publicamos toda la informaci\u00f3n de Sonora, M\u00e9xico y el Mundo de manera oportuna y busca que la libertad de expresi\u00f3n sea real. Visita nuestro medio informativo publicado desde Hermosillo, Sonora. %","breadcrumb":{"@id":"https:\/\/www.sonoraenequipo.com.mx\/movimiento-de-independencia-significo-romper-con-paradigmas-edgar-hiram-sallard\/#breadcrumb"},"inLanguage":"es","potentialAction":[{"@type":"ReadAction","target":["https:\/\/www.sonoraenequipo.com.mx\/movimiento-de-independencia-significo-romper-con-paradigmas-edgar-hiram-sallard\/"]}]},{"@type":"ImageObject","inLanguage":"es","@id":"https:\/\/www.sonoraenequipo.com.mx\/movimiento-de-independencia-significo-romper-con-paradigmas-edgar-hiram-sallard\/#primaryimage","url":"https:\/\/www.sonoraenequipo.com.mx\/storage\/2022\/09\/sallard.jpg","contentUrl":"https:\/\/www.sonoraenequipo.com.mx\/storage\/2022\/09\/sallard.jpg","width":900,"height":600},{"@type":"BreadcrumbList","@id":"https:\/\/www.sonoraenequipo.com.mx\/movimiento-de-independencia-significo-romper-con-paradigmas-edgar-hiram-sallard\/#breadcrumb","itemListElement":[{"@type":"ListItem","position":1,"name":"Portada","item":"https:\/\/www.sonoraenequipo.com.mx\/"},{"@type":"ListItem","position":2,"name":"Movimiento de Independencia signific\u00f3 romper con paradigmas: \u00c9dgar Hiram Sallard"}]},{"@type":"WebSite","@id":"https:\/\/www.sonoraenequipo.com.mx\/#website","url":"https:\/\/www.sonoraenequipo.com.mx\/","name":"Sonora en Equipo.","description":"Diario en l\u00ednea con Noticias desde Hermosillo, Sonora","publisher":{"@id":"https:\/\/www.sonoraenequipo.com.mx\/#organization"},"potentialAction":[{"@type":"SearchAction","target":{"@type":"EntryPoint","urlTemplate":"https:\/\/www.sonoraenequipo.com.mx\/?s={search_term_string}"},"query-input":{"@type":"PropertyValueSpecification","valueRequired":true,"valueName":"search_term_string"}}],"inLanguage":"es"},{"@type":"Organization","@id":"https:\/\/www.sonoraenequipo.com.mx\/#organization","name":"Sonoraenequipo.com.mx","url":"https:\/\/www.sonoraenequipo.com.mx\/","logo":{"@type":"ImageObject","inLanguage":"es","@id":"https:\/\/www.sonoraenequipo.com.mx\/#\/schema\/logo\/image\/","url":"https:\/\/www.sonoraenequipo.com.mx\/storage\/2019\/01\/sonoraenequipo_opt.png","contentUrl":"https:\/\/www.sonoraenequipo.com.mx\/storage\/2019\/01\/sonoraenequipo_opt.png","width":375,"height":125,"caption":"Sonoraenequipo.com.mx"},"image":{"@id":"https:\/\/www.sonoraenequipo.com.mx\/#\/schema\/logo\/image\/"},"sameAs":["https:\/\/www.facebook.com\/SonoraEE\/","https:\/\/x.com\/sonoraenequipo","https:\/\/www.youtube.com\/channel\/UC338nW-lPEYmJQs4ZABQ1SQ"]},{"@type":"Person","@id":"https:\/\/www.sonoraenequipo.com.mx\/#\/schema\/person\/50102df0fb23a8fa9e8effad8fa81386","name":"enequipo","image":{"@type":"ImageObject","inLanguage":"es","@id":"https:\/\/www.sonoraenequipo.com.mx\/#\/schema\/person\/image\/","url":"https:\/\/secure.gravatar.com\/avatar\/049821681b589dabc0bc20695993ccebb09f5b5d4d790cd9251b97faac7c652b?s=96&d=blank&r=g","contentUrl":"https:\/\/secure.gravatar.com\/avatar\/049821681b589dabc0bc20695993ccebb09f5b5d4d790cd9251b97faac7c652b?s=96&d=blank&r=g","caption":"enequipo"},"sameAs":["https:\/\/www.facebook.com\/SonoraEE"]}]}},"jetpack_featured_media_url":"https:\/\/www.sonoraenequipo.com.mx\/storage\/2022\/09\/sallard.jpg","_links":{"self":[{"href":"https:\/\/www.sonoraenequipo.com.mx\/api\/wp\/v2\/posts\/147382","targetHints":{"allow":["GET"]}}],"collection":[{"href":"https:\/\/www.sonoraenequipo.com.mx\/api\/wp\/v2\/posts"}],"about":[{"href":"https:\/\/www.sonoraenequipo.com.mx\/api\/wp\/v2\/types\/post"}],"author":[{"embeddable":true,"href":"https:\/\/www.sonoraenequipo.com.mx\/api\/wp\/v2\/users\/1"}],"replies":[{"embeddable":true,"href":"https:\/\/www.sonoraenequipo.com.mx\/api\/wp\/v2\/comments?post=147382"}],"version-history":[{"count":1,"href":"https:\/\/www.sonoraenequipo.com.mx\/api\/wp\/v2\/posts\/147382\/revisions"}],"predecessor-version":[{"id":147384,"href":"https:\/\/www.sonoraenequipo.com.mx\/api\/wp\/v2\/posts\/147382\/revisions\/147384"}],"wp:featuredmedia":[{"embeddable":true,"href":"https:\/\/www.sonoraenequipo.com.mx\/api\/wp\/v2\/media\/147383"}],"wp:attachment":[{"href":"https:\/\/www.sonoraenequipo.com.mx\/api\/wp\/v2\/media?parent=147382"}],"wp:term":[{"taxonomy":"category","embeddable":true,"href":"https:\/\/www.sonoraenequipo.com.mx\/api\/wp\/v2\/categories?post=147382"},{"taxonomy":"post_tag","embeddable":true,"href":"https:\/\/www.sonoraenequipo.com.mx\/api\/wp\/v2\/tags?post=147382"}],"curies":[{"name":"wp","href":"https:\/\/api.w.org\/{rel}","templated":true}]}}