{"id":147450,"date":"2022-09-20T19:36:58","date_gmt":"2022-09-21T02:36:58","guid":{"rendered":"https:\/\/www.sonoraenequipo.com.mx\/?p=147450"},"modified":"2022-09-20T20:00:10","modified_gmt":"2022-09-21T03:00:10","slug":"sigue-la-crisis-en-el-pri-sonora-onesimo-aguilera-renuncia-a-la-presidencia","status":"publish","type":"post","link":"https:\/\/www.sonoraenequipo.com.mx\/sigue-la-crisis-en-el-pri-sonora-onesimo-aguilera-renuncia-a-la-presidencia\/","title":{"rendered":"Sigue la crisis en el PRI Sonora; On\u00e9simo Aguilera renuncia a la presidencia"},"content":{"rendered":"<p><strong>HERMOSILLO, SONORA,MX.<\/strong><strong>\u2500\u2500<\/strong> Para lograr la unidad que requieren los priistas, luego de un amplio y objetivo an\u00e1lisis, On\u00e9simo Aguilera Burrola present\u00f3 su renuncia al cargo como Presidente del Comit\u00e9 Directivo Estatal de PRI en Sonora.<\/p>\n<p>&nbsp;<\/p>\n<p>Mediante un documento dirigido al Presidente del Comit\u00e9 Ejecutivo Nacional, Alejandro Moreno C\u00e1rdenas y a militantes, Aguilera Burrola inform\u00f3 de su decisi\u00f3n, convocando a la vez, para que todas las expresiones que han sometido al partido a la disputa, sumen su voluntad para mantener un instituto pol\u00edtico unido y con rumbo.<\/p>\n<p>&nbsp;<\/p>\n<p>\u201cYo ofrezco mi palabra y presento mi renuncia, no como debilidad sino como fortaleza para el partido que a m\u00ed como a muchos nos ha dado todo, Sonora requiere de su militancia unida, no en disputa\u201d, manifiesta en su documento y pidi\u00f3 actuar en congruencia a todos.<\/p>\n<p>&nbsp;<\/p>\n<p>Record\u00f3 que atendiendo los requisitos de la convocatoria logr\u00f3 su registro, y la Comisi\u00f3n Nacional de Procesos Internos, en apego a los estatutos del partido lo reconoci\u00f3 como Presidente y a su compa\u00f1era Iris S\u00e1nchez Chiu, como Secretaria General. Asever\u00f3 que hubo quienes no conformes con los dict\u00e1menes de la autoridad partidista no estuvieron de acuerdo con el proceso y demandaron lo que cre\u00edan sus derechos. Finalmente, la m\u00e1xima autoridad, que es el \u00e1rbitro en estos conflictos, le dio la raz\u00f3n, noticia que recibi\u00f3 con seriedad y con firmeza.<\/p>\n<p>&nbsp;<\/p>\n<p>\u201cS\u00e9 que el PRI Sonora vive momentos complejos por pugnas internas y por mi formaci\u00f3n y convicciones, s\u00e9 que es la hora de la lealtad absoluta al partido. El desaf\u00edo que enfrento es lograr la unidad, consolidar y ampliar la vida partidista, y el recurso que hoy tenemos que enfrentar es el del tiempo, necesitamos un partido fuerte, capaz de recuperar espacios pol\u00edticos en el 2024. Mi decisi\u00f3n de renunciar al cargo de Presidente de PRI en Sonora, es impulsada por mi amor y lealtad al PRI\u201d, puntualiz\u00f3 On\u00e9simo Aguilera.<\/p>\n<p>&nbsp;<\/p>\n<p>Por su parte, Iris S\u00e1nchez Chiu, solicit\u00f3 licencia temporal, por lo que resta de esta semana, al cargo que desempe\u00f1a como Secretaria General de PRI en Sonora, por motivos personales.<\/p>\n<p><strong>Toman protesta a Rogelio D\u00edaz Brown como secretario de organizaci\u00f3n de PRI Sonora<\/strong><\/p>\n<p>Como Secretario de Organizaci\u00f3n de PRI en Sonora tomaron protesta a Rogelio D\u00edaz Brown Ramsburgh, la formalidad de la toma de posesi\u00f3n estuvo a cargo del \u00a0hoy expresidente del Comit\u00e9 Directivo Estatal, On\u00e9simo Aguilera Burrola.<\/p>\n<p>&nbsp;<\/p>\n<p>Tambi\u00e9n presente en el acto protocolario estuvo el Delegado del CEN del PRI en Sonora, Ramiro Hern\u00e1ndez Garc\u00eda, quien expres\u00f3 su benepl\u00e1cito de que D\u00edaz Brown se sume a los esfuerzos de la ruta de acci\u00f3n del partido.<\/p>\n<p>&nbsp;<\/p>\n<p>Por su parte On\u00e9simo Aguilera Burrola dio la bienvenida al nuevo funcionario del tricolor, y reconoci\u00f3 el compromiso que Rogelio D\u00edaz Brown ha mostrado en todo momento con los militantes y por el bien del partido.<\/p>\n<p>&nbsp;<\/p>\n<p>El Ingeniero Rogelio D\u00edaz Brown ingres\u00f3 a las filas del Partido Revolucionario Institucional en el a\u00f1o 2000, fue Presidente Municipal de Cajeme en el periodo 2012-2015, Diputado Federal de la LXI legislatura, Secretario de Desarrollo Social del Gobierno del Estado de Sonora 2015-2018 y ha sido Diputado Local en dos ocasiones.<\/p>\n<p><strong><u>Fecha de publicaci\u00f3n 20 de septiembre de 2022 Fuente bolet\u00edn <\/u><\/strong><\/p>\n","protected":false},"excerpt":{"rendered":"<p>HERMOSILLO, SONORA,MX.\u2500\u2500 Para lograr la unidad que requieren los priistas, luego de un amplio y&#8230;<\/p>\n","protected":false},"author":1,"featured_media":144426,"comment_status":"open","ping_status":"open","sticky":false,"template":"","format":"standard","meta":{"_monsterinsights_skip_tracking":false,"_monsterinsights_sitenote_active":false,"_monsterinsights_sitenote_note":"","_monsterinsights_sitenote_category":0,"footnotes":""},"categories":[22],"tags":[105,15],"class_list":["post"],"yoast_head":" \n<title>Sonora en Equipo. Sigue la crisis en el PRI Sonora; On\u00e9simo Aguilera renuncia a la presidencia Sonora<\/title>\n<meta name=\"description\" content=\"HERMOSILLO, SONORA,MX.\u2500\u2500 Para lograr la unidad que requieren los priistas, luego de un amplio y objetivo an\u00e1lisis, On\u00e9simo Aguilera Burrola present\u00f3 su En Sonora en Equipo publicamos toda la informaci\u00f3n de Sonora, M\u00e9xico y el Mundo de manera oportuna y busca que la libertad de expresi\u00f3n sea real. Visita nuestro medio informativo publicado desde Hermosillo, Sonora. %\" \/>\n<meta name=\"robots\" content=\"index, follow, max-snippet:-1, max-image-preview:large, max-video-preview:-1\" \/>\n<link rel=\"canonical\" href=\"https:\/\/www.sonoraenequipo.com.mx\/sigue-la-crisis-en-el-pri-sonora-onesimo-aguilera-renuncia-a-la-presidencia\/\" \/>\n<meta property=\"og:locale\" content=\"es_ES\" \/>\n<meta property=\"og:type\" content=\"article\" \/>\n<meta property=\"og:title\" content=\"Sonora en Equipo. Sigue la crisis en el PRI Sonora; On\u00e9simo Aguilera renuncia a la presidencia Sonora\" \/>\n<meta property=\"og:description\" content=\"HERMOSILLO, SONORA,MX.\u2500\u2500 Para lograr la unidad que requieren los priistas, luego de un amplio y objetivo an\u00e1lisis, On\u00e9simo Aguilera Burrola present\u00f3 su En Sonora en Equipo publicamos toda la informaci\u00f3n de Sonora, M\u00e9xico y el Mundo de manera oportuna y busca que la libertad de expresi\u00f3n sea real. Visita nuestro medio informativo publicado desde Hermosillo, Sonora. %\" \/>\n<meta property=\"og:url\" content=\"https:\/\/www.sonoraenequipo.com.mx\/sigue-la-crisis-en-el-pri-sonora-onesimo-aguilera-renuncia-a-la-presidencia\/\" \/>\n<meta property=\"og:site_name\" content=\"Sonora en Equipo.\" \/>\n<meta property=\"article:publisher\" content=\"https:\/\/www.facebook.com\/SonoraEE\/\" \/>\n<meta property=\"article:author\" content=\"https:\/\/www.facebook.com\/SonoraEE\" \/>\n<meta property=\"article:published_time\" content=\"2022-09-21T02:36:58+00:00\" \/>\n<meta property=\"article:modified_time\" content=\"2022-09-21T03:00:10+00:00\" \/>\n<meta property=\"og:image\" content=\"https:\/\/www.sonoraenequipo.com.mx\/storage\/2022\/08\/onesimo-iris.jpg\" \/>\n\t<meta property=\"og:image:width\" content=\"768\" \/>\n\t<meta property=\"og:image:height\" content=\"479\" \/>\n\t<meta property=\"og:image:type\" content=\"image\/jpeg\" \/>\n<meta name=\"author\" content=\"enequipo\" \/>\n<meta name=\"twitter:card\" content=\"summary_large_image\" \/>\n<meta name=\"twitter:creator\" content=\"@sonoraenequipo\" \/>\n<meta name=\"twitter:site\" content=\"@sonoraenequipo\" \/>\n<meta name=\"twitter:label1\" content=\"Escrito por\" \/>\n\t<meta name=\"twitter:data1\" content=\"enequipo\" \/>\n\t<meta name=\"twitter:label2\" content=\"Tiempo de lectura\" \/>\n\t<meta name=\"twitter:data2\" content=\"3 minutos\" \/>\n<script type=\"application\/ld+json\" class=\"yoast-schema-graph\">{\"@context\":\"https:\/\/schema.org\",\"@graph\":[{\"@type\":\"Article\",\"@id\":\"https:\/\/www.sonoraenequipo.com.mx\/sigue-la-crisis-en-el-pri-sonora-onesimo-aguilera-renuncia-a-la-presidencia\/#article\",\"isPartOf\":{\"@id\":\"https:\/\/www.sonoraenequipo.com.mx\/sigue-la-crisis-en-el-pri-sonora-onesimo-aguilera-renuncia-a-la-presidencia\/\"},\"author\":{\"name\":\"enequipo\",\"@id\":\"https:\/\/www.sonoraenequipo.com.mx\/#\/schema\/person\/50102df0fb23a8fa9e8effad8fa81386\"},\"headline\":\"Sigue la crisis en el PRI Sonora; On\u00e9simo Aguilera renuncia a la presidencia\",\"datePublished\":\"2022-09-21T02:36:58+00:00\",\"dateModified\":\"2022-09-21T03:00:10+00:00\",\"mainEntityOfPage\":{\"@id\":\"https:\/\/www.sonoraenequipo.com.mx\/sigue-la-crisis-en-el-pri-sonora-onesimo-aguilera-renuncia-a-la-presidencia\/\"},\"wordCount\":581,\"commentCount\":0,\"publisher\":{\"@id\":\"https:\/\/www.sonoraenequipo.com.mx\/#organization\"},\"image\":{\"@id\":\"https:\/\/www.sonoraenequipo.com.mx\/sigue-la-crisis-en-el-pri-sonora-onesimo-aguilera-renuncia-a-la-presidencia\/#primaryimage\"},\"thumbnailUrl\":\"https:\/\/www.sonoraenequipo.com.mx\/storage\/2022\/08\/onesimo-iris.jpg\",\"keywords\":[\"pri\",\"Sonora\"],\"articleSection\":[\"Sonora\"],\"inLanguage\":\"es\",\"potentialAction\":[{\"@type\":\"CommentAction\",\"name\":\"Comment\",\"target\":[\"https:\/\/www.sonoraenequipo.com.mx\/sigue-la-crisis-en-el-pri-sonora-onesimo-aguilera-renuncia-a-la-presidencia\/#respond\"]}]},{\"@type\":\"WebPage\",\"@id\":\"https:\/\/www.sonoraenequipo.com.mx\/sigue-la-crisis-en-el-pri-sonora-onesimo-aguilera-renuncia-a-la-presidencia\/\",\"url\":\"https:\/\/www.sonoraenequipo.com.mx\/sigue-la-crisis-en-el-pri-sonora-onesimo-aguilera-renuncia-a-la-presidencia\/\",\"name\":\"Sonora en Equipo. Sigue la crisis en el PRI Sonora; On\u00e9simo Aguilera renuncia a la presidencia Sonora\",\"isPartOf\":{\"@id\":\"https:\/\/www.sonoraenequipo.com.mx\/#website\"},\"primaryImageOfPage\":{\"@id\":\"https:\/\/www.sonoraenequipo.com.mx\/sigue-la-crisis-en-el-pri-sonora-onesimo-aguilera-renuncia-a-la-presidencia\/#primaryimage\"},\"image\":{\"@id\":\"https:\/\/www.sonoraenequipo.com.mx\/sigue-la-crisis-en-el-pri-sonora-onesimo-aguilera-renuncia-a-la-presidencia\/#primaryimage\"},\"thumbnailUrl\":\"https:\/\/www.sonoraenequipo.com.mx\/storage\/2022\/08\/onesimo-iris.jpg\",\"datePublished\":\"2022-09-21T02:36:58+00:00\",\"dateModified\":\"2022-09-21T03:00:10+00:00\",\"description\":\"HERMOSILLO, SONORA,MX.\u2500\u2500 Para lograr la unidad que requieren los priistas, luego de un amplio y objetivo an\u00e1lisis, On\u00e9simo Aguilera Burrola present\u00f3 su En Sonora en Equipo publicamos toda la informaci\u00f3n de Sonora, M\u00e9xico y el Mundo de manera oportuna y busca que la libertad de expresi\u00f3n sea real. Visita nuestro medio informativo publicado desde Hermosillo, Sonora. %\",\"breadcrumb\":{\"@id\":\"https:\/\/www.sonoraenequipo.com.mx\/sigue-la-crisis-en-el-pri-sonora-onesimo-aguilera-renuncia-a-la-presidencia\/#breadcrumb\"},\"inLanguage\":\"es\",\"potentialAction\":[{\"@type\":\"ReadAction\",\"target\":[\"https:\/\/www.sonoraenequipo.com.mx\/sigue-la-crisis-en-el-pri-sonora-onesimo-aguilera-renuncia-a-la-presidencia\/\"]}]},{\"@type\":\"ImageObject\",\"inLanguage\":\"es\",\"@id\":\"https:\/\/www.sonoraenequipo.com.mx\/sigue-la-crisis-en-el-pri-sonora-onesimo-aguilera-renuncia-a-la-presidencia\/#primaryimage\",\"url\":\"https:\/\/www.sonoraenequipo.com.mx\/storage\/2022\/08\/onesimo-iris.jpg\",\"contentUrl\":\"https:\/\/www.sonoraenequipo.com.mx\/storage\/2022\/08\/onesimo-iris.jpg\",\"width\":768,\"height\":479,\"caption\":\"los reci\u00e9n nombrados dirigentes dejaron sus cargos luego de una convulsionada elecci\u00f3n\"},{\"@type\":\"BreadcrumbList\",\"@id\":\"https:\/\/www.sonoraenequipo.com.mx\/sigue-la-crisis-en-el-pri-sonora-onesimo-aguilera-renuncia-a-la-presidencia\/#breadcrumb\",\"itemListElement\":[{\"@type\":\"ListItem\",\"position\":1,\"name\":\"Portada\",\"item\":\"https:\/\/www.sonoraenequipo.com.mx\/\"},{\"@type\":\"ListItem\",\"position\":2,\"name\":\"Sigue la crisis en el PRI Sonora; On\u00e9simo Aguilera renuncia a la presidencia\"}]},{\"@type\":\"WebSite\",\"@id\":\"https:\/\/www.sonoraenequipo.com.mx\/#website\",\"url\":\"https:\/\/www.sonoraenequipo.com.mx\/\",\"name\":\"Sonora en Equipo.\",\"description\":\"Diario en l\u00ednea con Noticias desde Hermosillo, Sonora\",\"publisher\":{\"@id\":\"https:\/\/www.sonoraenequipo.com.mx\/#organization\"},\"potentialAction\":[{\"@type\":\"SearchAction\",\"target\":{\"@type\":\"EntryPoint\",\"urlTemplate\":\"https:\/\/www.sonoraenequipo.com.mx\/?s={search_term_string}\"},\"query-input\":{\"@type\":\"PropertyValueSpecification\",\"valueRequired\":true,\"valueName\":\"search_term_string\"}}],\"inLanguage\":\"es\"},{\"@type\":\"Organization\",\"@id\":\"https:\/\/www.sonoraenequipo.com.mx\/#organization\",\"name\":\"Sonoraenequipo.com.mx\",\"url\":\"https:\/\/www.sonoraenequipo.com.mx\/\",\"logo\":{\"@type\":\"ImageObject\",\"inLanguage\":\"es\",\"@id\":\"https:\/\/www.sonoraenequipo.com.mx\/#\/schema\/logo\/image\/\",\"url\":\"https:\/\/www.sonoraenequipo.com.mx\/storage\/2019\/01\/sonoraenequipo_opt.png\",\"contentUrl\":\"https:\/\/www.sonoraenequipo.com.mx\/storage\/2019\/01\/sonoraenequipo_opt.png\",\"width\":375,\"height\":125,\"caption\":\"Sonoraenequipo.com.mx\"},\"image\":{\"@id\":\"https:\/\/www.sonoraenequipo.com.mx\/#\/schema\/logo\/image\/\"},\"sameAs\":[\"https:\/\/www.facebook.com\/SonoraEE\/\",\"https:\/\/x.com\/sonoraenequipo\",\"https:\/\/www.youtube.com\/channel\/UC338nW-lPEYmJQs4ZABQ1SQ\"]},{\"@type\":\"Person\",\"@id\":\"https:\/\/www.sonoraenequipo.com.mx\/#\/schema\/person\/50102df0fb23a8fa9e8effad8fa81386\",\"name\":\"enequipo\",\"image\":{\"@type\":\"ImageObject\",\"inLanguage\":\"es\",\"@id\":\"https:\/\/www.sonoraenequipo.com.mx\/#\/schema\/person\/image\/\",\"url\":\"https:\/\/secure.gravatar.com\/avatar\/049821681b589dabc0bc20695993ccebb09f5b5d4d790cd9251b97faac7c652b?s=96&d=blank&r=g\",\"contentUrl\":\"https:\/\/secure.gravatar.com\/avatar\/049821681b589dabc0bc20695993ccebb09f5b5d4d790cd9251b97faac7c652b?s=96&d=blank&r=g\",\"caption\":\"enequipo\"},\"sameAs\":[\"https:\/\/www.facebook.com\/SonoraEE\"]}]}<\/script>\n ","yoast_head_json":{"title":"Sonora en Equipo. Sigue la crisis en el PRI Sonora; On\u00e9simo Aguilera renuncia a la presidencia Sonora","description":"HERMOSILLO, SONORA,MX.\u2500\u2500 Para lograr la unidad que requieren los priistas, luego de un amplio y objetivo an\u00e1lisis, On\u00e9simo Aguilera Burrola present\u00f3 su En Sonora en Equipo publicamos toda la informaci\u00f3n de Sonora, M\u00e9xico y el Mundo de manera oportuna y busca que la libertad de expresi\u00f3n sea real. Visita nuestro medio informativo publicado desde Hermosillo, Sonora. %","robots":{"index":"index","follow":"follow","max-snippet":"max-snippet:-1","max-image-preview":"max-image-preview:large","max-video-preview":"max-video-preview:-1"},"canonical":"https:\/\/www.sonoraenequipo.com.mx\/sigue-la-crisis-en-el-pri-sonora-onesimo-aguilera-renuncia-a-la-presidencia\/","og_locale":"es_ES","og_type":"article","og_title":"Sonora en Equipo. Sigue la crisis en el PRI Sonora; On\u00e9simo Aguilera renuncia a la presidencia Sonora","og_description":"HERMOSILLO, SONORA,MX.\u2500\u2500 Para lograr la unidad que requieren los priistas, luego de un amplio y objetivo an\u00e1lisis, On\u00e9simo Aguilera Burrola present\u00f3 su En Sonora en Equipo publicamos toda la informaci\u00f3n de Sonora, M\u00e9xico y el Mundo de manera oportuna y busca que la libertad de expresi\u00f3n sea real. Visita nuestro medio informativo publicado desde Hermosillo, Sonora. %","og_url":"https:\/\/www.sonoraenequipo.com.mx\/sigue-la-crisis-en-el-pri-sonora-onesimo-aguilera-renuncia-a-la-presidencia\/","og_site_name":"Sonora en Equipo.","article_publisher":"https:\/\/www.facebook.com\/SonoraEE\/","article_author":"https:\/\/www.facebook.com\/SonoraEE","article_published_time":"2022-09-21T02:36:58+00:00","article_modified_time":"2022-09-21T03:00:10+00:00","og_image":[{"width":768,"height":479,"url":"https:\/\/www.sonoraenequipo.com.mx\/storage\/2022\/08\/onesimo-iris.jpg","type":"image\/jpeg"}],"author":"enequipo","twitter_card":"summary_large_image","twitter_creator":"@sonoraenequipo","twitter_site":"@sonoraenequipo","twitter_misc":{"Escrito por":"enequipo","Tiempo de lectura":"3 minutos"},"schema":{"@context":"https:\/\/schema.org","@graph":[{"@type":"Article","@id":"https:\/\/www.sonoraenequipo.com.mx\/sigue-la-crisis-en-el-pri-sonora-onesimo-aguilera-renuncia-a-la-presidencia\/#article","isPartOf":{"@id":"https:\/\/www.sonoraenequipo.com.mx\/sigue-la-crisis-en-el-pri-sonora-onesimo-aguilera-renuncia-a-la-presidencia\/"},"author":{"name":"enequipo","@id":"https:\/\/www.sonoraenequipo.com.mx\/#\/schema\/person\/50102df0fb23a8fa9e8effad8fa81386"},"headline":"Sigue la crisis en el PRI Sonora; On\u00e9simo Aguilera renuncia a la presidencia","datePublished":"2022-09-21T02:36:58+00:00","dateModified":"2022-09-21T03:00:10+00:00","mainEntityOfPage":{"@id":"https:\/\/www.sonoraenequipo.com.mx\/sigue-la-crisis-en-el-pri-sonora-onesimo-aguilera-renuncia-a-la-presidencia\/"},"wordCount":581,"commentCount":0,"publisher":{"@id":"https:\/\/www.sonoraenequipo.com.mx\/#organization"},"image":{"@id":"https:\/\/www.sonoraenequipo.com.mx\/sigue-la-crisis-en-el-pri-sonora-onesimo-aguilera-renuncia-a-la-presidencia\/#primaryimage"},"thumbnailUrl":"https:\/\/www.sonoraenequipo.com.mx\/storage\/2022\/08\/onesimo-iris.jpg","keywords":["pri","Sonora"],"articleSection":["Sonora"],"inLanguage":"es","potentialAction":[{"@type":"CommentAction","name":"Comment","target":["https:\/\/www.sonoraenequipo.com.mx\/sigue-la-crisis-en-el-pri-sonora-onesimo-aguilera-renuncia-a-la-presidencia\/#respond"]}]},{"@type":"WebPage","@id":"https:\/\/www.sonoraenequipo.com.mx\/sigue-la-crisis-en-el-pri-sonora-onesimo-aguilera-renuncia-a-la-presidencia\/","url":"https:\/\/www.sonoraenequipo.com.mx\/sigue-la-crisis-en-el-pri-sonora-onesimo-aguilera-renuncia-a-la-presidencia\/","name":"Sonora en Equipo. Sigue la crisis en el PRI Sonora; On\u00e9simo Aguilera renuncia a la presidencia Sonora","isPartOf":{"@id":"https:\/\/www.sonoraenequipo.com.mx\/#website"},"primaryImageOfPage":{"@id":"https:\/\/www.sonoraenequipo.com.mx\/sigue-la-crisis-en-el-pri-sonora-onesimo-aguilera-renuncia-a-la-presidencia\/#primaryimage"},"image":{"@id":"https:\/\/www.sonoraenequipo.com.mx\/sigue-la-crisis-en-el-pri-sonora-onesimo-aguilera-renuncia-a-la-presidencia\/#primaryimage"},"thumbnailUrl":"https:\/\/www.sonoraenequipo.com.mx\/storage\/2022\/08\/onesimo-iris.jpg","datePublished":"2022-09-21T02:36:58+00:00","dateModified":"2022-09-21T03:00:10+00:00","description":"HERMOSILLO, SONORA,MX.\u2500\u2500 Para lograr la unidad que requieren los priistas, luego de un amplio y objetivo an\u00e1lisis, On\u00e9simo Aguilera Burrola present\u00f3 su En Sonora en Equipo publicamos toda la informaci\u00f3n de Sonora, M\u00e9xico y el Mundo de manera oportuna y busca que la libertad de expresi\u00f3n sea real. Visita nuestro medio informativo publicado desde Hermosillo, Sonora. %","breadcrumb":{"@id":"https:\/\/www.sonoraenequipo.com.mx\/sigue-la-crisis-en-el-pri-sonora-onesimo-aguilera-renuncia-a-la-presidencia\/#breadcrumb"},"inLanguage":"es","potentialAction":[{"@type":"ReadAction","target":["https:\/\/www.sonoraenequipo.com.mx\/sigue-la-crisis-en-el-pri-sonora-onesimo-aguilera-renuncia-a-la-presidencia\/"]}]},{"@type":"ImageObject","inLanguage":"es","@id":"https:\/\/www.sonoraenequipo.com.mx\/sigue-la-crisis-en-el-pri-sonora-onesimo-aguilera-renuncia-a-la-presidencia\/#primaryimage","url":"https:\/\/www.sonoraenequipo.com.mx\/storage\/2022\/08\/onesimo-iris.jpg","contentUrl":"https:\/\/www.sonoraenequipo.com.mx\/storage\/2022\/08\/onesimo-iris.jpg","width":768,"height":479,"caption":"los reci\u00e9n nombrados dirigentes dejaron sus cargos luego de una convulsionada elecci\u00f3n"},{"@type":"BreadcrumbList","@id":"https:\/\/www.sonoraenequipo.com.mx\/sigue-la-crisis-en-el-pri-sonora-onesimo-aguilera-renuncia-a-la-presidencia\/#breadcrumb","itemListElement":[{"@type":"ListItem","position":1,"name":"Portada","item":"https:\/\/www.sonoraenequipo.com.mx\/"},{"@type":"ListItem","position":2,"name":"Sigue la crisis en el PRI Sonora; On\u00e9simo Aguilera renuncia a la presidencia"}]},{"@type":"WebSite","@id":"https:\/\/www.sonoraenequipo.com.mx\/#website","url":"https:\/\/www.sonoraenequipo.com.mx\/","name":"Sonora en Equipo.","description":"Diario en l\u00ednea con Noticias desde Hermosillo, Sonora","publisher":{"@id":"https:\/\/www.sonoraenequipo.com.mx\/#organization"},"potentialAction":[{"@type":"SearchAction","target":{"@type":"EntryPoint","urlTemplate":"https:\/\/www.sonoraenequipo.com.mx\/?s={search_term_string}"},"query-input":{"@type":"PropertyValueSpecification","valueRequired":true,"valueName":"search_term_string"}}],"inLanguage":"es"},{"@type":"Organization","@id":"https:\/\/www.sonoraenequipo.com.mx\/#organization","name":"Sonoraenequipo.com.mx","url":"https:\/\/www.sonoraenequipo.com.mx\/","logo":{"@type":"ImageObject","inLanguage":"es","@id":"https:\/\/www.sonoraenequipo.com.mx\/#\/schema\/logo\/image\/","url":"https:\/\/www.sonoraenequipo.com.mx\/storage\/2019\/01\/sonoraenequipo_opt.png","contentUrl":"https:\/\/www.sonoraenequipo.com.mx\/storage\/2019\/01\/sonoraenequipo_opt.png","width":375,"height":125,"caption":"Sonoraenequipo.com.mx"},"image":{"@id":"https:\/\/www.sonoraenequipo.com.mx\/#\/schema\/logo\/image\/"},"sameAs":["https:\/\/www.facebook.com\/SonoraEE\/","https:\/\/x.com\/sonoraenequipo","https:\/\/www.youtube.com\/channel\/UC338nW-lPEYmJQs4ZABQ1SQ"]},{"@type":"Person","@id":"https:\/\/www.sonoraenequipo.com.mx\/#\/schema\/person\/50102df0fb23a8fa9e8effad8fa81386","name":"enequipo","image":{"@type":"ImageObject","inLanguage":"es","@id":"https:\/\/www.sonoraenequipo.com.mx\/#\/schema\/person\/image\/","url":"https:\/\/secure.gravatar.com\/avatar\/049821681b589dabc0bc20695993ccebb09f5b5d4d790cd9251b97faac7c652b?s=96&d=blank&r=g","contentUrl":"https:\/\/secure.gravatar.com\/avatar\/049821681b589dabc0bc20695993ccebb09f5b5d4d790cd9251b97faac7c652b?s=96&d=blank&r=g","caption":"enequipo"},"sameAs":["https:\/\/www.facebook.com\/SonoraEE"]}]}},"jetpack_featured_media_url":"https:\/\/www.sonoraenequipo.com.mx\/storage\/2022\/08\/onesimo-iris.jpg","_links":{"self":[{"href":"https:\/\/www.sonoraenequipo.com.mx\/api\/wp\/v2\/posts\/147450","targetHints":{"allow":["GET"]}}],"collection":[{"href":"https:\/\/www.sonoraenequipo.com.mx\/api\/wp\/v2\/posts"}],"about":[{"href":"https:\/\/www.sonoraenequipo.com.mx\/api\/wp\/v2\/types\/post"}],"author":[{"embeddable":true,"href":"https:\/\/www.sonoraenequipo.com.mx\/api\/wp\/v2\/users\/1"}],"replies":[{"embeddable":true,"href":"https:\/\/www.sonoraenequipo.com.mx\/api\/wp\/v2\/comments?post=147450"}],"version-history":[{"count":3,"href":"https:\/\/www.sonoraenequipo.com.mx\/api\/wp\/v2\/posts\/147450\/revisions"}],"predecessor-version":[{"id":147453,"href":"https:\/\/www.sonoraenequipo.com.mx\/api\/wp\/v2\/posts\/147450\/revisions\/147453"}],"wp:featuredmedia":[{"embeddable":true,"href":"https:\/\/www.sonoraenequipo.com.mx\/api\/wp\/v2\/media\/144426"}],"wp:attachment":[{"href":"https:\/\/www.sonoraenequipo.com.mx\/api\/wp\/v2\/media?parent=147450"}],"wp:term":[{"taxonomy":"category","embeddable":true,"href":"https:\/\/www.sonoraenequipo.com.mx\/api\/wp\/v2\/categories?post=147450"},{"taxonomy":"post_tag","embeddable":true,"href":"https:\/\/www.sonoraenequipo.com.mx\/api\/wp\/v2\/tags?post=147450"}],"curies":[{"name":"wp","href":"https:\/\/api.w.org\/{rel}","templated":true}]}}