{"id":1475,"date":"2015-12-14T17:35:44","date_gmt":"2015-12-14T17:35:44","guid":{"rendered":"http:\/\/www.sonoraenequipo.com.mx\/?p=1475"},"modified":"2015-12-15T17:39:02","modified_gmt":"2015-12-15T17:39:02","slug":"senador-pancho-burquez-dice-no-a-la-burocratizacion-de-la-cultura","status":"publish","type":"post","link":"https:\/\/www.sonoraenequipo.com.mx\/senador-pancho-burquez-dice-no-a-la-burocratizacion-de-la-cultura\/","title":{"rendered":"Senador Pancho B\u00farquez dice no a la burocratizaci\u00f3n de la cultura"},"content":{"rendered":"<p>14122015.M\u00c9XICO.MX.\u2014 El Senador Francisco B\u00farquez manifest\u00f3 que la inminente creaci\u00f3n de la Secretar\u00eda de Cultura \u201ces una enorme irresponsabilidad cuando a los ciudadanos se les aprieta cada vez m\u00e1s el cintur\u00f3n. Desde que inici\u00f3 este gobierno cada mexicano paga un 80 por ciento m\u00e1s de impuestos y la deuda p\u00fablica se ha disparado hasta m\u00e1s del 50 por ciento de la riqueza de la Naci\u00f3n. Los ciudadanos no est\u00e1n para bromas y sus bolsillos mucho menos.\u201d <\/p>\n<p>Pese a que la iniciativa prev\u00e9 que la Secretar\u00eda ejerza solo los recursos aprobados para la CONACULTA, B\u00farquez se\u00f1al\u00f3 que \u201cla minuta contiene un transitorio que le da la vuelta, al permitir que el Presidente de manera discrecional destine recursos adicionales a la Secretar\u00eda.\u201d<\/p>\n<p>\u201cLo peor es que ahora, con rango de Secretar\u00eda, crecer\u00e1 sin l\u00edmites. Quiz\u00e1s no lo veremos ahora, pero s\u00ed en futuros presupuestos. Llegar\u00e1 un nuevo Secretario con su s\u00e9quito de subsecretarios, jefes de unidad, directores generales y un largo etc\u00e9tera. Todos ellos con sus nuevos coches, sus ch\u00f3feres, sus tel\u00e9fonos ilimitados, sus seguros privados y toda la serie de privilegios a los que ya nos tiene acostumbrada la alta burocracia de M\u00e9xico.\u201d<\/p>\n<p>Ante aquellos que defienden la creaci\u00f3n de la Secretar\u00eda para que el Estado promueva la cultura el Senador por Sonora respondi\u00f3 que \u201ces precisamente ah\u00ed donde est\u00e1 el mayor error. La clase pol\u00edtica y los bur\u00f3cratas creen que es papel del Estado controlar cualquier aspecto de nuestras vidas y, por supuesto, nuestra cultura. Detr\u00e1s de la Secretar\u00eda de Cultura se esconde la idea de que el gobierno debe imponer a toda la sociedad una previa concepci\u00f3n de c\u00f3mo debemos manifestar nuestra cultura, nuestras ideas, nuestras expresiones art\u00edsticas y nuestros valores. No debe ser as\u00ed.\u201d<\/p>\n<p>\u00abCuando el gobierno administra los caramelos del presupuesto termina entreg\u00e1ndolos a aquellos proyectos culturales que se alineen pol\u00edticamente a sus ideas. Burocratizar, politizar la cultura implica censurarla, implica perder la esencia de la cultura: la libertad para crear.\u00bb A\u00f1adi\u00f3.<\/p>\n<p>Por todo ello, Francisco B\u00farquez concluy\u00f3 que \u201cdebemos limitar al gobierno para empoderar al ciudadano. En particular, debemos enfrentarnos ante un gobierno que pretende meterse hasta en la cultura gastando nuestro dinero. Esos recursos pertenecen a los ciudadanos y deben ser ellos quienes decidan el tipo de cultura que quieren y de qu\u00e9 manera van a desarrollarse intelectual y art\u00edsticamente.\u201d<\/p>\n","protected":false},"excerpt":{"rendered":"<p>14122015.M\u00c9XICO.MX.\u2014 El Senador Francisco B\u00farquez manifest\u00f3 que la inminente creaci\u00f3n de la Secretar\u00eda de Cultura&#8230;<\/p>\n","protected":false},"author":1,"featured_media":0,"comment_status":"open","ping_status":"open","sticky":false,"template":"","format":"standard","meta":{"_monsterinsights_skip_tracking":false,"_monsterinsights_sitenote_active":false,"_monsterinsights_sitenote_note":"","_monsterinsights_sitenote_category":0,"footnotes":""},"categories":[13,5],"tags":[],"class_list":["post"],"yoast_head":" \n<title>Sonora en Equipo. Senador Pancho B\u00farquez dice no a la burocratizaci\u00f3n de la cultura<\/title>\n<meta name=\"description\" content=\"14122015.M\u00c9XICO.MX.\u2014 El Senador Francisco B\u00farquez manifest\u00f3 que la inminente creaci\u00f3n de la Secretar\u00eda de Cultura \u201ces una enorme irresponsabilidad cuando En Sonora en Equipo publicamos toda la informaci\u00f3n de Sonora, M\u00e9xico y el Mundo de manera oportuna y busca que la libertad de expresi\u00f3n sea real. Visita nuestro medio informativo publicado desde Hermosillo, Sonora. %\" \/>\n<meta name=\"robots\" content=\"index, follow, max-snippet:-1, max-image-preview:large, max-video-preview:-1\" \/>\n<link rel=\"canonical\" href=\"https:\/\/www.sonoraenequipo.com.mx\/senador-pancho-burquez-dice-no-a-la-burocratizacion-de-la-cultura\/\" \/>\n<meta property=\"og:locale\" content=\"es_ES\" \/>\n<meta property=\"og:type\" content=\"article\" \/>\n<meta property=\"og:title\" content=\"Sonora en Equipo. Senador Pancho B\u00farquez dice no a la burocratizaci\u00f3n de la cultura\" \/>\n<meta property=\"og:description\" content=\"14122015.M\u00c9XICO.MX.\u2014 El Senador Francisco B\u00farquez manifest\u00f3 que la inminente creaci\u00f3n de la Secretar\u00eda de Cultura \u201ces una enorme irresponsabilidad cuando En Sonora en Equipo publicamos toda la informaci\u00f3n de Sonora, M\u00e9xico y el Mundo de manera oportuna y busca que la libertad de expresi\u00f3n sea real. Visita nuestro medio informativo publicado desde Hermosillo, Sonora. %\" \/>\n<meta property=\"og:url\" content=\"https:\/\/www.sonoraenequipo.com.mx\/senador-pancho-burquez-dice-no-a-la-burocratizacion-de-la-cultura\/\" \/>\n<meta property=\"og:site_name\" content=\"Sonora en Equipo.\" \/>\n<meta property=\"article:publisher\" content=\"https:\/\/www.facebook.com\/SonoraEE\/\" \/>\n<meta property=\"article:author\" content=\"https:\/\/www.facebook.com\/SonoraEE\" \/>\n<meta property=\"article:published_time\" content=\"2015-12-14T17:35:44+00:00\" \/>\n<meta property=\"article:modified_time\" content=\"2015-12-15T17:39:02+00:00\" \/>\n<meta name=\"author\" content=\"enequipo\" \/>\n<meta name=\"twitter:card\" content=\"summary_large_image\" \/>\n<meta name=\"twitter:creator\" content=\"@sonoraenequipo\" \/>\n<meta name=\"twitter:site\" content=\"@sonoraenequipo\" \/>\n<meta name=\"twitter:label1\" content=\"Escrito por\" \/>\n\t<meta name=\"twitter:data1\" content=\"enequipo\" \/>\n\t<meta name=\"twitter:label2\" content=\"Tiempo de lectura\" \/>\n\t<meta name=\"twitter:data2\" content=\"2 minutos\" \/>\n<script type=\"application\/ld+json\" class=\"yoast-schema-graph\">{\"@context\":\"https:\/\/schema.org\",\"@graph\":[{\"@type\":\"Article\",\"@id\":\"https:\/\/www.sonoraenequipo.com.mx\/senador-pancho-burquez-dice-no-a-la-burocratizacion-de-la-cultura\/#article\",\"isPartOf\":{\"@id\":\"https:\/\/www.sonoraenequipo.com.mx\/senador-pancho-burquez-dice-no-a-la-burocratizacion-de-la-cultura\/\"},\"author\":{\"name\":\"enequipo\",\"@id\":\"https:\/\/www.sonoraenequipo.com.mx\/#\/schema\/person\/50102df0fb23a8fa9e8effad8fa81386\"},\"headline\":\"Senador Pancho B\u00farquez dice no a la burocratizaci\u00f3n de la cultura\",\"datePublished\":\"2015-12-14T17:35:44+00:00\",\"dateModified\":\"2015-12-15T17:39:02+00:00\",\"mainEntityOfPage\":{\"@id\":\"https:\/\/www.sonoraenequipo.com.mx\/senador-pancho-burquez-dice-no-a-la-burocratizacion-de-la-cultura\/\"},\"wordCount\":434,\"commentCount\":0,\"publisher\":{\"@id\":\"https:\/\/www.sonoraenequipo.com.mx\/#organization\"},\"articleSection\":[\"Destacadas\",\"Rep\u00fablica\"],\"inLanguage\":\"es\",\"potentialAction\":[{\"@type\":\"CommentAction\",\"name\":\"Comment\",\"target\":[\"https:\/\/www.sonoraenequipo.com.mx\/senador-pancho-burquez-dice-no-a-la-burocratizacion-de-la-cultura\/#respond\"]}]},{\"@type\":\"WebPage\",\"@id\":\"https:\/\/www.sonoraenequipo.com.mx\/senador-pancho-burquez-dice-no-a-la-burocratizacion-de-la-cultura\/\",\"url\":\"https:\/\/www.sonoraenequipo.com.mx\/senador-pancho-burquez-dice-no-a-la-burocratizacion-de-la-cultura\/\",\"name\":\"Sonora en Equipo. Senador Pancho B\u00farquez dice no a la burocratizaci\u00f3n de la cultura\",\"isPartOf\":{\"@id\":\"https:\/\/www.sonoraenequipo.com.mx\/#website\"},\"datePublished\":\"2015-12-14T17:35:44+00:00\",\"dateModified\":\"2015-12-15T17:39:02+00:00\",\"description\":\"14122015.M\u00c9XICO.MX.\u2014 El Senador Francisco B\u00farquez manifest\u00f3 que la inminente creaci\u00f3n de la Secretar\u00eda de Cultura \u201ces una enorme irresponsabilidad cuando En Sonora en Equipo publicamos toda la informaci\u00f3n de Sonora, M\u00e9xico y el Mundo de manera oportuna y busca que la libertad de expresi\u00f3n sea real. Visita nuestro medio informativo publicado desde Hermosillo, Sonora. %\",\"breadcrumb\":{\"@id\":\"https:\/\/www.sonoraenequipo.com.mx\/senador-pancho-burquez-dice-no-a-la-burocratizacion-de-la-cultura\/#breadcrumb\"},\"inLanguage\":\"es\",\"potentialAction\":[{\"@type\":\"ReadAction\",\"target\":[\"https:\/\/www.sonoraenequipo.com.mx\/senador-pancho-burquez-dice-no-a-la-burocratizacion-de-la-cultura\/\"]}]},{\"@type\":\"BreadcrumbList\",\"@id\":\"https:\/\/www.sonoraenequipo.com.mx\/senador-pancho-burquez-dice-no-a-la-burocratizacion-de-la-cultura\/#breadcrumb\",\"itemListElement\":[{\"@type\":\"ListItem\",\"position\":1,\"name\":\"Portada\",\"item\":\"https:\/\/www.sonoraenequipo.com.mx\/\"},{\"@type\":\"ListItem\",\"position\":2,\"name\":\"Senador Pancho B\u00farquez dice no a la burocratizaci\u00f3n de la cultura\"}]},{\"@type\":\"WebSite\",\"@id\":\"https:\/\/www.sonoraenequipo.com.mx\/#website\",\"url\":\"https:\/\/www.sonoraenequipo.com.mx\/\",\"name\":\"Sonora en Equipo.\",\"description\":\"Diario en l\u00ednea con Noticias desde Hermosillo, Sonora\",\"publisher\":{\"@id\":\"https:\/\/www.sonoraenequipo.com.mx\/#organization\"},\"potentialAction\":[{\"@type\":\"SearchAction\",\"target\":{\"@type\":\"EntryPoint\",\"urlTemplate\":\"https:\/\/www.sonoraenequipo.com.mx\/?s={search_term_string}\"},\"query-input\":{\"@type\":\"PropertyValueSpecification\",\"valueRequired\":true,\"valueName\":\"search_term_string\"}}],\"inLanguage\":\"es\"},{\"@type\":\"Organization\",\"@id\":\"https:\/\/www.sonoraenequipo.com.mx\/#organization\",\"name\":\"Sonoraenequipo.com.mx\",\"url\":\"https:\/\/www.sonoraenequipo.com.mx\/\",\"logo\":{\"@type\":\"ImageObject\",\"inLanguage\":\"es\",\"@id\":\"https:\/\/www.sonoraenequipo.com.mx\/#\/schema\/logo\/image\/\",\"url\":\"https:\/\/www.sonoraenequipo.com.mx\/storage\/2019\/01\/sonoraenequipo_opt.png\",\"contentUrl\":\"https:\/\/www.sonoraenequipo.com.mx\/storage\/2019\/01\/sonoraenequipo_opt.png\",\"width\":375,\"height\":125,\"caption\":\"Sonoraenequipo.com.mx\"},\"image\":{\"@id\":\"https:\/\/www.sonoraenequipo.com.mx\/#\/schema\/logo\/image\/\"},\"sameAs\":[\"https:\/\/www.facebook.com\/SonoraEE\/\",\"https:\/\/x.com\/sonoraenequipo\",\"https:\/\/www.youtube.com\/channel\/UC338nW-lPEYmJQs4ZABQ1SQ\"]},{\"@type\":\"Person\",\"@id\":\"https:\/\/www.sonoraenequipo.com.mx\/#\/schema\/person\/50102df0fb23a8fa9e8effad8fa81386\",\"name\":\"enequipo\",\"image\":{\"@type\":\"ImageObject\",\"inLanguage\":\"es\",\"@id\":\"https:\/\/www.sonoraenequipo.com.mx\/#\/schema\/person\/image\/\",\"url\":\"https:\/\/secure.gravatar.com\/avatar\/049821681b589dabc0bc20695993ccebb09f5b5d4d790cd9251b97faac7c652b?s=96&d=blank&r=g\",\"contentUrl\":\"https:\/\/secure.gravatar.com\/avatar\/049821681b589dabc0bc20695993ccebb09f5b5d4d790cd9251b97faac7c652b?s=96&d=blank&r=g\",\"caption\":\"enequipo\"},\"sameAs\":[\"https:\/\/www.facebook.com\/SonoraEE\"]}]}<\/script>\n ","yoast_head_json":{"title":"Sonora en Equipo. Senador Pancho B\u00farquez dice no a la burocratizaci\u00f3n de la cultura","description":"14122015.M\u00c9XICO.MX.\u2014 El Senador Francisco B\u00farquez manifest\u00f3 que la inminente creaci\u00f3n de la Secretar\u00eda de Cultura \u201ces una enorme irresponsabilidad cuando En Sonora en Equipo publicamos toda la informaci\u00f3n de Sonora, M\u00e9xico y el Mundo de manera oportuna y busca que la libertad de expresi\u00f3n sea real. Visita nuestro medio informativo publicado desde Hermosillo, Sonora. %","robots":{"index":"index","follow":"follow","max-snippet":"max-snippet:-1","max-image-preview":"max-image-preview:large","max-video-preview":"max-video-preview:-1"},"canonical":"https:\/\/www.sonoraenequipo.com.mx\/senador-pancho-burquez-dice-no-a-la-burocratizacion-de-la-cultura\/","og_locale":"es_ES","og_type":"article","og_title":"Sonora en Equipo. Senador Pancho B\u00farquez dice no a la burocratizaci\u00f3n de la cultura","og_description":"14122015.M\u00c9XICO.MX.\u2014 El Senador Francisco B\u00farquez manifest\u00f3 que la inminente creaci\u00f3n de la Secretar\u00eda de Cultura \u201ces una enorme irresponsabilidad cuando En Sonora en Equipo publicamos toda la informaci\u00f3n de Sonora, M\u00e9xico y el Mundo de manera oportuna y busca que la libertad de expresi\u00f3n sea real. Visita nuestro medio informativo publicado desde Hermosillo, Sonora. %","og_url":"https:\/\/www.sonoraenequipo.com.mx\/senador-pancho-burquez-dice-no-a-la-burocratizacion-de-la-cultura\/","og_site_name":"Sonora en Equipo.","article_publisher":"https:\/\/www.facebook.com\/SonoraEE\/","article_author":"https:\/\/www.facebook.com\/SonoraEE","article_published_time":"2015-12-14T17:35:44+00:00","article_modified_time":"2015-12-15T17:39:02+00:00","author":"enequipo","twitter_card":"summary_large_image","twitter_creator":"@sonoraenequipo","twitter_site":"@sonoraenequipo","twitter_misc":{"Escrito por":"enequipo","Tiempo de lectura":"2 minutos"},"schema":{"@context":"https:\/\/schema.org","@graph":[{"@type":"Article","@id":"https:\/\/www.sonoraenequipo.com.mx\/senador-pancho-burquez-dice-no-a-la-burocratizacion-de-la-cultura\/#article","isPartOf":{"@id":"https:\/\/www.sonoraenequipo.com.mx\/senador-pancho-burquez-dice-no-a-la-burocratizacion-de-la-cultura\/"},"author":{"name":"enequipo","@id":"https:\/\/www.sonoraenequipo.com.mx\/#\/schema\/person\/50102df0fb23a8fa9e8effad8fa81386"},"headline":"Senador Pancho B\u00farquez dice no a la burocratizaci\u00f3n de la cultura","datePublished":"2015-12-14T17:35:44+00:00","dateModified":"2015-12-15T17:39:02+00:00","mainEntityOfPage":{"@id":"https:\/\/www.sonoraenequipo.com.mx\/senador-pancho-burquez-dice-no-a-la-burocratizacion-de-la-cultura\/"},"wordCount":434,"commentCount":0,"publisher":{"@id":"https:\/\/www.sonoraenequipo.com.mx\/#organization"},"articleSection":["Destacadas","Rep\u00fablica"],"inLanguage":"es","potentialAction":[{"@type":"CommentAction","name":"Comment","target":["https:\/\/www.sonoraenequipo.com.mx\/senador-pancho-burquez-dice-no-a-la-burocratizacion-de-la-cultura\/#respond"]}]},{"@type":"WebPage","@id":"https:\/\/www.sonoraenequipo.com.mx\/senador-pancho-burquez-dice-no-a-la-burocratizacion-de-la-cultura\/","url":"https:\/\/www.sonoraenequipo.com.mx\/senador-pancho-burquez-dice-no-a-la-burocratizacion-de-la-cultura\/","name":"Sonora en Equipo. Senador Pancho B\u00farquez dice no a la burocratizaci\u00f3n de la cultura","isPartOf":{"@id":"https:\/\/www.sonoraenequipo.com.mx\/#website"},"datePublished":"2015-12-14T17:35:44+00:00","dateModified":"2015-12-15T17:39:02+00:00","description":"14122015.M\u00c9XICO.MX.\u2014 El Senador Francisco B\u00farquez manifest\u00f3 que la inminente creaci\u00f3n de la Secretar\u00eda de Cultura \u201ces una enorme irresponsabilidad cuando En Sonora en Equipo publicamos toda la informaci\u00f3n de Sonora, M\u00e9xico y el Mundo de manera oportuna y busca que la libertad de expresi\u00f3n sea real. Visita nuestro medio informativo publicado desde Hermosillo, Sonora. %","breadcrumb":{"@id":"https:\/\/www.sonoraenequipo.com.mx\/senador-pancho-burquez-dice-no-a-la-burocratizacion-de-la-cultura\/#breadcrumb"},"inLanguage":"es","potentialAction":[{"@type":"ReadAction","target":["https:\/\/www.sonoraenequipo.com.mx\/senador-pancho-burquez-dice-no-a-la-burocratizacion-de-la-cultura\/"]}]},{"@type":"BreadcrumbList","@id":"https:\/\/www.sonoraenequipo.com.mx\/senador-pancho-burquez-dice-no-a-la-burocratizacion-de-la-cultura\/#breadcrumb","itemListElement":[{"@type":"ListItem","position":1,"name":"Portada","item":"https:\/\/www.sonoraenequipo.com.mx\/"},{"@type":"ListItem","position":2,"name":"Senador Pancho B\u00farquez dice no a la burocratizaci\u00f3n de la cultura"}]},{"@type":"WebSite","@id":"https:\/\/www.sonoraenequipo.com.mx\/#website","url":"https:\/\/www.sonoraenequipo.com.mx\/","name":"Sonora en Equipo.","description":"Diario en l\u00ednea con Noticias desde Hermosillo, Sonora","publisher":{"@id":"https:\/\/www.sonoraenequipo.com.mx\/#organization"},"potentialAction":[{"@type":"SearchAction","target":{"@type":"EntryPoint","urlTemplate":"https:\/\/www.sonoraenequipo.com.mx\/?s={search_term_string}"},"query-input":{"@type":"PropertyValueSpecification","valueRequired":true,"valueName":"search_term_string"}}],"inLanguage":"es"},{"@type":"Organization","@id":"https:\/\/www.sonoraenequipo.com.mx\/#organization","name":"Sonoraenequipo.com.mx","url":"https:\/\/www.sonoraenequipo.com.mx\/","logo":{"@type":"ImageObject","inLanguage":"es","@id":"https:\/\/www.sonoraenequipo.com.mx\/#\/schema\/logo\/image\/","url":"https:\/\/www.sonoraenequipo.com.mx\/storage\/2019\/01\/sonoraenequipo_opt.png","contentUrl":"https:\/\/www.sonoraenequipo.com.mx\/storage\/2019\/01\/sonoraenequipo_opt.png","width":375,"height":125,"caption":"Sonoraenequipo.com.mx"},"image":{"@id":"https:\/\/www.sonoraenequipo.com.mx\/#\/schema\/logo\/image\/"},"sameAs":["https:\/\/www.facebook.com\/SonoraEE\/","https:\/\/x.com\/sonoraenequipo","https:\/\/www.youtube.com\/channel\/UC338nW-lPEYmJQs4ZABQ1SQ"]},{"@type":"Person","@id":"https:\/\/www.sonoraenequipo.com.mx\/#\/schema\/person\/50102df0fb23a8fa9e8effad8fa81386","name":"enequipo","image":{"@type":"ImageObject","inLanguage":"es","@id":"https:\/\/www.sonoraenequipo.com.mx\/#\/schema\/person\/image\/","url":"https:\/\/secure.gravatar.com\/avatar\/049821681b589dabc0bc20695993ccebb09f5b5d4d790cd9251b97faac7c652b?s=96&d=blank&r=g","contentUrl":"https:\/\/secure.gravatar.com\/avatar\/049821681b589dabc0bc20695993ccebb09f5b5d4d790cd9251b97faac7c652b?s=96&d=blank&r=g","caption":"enequipo"},"sameAs":["https:\/\/www.facebook.com\/SonoraEE"]}]}},"jetpack_featured_media_url":"","_links":{"self":[{"href":"https:\/\/www.sonoraenequipo.com.mx\/api\/wp\/v2\/posts\/1475","targetHints":{"allow":["GET"]}}],"collection":[{"href":"https:\/\/www.sonoraenequipo.com.mx\/api\/wp\/v2\/posts"}],"about":[{"href":"https:\/\/www.sonoraenequipo.com.mx\/api\/wp\/v2\/types\/post"}],"author":[{"embeddable":true,"href":"https:\/\/www.sonoraenequipo.com.mx\/api\/wp\/v2\/users\/1"}],"replies":[{"embeddable":true,"href":"https:\/\/www.sonoraenequipo.com.mx\/api\/wp\/v2\/comments?post=1475"}],"version-history":[{"count":0,"href":"https:\/\/www.sonoraenequipo.com.mx\/api\/wp\/v2\/posts\/1475\/revisions"}],"wp:attachment":[{"href":"https:\/\/www.sonoraenequipo.com.mx\/api\/wp\/v2\/media?parent=1475"}],"wp:term":[{"taxonomy":"category","embeddable":true,"href":"https:\/\/www.sonoraenequipo.com.mx\/api\/wp\/v2\/categories?post=1475"},{"taxonomy":"post_tag","embeddable":true,"href":"https:\/\/www.sonoraenequipo.com.mx\/api\/wp\/v2\/tags?post=1475"}],"curies":[{"name":"wp","href":"https:\/\/api.w.org\/{rel}","templated":true}]}}