{"id":147503,"date":"2022-09-21T09:45:26","date_gmt":"2022-09-21T16:45:26","guid":{"rendered":"https:\/\/www.sonoraenequipo.com.mx\/?p=147503"},"modified":"2022-09-22T07:20:18","modified_gmt":"2022-09-22T14:20:18","slug":"economia-de-mexico-es-solida-presidente","status":"publish","type":"post","link":"https:\/\/www.sonoraenequipo.com.mx\/economia-de-mexico-es-solida-presidente\/","title":{"rendered":"Econom\u00eda de M\u00e9xico es s\u00f3lida: presidente"},"content":{"rendered":"<p><strong>CIUDAD DE M\u00c9XICO. MX. \u2014<\/strong> El presidente Andr\u00e9s Manuel L\u00f3pez Obrador asegur\u00f3 que la econom\u00eda nacional se encuentra en condiciones favorables gracias a la administraci\u00f3n responsable del presupuesto con austeridad y sin permitir la corrupci\u00f3n ni la condonaci\u00f3n de impuestos a grandes empresarios.<\/p>\n<p>&nbsp;<\/p>\n<p><em><strong> <\/strong><\/em><\/p>\n<p><em><strong>\u201cNuestra econom\u00eda es s\u00f3lida, nuestras finanzas son s\u00f3lidas. Nos ayud\u00f3 mucho el combate a la corrupci\u00f3n, que se terminaran los privilegios fiscales, porque ahora tienen que pagar los que antes no pagaban y es bastante, por eso no se nos cay\u00f3 la recaudaci\u00f3n\u201d,<\/strong><\/em> afirm\u00f3.<\/p>\n<p>&nbsp;<\/p>\n<p>&nbsp;<\/p>\n<p>En conferencia de prensa matutina, el mandatario sostuvo que los Programas para el Bienestar impulsados por el Gobierno de la Cuarta Transformaci\u00f3n abonan a la estabilidad y benefician a la poblaci\u00f3n.<\/p>\n<p>&nbsp;<\/p>\n<p><em><strong>\u201cHay justicia porque se atiende al pueblo y, porque a pesar de la crisis econ\u00f3mica precipitada por la pandemia y ahora por la guerra, la gente tiene ingresos cuando menos para lo b\u00e1sico\u201d,<\/strong> <\/em>subray\u00f3.<\/p>\n<p>&nbsp;<\/p>\n<p>El jefe del Ejecutivo resalt\u00f3 que en el pa\u00eds se han alcanzado cifras r\u00e9cord en generaci\u00f3n de empleos, inversi\u00f3n extranjera directa y remesas de connacionales enviadas desde Estados Unidos; adem\u00e1s, el peso mexicano se mantiene fuerte desde el inicio de la actual administraci\u00f3n.<\/p>\n<p>&nbsp;<\/p>\n<p>Agreg\u00f3 que se trabaja en el prop\u00f3sito de la autosuficiencia alimentaria a partir de la entrega gratuita de fertilizantes para aumentar la producci\u00f3n de alimentos b\u00e1sicos entre otras iniciativas de apoyo al campo. De esta manera, dijo, se controla la inflaci\u00f3n y beneficia a la poblaci\u00f3n.<\/p>\n<p>&nbsp;<\/p>\n<p><em><strong>\u201cAh\u00ed vamos avanzando; no hay que descuidarnos, atender el problema de la inflaci\u00f3n, que se tiene control en energ\u00e9ticos, pero nos falta control, reducir los precios de alimentos. (\u2026) Vamos a tomar una serie de medidas\u201d,<\/strong><\/em> enfatiz\u00f3.<\/p>\n<p>&nbsp;<\/p>\n<p>En el Sal\u00f3n de la Tesorer\u00eda de Palacio Nacional, el mandatario inform\u00f3 que este mi\u00e9rcoles sostendr\u00e1 una reuni\u00f3n con productores y distribuidores de alimentos a fin de contener los precios de 24 productos de la canasta b\u00e1sica, particularmente de la tortilla.<\/p>\n<p>&nbsp;<\/p>\n<p>Hay gobernabilidad y paz social en el pa\u00eds, cualidades que afianzan la confianza de inversionistas. Adem\u00e1s, M\u00e9xico forma parte del Tratado de Libre Comercio con Estados Unidos y Canad\u00e1 (T-MEC) y no se ha solicitado deuda adicional a pesar del contexto internacional adverso, remarc\u00f3 el presidente.<\/p>\n<p>&nbsp;<\/p>\n<p>Indic\u00f3 que el Plan Sonora fomentar\u00e1 el crecimiento econ\u00f3mico de la entidad, cuya ubicaci\u00f3n geogr\u00e1fica estrat\u00e9gica y recursos naturales hacen factible la instalaci\u00f3n de la planta solar m\u00e1s grande de Latinoam\u00e9rica en Puerto Pe\u00f1asco. La entidad ser\u00e1 sede del desarrollo de la industria automotriz con litio, mineral estrat\u00e9gico de la naci\u00f3n.<\/p>\n<p>&nbsp;<\/p>\n<p><em><strong>\u201cSonora, en particular, re\u00fane una serie de condiciones favorables para que siga llegando inversi\u00f3n extranjera y se desarrolle porque tiene muchos recursos naturales y tiene tambi\u00e9n la ventaja de la frontera (con Estados Unidos) y tiene el puerto de Guaymas\u201d,<\/strong><\/em> apunt\u00f3.<\/p>\n<p>&nbsp;<\/p>\n<p>&nbsp;<\/p>\n<p>&nbsp;<\/p>\n<p>PUBLICADO EL 21\/SEPTIEMBRE\/2022 )<\/p>\n","protected":false},"excerpt":{"rendered":"<p>CIUDAD DE M\u00c9XICO. MX. \u2014 El presidente Andr\u00e9s Manuel L\u00f3pez Obrador asegur\u00f3 que la econom\u00eda&#8230;<\/p>\n","protected":false},"author":1,"featured_media":147492,"comment_status":"open","ping_status":"open","sticky":false,"template":"","format":"standard","meta":{"_monsterinsights_skip_tracking":false,"_monsterinsights_sitenote_active":false,"_monsterinsights_sitenote_note":"","_monsterinsights_sitenote_category":0,"footnotes":""},"categories":[5],"tags":[],"class_list":["post"],"yoast_head":" \n<title>Sonora en Equipo. Econom\u00eda de M\u00e9xico es s\u00f3lida: presidente Rep\u00fablica<\/title>\n<meta name=\"description\" content=\"CIUDAD DE M\u00c9XICO. MX. \u2014 El presidente Andr\u00e9s Manuel L\u00f3pez Obrador asegur\u00f3 que la econom\u00eda nacional se encuentra en condiciones favorables gracias a la En Sonora en Equipo publicamos toda la informaci\u00f3n de Sonora, M\u00e9xico y el Mundo de manera oportuna y busca que la libertad de expresi\u00f3n sea real. Visita nuestro medio informativo publicado desde Hermosillo, Sonora. %\" \/>\n<meta name=\"robots\" content=\"index, follow, max-snippet:-1, max-image-preview:large, max-video-preview:-1\" \/>\n<link rel=\"canonical\" href=\"https:\/\/www.sonoraenequipo.com.mx\/economia-de-mexico-es-solida-presidente\/\" \/>\n<meta property=\"og:locale\" content=\"es_ES\" \/>\n<meta property=\"og:type\" content=\"article\" \/>\n<meta property=\"og:title\" content=\"Sonora en Equipo. Econom\u00eda de M\u00e9xico es s\u00f3lida: presidente Rep\u00fablica\" \/>\n<meta property=\"og:description\" content=\"CIUDAD DE M\u00c9XICO. MX. \u2014 El presidente Andr\u00e9s Manuel L\u00f3pez Obrador asegur\u00f3 que la econom\u00eda nacional se encuentra en condiciones favorables gracias a la En Sonora en Equipo publicamos toda la informaci\u00f3n de Sonora, M\u00e9xico y el Mundo de manera oportuna y busca que la libertad de expresi\u00f3n sea real. Visita nuestro medio informativo publicado desde Hermosillo, Sonora. %\" \/>\n<meta property=\"og:url\" content=\"https:\/\/www.sonoraenequipo.com.mx\/economia-de-mexico-es-solida-presidente\/\" \/>\n<meta property=\"og:site_name\" content=\"Sonora en Equipo.\" \/>\n<meta property=\"article:publisher\" content=\"https:\/\/www.facebook.com\/SonoraEE\/\" \/>\n<meta property=\"article:author\" content=\"https:\/\/www.facebook.com\/SonoraEE\" \/>\n<meta property=\"article:published_time\" content=\"2022-09-21T16:45:26+00:00\" \/>\n<meta property=\"article:modified_time\" content=\"2022-09-22T14:20:18+00:00\" \/>\n<meta property=\"og:image\" content=\"https:\/\/www.sonoraenequipo.com.mx\/storage\/2022\/09\/lopez-obrador-2022.09.21.jpg\" \/>\n\t<meta property=\"og:image:width\" content=\"900\" \/>\n\t<meta property=\"og:image:height\" content=\"514\" \/>\n\t<meta property=\"og:image:type\" content=\"image\/jpeg\" \/>\n<meta name=\"author\" content=\"enequipo\" \/>\n<meta name=\"twitter:card\" content=\"summary_large_image\" \/>\n<meta name=\"twitter:creator\" content=\"@sonoraenequipo\" \/>\n<meta name=\"twitter:site\" content=\"@sonoraenequipo\" \/>\n<meta name=\"twitter:label1\" content=\"Escrito por\" \/>\n\t<meta name=\"twitter:data1\" content=\"enequipo\" \/>\n\t<meta name=\"twitter:label2\" content=\"Tiempo de lectura\" \/>\n\t<meta name=\"twitter:data2\" content=\"3 minutos\" \/>\n<script type=\"application\/ld+json\" class=\"yoast-schema-graph\">{\"@context\":\"https:\/\/schema.org\",\"@graph\":[{\"@type\":\"Article\",\"@id\":\"https:\/\/www.sonoraenequipo.com.mx\/economia-de-mexico-es-solida-presidente\/#article\",\"isPartOf\":{\"@id\":\"https:\/\/www.sonoraenequipo.com.mx\/economia-de-mexico-es-solida-presidente\/\"},\"author\":{\"name\":\"enequipo\",\"@id\":\"https:\/\/www.sonoraenequipo.com.mx\/#\/schema\/person\/50102df0fb23a8fa9e8effad8fa81386\"},\"headline\":\"Econom\u00eda de M\u00e9xico es s\u00f3lida: presidente\",\"datePublished\":\"2022-09-21T16:45:26+00:00\",\"dateModified\":\"2022-09-22T14:20:18+00:00\",\"mainEntityOfPage\":{\"@id\":\"https:\/\/www.sonoraenequipo.com.mx\/economia-de-mexico-es-solida-presidente\/\"},\"wordCount\":530,\"commentCount\":0,\"publisher\":{\"@id\":\"https:\/\/www.sonoraenequipo.com.mx\/#organization\"},\"image\":{\"@id\":\"https:\/\/www.sonoraenequipo.com.mx\/economia-de-mexico-es-solida-presidente\/#primaryimage\"},\"thumbnailUrl\":\"https:\/\/www.sonoraenequipo.com.mx\/storage\/2022\/09\/lopez-obrador-2022.09.21.jpg\",\"articleSection\":[\"Rep\u00fablica\"],\"inLanguage\":\"es\",\"potentialAction\":[{\"@type\":\"CommentAction\",\"name\":\"Comment\",\"target\":[\"https:\/\/www.sonoraenequipo.com.mx\/economia-de-mexico-es-solida-presidente\/#respond\"]}]},{\"@type\":\"WebPage\",\"@id\":\"https:\/\/www.sonoraenequipo.com.mx\/economia-de-mexico-es-solida-presidente\/\",\"url\":\"https:\/\/www.sonoraenequipo.com.mx\/economia-de-mexico-es-solida-presidente\/\",\"name\":\"Sonora en Equipo. Econom\u00eda de M\u00e9xico es s\u00f3lida: presidente Rep\u00fablica\",\"isPartOf\":{\"@id\":\"https:\/\/www.sonoraenequipo.com.mx\/#website\"},\"primaryImageOfPage\":{\"@id\":\"https:\/\/www.sonoraenequipo.com.mx\/economia-de-mexico-es-solida-presidente\/#primaryimage\"},\"image\":{\"@id\":\"https:\/\/www.sonoraenequipo.com.mx\/economia-de-mexico-es-solida-presidente\/#primaryimage\"},\"thumbnailUrl\":\"https:\/\/www.sonoraenequipo.com.mx\/storage\/2022\/09\/lopez-obrador-2022.09.21.jpg\",\"datePublished\":\"2022-09-21T16:45:26+00:00\",\"dateModified\":\"2022-09-22T14:20:18+00:00\",\"description\":\"CIUDAD DE M\u00c9XICO. MX. \u2014 El presidente Andr\u00e9s Manuel L\u00f3pez Obrador asegur\u00f3 que la econom\u00eda nacional se encuentra en condiciones favorables gracias a la En Sonora en Equipo publicamos toda la informaci\u00f3n de Sonora, M\u00e9xico y el Mundo de manera oportuna y busca que la libertad de expresi\u00f3n sea real. Visita nuestro medio informativo publicado desde Hermosillo, Sonora. %\",\"breadcrumb\":{\"@id\":\"https:\/\/www.sonoraenequipo.com.mx\/economia-de-mexico-es-solida-presidente\/#breadcrumb\"},\"inLanguage\":\"es\",\"potentialAction\":[{\"@type\":\"ReadAction\",\"target\":[\"https:\/\/www.sonoraenequipo.com.mx\/economia-de-mexico-es-solida-presidente\/\"]}]},{\"@type\":\"ImageObject\",\"inLanguage\":\"es\",\"@id\":\"https:\/\/www.sonoraenequipo.com.mx\/economia-de-mexico-es-solida-presidente\/#primaryimage\",\"url\":\"https:\/\/www.sonoraenequipo.com.mx\/storage\/2022\/09\/lopez-obrador-2022.09.21.jpg\",\"contentUrl\":\"https:\/\/www.sonoraenequipo.com.mx\/storage\/2022\/09\/lopez-obrador-2022.09.21.jpg\",\"width\":900,\"height\":514},{\"@type\":\"BreadcrumbList\",\"@id\":\"https:\/\/www.sonoraenequipo.com.mx\/economia-de-mexico-es-solida-presidente\/#breadcrumb\",\"itemListElement\":[{\"@type\":\"ListItem\",\"position\":1,\"name\":\"Portada\",\"item\":\"https:\/\/www.sonoraenequipo.com.mx\/\"},{\"@type\":\"ListItem\",\"position\":2,\"name\":\"Econom\u00eda de M\u00e9xico es s\u00f3lida: presidente\"}]},{\"@type\":\"WebSite\",\"@id\":\"https:\/\/www.sonoraenequipo.com.mx\/#website\",\"url\":\"https:\/\/www.sonoraenequipo.com.mx\/\",\"name\":\"Sonora en Equipo.\",\"description\":\"Diario en l\u00ednea con Noticias desde Hermosillo, Sonora\",\"publisher\":{\"@id\":\"https:\/\/www.sonoraenequipo.com.mx\/#organization\"},\"potentialAction\":[{\"@type\":\"SearchAction\",\"target\":{\"@type\":\"EntryPoint\",\"urlTemplate\":\"https:\/\/www.sonoraenequipo.com.mx\/?s={search_term_string}\"},\"query-input\":{\"@type\":\"PropertyValueSpecification\",\"valueRequired\":true,\"valueName\":\"search_term_string\"}}],\"inLanguage\":\"es\"},{\"@type\":\"Organization\",\"@id\":\"https:\/\/www.sonoraenequipo.com.mx\/#organization\",\"name\":\"Sonoraenequipo.com.mx\",\"url\":\"https:\/\/www.sonoraenequipo.com.mx\/\",\"logo\":{\"@type\":\"ImageObject\",\"inLanguage\":\"es\",\"@id\":\"https:\/\/www.sonoraenequipo.com.mx\/#\/schema\/logo\/image\/\",\"url\":\"https:\/\/www.sonoraenequipo.com.mx\/storage\/2019\/01\/sonoraenequipo_opt.png\",\"contentUrl\":\"https:\/\/www.sonoraenequipo.com.mx\/storage\/2019\/01\/sonoraenequipo_opt.png\",\"width\":375,\"height\":125,\"caption\":\"Sonoraenequipo.com.mx\"},\"image\":{\"@id\":\"https:\/\/www.sonoraenequipo.com.mx\/#\/schema\/logo\/image\/\"},\"sameAs\":[\"https:\/\/www.facebook.com\/SonoraEE\/\",\"https:\/\/x.com\/sonoraenequipo\",\"https:\/\/www.youtube.com\/channel\/UC338nW-lPEYmJQs4ZABQ1SQ\"]},{\"@type\":\"Person\",\"@id\":\"https:\/\/www.sonoraenequipo.com.mx\/#\/schema\/person\/50102df0fb23a8fa9e8effad8fa81386\",\"name\":\"enequipo\",\"image\":{\"@type\":\"ImageObject\",\"inLanguage\":\"es\",\"@id\":\"https:\/\/www.sonoraenequipo.com.mx\/#\/schema\/person\/image\/\",\"url\":\"https:\/\/secure.gravatar.com\/avatar\/049821681b589dabc0bc20695993ccebb09f5b5d4d790cd9251b97faac7c652b?s=96&d=blank&r=g\",\"contentUrl\":\"https:\/\/secure.gravatar.com\/avatar\/049821681b589dabc0bc20695993ccebb09f5b5d4d790cd9251b97faac7c652b?s=96&d=blank&r=g\",\"caption\":\"enequipo\"},\"sameAs\":[\"https:\/\/www.facebook.com\/SonoraEE\"]}]}<\/script>\n ","yoast_head_json":{"title":"Sonora en Equipo. Econom\u00eda de M\u00e9xico es s\u00f3lida: presidente Rep\u00fablica","description":"CIUDAD DE M\u00c9XICO. MX. \u2014 El presidente Andr\u00e9s Manuel L\u00f3pez Obrador asegur\u00f3 que la econom\u00eda nacional se encuentra en condiciones favorables gracias a la En Sonora en Equipo publicamos toda la informaci\u00f3n de Sonora, M\u00e9xico y el Mundo de manera oportuna y busca que la libertad de expresi\u00f3n sea real. Visita nuestro medio informativo publicado desde Hermosillo, Sonora. %","robots":{"index":"index","follow":"follow","max-snippet":"max-snippet:-1","max-image-preview":"max-image-preview:large","max-video-preview":"max-video-preview:-1"},"canonical":"https:\/\/www.sonoraenequipo.com.mx\/economia-de-mexico-es-solida-presidente\/","og_locale":"es_ES","og_type":"article","og_title":"Sonora en Equipo. Econom\u00eda de M\u00e9xico es s\u00f3lida: presidente Rep\u00fablica","og_description":"CIUDAD DE M\u00c9XICO. MX. \u2014 El presidente Andr\u00e9s Manuel L\u00f3pez Obrador asegur\u00f3 que la econom\u00eda nacional se encuentra en condiciones favorables gracias a la En Sonora en Equipo publicamos toda la informaci\u00f3n de Sonora, M\u00e9xico y el Mundo de manera oportuna y busca que la libertad de expresi\u00f3n sea real. Visita nuestro medio informativo publicado desde Hermosillo, Sonora. %","og_url":"https:\/\/www.sonoraenequipo.com.mx\/economia-de-mexico-es-solida-presidente\/","og_site_name":"Sonora en Equipo.","article_publisher":"https:\/\/www.facebook.com\/SonoraEE\/","article_author":"https:\/\/www.facebook.com\/SonoraEE","article_published_time":"2022-09-21T16:45:26+00:00","article_modified_time":"2022-09-22T14:20:18+00:00","og_image":[{"width":900,"height":514,"url":"https:\/\/www.sonoraenequipo.com.mx\/storage\/2022\/09\/lopez-obrador-2022.09.21.jpg","type":"image\/jpeg"}],"author":"enequipo","twitter_card":"summary_large_image","twitter_creator":"@sonoraenequipo","twitter_site":"@sonoraenequipo","twitter_misc":{"Escrito por":"enequipo","Tiempo de lectura":"3 minutos"},"schema":{"@context":"https:\/\/schema.org","@graph":[{"@type":"Article","@id":"https:\/\/www.sonoraenequipo.com.mx\/economia-de-mexico-es-solida-presidente\/#article","isPartOf":{"@id":"https:\/\/www.sonoraenequipo.com.mx\/economia-de-mexico-es-solida-presidente\/"},"author":{"name":"enequipo","@id":"https:\/\/www.sonoraenequipo.com.mx\/#\/schema\/person\/50102df0fb23a8fa9e8effad8fa81386"},"headline":"Econom\u00eda de M\u00e9xico es s\u00f3lida: presidente","datePublished":"2022-09-21T16:45:26+00:00","dateModified":"2022-09-22T14:20:18+00:00","mainEntityOfPage":{"@id":"https:\/\/www.sonoraenequipo.com.mx\/economia-de-mexico-es-solida-presidente\/"},"wordCount":530,"commentCount":0,"publisher":{"@id":"https:\/\/www.sonoraenequipo.com.mx\/#organization"},"image":{"@id":"https:\/\/www.sonoraenequipo.com.mx\/economia-de-mexico-es-solida-presidente\/#primaryimage"},"thumbnailUrl":"https:\/\/www.sonoraenequipo.com.mx\/storage\/2022\/09\/lopez-obrador-2022.09.21.jpg","articleSection":["Rep\u00fablica"],"inLanguage":"es","potentialAction":[{"@type":"CommentAction","name":"Comment","target":["https:\/\/www.sonoraenequipo.com.mx\/economia-de-mexico-es-solida-presidente\/#respond"]}]},{"@type":"WebPage","@id":"https:\/\/www.sonoraenequipo.com.mx\/economia-de-mexico-es-solida-presidente\/","url":"https:\/\/www.sonoraenequipo.com.mx\/economia-de-mexico-es-solida-presidente\/","name":"Sonora en Equipo. Econom\u00eda de M\u00e9xico es s\u00f3lida: presidente Rep\u00fablica","isPartOf":{"@id":"https:\/\/www.sonoraenequipo.com.mx\/#website"},"primaryImageOfPage":{"@id":"https:\/\/www.sonoraenequipo.com.mx\/economia-de-mexico-es-solida-presidente\/#primaryimage"},"image":{"@id":"https:\/\/www.sonoraenequipo.com.mx\/economia-de-mexico-es-solida-presidente\/#primaryimage"},"thumbnailUrl":"https:\/\/www.sonoraenequipo.com.mx\/storage\/2022\/09\/lopez-obrador-2022.09.21.jpg","datePublished":"2022-09-21T16:45:26+00:00","dateModified":"2022-09-22T14:20:18+00:00","description":"CIUDAD DE M\u00c9XICO. MX. \u2014 El presidente Andr\u00e9s Manuel L\u00f3pez Obrador asegur\u00f3 que la econom\u00eda nacional se encuentra en condiciones favorables gracias a la En Sonora en Equipo publicamos toda la informaci\u00f3n de Sonora, M\u00e9xico y el Mundo de manera oportuna y busca que la libertad de expresi\u00f3n sea real. Visita nuestro medio informativo publicado desde Hermosillo, Sonora. %","breadcrumb":{"@id":"https:\/\/www.sonoraenequipo.com.mx\/economia-de-mexico-es-solida-presidente\/#breadcrumb"},"inLanguage":"es","potentialAction":[{"@type":"ReadAction","target":["https:\/\/www.sonoraenequipo.com.mx\/economia-de-mexico-es-solida-presidente\/"]}]},{"@type":"ImageObject","inLanguage":"es","@id":"https:\/\/www.sonoraenequipo.com.mx\/economia-de-mexico-es-solida-presidente\/#primaryimage","url":"https:\/\/www.sonoraenequipo.com.mx\/storage\/2022\/09\/lopez-obrador-2022.09.21.jpg","contentUrl":"https:\/\/www.sonoraenequipo.com.mx\/storage\/2022\/09\/lopez-obrador-2022.09.21.jpg","width":900,"height":514},{"@type":"BreadcrumbList","@id":"https:\/\/www.sonoraenequipo.com.mx\/economia-de-mexico-es-solida-presidente\/#breadcrumb","itemListElement":[{"@type":"ListItem","position":1,"name":"Portada","item":"https:\/\/www.sonoraenequipo.com.mx\/"},{"@type":"ListItem","position":2,"name":"Econom\u00eda de M\u00e9xico es s\u00f3lida: presidente"}]},{"@type":"WebSite","@id":"https:\/\/www.sonoraenequipo.com.mx\/#website","url":"https:\/\/www.sonoraenequipo.com.mx\/","name":"Sonora en Equipo.","description":"Diario en l\u00ednea con Noticias desde Hermosillo, Sonora","publisher":{"@id":"https:\/\/www.sonoraenequipo.com.mx\/#organization"},"potentialAction":[{"@type":"SearchAction","target":{"@type":"EntryPoint","urlTemplate":"https:\/\/www.sonoraenequipo.com.mx\/?s={search_term_string}"},"query-input":{"@type":"PropertyValueSpecification","valueRequired":true,"valueName":"search_term_string"}}],"inLanguage":"es"},{"@type":"Organization","@id":"https:\/\/www.sonoraenequipo.com.mx\/#organization","name":"Sonoraenequipo.com.mx","url":"https:\/\/www.sonoraenequipo.com.mx\/","logo":{"@type":"ImageObject","inLanguage":"es","@id":"https:\/\/www.sonoraenequipo.com.mx\/#\/schema\/logo\/image\/","url":"https:\/\/www.sonoraenequipo.com.mx\/storage\/2019\/01\/sonoraenequipo_opt.png","contentUrl":"https:\/\/www.sonoraenequipo.com.mx\/storage\/2019\/01\/sonoraenequipo_opt.png","width":375,"height":125,"caption":"Sonoraenequipo.com.mx"},"image":{"@id":"https:\/\/www.sonoraenequipo.com.mx\/#\/schema\/logo\/image\/"},"sameAs":["https:\/\/www.facebook.com\/SonoraEE\/","https:\/\/x.com\/sonoraenequipo","https:\/\/www.youtube.com\/channel\/UC338nW-lPEYmJQs4ZABQ1SQ"]},{"@type":"Person","@id":"https:\/\/www.sonoraenequipo.com.mx\/#\/schema\/person\/50102df0fb23a8fa9e8effad8fa81386","name":"enequipo","image":{"@type":"ImageObject","inLanguage":"es","@id":"https:\/\/www.sonoraenequipo.com.mx\/#\/schema\/person\/image\/","url":"https:\/\/secure.gravatar.com\/avatar\/049821681b589dabc0bc20695993ccebb09f5b5d4d790cd9251b97faac7c652b?s=96&d=blank&r=g","contentUrl":"https:\/\/secure.gravatar.com\/avatar\/049821681b589dabc0bc20695993ccebb09f5b5d4d790cd9251b97faac7c652b?s=96&d=blank&r=g","caption":"enequipo"},"sameAs":["https:\/\/www.facebook.com\/SonoraEE"]}]}},"jetpack_featured_media_url":"https:\/\/www.sonoraenequipo.com.mx\/storage\/2022\/09\/lopez-obrador-2022.09.21.jpg","_links":{"self":[{"href":"https:\/\/www.sonoraenequipo.com.mx\/api\/wp\/v2\/posts\/147503","targetHints":{"allow":["GET"]}}],"collection":[{"href":"https:\/\/www.sonoraenequipo.com.mx\/api\/wp\/v2\/posts"}],"about":[{"href":"https:\/\/www.sonoraenequipo.com.mx\/api\/wp\/v2\/types\/post"}],"author":[{"embeddable":true,"href":"https:\/\/www.sonoraenequipo.com.mx\/api\/wp\/v2\/users\/1"}],"replies":[{"embeddable":true,"href":"https:\/\/www.sonoraenequipo.com.mx\/api\/wp\/v2\/comments?post=147503"}],"version-history":[{"count":1,"href":"https:\/\/www.sonoraenequipo.com.mx\/api\/wp\/v2\/posts\/147503\/revisions"}],"predecessor-version":[{"id":147504,"href":"https:\/\/www.sonoraenequipo.com.mx\/api\/wp\/v2\/posts\/147503\/revisions\/147504"}],"wp:featuredmedia":[{"embeddable":true,"href":"https:\/\/www.sonoraenequipo.com.mx\/api\/wp\/v2\/media\/147492"}],"wp:attachment":[{"href":"https:\/\/www.sonoraenequipo.com.mx\/api\/wp\/v2\/media?parent=147503"}],"wp:term":[{"taxonomy":"category","embeddable":true,"href":"https:\/\/www.sonoraenequipo.com.mx\/api\/wp\/v2\/categories?post=147503"},{"taxonomy":"post_tag","embeddable":true,"href":"https:\/\/www.sonoraenequipo.com.mx\/api\/wp\/v2\/tags?post=147503"}],"curies":[{"name":"wp","href":"https:\/\/api.w.org\/{rel}","templated":true}]}}