{"id":147520,"date":"2022-09-22T11:37:40","date_gmt":"2022-09-22T18:37:40","guid":{"rendered":"https:\/\/www.sonoraenequipo.com.mx\/?p=147520"},"modified":"2022-09-22T11:37:40","modified_gmt":"2022-09-22T18:37:40","slug":"convocan-a-volibolista-sonorense-a-la-seleccion-nacional-u21-varonil","status":"publish","type":"post","link":"https:\/\/www.sonoraenequipo.com.mx\/convocan-a-volibolista-sonorense-a-la-seleccion-nacional-u21-varonil\/","title":{"rendered":"Convocan a volibolista sonorense a la selecci\u00f3n nacional U21 varonil"},"content":{"rendered":"<p>\u25baEs Bryan V\u00e1zquez quien fue llamado a la preselecci\u00f3n nacional de esa categor\u00eda que busca asistir a la Copa Panamericana<\/p>\n<p>&nbsp;<\/p>\n<p><strong>HERMOSILLO, SONORA,MX.<\/strong><strong>\u2500\u2500<\/strong> El volibol sonorense sigue aportando talento a los equipos nacionales, despu\u00e9s de que el jugador Bryan Nahum V\u00e1zquez fue tomado en cuenta para la preselecci\u00f3n U21 rumbo a la Copa Panamericana de la categor\u00eda.<\/p>\n<p>&nbsp;<\/p>\n<p>El pr\u00f3ximo paso para V\u00e1zquez Grijalva es esperar si hizo el grado para jugar como parte del primer equipo despu\u00e9s de cumplir con una concentraci\u00f3n realizada en el Centro Nacional de Alto Rendimiento (CNAR).<\/p>\n<p>&nbsp;<\/p>\n<p>Posteriormente, la Federaci\u00f3n Mexicana de Volibol (FMVB) dar\u00e1 a conocer los 12 integrantes que conformar\u00e1n la escuadra azteca que representar\u00e1 al pa\u00eds entre el 1 y 9 de octubre en La Habana, Cuba, sede del certamen continental.<\/p>\n<p>&nbsp;<\/p>\n<p>El joven sonorense tratar\u00e1 de anexarse como el und\u00e9cimo jugador de nuestra entidad dentro de un seleccionado nacional ya que actualmente hay diez volibolistas originarios de Sonora en diferentes equipos de varias categor\u00edas.<\/p>\n<p>&nbsp;<\/p>\n<p>En la Mayor est\u00e1n Miguel Ch\u00e1vez y Karina Flores G\u00e1mez; en la Libre, Pamela Durazo y Jes\u00fas Rom\u00e1n Izaguirre; mientras que en la Sub 20, Jos\u00e9 Gael Cano; en tanto que en la Sub 19 hay tres: Grecia Mar\u00eda Ung, Karla Lorenia Esquer y V\u00edctor Andr\u00e9 Miranda. Adem\u00e1s, en la selecci\u00f3n 2002 aparece Gloria Argentina Ung y en la 2005 Paula Camila Ben\u00edtez.<\/p>\n<p><strong><u>Fecha de publicaci\u00f3n 21 de septiembre de 2022<\/u><\/strong><\/p>\n","protected":false},"excerpt":{"rendered":"<p>\u25baEs Bryan V\u00e1zquez quien fue llamado a la preselecci\u00f3n nacional de esa categor\u00eda que busca&#8230;<\/p>\n","protected":false},"author":1,"featured_media":147521,"comment_status":"open","ping_status":"open","sticky":false,"template":"","format":"standard","meta":{"_monsterinsights_skip_tracking":false,"_monsterinsights_sitenote_active":false,"_monsterinsights_sitenote_note":"","_monsterinsights_sitenote_category":0,"footnotes":""},"categories":[10],"tags":[15,7251],"class_list":["post"],"yoast_head":" \n<title>Sonora en Equipo. Convocan a volibolista sonorense a la selecci\u00f3n nacional U21 varonil Deportes<\/title>\n<meta name=\"description\" content=\"\u25baEs Bryan V\u00e1zquez quien fue llamado a la preselecci\u00f3n nacional de esa categor\u00eda que busca asistir a la Copa Panamericana &nbsp; HERMOSILLO, SONORA,MX.\u2500\u2500 En Sonora en Equipo publicamos toda la informaci\u00f3n de Sonora, M\u00e9xico y el Mundo de manera oportuna y busca que la libertad de expresi\u00f3n sea real. Visita nuestro medio informativo publicado desde Hermosillo, Sonora. %\" \/>\n<meta name=\"robots\" content=\"index, follow, max-snippet:-1, max-image-preview:large, max-video-preview:-1\" \/>\n<link rel=\"canonical\" href=\"https:\/\/www.sonoraenequipo.com.mx\/convocan-a-volibolista-sonorense-a-la-seleccion-nacional-u21-varonil\/\" \/>\n<meta property=\"og:locale\" content=\"es_ES\" \/>\n<meta property=\"og:type\" content=\"article\" \/>\n<meta property=\"og:title\" content=\"Sonora en Equipo. Convocan a volibolista sonorense a la selecci\u00f3n nacional U21 varonil Deportes\" \/>\n<meta property=\"og:description\" content=\"\u25baEs Bryan V\u00e1zquez quien fue llamado a la preselecci\u00f3n nacional de esa categor\u00eda que busca asistir a la Copa Panamericana &nbsp; HERMOSILLO, SONORA,MX.\u2500\u2500 En Sonora en Equipo publicamos toda la informaci\u00f3n de Sonora, M\u00e9xico y el Mundo de manera oportuna y busca que la libertad de expresi\u00f3n sea real. Visita nuestro medio informativo publicado desde Hermosillo, Sonora. %\" \/>\n<meta property=\"og:url\" content=\"https:\/\/www.sonoraenequipo.com.mx\/convocan-a-volibolista-sonorense-a-la-seleccion-nacional-u21-varonil\/\" \/>\n<meta property=\"og:site_name\" content=\"Sonora en Equipo.\" \/>\n<meta property=\"article:publisher\" content=\"https:\/\/www.facebook.com\/SonoraEE\/\" \/>\n<meta property=\"article:author\" content=\"https:\/\/www.facebook.com\/SonoraEE\" \/>\n<meta property=\"article:published_time\" content=\"2022-09-22T18:37:40+00:00\" \/>\n<meta property=\"og:image\" content=\"https:\/\/www.sonoraenequipo.com.mx\/storage\/2022\/09\/Bryan.jpg\" \/>\n\t<meta property=\"og:image:width\" content=\"700\" \/>\n\t<meta property=\"og:image:height\" content=\"500\" \/>\n\t<meta property=\"og:image:type\" content=\"image\/jpeg\" \/>\n<meta name=\"author\" content=\"enequipo\" \/>\n<meta name=\"twitter:card\" content=\"summary_large_image\" \/>\n<meta name=\"twitter:creator\" content=\"@sonoraenequipo\" \/>\n<meta name=\"twitter:site\" content=\"@sonoraenequipo\" \/>\n<meta name=\"twitter:label1\" content=\"Escrito por\" \/>\n\t<meta name=\"twitter:data1\" content=\"enequipo\" \/>\n\t<meta name=\"twitter:label2\" content=\"Tiempo de lectura\" \/>\n\t<meta name=\"twitter:data2\" content=\"1 minuto\" \/>\n<script type=\"application\/ld+json\" class=\"yoast-schema-graph\">{\"@context\":\"https:\/\/schema.org\",\"@graph\":[{\"@type\":\"Article\",\"@id\":\"https:\/\/www.sonoraenequipo.com.mx\/convocan-a-volibolista-sonorense-a-la-seleccion-nacional-u21-varonil\/#article\",\"isPartOf\":{\"@id\":\"https:\/\/www.sonoraenequipo.com.mx\/convocan-a-volibolista-sonorense-a-la-seleccion-nacional-u21-varonil\/\"},\"author\":{\"name\":\"enequipo\",\"@id\":\"https:\/\/www.sonoraenequipo.com.mx\/#\/schema\/person\/50102df0fb23a8fa9e8effad8fa81386\"},\"headline\":\"Convocan a volibolista sonorense a la selecci\u00f3n nacional U21 varonil\",\"datePublished\":\"2022-09-22T18:37:40+00:00\",\"mainEntityOfPage\":{\"@id\":\"https:\/\/www.sonoraenequipo.com.mx\/convocan-a-volibolista-sonorense-a-la-seleccion-nacional-u21-varonil\/\"},\"wordCount\":266,\"commentCount\":0,\"publisher\":{\"@id\":\"https:\/\/www.sonoraenequipo.com.mx\/#organization\"},\"image\":{\"@id\":\"https:\/\/www.sonoraenequipo.com.mx\/convocan-a-volibolista-sonorense-a-la-seleccion-nacional-u21-varonil\/#primaryimage\"},\"thumbnailUrl\":\"https:\/\/www.sonoraenequipo.com.mx\/storage\/2022\/09\/Bryan.jpg\",\"keywords\":[\"Sonora\",\"volibol\"],\"articleSection\":[\"Deportes\"],\"inLanguage\":\"es\",\"potentialAction\":[{\"@type\":\"CommentAction\",\"name\":\"Comment\",\"target\":[\"https:\/\/www.sonoraenequipo.com.mx\/convocan-a-volibolista-sonorense-a-la-seleccion-nacional-u21-varonil\/#respond\"]}]},{\"@type\":\"WebPage\",\"@id\":\"https:\/\/www.sonoraenequipo.com.mx\/convocan-a-volibolista-sonorense-a-la-seleccion-nacional-u21-varonil\/\",\"url\":\"https:\/\/www.sonoraenequipo.com.mx\/convocan-a-volibolista-sonorense-a-la-seleccion-nacional-u21-varonil\/\",\"name\":\"Sonora en Equipo. Convocan a volibolista sonorense a la selecci\u00f3n nacional U21 varonil Deportes\",\"isPartOf\":{\"@id\":\"https:\/\/www.sonoraenequipo.com.mx\/#website\"},\"primaryImageOfPage\":{\"@id\":\"https:\/\/www.sonoraenequipo.com.mx\/convocan-a-volibolista-sonorense-a-la-seleccion-nacional-u21-varonil\/#primaryimage\"},\"image\":{\"@id\":\"https:\/\/www.sonoraenequipo.com.mx\/convocan-a-volibolista-sonorense-a-la-seleccion-nacional-u21-varonil\/#primaryimage\"},\"thumbnailUrl\":\"https:\/\/www.sonoraenequipo.com.mx\/storage\/2022\/09\/Bryan.jpg\",\"datePublished\":\"2022-09-22T18:37:40+00:00\",\"description\":\"\u25baEs Bryan V\u00e1zquez quien fue llamado a la preselecci\u00f3n nacional de esa categor\u00eda que busca asistir a la Copa Panamericana &nbsp; HERMOSILLO, SONORA,MX.\u2500\u2500 En Sonora en Equipo publicamos toda la informaci\u00f3n de Sonora, M\u00e9xico y el Mundo de manera oportuna y busca que la libertad de expresi\u00f3n sea real. Visita nuestro medio informativo publicado desde Hermosillo, Sonora. %\",\"breadcrumb\":{\"@id\":\"https:\/\/www.sonoraenequipo.com.mx\/convocan-a-volibolista-sonorense-a-la-seleccion-nacional-u21-varonil\/#breadcrumb\"},\"inLanguage\":\"es\",\"potentialAction\":[{\"@type\":\"ReadAction\",\"target\":[\"https:\/\/www.sonoraenequipo.com.mx\/convocan-a-volibolista-sonorense-a-la-seleccion-nacional-u21-varonil\/\"]}]},{\"@type\":\"ImageObject\",\"inLanguage\":\"es\",\"@id\":\"https:\/\/www.sonoraenequipo.com.mx\/convocan-a-volibolista-sonorense-a-la-seleccion-nacional-u21-varonil\/#primaryimage\",\"url\":\"https:\/\/www.sonoraenequipo.com.mx\/storage\/2022\/09\/Bryan.jpg\",\"contentUrl\":\"https:\/\/www.sonoraenequipo.com.mx\/storage\/2022\/09\/Bryan.jpg\",\"width\":700,\"height\":500},{\"@type\":\"BreadcrumbList\",\"@id\":\"https:\/\/www.sonoraenequipo.com.mx\/convocan-a-volibolista-sonorense-a-la-seleccion-nacional-u21-varonil\/#breadcrumb\",\"itemListElement\":[{\"@type\":\"ListItem\",\"position\":1,\"name\":\"Portada\",\"item\":\"https:\/\/www.sonoraenequipo.com.mx\/\"},{\"@type\":\"ListItem\",\"position\":2,\"name\":\"Convocan a volibolista sonorense a la selecci\u00f3n nacional U21 varonil\"}]},{\"@type\":\"WebSite\",\"@id\":\"https:\/\/www.sonoraenequipo.com.mx\/#website\",\"url\":\"https:\/\/www.sonoraenequipo.com.mx\/\",\"name\":\"Sonora en Equipo.\",\"description\":\"Diario en l\u00ednea con Noticias desde Hermosillo, Sonora\",\"publisher\":{\"@id\":\"https:\/\/www.sonoraenequipo.com.mx\/#organization\"},\"potentialAction\":[{\"@type\":\"SearchAction\",\"target\":{\"@type\":\"EntryPoint\",\"urlTemplate\":\"https:\/\/www.sonoraenequipo.com.mx\/?s={search_term_string}\"},\"query-input\":{\"@type\":\"PropertyValueSpecification\",\"valueRequired\":true,\"valueName\":\"search_term_string\"}}],\"inLanguage\":\"es\"},{\"@type\":\"Organization\",\"@id\":\"https:\/\/www.sonoraenequipo.com.mx\/#organization\",\"name\":\"Sonoraenequipo.com.mx\",\"url\":\"https:\/\/www.sonoraenequipo.com.mx\/\",\"logo\":{\"@type\":\"ImageObject\",\"inLanguage\":\"es\",\"@id\":\"https:\/\/www.sonoraenequipo.com.mx\/#\/schema\/logo\/image\/\",\"url\":\"https:\/\/www.sonoraenequipo.com.mx\/storage\/2019\/01\/sonoraenequipo_opt.png\",\"contentUrl\":\"https:\/\/www.sonoraenequipo.com.mx\/storage\/2019\/01\/sonoraenequipo_opt.png\",\"width\":375,\"height\":125,\"caption\":\"Sonoraenequipo.com.mx\"},\"image\":{\"@id\":\"https:\/\/www.sonoraenequipo.com.mx\/#\/schema\/logo\/image\/\"},\"sameAs\":[\"https:\/\/www.facebook.com\/SonoraEE\/\",\"https:\/\/x.com\/sonoraenequipo\",\"https:\/\/www.youtube.com\/channel\/UC338nW-lPEYmJQs4ZABQ1SQ\"]},{\"@type\":\"Person\",\"@id\":\"https:\/\/www.sonoraenequipo.com.mx\/#\/schema\/person\/50102df0fb23a8fa9e8effad8fa81386\",\"name\":\"enequipo\",\"image\":{\"@type\":\"ImageObject\",\"inLanguage\":\"es\",\"@id\":\"https:\/\/www.sonoraenequipo.com.mx\/#\/schema\/person\/image\/\",\"url\":\"https:\/\/secure.gravatar.com\/avatar\/049821681b589dabc0bc20695993ccebb09f5b5d4d790cd9251b97faac7c652b?s=96&d=blank&r=g\",\"contentUrl\":\"https:\/\/secure.gravatar.com\/avatar\/049821681b589dabc0bc20695993ccebb09f5b5d4d790cd9251b97faac7c652b?s=96&d=blank&r=g\",\"caption\":\"enequipo\"},\"sameAs\":[\"https:\/\/www.facebook.com\/SonoraEE\"]}]}<\/script>\n ","yoast_head_json":{"title":"Sonora en Equipo. Convocan a volibolista sonorense a la selecci\u00f3n nacional U21 varonil Deportes","description":"\u25baEs Bryan V\u00e1zquez quien fue llamado a la preselecci\u00f3n nacional de esa categor\u00eda que busca asistir a la Copa Panamericana &nbsp; HERMOSILLO, SONORA,MX.\u2500\u2500 En Sonora en Equipo publicamos toda la informaci\u00f3n de Sonora, M\u00e9xico y el Mundo de manera oportuna y busca que la libertad de expresi\u00f3n sea real. Visita nuestro medio informativo publicado desde Hermosillo, Sonora. %","robots":{"index":"index","follow":"follow","max-snippet":"max-snippet:-1","max-image-preview":"max-image-preview:large","max-video-preview":"max-video-preview:-1"},"canonical":"https:\/\/www.sonoraenequipo.com.mx\/convocan-a-volibolista-sonorense-a-la-seleccion-nacional-u21-varonil\/","og_locale":"es_ES","og_type":"article","og_title":"Sonora en Equipo. Convocan a volibolista sonorense a la selecci\u00f3n nacional U21 varonil Deportes","og_description":"\u25baEs Bryan V\u00e1zquez quien fue llamado a la preselecci\u00f3n nacional de esa categor\u00eda que busca asistir a la Copa Panamericana &nbsp; HERMOSILLO, SONORA,MX.\u2500\u2500 En Sonora en Equipo publicamos toda la informaci\u00f3n de Sonora, M\u00e9xico y el Mundo de manera oportuna y busca que la libertad de expresi\u00f3n sea real. Visita nuestro medio informativo publicado desde Hermosillo, Sonora. %","og_url":"https:\/\/www.sonoraenequipo.com.mx\/convocan-a-volibolista-sonorense-a-la-seleccion-nacional-u21-varonil\/","og_site_name":"Sonora en Equipo.","article_publisher":"https:\/\/www.facebook.com\/SonoraEE\/","article_author":"https:\/\/www.facebook.com\/SonoraEE","article_published_time":"2022-09-22T18:37:40+00:00","og_image":[{"width":700,"height":500,"url":"https:\/\/www.sonoraenequipo.com.mx\/storage\/2022\/09\/Bryan.jpg","type":"image\/jpeg"}],"author":"enequipo","twitter_card":"summary_large_image","twitter_creator":"@sonoraenequipo","twitter_site":"@sonoraenequipo","twitter_misc":{"Escrito por":"enequipo","Tiempo de lectura":"1 minuto"},"schema":{"@context":"https:\/\/schema.org","@graph":[{"@type":"Article","@id":"https:\/\/www.sonoraenequipo.com.mx\/convocan-a-volibolista-sonorense-a-la-seleccion-nacional-u21-varonil\/#article","isPartOf":{"@id":"https:\/\/www.sonoraenequipo.com.mx\/convocan-a-volibolista-sonorense-a-la-seleccion-nacional-u21-varonil\/"},"author":{"name":"enequipo","@id":"https:\/\/www.sonoraenequipo.com.mx\/#\/schema\/person\/50102df0fb23a8fa9e8effad8fa81386"},"headline":"Convocan a volibolista sonorense a la selecci\u00f3n nacional U21 varonil","datePublished":"2022-09-22T18:37:40+00:00","mainEntityOfPage":{"@id":"https:\/\/www.sonoraenequipo.com.mx\/convocan-a-volibolista-sonorense-a-la-seleccion-nacional-u21-varonil\/"},"wordCount":266,"commentCount":0,"publisher":{"@id":"https:\/\/www.sonoraenequipo.com.mx\/#organization"},"image":{"@id":"https:\/\/www.sonoraenequipo.com.mx\/convocan-a-volibolista-sonorense-a-la-seleccion-nacional-u21-varonil\/#primaryimage"},"thumbnailUrl":"https:\/\/www.sonoraenequipo.com.mx\/storage\/2022\/09\/Bryan.jpg","keywords":["Sonora","volibol"],"articleSection":["Deportes"],"inLanguage":"es","potentialAction":[{"@type":"CommentAction","name":"Comment","target":["https:\/\/www.sonoraenequipo.com.mx\/convocan-a-volibolista-sonorense-a-la-seleccion-nacional-u21-varonil\/#respond"]}]},{"@type":"WebPage","@id":"https:\/\/www.sonoraenequipo.com.mx\/convocan-a-volibolista-sonorense-a-la-seleccion-nacional-u21-varonil\/","url":"https:\/\/www.sonoraenequipo.com.mx\/convocan-a-volibolista-sonorense-a-la-seleccion-nacional-u21-varonil\/","name":"Sonora en Equipo. Convocan a volibolista sonorense a la selecci\u00f3n nacional U21 varonil Deportes","isPartOf":{"@id":"https:\/\/www.sonoraenequipo.com.mx\/#website"},"primaryImageOfPage":{"@id":"https:\/\/www.sonoraenequipo.com.mx\/convocan-a-volibolista-sonorense-a-la-seleccion-nacional-u21-varonil\/#primaryimage"},"image":{"@id":"https:\/\/www.sonoraenequipo.com.mx\/convocan-a-volibolista-sonorense-a-la-seleccion-nacional-u21-varonil\/#primaryimage"},"thumbnailUrl":"https:\/\/www.sonoraenequipo.com.mx\/storage\/2022\/09\/Bryan.jpg","datePublished":"2022-09-22T18:37:40+00:00","description":"\u25baEs Bryan V\u00e1zquez quien fue llamado a la preselecci\u00f3n nacional de esa categor\u00eda que busca asistir a la Copa Panamericana &nbsp; HERMOSILLO, SONORA,MX.\u2500\u2500 En Sonora en Equipo publicamos toda la informaci\u00f3n de Sonora, M\u00e9xico y el Mundo de manera oportuna y busca que la libertad de expresi\u00f3n sea real. Visita nuestro medio informativo publicado desde Hermosillo, Sonora. %","breadcrumb":{"@id":"https:\/\/www.sonoraenequipo.com.mx\/convocan-a-volibolista-sonorense-a-la-seleccion-nacional-u21-varonil\/#breadcrumb"},"inLanguage":"es","potentialAction":[{"@type":"ReadAction","target":["https:\/\/www.sonoraenequipo.com.mx\/convocan-a-volibolista-sonorense-a-la-seleccion-nacional-u21-varonil\/"]}]},{"@type":"ImageObject","inLanguage":"es","@id":"https:\/\/www.sonoraenequipo.com.mx\/convocan-a-volibolista-sonorense-a-la-seleccion-nacional-u21-varonil\/#primaryimage","url":"https:\/\/www.sonoraenequipo.com.mx\/storage\/2022\/09\/Bryan.jpg","contentUrl":"https:\/\/www.sonoraenequipo.com.mx\/storage\/2022\/09\/Bryan.jpg","width":700,"height":500},{"@type":"BreadcrumbList","@id":"https:\/\/www.sonoraenequipo.com.mx\/convocan-a-volibolista-sonorense-a-la-seleccion-nacional-u21-varonil\/#breadcrumb","itemListElement":[{"@type":"ListItem","position":1,"name":"Portada","item":"https:\/\/www.sonoraenequipo.com.mx\/"},{"@type":"ListItem","position":2,"name":"Convocan a volibolista sonorense a la selecci\u00f3n nacional U21 varonil"}]},{"@type":"WebSite","@id":"https:\/\/www.sonoraenequipo.com.mx\/#website","url":"https:\/\/www.sonoraenequipo.com.mx\/","name":"Sonora en Equipo.","description":"Diario en l\u00ednea con Noticias desde Hermosillo, Sonora","publisher":{"@id":"https:\/\/www.sonoraenequipo.com.mx\/#organization"},"potentialAction":[{"@type":"SearchAction","target":{"@type":"EntryPoint","urlTemplate":"https:\/\/www.sonoraenequipo.com.mx\/?s={search_term_string}"},"query-input":{"@type":"PropertyValueSpecification","valueRequired":true,"valueName":"search_term_string"}}],"inLanguage":"es"},{"@type":"Organization","@id":"https:\/\/www.sonoraenequipo.com.mx\/#organization","name":"Sonoraenequipo.com.mx","url":"https:\/\/www.sonoraenequipo.com.mx\/","logo":{"@type":"ImageObject","inLanguage":"es","@id":"https:\/\/www.sonoraenequipo.com.mx\/#\/schema\/logo\/image\/","url":"https:\/\/www.sonoraenequipo.com.mx\/storage\/2019\/01\/sonoraenequipo_opt.png","contentUrl":"https:\/\/www.sonoraenequipo.com.mx\/storage\/2019\/01\/sonoraenequipo_opt.png","width":375,"height":125,"caption":"Sonoraenequipo.com.mx"},"image":{"@id":"https:\/\/www.sonoraenequipo.com.mx\/#\/schema\/logo\/image\/"},"sameAs":["https:\/\/www.facebook.com\/SonoraEE\/","https:\/\/x.com\/sonoraenequipo","https:\/\/www.youtube.com\/channel\/UC338nW-lPEYmJQs4ZABQ1SQ"]},{"@type":"Person","@id":"https:\/\/www.sonoraenequipo.com.mx\/#\/schema\/person\/50102df0fb23a8fa9e8effad8fa81386","name":"enequipo","image":{"@type":"ImageObject","inLanguage":"es","@id":"https:\/\/www.sonoraenequipo.com.mx\/#\/schema\/person\/image\/","url":"https:\/\/secure.gravatar.com\/avatar\/049821681b589dabc0bc20695993ccebb09f5b5d4d790cd9251b97faac7c652b?s=96&d=blank&r=g","contentUrl":"https:\/\/secure.gravatar.com\/avatar\/049821681b589dabc0bc20695993ccebb09f5b5d4d790cd9251b97faac7c652b?s=96&d=blank&r=g","caption":"enequipo"},"sameAs":["https:\/\/www.facebook.com\/SonoraEE"]}]}},"jetpack_featured_media_url":"https:\/\/www.sonoraenequipo.com.mx\/storage\/2022\/09\/Bryan.jpg","_links":{"self":[{"href":"https:\/\/www.sonoraenequipo.com.mx\/api\/wp\/v2\/posts\/147520","targetHints":{"allow":["GET"]}}],"collection":[{"href":"https:\/\/www.sonoraenequipo.com.mx\/api\/wp\/v2\/posts"}],"about":[{"href":"https:\/\/www.sonoraenequipo.com.mx\/api\/wp\/v2\/types\/post"}],"author":[{"embeddable":true,"href":"https:\/\/www.sonoraenequipo.com.mx\/api\/wp\/v2\/users\/1"}],"replies":[{"embeddable":true,"href":"https:\/\/www.sonoraenequipo.com.mx\/api\/wp\/v2\/comments?post=147520"}],"version-history":[{"count":1,"href":"https:\/\/www.sonoraenequipo.com.mx\/api\/wp\/v2\/posts\/147520\/revisions"}],"predecessor-version":[{"id":147522,"href":"https:\/\/www.sonoraenequipo.com.mx\/api\/wp\/v2\/posts\/147520\/revisions\/147522"}],"wp:featuredmedia":[{"embeddable":true,"href":"https:\/\/www.sonoraenequipo.com.mx\/api\/wp\/v2\/media\/147521"}],"wp:attachment":[{"href":"https:\/\/www.sonoraenequipo.com.mx\/api\/wp\/v2\/media?parent=147520"}],"wp:term":[{"taxonomy":"category","embeddable":true,"href":"https:\/\/www.sonoraenequipo.com.mx\/api\/wp\/v2\/categories?post=147520"},{"taxonomy":"post_tag","embeddable":true,"href":"https:\/\/www.sonoraenequipo.com.mx\/api\/wp\/v2\/tags?post=147520"}],"curies":[{"name":"wp","href":"https:\/\/api.w.org\/{rel}","templated":true}]}}