{"id":147523,"date":"2022-09-22T12:04:59","date_gmt":"2022-09-22T19:04:59","guid":{"rendered":"https:\/\/www.sonoraenequipo.com.mx\/?p=147523"},"modified":"2022-09-22T12:04:59","modified_gmt":"2022-09-22T19:04:59","slug":"san-luis-rio-colorado-dan-certeza-juridica-a-terrenos-que-albergan-escuelas-publicas","status":"publish","type":"post","link":"https:\/\/www.sonoraenequipo.com.mx\/san-luis-rio-colorado-dan-certeza-juridica-a-terrenos-que-albergan-escuelas-publicas\/","title":{"rendered":"San Luis R\u00edo Colorado. Dan certeza jur\u00eddica a terrenos que albergan escuelas p\u00fablicas"},"content":{"rendered":"<p>San Luis R\u00edo Colorado. Dan certezajur\u00eddica a terrenos que albergan escuelas p\u00fablicas<\/p>\n<p>\u25baPermitir\u00e1 que los recursos bajen de manera directa y sin intermediarios<\/p>\n<p>&nbsp;<\/p>\n<p><strong>SAN LUIS R\u00cdO COLORADO, SONORA,MX.<\/strong><strong>\u2500\u2500 <\/strong>Para asegurar la certeza jur\u00eddica de los terrenos que albergan las escuelas p\u00fablicas y que \u00e9stas puedan acceder a recursos p\u00fablicos del Gobierno de Sonora, en beneficio del sector educativo, el secretario de Educaci\u00f3n y Cultura y el alcalde de San Luis R\u00edo Colorado firmaron un convenio de colaboraci\u00f3n.<\/p>\n<p>&nbsp;<\/p>\n<p>Aar\u00f3n Grageda Bustamante y Santos Gonz\u00e1lez Yescas, respetivamente, resaltaron la importancia de la vinculaci\u00f3n entre ambas instancias como parte de la colaboraci\u00f3n entre los gobiernos estatal y municipal para materializar la implementaci\u00f3n del programa estatal Patrimonio Escolar Seguro.<\/p>\n<p>&nbsp;<\/p>\n<p>Al respecto, el titular de la SEC reconoci\u00f3 el compromiso que ha refrendado el presidente Santos Gonz\u00e1lez, as\u00ed como la coordinaci\u00f3n, el impulso y el liderazgo del municipio fronterizo para apoyar significativamente a la educaci\u00f3n en San Luis R\u00edo Colorado y en Sonora.<\/p>\n<p>&nbsp;<\/p>\n<p>Con la firma de dicho convenio, abund\u00f3 Grageda Bustamante, se fortalece tambi\u00e9n el funcionamiento del programa \u201cLa Escuela Es Nuestra\u201d (LEEN) en aquellos centros escolares que no cuentan con un registro establecido dentro de la SEC y que ya podr\u00e1n lograr una escrituraci\u00f3n de los inmuebles de manera coordinada con ayuntamiento.<\/p>\n<p>&nbsp;<\/p>\n<p>Por su parte, el alcalde reiter\u00f3 que el Gobierno de Sonora cuenta con todo el apoyo del 29 Ayuntamiento de San Luis R\u00edo Colorado, a trav\u00e9s de la direcci\u00f3n municipal de Catastro, para acreditar la propiedad de las escuelas a su favor por lo que asegur\u00f3 que proporcionar\u00e1n la informaci\u00f3n necesaria, as\u00ed como los tr\u00e1mites correspondientes para que avance el proyecto.<\/p>\n<p>&nbsp;<\/p>\n<p>En la responsabilidad que toca a la administraci\u00f3n local con el apoyo a las escuelas, abund\u00f3, se coadyuva con muchas acciones, obras y recursos para la infraestructura escolar, seguridad y trabajo con todas las comunidades educativas tanto en la ciudad como en el valle.<\/p>\n<p>&nbsp;<\/p>\n<p>Para la firma de convenio tambi\u00e9n estuvieron presentes el secretario del Ayuntamiento, H\u00e9ctor Sandoval G\u00e1mez; el director de Catastro, Federico Mungu\u00eda Loustaunau; la s\u00edndico municipal, Ver\u00f3nica Patricia Acosta Bracamontes; el representante jur\u00eddico de los Servicios Educativos del Estado de Sonora (SEES), Jes\u00fas Alberto Camacho Meza y el delegado Regional de la SEC, Miguel \u00c1ngel Soto Monta\u00f1o.<\/p>\n<p><strong><u>Fecha de publicaci\u00f3n 22 de septiembre de 2022<\/u><\/strong><\/p>\n","protected":false},"excerpt":{"rendered":"<p>San Luis R\u00edo Colorado. Dan certezajur\u00eddica a terrenos que albergan escuelas p\u00fablicas \u25baPermitir\u00e1 que los&#8230;<\/p>\n","protected":false},"author":1,"featured_media":147524,"comment_status":"open","ping_status":"open","sticky":false,"template":"","format":"standard","meta":{"_monsterinsights_skip_tracking":false,"_monsterinsights_sitenote_active":false,"_monsterinsights_sitenote_note":"","_monsterinsights_sitenote_category":0,"footnotes":""},"categories":[4],"tags":[24,483,15],"class_list":["post"],"yoast_head":" \n<title>Sonora en Equipo. San Luis R\u00edo Colorado. Dan certeza jur\u00eddica a terrenos que albergan escuelas p\u00fablicas Municipios<\/title>\n<meta name=\"description\" content=\"San Luis R\u00edo Colorado. Dan certezajur\u00eddica a terrenos que albergan escuelas p\u00fablicas \u25baPermitir\u00e1 que los recursos bajen de manera directa y sin En Sonora en Equipo publicamos toda la informaci\u00f3n de Sonora, M\u00e9xico y el Mundo de manera oportuna y busca que la libertad de expresi\u00f3n sea real. Visita nuestro medio informativo publicado desde Hermosillo, Sonora. %\" \/>\n<meta name=\"robots\" content=\"index, follow, max-snippet:-1, max-image-preview:large, max-video-preview:-1\" \/>\n<link rel=\"canonical\" href=\"https:\/\/www.sonoraenequipo.com.mx\/san-luis-rio-colorado-dan-certeza-juridica-a-terrenos-que-albergan-escuelas-publicas\/\" \/>\n<meta property=\"og:locale\" content=\"es_ES\" \/>\n<meta property=\"og:type\" content=\"article\" \/>\n<meta property=\"og:title\" content=\"Sonora en Equipo. San Luis R\u00edo Colorado. Dan certeza jur\u00eddica a terrenos que albergan escuelas p\u00fablicas Municipios\" \/>\n<meta property=\"og:description\" content=\"San Luis R\u00edo Colorado. Dan certezajur\u00eddica a terrenos que albergan escuelas p\u00fablicas \u25baPermitir\u00e1 que los recursos bajen de manera directa y sin En Sonora en Equipo publicamos toda la informaci\u00f3n de Sonora, M\u00e9xico y el Mundo de manera oportuna y busca que la libertad de expresi\u00f3n sea real. Visita nuestro medio informativo publicado desde Hermosillo, Sonora. %\" \/>\n<meta property=\"og:url\" content=\"https:\/\/www.sonoraenequipo.com.mx\/san-luis-rio-colorado-dan-certeza-juridica-a-terrenos-que-albergan-escuelas-publicas\/\" \/>\n<meta property=\"og:site_name\" content=\"Sonora en Equipo.\" \/>\n<meta property=\"article:publisher\" content=\"https:\/\/www.facebook.com\/SonoraEE\/\" \/>\n<meta property=\"article:author\" content=\"https:\/\/www.facebook.com\/SonoraEE\" \/>\n<meta property=\"article:published_time\" content=\"2022-09-22T19:04:59+00:00\" \/>\n<meta property=\"og:image\" content=\"https:\/\/www.sonoraenequipo.com.mx\/storage\/2022\/09\/sec-terrenos.jpg\" \/>\n\t<meta property=\"og:image:width\" content=\"700\" \/>\n\t<meta property=\"og:image:height\" content=\"525\" \/>\n\t<meta property=\"og:image:type\" content=\"image\/jpeg\" \/>\n<meta name=\"author\" content=\"enequipo\" \/>\n<meta name=\"twitter:card\" content=\"summary_large_image\" \/>\n<meta name=\"twitter:creator\" content=\"@sonoraenequipo\" \/>\n<meta name=\"twitter:site\" content=\"@sonoraenequipo\" \/>\n<meta name=\"twitter:label1\" content=\"Escrito por\" \/>\n\t<meta name=\"twitter:data1\" content=\"enequipo\" \/>\n\t<meta name=\"twitter:label2\" content=\"Tiempo de lectura\" \/>\n\t<meta name=\"twitter:data2\" content=\"2 minutos\" \/>\n<script type=\"application\/ld+json\" class=\"yoast-schema-graph\">{\"@context\":\"https:\/\/schema.org\",\"@graph\":[{\"@type\":\"Article\",\"@id\":\"https:\/\/www.sonoraenequipo.com.mx\/san-luis-rio-colorado-dan-certeza-juridica-a-terrenos-que-albergan-escuelas-publicas\/#article\",\"isPartOf\":{\"@id\":\"https:\/\/www.sonoraenequipo.com.mx\/san-luis-rio-colorado-dan-certeza-juridica-a-terrenos-que-albergan-escuelas-publicas\/\"},\"author\":{\"name\":\"enequipo\",\"@id\":\"https:\/\/www.sonoraenequipo.com.mx\/#\/schema\/person\/50102df0fb23a8fa9e8effad8fa81386\"},\"headline\":\"San Luis R\u00edo Colorado. Dan certeza jur\u00eddica a terrenos que albergan escuelas p\u00fablicas\",\"datePublished\":\"2022-09-22T19:04:59+00:00\",\"mainEntityOfPage\":{\"@id\":\"https:\/\/www.sonoraenequipo.com.mx\/san-luis-rio-colorado-dan-certeza-juridica-a-terrenos-que-albergan-escuelas-publicas\/\"},\"wordCount\":438,\"commentCount\":0,\"publisher\":{\"@id\":\"https:\/\/www.sonoraenequipo.com.mx\/#organization\"},\"image\":{\"@id\":\"https:\/\/www.sonoraenequipo.com.mx\/san-luis-rio-colorado-dan-certeza-juridica-a-terrenos-que-albergan-escuelas-publicas\/#primaryimage\"},\"thumbnailUrl\":\"https:\/\/www.sonoraenequipo.com.mx\/storage\/2022\/09\/sec-terrenos.jpg\",\"keywords\":[\"escuelas\",\"SEC\",\"Sonora\"],\"articleSection\":[\"Municipios\"],\"inLanguage\":\"es\",\"potentialAction\":[{\"@type\":\"CommentAction\",\"name\":\"Comment\",\"target\":[\"https:\/\/www.sonoraenequipo.com.mx\/san-luis-rio-colorado-dan-certeza-juridica-a-terrenos-que-albergan-escuelas-publicas\/#respond\"]}]},{\"@type\":\"WebPage\",\"@id\":\"https:\/\/www.sonoraenequipo.com.mx\/san-luis-rio-colorado-dan-certeza-juridica-a-terrenos-que-albergan-escuelas-publicas\/\",\"url\":\"https:\/\/www.sonoraenequipo.com.mx\/san-luis-rio-colorado-dan-certeza-juridica-a-terrenos-que-albergan-escuelas-publicas\/\",\"name\":\"Sonora en Equipo. San Luis R\u00edo Colorado. Dan certeza jur\u00eddica a terrenos que albergan escuelas p\u00fablicas Municipios\",\"isPartOf\":{\"@id\":\"https:\/\/www.sonoraenequipo.com.mx\/#website\"},\"primaryImageOfPage\":{\"@id\":\"https:\/\/www.sonoraenequipo.com.mx\/san-luis-rio-colorado-dan-certeza-juridica-a-terrenos-que-albergan-escuelas-publicas\/#primaryimage\"},\"image\":{\"@id\":\"https:\/\/www.sonoraenequipo.com.mx\/san-luis-rio-colorado-dan-certeza-juridica-a-terrenos-que-albergan-escuelas-publicas\/#primaryimage\"},\"thumbnailUrl\":\"https:\/\/www.sonoraenequipo.com.mx\/storage\/2022\/09\/sec-terrenos.jpg\",\"datePublished\":\"2022-09-22T19:04:59+00:00\",\"description\":\"San Luis R\u00edo Colorado. Dan certezajur\u00eddica a terrenos que albergan escuelas p\u00fablicas \u25baPermitir\u00e1 que los recursos bajen de manera directa y sin En Sonora en Equipo publicamos toda la informaci\u00f3n de Sonora, M\u00e9xico y el Mundo de manera oportuna y busca que la libertad de expresi\u00f3n sea real. Visita nuestro medio informativo publicado desde Hermosillo, Sonora. %\",\"breadcrumb\":{\"@id\":\"https:\/\/www.sonoraenequipo.com.mx\/san-luis-rio-colorado-dan-certeza-juridica-a-terrenos-que-albergan-escuelas-publicas\/#breadcrumb\"},\"inLanguage\":\"es\",\"potentialAction\":[{\"@type\":\"ReadAction\",\"target\":[\"https:\/\/www.sonoraenequipo.com.mx\/san-luis-rio-colorado-dan-certeza-juridica-a-terrenos-que-albergan-escuelas-publicas\/\"]}]},{\"@type\":\"ImageObject\",\"inLanguage\":\"es\",\"@id\":\"https:\/\/www.sonoraenequipo.com.mx\/san-luis-rio-colorado-dan-certeza-juridica-a-terrenos-que-albergan-escuelas-publicas\/#primaryimage\",\"url\":\"https:\/\/www.sonoraenequipo.com.mx\/storage\/2022\/09\/sec-terrenos.jpg\",\"contentUrl\":\"https:\/\/www.sonoraenequipo.com.mx\/storage\/2022\/09\/sec-terrenos.jpg\",\"width\":700,\"height\":525},{\"@type\":\"BreadcrumbList\",\"@id\":\"https:\/\/www.sonoraenequipo.com.mx\/san-luis-rio-colorado-dan-certeza-juridica-a-terrenos-que-albergan-escuelas-publicas\/#breadcrumb\",\"itemListElement\":[{\"@type\":\"ListItem\",\"position\":1,\"name\":\"Portada\",\"item\":\"https:\/\/www.sonoraenequipo.com.mx\/\"},{\"@type\":\"ListItem\",\"position\":2,\"name\":\"San Luis R\u00edo Colorado. Dan certeza jur\u00eddica a terrenos que albergan escuelas p\u00fablicas\"}]},{\"@type\":\"WebSite\",\"@id\":\"https:\/\/www.sonoraenequipo.com.mx\/#website\",\"url\":\"https:\/\/www.sonoraenequipo.com.mx\/\",\"name\":\"Sonora en Equipo.\",\"description\":\"Diario en l\u00ednea con Noticias desde Hermosillo, Sonora\",\"publisher\":{\"@id\":\"https:\/\/www.sonoraenequipo.com.mx\/#organization\"},\"potentialAction\":[{\"@type\":\"SearchAction\",\"target\":{\"@type\":\"EntryPoint\",\"urlTemplate\":\"https:\/\/www.sonoraenequipo.com.mx\/?s={search_term_string}\"},\"query-input\":{\"@type\":\"PropertyValueSpecification\",\"valueRequired\":true,\"valueName\":\"search_term_string\"}}],\"inLanguage\":\"es\"},{\"@type\":\"Organization\",\"@id\":\"https:\/\/www.sonoraenequipo.com.mx\/#organization\",\"name\":\"Sonoraenequipo.com.mx\",\"url\":\"https:\/\/www.sonoraenequipo.com.mx\/\",\"logo\":{\"@type\":\"ImageObject\",\"inLanguage\":\"es\",\"@id\":\"https:\/\/www.sonoraenequipo.com.mx\/#\/schema\/logo\/image\/\",\"url\":\"https:\/\/www.sonoraenequipo.com.mx\/storage\/2019\/01\/sonoraenequipo_opt.png\",\"contentUrl\":\"https:\/\/www.sonoraenequipo.com.mx\/storage\/2019\/01\/sonoraenequipo_opt.png\",\"width\":375,\"height\":125,\"caption\":\"Sonoraenequipo.com.mx\"},\"image\":{\"@id\":\"https:\/\/www.sonoraenequipo.com.mx\/#\/schema\/logo\/image\/\"},\"sameAs\":[\"https:\/\/www.facebook.com\/SonoraEE\/\",\"https:\/\/x.com\/sonoraenequipo\",\"https:\/\/www.youtube.com\/channel\/UC338nW-lPEYmJQs4ZABQ1SQ\"]},{\"@type\":\"Person\",\"@id\":\"https:\/\/www.sonoraenequipo.com.mx\/#\/schema\/person\/50102df0fb23a8fa9e8effad8fa81386\",\"name\":\"enequipo\",\"image\":{\"@type\":\"ImageObject\",\"inLanguage\":\"es\",\"@id\":\"https:\/\/www.sonoraenequipo.com.mx\/#\/schema\/person\/image\/\",\"url\":\"https:\/\/secure.gravatar.com\/avatar\/049821681b589dabc0bc20695993ccebb09f5b5d4d790cd9251b97faac7c652b?s=96&d=blank&r=g\",\"contentUrl\":\"https:\/\/secure.gravatar.com\/avatar\/049821681b589dabc0bc20695993ccebb09f5b5d4d790cd9251b97faac7c652b?s=96&d=blank&r=g\",\"caption\":\"enequipo\"},\"sameAs\":[\"https:\/\/www.facebook.com\/SonoraEE\"]}]}<\/script>\n ","yoast_head_json":{"title":"Sonora en Equipo. San Luis R\u00edo Colorado. Dan certeza jur\u00eddica a terrenos que albergan escuelas p\u00fablicas Municipios","description":"San Luis R\u00edo Colorado. Dan certezajur\u00eddica a terrenos que albergan escuelas p\u00fablicas \u25baPermitir\u00e1 que los recursos bajen de manera directa y sin En Sonora en Equipo publicamos toda la informaci\u00f3n de Sonora, M\u00e9xico y el Mundo de manera oportuna y busca que la libertad de expresi\u00f3n sea real. Visita nuestro medio informativo publicado desde Hermosillo, Sonora. %","robots":{"index":"index","follow":"follow","max-snippet":"max-snippet:-1","max-image-preview":"max-image-preview:large","max-video-preview":"max-video-preview:-1"},"canonical":"https:\/\/www.sonoraenequipo.com.mx\/san-luis-rio-colorado-dan-certeza-juridica-a-terrenos-que-albergan-escuelas-publicas\/","og_locale":"es_ES","og_type":"article","og_title":"Sonora en Equipo. San Luis R\u00edo Colorado. Dan certeza jur\u00eddica a terrenos que albergan escuelas p\u00fablicas Municipios","og_description":"San Luis R\u00edo Colorado. Dan certezajur\u00eddica a terrenos que albergan escuelas p\u00fablicas \u25baPermitir\u00e1 que los recursos bajen de manera directa y sin En Sonora en Equipo publicamos toda la informaci\u00f3n de Sonora, M\u00e9xico y el Mundo de manera oportuna y busca que la libertad de expresi\u00f3n sea real. Visita nuestro medio informativo publicado desde Hermosillo, Sonora. %","og_url":"https:\/\/www.sonoraenequipo.com.mx\/san-luis-rio-colorado-dan-certeza-juridica-a-terrenos-que-albergan-escuelas-publicas\/","og_site_name":"Sonora en Equipo.","article_publisher":"https:\/\/www.facebook.com\/SonoraEE\/","article_author":"https:\/\/www.facebook.com\/SonoraEE","article_published_time":"2022-09-22T19:04:59+00:00","og_image":[{"width":700,"height":525,"url":"https:\/\/www.sonoraenequipo.com.mx\/storage\/2022\/09\/sec-terrenos.jpg","type":"image\/jpeg"}],"author":"enequipo","twitter_card":"summary_large_image","twitter_creator":"@sonoraenequipo","twitter_site":"@sonoraenequipo","twitter_misc":{"Escrito por":"enequipo","Tiempo de lectura":"2 minutos"},"schema":{"@context":"https:\/\/schema.org","@graph":[{"@type":"Article","@id":"https:\/\/www.sonoraenequipo.com.mx\/san-luis-rio-colorado-dan-certeza-juridica-a-terrenos-que-albergan-escuelas-publicas\/#article","isPartOf":{"@id":"https:\/\/www.sonoraenequipo.com.mx\/san-luis-rio-colorado-dan-certeza-juridica-a-terrenos-que-albergan-escuelas-publicas\/"},"author":{"name":"enequipo","@id":"https:\/\/www.sonoraenequipo.com.mx\/#\/schema\/person\/50102df0fb23a8fa9e8effad8fa81386"},"headline":"San Luis R\u00edo Colorado. Dan certeza jur\u00eddica a terrenos que albergan escuelas p\u00fablicas","datePublished":"2022-09-22T19:04:59+00:00","mainEntityOfPage":{"@id":"https:\/\/www.sonoraenequipo.com.mx\/san-luis-rio-colorado-dan-certeza-juridica-a-terrenos-que-albergan-escuelas-publicas\/"},"wordCount":438,"commentCount":0,"publisher":{"@id":"https:\/\/www.sonoraenequipo.com.mx\/#organization"},"image":{"@id":"https:\/\/www.sonoraenequipo.com.mx\/san-luis-rio-colorado-dan-certeza-juridica-a-terrenos-que-albergan-escuelas-publicas\/#primaryimage"},"thumbnailUrl":"https:\/\/www.sonoraenequipo.com.mx\/storage\/2022\/09\/sec-terrenos.jpg","keywords":["escuelas","SEC","Sonora"],"articleSection":["Municipios"],"inLanguage":"es","potentialAction":[{"@type":"CommentAction","name":"Comment","target":["https:\/\/www.sonoraenequipo.com.mx\/san-luis-rio-colorado-dan-certeza-juridica-a-terrenos-que-albergan-escuelas-publicas\/#respond"]}]},{"@type":"WebPage","@id":"https:\/\/www.sonoraenequipo.com.mx\/san-luis-rio-colorado-dan-certeza-juridica-a-terrenos-que-albergan-escuelas-publicas\/","url":"https:\/\/www.sonoraenequipo.com.mx\/san-luis-rio-colorado-dan-certeza-juridica-a-terrenos-que-albergan-escuelas-publicas\/","name":"Sonora en Equipo. San Luis R\u00edo Colorado. Dan certeza jur\u00eddica a terrenos que albergan escuelas p\u00fablicas Municipios","isPartOf":{"@id":"https:\/\/www.sonoraenequipo.com.mx\/#website"},"primaryImageOfPage":{"@id":"https:\/\/www.sonoraenequipo.com.mx\/san-luis-rio-colorado-dan-certeza-juridica-a-terrenos-que-albergan-escuelas-publicas\/#primaryimage"},"image":{"@id":"https:\/\/www.sonoraenequipo.com.mx\/san-luis-rio-colorado-dan-certeza-juridica-a-terrenos-que-albergan-escuelas-publicas\/#primaryimage"},"thumbnailUrl":"https:\/\/www.sonoraenequipo.com.mx\/storage\/2022\/09\/sec-terrenos.jpg","datePublished":"2022-09-22T19:04:59+00:00","description":"San Luis R\u00edo Colorado. Dan certezajur\u00eddica a terrenos que albergan escuelas p\u00fablicas \u25baPermitir\u00e1 que los recursos bajen de manera directa y sin En Sonora en Equipo publicamos toda la informaci\u00f3n de Sonora, M\u00e9xico y el Mundo de manera oportuna y busca que la libertad de expresi\u00f3n sea real. Visita nuestro medio informativo publicado desde Hermosillo, Sonora. %","breadcrumb":{"@id":"https:\/\/www.sonoraenequipo.com.mx\/san-luis-rio-colorado-dan-certeza-juridica-a-terrenos-que-albergan-escuelas-publicas\/#breadcrumb"},"inLanguage":"es","potentialAction":[{"@type":"ReadAction","target":["https:\/\/www.sonoraenequipo.com.mx\/san-luis-rio-colorado-dan-certeza-juridica-a-terrenos-que-albergan-escuelas-publicas\/"]}]},{"@type":"ImageObject","inLanguage":"es","@id":"https:\/\/www.sonoraenequipo.com.mx\/san-luis-rio-colorado-dan-certeza-juridica-a-terrenos-que-albergan-escuelas-publicas\/#primaryimage","url":"https:\/\/www.sonoraenequipo.com.mx\/storage\/2022\/09\/sec-terrenos.jpg","contentUrl":"https:\/\/www.sonoraenequipo.com.mx\/storage\/2022\/09\/sec-terrenos.jpg","width":700,"height":525},{"@type":"BreadcrumbList","@id":"https:\/\/www.sonoraenequipo.com.mx\/san-luis-rio-colorado-dan-certeza-juridica-a-terrenos-que-albergan-escuelas-publicas\/#breadcrumb","itemListElement":[{"@type":"ListItem","position":1,"name":"Portada","item":"https:\/\/www.sonoraenequipo.com.mx\/"},{"@type":"ListItem","position":2,"name":"San Luis R\u00edo Colorado. Dan certeza jur\u00eddica a terrenos que albergan escuelas p\u00fablicas"}]},{"@type":"WebSite","@id":"https:\/\/www.sonoraenequipo.com.mx\/#website","url":"https:\/\/www.sonoraenequipo.com.mx\/","name":"Sonora en Equipo.","description":"Diario en l\u00ednea con Noticias desde Hermosillo, Sonora","publisher":{"@id":"https:\/\/www.sonoraenequipo.com.mx\/#organization"},"potentialAction":[{"@type":"SearchAction","target":{"@type":"EntryPoint","urlTemplate":"https:\/\/www.sonoraenequipo.com.mx\/?s={search_term_string}"},"query-input":{"@type":"PropertyValueSpecification","valueRequired":true,"valueName":"search_term_string"}}],"inLanguage":"es"},{"@type":"Organization","@id":"https:\/\/www.sonoraenequipo.com.mx\/#organization","name":"Sonoraenequipo.com.mx","url":"https:\/\/www.sonoraenequipo.com.mx\/","logo":{"@type":"ImageObject","inLanguage":"es","@id":"https:\/\/www.sonoraenequipo.com.mx\/#\/schema\/logo\/image\/","url":"https:\/\/www.sonoraenequipo.com.mx\/storage\/2019\/01\/sonoraenequipo_opt.png","contentUrl":"https:\/\/www.sonoraenequipo.com.mx\/storage\/2019\/01\/sonoraenequipo_opt.png","width":375,"height":125,"caption":"Sonoraenequipo.com.mx"},"image":{"@id":"https:\/\/www.sonoraenequipo.com.mx\/#\/schema\/logo\/image\/"},"sameAs":["https:\/\/www.facebook.com\/SonoraEE\/","https:\/\/x.com\/sonoraenequipo","https:\/\/www.youtube.com\/channel\/UC338nW-lPEYmJQs4ZABQ1SQ"]},{"@type":"Person","@id":"https:\/\/www.sonoraenequipo.com.mx\/#\/schema\/person\/50102df0fb23a8fa9e8effad8fa81386","name":"enequipo","image":{"@type":"ImageObject","inLanguage":"es","@id":"https:\/\/www.sonoraenequipo.com.mx\/#\/schema\/person\/image\/","url":"https:\/\/secure.gravatar.com\/avatar\/049821681b589dabc0bc20695993ccebb09f5b5d4d790cd9251b97faac7c652b?s=96&d=blank&r=g","contentUrl":"https:\/\/secure.gravatar.com\/avatar\/049821681b589dabc0bc20695993ccebb09f5b5d4d790cd9251b97faac7c652b?s=96&d=blank&r=g","caption":"enequipo"},"sameAs":["https:\/\/www.facebook.com\/SonoraEE"]}]}},"jetpack_featured_media_url":"https:\/\/www.sonoraenequipo.com.mx\/storage\/2022\/09\/sec-terrenos.jpg","_links":{"self":[{"href":"https:\/\/www.sonoraenequipo.com.mx\/api\/wp\/v2\/posts\/147523","targetHints":{"allow":["GET"]}}],"collection":[{"href":"https:\/\/www.sonoraenequipo.com.mx\/api\/wp\/v2\/posts"}],"about":[{"href":"https:\/\/www.sonoraenequipo.com.mx\/api\/wp\/v2\/types\/post"}],"author":[{"embeddable":true,"href":"https:\/\/www.sonoraenequipo.com.mx\/api\/wp\/v2\/users\/1"}],"replies":[{"embeddable":true,"href":"https:\/\/www.sonoraenequipo.com.mx\/api\/wp\/v2\/comments?post=147523"}],"version-history":[{"count":1,"href":"https:\/\/www.sonoraenequipo.com.mx\/api\/wp\/v2\/posts\/147523\/revisions"}],"predecessor-version":[{"id":147525,"href":"https:\/\/www.sonoraenequipo.com.mx\/api\/wp\/v2\/posts\/147523\/revisions\/147525"}],"wp:featuredmedia":[{"embeddable":true,"href":"https:\/\/www.sonoraenequipo.com.mx\/api\/wp\/v2\/media\/147524"}],"wp:attachment":[{"href":"https:\/\/www.sonoraenequipo.com.mx\/api\/wp\/v2\/media?parent=147523"}],"wp:term":[{"taxonomy":"category","embeddable":true,"href":"https:\/\/www.sonoraenequipo.com.mx\/api\/wp\/v2\/categories?post=147523"},{"taxonomy":"post_tag","embeddable":true,"href":"https:\/\/www.sonoraenequipo.com.mx\/api\/wp\/v2\/tags?post=147523"}],"curies":[{"name":"wp","href":"https:\/\/api.w.org\/{rel}","templated":true}]}}