{"id":147532,"date":"2022-09-22T15:47:55","date_gmt":"2022-09-22T22:47:55","guid":{"rendered":"https:\/\/www.sonoraenequipo.com.mx\/?p=147532"},"modified":"2022-09-22T15:47:55","modified_gmt":"2022-09-22T22:47:55","slug":"al-menos-30-frentes-frios-podrian-afectar-sonora-esta-temporada-invernal-smn","status":"publish","type":"post","link":"https:\/\/www.sonoraenequipo.com.mx\/al-menos-30-frentes-frios-podrian-afectar-sonora-esta-temporada-invernal-smn\/","title":{"rendered":"Al menos 30 frentes fr\u00edos podr\u00edan afectar Sonora esta temporada invernal : SMN"},"content":{"rendered":"<p>\u25baProtecci\u00f3n Civil Sonora ya trabaja en el fortalecimiento de refugios temporales<\/p>\n<p>\u25baSe espera que alrededor de 30 fen\u00f3menos meteorol\u00f3gicos de este tipo afecten directamente al estado<\/p>\n<p>\u25baPronostican 51 frentes fr\u00edos en temporada invernal 2022-2023 en M\u00e9xico<\/p>\n<p>&nbsp;<\/p>\n<p>&nbsp;<\/p>\n<p><strong>HERMOSILLO, SONORA,MX.<\/strong><strong>\u2500\u2500<\/strong> Un pron\u00f3stico de 51 frentes fr\u00edos, de los cuales alrededor de 30 podr\u00edan afectar a Sonora, dio a conocer el Servicio Meteorol\u00f3gico Nacional (SMN), de la Comisi\u00f3n Nacional del Agua (Conagua), para la temporada 2022-2023.<\/p>\n<p>&nbsp;<\/p>\n<p>La coordinadora general del Servicio Meteorol\u00f3gico Nacional (SMN), Margarita M\u00e9ndez Gir\u00f3n, adelant\u00f3 que, para septiembre de 2022, se pronostica el ingreso de dos frentes fr\u00edos; para octubre, cinco; para noviembre, seis; y para diciembre, ocho en todo el pa\u00eds.<\/p>\n<p>&nbsp;<\/p>\n<p>En tanto, en enero de 2023, se estima el arribo de nueve sistemas frontales; en febrero y marzo, siete en cada mes; en abril, seis; y en mayo, uno. Se\u00f1al\u00f3 que los sistemas previstos para esta temporada superan los del periodo 2021-2022, cuando se registraron 48 de estos sistemas a nivel nacional.<\/p>\n<p>&nbsp;<\/p>\n<p>Explic\u00f3 que, durante este lapso, las masas de aire fr\u00edo provenientes de Canad\u00e1 y Estados Unidos se desplazan a M\u00e9xico y provocan descenso de temperatura y heladas en el norte y el centro del pa\u00eds, mientras que, en el litoral del Golfo de M\u00e9xico, ocasionan intensos vientos del norte y oleaje elevado, lo que se conoce como norte.<\/p>\n<p>&nbsp;<\/p>\n<p>M\u00e9ndez Gir\u00f3n hizo \u00e9nfasis en que se debe extremar precauciones en el per\u00edodo de transici\u00f3n de verano a oto\u00f1o, ya que a\u00fan se presentan ciclones tropicales y las masas de aire fr\u00edo pueden interactuar con ellos, lo cual modifica sus trayectorias y, en ocasiones, genera que se estacionen.<\/p>\n<p>&nbsp;<\/p>\n<p>Juan Gonz\u00e1lez Alvarado, coordinador estatal de Protecci\u00f3n Civil, se\u00f1al\u00f3 que su dependencia ha logrado un importante avance en el fortalecimiento de refugios temporales ubicados en municipios que son m\u00e1s impactados por la temporada invernal.<\/p>\n<p>&nbsp;<\/p>\n<p>Destac\u00f3 que, \u00abde momento, se tienen listas 100 \u00e1reas para ser utilizadas por la poblaci\u00f3n ante un evento meteorol\u00f3gico de este tipo y se planea reforzar alrededor de 50 m\u00e1s antes de la llegada del fr\u00edo a Sonora\u00bb.<\/p>\n<p><strong><u>Fecha de publicaci\u00f3n 22 de septiembre de 2022<\/u><\/strong><\/p>\n<p>&nbsp;<\/p>\n","protected":false},"excerpt":{"rendered":"<p>\u25baProtecci\u00f3n Civil Sonora ya trabaja en el fortalecimiento de refugios temporales \u25baSe espera que alrededor&#8230;<\/p>\n","protected":false},"author":1,"featured_media":147533,"comment_status":"open","ping_status":"open","sticky":false,"template":"","format":"standard","meta":{"_monsterinsights_skip_tracking":false,"_monsterinsights_sitenote_active":false,"_monsterinsights_sitenote_note":"","_monsterinsights_sitenote_category":0,"footnotes":""},"categories":[22],"tags":[7546,7544,7545],"class_list":["post"],"yoast_head":" \n<title>Sonora en Equipo. Al menos 30 frentes fr\u00edos podr\u00edan afectar Sonora esta temporada invernal : SMN Sonora<\/title>\n<meta name=\"description\" content=\"\u25baProtecci\u00f3n Civil Sonora ya trabaja en el fortalecimiento de refugios temporales \u25baSe espera que alrededor de 30 fen\u00f3menos meteorol\u00f3gicos de este tipo En Sonora en Equipo publicamos toda la informaci\u00f3n de Sonora, M\u00e9xico y el Mundo de manera oportuna y busca que la libertad de expresi\u00f3n sea real. Visita nuestro medio informativo publicado desde Hermosillo, Sonora. %\" \/>\n<meta name=\"robots\" content=\"index, follow, max-snippet:-1, max-image-preview:large, max-video-preview:-1\" \/>\n<link rel=\"canonical\" href=\"https:\/\/www.sonoraenequipo.com.mx\/al-menos-30-frentes-frios-podrian-afectar-sonora-esta-temporada-invernal-smn\/\" \/>\n<meta property=\"og:locale\" content=\"es_ES\" \/>\n<meta property=\"og:type\" content=\"article\" \/>\n<meta property=\"og:title\" content=\"Sonora en Equipo. Al menos 30 frentes fr\u00edos podr\u00edan afectar Sonora esta temporada invernal : SMN Sonora\" \/>\n<meta property=\"og:description\" content=\"\u25baProtecci\u00f3n Civil Sonora ya trabaja en el fortalecimiento de refugios temporales \u25baSe espera que alrededor de 30 fen\u00f3menos meteorol\u00f3gicos de este tipo En Sonora en Equipo publicamos toda la informaci\u00f3n de Sonora, M\u00e9xico y el Mundo de manera oportuna y busca que la libertad de expresi\u00f3n sea real. Visita nuestro medio informativo publicado desde Hermosillo, Sonora. %\" \/>\n<meta property=\"og:url\" content=\"https:\/\/www.sonoraenequipo.com.mx\/al-menos-30-frentes-frios-podrian-afectar-sonora-esta-temporada-invernal-smn\/\" \/>\n<meta property=\"og:site_name\" content=\"Sonora en Equipo.\" \/>\n<meta property=\"article:publisher\" content=\"https:\/\/www.facebook.com\/SonoraEE\/\" \/>\n<meta property=\"article:author\" content=\"https:\/\/www.facebook.com\/SonoraEE\" \/>\n<meta property=\"article:published_time\" content=\"2022-09-22T22:47:55+00:00\" \/>\n<meta property=\"og:image\" content=\"https:\/\/www.sonoraenequipo.com.mx\/storage\/2022\/09\/frio.jpg\" \/>\n\t<meta property=\"og:image:width\" content=\"700\" \/>\n\t<meta property=\"og:image:height\" content=\"466\" \/>\n\t<meta property=\"og:image:type\" content=\"image\/jpeg\" \/>\n<meta name=\"author\" content=\"enequipo\" \/>\n<meta name=\"twitter:card\" content=\"summary_large_image\" \/>\n<meta name=\"twitter:creator\" content=\"@sonoraenequipo\" \/>\n<meta name=\"twitter:site\" content=\"@sonoraenequipo\" \/>\n<meta name=\"twitter:label1\" content=\"Escrito por\" \/>\n\t<meta name=\"twitter:data1\" content=\"enequipo\" \/>\n\t<meta name=\"twitter:label2\" content=\"Tiempo de lectura\" \/>\n\t<meta name=\"twitter:data2\" content=\"2 minutos\" \/>\n<script type=\"application\/ld+json\" class=\"yoast-schema-graph\">{\"@context\":\"https:\/\/schema.org\",\"@graph\":[{\"@type\":\"Article\",\"@id\":\"https:\/\/www.sonoraenequipo.com.mx\/al-menos-30-frentes-frios-podrian-afectar-sonora-esta-temporada-invernal-smn\/#article\",\"isPartOf\":{\"@id\":\"https:\/\/www.sonoraenequipo.com.mx\/al-menos-30-frentes-frios-podrian-afectar-sonora-esta-temporada-invernal-smn\/\"},\"author\":{\"name\":\"enequipo\",\"@id\":\"https:\/\/www.sonoraenequipo.com.mx\/#\/schema\/person\/50102df0fb23a8fa9e8effad8fa81386\"},\"headline\":\"Al menos 30 frentes fr\u00edos podr\u00edan afectar Sonora esta temporada invernal : SMN\",\"datePublished\":\"2022-09-22T22:47:55+00:00\",\"mainEntityOfPage\":{\"@id\":\"https:\/\/www.sonoraenequipo.com.mx\/al-menos-30-frentes-frios-podrian-afectar-sonora-esta-temporada-invernal-smn\/\"},\"wordCount\":398,\"commentCount\":0,\"publisher\":{\"@id\":\"https:\/\/www.sonoraenequipo.com.mx\/#organization\"},\"image\":{\"@id\":\"https:\/\/www.sonoraenequipo.com.mx\/al-menos-30-frentes-frios-podrian-afectar-sonora-esta-temporada-invernal-smn\/#primaryimage\"},\"thumbnailUrl\":\"https:\/\/www.sonoraenequipo.com.mx\/storage\/2022\/09\/frio.jpg\",\"keywords\":[\"20212023\",\"frentes\",\"friios\"],\"articleSection\":[\"Sonora\"],\"inLanguage\":\"es\",\"potentialAction\":[{\"@type\":\"CommentAction\",\"name\":\"Comment\",\"target\":[\"https:\/\/www.sonoraenequipo.com.mx\/al-menos-30-frentes-frios-podrian-afectar-sonora-esta-temporada-invernal-smn\/#respond\"]}]},{\"@type\":\"WebPage\",\"@id\":\"https:\/\/www.sonoraenequipo.com.mx\/al-menos-30-frentes-frios-podrian-afectar-sonora-esta-temporada-invernal-smn\/\",\"url\":\"https:\/\/www.sonoraenequipo.com.mx\/al-menos-30-frentes-frios-podrian-afectar-sonora-esta-temporada-invernal-smn\/\",\"name\":\"Sonora en Equipo. Al menos 30 frentes fr\u00edos podr\u00edan afectar Sonora esta temporada invernal : SMN Sonora\",\"isPartOf\":{\"@id\":\"https:\/\/www.sonoraenequipo.com.mx\/#website\"},\"primaryImageOfPage\":{\"@id\":\"https:\/\/www.sonoraenequipo.com.mx\/al-menos-30-frentes-frios-podrian-afectar-sonora-esta-temporada-invernal-smn\/#primaryimage\"},\"image\":{\"@id\":\"https:\/\/www.sonoraenequipo.com.mx\/al-menos-30-frentes-frios-podrian-afectar-sonora-esta-temporada-invernal-smn\/#primaryimage\"},\"thumbnailUrl\":\"https:\/\/www.sonoraenequipo.com.mx\/storage\/2022\/09\/frio.jpg\",\"datePublished\":\"2022-09-22T22:47:55+00:00\",\"description\":\"\u25baProtecci\u00f3n Civil Sonora ya trabaja en el fortalecimiento de refugios temporales \u25baSe espera que alrededor de 30 fen\u00f3menos meteorol\u00f3gicos de este tipo En Sonora en Equipo publicamos toda la informaci\u00f3n de Sonora, M\u00e9xico y el Mundo de manera oportuna y busca que la libertad de expresi\u00f3n sea real. Visita nuestro medio informativo publicado desde Hermosillo, Sonora. %\",\"breadcrumb\":{\"@id\":\"https:\/\/www.sonoraenequipo.com.mx\/al-menos-30-frentes-frios-podrian-afectar-sonora-esta-temporada-invernal-smn\/#breadcrumb\"},\"inLanguage\":\"es\",\"potentialAction\":[{\"@type\":\"ReadAction\",\"target\":[\"https:\/\/www.sonoraenequipo.com.mx\/al-menos-30-frentes-frios-podrian-afectar-sonora-esta-temporada-invernal-smn\/\"]}]},{\"@type\":\"ImageObject\",\"inLanguage\":\"es\",\"@id\":\"https:\/\/www.sonoraenequipo.com.mx\/al-menos-30-frentes-frios-podrian-afectar-sonora-esta-temporada-invernal-smn\/#primaryimage\",\"url\":\"https:\/\/www.sonoraenequipo.com.mx\/storage\/2022\/09\/frio.jpg\",\"contentUrl\":\"https:\/\/www.sonoraenequipo.com.mx\/storage\/2022\/09\/frio.jpg\",\"width\":700,\"height\":466},{\"@type\":\"BreadcrumbList\",\"@id\":\"https:\/\/www.sonoraenequipo.com.mx\/al-menos-30-frentes-frios-podrian-afectar-sonora-esta-temporada-invernal-smn\/#breadcrumb\",\"itemListElement\":[{\"@type\":\"ListItem\",\"position\":1,\"name\":\"Portada\",\"item\":\"https:\/\/www.sonoraenequipo.com.mx\/\"},{\"@type\":\"ListItem\",\"position\":2,\"name\":\"Al menos 30 frentes fr\u00edos podr\u00edan afectar Sonora esta temporada invernal : SMN\"}]},{\"@type\":\"WebSite\",\"@id\":\"https:\/\/www.sonoraenequipo.com.mx\/#website\",\"url\":\"https:\/\/www.sonoraenequipo.com.mx\/\",\"name\":\"Sonora en Equipo.\",\"description\":\"Diario en l\u00ednea con Noticias desde Hermosillo, Sonora\",\"publisher\":{\"@id\":\"https:\/\/www.sonoraenequipo.com.mx\/#organization\"},\"potentialAction\":[{\"@type\":\"SearchAction\",\"target\":{\"@type\":\"EntryPoint\",\"urlTemplate\":\"https:\/\/www.sonoraenequipo.com.mx\/?s={search_term_string}\"},\"query-input\":{\"@type\":\"PropertyValueSpecification\",\"valueRequired\":true,\"valueName\":\"search_term_string\"}}],\"inLanguage\":\"es\"},{\"@type\":\"Organization\",\"@id\":\"https:\/\/www.sonoraenequipo.com.mx\/#organization\",\"name\":\"Sonoraenequipo.com.mx\",\"url\":\"https:\/\/www.sonoraenequipo.com.mx\/\",\"logo\":{\"@type\":\"ImageObject\",\"inLanguage\":\"es\",\"@id\":\"https:\/\/www.sonoraenequipo.com.mx\/#\/schema\/logo\/image\/\",\"url\":\"https:\/\/www.sonoraenequipo.com.mx\/storage\/2019\/01\/sonoraenequipo_opt.png\",\"contentUrl\":\"https:\/\/www.sonoraenequipo.com.mx\/storage\/2019\/01\/sonoraenequipo_opt.png\",\"width\":375,\"height\":125,\"caption\":\"Sonoraenequipo.com.mx\"},\"image\":{\"@id\":\"https:\/\/www.sonoraenequipo.com.mx\/#\/schema\/logo\/image\/\"},\"sameAs\":[\"https:\/\/www.facebook.com\/SonoraEE\/\",\"https:\/\/x.com\/sonoraenequipo\",\"https:\/\/www.youtube.com\/channel\/UC338nW-lPEYmJQs4ZABQ1SQ\"]},{\"@type\":\"Person\",\"@id\":\"https:\/\/www.sonoraenequipo.com.mx\/#\/schema\/person\/50102df0fb23a8fa9e8effad8fa81386\",\"name\":\"enequipo\",\"image\":{\"@type\":\"ImageObject\",\"inLanguage\":\"es\",\"@id\":\"https:\/\/www.sonoraenequipo.com.mx\/#\/schema\/person\/image\/\",\"url\":\"https:\/\/secure.gravatar.com\/avatar\/049821681b589dabc0bc20695993ccebb09f5b5d4d790cd9251b97faac7c652b?s=96&d=blank&r=g\",\"contentUrl\":\"https:\/\/secure.gravatar.com\/avatar\/049821681b589dabc0bc20695993ccebb09f5b5d4d790cd9251b97faac7c652b?s=96&d=blank&r=g\",\"caption\":\"enequipo\"},\"sameAs\":[\"https:\/\/www.facebook.com\/SonoraEE\"]}]}<\/script>\n ","yoast_head_json":{"title":"Sonora en Equipo. Al menos 30 frentes fr\u00edos podr\u00edan afectar Sonora esta temporada invernal : SMN Sonora","description":"\u25baProtecci\u00f3n Civil Sonora ya trabaja en el fortalecimiento de refugios temporales \u25baSe espera que alrededor de 30 fen\u00f3menos meteorol\u00f3gicos de este tipo En Sonora en Equipo publicamos toda la informaci\u00f3n de Sonora, M\u00e9xico y el Mundo de manera oportuna y busca que la libertad de expresi\u00f3n sea real. Visita nuestro medio informativo publicado desde Hermosillo, Sonora. %","robots":{"index":"index","follow":"follow","max-snippet":"max-snippet:-1","max-image-preview":"max-image-preview:large","max-video-preview":"max-video-preview:-1"},"canonical":"https:\/\/www.sonoraenequipo.com.mx\/al-menos-30-frentes-frios-podrian-afectar-sonora-esta-temporada-invernal-smn\/","og_locale":"es_ES","og_type":"article","og_title":"Sonora en Equipo. Al menos 30 frentes fr\u00edos podr\u00edan afectar Sonora esta temporada invernal : SMN Sonora","og_description":"\u25baProtecci\u00f3n Civil Sonora ya trabaja en el fortalecimiento de refugios temporales \u25baSe espera que alrededor de 30 fen\u00f3menos meteorol\u00f3gicos de este tipo En Sonora en Equipo publicamos toda la informaci\u00f3n de Sonora, M\u00e9xico y el Mundo de manera oportuna y busca que la libertad de expresi\u00f3n sea real. Visita nuestro medio informativo publicado desde Hermosillo, Sonora. %","og_url":"https:\/\/www.sonoraenequipo.com.mx\/al-menos-30-frentes-frios-podrian-afectar-sonora-esta-temporada-invernal-smn\/","og_site_name":"Sonora en Equipo.","article_publisher":"https:\/\/www.facebook.com\/SonoraEE\/","article_author":"https:\/\/www.facebook.com\/SonoraEE","article_published_time":"2022-09-22T22:47:55+00:00","og_image":[{"width":700,"height":466,"url":"https:\/\/www.sonoraenequipo.com.mx\/storage\/2022\/09\/frio.jpg","type":"image\/jpeg"}],"author":"enequipo","twitter_card":"summary_large_image","twitter_creator":"@sonoraenequipo","twitter_site":"@sonoraenequipo","twitter_misc":{"Escrito por":"enequipo","Tiempo de lectura":"2 minutos"},"schema":{"@context":"https:\/\/schema.org","@graph":[{"@type":"Article","@id":"https:\/\/www.sonoraenequipo.com.mx\/al-menos-30-frentes-frios-podrian-afectar-sonora-esta-temporada-invernal-smn\/#article","isPartOf":{"@id":"https:\/\/www.sonoraenequipo.com.mx\/al-menos-30-frentes-frios-podrian-afectar-sonora-esta-temporada-invernal-smn\/"},"author":{"name":"enequipo","@id":"https:\/\/www.sonoraenequipo.com.mx\/#\/schema\/person\/50102df0fb23a8fa9e8effad8fa81386"},"headline":"Al menos 30 frentes fr\u00edos podr\u00edan afectar Sonora esta temporada invernal : SMN","datePublished":"2022-09-22T22:47:55+00:00","mainEntityOfPage":{"@id":"https:\/\/www.sonoraenequipo.com.mx\/al-menos-30-frentes-frios-podrian-afectar-sonora-esta-temporada-invernal-smn\/"},"wordCount":398,"commentCount":0,"publisher":{"@id":"https:\/\/www.sonoraenequipo.com.mx\/#organization"},"image":{"@id":"https:\/\/www.sonoraenequipo.com.mx\/al-menos-30-frentes-frios-podrian-afectar-sonora-esta-temporada-invernal-smn\/#primaryimage"},"thumbnailUrl":"https:\/\/www.sonoraenequipo.com.mx\/storage\/2022\/09\/frio.jpg","keywords":["20212023","frentes","friios"],"articleSection":["Sonora"],"inLanguage":"es","potentialAction":[{"@type":"CommentAction","name":"Comment","target":["https:\/\/www.sonoraenequipo.com.mx\/al-menos-30-frentes-frios-podrian-afectar-sonora-esta-temporada-invernal-smn\/#respond"]}]},{"@type":"WebPage","@id":"https:\/\/www.sonoraenequipo.com.mx\/al-menos-30-frentes-frios-podrian-afectar-sonora-esta-temporada-invernal-smn\/","url":"https:\/\/www.sonoraenequipo.com.mx\/al-menos-30-frentes-frios-podrian-afectar-sonora-esta-temporada-invernal-smn\/","name":"Sonora en Equipo. Al menos 30 frentes fr\u00edos podr\u00edan afectar Sonora esta temporada invernal : SMN Sonora","isPartOf":{"@id":"https:\/\/www.sonoraenequipo.com.mx\/#website"},"primaryImageOfPage":{"@id":"https:\/\/www.sonoraenequipo.com.mx\/al-menos-30-frentes-frios-podrian-afectar-sonora-esta-temporada-invernal-smn\/#primaryimage"},"image":{"@id":"https:\/\/www.sonoraenequipo.com.mx\/al-menos-30-frentes-frios-podrian-afectar-sonora-esta-temporada-invernal-smn\/#primaryimage"},"thumbnailUrl":"https:\/\/www.sonoraenequipo.com.mx\/storage\/2022\/09\/frio.jpg","datePublished":"2022-09-22T22:47:55+00:00","description":"\u25baProtecci\u00f3n Civil Sonora ya trabaja en el fortalecimiento de refugios temporales \u25baSe espera que alrededor de 30 fen\u00f3menos meteorol\u00f3gicos de este tipo En Sonora en Equipo publicamos toda la informaci\u00f3n de Sonora, M\u00e9xico y el Mundo de manera oportuna y busca que la libertad de expresi\u00f3n sea real. Visita nuestro medio informativo publicado desde Hermosillo, Sonora. %","breadcrumb":{"@id":"https:\/\/www.sonoraenequipo.com.mx\/al-menos-30-frentes-frios-podrian-afectar-sonora-esta-temporada-invernal-smn\/#breadcrumb"},"inLanguage":"es","potentialAction":[{"@type":"ReadAction","target":["https:\/\/www.sonoraenequipo.com.mx\/al-menos-30-frentes-frios-podrian-afectar-sonora-esta-temporada-invernal-smn\/"]}]},{"@type":"ImageObject","inLanguage":"es","@id":"https:\/\/www.sonoraenequipo.com.mx\/al-menos-30-frentes-frios-podrian-afectar-sonora-esta-temporada-invernal-smn\/#primaryimage","url":"https:\/\/www.sonoraenequipo.com.mx\/storage\/2022\/09\/frio.jpg","contentUrl":"https:\/\/www.sonoraenequipo.com.mx\/storage\/2022\/09\/frio.jpg","width":700,"height":466},{"@type":"BreadcrumbList","@id":"https:\/\/www.sonoraenequipo.com.mx\/al-menos-30-frentes-frios-podrian-afectar-sonora-esta-temporada-invernal-smn\/#breadcrumb","itemListElement":[{"@type":"ListItem","position":1,"name":"Portada","item":"https:\/\/www.sonoraenequipo.com.mx\/"},{"@type":"ListItem","position":2,"name":"Al menos 30 frentes fr\u00edos podr\u00edan afectar Sonora esta temporada invernal : SMN"}]},{"@type":"WebSite","@id":"https:\/\/www.sonoraenequipo.com.mx\/#website","url":"https:\/\/www.sonoraenequipo.com.mx\/","name":"Sonora en Equipo.","description":"Diario en l\u00ednea con Noticias desde Hermosillo, Sonora","publisher":{"@id":"https:\/\/www.sonoraenequipo.com.mx\/#organization"},"potentialAction":[{"@type":"SearchAction","target":{"@type":"EntryPoint","urlTemplate":"https:\/\/www.sonoraenequipo.com.mx\/?s={search_term_string}"},"query-input":{"@type":"PropertyValueSpecification","valueRequired":true,"valueName":"search_term_string"}}],"inLanguage":"es"},{"@type":"Organization","@id":"https:\/\/www.sonoraenequipo.com.mx\/#organization","name":"Sonoraenequipo.com.mx","url":"https:\/\/www.sonoraenequipo.com.mx\/","logo":{"@type":"ImageObject","inLanguage":"es","@id":"https:\/\/www.sonoraenequipo.com.mx\/#\/schema\/logo\/image\/","url":"https:\/\/www.sonoraenequipo.com.mx\/storage\/2019\/01\/sonoraenequipo_opt.png","contentUrl":"https:\/\/www.sonoraenequipo.com.mx\/storage\/2019\/01\/sonoraenequipo_opt.png","width":375,"height":125,"caption":"Sonoraenequipo.com.mx"},"image":{"@id":"https:\/\/www.sonoraenequipo.com.mx\/#\/schema\/logo\/image\/"},"sameAs":["https:\/\/www.facebook.com\/SonoraEE\/","https:\/\/x.com\/sonoraenequipo","https:\/\/www.youtube.com\/channel\/UC338nW-lPEYmJQs4ZABQ1SQ"]},{"@type":"Person","@id":"https:\/\/www.sonoraenequipo.com.mx\/#\/schema\/person\/50102df0fb23a8fa9e8effad8fa81386","name":"enequipo","image":{"@type":"ImageObject","inLanguage":"es","@id":"https:\/\/www.sonoraenequipo.com.mx\/#\/schema\/person\/image\/","url":"https:\/\/secure.gravatar.com\/avatar\/049821681b589dabc0bc20695993ccebb09f5b5d4d790cd9251b97faac7c652b?s=96&d=blank&r=g","contentUrl":"https:\/\/secure.gravatar.com\/avatar\/049821681b589dabc0bc20695993ccebb09f5b5d4d790cd9251b97faac7c652b?s=96&d=blank&r=g","caption":"enequipo"},"sameAs":["https:\/\/www.facebook.com\/SonoraEE"]}]}},"jetpack_featured_media_url":"https:\/\/www.sonoraenequipo.com.mx\/storage\/2022\/09\/frio.jpg","_links":{"self":[{"href":"https:\/\/www.sonoraenequipo.com.mx\/api\/wp\/v2\/posts\/147532","targetHints":{"allow":["GET"]}}],"collection":[{"href":"https:\/\/www.sonoraenequipo.com.mx\/api\/wp\/v2\/posts"}],"about":[{"href":"https:\/\/www.sonoraenequipo.com.mx\/api\/wp\/v2\/types\/post"}],"author":[{"embeddable":true,"href":"https:\/\/www.sonoraenequipo.com.mx\/api\/wp\/v2\/users\/1"}],"replies":[{"embeddable":true,"href":"https:\/\/www.sonoraenequipo.com.mx\/api\/wp\/v2\/comments?post=147532"}],"version-history":[{"count":1,"href":"https:\/\/www.sonoraenequipo.com.mx\/api\/wp\/v2\/posts\/147532\/revisions"}],"predecessor-version":[{"id":147534,"href":"https:\/\/www.sonoraenequipo.com.mx\/api\/wp\/v2\/posts\/147532\/revisions\/147534"}],"wp:featuredmedia":[{"embeddable":true,"href":"https:\/\/www.sonoraenequipo.com.mx\/api\/wp\/v2\/media\/147533"}],"wp:attachment":[{"href":"https:\/\/www.sonoraenequipo.com.mx\/api\/wp\/v2\/media?parent=147532"}],"wp:term":[{"taxonomy":"category","embeddable":true,"href":"https:\/\/www.sonoraenequipo.com.mx\/api\/wp\/v2\/categories?post=147532"},{"taxonomy":"post_tag","embeddable":true,"href":"https:\/\/www.sonoraenequipo.com.mx\/api\/wp\/v2\/tags?post=147532"}],"curies":[{"name":"wp","href":"https:\/\/api.w.org\/{rel}","templated":true}]}}