{"id":147538,"date":"2022-09-22T16:24:06","date_gmt":"2022-09-22T23:24:06","guid":{"rendered":"https:\/\/www.sonoraenequipo.com.mx\/?p=147538"},"modified":"2022-09-22T16:24:06","modified_gmt":"2022-09-22T23:24:06","slug":"cumple-gobierno-de-sonora-con-becas-para-hijas-e-hijos-de-policias-de-sonora-ssp","status":"publish","type":"post","link":"https:\/\/www.sonoraenequipo.com.mx\/cumple-gobierno-de-sonora-con-becas-para-hijas-e-hijos-de-policias-de-sonora-ssp\/","title":{"rendered":"Cumple Gobierno de Sonora con becas para hijas e hijos de polic\u00edas de Sonora: SSP"},"content":{"rendered":"<p>\u25baLa Secretar\u00eda de Seguridad P\u00fablica (SSP) y el Instituto de Becas y Cr\u00e9dito Educativo en Sonora, realizan entrega de est\u00edmulos a estudiantes de primaria y secundaria.<\/p>\n<p>&nbsp;<\/p>\n<p>&nbsp;<\/p>\n<p>&nbsp;<\/p>\n<p><strong>HERMOSILLO, SONORA,MX.<\/strong><strong>\u2500\u2500<\/strong> En cumplimiento a los compromisos del Gobierno de Sonora para mejorar las prestaciones laborales de las y los polic\u00edas estatales, procesales, gu\u00edas t\u00e9cnicos y custodios, este mi\u00e9rcoles inici\u00f3 la entrega de becas a sus hijos e hijas que cursan grados escolares a nivel primaria y secundaria.<\/p>\n<p>&nbsp;<\/p>\n<p>&nbsp;<\/p>\n<p>&nbsp;<\/p>\n<p>En las instalaciones de la Polic\u00eda Estatal de Seguridad P\u00fablica (PESP), Mar\u00eda Dolores Del R\u00edo S\u00e1nchez, secretaria de Seguridad P\u00fablica y Froyl\u00e1n G\u00e1mez Gamboa, director general del Instituto de Becas y Cr\u00e9dito Educativo del Estado de Sonora (Ibcees), presidieron la entrega a hijas e hijos de polic\u00edas de Sonora como parte de los apoyos que Alfonso Durazo Monta\u00f1o, gobernador del estado, impuls\u00f3 para dignificar las prestaciones que reciben los cuerpos de seguridad.<\/p>\n<p>&nbsp;<\/p>\n<p>&nbsp;<\/p>\n<p>&nbsp;<\/p>\n<p>La titular de la SSP reconoci\u00f3 a las dependencias involucradas por hacer posible el aumento de los apoyos a las mujeres y hombres que brindan un servicio digno al proteger a las familias de Sonora.<\/p>\n<p>&nbsp;<\/p>\n<p>&nbsp;<\/p>\n<p>&nbsp;<\/p>\n<p>\u00abEste es un esfuerzo que el gobernador ha hecho desde que inici\u00f3 la administraci\u00f3n&#8230; se tiene claro que, para fortalecer la seguridad del estado, se necesita fortalecer a la Polic\u00eda Estatal. Cuando se habl\u00f3 de becas, siempre se pens\u00f3 en las hijas y los hijos de los Polic\u00edas Estatales\u00bb expres\u00f3.<\/p>\n<p>&nbsp;<\/p>\n<p>&nbsp;<\/p>\n<p>&nbsp;<\/p>\n<p>Coment\u00f3 a los beneficiarios del programa que \u00abesta beca es muy especial, tiene que ver con el reconocimiento y un significado por el trabajo que desempe\u00f1an sus pap\u00e1s y sus mam\u00e1s. Este es un apoyo para ustedes, porque se lo merecen sus pap\u00e1s&#8230; ahora el reto de ustedes es el de las calificaciones\u00bb.<\/p>\n<p>&nbsp;<\/p>\n<p>&nbsp;<\/p>\n<p>&nbsp;<\/p>\n<p>As\u00ed mismo, agradeci\u00f3 al estado de fuerza de la Polic\u00eda Estatal por su trabajo y esfuerzo diario para beneficio de la comunidad sonorense.<\/p>\n<p>&nbsp;<\/p>\n<p>&nbsp;<\/p>\n<p>&nbsp;<\/p>\n<p>Por su parte, el director general del Instituto de Becas y Cr\u00e9dito Educativo del Estado de Sonora inform\u00f3 que, en esta primera etapa, se entregaron 413 becas de mil 500 pesos a los niveles de primaria y un total de 183 becas de dos mil pesos para secundaria, en una exhibici\u00f3n por ciclo escolar, sumando un monto de 985 mil 500 pesos para los est\u00edmulos de educaci\u00f3n.<\/p>\n<p>&nbsp;<\/p>\n<p>&nbsp;<\/p>\n<p>&nbsp;<\/p>\n<p>Adem\u00e1s, dijo, ya est\u00e1 abierta la convocatoria para los estudiantes de universidad, a los cuales se estar\u00e1 pagando, a finales de octubre, dos mil pesos mensuales durante cinco meses; es decir, un total de diez mil pesos por alumno, que se pagar\u00e1n en una sola exhibici\u00f3n.<\/p>\n<p>&nbsp;<\/p>\n<p>&nbsp;<\/p>\n<p>&nbsp;<\/p>\n<p>Durante la entrega de los est\u00edmulos econ\u00f3micos, Jennifer, hija de una mujer Polic\u00eda Estatal, habl\u00f3 a nombre de las y los beneficiarios del programa de becas y expres\u00f3 su agradecimiento por haber recibido, por primera vez, una beca.<\/p>\n<p>&nbsp;<\/p>\n<p>&nbsp;<\/p>\n<p>&nbsp;<\/p>\n<p>\u201cLes agradecemos por incluirnos en la lista de los compromisos cumplidos para reconocer el esfuerzo y el servicio que realizan nuestros padres\u2026 esta beca nos va ayudar a todos para comprar lo necesario en el transcurso del ciclo escolar\u201d se\u00f1al\u00f3.<\/p>\n<p>&nbsp;<\/p>\n<p>&nbsp;<\/p>\n<p>&nbsp;<\/p>\n<p>Durante la entrega de becas, estuvieron presentes Roberto Leyva Lerma, comisario general de la Polic\u00eda Estatal; Rodolfo Flores Hurtado, coordinador estatal de Administraci\u00f3n, Evaluaci\u00f3n y Control de la SSP y Alan Francisco Aguirre Rodr\u00edguez, director de Becas y Cr\u00e9dito del Ibcees.<\/p>\n<p><strong><u>Fecha de publicaci\u00f3n 22 de septiembre de 2022<\/u><\/strong><\/p>\n<p>&nbsp;<\/p>\n","protected":false},"excerpt":{"rendered":"<p>\u25baLa Secretar\u00eda de Seguridad P\u00fablica (SSP) y el Instituto de Becas y Cr\u00e9dito Educativo en&#8230;<\/p>\n","protected":false},"author":1,"featured_media":147539,"comment_status":"open","ping_status":"open","sticky":false,"template":"","format":"standard","meta":{"_monsterinsights_skip_tracking":false,"_monsterinsights_sitenote_active":false,"_monsterinsights_sitenote_note":"","_monsterinsights_sitenote_category":0,"footnotes":""},"categories":[22],"tags":[7547,15],"class_list":["post"],"yoast_head":" \n<title>Sonora en Equipo. Cumple Gobierno de Sonora con becas para hijas e hijos de polic\u00edas de Sonora: SSP Sonora<\/title>\n<meta name=\"description\" content=\"\u25baLa Secretar\u00eda de Seguridad P\u00fablica (SSP) y el Instituto de Becas y Cr\u00e9dito Educativo en Sonora, realizan entrega de est\u00edmulos a estudiantes de primaria y En Sonora en Equipo publicamos toda la informaci\u00f3n de Sonora, M\u00e9xico y el Mundo de manera oportuna y busca que la libertad de expresi\u00f3n sea real. Visita nuestro medio informativo publicado desde Hermosillo, Sonora. %\" \/>\n<meta name=\"robots\" content=\"index, follow, max-snippet:-1, max-image-preview:large, max-video-preview:-1\" \/>\n<link rel=\"canonical\" href=\"https:\/\/www.sonoraenequipo.com.mx\/cumple-gobierno-de-sonora-con-becas-para-hijas-e-hijos-de-policias-de-sonora-ssp\/\" \/>\n<meta property=\"og:locale\" content=\"es_ES\" \/>\n<meta property=\"og:type\" content=\"article\" \/>\n<meta property=\"og:title\" content=\"Sonora en Equipo. Cumple Gobierno de Sonora con becas para hijas e hijos de polic\u00edas de Sonora: SSP Sonora\" \/>\n<meta property=\"og:description\" content=\"\u25baLa Secretar\u00eda de Seguridad P\u00fablica (SSP) y el Instituto de Becas y Cr\u00e9dito Educativo en Sonora, realizan entrega de est\u00edmulos a estudiantes de primaria y En Sonora en Equipo publicamos toda la informaci\u00f3n de Sonora, M\u00e9xico y el Mundo de manera oportuna y busca que la libertad de expresi\u00f3n sea real. Visita nuestro medio informativo publicado desde Hermosillo, Sonora. %\" \/>\n<meta property=\"og:url\" content=\"https:\/\/www.sonoraenequipo.com.mx\/cumple-gobierno-de-sonora-con-becas-para-hijas-e-hijos-de-policias-de-sonora-ssp\/\" \/>\n<meta property=\"og:site_name\" content=\"Sonora en Equipo.\" \/>\n<meta property=\"article:publisher\" content=\"https:\/\/www.facebook.com\/SonoraEE\/\" \/>\n<meta property=\"article:author\" content=\"https:\/\/www.facebook.com\/SonoraEE\" \/>\n<meta property=\"article:published_time\" content=\"2022-09-22T23:24:06+00:00\" \/>\n<meta property=\"og:image\" content=\"https:\/\/www.sonoraenequipo.com.mx\/storage\/2022\/09\/becashijospolicias.jpg\" \/>\n\t<meta property=\"og:image:width\" content=\"700\" \/>\n\t<meta property=\"og:image:height\" content=\"481\" \/>\n\t<meta property=\"og:image:type\" content=\"image\/jpeg\" \/>\n<meta name=\"author\" content=\"enequipo\" \/>\n<meta name=\"twitter:card\" content=\"summary_large_image\" \/>\n<meta name=\"twitter:creator\" content=\"@sonoraenequipo\" \/>\n<meta name=\"twitter:site\" content=\"@sonoraenequipo\" \/>\n<meta name=\"twitter:label1\" content=\"Escrito por\" \/>\n\t<meta name=\"twitter:data1\" content=\"enequipo\" \/>\n\t<meta name=\"twitter:label2\" content=\"Tiempo de lectura\" \/>\n\t<meta name=\"twitter:data2\" content=\"3 minutos\" \/>\n<script type=\"application\/ld+json\" class=\"yoast-schema-graph\">{\"@context\":\"https:\/\/schema.org\",\"@graph\":[{\"@type\":\"Article\",\"@id\":\"https:\/\/www.sonoraenequipo.com.mx\/cumple-gobierno-de-sonora-con-becas-para-hijas-e-hijos-de-policias-de-sonora-ssp\/#article\",\"isPartOf\":{\"@id\":\"https:\/\/www.sonoraenequipo.com.mx\/cumple-gobierno-de-sonora-con-becas-para-hijas-e-hijos-de-policias-de-sonora-ssp\/\"},\"author\":{\"name\":\"enequipo\",\"@id\":\"https:\/\/www.sonoraenequipo.com.mx\/#\/schema\/person\/50102df0fb23a8fa9e8effad8fa81386\"},\"headline\":\"Cumple Gobierno de Sonora con becas para hijas e hijos de polic\u00edas de Sonora: SSP\",\"datePublished\":\"2022-09-22T23:24:06+00:00\",\"mainEntityOfPage\":{\"@id\":\"https:\/\/www.sonoraenequipo.com.mx\/cumple-gobierno-de-sonora-con-becas-para-hijas-e-hijos-de-policias-de-sonora-ssp\/\"},\"wordCount\":635,\"commentCount\":0,\"publisher\":{\"@id\":\"https:\/\/www.sonoraenequipo.com.mx\/#organization\"},\"image\":{\"@id\":\"https:\/\/www.sonoraenequipo.com.mx\/cumple-gobierno-de-sonora-con-becas-para-hijas-e-hijos-de-policias-de-sonora-ssp\/#primaryimage\"},\"thumbnailUrl\":\"https:\/\/www.sonoraenequipo.com.mx\/storage\/2022\/09\/becashijospolicias.jpg\",\"keywords\":[\"becas hijos policias\",\"Sonora\"],\"articleSection\":[\"Sonora\"],\"inLanguage\":\"es\",\"potentialAction\":[{\"@type\":\"CommentAction\",\"name\":\"Comment\",\"target\":[\"https:\/\/www.sonoraenequipo.com.mx\/cumple-gobierno-de-sonora-con-becas-para-hijas-e-hijos-de-policias-de-sonora-ssp\/#respond\"]}]},{\"@type\":\"WebPage\",\"@id\":\"https:\/\/www.sonoraenequipo.com.mx\/cumple-gobierno-de-sonora-con-becas-para-hijas-e-hijos-de-policias-de-sonora-ssp\/\",\"url\":\"https:\/\/www.sonoraenequipo.com.mx\/cumple-gobierno-de-sonora-con-becas-para-hijas-e-hijos-de-policias-de-sonora-ssp\/\",\"name\":\"Sonora en Equipo. Cumple Gobierno de Sonora con becas para hijas e hijos de polic\u00edas de Sonora: SSP Sonora\",\"isPartOf\":{\"@id\":\"https:\/\/www.sonoraenequipo.com.mx\/#website\"},\"primaryImageOfPage\":{\"@id\":\"https:\/\/www.sonoraenequipo.com.mx\/cumple-gobierno-de-sonora-con-becas-para-hijas-e-hijos-de-policias-de-sonora-ssp\/#primaryimage\"},\"image\":{\"@id\":\"https:\/\/www.sonoraenequipo.com.mx\/cumple-gobierno-de-sonora-con-becas-para-hijas-e-hijos-de-policias-de-sonora-ssp\/#primaryimage\"},\"thumbnailUrl\":\"https:\/\/www.sonoraenequipo.com.mx\/storage\/2022\/09\/becashijospolicias.jpg\",\"datePublished\":\"2022-09-22T23:24:06+00:00\",\"description\":\"\u25baLa Secretar\u00eda de Seguridad P\u00fablica (SSP) y el Instituto de Becas y Cr\u00e9dito Educativo en Sonora, realizan entrega de est\u00edmulos a estudiantes de primaria y En Sonora en Equipo publicamos toda la informaci\u00f3n de Sonora, M\u00e9xico y el Mundo de manera oportuna y busca que la libertad de expresi\u00f3n sea real. Visita nuestro medio informativo publicado desde Hermosillo, Sonora. %\",\"breadcrumb\":{\"@id\":\"https:\/\/www.sonoraenequipo.com.mx\/cumple-gobierno-de-sonora-con-becas-para-hijas-e-hijos-de-policias-de-sonora-ssp\/#breadcrumb\"},\"inLanguage\":\"es\",\"potentialAction\":[{\"@type\":\"ReadAction\",\"target\":[\"https:\/\/www.sonoraenequipo.com.mx\/cumple-gobierno-de-sonora-con-becas-para-hijas-e-hijos-de-policias-de-sonora-ssp\/\"]}]},{\"@type\":\"ImageObject\",\"inLanguage\":\"es\",\"@id\":\"https:\/\/www.sonoraenequipo.com.mx\/cumple-gobierno-de-sonora-con-becas-para-hijas-e-hijos-de-policias-de-sonora-ssp\/#primaryimage\",\"url\":\"https:\/\/www.sonoraenequipo.com.mx\/storage\/2022\/09\/becashijospolicias.jpg\",\"contentUrl\":\"https:\/\/www.sonoraenequipo.com.mx\/storage\/2022\/09\/becashijospolicias.jpg\",\"width\":700,\"height\":481},{\"@type\":\"BreadcrumbList\",\"@id\":\"https:\/\/www.sonoraenequipo.com.mx\/cumple-gobierno-de-sonora-con-becas-para-hijas-e-hijos-de-policias-de-sonora-ssp\/#breadcrumb\",\"itemListElement\":[{\"@type\":\"ListItem\",\"position\":1,\"name\":\"Portada\",\"item\":\"https:\/\/www.sonoraenequipo.com.mx\/\"},{\"@type\":\"ListItem\",\"position\":2,\"name\":\"Cumple Gobierno de Sonora con becas para hijas e hijos de polic\u00edas de Sonora: SSP\"}]},{\"@type\":\"WebSite\",\"@id\":\"https:\/\/www.sonoraenequipo.com.mx\/#website\",\"url\":\"https:\/\/www.sonoraenequipo.com.mx\/\",\"name\":\"Sonora en Equipo.\",\"description\":\"Diario en l\u00ednea con Noticias desde Hermosillo, Sonora\",\"publisher\":{\"@id\":\"https:\/\/www.sonoraenequipo.com.mx\/#organization\"},\"potentialAction\":[{\"@type\":\"SearchAction\",\"target\":{\"@type\":\"EntryPoint\",\"urlTemplate\":\"https:\/\/www.sonoraenequipo.com.mx\/?s={search_term_string}\"},\"query-input\":{\"@type\":\"PropertyValueSpecification\",\"valueRequired\":true,\"valueName\":\"search_term_string\"}}],\"inLanguage\":\"es\"},{\"@type\":\"Organization\",\"@id\":\"https:\/\/www.sonoraenequipo.com.mx\/#organization\",\"name\":\"Sonoraenequipo.com.mx\",\"url\":\"https:\/\/www.sonoraenequipo.com.mx\/\",\"logo\":{\"@type\":\"ImageObject\",\"inLanguage\":\"es\",\"@id\":\"https:\/\/www.sonoraenequipo.com.mx\/#\/schema\/logo\/image\/\",\"url\":\"https:\/\/www.sonoraenequipo.com.mx\/storage\/2019\/01\/sonoraenequipo_opt.png\",\"contentUrl\":\"https:\/\/www.sonoraenequipo.com.mx\/storage\/2019\/01\/sonoraenequipo_opt.png\",\"width\":375,\"height\":125,\"caption\":\"Sonoraenequipo.com.mx\"},\"image\":{\"@id\":\"https:\/\/www.sonoraenequipo.com.mx\/#\/schema\/logo\/image\/\"},\"sameAs\":[\"https:\/\/www.facebook.com\/SonoraEE\/\",\"https:\/\/x.com\/sonoraenequipo\",\"https:\/\/www.youtube.com\/channel\/UC338nW-lPEYmJQs4ZABQ1SQ\"]},{\"@type\":\"Person\",\"@id\":\"https:\/\/www.sonoraenequipo.com.mx\/#\/schema\/person\/50102df0fb23a8fa9e8effad8fa81386\",\"name\":\"enequipo\",\"image\":{\"@type\":\"ImageObject\",\"inLanguage\":\"es\",\"@id\":\"https:\/\/www.sonoraenequipo.com.mx\/#\/schema\/person\/image\/\",\"url\":\"https:\/\/secure.gravatar.com\/avatar\/049821681b589dabc0bc20695993ccebb09f5b5d4d790cd9251b97faac7c652b?s=96&d=blank&r=g\",\"contentUrl\":\"https:\/\/secure.gravatar.com\/avatar\/049821681b589dabc0bc20695993ccebb09f5b5d4d790cd9251b97faac7c652b?s=96&d=blank&r=g\",\"caption\":\"enequipo\"},\"sameAs\":[\"https:\/\/www.facebook.com\/SonoraEE\"]}]}<\/script>\n ","yoast_head_json":{"title":"Sonora en Equipo. Cumple Gobierno de Sonora con becas para hijas e hijos de polic\u00edas de Sonora: SSP Sonora","description":"\u25baLa Secretar\u00eda de Seguridad P\u00fablica (SSP) y el Instituto de Becas y Cr\u00e9dito Educativo en Sonora, realizan entrega de est\u00edmulos a estudiantes de primaria y En Sonora en Equipo publicamos toda la informaci\u00f3n de Sonora, M\u00e9xico y el Mundo de manera oportuna y busca que la libertad de expresi\u00f3n sea real. Visita nuestro medio informativo publicado desde Hermosillo, Sonora. %","robots":{"index":"index","follow":"follow","max-snippet":"max-snippet:-1","max-image-preview":"max-image-preview:large","max-video-preview":"max-video-preview:-1"},"canonical":"https:\/\/www.sonoraenequipo.com.mx\/cumple-gobierno-de-sonora-con-becas-para-hijas-e-hijos-de-policias-de-sonora-ssp\/","og_locale":"es_ES","og_type":"article","og_title":"Sonora en Equipo. Cumple Gobierno de Sonora con becas para hijas e hijos de polic\u00edas de Sonora: SSP Sonora","og_description":"\u25baLa Secretar\u00eda de Seguridad P\u00fablica (SSP) y el Instituto de Becas y Cr\u00e9dito Educativo en Sonora, realizan entrega de est\u00edmulos a estudiantes de primaria y En Sonora en Equipo publicamos toda la informaci\u00f3n de Sonora, M\u00e9xico y el Mundo de manera oportuna y busca que la libertad de expresi\u00f3n sea real. Visita nuestro medio informativo publicado desde Hermosillo, Sonora. %","og_url":"https:\/\/www.sonoraenequipo.com.mx\/cumple-gobierno-de-sonora-con-becas-para-hijas-e-hijos-de-policias-de-sonora-ssp\/","og_site_name":"Sonora en Equipo.","article_publisher":"https:\/\/www.facebook.com\/SonoraEE\/","article_author":"https:\/\/www.facebook.com\/SonoraEE","article_published_time":"2022-09-22T23:24:06+00:00","og_image":[{"width":700,"height":481,"url":"https:\/\/www.sonoraenequipo.com.mx\/storage\/2022\/09\/becashijospolicias.jpg","type":"image\/jpeg"}],"author":"enequipo","twitter_card":"summary_large_image","twitter_creator":"@sonoraenequipo","twitter_site":"@sonoraenequipo","twitter_misc":{"Escrito por":"enequipo","Tiempo de lectura":"3 minutos"},"schema":{"@context":"https:\/\/schema.org","@graph":[{"@type":"Article","@id":"https:\/\/www.sonoraenequipo.com.mx\/cumple-gobierno-de-sonora-con-becas-para-hijas-e-hijos-de-policias-de-sonora-ssp\/#article","isPartOf":{"@id":"https:\/\/www.sonoraenequipo.com.mx\/cumple-gobierno-de-sonora-con-becas-para-hijas-e-hijos-de-policias-de-sonora-ssp\/"},"author":{"name":"enequipo","@id":"https:\/\/www.sonoraenequipo.com.mx\/#\/schema\/person\/50102df0fb23a8fa9e8effad8fa81386"},"headline":"Cumple Gobierno de Sonora con becas para hijas e hijos de polic\u00edas de Sonora: SSP","datePublished":"2022-09-22T23:24:06+00:00","mainEntityOfPage":{"@id":"https:\/\/www.sonoraenequipo.com.mx\/cumple-gobierno-de-sonora-con-becas-para-hijas-e-hijos-de-policias-de-sonora-ssp\/"},"wordCount":635,"commentCount":0,"publisher":{"@id":"https:\/\/www.sonoraenequipo.com.mx\/#organization"},"image":{"@id":"https:\/\/www.sonoraenequipo.com.mx\/cumple-gobierno-de-sonora-con-becas-para-hijas-e-hijos-de-policias-de-sonora-ssp\/#primaryimage"},"thumbnailUrl":"https:\/\/www.sonoraenequipo.com.mx\/storage\/2022\/09\/becashijospolicias.jpg","keywords":["becas hijos policias","Sonora"],"articleSection":["Sonora"],"inLanguage":"es","potentialAction":[{"@type":"CommentAction","name":"Comment","target":["https:\/\/www.sonoraenequipo.com.mx\/cumple-gobierno-de-sonora-con-becas-para-hijas-e-hijos-de-policias-de-sonora-ssp\/#respond"]}]},{"@type":"WebPage","@id":"https:\/\/www.sonoraenequipo.com.mx\/cumple-gobierno-de-sonora-con-becas-para-hijas-e-hijos-de-policias-de-sonora-ssp\/","url":"https:\/\/www.sonoraenequipo.com.mx\/cumple-gobierno-de-sonora-con-becas-para-hijas-e-hijos-de-policias-de-sonora-ssp\/","name":"Sonora en Equipo. Cumple Gobierno de Sonora con becas para hijas e hijos de polic\u00edas de Sonora: SSP Sonora","isPartOf":{"@id":"https:\/\/www.sonoraenequipo.com.mx\/#website"},"primaryImageOfPage":{"@id":"https:\/\/www.sonoraenequipo.com.mx\/cumple-gobierno-de-sonora-con-becas-para-hijas-e-hijos-de-policias-de-sonora-ssp\/#primaryimage"},"image":{"@id":"https:\/\/www.sonoraenequipo.com.mx\/cumple-gobierno-de-sonora-con-becas-para-hijas-e-hijos-de-policias-de-sonora-ssp\/#primaryimage"},"thumbnailUrl":"https:\/\/www.sonoraenequipo.com.mx\/storage\/2022\/09\/becashijospolicias.jpg","datePublished":"2022-09-22T23:24:06+00:00","description":"\u25baLa Secretar\u00eda de Seguridad P\u00fablica (SSP) y el Instituto de Becas y Cr\u00e9dito Educativo en Sonora, realizan entrega de est\u00edmulos a estudiantes de primaria y En Sonora en Equipo publicamos toda la informaci\u00f3n de Sonora, M\u00e9xico y el Mundo de manera oportuna y busca que la libertad de expresi\u00f3n sea real. Visita nuestro medio informativo publicado desde Hermosillo, Sonora. %","breadcrumb":{"@id":"https:\/\/www.sonoraenequipo.com.mx\/cumple-gobierno-de-sonora-con-becas-para-hijas-e-hijos-de-policias-de-sonora-ssp\/#breadcrumb"},"inLanguage":"es","potentialAction":[{"@type":"ReadAction","target":["https:\/\/www.sonoraenequipo.com.mx\/cumple-gobierno-de-sonora-con-becas-para-hijas-e-hijos-de-policias-de-sonora-ssp\/"]}]},{"@type":"ImageObject","inLanguage":"es","@id":"https:\/\/www.sonoraenequipo.com.mx\/cumple-gobierno-de-sonora-con-becas-para-hijas-e-hijos-de-policias-de-sonora-ssp\/#primaryimage","url":"https:\/\/www.sonoraenequipo.com.mx\/storage\/2022\/09\/becashijospolicias.jpg","contentUrl":"https:\/\/www.sonoraenequipo.com.mx\/storage\/2022\/09\/becashijospolicias.jpg","width":700,"height":481},{"@type":"BreadcrumbList","@id":"https:\/\/www.sonoraenequipo.com.mx\/cumple-gobierno-de-sonora-con-becas-para-hijas-e-hijos-de-policias-de-sonora-ssp\/#breadcrumb","itemListElement":[{"@type":"ListItem","position":1,"name":"Portada","item":"https:\/\/www.sonoraenequipo.com.mx\/"},{"@type":"ListItem","position":2,"name":"Cumple Gobierno de Sonora con becas para hijas e hijos de polic\u00edas de Sonora: SSP"}]},{"@type":"WebSite","@id":"https:\/\/www.sonoraenequipo.com.mx\/#website","url":"https:\/\/www.sonoraenequipo.com.mx\/","name":"Sonora en Equipo.","description":"Diario en l\u00ednea con Noticias desde Hermosillo, Sonora","publisher":{"@id":"https:\/\/www.sonoraenequipo.com.mx\/#organization"},"potentialAction":[{"@type":"SearchAction","target":{"@type":"EntryPoint","urlTemplate":"https:\/\/www.sonoraenequipo.com.mx\/?s={search_term_string}"},"query-input":{"@type":"PropertyValueSpecification","valueRequired":true,"valueName":"search_term_string"}}],"inLanguage":"es"},{"@type":"Organization","@id":"https:\/\/www.sonoraenequipo.com.mx\/#organization","name":"Sonoraenequipo.com.mx","url":"https:\/\/www.sonoraenequipo.com.mx\/","logo":{"@type":"ImageObject","inLanguage":"es","@id":"https:\/\/www.sonoraenequipo.com.mx\/#\/schema\/logo\/image\/","url":"https:\/\/www.sonoraenequipo.com.mx\/storage\/2019\/01\/sonoraenequipo_opt.png","contentUrl":"https:\/\/www.sonoraenequipo.com.mx\/storage\/2019\/01\/sonoraenequipo_opt.png","width":375,"height":125,"caption":"Sonoraenequipo.com.mx"},"image":{"@id":"https:\/\/www.sonoraenequipo.com.mx\/#\/schema\/logo\/image\/"},"sameAs":["https:\/\/www.facebook.com\/SonoraEE\/","https:\/\/x.com\/sonoraenequipo","https:\/\/www.youtube.com\/channel\/UC338nW-lPEYmJQs4ZABQ1SQ"]},{"@type":"Person","@id":"https:\/\/www.sonoraenequipo.com.mx\/#\/schema\/person\/50102df0fb23a8fa9e8effad8fa81386","name":"enequipo","image":{"@type":"ImageObject","inLanguage":"es","@id":"https:\/\/www.sonoraenequipo.com.mx\/#\/schema\/person\/image\/","url":"https:\/\/secure.gravatar.com\/avatar\/049821681b589dabc0bc20695993ccebb09f5b5d4d790cd9251b97faac7c652b?s=96&d=blank&r=g","contentUrl":"https:\/\/secure.gravatar.com\/avatar\/049821681b589dabc0bc20695993ccebb09f5b5d4d790cd9251b97faac7c652b?s=96&d=blank&r=g","caption":"enequipo"},"sameAs":["https:\/\/www.facebook.com\/SonoraEE"]}]}},"jetpack_featured_media_url":"https:\/\/www.sonoraenequipo.com.mx\/storage\/2022\/09\/becashijospolicias.jpg","_links":{"self":[{"href":"https:\/\/www.sonoraenequipo.com.mx\/api\/wp\/v2\/posts\/147538","targetHints":{"allow":["GET"]}}],"collection":[{"href":"https:\/\/www.sonoraenequipo.com.mx\/api\/wp\/v2\/posts"}],"about":[{"href":"https:\/\/www.sonoraenequipo.com.mx\/api\/wp\/v2\/types\/post"}],"author":[{"embeddable":true,"href":"https:\/\/www.sonoraenequipo.com.mx\/api\/wp\/v2\/users\/1"}],"replies":[{"embeddable":true,"href":"https:\/\/www.sonoraenequipo.com.mx\/api\/wp\/v2\/comments?post=147538"}],"version-history":[{"count":1,"href":"https:\/\/www.sonoraenequipo.com.mx\/api\/wp\/v2\/posts\/147538\/revisions"}],"predecessor-version":[{"id":147541,"href":"https:\/\/www.sonoraenequipo.com.mx\/api\/wp\/v2\/posts\/147538\/revisions\/147541"}],"wp:featuredmedia":[{"embeddable":true,"href":"https:\/\/www.sonoraenequipo.com.mx\/api\/wp\/v2\/media\/147539"}],"wp:attachment":[{"href":"https:\/\/www.sonoraenequipo.com.mx\/api\/wp\/v2\/media?parent=147538"}],"wp:term":[{"taxonomy":"category","embeddable":true,"href":"https:\/\/www.sonoraenequipo.com.mx\/api\/wp\/v2\/categories?post=147538"},{"taxonomy":"post_tag","embeddable":true,"href":"https:\/\/www.sonoraenequipo.com.mx\/api\/wp\/v2\/tags?post=147538"}],"curies":[{"name":"wp","href":"https:\/\/api.w.org\/{rel}","templated":true}]}}