{"id":147540,"date":"2022-09-22T13:28:03","date_gmt":"2022-09-22T20:28:03","guid":{"rendered":"https:\/\/www.sonoraenequipo.com.mx\/?p=147540"},"modified":"2022-09-22T16:42:08","modified_gmt":"2022-09-22T23:42:08","slug":"otorgan-amparo-a-murillo-karam-por-caso-ayotzinapa","status":"publish","type":"post","link":"https:\/\/www.sonoraenequipo.com.mx\/otorgan-amparo-a-murillo-karam-por-caso-ayotzinapa\/","title":{"rendered":"Otorgan amparo a Murillo Karam por caso Ayotzinapa"},"content":{"rendered":"<p><strong>CIUDAD DE M\u00c9XICO. MX. \u2014<\/strong> Un juez otorg\u00f3 un amparo provisional a Jes\u00fas Murillo Karam, extitular de la extinta Procuradur\u00eda General de la Rep\u00fablica (PGR), para protegerlo de su procesamiento por el caso de los 43 estudiantes desaparecidos de Ayotzinapa, seg\u00fan revelaron documentos judiciales.<\/p>\n<p>&nbsp;<\/p>\n<p> <\/p>\n<p>&nbsp;<\/p>\n<p>&nbsp;<\/p>\n<p>El juez admiti\u00f3 a tr\u00e1mite el amparo que interpuso Murillo Karam tras su vinculaci\u00f3n a proceso el 24 de agosto pasado por los delitos de tortura, desaparici\u00f3n forzada de personas y contra la administraci\u00f3n de justicia que presuntamente cometi\u00f3 cuando era el encargado del caso como titular de la PGR en 2014.<\/p>\n<p>&nbsp;<\/p>\n<p>&nbsp;<\/p>\n<p><em><strong>\u201cSe admite la demanda de amparo. C\u00edtese a las partes a la audiencia constitucional, para cuya celebraci\u00f3n se fijan las 11.00 horas del 11 de octubre\u201d<\/strong><\/em>, establece la resoluci\u00f3n del expediente 771\/2022 del Juzgado Decimosexto de Distrito de Amparo en Materia Penal en la Ciudad de M\u00e9xico.<\/p>\n<p>&nbsp;<\/p>\n<p>&nbsp;<\/p>\n<p>De concederse el amparo definitivo, Murillo Karam podr\u00eda suspender su procesamiento judicial por el caso de los 43 estudiantes que desaparecieron el 26 de septiembre de 2014, en Guerrero.<\/p>\n<p>&nbsp;<\/p>\n<p>El juez reconoci\u00f3 adem\u00e1s <strong>\u201cla existencia de diversos juicios de amparo promovidos por el aqu\u00ed quejoso\u201d.<\/strong><\/p>\n<p>&nbsp;<\/p>\n<p>En la prensa nacional ha trascendido que los abogados de Murillo Karam, quien fue funcionario durante la presidencia de Enrique Pe\u00f1a Nieto (2012-2018), tambi\u00e9n buscan un amparo para suspender la prisi\u00f3n preventiva a la que est\u00e1 sometido desde el 24 de agosto pasado.<\/p>\n<p>&nbsp;<\/p>\n<p>El arresto de Murillo Karam es el de mayor perfil hasta ahora del caso Ayotzinapa y ocurri\u00f3 tras el informe de la Comisi\u00f3n para la Verdad, que concluy\u00f3 el 18 de agosto que la desaparici\u00f3n de los 43 estudiantes fue un \u201ccrimen de Estado\u201d con autoridades involucradas de todos los niveles y que no hay indicios de que est\u00e9n vivos.<\/p>\n<p>&nbsp;<\/p>\n<p>El informe y la detenci\u00f3n del exfuncionario han reavivado la pol\u00e9mica sobre el crimen de Ayotzinapa a d\u00edas del octavo aniversario de la desaparici\u00f3n masiva.<\/p>\n<p>&nbsp;<\/p>\n<p>El exprocurador est\u00e1 acusado de ser uno de los fabricantes de la \u201cverdad hist\u00f3rica\u201d, una versi\u00f3n del Gobierno de Pe\u00f1a Nieto que afirmaba que polic\u00edas corruptos detuvieron a los estudiantes y los entregaron al cartel Guerreros Unidos, que los asesin\u00f3 e inciner\u00f3 en un basurero en el sure\u00f1o estado de Guerrero.<\/p>\n<p>&nbsp;<\/p>\n<p>La Comisi\u00f3n de la Verdad y el Gobierno de Andr\u00e9s Manuel L\u00f3pez Obrador han rechazado esa \u201cverdad hist\u00f3rica\u201d al concluir que no fue posible que los hayan quemado ah\u00ed y que, incluso, varios estudiantes permanecieron vivos por d\u00edas despu\u00e9s del hecho.<\/p>\n<p>&nbsp;<\/p>\n<p>&nbsp;<\/p>\n<p>PUBLICADO EL 22\/SEPTIEMBRE\/2022 Con informaci\u00f3n de EFE)<\/p>\n","protected":false},"excerpt":{"rendered":"<p>CIUDAD DE M\u00c9XICO. MX. \u2014 Un juez otorg\u00f3 un amparo provisional a Jes\u00fas Murillo Karam,&#8230;<\/p>\n","protected":false},"author":1,"featured_media":147550,"comment_status":"open","ping_status":"open","sticky":false,"template":"","format":"standard","meta":{"_monsterinsights_skip_tracking":false,"_monsterinsights_sitenote_active":false,"_monsterinsights_sitenote_note":"","_monsterinsights_sitenote_category":0,"footnotes":""},"categories":[5],"tags":[],"class_list":["post"],"yoast_head":" \n<title>Sonora en Equipo. Otorgan amparo a Murillo Karam por caso Ayotzinapa Rep\u00fablica<\/title>\n<meta name=\"description\" content=\"CIUDAD DE M\u00c9XICO. MX. \u2014 Un juez otorg\u00f3 un amparo provisional a Jes\u00fas Murillo Karam, extitular de la extinta Procuradur\u00eda General de la Rep\u00fablica (PGR), En Sonora en Equipo publicamos toda la informaci\u00f3n de Sonora, M\u00e9xico y el Mundo de manera oportuna y busca que la libertad de expresi\u00f3n sea real. Visita nuestro medio informativo publicado desde Hermosillo, Sonora. %\" \/>\n<meta name=\"robots\" content=\"index, follow, max-snippet:-1, max-image-preview:large, max-video-preview:-1\" \/>\n<link rel=\"canonical\" href=\"https:\/\/www.sonoraenequipo.com.mx\/otorgan-amparo-a-murillo-karam-por-caso-ayotzinapa\/\" \/>\n<meta property=\"og:locale\" content=\"es_ES\" \/>\n<meta property=\"og:type\" content=\"article\" \/>\n<meta property=\"og:title\" content=\"Sonora en Equipo. Otorgan amparo a Murillo Karam por caso Ayotzinapa Rep\u00fablica\" \/>\n<meta property=\"og:description\" content=\"CIUDAD DE M\u00c9XICO. MX. \u2014 Un juez otorg\u00f3 un amparo provisional a Jes\u00fas Murillo Karam, extitular de la extinta Procuradur\u00eda General de la Rep\u00fablica (PGR), En Sonora en Equipo publicamos toda la informaci\u00f3n de Sonora, M\u00e9xico y el Mundo de manera oportuna y busca que la libertad de expresi\u00f3n sea real. Visita nuestro medio informativo publicado desde Hermosillo, Sonora. %\" \/>\n<meta property=\"og:url\" content=\"https:\/\/www.sonoraenequipo.com.mx\/otorgan-amparo-a-murillo-karam-por-caso-ayotzinapa\/\" \/>\n<meta property=\"og:site_name\" content=\"Sonora en Equipo.\" \/>\n<meta property=\"article:publisher\" content=\"https:\/\/www.facebook.com\/SonoraEE\/\" \/>\n<meta property=\"article:author\" content=\"https:\/\/www.facebook.com\/SonoraEE\" \/>\n<meta property=\"article:published_time\" content=\"2022-09-22T20:28:03+00:00\" \/>\n<meta property=\"article:modified_time\" content=\"2022-09-22T23:42:08+00:00\" \/>\n<meta property=\"og:image\" content=\"https:\/\/www.sonoraenequipo.com.mx\/storage\/2022\/09\/Murillo-Karam-amparo.jpg\" \/>\n\t<meta property=\"og:image:width\" content=\"900\" \/>\n\t<meta property=\"og:image:height\" content=\"514\" \/>\n\t<meta property=\"og:image:type\" content=\"image\/jpeg\" \/>\n<meta name=\"author\" content=\"enequipo\" \/>\n<meta name=\"twitter:card\" content=\"summary_large_image\" \/>\n<meta name=\"twitter:creator\" content=\"@sonoraenequipo\" \/>\n<meta name=\"twitter:site\" content=\"@sonoraenequipo\" \/>\n<meta name=\"twitter:label1\" content=\"Escrito por\" \/>\n\t<meta name=\"twitter:data1\" content=\"enequipo\" \/>\n\t<meta name=\"twitter:label2\" content=\"Tiempo de lectura\" \/>\n\t<meta name=\"twitter:data2\" content=\"2 minutos\" \/>\n<script type=\"application\/ld+json\" class=\"yoast-schema-graph\">{\"@context\":\"https:\/\/schema.org\",\"@graph\":[{\"@type\":\"Article\",\"@id\":\"https:\/\/www.sonoraenequipo.com.mx\/otorgan-amparo-a-murillo-karam-por-caso-ayotzinapa\/#article\",\"isPartOf\":{\"@id\":\"https:\/\/www.sonoraenequipo.com.mx\/otorgan-amparo-a-murillo-karam-por-caso-ayotzinapa\/\"},\"author\":{\"name\":\"enequipo\",\"@id\":\"https:\/\/www.sonoraenequipo.com.mx\/#\/schema\/person\/50102df0fb23a8fa9e8effad8fa81386\"},\"headline\":\"Otorgan amparo a Murillo Karam por caso Ayotzinapa\",\"datePublished\":\"2022-09-22T20:28:03+00:00\",\"dateModified\":\"2022-09-22T23:42:08+00:00\",\"mainEntityOfPage\":{\"@id\":\"https:\/\/www.sonoraenequipo.com.mx\/otorgan-amparo-a-murillo-karam-por-caso-ayotzinapa\/\"},\"wordCount\":462,\"commentCount\":0,\"publisher\":{\"@id\":\"https:\/\/www.sonoraenequipo.com.mx\/#organization\"},\"image\":{\"@id\":\"https:\/\/www.sonoraenequipo.com.mx\/otorgan-amparo-a-murillo-karam-por-caso-ayotzinapa\/#primaryimage\"},\"thumbnailUrl\":\"https:\/\/www.sonoraenequipo.com.mx\/storage\/2022\/09\/Murillo-Karam-amparo.jpg\",\"articleSection\":[\"Rep\u00fablica\"],\"inLanguage\":\"es\",\"potentialAction\":[{\"@type\":\"CommentAction\",\"name\":\"Comment\",\"target\":[\"https:\/\/www.sonoraenequipo.com.mx\/otorgan-amparo-a-murillo-karam-por-caso-ayotzinapa\/#respond\"]}]},{\"@type\":\"WebPage\",\"@id\":\"https:\/\/www.sonoraenequipo.com.mx\/otorgan-amparo-a-murillo-karam-por-caso-ayotzinapa\/\",\"url\":\"https:\/\/www.sonoraenequipo.com.mx\/otorgan-amparo-a-murillo-karam-por-caso-ayotzinapa\/\",\"name\":\"Sonora en Equipo. Otorgan amparo a Murillo Karam por caso Ayotzinapa Rep\u00fablica\",\"isPartOf\":{\"@id\":\"https:\/\/www.sonoraenequipo.com.mx\/#website\"},\"primaryImageOfPage\":{\"@id\":\"https:\/\/www.sonoraenequipo.com.mx\/otorgan-amparo-a-murillo-karam-por-caso-ayotzinapa\/#primaryimage\"},\"image\":{\"@id\":\"https:\/\/www.sonoraenequipo.com.mx\/otorgan-amparo-a-murillo-karam-por-caso-ayotzinapa\/#primaryimage\"},\"thumbnailUrl\":\"https:\/\/www.sonoraenequipo.com.mx\/storage\/2022\/09\/Murillo-Karam-amparo.jpg\",\"datePublished\":\"2022-09-22T20:28:03+00:00\",\"dateModified\":\"2022-09-22T23:42:08+00:00\",\"description\":\"CIUDAD DE M\u00c9XICO. MX. \u2014 Un juez otorg\u00f3 un amparo provisional a Jes\u00fas Murillo Karam, extitular de la extinta Procuradur\u00eda General de la Rep\u00fablica (PGR), En Sonora en Equipo publicamos toda la informaci\u00f3n de Sonora, M\u00e9xico y el Mundo de manera oportuna y busca que la libertad de expresi\u00f3n sea real. Visita nuestro medio informativo publicado desde Hermosillo, Sonora. %\",\"breadcrumb\":{\"@id\":\"https:\/\/www.sonoraenequipo.com.mx\/otorgan-amparo-a-murillo-karam-por-caso-ayotzinapa\/#breadcrumb\"},\"inLanguage\":\"es\",\"potentialAction\":[{\"@type\":\"ReadAction\",\"target\":[\"https:\/\/www.sonoraenequipo.com.mx\/otorgan-amparo-a-murillo-karam-por-caso-ayotzinapa\/\"]}]},{\"@type\":\"ImageObject\",\"inLanguage\":\"es\",\"@id\":\"https:\/\/www.sonoraenequipo.com.mx\/otorgan-amparo-a-murillo-karam-por-caso-ayotzinapa\/#primaryimage\",\"url\":\"https:\/\/www.sonoraenequipo.com.mx\/storage\/2022\/09\/Murillo-Karam-amparo.jpg\",\"contentUrl\":\"https:\/\/www.sonoraenequipo.com.mx\/storage\/2022\/09\/Murillo-Karam-amparo.jpg\",\"width\":900,\"height\":514},{\"@type\":\"BreadcrumbList\",\"@id\":\"https:\/\/www.sonoraenequipo.com.mx\/otorgan-amparo-a-murillo-karam-por-caso-ayotzinapa\/#breadcrumb\",\"itemListElement\":[{\"@type\":\"ListItem\",\"position\":1,\"name\":\"Portada\",\"item\":\"https:\/\/www.sonoraenequipo.com.mx\/\"},{\"@type\":\"ListItem\",\"position\":2,\"name\":\"Otorgan amparo a Murillo Karam por caso Ayotzinapa\"}]},{\"@type\":\"WebSite\",\"@id\":\"https:\/\/www.sonoraenequipo.com.mx\/#website\",\"url\":\"https:\/\/www.sonoraenequipo.com.mx\/\",\"name\":\"Sonora en Equipo.\",\"description\":\"Diario en l\u00ednea con Noticias desde Hermosillo, Sonora\",\"publisher\":{\"@id\":\"https:\/\/www.sonoraenequipo.com.mx\/#organization\"},\"potentialAction\":[{\"@type\":\"SearchAction\",\"target\":{\"@type\":\"EntryPoint\",\"urlTemplate\":\"https:\/\/www.sonoraenequipo.com.mx\/?s={search_term_string}\"},\"query-input\":{\"@type\":\"PropertyValueSpecification\",\"valueRequired\":true,\"valueName\":\"search_term_string\"}}],\"inLanguage\":\"es\"},{\"@type\":\"Organization\",\"@id\":\"https:\/\/www.sonoraenequipo.com.mx\/#organization\",\"name\":\"Sonoraenequipo.com.mx\",\"url\":\"https:\/\/www.sonoraenequipo.com.mx\/\",\"logo\":{\"@type\":\"ImageObject\",\"inLanguage\":\"es\",\"@id\":\"https:\/\/www.sonoraenequipo.com.mx\/#\/schema\/logo\/image\/\",\"url\":\"https:\/\/www.sonoraenequipo.com.mx\/storage\/2019\/01\/sonoraenequipo_opt.png\",\"contentUrl\":\"https:\/\/www.sonoraenequipo.com.mx\/storage\/2019\/01\/sonoraenequipo_opt.png\",\"width\":375,\"height\":125,\"caption\":\"Sonoraenequipo.com.mx\"},\"image\":{\"@id\":\"https:\/\/www.sonoraenequipo.com.mx\/#\/schema\/logo\/image\/\"},\"sameAs\":[\"https:\/\/www.facebook.com\/SonoraEE\/\",\"https:\/\/x.com\/sonoraenequipo\",\"https:\/\/www.youtube.com\/channel\/UC338nW-lPEYmJQs4ZABQ1SQ\"]},{\"@type\":\"Person\",\"@id\":\"https:\/\/www.sonoraenequipo.com.mx\/#\/schema\/person\/50102df0fb23a8fa9e8effad8fa81386\",\"name\":\"enequipo\",\"image\":{\"@type\":\"ImageObject\",\"inLanguage\":\"es\",\"@id\":\"https:\/\/www.sonoraenequipo.com.mx\/#\/schema\/person\/image\/\",\"url\":\"https:\/\/secure.gravatar.com\/avatar\/049821681b589dabc0bc20695993ccebb09f5b5d4d790cd9251b97faac7c652b?s=96&d=blank&r=g\",\"contentUrl\":\"https:\/\/secure.gravatar.com\/avatar\/049821681b589dabc0bc20695993ccebb09f5b5d4d790cd9251b97faac7c652b?s=96&d=blank&r=g\",\"caption\":\"enequipo\"},\"sameAs\":[\"https:\/\/www.facebook.com\/SonoraEE\"]}]}<\/script>\n ","yoast_head_json":{"title":"Sonora en Equipo. Otorgan amparo a Murillo Karam por caso Ayotzinapa Rep\u00fablica","description":"CIUDAD DE M\u00c9XICO. MX. \u2014 Un juez otorg\u00f3 un amparo provisional a Jes\u00fas Murillo Karam, extitular de la extinta Procuradur\u00eda General de la Rep\u00fablica (PGR), En Sonora en Equipo publicamos toda la informaci\u00f3n de Sonora, M\u00e9xico y el Mundo de manera oportuna y busca que la libertad de expresi\u00f3n sea real. Visita nuestro medio informativo publicado desde Hermosillo, Sonora. %","robots":{"index":"index","follow":"follow","max-snippet":"max-snippet:-1","max-image-preview":"max-image-preview:large","max-video-preview":"max-video-preview:-1"},"canonical":"https:\/\/www.sonoraenequipo.com.mx\/otorgan-amparo-a-murillo-karam-por-caso-ayotzinapa\/","og_locale":"es_ES","og_type":"article","og_title":"Sonora en Equipo. Otorgan amparo a Murillo Karam por caso Ayotzinapa Rep\u00fablica","og_description":"CIUDAD DE M\u00c9XICO. MX. \u2014 Un juez otorg\u00f3 un amparo provisional a Jes\u00fas Murillo Karam, extitular de la extinta Procuradur\u00eda General de la Rep\u00fablica (PGR), En Sonora en Equipo publicamos toda la informaci\u00f3n de Sonora, M\u00e9xico y el Mundo de manera oportuna y busca que la libertad de expresi\u00f3n sea real. Visita nuestro medio informativo publicado desde Hermosillo, Sonora. %","og_url":"https:\/\/www.sonoraenequipo.com.mx\/otorgan-amparo-a-murillo-karam-por-caso-ayotzinapa\/","og_site_name":"Sonora en Equipo.","article_publisher":"https:\/\/www.facebook.com\/SonoraEE\/","article_author":"https:\/\/www.facebook.com\/SonoraEE","article_published_time":"2022-09-22T20:28:03+00:00","article_modified_time":"2022-09-22T23:42:08+00:00","og_image":[{"width":900,"height":514,"url":"https:\/\/www.sonoraenequipo.com.mx\/storage\/2022\/09\/Murillo-Karam-amparo.jpg","type":"image\/jpeg"}],"author":"enequipo","twitter_card":"summary_large_image","twitter_creator":"@sonoraenequipo","twitter_site":"@sonoraenequipo","twitter_misc":{"Escrito por":"enequipo","Tiempo de lectura":"2 minutos"},"schema":{"@context":"https:\/\/schema.org","@graph":[{"@type":"Article","@id":"https:\/\/www.sonoraenequipo.com.mx\/otorgan-amparo-a-murillo-karam-por-caso-ayotzinapa\/#article","isPartOf":{"@id":"https:\/\/www.sonoraenequipo.com.mx\/otorgan-amparo-a-murillo-karam-por-caso-ayotzinapa\/"},"author":{"name":"enequipo","@id":"https:\/\/www.sonoraenequipo.com.mx\/#\/schema\/person\/50102df0fb23a8fa9e8effad8fa81386"},"headline":"Otorgan amparo a Murillo Karam por caso Ayotzinapa","datePublished":"2022-09-22T20:28:03+00:00","dateModified":"2022-09-22T23:42:08+00:00","mainEntityOfPage":{"@id":"https:\/\/www.sonoraenequipo.com.mx\/otorgan-amparo-a-murillo-karam-por-caso-ayotzinapa\/"},"wordCount":462,"commentCount":0,"publisher":{"@id":"https:\/\/www.sonoraenequipo.com.mx\/#organization"},"image":{"@id":"https:\/\/www.sonoraenequipo.com.mx\/otorgan-amparo-a-murillo-karam-por-caso-ayotzinapa\/#primaryimage"},"thumbnailUrl":"https:\/\/www.sonoraenequipo.com.mx\/storage\/2022\/09\/Murillo-Karam-amparo.jpg","articleSection":["Rep\u00fablica"],"inLanguage":"es","potentialAction":[{"@type":"CommentAction","name":"Comment","target":["https:\/\/www.sonoraenequipo.com.mx\/otorgan-amparo-a-murillo-karam-por-caso-ayotzinapa\/#respond"]}]},{"@type":"WebPage","@id":"https:\/\/www.sonoraenequipo.com.mx\/otorgan-amparo-a-murillo-karam-por-caso-ayotzinapa\/","url":"https:\/\/www.sonoraenequipo.com.mx\/otorgan-amparo-a-murillo-karam-por-caso-ayotzinapa\/","name":"Sonora en Equipo. Otorgan amparo a Murillo Karam por caso Ayotzinapa Rep\u00fablica","isPartOf":{"@id":"https:\/\/www.sonoraenequipo.com.mx\/#website"},"primaryImageOfPage":{"@id":"https:\/\/www.sonoraenequipo.com.mx\/otorgan-amparo-a-murillo-karam-por-caso-ayotzinapa\/#primaryimage"},"image":{"@id":"https:\/\/www.sonoraenequipo.com.mx\/otorgan-amparo-a-murillo-karam-por-caso-ayotzinapa\/#primaryimage"},"thumbnailUrl":"https:\/\/www.sonoraenequipo.com.mx\/storage\/2022\/09\/Murillo-Karam-amparo.jpg","datePublished":"2022-09-22T20:28:03+00:00","dateModified":"2022-09-22T23:42:08+00:00","description":"CIUDAD DE M\u00c9XICO. MX. \u2014 Un juez otorg\u00f3 un amparo provisional a Jes\u00fas Murillo Karam, extitular de la extinta Procuradur\u00eda General de la Rep\u00fablica (PGR), En Sonora en Equipo publicamos toda la informaci\u00f3n de Sonora, M\u00e9xico y el Mundo de manera oportuna y busca que la libertad de expresi\u00f3n sea real. Visita nuestro medio informativo publicado desde Hermosillo, Sonora. %","breadcrumb":{"@id":"https:\/\/www.sonoraenequipo.com.mx\/otorgan-amparo-a-murillo-karam-por-caso-ayotzinapa\/#breadcrumb"},"inLanguage":"es","potentialAction":[{"@type":"ReadAction","target":["https:\/\/www.sonoraenequipo.com.mx\/otorgan-amparo-a-murillo-karam-por-caso-ayotzinapa\/"]}]},{"@type":"ImageObject","inLanguage":"es","@id":"https:\/\/www.sonoraenequipo.com.mx\/otorgan-amparo-a-murillo-karam-por-caso-ayotzinapa\/#primaryimage","url":"https:\/\/www.sonoraenequipo.com.mx\/storage\/2022\/09\/Murillo-Karam-amparo.jpg","contentUrl":"https:\/\/www.sonoraenequipo.com.mx\/storage\/2022\/09\/Murillo-Karam-amparo.jpg","width":900,"height":514},{"@type":"BreadcrumbList","@id":"https:\/\/www.sonoraenequipo.com.mx\/otorgan-amparo-a-murillo-karam-por-caso-ayotzinapa\/#breadcrumb","itemListElement":[{"@type":"ListItem","position":1,"name":"Portada","item":"https:\/\/www.sonoraenequipo.com.mx\/"},{"@type":"ListItem","position":2,"name":"Otorgan amparo a Murillo Karam por caso Ayotzinapa"}]},{"@type":"WebSite","@id":"https:\/\/www.sonoraenequipo.com.mx\/#website","url":"https:\/\/www.sonoraenequipo.com.mx\/","name":"Sonora en Equipo.","description":"Diario en l\u00ednea con Noticias desde Hermosillo, Sonora","publisher":{"@id":"https:\/\/www.sonoraenequipo.com.mx\/#organization"},"potentialAction":[{"@type":"SearchAction","target":{"@type":"EntryPoint","urlTemplate":"https:\/\/www.sonoraenequipo.com.mx\/?s={search_term_string}"},"query-input":{"@type":"PropertyValueSpecification","valueRequired":true,"valueName":"search_term_string"}}],"inLanguage":"es"},{"@type":"Organization","@id":"https:\/\/www.sonoraenequipo.com.mx\/#organization","name":"Sonoraenequipo.com.mx","url":"https:\/\/www.sonoraenequipo.com.mx\/","logo":{"@type":"ImageObject","inLanguage":"es","@id":"https:\/\/www.sonoraenequipo.com.mx\/#\/schema\/logo\/image\/","url":"https:\/\/www.sonoraenequipo.com.mx\/storage\/2019\/01\/sonoraenequipo_opt.png","contentUrl":"https:\/\/www.sonoraenequipo.com.mx\/storage\/2019\/01\/sonoraenequipo_opt.png","width":375,"height":125,"caption":"Sonoraenequipo.com.mx"},"image":{"@id":"https:\/\/www.sonoraenequipo.com.mx\/#\/schema\/logo\/image\/"},"sameAs":["https:\/\/www.facebook.com\/SonoraEE\/","https:\/\/x.com\/sonoraenequipo","https:\/\/www.youtube.com\/channel\/UC338nW-lPEYmJQs4ZABQ1SQ"]},{"@type":"Person","@id":"https:\/\/www.sonoraenequipo.com.mx\/#\/schema\/person\/50102df0fb23a8fa9e8effad8fa81386","name":"enequipo","image":{"@type":"ImageObject","inLanguage":"es","@id":"https:\/\/www.sonoraenequipo.com.mx\/#\/schema\/person\/image\/","url":"https:\/\/secure.gravatar.com\/avatar\/049821681b589dabc0bc20695993ccebb09f5b5d4d790cd9251b97faac7c652b?s=96&d=blank&r=g","contentUrl":"https:\/\/secure.gravatar.com\/avatar\/049821681b589dabc0bc20695993ccebb09f5b5d4d790cd9251b97faac7c652b?s=96&d=blank&r=g","caption":"enequipo"},"sameAs":["https:\/\/www.facebook.com\/SonoraEE"]}]}},"jetpack_featured_media_url":"https:\/\/www.sonoraenequipo.com.mx\/storage\/2022\/09\/Murillo-Karam-amparo.jpg","_links":{"self":[{"href":"https:\/\/www.sonoraenequipo.com.mx\/api\/wp\/v2\/posts\/147540","targetHints":{"allow":["GET"]}}],"collection":[{"href":"https:\/\/www.sonoraenequipo.com.mx\/api\/wp\/v2\/posts"}],"about":[{"href":"https:\/\/www.sonoraenequipo.com.mx\/api\/wp\/v2\/types\/post"}],"author":[{"embeddable":true,"href":"https:\/\/www.sonoraenequipo.com.mx\/api\/wp\/v2\/users\/1"}],"replies":[{"embeddable":true,"href":"https:\/\/www.sonoraenequipo.com.mx\/api\/wp\/v2\/comments?post=147540"}],"version-history":[{"count":1,"href":"https:\/\/www.sonoraenequipo.com.mx\/api\/wp\/v2\/posts\/147540\/revisions"}],"predecessor-version":[{"id":147551,"href":"https:\/\/www.sonoraenequipo.com.mx\/api\/wp\/v2\/posts\/147540\/revisions\/147551"}],"wp:featuredmedia":[{"embeddable":true,"href":"https:\/\/www.sonoraenequipo.com.mx\/api\/wp\/v2\/media\/147550"}],"wp:attachment":[{"href":"https:\/\/www.sonoraenequipo.com.mx\/api\/wp\/v2\/media?parent=147540"}],"wp:term":[{"taxonomy":"category","embeddable":true,"href":"https:\/\/www.sonoraenequipo.com.mx\/api\/wp\/v2\/categories?post=147540"},{"taxonomy":"post_tag","embeddable":true,"href":"https:\/\/www.sonoraenequipo.com.mx\/api\/wp\/v2\/tags?post=147540"}],"curies":[{"name":"wp","href":"https:\/\/api.w.org\/{rel}","templated":true}]}}