{"id":147542,"date":"2022-09-22T16:35:45","date_gmt":"2022-09-22T23:35:45","guid":{"rendered":"https:\/\/www.sonoraenequipo.com.mx\/?p=147542"},"modified":"2022-09-22T16:35:45","modified_gmt":"2022-09-22T23:35:45","slug":"refuerza-congreso-medidas-para-proteccion-de-ninas-ninos-y-adolescentes-en-sonora","status":"publish","type":"post","link":"https:\/\/www.sonoraenequipo.com.mx\/refuerza-congreso-medidas-para-proteccion-de-ninas-ninos-y-adolescentes-en-sonora\/","title":{"rendered":"Refuerza Congreso medidas para protecci\u00f3n de ni\u00f1as, ni\u00f1os y adolescentes en\u00a0 Sonora"},"content":{"rendered":"<p>\u25baAprueban Decreto que establece como crueldad animal el uso de pirotecnia<\/p>\n<p>&nbsp;<\/p>\n<p>&nbsp;<\/p>\n<p>&nbsp;<\/p>\n<p><strong>HERMOSILLO, SONORA,MX.<\/strong><strong>\u2500\u2500<\/strong> El incremento de las penalidades en los delitos de maltrato infantil y homicidio infantil, adem\u00e1s de sanciones para quienes incurran en explotaci\u00f3n comercial o laboral de un menor de edad y la obligaci\u00f3n de quienes ejercen la patria potestad de evitar que trabajen, aprob\u00f3 el Pleno del Congreso del Estado.<\/p>\n<p>&nbsp;<\/p>\n<p>&nbsp;<\/p>\n<p>&nbsp;<\/p>\n<p>En esta sesi\u00f3n ordinaria tambi\u00e9n se aprob\u00f3 el Decreto que reforma y adiciona la Ley de protecci\u00f3n a los animales y el C\u00f3digo Penal del Estado de Sonora, con el objeto de que la detonaci\u00f3n de pirotecnia se considere como crueldad animal.<\/p>\n<p>&nbsp;<\/p>\n<p>&nbsp;<\/p>\n<p>&nbsp;<\/p>\n<p>El primero de los dict\u00e1menes aprobados fue presentado por la Comisi\u00f3n de Justicia y Derechos Humanos, con proyecto de Decreto que reforma diversas disposiciones del C\u00f3digo Penal del Estado de Sonora, y que reforma y adiciona diversas disposiciones de la Ley de los derechos de las ni\u00f1as, ni\u00f1os y adolescentes del Estado de Sonora.<\/p>\n<p>&nbsp;<\/p>\n<p>&nbsp;<\/p>\n<p>&nbsp;<\/p>\n<p>La dictaminadora estudi\u00f3 la iniciativa presentada el 6 de mayo de 2022 por el diputado Sebasti\u00e1n Antonio Ordu\u00f1o Fragoza, quien entonces dio a conocer los datos emitidos por el Secretariado Ejecutivo de Seguridad P\u00fablica y que han sido referenciados en diversos art\u00edculos period\u00edsticos, con los cuales se puede se\u00f1alar que el delito de homicidio infantil ocupa una urgente actualizaci\u00f3n del marco penal.<\/p>\n<p>&nbsp;<\/p>\n<p>&nbsp;<\/p>\n<p>&nbsp;<\/p>\n<p>El Decreto establece que la penalidad a quien cometa el delito de homicidio infantil ser\u00e1 de 40 a 70 a\u00f1os de prisi\u00f3n. Actualmente la pena m\u00ednima es de 30 a\u00f1os, mientras que la multa, que va de 500 a mil unidades de medida y actualizaci\u00f3n, quedar\u00e1 en tres mil a cinco mil UMAS.<\/p>\n<p>&nbsp;<\/p>\n<p>&nbsp;<\/p>\n<p>&nbsp;<\/p>\n<p>Y a quien cometa el delito de maltrato infantil se le impondr\u00e1 pena de tres a 15 a\u00f1os de prisi\u00f3n, cuando actualmente se impone pena que va de uno a doce a\u00f1os, mientras que la multa ser\u00eda de mil 200 a 3 mil 500 UMAS.<\/p>\n<p>&nbsp;<\/p>\n<p>&nbsp;<\/p>\n<p>&nbsp;<\/p>\n<p>Por lo que toca a la Ley de los derechos de las ni\u00f1as, ni\u00f1os y adolescentes, el Congreso del Estado aprob\u00f3 adicionar una fracci\u00f3n XII al Art\u00edculo 87, para evitar que menores de 15 a\u00f1os trabajen, as\u00ed como supervisar que el trabajo que realicen adolescentes mayores de 15 a\u00f1os no pueda llegar a perjudicar su salud, su educaci\u00f3n o impedir su desarrollo f\u00edsico o mental, explotaci\u00f3n laboral, las peores formas de trabajo infantil, as\u00ed como el trabajo forzoso, de conformidad con lo dispuesto en la Constituci\u00f3n Pol\u00edtica de los Estados Unidos Mexicanos y dem\u00e1s disposiciones aplicables.<\/p>\n<p>&nbsp;<\/p>\n<p>&nbsp;<\/p>\n<p>&nbsp;<\/p>\n<p>El segundo dictamen, que fue presentado por las comisiones de Justicia y Derechos Humanos, y de Energ\u00eda, Medio Ambiente y Cambio Clim\u00e1tico, en forma unida, se refiere al proyecto de Decreto que reforma y adiciona diversas disposiciones a la Ley de protecci\u00f3n de los animales para el Estado de Sonora, y adiciona la fracci\u00f3n XI al Art\u00edculo 342 del C\u00f3digo Penal del Estado de Sonora, con el objeto de que la detonaci\u00f3n de pirotecnia se considere como crueldad animal.<\/p>\n<p>&nbsp;<\/p>\n<p>&nbsp;<\/p>\n<p>&nbsp;<\/p>\n<p>La diputada Elia Sahara Sallard Hern\u00e1ndez, quien el 3 de febrero de 2022 present\u00f3 la iniciativa ante el Pleno del Congreso, expuso que los ruidos causados por la pirotecnia da\u00f1an a los animales, al ser una causa para que sufran miedo y fobias, de manera que la contaminaci\u00f3n auditiva puede llevar a las mascotas a un estado de estr\u00e9s que les puede ocasionar que se alteren, caus\u00e1ndose da\u00f1o ellos mismos o a las personas.<\/p>\n<p>&nbsp;<\/p>\n<p>&nbsp;<\/p>\n<p>&nbsp;<\/p>\n<p>Agreg\u00f3 que, en ejercicio de Parlamento Abierto, realizaron diversas reuniones, tanto de comisiones unidas como de trabajo, en las que participaron representantes de la sociedad civil, del Supremo Tribunal de Justicia del Estado, de la Comisi\u00f3n Estatal de Derechos Humanos, de la Fiscal\u00eda General de Justicia del Estado y ciudadan\u00eda en general, en las que se analiz\u00f3 la iniciativa, lo que dio como resultado que el ruido provocado por pirotecnia altera la salud y el normal comportamiento.<\/p>\n<p>&nbsp;<\/p>\n<p>&nbsp;<\/p>\n<p>&nbsp;<\/p>\n<p>Se adicion\u00f3 como agravante, en el \u00faltimo p\u00e1rrafo del Art\u00edculo 342 del C\u00f3digo Penal, incrementar\u00a0 en una tercera parte la sanci\u00f3n cuando en el acto de maltrato o crueldad animal se emplee el uso de pirotecnia.<\/p>\n<p>&nbsp;<\/p>\n<p>&nbsp;<\/p>\n<p>&nbsp;<\/p>\n<p>En esta sesi\u00f3n ordinaria, la asamblea aprob\u00f3 el Acuerdo mediante el cual este Poder Legislativo resuelve exhortar al Director General del Instituto Mexicano del Seguro Social y a la representante de dicho instituto en el Estado de Sonora, para que tengan a bien rendir un informe sobre la situaci\u00f3n que guarda el nuevo hospital del IMSS en el municipio de Navojoa, Sonora.<\/p>\n<p>&nbsp;<\/p>\n<p>&nbsp;<\/p>\n<p>&nbsp;<\/p>\n<p>A nombre del grupo parlamentario del Partido Acci\u00f3n Nacional, el diputado Jos\u00e9 Armando Guti\u00e9rrez Jim\u00e9nez present\u00f3 la iniciativa, en la que solicitaron se informe sobre el estado actual del nivel presupuestal y de ejecuci\u00f3n del proyecto, as\u00ed como el avance en las obras de infraestructura llevadas a cabo como parte de la construcci\u00f3n del nuevo hospital.<\/p>\n<p>&nbsp;<\/p>\n<p>&nbsp;<\/p>\n<p>&nbsp;<\/p>\n<p>Indic\u00f3 que han pasado cuatro a\u00f1os del anuncio de dicha construcci\u00f3n y no ven avances, a pesar de que la obra es necesaria y se le considera fundamental para mejorar el servicio de salud y para beneficiar la econom\u00eda de la regi\u00f3n, adem\u00e1s agradeci\u00f3 a representantes de las c\u00e1maras y comercios que firmaron la solicitud referida, como CANACO del Mayo, COPARMEX Navojoa, CANACINTRA, delegaci\u00f3n Navojoa; Barra de Abogados, Colegio de Arquitectos, entre otros.<\/p>\n<p>&nbsp;<\/p>\n<p>&nbsp;<\/p>\n<p>&nbsp;<\/p>\n<p>En el desarrollo de esta sesi\u00f3n ordinaria, la Presidencia turn\u00f3 a la Comisi\u00f3n de Gobernaci\u00f3n y Puntos Constitucionales, una iniciativa con proyecto de ley que reforma el Art\u00edculo 128 de la Constituci\u00f3n Pol\u00edtica del Estado de Sonora, en materia de gobierno abierto municipal, la cual present\u00f3 el diputado Ricardo Lugo Moreno, del grupo parlamentario de MORENA.<\/p>\n<p>&nbsp;<\/p>\n<p>&nbsp;<\/p>\n<p>&nbsp;<\/p>\n<p>Propuso que los ayuntamientos, dentro de los treinta d\u00edas naturales siguientes a su instalaci\u00f3n, emitan una convocatoria ciudadana para integrar el comit\u00e9 especial para la implementaci\u00f3n de gobierno abierto municipal, el cual estar\u00eda conformado por siete integrantes: dos servidores p\u00fablicos del Municipio y cinco ciudadanos, quienes llevar\u00edan a cabo el plan de acci\u00f3n y cuya vigencia ser\u00eda lo que dure el periodo constitucional de la administraci\u00f3n municipal.<\/p>\n<p>&nbsp;<\/p>\n<p>&nbsp;<\/p>\n<p>&nbsp;<\/p>\n<p>La Comisi\u00f3n de Justicia y Derechos Humanos estudiar\u00e1 por su parte una iniciativa con proyecto de ley de amnist\u00eda para el Estado de Sonora, presentada por la diputada Mar\u00eda Alicia Gayt\u00e1n S\u00e1nchez, integrante del grupo parlamentario de MORENA, quien plante\u00f3 que uno de sus objetivos ser\u00eda erradicar procesos y sentencias injustas.<\/p>\n<p>&nbsp;<\/p>\n<p>&nbsp;<\/p>\n<p>&nbsp;<\/p>\n<p>Agreg\u00f3 que el proyecto prev\u00e9 el otorgamiento de la amnist\u00eda por motivos que no necesariamente son pol\u00edticos, sino para subsanar las deficiencias e injusticias que han estado presentes en diversos asuntos tramitados ante las instancias jurisdiccionales, como la violaci\u00f3n de derechos humanos de personas pertenecientes a pueblos y comunidades ind\u00edgenas, castigo por interrupci\u00f3n de embarazo, entre otros.<\/p>\n<p>&nbsp;<\/p>\n<p>&nbsp;<\/p>\n<p>&nbsp;<\/p>\n<p>El proyecto de ley, que consta de 20 art\u00edculos, establece que tambi\u00e9n se establecer\u00eda amnist\u00eda a favor de personas que se desempe\u00f1en como campesinos o pertenezcan a pueblos originarios; comunidades ind\u00edgenas o afromexicanas, as\u00ed como a mujeres acusadas o sentenciadas por exceso de leg\u00edtima defensa en la protecci\u00f3n de su vida e integridad, o la de sus descendientes, sostuvo.<\/p>\n<p>&nbsp;<\/p>\n<p>&nbsp;<\/p>\n<p>&nbsp;<\/p>\n<p>Una vez desahogado el orden del d\u00eda, la presidenta de la mesa directiva, diputada Diana Karina Barreras Samaniego, cit\u00f3 a sesi\u00f3n del Pleno el martes 27 de septiembre, a las 11:00 horas.<\/p>\n<p><strong><u>Fecha de publicaci\u00f3n 22 de septiembre de 2022<\/u><\/strong><\/p>\n<p>&nbsp;<\/p>\n","protected":false},"excerpt":{"rendered":"<p>\u25baAprueban Decreto que establece como crueldad animal el uso de pirotecnia &nbsp; &nbsp; &nbsp; HERMOSILLO,&#8230;<\/p>\n","protected":false},"author":1,"featured_media":140110,"comment_status":"open","ping_status":"open","sticky":false,"template":"","format":"standard","meta":{"_monsterinsights_skip_tracking":false,"_monsterinsights_sitenote_active":false,"_monsterinsights_sitenote_note":"","_monsterinsights_sitenote_category":0,"footnotes":""},"categories":[3281],"tags":[6476,3033],"class_list":["post"],"yoast_head":" \n<title>Sonora en Equipo. Refuerza Congreso medidas para protecci\u00f3n de ni\u00f1as, ni\u00f1os y adolescentes en\u00a0 Sonora Congreso<\/title>\n<meta name=\"description\" content=\"\u25baAprueban Decreto que establece como crueldad animal el uso de pirotecnia &nbsp; &nbsp; &nbsp; HERMOSILLO, SONORA,MX.\u2500\u2500 El incremento de las penalidades En Sonora en Equipo publicamos toda la informaci\u00f3n de Sonora, M\u00e9xico y el Mundo de manera oportuna y busca que la libertad de expresi\u00f3n sea real. Visita nuestro medio informativo publicado desde Hermosillo, Sonora. %\" \/>\n<meta name=\"robots\" content=\"index, follow, max-snippet:-1, max-image-preview:large, max-video-preview:-1\" \/>\n<link rel=\"canonical\" href=\"https:\/\/www.sonoraenequipo.com.mx\/refuerza-congreso-medidas-para-proteccion-de-ninas-ninos-y-adolescentes-en-sonora\/\" \/>\n<meta property=\"og:locale\" content=\"es_ES\" \/>\n<meta property=\"og:type\" content=\"article\" \/>\n<meta property=\"og:title\" content=\"Sonora en Equipo. Refuerza Congreso medidas para protecci\u00f3n de ni\u00f1as, ni\u00f1os y adolescentes en\u00a0 Sonora Congreso\" \/>\n<meta property=\"og:description\" content=\"\u25baAprueban Decreto que establece como crueldad animal el uso de pirotecnia &nbsp; &nbsp; &nbsp; HERMOSILLO, SONORA,MX.\u2500\u2500 El incremento de las penalidades En Sonora en Equipo publicamos toda la informaci\u00f3n de Sonora, M\u00e9xico y el Mundo de manera oportuna y busca que la libertad de expresi\u00f3n sea real. Visita nuestro medio informativo publicado desde Hermosillo, Sonora. %\" \/>\n<meta property=\"og:url\" content=\"https:\/\/www.sonoraenequipo.com.mx\/refuerza-congreso-medidas-para-proteccion-de-ninas-ninos-y-adolescentes-en-sonora\/\" \/>\n<meta property=\"og:site_name\" content=\"Sonora en Equipo.\" \/>\n<meta property=\"article:publisher\" content=\"https:\/\/www.facebook.com\/SonoraEE\/\" \/>\n<meta property=\"article:author\" content=\"https:\/\/www.facebook.com\/SonoraEE\" \/>\n<meta property=\"article:published_time\" content=\"2022-09-22T23:35:45+00:00\" \/>\n<meta property=\"og:image\" content=\"https:\/\/www.sonoraenequipo.com.mx\/storage\/2022\/06\/trabajo-infantil.jpg\" \/>\n\t<meta property=\"og:image:width\" content=\"700\" \/>\n\t<meta property=\"og:image:height\" content=\"400\" \/>\n\t<meta property=\"og:image:type\" content=\"image\/jpeg\" \/>\n<meta name=\"author\" content=\"enequipo\" \/>\n<meta name=\"twitter:card\" content=\"summary_large_image\" \/>\n<meta name=\"twitter:creator\" content=\"@sonoraenequipo\" \/>\n<meta name=\"twitter:site\" content=\"@sonoraenequipo\" \/>\n<meta name=\"twitter:label1\" content=\"Escrito por\" \/>\n\t<meta name=\"twitter:data1\" content=\"enequipo\" \/>\n\t<meta name=\"twitter:label2\" content=\"Tiempo de lectura\" \/>\n\t<meta name=\"twitter:data2\" content=\"7 minutos\" \/>\n<script type=\"application\/ld+json\" class=\"yoast-schema-graph\">{\"@context\":\"https:\/\/schema.org\",\"@graph\":[{\"@type\":\"Article\",\"@id\":\"https:\/\/www.sonoraenequipo.com.mx\/refuerza-congreso-medidas-para-proteccion-de-ninas-ninos-y-adolescentes-en-sonora\/#article\",\"isPartOf\":{\"@id\":\"https:\/\/www.sonoraenequipo.com.mx\/refuerza-congreso-medidas-para-proteccion-de-ninas-ninos-y-adolescentes-en-sonora\/\"},\"author\":{\"name\":\"enequipo\",\"@id\":\"https:\/\/www.sonoraenequipo.com.mx\/#\/schema\/person\/50102df0fb23a8fa9e8effad8fa81386\"},\"headline\":\"Refuerza Congreso medidas para protecci\u00f3n de ni\u00f1as, ni\u00f1os y adolescentes en\u00a0 Sonora\",\"datePublished\":\"2022-09-22T23:35:45+00:00\",\"mainEntityOfPage\":{\"@id\":\"https:\/\/www.sonoraenequipo.com.mx\/refuerza-congreso-medidas-para-proteccion-de-ninas-ninos-y-adolescentes-en-sonora\/\"},\"wordCount\":1368,\"commentCount\":0,\"publisher\":{\"@id\":\"https:\/\/www.sonoraenequipo.com.mx\/#organization\"},\"image\":{\"@id\":\"https:\/\/www.sonoraenequipo.com.mx\/refuerza-congreso-medidas-para-proteccion-de-ninas-ninos-y-adolescentes-en-sonora\/#primaryimage\"},\"thumbnailUrl\":\"https:\/\/www.sonoraenequipo.com.mx\/storage\/2022\/06\/trabajo-infantil.jpg\",\"keywords\":[\"PIROTECNIA\",\"trabajo infantil\"],\"articleSection\":[\"Congreso\"],\"inLanguage\":\"es\",\"potentialAction\":[{\"@type\":\"CommentAction\",\"name\":\"Comment\",\"target\":[\"https:\/\/www.sonoraenequipo.com.mx\/refuerza-congreso-medidas-para-proteccion-de-ninas-ninos-y-adolescentes-en-sonora\/#respond\"]}]},{\"@type\":\"WebPage\",\"@id\":\"https:\/\/www.sonoraenequipo.com.mx\/refuerza-congreso-medidas-para-proteccion-de-ninas-ninos-y-adolescentes-en-sonora\/\",\"url\":\"https:\/\/www.sonoraenequipo.com.mx\/refuerza-congreso-medidas-para-proteccion-de-ninas-ninos-y-adolescentes-en-sonora\/\",\"name\":\"Sonora en Equipo. Refuerza Congreso medidas para protecci\u00f3n de ni\u00f1as, ni\u00f1os y adolescentes en\u00a0 Sonora Congreso\",\"isPartOf\":{\"@id\":\"https:\/\/www.sonoraenequipo.com.mx\/#website\"},\"primaryImageOfPage\":{\"@id\":\"https:\/\/www.sonoraenequipo.com.mx\/refuerza-congreso-medidas-para-proteccion-de-ninas-ninos-y-adolescentes-en-sonora\/#primaryimage\"},\"image\":{\"@id\":\"https:\/\/www.sonoraenequipo.com.mx\/refuerza-congreso-medidas-para-proteccion-de-ninas-ninos-y-adolescentes-en-sonora\/#primaryimage\"},\"thumbnailUrl\":\"https:\/\/www.sonoraenequipo.com.mx\/storage\/2022\/06\/trabajo-infantil.jpg\",\"datePublished\":\"2022-09-22T23:35:45+00:00\",\"description\":\"\u25baAprueban Decreto que establece como crueldad animal el uso de pirotecnia &nbsp; &nbsp; &nbsp; HERMOSILLO, SONORA,MX.\u2500\u2500 El incremento de las penalidades En Sonora en Equipo publicamos toda la informaci\u00f3n de Sonora, M\u00e9xico y el Mundo de manera oportuna y busca que la libertad de expresi\u00f3n sea real. Visita nuestro medio informativo publicado desde Hermosillo, Sonora. %\",\"breadcrumb\":{\"@id\":\"https:\/\/www.sonoraenequipo.com.mx\/refuerza-congreso-medidas-para-proteccion-de-ninas-ninos-y-adolescentes-en-sonora\/#breadcrumb\"},\"inLanguage\":\"es\",\"potentialAction\":[{\"@type\":\"ReadAction\",\"target\":[\"https:\/\/www.sonoraenequipo.com.mx\/refuerza-congreso-medidas-para-proteccion-de-ninas-ninos-y-adolescentes-en-sonora\/\"]}]},{\"@type\":\"ImageObject\",\"inLanguage\":\"es\",\"@id\":\"https:\/\/www.sonoraenequipo.com.mx\/refuerza-congreso-medidas-para-proteccion-de-ninas-ninos-y-adolescentes-en-sonora\/#primaryimage\",\"url\":\"https:\/\/www.sonoraenequipo.com.mx\/storage\/2022\/06\/trabajo-infantil.jpg\",\"contentUrl\":\"https:\/\/www.sonoraenequipo.com.mx\/storage\/2022\/06\/trabajo-infantil.jpg\",\"width\":700,\"height\":400},{\"@type\":\"BreadcrumbList\",\"@id\":\"https:\/\/www.sonoraenequipo.com.mx\/refuerza-congreso-medidas-para-proteccion-de-ninas-ninos-y-adolescentes-en-sonora\/#breadcrumb\",\"itemListElement\":[{\"@type\":\"ListItem\",\"position\":1,\"name\":\"Portada\",\"item\":\"https:\/\/www.sonoraenequipo.com.mx\/\"},{\"@type\":\"ListItem\",\"position\":2,\"name\":\"Refuerza Congreso medidas para protecci\u00f3n de ni\u00f1as, ni\u00f1os y adolescentes en\u00a0 Sonora\"}]},{\"@type\":\"WebSite\",\"@id\":\"https:\/\/www.sonoraenequipo.com.mx\/#website\",\"url\":\"https:\/\/www.sonoraenequipo.com.mx\/\",\"name\":\"Sonora en Equipo.\",\"description\":\"Diario en l\u00ednea con Noticias desde Hermosillo, Sonora\",\"publisher\":{\"@id\":\"https:\/\/www.sonoraenequipo.com.mx\/#organization\"},\"potentialAction\":[{\"@type\":\"SearchAction\",\"target\":{\"@type\":\"EntryPoint\",\"urlTemplate\":\"https:\/\/www.sonoraenequipo.com.mx\/?s={search_term_string}\"},\"query-input\":{\"@type\":\"PropertyValueSpecification\",\"valueRequired\":true,\"valueName\":\"search_term_string\"}}],\"inLanguage\":\"es\"},{\"@type\":\"Organization\",\"@id\":\"https:\/\/www.sonoraenequipo.com.mx\/#organization\",\"name\":\"Sonoraenequipo.com.mx\",\"url\":\"https:\/\/www.sonoraenequipo.com.mx\/\",\"logo\":{\"@type\":\"ImageObject\",\"inLanguage\":\"es\",\"@id\":\"https:\/\/www.sonoraenequipo.com.mx\/#\/schema\/logo\/image\/\",\"url\":\"https:\/\/www.sonoraenequipo.com.mx\/storage\/2019\/01\/sonoraenequipo_opt.png\",\"contentUrl\":\"https:\/\/www.sonoraenequipo.com.mx\/storage\/2019\/01\/sonoraenequipo_opt.png\",\"width\":375,\"height\":125,\"caption\":\"Sonoraenequipo.com.mx\"},\"image\":{\"@id\":\"https:\/\/www.sonoraenequipo.com.mx\/#\/schema\/logo\/image\/\"},\"sameAs\":[\"https:\/\/www.facebook.com\/SonoraEE\/\",\"https:\/\/x.com\/sonoraenequipo\",\"https:\/\/www.youtube.com\/channel\/UC338nW-lPEYmJQs4ZABQ1SQ\"]},{\"@type\":\"Person\",\"@id\":\"https:\/\/www.sonoraenequipo.com.mx\/#\/schema\/person\/50102df0fb23a8fa9e8effad8fa81386\",\"name\":\"enequipo\",\"image\":{\"@type\":\"ImageObject\",\"inLanguage\":\"es\",\"@id\":\"https:\/\/www.sonoraenequipo.com.mx\/#\/schema\/person\/image\/\",\"url\":\"https:\/\/secure.gravatar.com\/avatar\/049821681b589dabc0bc20695993ccebb09f5b5d4d790cd9251b97faac7c652b?s=96&d=blank&r=g\",\"contentUrl\":\"https:\/\/secure.gravatar.com\/avatar\/049821681b589dabc0bc20695993ccebb09f5b5d4d790cd9251b97faac7c652b?s=96&d=blank&r=g\",\"caption\":\"enequipo\"},\"sameAs\":[\"https:\/\/www.facebook.com\/SonoraEE\"]}]}<\/script>\n ","yoast_head_json":{"title":"Sonora en Equipo. Refuerza Congreso medidas para protecci\u00f3n de ni\u00f1as, ni\u00f1os y adolescentes en\u00a0 Sonora Congreso","description":"\u25baAprueban Decreto que establece como crueldad animal el uso de pirotecnia &nbsp; &nbsp; &nbsp; HERMOSILLO, SONORA,MX.\u2500\u2500 El incremento de las penalidades En Sonora en Equipo publicamos toda la informaci\u00f3n de Sonora, M\u00e9xico y el Mundo de manera oportuna y busca que la libertad de expresi\u00f3n sea real. Visita nuestro medio informativo publicado desde Hermosillo, Sonora. %","robots":{"index":"index","follow":"follow","max-snippet":"max-snippet:-1","max-image-preview":"max-image-preview:large","max-video-preview":"max-video-preview:-1"},"canonical":"https:\/\/www.sonoraenequipo.com.mx\/refuerza-congreso-medidas-para-proteccion-de-ninas-ninos-y-adolescentes-en-sonora\/","og_locale":"es_ES","og_type":"article","og_title":"Sonora en Equipo. Refuerza Congreso medidas para protecci\u00f3n de ni\u00f1as, ni\u00f1os y adolescentes en\u00a0 Sonora Congreso","og_description":"\u25baAprueban Decreto que establece como crueldad animal el uso de pirotecnia &nbsp; &nbsp; &nbsp; HERMOSILLO, SONORA,MX.\u2500\u2500 El incremento de las penalidades En Sonora en Equipo publicamos toda la informaci\u00f3n de Sonora, M\u00e9xico y el Mundo de manera oportuna y busca que la libertad de expresi\u00f3n sea real. Visita nuestro medio informativo publicado desde Hermosillo, Sonora. %","og_url":"https:\/\/www.sonoraenequipo.com.mx\/refuerza-congreso-medidas-para-proteccion-de-ninas-ninos-y-adolescentes-en-sonora\/","og_site_name":"Sonora en Equipo.","article_publisher":"https:\/\/www.facebook.com\/SonoraEE\/","article_author":"https:\/\/www.facebook.com\/SonoraEE","article_published_time":"2022-09-22T23:35:45+00:00","og_image":[{"width":700,"height":400,"url":"https:\/\/www.sonoraenequipo.com.mx\/storage\/2022\/06\/trabajo-infantil.jpg","type":"image\/jpeg"}],"author":"enequipo","twitter_card":"summary_large_image","twitter_creator":"@sonoraenequipo","twitter_site":"@sonoraenequipo","twitter_misc":{"Escrito por":"enequipo","Tiempo de lectura":"7 minutos"},"schema":{"@context":"https:\/\/schema.org","@graph":[{"@type":"Article","@id":"https:\/\/www.sonoraenequipo.com.mx\/refuerza-congreso-medidas-para-proteccion-de-ninas-ninos-y-adolescentes-en-sonora\/#article","isPartOf":{"@id":"https:\/\/www.sonoraenequipo.com.mx\/refuerza-congreso-medidas-para-proteccion-de-ninas-ninos-y-adolescentes-en-sonora\/"},"author":{"name":"enequipo","@id":"https:\/\/www.sonoraenequipo.com.mx\/#\/schema\/person\/50102df0fb23a8fa9e8effad8fa81386"},"headline":"Refuerza Congreso medidas para protecci\u00f3n de ni\u00f1as, ni\u00f1os y adolescentes en\u00a0 Sonora","datePublished":"2022-09-22T23:35:45+00:00","mainEntityOfPage":{"@id":"https:\/\/www.sonoraenequipo.com.mx\/refuerza-congreso-medidas-para-proteccion-de-ninas-ninos-y-adolescentes-en-sonora\/"},"wordCount":1368,"commentCount":0,"publisher":{"@id":"https:\/\/www.sonoraenequipo.com.mx\/#organization"},"image":{"@id":"https:\/\/www.sonoraenequipo.com.mx\/refuerza-congreso-medidas-para-proteccion-de-ninas-ninos-y-adolescentes-en-sonora\/#primaryimage"},"thumbnailUrl":"https:\/\/www.sonoraenequipo.com.mx\/storage\/2022\/06\/trabajo-infantil.jpg","keywords":["PIROTECNIA","trabajo infantil"],"articleSection":["Congreso"],"inLanguage":"es","potentialAction":[{"@type":"CommentAction","name":"Comment","target":["https:\/\/www.sonoraenequipo.com.mx\/refuerza-congreso-medidas-para-proteccion-de-ninas-ninos-y-adolescentes-en-sonora\/#respond"]}]},{"@type":"WebPage","@id":"https:\/\/www.sonoraenequipo.com.mx\/refuerza-congreso-medidas-para-proteccion-de-ninas-ninos-y-adolescentes-en-sonora\/","url":"https:\/\/www.sonoraenequipo.com.mx\/refuerza-congreso-medidas-para-proteccion-de-ninas-ninos-y-adolescentes-en-sonora\/","name":"Sonora en Equipo. Refuerza Congreso medidas para protecci\u00f3n de ni\u00f1as, ni\u00f1os y adolescentes en\u00a0 Sonora Congreso","isPartOf":{"@id":"https:\/\/www.sonoraenequipo.com.mx\/#website"},"primaryImageOfPage":{"@id":"https:\/\/www.sonoraenequipo.com.mx\/refuerza-congreso-medidas-para-proteccion-de-ninas-ninos-y-adolescentes-en-sonora\/#primaryimage"},"image":{"@id":"https:\/\/www.sonoraenequipo.com.mx\/refuerza-congreso-medidas-para-proteccion-de-ninas-ninos-y-adolescentes-en-sonora\/#primaryimage"},"thumbnailUrl":"https:\/\/www.sonoraenequipo.com.mx\/storage\/2022\/06\/trabajo-infantil.jpg","datePublished":"2022-09-22T23:35:45+00:00","description":"\u25baAprueban Decreto que establece como crueldad animal el uso de pirotecnia &nbsp; &nbsp; &nbsp; HERMOSILLO, SONORA,MX.\u2500\u2500 El incremento de las penalidades En Sonora en Equipo publicamos toda la informaci\u00f3n de Sonora, M\u00e9xico y el Mundo de manera oportuna y busca que la libertad de expresi\u00f3n sea real. Visita nuestro medio informativo publicado desde Hermosillo, Sonora. %","breadcrumb":{"@id":"https:\/\/www.sonoraenequipo.com.mx\/refuerza-congreso-medidas-para-proteccion-de-ninas-ninos-y-adolescentes-en-sonora\/#breadcrumb"},"inLanguage":"es","potentialAction":[{"@type":"ReadAction","target":["https:\/\/www.sonoraenequipo.com.mx\/refuerza-congreso-medidas-para-proteccion-de-ninas-ninos-y-adolescentes-en-sonora\/"]}]},{"@type":"ImageObject","inLanguage":"es","@id":"https:\/\/www.sonoraenequipo.com.mx\/refuerza-congreso-medidas-para-proteccion-de-ninas-ninos-y-adolescentes-en-sonora\/#primaryimage","url":"https:\/\/www.sonoraenequipo.com.mx\/storage\/2022\/06\/trabajo-infantil.jpg","contentUrl":"https:\/\/www.sonoraenequipo.com.mx\/storage\/2022\/06\/trabajo-infantil.jpg","width":700,"height":400},{"@type":"BreadcrumbList","@id":"https:\/\/www.sonoraenequipo.com.mx\/refuerza-congreso-medidas-para-proteccion-de-ninas-ninos-y-adolescentes-en-sonora\/#breadcrumb","itemListElement":[{"@type":"ListItem","position":1,"name":"Portada","item":"https:\/\/www.sonoraenequipo.com.mx\/"},{"@type":"ListItem","position":2,"name":"Refuerza Congreso medidas para protecci\u00f3n de ni\u00f1as, ni\u00f1os y adolescentes en\u00a0 Sonora"}]},{"@type":"WebSite","@id":"https:\/\/www.sonoraenequipo.com.mx\/#website","url":"https:\/\/www.sonoraenequipo.com.mx\/","name":"Sonora en Equipo.","description":"Diario en l\u00ednea con Noticias desde Hermosillo, Sonora","publisher":{"@id":"https:\/\/www.sonoraenequipo.com.mx\/#organization"},"potentialAction":[{"@type":"SearchAction","target":{"@type":"EntryPoint","urlTemplate":"https:\/\/www.sonoraenequipo.com.mx\/?s={search_term_string}"},"query-input":{"@type":"PropertyValueSpecification","valueRequired":true,"valueName":"search_term_string"}}],"inLanguage":"es"},{"@type":"Organization","@id":"https:\/\/www.sonoraenequipo.com.mx\/#organization","name":"Sonoraenequipo.com.mx","url":"https:\/\/www.sonoraenequipo.com.mx\/","logo":{"@type":"ImageObject","inLanguage":"es","@id":"https:\/\/www.sonoraenequipo.com.mx\/#\/schema\/logo\/image\/","url":"https:\/\/www.sonoraenequipo.com.mx\/storage\/2019\/01\/sonoraenequipo_opt.png","contentUrl":"https:\/\/www.sonoraenequipo.com.mx\/storage\/2019\/01\/sonoraenequipo_opt.png","width":375,"height":125,"caption":"Sonoraenequipo.com.mx"},"image":{"@id":"https:\/\/www.sonoraenequipo.com.mx\/#\/schema\/logo\/image\/"},"sameAs":["https:\/\/www.facebook.com\/SonoraEE\/","https:\/\/x.com\/sonoraenequipo","https:\/\/www.youtube.com\/channel\/UC338nW-lPEYmJQs4ZABQ1SQ"]},{"@type":"Person","@id":"https:\/\/www.sonoraenequipo.com.mx\/#\/schema\/person\/50102df0fb23a8fa9e8effad8fa81386","name":"enequipo","image":{"@type":"ImageObject","inLanguage":"es","@id":"https:\/\/www.sonoraenequipo.com.mx\/#\/schema\/person\/image\/","url":"https:\/\/secure.gravatar.com\/avatar\/049821681b589dabc0bc20695993ccebb09f5b5d4d790cd9251b97faac7c652b?s=96&d=blank&r=g","contentUrl":"https:\/\/secure.gravatar.com\/avatar\/049821681b589dabc0bc20695993ccebb09f5b5d4d790cd9251b97faac7c652b?s=96&d=blank&r=g","caption":"enequipo"},"sameAs":["https:\/\/www.facebook.com\/SonoraEE"]}]}},"jetpack_featured_media_url":"https:\/\/www.sonoraenequipo.com.mx\/storage\/2022\/06\/trabajo-infantil.jpg","_links":{"self":[{"href":"https:\/\/www.sonoraenequipo.com.mx\/api\/wp\/v2\/posts\/147542","targetHints":{"allow":["GET"]}}],"collection":[{"href":"https:\/\/www.sonoraenequipo.com.mx\/api\/wp\/v2\/posts"}],"about":[{"href":"https:\/\/www.sonoraenequipo.com.mx\/api\/wp\/v2\/types\/post"}],"author":[{"embeddable":true,"href":"https:\/\/www.sonoraenequipo.com.mx\/api\/wp\/v2\/users\/1"}],"replies":[{"embeddable":true,"href":"https:\/\/www.sonoraenequipo.com.mx\/api\/wp\/v2\/comments?post=147542"}],"version-history":[{"count":1,"href":"https:\/\/www.sonoraenequipo.com.mx\/api\/wp\/v2\/posts\/147542\/revisions"}],"predecessor-version":[{"id":147543,"href":"https:\/\/www.sonoraenequipo.com.mx\/api\/wp\/v2\/posts\/147542\/revisions\/147543"}],"wp:featuredmedia":[{"embeddable":true,"href":"https:\/\/www.sonoraenequipo.com.mx\/api\/wp\/v2\/media\/140110"}],"wp:attachment":[{"href":"https:\/\/www.sonoraenequipo.com.mx\/api\/wp\/v2\/media?parent=147542"}],"wp:term":[{"taxonomy":"category","embeddable":true,"href":"https:\/\/www.sonoraenequipo.com.mx\/api\/wp\/v2\/categories?post=147542"},{"taxonomy":"post_tag","embeddable":true,"href":"https:\/\/www.sonoraenequipo.com.mx\/api\/wp\/v2\/tags?post=147542"}],"curies":[{"name":"wp","href":"https:\/\/api.w.org\/{rel}","templated":true}]}}