{"id":147558,"date":"2022-09-22T14:35:22","date_gmt":"2022-09-22T21:35:22","guid":{"rendered":"https:\/\/www.sonoraenequipo.com.mx\/?p=147558"},"modified":"2022-09-22T21:06:05","modified_gmt":"2022-09-23T04:06:05","slug":"la-inflacion-en-mexico-sube-a-8-76-en-la-primera-quincena-de-septiembre","status":"publish","type":"post","link":"https:\/\/www.sonoraenequipo.com.mx\/la-inflacion-en-mexico-sube-a-8-76-en-la-primera-quincena-de-septiembre\/","title":{"rendered":"La inflaci\u00f3n en M\u00e9xico sube a 8.76% en la primera quincena de septiembre"},"content":{"rendered":"<p><strong>CIUDAD DE M\u00c9XICO. MX. \u2014<\/strong> Los precios al consumidor en M\u00e9xico subieron m\u00e1s de lo esperado en la primera quincena de septiembre y la inflaci\u00f3n se ubic\u00f3 en 8.76%, seg\u00fan cifras oficiales divulgadas el jueves, manteniendo a la inflaci\u00f3n cerca de un m\u00e1ximo de 22 a\u00f1os y reforzando las expectativas de m\u00e1s alzas de la tasa clave de inter\u00e9s.<\/p>\n<p>&nbsp;<\/p>\n<p> <\/p>\n<p>Los precios al consumidor subieron un 0.41% a principios de septiembre, dijo el Instituto Nacional de Estad\u00edstica y Geograf\u00eda (Inegi) mientras que los economistas encuestados por Reuters esperaban un aumento del 0.36%.<\/p>\n<p>&nbsp;<\/p>\n<p>Por su parte la inflaci\u00f3n anual en M\u00e9xico, la segunda econom\u00eda m\u00e1s grande de Am\u00e9rica Latina trep\u00f3 al 8.76%, casi en l\u00ednea con el mes anterior, aunque tambi\u00e9n por encima del pron\u00f3stico de 8.71%.<\/p>\n<p>&nbsp;<\/p>\n<p>La inflaci\u00f3n subyacente, considerada un mejor par\u00e1metro para medir la trayectoria de los precios porque elimina algunos productos de alta volatilidad, subi\u00f3 un 0.44% en la primera quincena de septiembre, frente a una proyecci\u00f3n del 0.42%, y un 8.27% en t\u00e9rminos anuales.<\/p>\n<p>&nbsp;<\/p>\n<p>Las cifras divulgadas el jueves refuerzan la probabilidad de otro aumento de la tasa de referencia cuando el banco central de M\u00e9xico celebre su pr\u00f3xima reuni\u00f3n de pol\u00edtica monetaria la pr\u00f3xima semana.<\/p>\n<p>&nbsp;<\/p>\n<p>La Reserva Federal de Estados Unidos, principal socio comercial del pa\u00eds latinoamericano, anunci\u00f3 el mi\u00e9rcoles su tercer aumento consecutivo de la tasa de inter\u00e9s en tres cuartos de punto porcentual, y advirti\u00f3 de una alta probabilidad de al menos un movimiento m\u00e1s de ese tama\u00f1o este a\u00f1o.<\/p>\n<p>&nbsp;<\/p>\n<p>As\u00ed, la FED subi\u00f3 su tasa de inter\u00e9s objetivo a un rango de 3%-3.25%, el nivel m\u00e1s alto desde 2008, y nuevas proyecciones mostraron que la tasa de inter\u00e9s oficial aumentar\u00eda a entre 4.25%-4.50% a fines de este a\u00f1o antes de alcanzar un m\u00e1ximo de 4.50%-4.75% en 2023.<\/p>\n<p>&nbsp;<\/p>\n<p>La tasa de inter\u00e9s de referencia de M\u00e9xico se ubica en un r\u00e9cord de 8.5% luego de dos aumentos consecutivos de 75 puntos, mientras el pa\u00eds lucha por llevar la inflaci\u00f3n a su meta del 3%.<\/p>\n<p>&nbsp;<\/p>\n<p>&nbsp;<\/p>\n<p>PUBLICADO EL 22\/SEPTIEMBRE\/2022 \/Con informaci\u00edon de REUTERS)<\/p>\n","protected":false},"excerpt":{"rendered":"<p>CIUDAD DE M\u00c9XICO. MX. \u2014 Los precios al consumidor en M\u00e9xico subieron m\u00e1s de lo&#8230;<\/p>\n","protected":false},"author":1,"featured_media":143408,"comment_status":"open","ping_status":"open","sticky":false,"template":"","format":"standard","meta":{"_monsterinsights_skip_tracking":false,"_monsterinsights_sitenote_active":false,"_monsterinsights_sitenote_note":"","_monsterinsights_sitenote_category":0,"footnotes":""},"categories":[6493],"tags":[],"class_list":["post"],"yoast_head":" \n<title>Sonora en Equipo. La inflaci\u00f3n en M\u00e9xico sube a 8.76% en la primera quincena de septiembre PALABRAS Y N\u00daMEROS<\/title>\n<meta name=\"description\" content=\"CIUDAD DE M\u00c9XICO. MX. \u2014 Los precios al consumidor en M\u00e9xico subieron m\u00e1s de lo esperado en la primera quincena de septiembre y la inflaci\u00f3n se ubic\u00f3 en En Sonora en Equipo publicamos toda la informaci\u00f3n de Sonora, M\u00e9xico y el Mundo de manera oportuna y busca que la libertad de expresi\u00f3n sea real. Visita nuestro medio informativo publicado desde Hermosillo, Sonora. %\" \/>\n<meta name=\"robots\" content=\"index, follow, max-snippet:-1, max-image-preview:large, max-video-preview:-1\" \/>\n<link rel=\"canonical\" href=\"https:\/\/www.sonoraenequipo.com.mx\/la-inflacion-en-mexico-sube-a-8-76-en-la-primera-quincena-de-septiembre\/\" \/>\n<meta property=\"og:locale\" content=\"es_ES\" \/>\n<meta property=\"og:type\" content=\"article\" \/>\n<meta property=\"og:title\" content=\"Sonora en Equipo. La inflaci\u00f3n en M\u00e9xico sube a 8.76% en la primera quincena de septiembre PALABRAS Y N\u00daMEROS\" \/>\n<meta property=\"og:description\" content=\"CIUDAD DE M\u00c9XICO. MX. \u2014 Los precios al consumidor en M\u00e9xico subieron m\u00e1s de lo esperado en la primera quincena de septiembre y la inflaci\u00f3n se ubic\u00f3 en En Sonora en Equipo publicamos toda la informaci\u00f3n de Sonora, M\u00e9xico y el Mundo de manera oportuna y busca que la libertad de expresi\u00f3n sea real. Visita nuestro medio informativo publicado desde Hermosillo, Sonora. %\" \/>\n<meta property=\"og:url\" content=\"https:\/\/www.sonoraenequipo.com.mx\/la-inflacion-en-mexico-sube-a-8-76-en-la-primera-quincena-de-septiembre\/\" \/>\n<meta property=\"og:site_name\" content=\"Sonora en Equipo.\" \/>\n<meta property=\"article:publisher\" content=\"https:\/\/www.facebook.com\/SonoraEE\/\" \/>\n<meta property=\"article:author\" content=\"https:\/\/www.facebook.com\/SonoraEE\" \/>\n<meta property=\"article:published_time\" content=\"2022-09-22T21:35:22+00:00\" \/>\n<meta property=\"article:modified_time\" content=\"2022-09-23T04:06:05+00:00\" \/>\n<meta property=\"og:image\" content=\"https:\/\/www.sonoraenequipo.com.mx\/storage\/2022\/07\/inflacion-de-julio-8.16.jpg\" \/>\n\t<meta property=\"og:image:width\" content=\"900\" \/>\n\t<meta property=\"og:image:height\" content=\"514\" \/>\n\t<meta property=\"og:image:type\" content=\"image\/jpeg\" \/>\n<meta name=\"author\" content=\"enequipo\" \/>\n<meta name=\"twitter:card\" content=\"summary_large_image\" \/>\n<meta name=\"twitter:creator\" content=\"@sonoraenequipo\" \/>\n<meta name=\"twitter:site\" content=\"@sonoraenequipo\" \/>\n<meta name=\"twitter:label1\" content=\"Escrito por\" \/>\n\t<meta name=\"twitter:data1\" content=\"enequipo\" \/>\n\t<meta name=\"twitter:label2\" content=\"Tiempo de lectura\" \/>\n\t<meta name=\"twitter:data2\" content=\"2 minutos\" \/>\n<script type=\"application\/ld+json\" class=\"yoast-schema-graph\">{\"@context\":\"https:\/\/schema.org\",\"@graph\":[{\"@type\":\"Article\",\"@id\":\"https:\/\/www.sonoraenequipo.com.mx\/la-inflacion-en-mexico-sube-a-8-76-en-la-primera-quincena-de-septiembre\/#article\",\"isPartOf\":{\"@id\":\"https:\/\/www.sonoraenequipo.com.mx\/la-inflacion-en-mexico-sube-a-8-76-en-la-primera-quincena-de-septiembre\/\"},\"author\":{\"name\":\"enequipo\",\"@id\":\"https:\/\/www.sonoraenequipo.com.mx\/#\/schema\/person\/50102df0fb23a8fa9e8effad8fa81386\"},\"headline\":\"La inflaci\u00f3n en M\u00e9xico sube a 8.76% en la primera quincena de septiembre\",\"datePublished\":\"2022-09-22T21:35:22+00:00\",\"dateModified\":\"2022-09-23T04:06:05+00:00\",\"mainEntityOfPage\":{\"@id\":\"https:\/\/www.sonoraenequipo.com.mx\/la-inflacion-en-mexico-sube-a-8-76-en-la-primera-quincena-de-septiembre\/\"},\"wordCount\":392,\"commentCount\":0,\"publisher\":{\"@id\":\"https:\/\/www.sonoraenequipo.com.mx\/#organization\"},\"image\":{\"@id\":\"https:\/\/www.sonoraenequipo.com.mx\/la-inflacion-en-mexico-sube-a-8-76-en-la-primera-quincena-de-septiembre\/#primaryimage\"},\"thumbnailUrl\":\"https:\/\/www.sonoraenequipo.com.mx\/storage\/2022\/07\/inflacion-de-julio-8.16.jpg\",\"articleSection\":[\"PALABRAS Y N\u00daMEROS\"],\"inLanguage\":\"es\",\"potentialAction\":[{\"@type\":\"CommentAction\",\"name\":\"Comment\",\"target\":[\"https:\/\/www.sonoraenequipo.com.mx\/la-inflacion-en-mexico-sube-a-8-76-en-la-primera-quincena-de-septiembre\/#respond\"]}]},{\"@type\":\"WebPage\",\"@id\":\"https:\/\/www.sonoraenequipo.com.mx\/la-inflacion-en-mexico-sube-a-8-76-en-la-primera-quincena-de-septiembre\/\",\"url\":\"https:\/\/www.sonoraenequipo.com.mx\/la-inflacion-en-mexico-sube-a-8-76-en-la-primera-quincena-de-septiembre\/\",\"name\":\"Sonora en Equipo. La inflaci\u00f3n en M\u00e9xico sube a 8.76% en la primera quincena de septiembre PALABRAS Y N\u00daMEROS\",\"isPartOf\":{\"@id\":\"https:\/\/www.sonoraenequipo.com.mx\/#website\"},\"primaryImageOfPage\":{\"@id\":\"https:\/\/www.sonoraenequipo.com.mx\/la-inflacion-en-mexico-sube-a-8-76-en-la-primera-quincena-de-septiembre\/#primaryimage\"},\"image\":{\"@id\":\"https:\/\/www.sonoraenequipo.com.mx\/la-inflacion-en-mexico-sube-a-8-76-en-la-primera-quincena-de-septiembre\/#primaryimage\"},\"thumbnailUrl\":\"https:\/\/www.sonoraenequipo.com.mx\/storage\/2022\/07\/inflacion-de-julio-8.16.jpg\",\"datePublished\":\"2022-09-22T21:35:22+00:00\",\"dateModified\":\"2022-09-23T04:06:05+00:00\",\"description\":\"CIUDAD DE M\u00c9XICO. MX. \u2014 Los precios al consumidor en M\u00e9xico subieron m\u00e1s de lo esperado en la primera quincena de septiembre y la inflaci\u00f3n se ubic\u00f3 en En Sonora en Equipo publicamos toda la informaci\u00f3n de Sonora, M\u00e9xico y el Mundo de manera oportuna y busca que la libertad de expresi\u00f3n sea real. Visita nuestro medio informativo publicado desde Hermosillo, Sonora. %\",\"breadcrumb\":{\"@id\":\"https:\/\/www.sonoraenequipo.com.mx\/la-inflacion-en-mexico-sube-a-8-76-en-la-primera-quincena-de-septiembre\/#breadcrumb\"},\"inLanguage\":\"es\",\"potentialAction\":[{\"@type\":\"ReadAction\",\"target\":[\"https:\/\/www.sonoraenequipo.com.mx\/la-inflacion-en-mexico-sube-a-8-76-en-la-primera-quincena-de-septiembre\/\"]}]},{\"@type\":\"ImageObject\",\"inLanguage\":\"es\",\"@id\":\"https:\/\/www.sonoraenequipo.com.mx\/la-inflacion-en-mexico-sube-a-8-76-en-la-primera-quincena-de-septiembre\/#primaryimage\",\"url\":\"https:\/\/www.sonoraenequipo.com.mx\/storage\/2022\/07\/inflacion-de-julio-8.16.jpg\",\"contentUrl\":\"https:\/\/www.sonoraenequipo.com.mx\/storage\/2022\/07\/inflacion-de-julio-8.16.jpg\",\"width\":900,\"height\":514},{\"@type\":\"BreadcrumbList\",\"@id\":\"https:\/\/www.sonoraenequipo.com.mx\/la-inflacion-en-mexico-sube-a-8-76-en-la-primera-quincena-de-septiembre\/#breadcrumb\",\"itemListElement\":[{\"@type\":\"ListItem\",\"position\":1,\"name\":\"Portada\",\"item\":\"https:\/\/www.sonoraenequipo.com.mx\/\"},{\"@type\":\"ListItem\",\"position\":2,\"name\":\"La inflaci\u00f3n en M\u00e9xico sube a 8.76% en la primera quincena de septiembre\"}]},{\"@type\":\"WebSite\",\"@id\":\"https:\/\/www.sonoraenequipo.com.mx\/#website\",\"url\":\"https:\/\/www.sonoraenequipo.com.mx\/\",\"name\":\"Sonora en Equipo.\",\"description\":\"Diario en l\u00ednea con Noticias desde Hermosillo, Sonora\",\"publisher\":{\"@id\":\"https:\/\/www.sonoraenequipo.com.mx\/#organization\"},\"potentialAction\":[{\"@type\":\"SearchAction\",\"target\":{\"@type\":\"EntryPoint\",\"urlTemplate\":\"https:\/\/www.sonoraenequipo.com.mx\/?s={search_term_string}\"},\"query-input\":{\"@type\":\"PropertyValueSpecification\",\"valueRequired\":true,\"valueName\":\"search_term_string\"}}],\"inLanguage\":\"es\"},{\"@type\":\"Organization\",\"@id\":\"https:\/\/www.sonoraenequipo.com.mx\/#organization\",\"name\":\"Sonoraenequipo.com.mx\",\"url\":\"https:\/\/www.sonoraenequipo.com.mx\/\",\"logo\":{\"@type\":\"ImageObject\",\"inLanguage\":\"es\",\"@id\":\"https:\/\/www.sonoraenequipo.com.mx\/#\/schema\/logo\/image\/\",\"url\":\"https:\/\/www.sonoraenequipo.com.mx\/storage\/2019\/01\/sonoraenequipo_opt.png\",\"contentUrl\":\"https:\/\/www.sonoraenequipo.com.mx\/storage\/2019\/01\/sonoraenequipo_opt.png\",\"width\":375,\"height\":125,\"caption\":\"Sonoraenequipo.com.mx\"},\"image\":{\"@id\":\"https:\/\/www.sonoraenequipo.com.mx\/#\/schema\/logo\/image\/\"},\"sameAs\":[\"https:\/\/www.facebook.com\/SonoraEE\/\",\"https:\/\/x.com\/sonoraenequipo\",\"https:\/\/www.youtube.com\/channel\/UC338nW-lPEYmJQs4ZABQ1SQ\"]},{\"@type\":\"Person\",\"@id\":\"https:\/\/www.sonoraenequipo.com.mx\/#\/schema\/person\/50102df0fb23a8fa9e8effad8fa81386\",\"name\":\"enequipo\",\"image\":{\"@type\":\"ImageObject\",\"inLanguage\":\"es\",\"@id\":\"https:\/\/www.sonoraenequipo.com.mx\/#\/schema\/person\/image\/\",\"url\":\"https:\/\/secure.gravatar.com\/avatar\/049821681b589dabc0bc20695993ccebb09f5b5d4d790cd9251b97faac7c652b?s=96&d=blank&r=g\",\"contentUrl\":\"https:\/\/secure.gravatar.com\/avatar\/049821681b589dabc0bc20695993ccebb09f5b5d4d790cd9251b97faac7c652b?s=96&d=blank&r=g\",\"caption\":\"enequipo\"},\"sameAs\":[\"https:\/\/www.facebook.com\/SonoraEE\"]}]}<\/script>\n ","yoast_head_json":{"title":"Sonora en Equipo. La inflaci\u00f3n en M\u00e9xico sube a 8.76% en la primera quincena de septiembre PALABRAS Y N\u00daMEROS","description":"CIUDAD DE M\u00c9XICO. MX. \u2014 Los precios al consumidor en M\u00e9xico subieron m\u00e1s de lo esperado en la primera quincena de septiembre y la inflaci\u00f3n se ubic\u00f3 en En Sonora en Equipo publicamos toda la informaci\u00f3n de Sonora, M\u00e9xico y el Mundo de manera oportuna y busca que la libertad de expresi\u00f3n sea real. Visita nuestro medio informativo publicado desde Hermosillo, Sonora. %","robots":{"index":"index","follow":"follow","max-snippet":"max-snippet:-1","max-image-preview":"max-image-preview:large","max-video-preview":"max-video-preview:-1"},"canonical":"https:\/\/www.sonoraenequipo.com.mx\/la-inflacion-en-mexico-sube-a-8-76-en-la-primera-quincena-de-septiembre\/","og_locale":"es_ES","og_type":"article","og_title":"Sonora en Equipo. La inflaci\u00f3n en M\u00e9xico sube a 8.76% en la primera quincena de septiembre PALABRAS Y N\u00daMEROS","og_description":"CIUDAD DE M\u00c9XICO. MX. \u2014 Los precios al consumidor en M\u00e9xico subieron m\u00e1s de lo esperado en la primera quincena de septiembre y la inflaci\u00f3n se ubic\u00f3 en En Sonora en Equipo publicamos toda la informaci\u00f3n de Sonora, M\u00e9xico y el Mundo de manera oportuna y busca que la libertad de expresi\u00f3n sea real. Visita nuestro medio informativo publicado desde Hermosillo, Sonora. %","og_url":"https:\/\/www.sonoraenequipo.com.mx\/la-inflacion-en-mexico-sube-a-8-76-en-la-primera-quincena-de-septiembre\/","og_site_name":"Sonora en Equipo.","article_publisher":"https:\/\/www.facebook.com\/SonoraEE\/","article_author":"https:\/\/www.facebook.com\/SonoraEE","article_published_time":"2022-09-22T21:35:22+00:00","article_modified_time":"2022-09-23T04:06:05+00:00","og_image":[{"width":900,"height":514,"url":"https:\/\/www.sonoraenequipo.com.mx\/storage\/2022\/07\/inflacion-de-julio-8.16.jpg","type":"image\/jpeg"}],"author":"enequipo","twitter_card":"summary_large_image","twitter_creator":"@sonoraenequipo","twitter_site":"@sonoraenequipo","twitter_misc":{"Escrito por":"enequipo","Tiempo de lectura":"2 minutos"},"schema":{"@context":"https:\/\/schema.org","@graph":[{"@type":"Article","@id":"https:\/\/www.sonoraenequipo.com.mx\/la-inflacion-en-mexico-sube-a-8-76-en-la-primera-quincena-de-septiembre\/#article","isPartOf":{"@id":"https:\/\/www.sonoraenequipo.com.mx\/la-inflacion-en-mexico-sube-a-8-76-en-la-primera-quincena-de-septiembre\/"},"author":{"name":"enequipo","@id":"https:\/\/www.sonoraenequipo.com.mx\/#\/schema\/person\/50102df0fb23a8fa9e8effad8fa81386"},"headline":"La inflaci\u00f3n en M\u00e9xico sube a 8.76% en la primera quincena de septiembre","datePublished":"2022-09-22T21:35:22+00:00","dateModified":"2022-09-23T04:06:05+00:00","mainEntityOfPage":{"@id":"https:\/\/www.sonoraenequipo.com.mx\/la-inflacion-en-mexico-sube-a-8-76-en-la-primera-quincena-de-septiembre\/"},"wordCount":392,"commentCount":0,"publisher":{"@id":"https:\/\/www.sonoraenequipo.com.mx\/#organization"},"image":{"@id":"https:\/\/www.sonoraenequipo.com.mx\/la-inflacion-en-mexico-sube-a-8-76-en-la-primera-quincena-de-septiembre\/#primaryimage"},"thumbnailUrl":"https:\/\/www.sonoraenequipo.com.mx\/storage\/2022\/07\/inflacion-de-julio-8.16.jpg","articleSection":["PALABRAS Y N\u00daMEROS"],"inLanguage":"es","potentialAction":[{"@type":"CommentAction","name":"Comment","target":["https:\/\/www.sonoraenequipo.com.mx\/la-inflacion-en-mexico-sube-a-8-76-en-la-primera-quincena-de-septiembre\/#respond"]}]},{"@type":"WebPage","@id":"https:\/\/www.sonoraenequipo.com.mx\/la-inflacion-en-mexico-sube-a-8-76-en-la-primera-quincena-de-septiembre\/","url":"https:\/\/www.sonoraenequipo.com.mx\/la-inflacion-en-mexico-sube-a-8-76-en-la-primera-quincena-de-septiembre\/","name":"Sonora en Equipo. La inflaci\u00f3n en M\u00e9xico sube a 8.76% en la primera quincena de septiembre PALABRAS Y N\u00daMEROS","isPartOf":{"@id":"https:\/\/www.sonoraenequipo.com.mx\/#website"},"primaryImageOfPage":{"@id":"https:\/\/www.sonoraenequipo.com.mx\/la-inflacion-en-mexico-sube-a-8-76-en-la-primera-quincena-de-septiembre\/#primaryimage"},"image":{"@id":"https:\/\/www.sonoraenequipo.com.mx\/la-inflacion-en-mexico-sube-a-8-76-en-la-primera-quincena-de-septiembre\/#primaryimage"},"thumbnailUrl":"https:\/\/www.sonoraenequipo.com.mx\/storage\/2022\/07\/inflacion-de-julio-8.16.jpg","datePublished":"2022-09-22T21:35:22+00:00","dateModified":"2022-09-23T04:06:05+00:00","description":"CIUDAD DE M\u00c9XICO. MX. \u2014 Los precios al consumidor en M\u00e9xico subieron m\u00e1s de lo esperado en la primera quincena de septiembre y la inflaci\u00f3n se ubic\u00f3 en En Sonora en Equipo publicamos toda la informaci\u00f3n de Sonora, M\u00e9xico y el Mundo de manera oportuna y busca que la libertad de expresi\u00f3n sea real. Visita nuestro medio informativo publicado desde Hermosillo, Sonora. %","breadcrumb":{"@id":"https:\/\/www.sonoraenequipo.com.mx\/la-inflacion-en-mexico-sube-a-8-76-en-la-primera-quincena-de-septiembre\/#breadcrumb"},"inLanguage":"es","potentialAction":[{"@type":"ReadAction","target":["https:\/\/www.sonoraenequipo.com.mx\/la-inflacion-en-mexico-sube-a-8-76-en-la-primera-quincena-de-septiembre\/"]}]},{"@type":"ImageObject","inLanguage":"es","@id":"https:\/\/www.sonoraenequipo.com.mx\/la-inflacion-en-mexico-sube-a-8-76-en-la-primera-quincena-de-septiembre\/#primaryimage","url":"https:\/\/www.sonoraenequipo.com.mx\/storage\/2022\/07\/inflacion-de-julio-8.16.jpg","contentUrl":"https:\/\/www.sonoraenequipo.com.mx\/storage\/2022\/07\/inflacion-de-julio-8.16.jpg","width":900,"height":514},{"@type":"BreadcrumbList","@id":"https:\/\/www.sonoraenequipo.com.mx\/la-inflacion-en-mexico-sube-a-8-76-en-la-primera-quincena-de-septiembre\/#breadcrumb","itemListElement":[{"@type":"ListItem","position":1,"name":"Portada","item":"https:\/\/www.sonoraenequipo.com.mx\/"},{"@type":"ListItem","position":2,"name":"La inflaci\u00f3n en M\u00e9xico sube a 8.76% en la primera quincena de septiembre"}]},{"@type":"WebSite","@id":"https:\/\/www.sonoraenequipo.com.mx\/#website","url":"https:\/\/www.sonoraenequipo.com.mx\/","name":"Sonora en Equipo.","description":"Diario en l\u00ednea con Noticias desde Hermosillo, Sonora","publisher":{"@id":"https:\/\/www.sonoraenequipo.com.mx\/#organization"},"potentialAction":[{"@type":"SearchAction","target":{"@type":"EntryPoint","urlTemplate":"https:\/\/www.sonoraenequipo.com.mx\/?s={search_term_string}"},"query-input":{"@type":"PropertyValueSpecification","valueRequired":true,"valueName":"search_term_string"}}],"inLanguage":"es"},{"@type":"Organization","@id":"https:\/\/www.sonoraenequipo.com.mx\/#organization","name":"Sonoraenequipo.com.mx","url":"https:\/\/www.sonoraenequipo.com.mx\/","logo":{"@type":"ImageObject","inLanguage":"es","@id":"https:\/\/www.sonoraenequipo.com.mx\/#\/schema\/logo\/image\/","url":"https:\/\/www.sonoraenequipo.com.mx\/storage\/2019\/01\/sonoraenequipo_opt.png","contentUrl":"https:\/\/www.sonoraenequipo.com.mx\/storage\/2019\/01\/sonoraenequipo_opt.png","width":375,"height":125,"caption":"Sonoraenequipo.com.mx"},"image":{"@id":"https:\/\/www.sonoraenequipo.com.mx\/#\/schema\/logo\/image\/"},"sameAs":["https:\/\/www.facebook.com\/SonoraEE\/","https:\/\/x.com\/sonoraenequipo","https:\/\/www.youtube.com\/channel\/UC338nW-lPEYmJQs4ZABQ1SQ"]},{"@type":"Person","@id":"https:\/\/www.sonoraenequipo.com.mx\/#\/schema\/person\/50102df0fb23a8fa9e8effad8fa81386","name":"enequipo","image":{"@type":"ImageObject","inLanguage":"es","@id":"https:\/\/www.sonoraenequipo.com.mx\/#\/schema\/person\/image\/","url":"https:\/\/secure.gravatar.com\/avatar\/049821681b589dabc0bc20695993ccebb09f5b5d4d790cd9251b97faac7c652b?s=96&d=blank&r=g","contentUrl":"https:\/\/secure.gravatar.com\/avatar\/049821681b589dabc0bc20695993ccebb09f5b5d4d790cd9251b97faac7c652b?s=96&d=blank&r=g","caption":"enequipo"},"sameAs":["https:\/\/www.facebook.com\/SonoraEE"]}]}},"jetpack_featured_media_url":"https:\/\/www.sonoraenequipo.com.mx\/storage\/2022\/07\/inflacion-de-julio-8.16.jpg","_links":{"self":[{"href":"https:\/\/www.sonoraenequipo.com.mx\/api\/wp\/v2\/posts\/147558","targetHints":{"allow":["GET"]}}],"collection":[{"href":"https:\/\/www.sonoraenequipo.com.mx\/api\/wp\/v2\/posts"}],"about":[{"href":"https:\/\/www.sonoraenequipo.com.mx\/api\/wp\/v2\/types\/post"}],"author":[{"embeddable":true,"href":"https:\/\/www.sonoraenequipo.com.mx\/api\/wp\/v2\/users\/1"}],"replies":[{"embeddable":true,"href":"https:\/\/www.sonoraenequipo.com.mx\/api\/wp\/v2\/comments?post=147558"}],"version-history":[{"count":1,"href":"https:\/\/www.sonoraenequipo.com.mx\/api\/wp\/v2\/posts\/147558\/revisions"}],"predecessor-version":[{"id":147559,"href":"https:\/\/www.sonoraenequipo.com.mx\/api\/wp\/v2\/posts\/147558\/revisions\/147559"}],"wp:featuredmedia":[{"embeddable":true,"href":"https:\/\/www.sonoraenequipo.com.mx\/api\/wp\/v2\/media\/143408"}],"wp:attachment":[{"href":"https:\/\/www.sonoraenequipo.com.mx\/api\/wp\/v2\/media?parent=147558"}],"wp:term":[{"taxonomy":"category","embeddable":true,"href":"https:\/\/www.sonoraenequipo.com.mx\/api\/wp\/v2\/categories?post=147558"},{"taxonomy":"post_tag","embeddable":true,"href":"https:\/\/www.sonoraenequipo.com.mx\/api\/wp\/v2\/tags?post=147558"}],"curies":[{"name":"wp","href":"https:\/\/api.w.org\/{rel}","templated":true}]}}