{"id":147571,"date":"2022-09-22T21:39:09","date_gmt":"2022-09-23T04:39:09","guid":{"rendered":"https:\/\/www.sonoraenequipo.com.mx\/?p=147571"},"modified":"2022-09-22T21:39:09","modified_gmt":"2022-09-23T04:39:09","slug":"secretaria-de-economia-realizara-semana-del-empresario","status":"publish","type":"post","link":"https:\/\/www.sonoraenequipo.com.mx\/secretaria-de-economia-realizara-semana-del-empresario\/","title":{"rendered":"Secretar\u00eda de econom\u00eda realizar\u00e1 Semana del Empresario"},"content":{"rendered":"<p>&nbsp;<\/p>\n<p>&nbsp;<\/p>\n<p>&nbsp;<\/p>\n<p><strong>HERMOSILLO, SONORA,MX.<\/strong><strong>\u2500\u2500<\/strong> La Secretar\u00eda de Econom\u00eda, a trav\u00e9s de la Direcci\u00f3n General de Vinculaci\u00f3n e Industria Manufacturera, en coordinaci\u00f3n con la Universidad Tecnol\u00f3gica de Hermosillo (UTH) realizar\u00e1 la Semana del Empresario, inform\u00f3 Armando Villa Ordu\u00f1o.<\/p>\n<p>&nbsp;<\/p>\n<p>&nbsp;<\/p>\n<p>&nbsp;<\/p>\n<p>El secretario de Econom\u00eda en Sonora, dijo que durante los d\u00edas 28, 29 y 30 de septiembre del a\u00f1o en curso, se llevar\u00e1 a cabo la actividad en las instalaciones de la UTH, en un horario de 8:00 a 14:00 horas, donde se tienen contemplados talleres, conferencias, exposiciones de stands y m\u00e1s.<\/p>\n<p>&nbsp;<\/p>\n<p>&nbsp;<\/p>\n<p>&nbsp;<\/p>\n<p>\u201cEste es un encuentro entre productores regionales y empresarios, donde se buscar\u00e1 la generaci\u00f3n de estrategias comerciales que reactiven la econom\u00eda de nuestros productores, para que se establezcan formalmente y sean parte de las cadenas de suministros de empresas ya establecidas y reconocidas\u201d, manifest\u00f3.<\/p>\n<p>&nbsp;<\/p>\n<p>&nbsp;<\/p>\n<p>&nbsp;<\/p>\n<p>Por su parte, el director de Vinculaci\u00f3n e Industria Manufacturera de la Secretar\u00eda de Econom\u00eda, Felipe Sesma, indic\u00f3 que la ceremonia de inauguraci\u00f3n de la Semana del Empresario 2022, se realizar\u00e1 el mi\u00e9rcoles 28 de septiembre a las 10:00 horas.<\/p>\n<p>&nbsp;<\/p>\n<p>&nbsp;<\/p>\n<p>&nbsp;<\/p>\n<p>\u201cEs un encuentro y exposici\u00f3n entre empresarios y productores regionales, edici\u00f3n sector agroindustrial, donde se persigue una alianza entre la Secretar\u00eda de Econom\u00eda y la Universidad Tecnol\u00f3gica de Hermosillo, dando forma a una iniciativa que impacta a cuatro compromisos de campa\u00f1a del gobernador Alfonso Durazo, en los temas: ecosistema de empresas sociales y cooperativas; cultura econ\u00f3mica y creativa; j\u00f3venes por la transformaci\u00f3n y reactivaci\u00f3n econ\u00f3mica. Empresarios y productores regionales recibir\u00e1n asesor\u00eda de expertos internacionales, alumnado y docentes de la UTH, as\u00ed como de instancias oficiales para impulsar sus proyectos\u201d, anunci\u00f3.<\/p>\n<p>&nbsp;<\/p>\n<p>&nbsp;<\/p>\n<p>&nbsp;<\/p>\n<p>Ambos funcionarios informaron que en el encuentro se expondr\u00e1n los productos que elaboran los productores de la regi\u00f3n, tambi\u00e9n har\u00e1n presencia algunas empresas para posicionar su marca y hacer posibles enlaces de contrataci\u00f3n con los peque\u00f1os productores.<\/p>\n<p><strong><u>Fecha de publicaci\u00f3n 22 de septiembre de 2022<\/u><\/strong><\/p>\n<p>&nbsp;<\/p>\n","protected":false},"excerpt":{"rendered":"<p>&nbsp; &nbsp; &nbsp; HERMOSILLO, SONORA,MX.\u2500\u2500 La Secretar\u00eda de Econom\u00eda, a trav\u00e9s de la Direcci\u00f3n General&#8230;<\/p>\n","protected":false},"author":1,"featured_media":147572,"comment_status":"open","ping_status":"open","sticky":false,"template":"","format":"standard","meta":{"_monsterinsights_skip_tracking":false,"_monsterinsights_sitenote_active":false,"_monsterinsights_sitenote_note":"","_monsterinsights_sitenote_category":0,"footnotes":""},"categories":[22],"tags":[93,7548],"class_list":["post"],"yoast_head":" \n<title>Sonora en Equipo. Secretar\u00eda de econom\u00eda realizar\u00e1 Semana del Empresario Sonora<\/title>\n<meta name=\"description\" content=\"&nbsp; &nbsp; &nbsp; HERMOSILLO, SONORA,MX.\u2500\u2500 La Secretar\u00eda de Econom\u00eda, a trav\u00e9s de la Direcci\u00f3n General de Vinculaci\u00f3n e Industria Manufacturera, en En Sonora en Equipo publicamos toda la informaci\u00f3n de Sonora, M\u00e9xico y el Mundo de manera oportuna y busca que la libertad de expresi\u00f3n sea real. Visita nuestro medio informativo publicado desde Hermosillo, Sonora. %\" \/>\n<meta name=\"robots\" content=\"index, follow, max-snippet:-1, max-image-preview:large, max-video-preview:-1\" \/>\n<link rel=\"canonical\" href=\"https:\/\/www.sonoraenequipo.com.mx\/secretaria-de-economia-realizara-semana-del-empresario\/\" \/>\n<meta property=\"og:locale\" content=\"es_ES\" \/>\n<meta property=\"og:type\" content=\"article\" \/>\n<meta property=\"og:title\" content=\"Sonora en Equipo. Secretar\u00eda de econom\u00eda realizar\u00e1 Semana del Empresario Sonora\" \/>\n<meta property=\"og:description\" content=\"&nbsp; &nbsp; &nbsp; HERMOSILLO, SONORA,MX.\u2500\u2500 La Secretar\u00eda de Econom\u00eda, a trav\u00e9s de la Direcci\u00f3n General de Vinculaci\u00f3n e Industria Manufacturera, en En Sonora en Equipo publicamos toda la informaci\u00f3n de Sonora, M\u00e9xico y el Mundo de manera oportuna y busca que la libertad de expresi\u00f3n sea real. Visita nuestro medio informativo publicado desde Hermosillo, Sonora. %\" \/>\n<meta property=\"og:url\" content=\"https:\/\/www.sonoraenequipo.com.mx\/secretaria-de-economia-realizara-semana-del-empresario\/\" \/>\n<meta property=\"og:site_name\" content=\"Sonora en Equipo.\" \/>\n<meta property=\"article:publisher\" content=\"https:\/\/www.facebook.com\/SonoraEE\/\" \/>\n<meta property=\"article:author\" content=\"https:\/\/www.facebook.com\/SonoraEE\" \/>\n<meta property=\"article:published_time\" content=\"2022-09-23T04:39:09+00:00\" \/>\n<meta property=\"og:image\" content=\"https:\/\/www.sonoraenequipo.com.mx\/storage\/2022\/09\/agroindustria.jpg\" \/>\n\t<meta property=\"og:image:width\" content=\"700\" \/>\n\t<meta property=\"og:image:height\" content=\"500\" \/>\n\t<meta property=\"og:image:type\" content=\"image\/jpeg\" \/>\n<meta name=\"author\" content=\"enequipo\" \/>\n<meta name=\"twitter:card\" content=\"summary_large_image\" \/>\n<meta name=\"twitter:creator\" content=\"@sonoraenequipo\" \/>\n<meta name=\"twitter:site\" content=\"@sonoraenequipo\" \/>\n<meta name=\"twitter:label1\" content=\"Escrito por\" \/>\n\t<meta name=\"twitter:data1\" content=\"enequipo\" \/>\n\t<meta name=\"twitter:label2\" content=\"Tiempo de lectura\" \/>\n\t<meta name=\"twitter:data2\" content=\"2 minutos\" \/>\n<script type=\"application\/ld+json\" class=\"yoast-schema-graph\">{\"@context\":\"https:\/\/schema.org\",\"@graph\":[{\"@type\":\"Article\",\"@id\":\"https:\/\/www.sonoraenequipo.com.mx\/secretaria-de-economia-realizara-semana-del-empresario\/#article\",\"isPartOf\":{\"@id\":\"https:\/\/www.sonoraenequipo.com.mx\/secretaria-de-economia-realizara-semana-del-empresario\/\"},\"author\":{\"name\":\"enequipo\",\"@id\":\"https:\/\/www.sonoraenequipo.com.mx\/#\/schema\/person\/50102df0fb23a8fa9e8effad8fa81386\"},\"headline\":\"Secretar\u00eda de econom\u00eda realizar\u00e1 Semana del Empresario\",\"datePublished\":\"2022-09-23T04:39:09+00:00\",\"mainEntityOfPage\":{\"@id\":\"https:\/\/www.sonoraenequipo.com.mx\/secretaria-de-economia-realizara-semana-del-empresario\/\"},\"wordCount\":364,\"commentCount\":0,\"publisher\":{\"@id\":\"https:\/\/www.sonoraenequipo.com.mx\/#organization\"},\"image\":{\"@id\":\"https:\/\/www.sonoraenequipo.com.mx\/secretaria-de-economia-realizara-semana-del-empresario\/#primaryimage\"},\"thumbnailUrl\":\"https:\/\/www.sonoraenequipo.com.mx\/storage\/2022\/09\/agroindustria.jpg\",\"keywords\":[\"econom\u00eda\",\"snora\"],\"articleSection\":[\"Sonora\"],\"inLanguage\":\"es\",\"potentialAction\":[{\"@type\":\"CommentAction\",\"name\":\"Comment\",\"target\":[\"https:\/\/www.sonoraenequipo.com.mx\/secretaria-de-economia-realizara-semana-del-empresario\/#respond\"]}]},{\"@type\":\"WebPage\",\"@id\":\"https:\/\/www.sonoraenequipo.com.mx\/secretaria-de-economia-realizara-semana-del-empresario\/\",\"url\":\"https:\/\/www.sonoraenequipo.com.mx\/secretaria-de-economia-realizara-semana-del-empresario\/\",\"name\":\"Sonora en Equipo. Secretar\u00eda de econom\u00eda realizar\u00e1 Semana del Empresario Sonora\",\"isPartOf\":{\"@id\":\"https:\/\/www.sonoraenequipo.com.mx\/#website\"},\"primaryImageOfPage\":{\"@id\":\"https:\/\/www.sonoraenequipo.com.mx\/secretaria-de-economia-realizara-semana-del-empresario\/#primaryimage\"},\"image\":{\"@id\":\"https:\/\/www.sonoraenequipo.com.mx\/secretaria-de-economia-realizara-semana-del-empresario\/#primaryimage\"},\"thumbnailUrl\":\"https:\/\/www.sonoraenequipo.com.mx\/storage\/2022\/09\/agroindustria.jpg\",\"datePublished\":\"2022-09-23T04:39:09+00:00\",\"description\":\"&nbsp; &nbsp; &nbsp; HERMOSILLO, SONORA,MX.\u2500\u2500 La Secretar\u00eda de Econom\u00eda, a trav\u00e9s de la Direcci\u00f3n General de Vinculaci\u00f3n e Industria Manufacturera, en En Sonora en Equipo publicamos toda la informaci\u00f3n de Sonora, M\u00e9xico y el Mundo de manera oportuna y busca que la libertad de expresi\u00f3n sea real. Visita nuestro medio informativo publicado desde Hermosillo, Sonora. %\",\"breadcrumb\":{\"@id\":\"https:\/\/www.sonoraenequipo.com.mx\/secretaria-de-economia-realizara-semana-del-empresario\/#breadcrumb\"},\"inLanguage\":\"es\",\"potentialAction\":[{\"@type\":\"ReadAction\",\"target\":[\"https:\/\/www.sonoraenequipo.com.mx\/secretaria-de-economia-realizara-semana-del-empresario\/\"]}]},{\"@type\":\"ImageObject\",\"inLanguage\":\"es\",\"@id\":\"https:\/\/www.sonoraenequipo.com.mx\/secretaria-de-economia-realizara-semana-del-empresario\/#primaryimage\",\"url\":\"https:\/\/www.sonoraenequipo.com.mx\/storage\/2022\/09\/agroindustria.jpg\",\"contentUrl\":\"https:\/\/www.sonoraenequipo.com.mx\/storage\/2022\/09\/agroindustria.jpg\",\"width\":700,\"height\":500},{\"@type\":\"BreadcrumbList\",\"@id\":\"https:\/\/www.sonoraenequipo.com.mx\/secretaria-de-economia-realizara-semana-del-empresario\/#breadcrumb\",\"itemListElement\":[{\"@type\":\"ListItem\",\"position\":1,\"name\":\"Portada\",\"item\":\"https:\/\/www.sonoraenequipo.com.mx\/\"},{\"@type\":\"ListItem\",\"position\":2,\"name\":\"Secretar\u00eda de econom\u00eda realizar\u00e1 Semana del Empresario\"}]},{\"@type\":\"WebSite\",\"@id\":\"https:\/\/www.sonoraenequipo.com.mx\/#website\",\"url\":\"https:\/\/www.sonoraenequipo.com.mx\/\",\"name\":\"Sonora en Equipo.\",\"description\":\"Diario en l\u00ednea con Noticias desde Hermosillo, Sonora\",\"publisher\":{\"@id\":\"https:\/\/www.sonoraenequipo.com.mx\/#organization\"},\"potentialAction\":[{\"@type\":\"SearchAction\",\"target\":{\"@type\":\"EntryPoint\",\"urlTemplate\":\"https:\/\/www.sonoraenequipo.com.mx\/?s={search_term_string}\"},\"query-input\":{\"@type\":\"PropertyValueSpecification\",\"valueRequired\":true,\"valueName\":\"search_term_string\"}}],\"inLanguage\":\"es\"},{\"@type\":\"Organization\",\"@id\":\"https:\/\/www.sonoraenequipo.com.mx\/#organization\",\"name\":\"Sonoraenequipo.com.mx\",\"url\":\"https:\/\/www.sonoraenequipo.com.mx\/\",\"logo\":{\"@type\":\"ImageObject\",\"inLanguage\":\"es\",\"@id\":\"https:\/\/www.sonoraenequipo.com.mx\/#\/schema\/logo\/image\/\",\"url\":\"https:\/\/www.sonoraenequipo.com.mx\/storage\/2019\/01\/sonoraenequipo_opt.png\",\"contentUrl\":\"https:\/\/www.sonoraenequipo.com.mx\/storage\/2019\/01\/sonoraenequipo_opt.png\",\"width\":375,\"height\":125,\"caption\":\"Sonoraenequipo.com.mx\"},\"image\":{\"@id\":\"https:\/\/www.sonoraenequipo.com.mx\/#\/schema\/logo\/image\/\"},\"sameAs\":[\"https:\/\/www.facebook.com\/SonoraEE\/\",\"https:\/\/x.com\/sonoraenequipo\",\"https:\/\/www.youtube.com\/channel\/UC338nW-lPEYmJQs4ZABQ1SQ\"]},{\"@type\":\"Person\",\"@id\":\"https:\/\/www.sonoraenequipo.com.mx\/#\/schema\/person\/50102df0fb23a8fa9e8effad8fa81386\",\"name\":\"enequipo\",\"image\":{\"@type\":\"ImageObject\",\"inLanguage\":\"es\",\"@id\":\"https:\/\/www.sonoraenequipo.com.mx\/#\/schema\/person\/image\/\",\"url\":\"https:\/\/secure.gravatar.com\/avatar\/049821681b589dabc0bc20695993ccebb09f5b5d4d790cd9251b97faac7c652b?s=96&d=blank&r=g\",\"contentUrl\":\"https:\/\/secure.gravatar.com\/avatar\/049821681b589dabc0bc20695993ccebb09f5b5d4d790cd9251b97faac7c652b?s=96&d=blank&r=g\",\"caption\":\"enequipo\"},\"sameAs\":[\"https:\/\/www.facebook.com\/SonoraEE\"]}]}<\/script>\n ","yoast_head_json":{"title":"Sonora en Equipo. Secretar\u00eda de econom\u00eda realizar\u00e1 Semana del Empresario Sonora","description":"&nbsp; &nbsp; &nbsp; HERMOSILLO, SONORA,MX.\u2500\u2500 La Secretar\u00eda de Econom\u00eda, a trav\u00e9s de la Direcci\u00f3n General de Vinculaci\u00f3n e Industria Manufacturera, en En Sonora en Equipo publicamos toda la informaci\u00f3n de Sonora, M\u00e9xico y el Mundo de manera oportuna y busca que la libertad de expresi\u00f3n sea real. Visita nuestro medio informativo publicado desde Hermosillo, Sonora. %","robots":{"index":"index","follow":"follow","max-snippet":"max-snippet:-1","max-image-preview":"max-image-preview:large","max-video-preview":"max-video-preview:-1"},"canonical":"https:\/\/www.sonoraenequipo.com.mx\/secretaria-de-economia-realizara-semana-del-empresario\/","og_locale":"es_ES","og_type":"article","og_title":"Sonora en Equipo. Secretar\u00eda de econom\u00eda realizar\u00e1 Semana del Empresario Sonora","og_description":"&nbsp; &nbsp; &nbsp; HERMOSILLO, SONORA,MX.\u2500\u2500 La Secretar\u00eda de Econom\u00eda, a trav\u00e9s de la Direcci\u00f3n General de Vinculaci\u00f3n e Industria Manufacturera, en En Sonora en Equipo publicamos toda la informaci\u00f3n de Sonora, M\u00e9xico y el Mundo de manera oportuna y busca que la libertad de expresi\u00f3n sea real. Visita nuestro medio informativo publicado desde Hermosillo, Sonora. %","og_url":"https:\/\/www.sonoraenequipo.com.mx\/secretaria-de-economia-realizara-semana-del-empresario\/","og_site_name":"Sonora en Equipo.","article_publisher":"https:\/\/www.facebook.com\/SonoraEE\/","article_author":"https:\/\/www.facebook.com\/SonoraEE","article_published_time":"2022-09-23T04:39:09+00:00","og_image":[{"width":700,"height":500,"url":"https:\/\/www.sonoraenequipo.com.mx\/storage\/2022\/09\/agroindustria.jpg","type":"image\/jpeg"}],"author":"enequipo","twitter_card":"summary_large_image","twitter_creator":"@sonoraenequipo","twitter_site":"@sonoraenequipo","twitter_misc":{"Escrito por":"enequipo","Tiempo de lectura":"2 minutos"},"schema":{"@context":"https:\/\/schema.org","@graph":[{"@type":"Article","@id":"https:\/\/www.sonoraenequipo.com.mx\/secretaria-de-economia-realizara-semana-del-empresario\/#article","isPartOf":{"@id":"https:\/\/www.sonoraenequipo.com.mx\/secretaria-de-economia-realizara-semana-del-empresario\/"},"author":{"name":"enequipo","@id":"https:\/\/www.sonoraenequipo.com.mx\/#\/schema\/person\/50102df0fb23a8fa9e8effad8fa81386"},"headline":"Secretar\u00eda de econom\u00eda realizar\u00e1 Semana del Empresario","datePublished":"2022-09-23T04:39:09+00:00","mainEntityOfPage":{"@id":"https:\/\/www.sonoraenequipo.com.mx\/secretaria-de-economia-realizara-semana-del-empresario\/"},"wordCount":364,"commentCount":0,"publisher":{"@id":"https:\/\/www.sonoraenequipo.com.mx\/#organization"},"image":{"@id":"https:\/\/www.sonoraenequipo.com.mx\/secretaria-de-economia-realizara-semana-del-empresario\/#primaryimage"},"thumbnailUrl":"https:\/\/www.sonoraenequipo.com.mx\/storage\/2022\/09\/agroindustria.jpg","keywords":["econom\u00eda","snora"],"articleSection":["Sonora"],"inLanguage":"es","potentialAction":[{"@type":"CommentAction","name":"Comment","target":["https:\/\/www.sonoraenequipo.com.mx\/secretaria-de-economia-realizara-semana-del-empresario\/#respond"]}]},{"@type":"WebPage","@id":"https:\/\/www.sonoraenequipo.com.mx\/secretaria-de-economia-realizara-semana-del-empresario\/","url":"https:\/\/www.sonoraenequipo.com.mx\/secretaria-de-economia-realizara-semana-del-empresario\/","name":"Sonora en Equipo. Secretar\u00eda de econom\u00eda realizar\u00e1 Semana del Empresario Sonora","isPartOf":{"@id":"https:\/\/www.sonoraenequipo.com.mx\/#website"},"primaryImageOfPage":{"@id":"https:\/\/www.sonoraenequipo.com.mx\/secretaria-de-economia-realizara-semana-del-empresario\/#primaryimage"},"image":{"@id":"https:\/\/www.sonoraenequipo.com.mx\/secretaria-de-economia-realizara-semana-del-empresario\/#primaryimage"},"thumbnailUrl":"https:\/\/www.sonoraenequipo.com.mx\/storage\/2022\/09\/agroindustria.jpg","datePublished":"2022-09-23T04:39:09+00:00","description":"&nbsp; &nbsp; &nbsp; HERMOSILLO, SONORA,MX.\u2500\u2500 La Secretar\u00eda de Econom\u00eda, a trav\u00e9s de la Direcci\u00f3n General de Vinculaci\u00f3n e Industria Manufacturera, en En Sonora en Equipo publicamos toda la informaci\u00f3n de Sonora, M\u00e9xico y el Mundo de manera oportuna y busca que la libertad de expresi\u00f3n sea real. Visita nuestro medio informativo publicado desde Hermosillo, Sonora. %","breadcrumb":{"@id":"https:\/\/www.sonoraenequipo.com.mx\/secretaria-de-economia-realizara-semana-del-empresario\/#breadcrumb"},"inLanguage":"es","potentialAction":[{"@type":"ReadAction","target":["https:\/\/www.sonoraenequipo.com.mx\/secretaria-de-economia-realizara-semana-del-empresario\/"]}]},{"@type":"ImageObject","inLanguage":"es","@id":"https:\/\/www.sonoraenequipo.com.mx\/secretaria-de-economia-realizara-semana-del-empresario\/#primaryimage","url":"https:\/\/www.sonoraenequipo.com.mx\/storage\/2022\/09\/agroindustria.jpg","contentUrl":"https:\/\/www.sonoraenequipo.com.mx\/storage\/2022\/09\/agroindustria.jpg","width":700,"height":500},{"@type":"BreadcrumbList","@id":"https:\/\/www.sonoraenequipo.com.mx\/secretaria-de-economia-realizara-semana-del-empresario\/#breadcrumb","itemListElement":[{"@type":"ListItem","position":1,"name":"Portada","item":"https:\/\/www.sonoraenequipo.com.mx\/"},{"@type":"ListItem","position":2,"name":"Secretar\u00eda de econom\u00eda realizar\u00e1 Semana del Empresario"}]},{"@type":"WebSite","@id":"https:\/\/www.sonoraenequipo.com.mx\/#website","url":"https:\/\/www.sonoraenequipo.com.mx\/","name":"Sonora en Equipo.","description":"Diario en l\u00ednea con Noticias desde Hermosillo, Sonora","publisher":{"@id":"https:\/\/www.sonoraenequipo.com.mx\/#organization"},"potentialAction":[{"@type":"SearchAction","target":{"@type":"EntryPoint","urlTemplate":"https:\/\/www.sonoraenequipo.com.mx\/?s={search_term_string}"},"query-input":{"@type":"PropertyValueSpecification","valueRequired":true,"valueName":"search_term_string"}}],"inLanguage":"es"},{"@type":"Organization","@id":"https:\/\/www.sonoraenequipo.com.mx\/#organization","name":"Sonoraenequipo.com.mx","url":"https:\/\/www.sonoraenequipo.com.mx\/","logo":{"@type":"ImageObject","inLanguage":"es","@id":"https:\/\/www.sonoraenequipo.com.mx\/#\/schema\/logo\/image\/","url":"https:\/\/www.sonoraenequipo.com.mx\/storage\/2019\/01\/sonoraenequipo_opt.png","contentUrl":"https:\/\/www.sonoraenequipo.com.mx\/storage\/2019\/01\/sonoraenequipo_opt.png","width":375,"height":125,"caption":"Sonoraenequipo.com.mx"},"image":{"@id":"https:\/\/www.sonoraenequipo.com.mx\/#\/schema\/logo\/image\/"},"sameAs":["https:\/\/www.facebook.com\/SonoraEE\/","https:\/\/x.com\/sonoraenequipo","https:\/\/www.youtube.com\/channel\/UC338nW-lPEYmJQs4ZABQ1SQ"]},{"@type":"Person","@id":"https:\/\/www.sonoraenequipo.com.mx\/#\/schema\/person\/50102df0fb23a8fa9e8effad8fa81386","name":"enequipo","image":{"@type":"ImageObject","inLanguage":"es","@id":"https:\/\/www.sonoraenequipo.com.mx\/#\/schema\/person\/image\/","url":"https:\/\/secure.gravatar.com\/avatar\/049821681b589dabc0bc20695993ccebb09f5b5d4d790cd9251b97faac7c652b?s=96&d=blank&r=g","contentUrl":"https:\/\/secure.gravatar.com\/avatar\/049821681b589dabc0bc20695993ccebb09f5b5d4d790cd9251b97faac7c652b?s=96&d=blank&r=g","caption":"enequipo"},"sameAs":["https:\/\/www.facebook.com\/SonoraEE"]}]}},"jetpack_featured_media_url":"https:\/\/www.sonoraenequipo.com.mx\/storage\/2022\/09\/agroindustria.jpg","_links":{"self":[{"href":"https:\/\/www.sonoraenequipo.com.mx\/api\/wp\/v2\/posts\/147571","targetHints":{"allow":["GET"]}}],"collection":[{"href":"https:\/\/www.sonoraenequipo.com.mx\/api\/wp\/v2\/posts"}],"about":[{"href":"https:\/\/www.sonoraenequipo.com.mx\/api\/wp\/v2\/types\/post"}],"author":[{"embeddable":true,"href":"https:\/\/www.sonoraenequipo.com.mx\/api\/wp\/v2\/users\/1"}],"replies":[{"embeddable":true,"href":"https:\/\/www.sonoraenequipo.com.mx\/api\/wp\/v2\/comments?post=147571"}],"version-history":[{"count":1,"href":"https:\/\/www.sonoraenequipo.com.mx\/api\/wp\/v2\/posts\/147571\/revisions"}],"predecessor-version":[{"id":147573,"href":"https:\/\/www.sonoraenequipo.com.mx\/api\/wp\/v2\/posts\/147571\/revisions\/147573"}],"wp:featuredmedia":[{"embeddable":true,"href":"https:\/\/www.sonoraenequipo.com.mx\/api\/wp\/v2\/media\/147572"}],"wp:attachment":[{"href":"https:\/\/www.sonoraenequipo.com.mx\/api\/wp\/v2\/media?parent=147571"}],"wp:term":[{"taxonomy":"category","embeddable":true,"href":"https:\/\/www.sonoraenequipo.com.mx\/api\/wp\/v2\/categories?post=147571"},{"taxonomy":"post_tag","embeddable":true,"href":"https:\/\/www.sonoraenequipo.com.mx\/api\/wp\/v2\/tags?post=147571"}],"curies":[{"name":"wp","href":"https:\/\/api.w.org\/{rel}","templated":true}]}}