{"id":147574,"date":"2022-09-22T21:42:51","date_gmt":"2022-09-23T04:42:51","guid":{"rendered":"https:\/\/www.sonoraenequipo.com.mx\/?p=147574"},"modified":"2022-09-22T21:42:51","modified_gmt":"2022-09-23T04:42:51","slug":"se-reactivan-delfinoterapias-con-firma-de-convenio-entre-dif-sonora-y-cedes","status":"publish","type":"post","link":"https:\/\/www.sonoraenequipo.com.mx\/se-reactivan-delfinoterapias-con-firma-de-convenio-entre-dif-sonora-y-cedes\/","title":{"rendered":"Se reactivan Delfinoterapias con firma de convenio entre DIF Sonora y Cedes"},"content":{"rendered":"<p><strong>HERMOSILLO, SONORA,MX.<\/strong><strong>\u2500\u2500<\/strong> Con el principal objetivo de brindar terapias f\u00edsicas asistidas con delfines para la atenci\u00f3n integral de ni\u00f1as, ni\u00f1os y adolescentes con discapacidad del neurodesarrollo, el Sistema para el Desarrollo Integral de la Familia en la entidad (DIF Sonora) y la Comisi\u00f3n de Ecolog\u00eda y Desarrollo Sustentable en el Estado (Cedes), formalizaron la suma de esfuerzos mediante la firma de un convenio de colaboraci\u00f3n.<\/p>\n<p>&nbsp;<\/p>\n<p>&nbsp;<\/p>\n<p>&nbsp;<\/p>\n<p><img loading=\"lazy\" decoding=\"async\" class=\"size-full  x-left\" src=\"https:\/\/www.sonoraenequipo.com.mx\/storage\/2022\/09\/dif-cedes.jpg\" alt=\"\" width=\"500\" height=\"334\" \/>En seguimiento al compromiso del gobernador, Alfonso Durazo Monta\u00f1o, de impulsar el desarrollo integral y mejorar la calidad de vida de las personas con discapacidad, la titular del DIF Sonora, Lorenia Valles Sampedro y el titular del Cedes, Armando Barajas Torres, asumieron el compromiso de otorgar una cobertura de hasta 300 delfinoterapias.<\/p>\n<p>&nbsp;<\/p>\n<p>&nbsp;<\/p>\n<p>&nbsp;<\/p>\n<p>La directora del DIF Sonora reconoci\u00f3 la importancia de sumar esfuerzos entre dependencias, organizaciones de la sociedad civil y empresas socialmente responsables que apoyan este tipo de proyectos.<\/p>\n<p>&nbsp;<\/p>\n<p>&nbsp;<\/p>\n<p>&nbsp;<\/p>\n<p>\u201cEn esta administraci\u00f3n el DIF Sonora trabaja desde la premisa del respeto a los derechos humanos de las personas y, en ese sentido, siempre se requiere sumar esfuerzos para hacer equipo por quien m\u00e1s lo necesitan\u201d, expres\u00f3 Valles Sampedro.<\/p>\n<p>&nbsp;<\/p>\n<p>&nbsp;<\/p>\n<p>&nbsp;<\/p>\n<p>Por su parte, el titular del Cedes se comprometi\u00f3 a contar con el personal adecuado y asegurar el cuidado correcto para bienestar de los mam\u00edferos marinos, para que, a trav\u00e9s del Delfinario Sonora, en Guaymas, puedan recibir oportunamente las sesiones de terapias asistidas con delfines, a las y los beneficiarios seleccionados del programa de Delfinoterapias de DIF Sonora.<\/p>\n<p>&nbsp;<\/p>\n<p>&nbsp;<\/p>\n<p>&nbsp;<\/p>\n<p>En la celebraci\u00f3n de este convenio tambi\u00e9n se contempla el seguimiento m\u00e9dico para evaluar los avances obtenidos en cada uno de los casos atendidos, para identificar los beneficios que generan las ondas ultras\u00f3nicas que emiten los delfines y que pueden ayudar a mejorar la conexi\u00f3n entre las neuronas, mediante la estimulaci\u00f3n del funcionamiento de ambos hemisferios cerebrales. Lo anterior, provoca cambios neurol\u00f3gicos y neuroqu\u00edmicos que se traducen en diversos beneficios f\u00edsicos, emocionales e intelectuales, tales como mejoras en el sistema inmunol\u00f3gico, mejoras en la coordinaci\u00f3n motora, en el estado de \u00e1nimo, el contacto social y el lenguaje.<\/p>\n","protected":false},"excerpt":{"rendered":"<p>HERMOSILLO, SONORA,MX.\u2500\u2500 Con el principal objetivo de brindar terapias f\u00edsicas asistidas con delfines para la&#8230;<\/p>\n","protected":false},"author":1,"featured_media":147576,"comment_status":"open","ping_status":"open","sticky":false,"template":"","format":"standard","meta":{"_monsterinsights_skip_tracking":false,"_monsterinsights_sitenote_active":false,"_monsterinsights_sitenote_note":"","_monsterinsights_sitenote_category":0,"footnotes":""},"categories":[22],"tags":[1871,3480,7549,3579],"class_list":["post"],"yoast_head":" \n<title>Sonora en Equipo. Se reactivan Delfinoterapias con firma de convenio entre DIF Sonora y Cedes Sonora<\/title>\n<meta name=\"description\" content=\"HERMOSILLO, SONORA,MX.\u2500\u2500 Con el principal objetivo de brindar terapias f\u00edsicas asistidas con delfines para la atenci\u00f3n integral de ni\u00f1as, ni\u00f1os y En Sonora en Equipo publicamos toda la informaci\u00f3n de Sonora, M\u00e9xico y el Mundo de manera oportuna y busca que la libertad de expresi\u00f3n sea real. Visita nuestro medio informativo publicado desde Hermosillo, Sonora. %\" \/>\n<meta name=\"robots\" content=\"index, follow, max-snippet:-1, max-image-preview:large, max-video-preview:-1\" \/>\n<link rel=\"canonical\" href=\"https:\/\/www.sonoraenequipo.com.mx\/se-reactivan-delfinoterapias-con-firma-de-convenio-entre-dif-sonora-y-cedes\/\" \/>\n<meta property=\"og:locale\" content=\"es_ES\" \/>\n<meta property=\"og:type\" content=\"article\" \/>\n<meta property=\"og:title\" content=\"Sonora en Equipo. Se reactivan Delfinoterapias con firma de convenio entre DIF Sonora y Cedes Sonora\" \/>\n<meta property=\"og:description\" content=\"HERMOSILLO, SONORA,MX.\u2500\u2500 Con el principal objetivo de brindar terapias f\u00edsicas asistidas con delfines para la atenci\u00f3n integral de ni\u00f1as, ni\u00f1os y En Sonora en Equipo publicamos toda la informaci\u00f3n de Sonora, M\u00e9xico y el Mundo de manera oportuna y busca que la libertad de expresi\u00f3n sea real. Visita nuestro medio informativo publicado desde Hermosillo, Sonora. %\" \/>\n<meta property=\"og:url\" content=\"https:\/\/www.sonoraenequipo.com.mx\/se-reactivan-delfinoterapias-con-firma-de-convenio-entre-dif-sonora-y-cedes\/\" \/>\n<meta property=\"og:site_name\" content=\"Sonora en Equipo.\" \/>\n<meta property=\"article:publisher\" content=\"https:\/\/www.facebook.com\/SonoraEE\/\" \/>\n<meta property=\"article:author\" content=\"https:\/\/www.facebook.com\/SonoraEE\" \/>\n<meta property=\"article:published_time\" content=\"2022-09-23T04:42:51+00:00\" \/>\n<meta property=\"og:image\" content=\"https:\/\/www.sonoraenequipo.com.mx\/storage\/2022\/09\/delfines.jpg\" \/>\n\t<meta property=\"og:image:width\" content=\"700\" \/>\n\t<meta property=\"og:image:height\" content=\"468\" \/>\n\t<meta property=\"og:image:type\" content=\"image\/jpeg\" \/>\n<meta name=\"author\" content=\"enequipo\" \/>\n<meta name=\"twitter:card\" content=\"summary_large_image\" \/>\n<meta name=\"twitter:creator\" content=\"@sonoraenequipo\" \/>\n<meta name=\"twitter:site\" content=\"@sonoraenequipo\" \/>\n<meta name=\"twitter:label1\" content=\"Escrito por\" \/>\n\t<meta name=\"twitter:data1\" content=\"enequipo\" \/>\n\t<meta name=\"twitter:label2\" content=\"Tiempo de lectura\" \/>\n\t<meta name=\"twitter:data2\" content=\"2 minutos\" \/>\n<script type=\"application\/ld+json\" class=\"yoast-schema-graph\">{\"@context\":\"https:\/\/schema.org\",\"@graph\":[{\"@type\":\"Article\",\"@id\":\"https:\/\/www.sonoraenequipo.com.mx\/se-reactivan-delfinoterapias-con-firma-de-convenio-entre-dif-sonora-y-cedes\/#article\",\"isPartOf\":{\"@id\":\"https:\/\/www.sonoraenequipo.com.mx\/se-reactivan-delfinoterapias-con-firma-de-convenio-entre-dif-sonora-y-cedes\/\"},\"author\":{\"name\":\"enequipo\",\"@id\":\"https:\/\/www.sonoraenequipo.com.mx\/#\/schema\/person\/50102df0fb23a8fa9e8effad8fa81386\"},\"headline\":\"Se reactivan Delfinoterapias con firma de convenio entre DIF Sonora y Cedes\",\"datePublished\":\"2022-09-23T04:42:51+00:00\",\"mainEntityOfPage\":{\"@id\":\"https:\/\/www.sonoraenequipo.com.mx\/se-reactivan-delfinoterapias-con-firma-de-convenio-entre-dif-sonora-y-cedes\/\"},\"wordCount\":389,\"commentCount\":0,\"publisher\":{\"@id\":\"https:\/\/www.sonoraenequipo.com.mx\/#organization\"},\"image\":{\"@id\":\"https:\/\/www.sonoraenequipo.com.mx\/se-reactivan-delfinoterapias-con-firma-de-convenio-entre-dif-sonora-y-cedes\/#primaryimage\"},\"thumbnailUrl\":\"https:\/\/www.sonoraenequipo.com.mx\/storage\/2022\/09\/delfines.jpg\",\"keywords\":[\"Cedes\",\"delfines\",\"delfinoterapias\",\"dif\"],\"articleSection\":[\"Sonora\"],\"inLanguage\":\"es\",\"potentialAction\":[{\"@type\":\"CommentAction\",\"name\":\"Comment\",\"target\":[\"https:\/\/www.sonoraenequipo.com.mx\/se-reactivan-delfinoterapias-con-firma-de-convenio-entre-dif-sonora-y-cedes\/#respond\"]}]},{\"@type\":\"WebPage\",\"@id\":\"https:\/\/www.sonoraenequipo.com.mx\/se-reactivan-delfinoterapias-con-firma-de-convenio-entre-dif-sonora-y-cedes\/\",\"url\":\"https:\/\/www.sonoraenequipo.com.mx\/se-reactivan-delfinoterapias-con-firma-de-convenio-entre-dif-sonora-y-cedes\/\",\"name\":\"Sonora en Equipo. Se reactivan Delfinoterapias con firma de convenio entre DIF Sonora y Cedes Sonora\",\"isPartOf\":{\"@id\":\"https:\/\/www.sonoraenequipo.com.mx\/#website\"},\"primaryImageOfPage\":{\"@id\":\"https:\/\/www.sonoraenequipo.com.mx\/se-reactivan-delfinoterapias-con-firma-de-convenio-entre-dif-sonora-y-cedes\/#primaryimage\"},\"image\":{\"@id\":\"https:\/\/www.sonoraenequipo.com.mx\/se-reactivan-delfinoterapias-con-firma-de-convenio-entre-dif-sonora-y-cedes\/#primaryimage\"},\"thumbnailUrl\":\"https:\/\/www.sonoraenequipo.com.mx\/storage\/2022\/09\/delfines.jpg\",\"datePublished\":\"2022-09-23T04:42:51+00:00\",\"description\":\"HERMOSILLO, SONORA,MX.\u2500\u2500 Con el principal objetivo de brindar terapias f\u00edsicas asistidas con delfines para la atenci\u00f3n integral de ni\u00f1as, ni\u00f1os y En Sonora en Equipo publicamos toda la informaci\u00f3n de Sonora, M\u00e9xico y el Mundo de manera oportuna y busca que la libertad de expresi\u00f3n sea real. Visita nuestro medio informativo publicado desde Hermosillo, Sonora. %\",\"breadcrumb\":{\"@id\":\"https:\/\/www.sonoraenequipo.com.mx\/se-reactivan-delfinoterapias-con-firma-de-convenio-entre-dif-sonora-y-cedes\/#breadcrumb\"},\"inLanguage\":\"es\",\"potentialAction\":[{\"@type\":\"ReadAction\",\"target\":[\"https:\/\/www.sonoraenequipo.com.mx\/se-reactivan-delfinoterapias-con-firma-de-convenio-entre-dif-sonora-y-cedes\/\"]}]},{\"@type\":\"ImageObject\",\"inLanguage\":\"es\",\"@id\":\"https:\/\/www.sonoraenequipo.com.mx\/se-reactivan-delfinoterapias-con-firma-de-convenio-entre-dif-sonora-y-cedes\/#primaryimage\",\"url\":\"https:\/\/www.sonoraenequipo.com.mx\/storage\/2022\/09\/delfines.jpg\",\"contentUrl\":\"https:\/\/www.sonoraenequipo.com.mx\/storage\/2022\/09\/delfines.jpg\",\"width\":700,\"height\":468},{\"@type\":\"BreadcrumbList\",\"@id\":\"https:\/\/www.sonoraenequipo.com.mx\/se-reactivan-delfinoterapias-con-firma-de-convenio-entre-dif-sonora-y-cedes\/#breadcrumb\",\"itemListElement\":[{\"@type\":\"ListItem\",\"position\":1,\"name\":\"Portada\",\"item\":\"https:\/\/www.sonoraenequipo.com.mx\/\"},{\"@type\":\"ListItem\",\"position\":2,\"name\":\"Se reactivan Delfinoterapias con firma de convenio entre DIF Sonora y Cedes\"}]},{\"@type\":\"WebSite\",\"@id\":\"https:\/\/www.sonoraenequipo.com.mx\/#website\",\"url\":\"https:\/\/www.sonoraenequipo.com.mx\/\",\"name\":\"Sonora en Equipo.\",\"description\":\"Diario en l\u00ednea con Noticias desde Hermosillo, Sonora\",\"publisher\":{\"@id\":\"https:\/\/www.sonoraenequipo.com.mx\/#organization\"},\"potentialAction\":[{\"@type\":\"SearchAction\",\"target\":{\"@type\":\"EntryPoint\",\"urlTemplate\":\"https:\/\/www.sonoraenequipo.com.mx\/?s={search_term_string}\"},\"query-input\":{\"@type\":\"PropertyValueSpecification\",\"valueRequired\":true,\"valueName\":\"search_term_string\"}}],\"inLanguage\":\"es\"},{\"@type\":\"Organization\",\"@id\":\"https:\/\/www.sonoraenequipo.com.mx\/#organization\",\"name\":\"Sonoraenequipo.com.mx\",\"url\":\"https:\/\/www.sonoraenequipo.com.mx\/\",\"logo\":{\"@type\":\"ImageObject\",\"inLanguage\":\"es\",\"@id\":\"https:\/\/www.sonoraenequipo.com.mx\/#\/schema\/logo\/image\/\",\"url\":\"https:\/\/www.sonoraenequipo.com.mx\/storage\/2019\/01\/sonoraenequipo_opt.png\",\"contentUrl\":\"https:\/\/www.sonoraenequipo.com.mx\/storage\/2019\/01\/sonoraenequipo_opt.png\",\"width\":375,\"height\":125,\"caption\":\"Sonoraenequipo.com.mx\"},\"image\":{\"@id\":\"https:\/\/www.sonoraenequipo.com.mx\/#\/schema\/logo\/image\/\"},\"sameAs\":[\"https:\/\/www.facebook.com\/SonoraEE\/\",\"https:\/\/x.com\/sonoraenequipo\",\"https:\/\/www.youtube.com\/channel\/UC338nW-lPEYmJQs4ZABQ1SQ\"]},{\"@type\":\"Person\",\"@id\":\"https:\/\/www.sonoraenequipo.com.mx\/#\/schema\/person\/50102df0fb23a8fa9e8effad8fa81386\",\"name\":\"enequipo\",\"image\":{\"@type\":\"ImageObject\",\"inLanguage\":\"es\",\"@id\":\"https:\/\/www.sonoraenequipo.com.mx\/#\/schema\/person\/image\/\",\"url\":\"https:\/\/secure.gravatar.com\/avatar\/049821681b589dabc0bc20695993ccebb09f5b5d4d790cd9251b97faac7c652b?s=96&d=blank&r=g\",\"contentUrl\":\"https:\/\/secure.gravatar.com\/avatar\/049821681b589dabc0bc20695993ccebb09f5b5d4d790cd9251b97faac7c652b?s=96&d=blank&r=g\",\"caption\":\"enequipo\"},\"sameAs\":[\"https:\/\/www.facebook.com\/SonoraEE\"]}]}<\/script>\n ","yoast_head_json":{"title":"Sonora en Equipo. Se reactivan Delfinoterapias con firma de convenio entre DIF Sonora y Cedes Sonora","description":"HERMOSILLO, SONORA,MX.\u2500\u2500 Con el principal objetivo de brindar terapias f\u00edsicas asistidas con delfines para la atenci\u00f3n integral de ni\u00f1as, ni\u00f1os y En Sonora en Equipo publicamos toda la informaci\u00f3n de Sonora, M\u00e9xico y el Mundo de manera oportuna y busca que la libertad de expresi\u00f3n sea real. Visita nuestro medio informativo publicado desde Hermosillo, Sonora. %","robots":{"index":"index","follow":"follow","max-snippet":"max-snippet:-1","max-image-preview":"max-image-preview:large","max-video-preview":"max-video-preview:-1"},"canonical":"https:\/\/www.sonoraenequipo.com.mx\/se-reactivan-delfinoterapias-con-firma-de-convenio-entre-dif-sonora-y-cedes\/","og_locale":"es_ES","og_type":"article","og_title":"Sonora en Equipo. Se reactivan Delfinoterapias con firma de convenio entre DIF Sonora y Cedes Sonora","og_description":"HERMOSILLO, SONORA,MX.\u2500\u2500 Con el principal objetivo de brindar terapias f\u00edsicas asistidas con delfines para la atenci\u00f3n integral de ni\u00f1as, ni\u00f1os y En Sonora en Equipo publicamos toda la informaci\u00f3n de Sonora, M\u00e9xico y el Mundo de manera oportuna y busca que la libertad de expresi\u00f3n sea real. Visita nuestro medio informativo publicado desde Hermosillo, Sonora. %","og_url":"https:\/\/www.sonoraenequipo.com.mx\/se-reactivan-delfinoterapias-con-firma-de-convenio-entre-dif-sonora-y-cedes\/","og_site_name":"Sonora en Equipo.","article_publisher":"https:\/\/www.facebook.com\/SonoraEE\/","article_author":"https:\/\/www.facebook.com\/SonoraEE","article_published_time":"2022-09-23T04:42:51+00:00","og_image":[{"width":700,"height":468,"url":"https:\/\/www.sonoraenequipo.com.mx\/storage\/2022\/09\/delfines.jpg","type":"image\/jpeg"}],"author":"enequipo","twitter_card":"summary_large_image","twitter_creator":"@sonoraenequipo","twitter_site":"@sonoraenequipo","twitter_misc":{"Escrito por":"enequipo","Tiempo de lectura":"2 minutos"},"schema":{"@context":"https:\/\/schema.org","@graph":[{"@type":"Article","@id":"https:\/\/www.sonoraenequipo.com.mx\/se-reactivan-delfinoterapias-con-firma-de-convenio-entre-dif-sonora-y-cedes\/#article","isPartOf":{"@id":"https:\/\/www.sonoraenequipo.com.mx\/se-reactivan-delfinoterapias-con-firma-de-convenio-entre-dif-sonora-y-cedes\/"},"author":{"name":"enequipo","@id":"https:\/\/www.sonoraenequipo.com.mx\/#\/schema\/person\/50102df0fb23a8fa9e8effad8fa81386"},"headline":"Se reactivan Delfinoterapias con firma de convenio entre DIF Sonora y Cedes","datePublished":"2022-09-23T04:42:51+00:00","mainEntityOfPage":{"@id":"https:\/\/www.sonoraenequipo.com.mx\/se-reactivan-delfinoterapias-con-firma-de-convenio-entre-dif-sonora-y-cedes\/"},"wordCount":389,"commentCount":0,"publisher":{"@id":"https:\/\/www.sonoraenequipo.com.mx\/#organization"},"image":{"@id":"https:\/\/www.sonoraenequipo.com.mx\/se-reactivan-delfinoterapias-con-firma-de-convenio-entre-dif-sonora-y-cedes\/#primaryimage"},"thumbnailUrl":"https:\/\/www.sonoraenequipo.com.mx\/storage\/2022\/09\/delfines.jpg","keywords":["Cedes","delfines","delfinoterapias","dif"],"articleSection":["Sonora"],"inLanguage":"es","potentialAction":[{"@type":"CommentAction","name":"Comment","target":["https:\/\/www.sonoraenequipo.com.mx\/se-reactivan-delfinoterapias-con-firma-de-convenio-entre-dif-sonora-y-cedes\/#respond"]}]},{"@type":"WebPage","@id":"https:\/\/www.sonoraenequipo.com.mx\/se-reactivan-delfinoterapias-con-firma-de-convenio-entre-dif-sonora-y-cedes\/","url":"https:\/\/www.sonoraenequipo.com.mx\/se-reactivan-delfinoterapias-con-firma-de-convenio-entre-dif-sonora-y-cedes\/","name":"Sonora en Equipo. Se reactivan Delfinoterapias con firma de convenio entre DIF Sonora y Cedes Sonora","isPartOf":{"@id":"https:\/\/www.sonoraenequipo.com.mx\/#website"},"primaryImageOfPage":{"@id":"https:\/\/www.sonoraenequipo.com.mx\/se-reactivan-delfinoterapias-con-firma-de-convenio-entre-dif-sonora-y-cedes\/#primaryimage"},"image":{"@id":"https:\/\/www.sonoraenequipo.com.mx\/se-reactivan-delfinoterapias-con-firma-de-convenio-entre-dif-sonora-y-cedes\/#primaryimage"},"thumbnailUrl":"https:\/\/www.sonoraenequipo.com.mx\/storage\/2022\/09\/delfines.jpg","datePublished":"2022-09-23T04:42:51+00:00","description":"HERMOSILLO, SONORA,MX.\u2500\u2500 Con el principal objetivo de brindar terapias f\u00edsicas asistidas con delfines para la atenci\u00f3n integral de ni\u00f1as, ni\u00f1os y En Sonora en Equipo publicamos toda la informaci\u00f3n de Sonora, M\u00e9xico y el Mundo de manera oportuna y busca que la libertad de expresi\u00f3n sea real. Visita nuestro medio informativo publicado desde Hermosillo, Sonora. %","breadcrumb":{"@id":"https:\/\/www.sonoraenequipo.com.mx\/se-reactivan-delfinoterapias-con-firma-de-convenio-entre-dif-sonora-y-cedes\/#breadcrumb"},"inLanguage":"es","potentialAction":[{"@type":"ReadAction","target":["https:\/\/www.sonoraenequipo.com.mx\/se-reactivan-delfinoterapias-con-firma-de-convenio-entre-dif-sonora-y-cedes\/"]}]},{"@type":"ImageObject","inLanguage":"es","@id":"https:\/\/www.sonoraenequipo.com.mx\/se-reactivan-delfinoterapias-con-firma-de-convenio-entre-dif-sonora-y-cedes\/#primaryimage","url":"https:\/\/www.sonoraenequipo.com.mx\/storage\/2022\/09\/delfines.jpg","contentUrl":"https:\/\/www.sonoraenequipo.com.mx\/storage\/2022\/09\/delfines.jpg","width":700,"height":468},{"@type":"BreadcrumbList","@id":"https:\/\/www.sonoraenequipo.com.mx\/se-reactivan-delfinoterapias-con-firma-de-convenio-entre-dif-sonora-y-cedes\/#breadcrumb","itemListElement":[{"@type":"ListItem","position":1,"name":"Portada","item":"https:\/\/www.sonoraenequipo.com.mx\/"},{"@type":"ListItem","position":2,"name":"Se reactivan Delfinoterapias con firma de convenio entre DIF Sonora y Cedes"}]},{"@type":"WebSite","@id":"https:\/\/www.sonoraenequipo.com.mx\/#website","url":"https:\/\/www.sonoraenequipo.com.mx\/","name":"Sonora en Equipo.","description":"Diario en l\u00ednea con Noticias desde Hermosillo, Sonora","publisher":{"@id":"https:\/\/www.sonoraenequipo.com.mx\/#organization"},"potentialAction":[{"@type":"SearchAction","target":{"@type":"EntryPoint","urlTemplate":"https:\/\/www.sonoraenequipo.com.mx\/?s={search_term_string}"},"query-input":{"@type":"PropertyValueSpecification","valueRequired":true,"valueName":"search_term_string"}}],"inLanguage":"es"},{"@type":"Organization","@id":"https:\/\/www.sonoraenequipo.com.mx\/#organization","name":"Sonoraenequipo.com.mx","url":"https:\/\/www.sonoraenequipo.com.mx\/","logo":{"@type":"ImageObject","inLanguage":"es","@id":"https:\/\/www.sonoraenequipo.com.mx\/#\/schema\/logo\/image\/","url":"https:\/\/www.sonoraenequipo.com.mx\/storage\/2019\/01\/sonoraenequipo_opt.png","contentUrl":"https:\/\/www.sonoraenequipo.com.mx\/storage\/2019\/01\/sonoraenequipo_opt.png","width":375,"height":125,"caption":"Sonoraenequipo.com.mx"},"image":{"@id":"https:\/\/www.sonoraenequipo.com.mx\/#\/schema\/logo\/image\/"},"sameAs":["https:\/\/www.facebook.com\/SonoraEE\/","https:\/\/x.com\/sonoraenequipo","https:\/\/www.youtube.com\/channel\/UC338nW-lPEYmJQs4ZABQ1SQ"]},{"@type":"Person","@id":"https:\/\/www.sonoraenequipo.com.mx\/#\/schema\/person\/50102df0fb23a8fa9e8effad8fa81386","name":"enequipo","image":{"@type":"ImageObject","inLanguage":"es","@id":"https:\/\/www.sonoraenequipo.com.mx\/#\/schema\/person\/image\/","url":"https:\/\/secure.gravatar.com\/avatar\/049821681b589dabc0bc20695993ccebb09f5b5d4d790cd9251b97faac7c652b?s=96&d=blank&r=g","contentUrl":"https:\/\/secure.gravatar.com\/avatar\/049821681b589dabc0bc20695993ccebb09f5b5d4d790cd9251b97faac7c652b?s=96&d=blank&r=g","caption":"enequipo"},"sameAs":["https:\/\/www.facebook.com\/SonoraEE"]}]}},"jetpack_featured_media_url":"https:\/\/www.sonoraenequipo.com.mx\/storage\/2022\/09\/delfines.jpg","_links":{"self":[{"href":"https:\/\/www.sonoraenequipo.com.mx\/api\/wp\/v2\/posts\/147574","targetHints":{"allow":["GET"]}}],"collection":[{"href":"https:\/\/www.sonoraenequipo.com.mx\/api\/wp\/v2\/posts"}],"about":[{"href":"https:\/\/www.sonoraenequipo.com.mx\/api\/wp\/v2\/types\/post"}],"author":[{"embeddable":true,"href":"https:\/\/www.sonoraenequipo.com.mx\/api\/wp\/v2\/users\/1"}],"replies":[{"embeddable":true,"href":"https:\/\/www.sonoraenequipo.com.mx\/api\/wp\/v2\/comments?post=147574"}],"version-history":[{"count":1,"href":"https:\/\/www.sonoraenequipo.com.mx\/api\/wp\/v2\/posts\/147574\/revisions"}],"predecessor-version":[{"id":147577,"href":"https:\/\/www.sonoraenequipo.com.mx\/api\/wp\/v2\/posts\/147574\/revisions\/147577"}],"wp:featuredmedia":[{"embeddable":true,"href":"https:\/\/www.sonoraenequipo.com.mx\/api\/wp\/v2\/media\/147576"}],"wp:attachment":[{"href":"https:\/\/www.sonoraenequipo.com.mx\/api\/wp\/v2\/media?parent=147574"}],"wp:term":[{"taxonomy":"category","embeddable":true,"href":"https:\/\/www.sonoraenequipo.com.mx\/api\/wp\/v2\/categories?post=147574"},{"taxonomy":"post_tag","embeddable":true,"href":"https:\/\/www.sonoraenequipo.com.mx\/api\/wp\/v2\/tags?post=147574"}],"curies":[{"name":"wp","href":"https:\/\/api.w.org\/{rel}","templated":true}]}}