{"id":1478,"date":"2015-12-15T17:43:02","date_gmt":"2015-12-15T17:43:02","guid":{"rendered":"http:\/\/www.sonoraenequipo.com.mx\/?p=1478"},"modified":"2015-12-15T17:45:44","modified_gmt":"2015-12-15T17:45:44","slug":"1478","status":"publish","type":"post","link":"https:\/\/www.sonoraenequipo.com.mx\/1478\/","title":{"rendered":"Instala Gobernadora Claudia Pavlovich Comit\u00e9 T\u00e9cnico de IMPULSOR"},"content":{"rendered":"<p>15122015. HERMOSILLO, SONORA.MX. \u2014\u00a0 La Gobernadora Claudia Pavlovich tom\u00f3 protesta al nuevo Comit\u00e9 T\u00e9cnico del Fideicomiso IMPULSOR a quienes recomend\u00f3 tiros de precisi\u00f3n en proyectos espec\u00edficos que detonen el crecimiento de las regiones, generen empleos y saquen provecho del potencial que tiene Sonora en sus fronteras, en sus litorales y grandes centros urbanos. <br \/>\nIMPULSOR ha sido dise\u00f1ado para establecer estrat\u00e9gicamente las pol\u00edticas y acciones tendientes a la promoci\u00f3n y ejecuci\u00f3n de programas y proyectos de inversi\u00f3n en obras p\u00fablicas y en infraestructura que contribuyan al mejoramiento sustancial de la competitividad y el desarrollo equilibrado y sustentable de Sonora.<\/p>\n<p>En ese sentido la Gobernadora dej\u00f3 en claro que Sonora se ha quedado rezagado con respecto a otras entidades del pa\u00eds en el tema de la promoci\u00f3n, las inversiones, la competitividad y el empleo, por lo que urgi\u00f3 al nuevo Comit\u00e9 T\u00e9cnico a trabajar y promover esquemas como las alianzas p\u00fablico privado (APP) que han sido un \u00e9xito en otros estados.<\/p>\n<p>Nos hemos quedado rezagados lamentablemente con estados como Quer\u00e9taro, Guanajuato, Jalisco, donde sin duda el instrumento para crecer han sido las APP, yo las aprob\u00e9 en su momento y hoy se requieren cambios ser m\u00e1s competitivos con otros estados y a nivel mundial, resalt\u00f3.<\/p>\n<p>Pidi\u00f3 al Comit\u00e9 T\u00e9cnico del Fideicomiso IMPULSOR muchas ideas, muchas acciones, muchos proyectos y sobre todo que sean realizables y realmente tengan un impacto en la regi\u00f3n.<\/p>\n<p>El Comit\u00e9 ser\u00e1 presidido por Octavio Esqueda del Real, en su car\u00e1cter de Secretario T\u00e9cnico y lo acompa\u00f1ara en el dise\u00f1o de pol\u00edticas, gestiones aplicaci\u00f3n de la normatividad y toma de decisiones, el Secretario de Econom\u00eda, Jorge Vidal Ahumada.<\/p>\n<p>Como miembros del Comit\u00e9 tomaron protesta los funcionarios; Ricardo Mart\u00ednez Terrazas, titular de SIDUR, Julio Cesar Corona Valenzuela, de SAGARHPA, Sergio \u00c1vila Cece\u00f1a, Vocal Ejecutivo de CEA, Ulises Reyes Aguayo de Bienes y Concesiones.<\/p>\n<p>Igualmente el Coordinador de la Comisi\u00f3n de Fomento al Turismo, Jes\u00fas Antonio Berumen Preciado, Ing. Luis Carlos Romo, Coordinador de CEDES y los empresarios Fernando Escalante, Andr\u00e9s Ibarra Salgado, H\u00e9ctor Manuel Monroy Zaragoza, Carlos Martin Espriu Murillo, Juan Alonso Ur\u00edas Borquez y V\u00edctor Cuevas Valenzuela.<\/p>\n","protected":false},"excerpt":{"rendered":"<p>15122015. HERMOSILLO, SONORA.MX. \u2014\u00a0 La Gobernadora Claudia Pavlovich tom\u00f3 protesta al nuevo Comit\u00e9 T\u00e9cnico del&#8230;<\/p>\n","protected":false},"author":1,"featured_media":0,"comment_status":"open","ping_status":"open","sticky":false,"template":"","format":"standard","meta":{"_monsterinsights_skip_tracking":false,"_monsterinsights_sitenote_active":false,"_monsterinsights_sitenote_note":"","_monsterinsights_sitenote_category":0,"footnotes":""},"categories":[1,22],"tags":[],"class_list":["post"],"yoast_head":" \n<title>Sonora en Equipo. Instala Gobernadora Claudia Pavlovich Comit\u00e9 T\u00e9cnico de IMPULSOR<\/title>\n<meta name=\"description\" content=\"15122015. HERMOSILLO, SONORA.MX. \u2014\u00a0 La Gobernadora Claudia Pavlovich tom\u00f3 protesta al nuevo Comit\u00e9 T\u00e9cnico del Fideicomiso IMPULSOR a quienes recomend\u00f3 En Sonora en Equipo publicamos toda la informaci\u00f3n de Sonora, M\u00e9xico y el Mundo de manera oportuna y busca que la libertad de expresi\u00f3n sea real. Visita nuestro medio informativo publicado desde Hermosillo, Sonora. %\" \/>\n<meta name=\"robots\" content=\"index, follow, max-snippet:-1, max-image-preview:large, max-video-preview:-1\" \/>\n<link rel=\"canonical\" href=\"https:\/\/www.sonoraenequipo.com.mx\/1478\/\" \/>\n<meta property=\"og:locale\" content=\"es_ES\" \/>\n<meta property=\"og:type\" content=\"article\" \/>\n<meta property=\"og:title\" content=\"Sonora en Equipo. Instala Gobernadora Claudia Pavlovich Comit\u00e9 T\u00e9cnico de IMPULSOR\" \/>\n<meta property=\"og:description\" content=\"15122015. HERMOSILLO, SONORA.MX. \u2014\u00a0 La Gobernadora Claudia Pavlovich tom\u00f3 protesta al nuevo Comit\u00e9 T\u00e9cnico del Fideicomiso IMPULSOR a quienes recomend\u00f3 En Sonora en Equipo publicamos toda la informaci\u00f3n de Sonora, M\u00e9xico y el Mundo de manera oportuna y busca que la libertad de expresi\u00f3n sea real. Visita nuestro medio informativo publicado desde Hermosillo, Sonora. %\" \/>\n<meta property=\"og:url\" content=\"https:\/\/www.sonoraenequipo.com.mx\/1478\/\" \/>\n<meta property=\"og:site_name\" content=\"Sonora en Equipo.\" \/>\n<meta property=\"article:publisher\" content=\"https:\/\/www.facebook.com\/SonoraEE\/\" \/>\n<meta property=\"article:author\" content=\"https:\/\/www.facebook.com\/SonoraEE\" \/>\n<meta property=\"article:published_time\" content=\"2015-12-15T17:43:02+00:00\" \/>\n<meta property=\"article:modified_time\" content=\"2015-12-15T17:45:44+00:00\" \/>\n<meta name=\"author\" content=\"enequipo\" \/>\n<meta name=\"twitter:card\" content=\"summary_large_image\" \/>\n<meta name=\"twitter:creator\" content=\"@sonoraenequipo\" \/>\n<meta name=\"twitter:site\" content=\"@sonoraenequipo\" \/>\n<meta name=\"twitter:label1\" content=\"Escrito por\" \/>\n\t<meta name=\"twitter:data1\" content=\"enequipo\" \/>\n\t<meta name=\"twitter:label2\" content=\"Tiempo de lectura\" \/>\n\t<meta name=\"twitter:data2\" content=\"2 minutos\" \/>\n<script type=\"application\/ld+json\" class=\"yoast-schema-graph\">{\"@context\":\"https:\/\/schema.org\",\"@graph\":[{\"@type\":\"Article\",\"@id\":\"https:\/\/www.sonoraenequipo.com.mx\/1478\/#article\",\"isPartOf\":{\"@id\":\"https:\/\/www.sonoraenequipo.com.mx\/1478\/\"},\"author\":{\"name\":\"enequipo\",\"@id\":\"https:\/\/www.sonoraenequipo.com.mx\/#\/schema\/person\/50102df0fb23a8fa9e8effad8fa81386\"},\"headline\":\"Instala Gobernadora Claudia Pavlovich Comit\u00e9 T\u00e9cnico de IMPULSOR\",\"datePublished\":\"2015-12-15T17:43:02+00:00\",\"dateModified\":\"2015-12-15T17:45:44+00:00\",\"mainEntityOfPage\":{\"@id\":\"https:\/\/www.sonoraenequipo.com.mx\/1478\/\"},\"wordCount\":389,\"commentCount\":0,\"publisher\":{\"@id\":\"https:\/\/www.sonoraenequipo.com.mx\/#organization\"},\"articleSection\":[\"Sin categorizar\",\"Sonora\"],\"inLanguage\":\"es\",\"potentialAction\":[{\"@type\":\"CommentAction\",\"name\":\"Comment\",\"target\":[\"https:\/\/www.sonoraenequipo.com.mx\/1478\/#respond\"]}]},{\"@type\":\"WebPage\",\"@id\":\"https:\/\/www.sonoraenequipo.com.mx\/1478\/\",\"url\":\"https:\/\/www.sonoraenequipo.com.mx\/1478\/\",\"name\":\"Sonora en Equipo. Instala Gobernadora Claudia Pavlovich Comit\u00e9 T\u00e9cnico de IMPULSOR\",\"isPartOf\":{\"@id\":\"https:\/\/www.sonoraenequipo.com.mx\/#website\"},\"datePublished\":\"2015-12-15T17:43:02+00:00\",\"dateModified\":\"2015-12-15T17:45:44+00:00\",\"description\":\"15122015. HERMOSILLO, SONORA.MX. \u2014\u00a0 La Gobernadora Claudia Pavlovich tom\u00f3 protesta al nuevo Comit\u00e9 T\u00e9cnico del Fideicomiso IMPULSOR a quienes recomend\u00f3 En Sonora en Equipo publicamos toda la informaci\u00f3n de Sonora, M\u00e9xico y el Mundo de manera oportuna y busca que la libertad de expresi\u00f3n sea real. Visita nuestro medio informativo publicado desde Hermosillo, Sonora. %\",\"breadcrumb\":{\"@id\":\"https:\/\/www.sonoraenequipo.com.mx\/1478\/#breadcrumb\"},\"inLanguage\":\"es\",\"potentialAction\":[{\"@type\":\"ReadAction\",\"target\":[\"https:\/\/www.sonoraenequipo.com.mx\/1478\/\"]}]},{\"@type\":\"BreadcrumbList\",\"@id\":\"https:\/\/www.sonoraenequipo.com.mx\/1478\/#breadcrumb\",\"itemListElement\":[{\"@type\":\"ListItem\",\"position\":1,\"name\":\"Portada\",\"item\":\"https:\/\/www.sonoraenequipo.com.mx\/\"},{\"@type\":\"ListItem\",\"position\":2,\"name\":\"Instala Gobernadora Claudia Pavlovich Comit\u00e9 T\u00e9cnico de IMPULSOR\"}]},{\"@type\":\"WebSite\",\"@id\":\"https:\/\/www.sonoraenequipo.com.mx\/#website\",\"url\":\"https:\/\/www.sonoraenequipo.com.mx\/\",\"name\":\"Sonora en Equipo.\",\"description\":\"Diario en l\u00ednea con Noticias desde Hermosillo, Sonora\",\"publisher\":{\"@id\":\"https:\/\/www.sonoraenequipo.com.mx\/#organization\"},\"potentialAction\":[{\"@type\":\"SearchAction\",\"target\":{\"@type\":\"EntryPoint\",\"urlTemplate\":\"https:\/\/www.sonoraenequipo.com.mx\/?s={search_term_string}\"},\"query-input\":{\"@type\":\"PropertyValueSpecification\",\"valueRequired\":true,\"valueName\":\"search_term_string\"}}],\"inLanguage\":\"es\"},{\"@type\":\"Organization\",\"@id\":\"https:\/\/www.sonoraenequipo.com.mx\/#organization\",\"name\":\"Sonoraenequipo.com.mx\",\"url\":\"https:\/\/www.sonoraenequipo.com.mx\/\",\"logo\":{\"@type\":\"ImageObject\",\"inLanguage\":\"es\",\"@id\":\"https:\/\/www.sonoraenequipo.com.mx\/#\/schema\/logo\/image\/\",\"url\":\"https:\/\/www.sonoraenequipo.com.mx\/storage\/2019\/01\/sonoraenequipo_opt.png\",\"contentUrl\":\"https:\/\/www.sonoraenequipo.com.mx\/storage\/2019\/01\/sonoraenequipo_opt.png\",\"width\":375,\"height\":125,\"caption\":\"Sonoraenequipo.com.mx\"},\"image\":{\"@id\":\"https:\/\/www.sonoraenequipo.com.mx\/#\/schema\/logo\/image\/\"},\"sameAs\":[\"https:\/\/www.facebook.com\/SonoraEE\/\",\"https:\/\/x.com\/sonoraenequipo\",\"https:\/\/www.youtube.com\/channel\/UC338nW-lPEYmJQs4ZABQ1SQ\"]},{\"@type\":\"Person\",\"@id\":\"https:\/\/www.sonoraenequipo.com.mx\/#\/schema\/person\/50102df0fb23a8fa9e8effad8fa81386\",\"name\":\"enequipo\",\"image\":{\"@type\":\"ImageObject\",\"inLanguage\":\"es\",\"@id\":\"https:\/\/www.sonoraenequipo.com.mx\/#\/schema\/person\/image\/\",\"url\":\"https:\/\/secure.gravatar.com\/avatar\/049821681b589dabc0bc20695993ccebb09f5b5d4d790cd9251b97faac7c652b?s=96&d=blank&r=g\",\"contentUrl\":\"https:\/\/secure.gravatar.com\/avatar\/049821681b589dabc0bc20695993ccebb09f5b5d4d790cd9251b97faac7c652b?s=96&d=blank&r=g\",\"caption\":\"enequipo\"},\"sameAs\":[\"https:\/\/www.facebook.com\/SonoraEE\"]}]}<\/script>\n ","yoast_head_json":{"title":"Sonora en Equipo. Instala Gobernadora Claudia Pavlovich Comit\u00e9 T\u00e9cnico de IMPULSOR","description":"15122015. HERMOSILLO, SONORA.MX. \u2014\u00a0 La Gobernadora Claudia Pavlovich tom\u00f3 protesta al nuevo Comit\u00e9 T\u00e9cnico del Fideicomiso IMPULSOR a quienes recomend\u00f3 En Sonora en Equipo publicamos toda la informaci\u00f3n de Sonora, M\u00e9xico y el Mundo de manera oportuna y busca que la libertad de expresi\u00f3n sea real. Visita nuestro medio informativo publicado desde Hermosillo, Sonora. %","robots":{"index":"index","follow":"follow","max-snippet":"max-snippet:-1","max-image-preview":"max-image-preview:large","max-video-preview":"max-video-preview:-1"},"canonical":"https:\/\/www.sonoraenequipo.com.mx\/1478\/","og_locale":"es_ES","og_type":"article","og_title":"Sonora en Equipo. Instala Gobernadora Claudia Pavlovich Comit\u00e9 T\u00e9cnico de IMPULSOR","og_description":"15122015. HERMOSILLO, SONORA.MX. \u2014\u00a0 La Gobernadora Claudia Pavlovich tom\u00f3 protesta al nuevo Comit\u00e9 T\u00e9cnico del Fideicomiso IMPULSOR a quienes recomend\u00f3 En Sonora en Equipo publicamos toda la informaci\u00f3n de Sonora, M\u00e9xico y el Mundo de manera oportuna y busca que la libertad de expresi\u00f3n sea real. Visita nuestro medio informativo publicado desde Hermosillo, Sonora. %","og_url":"https:\/\/www.sonoraenequipo.com.mx\/1478\/","og_site_name":"Sonora en Equipo.","article_publisher":"https:\/\/www.facebook.com\/SonoraEE\/","article_author":"https:\/\/www.facebook.com\/SonoraEE","article_published_time":"2015-12-15T17:43:02+00:00","article_modified_time":"2015-12-15T17:45:44+00:00","author":"enequipo","twitter_card":"summary_large_image","twitter_creator":"@sonoraenequipo","twitter_site":"@sonoraenequipo","twitter_misc":{"Escrito por":"enequipo","Tiempo de lectura":"2 minutos"},"schema":{"@context":"https:\/\/schema.org","@graph":[{"@type":"Article","@id":"https:\/\/www.sonoraenequipo.com.mx\/1478\/#article","isPartOf":{"@id":"https:\/\/www.sonoraenequipo.com.mx\/1478\/"},"author":{"name":"enequipo","@id":"https:\/\/www.sonoraenequipo.com.mx\/#\/schema\/person\/50102df0fb23a8fa9e8effad8fa81386"},"headline":"Instala Gobernadora Claudia Pavlovich Comit\u00e9 T\u00e9cnico de IMPULSOR","datePublished":"2015-12-15T17:43:02+00:00","dateModified":"2015-12-15T17:45:44+00:00","mainEntityOfPage":{"@id":"https:\/\/www.sonoraenequipo.com.mx\/1478\/"},"wordCount":389,"commentCount":0,"publisher":{"@id":"https:\/\/www.sonoraenequipo.com.mx\/#organization"},"articleSection":["Sin categorizar","Sonora"],"inLanguage":"es","potentialAction":[{"@type":"CommentAction","name":"Comment","target":["https:\/\/www.sonoraenequipo.com.mx\/1478\/#respond"]}]},{"@type":"WebPage","@id":"https:\/\/www.sonoraenequipo.com.mx\/1478\/","url":"https:\/\/www.sonoraenequipo.com.mx\/1478\/","name":"Sonora en Equipo. Instala Gobernadora Claudia Pavlovich Comit\u00e9 T\u00e9cnico de IMPULSOR","isPartOf":{"@id":"https:\/\/www.sonoraenequipo.com.mx\/#website"},"datePublished":"2015-12-15T17:43:02+00:00","dateModified":"2015-12-15T17:45:44+00:00","description":"15122015. HERMOSILLO, SONORA.MX. \u2014\u00a0 La Gobernadora Claudia Pavlovich tom\u00f3 protesta al nuevo Comit\u00e9 T\u00e9cnico del Fideicomiso IMPULSOR a quienes recomend\u00f3 En Sonora en Equipo publicamos toda la informaci\u00f3n de Sonora, M\u00e9xico y el Mundo de manera oportuna y busca que la libertad de expresi\u00f3n sea real. Visita nuestro medio informativo publicado desde Hermosillo, Sonora. %","breadcrumb":{"@id":"https:\/\/www.sonoraenequipo.com.mx\/1478\/#breadcrumb"},"inLanguage":"es","potentialAction":[{"@type":"ReadAction","target":["https:\/\/www.sonoraenequipo.com.mx\/1478\/"]}]},{"@type":"BreadcrumbList","@id":"https:\/\/www.sonoraenequipo.com.mx\/1478\/#breadcrumb","itemListElement":[{"@type":"ListItem","position":1,"name":"Portada","item":"https:\/\/www.sonoraenequipo.com.mx\/"},{"@type":"ListItem","position":2,"name":"Instala Gobernadora Claudia Pavlovich Comit\u00e9 T\u00e9cnico de IMPULSOR"}]},{"@type":"WebSite","@id":"https:\/\/www.sonoraenequipo.com.mx\/#website","url":"https:\/\/www.sonoraenequipo.com.mx\/","name":"Sonora en Equipo.","description":"Diario en l\u00ednea con Noticias desde Hermosillo, Sonora","publisher":{"@id":"https:\/\/www.sonoraenequipo.com.mx\/#organization"},"potentialAction":[{"@type":"SearchAction","target":{"@type":"EntryPoint","urlTemplate":"https:\/\/www.sonoraenequipo.com.mx\/?s={search_term_string}"},"query-input":{"@type":"PropertyValueSpecification","valueRequired":true,"valueName":"search_term_string"}}],"inLanguage":"es"},{"@type":"Organization","@id":"https:\/\/www.sonoraenequipo.com.mx\/#organization","name":"Sonoraenequipo.com.mx","url":"https:\/\/www.sonoraenequipo.com.mx\/","logo":{"@type":"ImageObject","inLanguage":"es","@id":"https:\/\/www.sonoraenequipo.com.mx\/#\/schema\/logo\/image\/","url":"https:\/\/www.sonoraenequipo.com.mx\/storage\/2019\/01\/sonoraenequipo_opt.png","contentUrl":"https:\/\/www.sonoraenequipo.com.mx\/storage\/2019\/01\/sonoraenequipo_opt.png","width":375,"height":125,"caption":"Sonoraenequipo.com.mx"},"image":{"@id":"https:\/\/www.sonoraenequipo.com.mx\/#\/schema\/logo\/image\/"},"sameAs":["https:\/\/www.facebook.com\/SonoraEE\/","https:\/\/x.com\/sonoraenequipo","https:\/\/www.youtube.com\/channel\/UC338nW-lPEYmJQs4ZABQ1SQ"]},{"@type":"Person","@id":"https:\/\/www.sonoraenequipo.com.mx\/#\/schema\/person\/50102df0fb23a8fa9e8effad8fa81386","name":"enequipo","image":{"@type":"ImageObject","inLanguage":"es","@id":"https:\/\/www.sonoraenequipo.com.mx\/#\/schema\/person\/image\/","url":"https:\/\/secure.gravatar.com\/avatar\/049821681b589dabc0bc20695993ccebb09f5b5d4d790cd9251b97faac7c652b?s=96&d=blank&r=g","contentUrl":"https:\/\/secure.gravatar.com\/avatar\/049821681b589dabc0bc20695993ccebb09f5b5d4d790cd9251b97faac7c652b?s=96&d=blank&r=g","caption":"enequipo"},"sameAs":["https:\/\/www.facebook.com\/SonoraEE"]}]}},"jetpack_featured_media_url":"","_links":{"self":[{"href":"https:\/\/www.sonoraenequipo.com.mx\/api\/wp\/v2\/posts\/1478","targetHints":{"allow":["GET"]}}],"collection":[{"href":"https:\/\/www.sonoraenequipo.com.mx\/api\/wp\/v2\/posts"}],"about":[{"href":"https:\/\/www.sonoraenequipo.com.mx\/api\/wp\/v2\/types\/post"}],"author":[{"embeddable":true,"href":"https:\/\/www.sonoraenequipo.com.mx\/api\/wp\/v2\/users\/1"}],"replies":[{"embeddable":true,"href":"https:\/\/www.sonoraenequipo.com.mx\/api\/wp\/v2\/comments?post=1478"}],"version-history":[{"count":0,"href":"https:\/\/www.sonoraenequipo.com.mx\/api\/wp\/v2\/posts\/1478\/revisions"}],"wp:attachment":[{"href":"https:\/\/www.sonoraenequipo.com.mx\/api\/wp\/v2\/media?parent=1478"}],"wp:term":[{"taxonomy":"category","embeddable":true,"href":"https:\/\/www.sonoraenequipo.com.mx\/api\/wp\/v2\/categories?post=1478"},{"taxonomy":"post_tag","embeddable":true,"href":"https:\/\/www.sonoraenequipo.com.mx\/api\/wp\/v2\/tags?post=1478"}],"curies":[{"name":"wp","href":"https:\/\/api.w.org\/{rel}","templated":true}]}}