{"id":1481,"date":"2015-12-15T17:59:43","date_gmt":"2015-12-15T17:59:43","guid":{"rendered":"http:\/\/www.sonoraenequipo.com.mx\/?p=1481"},"modified":"2015-12-15T18:00:34","modified_gmt":"2015-12-15T18:00:34","slug":"reconoce-sntsa-secc-43-a-trabajadores-de-la-salud-por-sus-anos-de-servicio","status":"publish","type":"post","link":"https:\/\/www.sonoraenequipo.com.mx\/reconoce-sntsa-secc-43-a-trabajadores-de-la-salud-por-sus-anos-de-servicio\/","title":{"rendered":"Reconoce SNTSA Secc. 43, a trabajadores de la Salud por sus a\u00f1os de Servicio"},"content":{"rendered":"<p>15122015. HERMOSILLO, SONORA.MX.\u2014 Con el prop\u00f3sito de reconocer la valiosa labor de los trabajadores al servicio de la Secretaria de Salud en el Estado, el Secretario General del Sindicato Nacional de Trabajadores de la Secretaria de Salud, SNTSA, Secc. 43, Dr. Mario Villalobos Garc\u00eda, hizo entrega de reconocimientos en la Ceremonia \u201cPremio Nacional de Antig\u00fcedad en el Servicio y Est\u00edmulos y Recompensas 2015\u201d, as\u00ed como medallas a los trabajadores. <\/p>\n<p><a href=\"http:\/\/www.sonoraenequipo.com.mx\/storage\/2015\/12\/DSC_0916_opt.jpg\"><img loading=\"lazy\" decoding=\"async\" class=\"size-medium  x-left\" src=\"http:\/\/www.sonoraenequipo.com.mx\/storage\/2015\/12\/DSC_0916_opt-300x199.jpg\" alt=\"DSC_0916_opt\" width=\"300\" height=\"199\" \/><\/a>El Dirigente Sindical, Mario Villalobos, acompa\u00f1ado del Secretario de Salud, Gilberto Ungson Beltr\u00e1n en representaci\u00f3n de la Gobernadora del Estado, Claudia Pavlovich Arellano, Luis Becerra Hurtado, Subsecretario de Servicios de Salud, Humberto Daniel Valdez Soto, Subsecretario de Administraci\u00f3n, Jeannette Molina Caire, Directora de Recursos Humanos, Juan Carlos Ibarra, Secretario General del SNTSA Secc. 81,entre otros invitados especiales, hizo entrega de una medalla, reconocimiento y apoyo econ\u00f3mico a los trabajadores de la salud por sus 20 hasta 50 a\u00f1os de servicio.<\/p>\n<p>\u201cCada a\u00f1o, reconocemos a nuestros agremiados que cumplen con a\u00f1os de servicio dentro de la Secretaria de Salud en Sonora, galardonando a los trabajadores de los diferentes municipios de todo el estado, recibiendo un est\u00edmulo econ\u00f3mico desde los 12 hasta 60 mil pesos dependiendo de su antig\u00fcedad de servicio, siendo motivo de orgullo ser parte de una instituci\u00f3n tan noble, que cuenta con mujeres y hombres que ejercen su talento y su mejor voluntad al servicio de los sonorenses m\u00e1s necesitados\u201d, coment\u00f3 Mario Villalobos.<\/p>\n<p>Jes\u00fas Amalia Reyes, enfermera del hospital comunitario en \u00c1lamos, homenajeada durante el evento por sus 50 a\u00f1os de trayectoria, prestando sus servicios desde el 1 de agosto de 1965 al 31 de septiembre de este a\u00f1o, siendo pionera en la enfermer\u00eda, agradeci\u00f3 al dirigente sindical y al secretario de salud al recibir el reconocimiento por sus a\u00f1os de servicio, de igual manera, las enfermeras Mar\u00eda Jes\u00fas Jaime Lucero del Centro de Salud Rural Tecoripa, Mar\u00eda In\u00e9s Palma Enr\u00edquez del Hospital General Navojoa, Mar\u00eda Esther Sandoval Salas del Centro de Salud Urbano Obreg\u00f3n Centro, recibieron la medalla de oro \u201cDr. Miguel Enrique Bustamante Vasconcelos\u201d y un est\u00edmulo econ\u00f3mico de 60 mil pesos por sus a\u00f1os de servicio durante 5 d\u00e9cadas, agradeciendo al Dirigente Estatal, Mario Villalobos, por su apoyo incondicional durante su gesti\u00f3n.<\/p>\n<p>Por otro lado, el secretario de salud, reconoci\u00f3 la experiencia acumulada durante todos estos a\u00f1os, comprometi\u00e9ndose a objetivos claros, de hacer de la secretaria de salud, de cada una de sus unidades, centros de salud, hospitales y \u00e1reas administrativas, hacer espacios dignos que les permita desarrollar sus capacidades y les permita tener un entorno favorable para poder darle m\u00e1s la secretaria s sus trabajadores y a la sociedad sonorense.<\/p>\n<p>\u201cA partir del 13 se septiembre, soy parte de esta gran familia de trabajadores, me corresponde tomar decisiones firmes, ver por el bien de las mayor\u00edas, eso es el compromiso de la se\u00f1ora Gobernadora y el m\u00edo tambi\u00e9n, de hacer el mejor esfuerzo y no lo imposible, sino todo lo posible, trabajare sin descanso, de velar por los intereses de los enfermos y los trabajadores,\u201d asever\u00f3, Ungson Beltr\u00e1n.<\/p>\n<p>Por \u00faltimo, Mario Villalobos Garc\u00eda, detall\u00f3 que se entregaron 417 medallas por los diferentes a\u00f1os de servicio, as\u00ed como de 54 becas de excelencia a trabajadores de la salud que contin\u00faan con su preparaci\u00f3n acad\u00e9mica profesional en sus distintas ramas, como m\u00e9dica, enfermer\u00eda, trabajo social, recibiendo los trabajadores un recurso econ\u00f3mico de 8 mil pesos por beca, como apoyo y reconocimiento a su esfuerzo por mejorar la calidad al servicio de la poblaci\u00f3n sonorense, la actitud comprometida de los trabajadores galardonados y becados, cuyo esfuerzo permite que en los centros laborales se aprovechen sus capacidades y talentos, convirti\u00e9ndose en ejemplo para cada uno de los compa\u00f1eros de trabajo que se han sumado a esta familia laboral en beneficio de la competitividad, reconociendo tambi\u00e9n el esfuerzo de la Gobernadora, Claudia Pavlovich, por recuperar los espacios de la Secretaria de Salud y la Grandeza de Sonora.<\/p>\n","protected":false},"excerpt":{"rendered":"<p>15122015. HERMOSILLO, SONORA.MX.\u2014 Con el prop\u00f3sito de reconocer la valiosa labor de los trabajadores al&#8230;<\/p>\n","protected":false},"author":1,"featured_media":0,"comment_status":"open","ping_status":"open","sticky":false,"template":"","format":"standard","meta":{"_monsterinsights_skip_tracking":false,"_monsterinsights_sitenote_active":false,"_monsterinsights_sitenote_note":"","_monsterinsights_sitenote_category":0,"footnotes":""},"categories":[13,22],"tags":[],"class_list":["post"],"yoast_head":" \n<title>Sonora en Equipo. Reconoce SNTSA Secc. 43, a trabajadores de la Salud por sus a\u00f1os de Servicio<\/title>\n<meta name=\"description\" content=\"15122015. HERMOSILLO, SONORA.MX.\u2014 Con el prop\u00f3sito de reconocer la valiosa labor de los trabajadores al servicio de la Secretaria de Salud en el Estado, En Sonora en Equipo publicamos toda la informaci\u00f3n de Sonora, M\u00e9xico y el Mundo de manera oportuna y busca que la libertad de expresi\u00f3n sea real. Visita nuestro medio informativo publicado desde Hermosillo, Sonora. %\" \/>\n<meta name=\"robots\" content=\"index, follow, max-snippet:-1, max-image-preview:large, max-video-preview:-1\" \/>\n<link rel=\"canonical\" href=\"https:\/\/www.sonoraenequipo.com.mx\/reconoce-sntsa-secc-43-a-trabajadores-de-la-salud-por-sus-anos-de-servicio\/\" \/>\n<meta property=\"og:locale\" content=\"es_ES\" \/>\n<meta property=\"og:type\" content=\"article\" \/>\n<meta property=\"og:title\" content=\"Sonora en Equipo. Reconoce SNTSA Secc. 43, a trabajadores de la Salud por sus a\u00f1os de Servicio\" \/>\n<meta property=\"og:description\" content=\"15122015. HERMOSILLO, SONORA.MX.\u2014 Con el prop\u00f3sito de reconocer la valiosa labor de los trabajadores al servicio de la Secretaria de Salud en el Estado, En Sonora en Equipo publicamos toda la informaci\u00f3n de Sonora, M\u00e9xico y el Mundo de manera oportuna y busca que la libertad de expresi\u00f3n sea real. Visita nuestro medio informativo publicado desde Hermosillo, Sonora. %\" \/>\n<meta property=\"og:url\" content=\"https:\/\/www.sonoraenequipo.com.mx\/reconoce-sntsa-secc-43-a-trabajadores-de-la-salud-por-sus-anos-de-servicio\/\" \/>\n<meta property=\"og:site_name\" content=\"Sonora en Equipo.\" \/>\n<meta property=\"article:publisher\" content=\"https:\/\/www.facebook.com\/SonoraEE\/\" \/>\n<meta property=\"article:author\" content=\"https:\/\/www.facebook.com\/SonoraEE\" \/>\n<meta property=\"article:published_time\" content=\"2015-12-15T17:59:43+00:00\" \/>\n<meta property=\"article:modified_time\" content=\"2015-12-15T18:00:34+00:00\" \/>\n<meta property=\"og:image\" content=\"http:\/\/www.sonoraenequipo.com.mx\/storage\/2015\/12\/DSC_0916_opt-300x199.jpg\" \/>\n<meta name=\"author\" content=\"enequipo\" \/>\n<meta name=\"twitter:card\" content=\"summary_large_image\" \/>\n<meta name=\"twitter:creator\" content=\"@sonoraenequipo\" \/>\n<meta name=\"twitter:site\" content=\"@sonoraenequipo\" \/>\n<meta name=\"twitter:label1\" content=\"Escrito por\" \/>\n\t<meta name=\"twitter:data1\" content=\"enequipo\" \/>\n\t<meta name=\"twitter:label2\" content=\"Tiempo de lectura\" \/>\n\t<meta name=\"twitter:data2\" content=\"3 minutos\" \/>\n<script type=\"application\/ld+json\" class=\"yoast-schema-graph\">{\"@context\":\"https:\/\/schema.org\",\"@graph\":[{\"@type\":\"Article\",\"@id\":\"https:\/\/www.sonoraenequipo.com.mx\/reconoce-sntsa-secc-43-a-trabajadores-de-la-salud-por-sus-anos-de-servicio\/#article\",\"isPartOf\":{\"@id\":\"https:\/\/www.sonoraenequipo.com.mx\/reconoce-sntsa-secc-43-a-trabajadores-de-la-salud-por-sus-anos-de-servicio\/\"},\"author\":{\"name\":\"enequipo\",\"@id\":\"https:\/\/www.sonoraenequipo.com.mx\/#\/schema\/person\/50102df0fb23a8fa9e8effad8fa81386\"},\"headline\":\"Reconoce SNTSA Secc. 43, a trabajadores de la Salud por sus a\u00f1os de Servicio\",\"datePublished\":\"2015-12-15T17:59:43+00:00\",\"dateModified\":\"2015-12-15T18:00:34+00:00\",\"mainEntityOfPage\":{\"@id\":\"https:\/\/www.sonoraenequipo.com.mx\/reconoce-sntsa-secc-43-a-trabajadores-de-la-salud-por-sus-anos-de-servicio\/\"},\"wordCount\":698,\"commentCount\":0,\"publisher\":{\"@id\":\"https:\/\/www.sonoraenequipo.com.mx\/#organization\"},\"image\":{\"@id\":\"https:\/\/www.sonoraenequipo.com.mx\/reconoce-sntsa-secc-43-a-trabajadores-de-la-salud-por-sus-anos-de-servicio\/#primaryimage\"},\"thumbnailUrl\":\"http:\/\/www.sonoraenequipo.com.mx\/storage\/2015\/12\/DSC_0916_opt-300x199.jpg\",\"articleSection\":[\"Destacadas\",\"Sonora\"],\"inLanguage\":\"es\",\"potentialAction\":[{\"@type\":\"CommentAction\",\"name\":\"Comment\",\"target\":[\"https:\/\/www.sonoraenequipo.com.mx\/reconoce-sntsa-secc-43-a-trabajadores-de-la-salud-por-sus-anos-de-servicio\/#respond\"]}]},{\"@type\":\"WebPage\",\"@id\":\"https:\/\/www.sonoraenequipo.com.mx\/reconoce-sntsa-secc-43-a-trabajadores-de-la-salud-por-sus-anos-de-servicio\/\",\"url\":\"https:\/\/www.sonoraenequipo.com.mx\/reconoce-sntsa-secc-43-a-trabajadores-de-la-salud-por-sus-anos-de-servicio\/\",\"name\":\"Sonora en Equipo. Reconoce SNTSA Secc. 43, a trabajadores de la Salud por sus a\u00f1os de Servicio\",\"isPartOf\":{\"@id\":\"https:\/\/www.sonoraenequipo.com.mx\/#website\"},\"primaryImageOfPage\":{\"@id\":\"https:\/\/www.sonoraenequipo.com.mx\/reconoce-sntsa-secc-43-a-trabajadores-de-la-salud-por-sus-anos-de-servicio\/#primaryimage\"},\"image\":{\"@id\":\"https:\/\/www.sonoraenequipo.com.mx\/reconoce-sntsa-secc-43-a-trabajadores-de-la-salud-por-sus-anos-de-servicio\/#primaryimage\"},\"thumbnailUrl\":\"http:\/\/www.sonoraenequipo.com.mx\/storage\/2015\/12\/DSC_0916_opt-300x199.jpg\",\"datePublished\":\"2015-12-15T17:59:43+00:00\",\"dateModified\":\"2015-12-15T18:00:34+00:00\",\"description\":\"15122015. HERMOSILLO, SONORA.MX.\u2014 Con el prop\u00f3sito de reconocer la valiosa labor de los trabajadores al servicio de la Secretaria de Salud en el Estado, En Sonora en Equipo publicamos toda la informaci\u00f3n de Sonora, M\u00e9xico y el Mundo de manera oportuna y busca que la libertad de expresi\u00f3n sea real. Visita nuestro medio informativo publicado desde Hermosillo, Sonora. %\",\"breadcrumb\":{\"@id\":\"https:\/\/www.sonoraenequipo.com.mx\/reconoce-sntsa-secc-43-a-trabajadores-de-la-salud-por-sus-anos-de-servicio\/#breadcrumb\"},\"inLanguage\":\"es\",\"potentialAction\":[{\"@type\":\"ReadAction\",\"target\":[\"https:\/\/www.sonoraenequipo.com.mx\/reconoce-sntsa-secc-43-a-trabajadores-de-la-salud-por-sus-anos-de-servicio\/\"]}]},{\"@type\":\"ImageObject\",\"inLanguage\":\"es\",\"@id\":\"https:\/\/www.sonoraenequipo.com.mx\/reconoce-sntsa-secc-43-a-trabajadores-de-la-salud-por-sus-anos-de-servicio\/#primaryimage\",\"url\":\"http:\/\/www.sonoraenequipo.com.mx\/storage\/2015\/12\/DSC_0916_opt-300x199.jpg\",\"contentUrl\":\"http:\/\/www.sonoraenequipo.com.mx\/storage\/2015\/12\/DSC_0916_opt-300x199.jpg\"},{\"@type\":\"BreadcrumbList\",\"@id\":\"https:\/\/www.sonoraenequipo.com.mx\/reconoce-sntsa-secc-43-a-trabajadores-de-la-salud-por-sus-anos-de-servicio\/#breadcrumb\",\"itemListElement\":[{\"@type\":\"ListItem\",\"position\":1,\"name\":\"Portada\",\"item\":\"https:\/\/www.sonoraenequipo.com.mx\/\"},{\"@type\":\"ListItem\",\"position\":2,\"name\":\"Reconoce SNTSA Secc. 43, a trabajadores de la Salud por sus a\u00f1os de Servicio\"}]},{\"@type\":\"WebSite\",\"@id\":\"https:\/\/www.sonoraenequipo.com.mx\/#website\",\"url\":\"https:\/\/www.sonoraenequipo.com.mx\/\",\"name\":\"Sonora en Equipo.\",\"description\":\"Diario en l\u00ednea con Noticias desde Hermosillo, Sonora\",\"publisher\":{\"@id\":\"https:\/\/www.sonoraenequipo.com.mx\/#organization\"},\"potentialAction\":[{\"@type\":\"SearchAction\",\"target\":{\"@type\":\"EntryPoint\",\"urlTemplate\":\"https:\/\/www.sonoraenequipo.com.mx\/?s={search_term_string}\"},\"query-input\":{\"@type\":\"PropertyValueSpecification\",\"valueRequired\":true,\"valueName\":\"search_term_string\"}}],\"inLanguage\":\"es\"},{\"@type\":\"Organization\",\"@id\":\"https:\/\/www.sonoraenequipo.com.mx\/#organization\",\"name\":\"Sonoraenequipo.com.mx\",\"url\":\"https:\/\/www.sonoraenequipo.com.mx\/\",\"logo\":{\"@type\":\"ImageObject\",\"inLanguage\":\"es\",\"@id\":\"https:\/\/www.sonoraenequipo.com.mx\/#\/schema\/logo\/image\/\",\"url\":\"https:\/\/www.sonoraenequipo.com.mx\/storage\/2019\/01\/sonoraenequipo_opt.png\",\"contentUrl\":\"https:\/\/www.sonoraenequipo.com.mx\/storage\/2019\/01\/sonoraenequipo_opt.png\",\"width\":375,\"height\":125,\"caption\":\"Sonoraenequipo.com.mx\"},\"image\":{\"@id\":\"https:\/\/www.sonoraenequipo.com.mx\/#\/schema\/logo\/image\/\"},\"sameAs\":[\"https:\/\/www.facebook.com\/SonoraEE\/\",\"https:\/\/x.com\/sonoraenequipo\",\"https:\/\/www.youtube.com\/channel\/UC338nW-lPEYmJQs4ZABQ1SQ\"]},{\"@type\":\"Person\",\"@id\":\"https:\/\/www.sonoraenequipo.com.mx\/#\/schema\/person\/50102df0fb23a8fa9e8effad8fa81386\",\"name\":\"enequipo\",\"image\":{\"@type\":\"ImageObject\",\"inLanguage\":\"es\",\"@id\":\"https:\/\/www.sonoraenequipo.com.mx\/#\/schema\/person\/image\/\",\"url\":\"https:\/\/secure.gravatar.com\/avatar\/049821681b589dabc0bc20695993ccebb09f5b5d4d790cd9251b97faac7c652b?s=96&d=blank&r=g\",\"contentUrl\":\"https:\/\/secure.gravatar.com\/avatar\/049821681b589dabc0bc20695993ccebb09f5b5d4d790cd9251b97faac7c652b?s=96&d=blank&r=g\",\"caption\":\"enequipo\"},\"sameAs\":[\"https:\/\/www.facebook.com\/SonoraEE\"]}]}<\/script>\n ","yoast_head_json":{"title":"Sonora en Equipo. Reconoce SNTSA Secc. 43, a trabajadores de la Salud por sus a\u00f1os de Servicio","description":"15122015. HERMOSILLO, SONORA.MX.\u2014 Con el prop\u00f3sito de reconocer la valiosa labor de los trabajadores al servicio de la Secretaria de Salud en el Estado, En Sonora en Equipo publicamos toda la informaci\u00f3n de Sonora, M\u00e9xico y el Mundo de manera oportuna y busca que la libertad de expresi\u00f3n sea real. Visita nuestro medio informativo publicado desde Hermosillo, Sonora. %","robots":{"index":"index","follow":"follow","max-snippet":"max-snippet:-1","max-image-preview":"max-image-preview:large","max-video-preview":"max-video-preview:-1"},"canonical":"https:\/\/www.sonoraenequipo.com.mx\/reconoce-sntsa-secc-43-a-trabajadores-de-la-salud-por-sus-anos-de-servicio\/","og_locale":"es_ES","og_type":"article","og_title":"Sonora en Equipo. Reconoce SNTSA Secc. 43, a trabajadores de la Salud por sus a\u00f1os de Servicio","og_description":"15122015. HERMOSILLO, SONORA.MX.\u2014 Con el prop\u00f3sito de reconocer la valiosa labor de los trabajadores al servicio de la Secretaria de Salud en el Estado, En Sonora en Equipo publicamos toda la informaci\u00f3n de Sonora, M\u00e9xico y el Mundo de manera oportuna y busca que la libertad de expresi\u00f3n sea real. Visita nuestro medio informativo publicado desde Hermosillo, Sonora. %","og_url":"https:\/\/www.sonoraenequipo.com.mx\/reconoce-sntsa-secc-43-a-trabajadores-de-la-salud-por-sus-anos-de-servicio\/","og_site_name":"Sonora en Equipo.","article_publisher":"https:\/\/www.facebook.com\/SonoraEE\/","article_author":"https:\/\/www.facebook.com\/SonoraEE","article_published_time":"2015-12-15T17:59:43+00:00","article_modified_time":"2015-12-15T18:00:34+00:00","og_image":[{"url":"http:\/\/www.sonoraenequipo.com.mx\/storage\/2015\/12\/DSC_0916_opt-300x199.jpg","type":"","width":"","height":""}],"author":"enequipo","twitter_card":"summary_large_image","twitter_creator":"@sonoraenequipo","twitter_site":"@sonoraenequipo","twitter_misc":{"Escrito por":"enequipo","Tiempo de lectura":"3 minutos"},"schema":{"@context":"https:\/\/schema.org","@graph":[{"@type":"Article","@id":"https:\/\/www.sonoraenequipo.com.mx\/reconoce-sntsa-secc-43-a-trabajadores-de-la-salud-por-sus-anos-de-servicio\/#article","isPartOf":{"@id":"https:\/\/www.sonoraenequipo.com.mx\/reconoce-sntsa-secc-43-a-trabajadores-de-la-salud-por-sus-anos-de-servicio\/"},"author":{"name":"enequipo","@id":"https:\/\/www.sonoraenequipo.com.mx\/#\/schema\/person\/50102df0fb23a8fa9e8effad8fa81386"},"headline":"Reconoce SNTSA Secc. 43, a trabajadores de la Salud por sus a\u00f1os de Servicio","datePublished":"2015-12-15T17:59:43+00:00","dateModified":"2015-12-15T18:00:34+00:00","mainEntityOfPage":{"@id":"https:\/\/www.sonoraenequipo.com.mx\/reconoce-sntsa-secc-43-a-trabajadores-de-la-salud-por-sus-anos-de-servicio\/"},"wordCount":698,"commentCount":0,"publisher":{"@id":"https:\/\/www.sonoraenequipo.com.mx\/#organization"},"image":{"@id":"https:\/\/www.sonoraenequipo.com.mx\/reconoce-sntsa-secc-43-a-trabajadores-de-la-salud-por-sus-anos-de-servicio\/#primaryimage"},"thumbnailUrl":"http:\/\/www.sonoraenequipo.com.mx\/storage\/2015\/12\/DSC_0916_opt-300x199.jpg","articleSection":["Destacadas","Sonora"],"inLanguage":"es","potentialAction":[{"@type":"CommentAction","name":"Comment","target":["https:\/\/www.sonoraenequipo.com.mx\/reconoce-sntsa-secc-43-a-trabajadores-de-la-salud-por-sus-anos-de-servicio\/#respond"]}]},{"@type":"WebPage","@id":"https:\/\/www.sonoraenequipo.com.mx\/reconoce-sntsa-secc-43-a-trabajadores-de-la-salud-por-sus-anos-de-servicio\/","url":"https:\/\/www.sonoraenequipo.com.mx\/reconoce-sntsa-secc-43-a-trabajadores-de-la-salud-por-sus-anos-de-servicio\/","name":"Sonora en Equipo. Reconoce SNTSA Secc. 43, a trabajadores de la Salud por sus a\u00f1os de Servicio","isPartOf":{"@id":"https:\/\/www.sonoraenequipo.com.mx\/#website"},"primaryImageOfPage":{"@id":"https:\/\/www.sonoraenequipo.com.mx\/reconoce-sntsa-secc-43-a-trabajadores-de-la-salud-por-sus-anos-de-servicio\/#primaryimage"},"image":{"@id":"https:\/\/www.sonoraenequipo.com.mx\/reconoce-sntsa-secc-43-a-trabajadores-de-la-salud-por-sus-anos-de-servicio\/#primaryimage"},"thumbnailUrl":"http:\/\/www.sonoraenequipo.com.mx\/storage\/2015\/12\/DSC_0916_opt-300x199.jpg","datePublished":"2015-12-15T17:59:43+00:00","dateModified":"2015-12-15T18:00:34+00:00","description":"15122015. HERMOSILLO, SONORA.MX.\u2014 Con el prop\u00f3sito de reconocer la valiosa labor de los trabajadores al servicio de la Secretaria de Salud en el Estado, En Sonora en Equipo publicamos toda la informaci\u00f3n de Sonora, M\u00e9xico y el Mundo de manera oportuna y busca que la libertad de expresi\u00f3n sea real. Visita nuestro medio informativo publicado desde Hermosillo, Sonora. %","breadcrumb":{"@id":"https:\/\/www.sonoraenequipo.com.mx\/reconoce-sntsa-secc-43-a-trabajadores-de-la-salud-por-sus-anos-de-servicio\/#breadcrumb"},"inLanguage":"es","potentialAction":[{"@type":"ReadAction","target":["https:\/\/www.sonoraenequipo.com.mx\/reconoce-sntsa-secc-43-a-trabajadores-de-la-salud-por-sus-anos-de-servicio\/"]}]},{"@type":"ImageObject","inLanguage":"es","@id":"https:\/\/www.sonoraenequipo.com.mx\/reconoce-sntsa-secc-43-a-trabajadores-de-la-salud-por-sus-anos-de-servicio\/#primaryimage","url":"http:\/\/www.sonoraenequipo.com.mx\/storage\/2015\/12\/DSC_0916_opt-300x199.jpg","contentUrl":"http:\/\/www.sonoraenequipo.com.mx\/storage\/2015\/12\/DSC_0916_opt-300x199.jpg"},{"@type":"BreadcrumbList","@id":"https:\/\/www.sonoraenequipo.com.mx\/reconoce-sntsa-secc-43-a-trabajadores-de-la-salud-por-sus-anos-de-servicio\/#breadcrumb","itemListElement":[{"@type":"ListItem","position":1,"name":"Portada","item":"https:\/\/www.sonoraenequipo.com.mx\/"},{"@type":"ListItem","position":2,"name":"Reconoce SNTSA Secc. 43, a trabajadores de la Salud por sus a\u00f1os de Servicio"}]},{"@type":"WebSite","@id":"https:\/\/www.sonoraenequipo.com.mx\/#website","url":"https:\/\/www.sonoraenequipo.com.mx\/","name":"Sonora en Equipo.","description":"Diario en l\u00ednea con Noticias desde Hermosillo, Sonora","publisher":{"@id":"https:\/\/www.sonoraenequipo.com.mx\/#organization"},"potentialAction":[{"@type":"SearchAction","target":{"@type":"EntryPoint","urlTemplate":"https:\/\/www.sonoraenequipo.com.mx\/?s={search_term_string}"},"query-input":{"@type":"PropertyValueSpecification","valueRequired":true,"valueName":"search_term_string"}}],"inLanguage":"es"},{"@type":"Organization","@id":"https:\/\/www.sonoraenequipo.com.mx\/#organization","name":"Sonoraenequipo.com.mx","url":"https:\/\/www.sonoraenequipo.com.mx\/","logo":{"@type":"ImageObject","inLanguage":"es","@id":"https:\/\/www.sonoraenequipo.com.mx\/#\/schema\/logo\/image\/","url":"https:\/\/www.sonoraenequipo.com.mx\/storage\/2019\/01\/sonoraenequipo_opt.png","contentUrl":"https:\/\/www.sonoraenequipo.com.mx\/storage\/2019\/01\/sonoraenequipo_opt.png","width":375,"height":125,"caption":"Sonoraenequipo.com.mx"},"image":{"@id":"https:\/\/www.sonoraenequipo.com.mx\/#\/schema\/logo\/image\/"},"sameAs":["https:\/\/www.facebook.com\/SonoraEE\/","https:\/\/x.com\/sonoraenequipo","https:\/\/www.youtube.com\/channel\/UC338nW-lPEYmJQs4ZABQ1SQ"]},{"@type":"Person","@id":"https:\/\/www.sonoraenequipo.com.mx\/#\/schema\/person\/50102df0fb23a8fa9e8effad8fa81386","name":"enequipo","image":{"@type":"ImageObject","inLanguage":"es","@id":"https:\/\/www.sonoraenequipo.com.mx\/#\/schema\/person\/image\/","url":"https:\/\/secure.gravatar.com\/avatar\/049821681b589dabc0bc20695993ccebb09f5b5d4d790cd9251b97faac7c652b?s=96&d=blank&r=g","contentUrl":"https:\/\/secure.gravatar.com\/avatar\/049821681b589dabc0bc20695993ccebb09f5b5d4d790cd9251b97faac7c652b?s=96&d=blank&r=g","caption":"enequipo"},"sameAs":["https:\/\/www.facebook.com\/SonoraEE"]}]}},"jetpack_featured_media_url":"","_links":{"self":[{"href":"https:\/\/www.sonoraenequipo.com.mx\/api\/wp\/v2\/posts\/1481","targetHints":{"allow":["GET"]}}],"collection":[{"href":"https:\/\/www.sonoraenequipo.com.mx\/api\/wp\/v2\/posts"}],"about":[{"href":"https:\/\/www.sonoraenequipo.com.mx\/api\/wp\/v2\/types\/post"}],"author":[{"embeddable":true,"href":"https:\/\/www.sonoraenequipo.com.mx\/api\/wp\/v2\/users\/1"}],"replies":[{"embeddable":true,"href":"https:\/\/www.sonoraenequipo.com.mx\/api\/wp\/v2\/comments?post=1481"}],"version-history":[{"count":0,"href":"https:\/\/www.sonoraenequipo.com.mx\/api\/wp\/v2\/posts\/1481\/revisions"}],"wp:attachment":[{"href":"https:\/\/www.sonoraenequipo.com.mx\/api\/wp\/v2\/media?parent=1481"}],"wp:term":[{"taxonomy":"category","embeddable":true,"href":"https:\/\/www.sonoraenequipo.com.mx\/api\/wp\/v2\/categories?post=1481"},{"taxonomy":"post_tag","embeddable":true,"href":"https:\/\/www.sonoraenequipo.com.mx\/api\/wp\/v2\/tags?post=1481"}],"curies":[{"name":"wp","href":"https:\/\/api.w.org\/{rel}","templated":true}]}}