{"id":148142,"date":"2022-09-30T09:15:42","date_gmt":"2022-09-30T16:15:42","guid":{"rendered":"https:\/\/www.sonoraenequipo.com.mx\/?p=148142"},"modified":"2022-09-30T10:04:54","modified_gmt":"2022-09-30T17:04:54","slug":"la-oms-advierte-al-mundo-de-muchos-brotes-de-colera-alrededor-del-mundo","status":"publish","type":"post","link":"https:\/\/www.sonoraenequipo.com.mx\/la-oms-advierte-al-mundo-de-muchos-brotes-de-colera-alrededor-del-mundo\/","title":{"rendered":"La OMS advierte al mundo de muchos brotes de c\u00f3lera alrededor del mundo"},"content":{"rendered":"<p><strong>GINEBRA, SUIZA. \u2014<\/strong> La Organizaci\u00f3n Mundial de la Salud (OMS) dijo hoy (30.09.2022) que se est\u00e1n produciendo alrededor del mundo muchos brotes de c\u00f3lera, una enfermedad que tiene relaci\u00f3n directa con la pobreza y que puede matar a alguien en cuesti\u00f3n de horas si no es tratada r\u00e1pidamente.<\/p>\n<p>&nbsp;<\/p>\n<p> <\/p>\n<p>&nbsp;<\/p>\n<p>En los primeros nueve meses del a\u00f1o, 26 pa\u00edses han reportado a la organizaci\u00f3n brotes de c\u00f3lera, un aumento considerable si se considera que entre 2017 y 2021 menos de 20 pa\u00edses registraron situaciones similares en un a\u00f1o entero.<\/p>\n<p>&nbsp;<\/p>\n<p><strong><em>\u201cEl problema, adem\u00e1s, no s\u00f3lo es que tenemos m\u00e1s brotes de c\u00f3lera, sino que \u00e9stos son m\u00e1s grandes y mortales\u201d,<\/em><\/strong> dijo el responsable del equipo dedicado al c\u00f3lera en la OMS, Philippe Barboza.<\/p>\n<p>&nbsp;<\/p>\n<p>Ya en 2021 la mortalidad casi se hab\u00eda duplicado con respecto a la media de los cinco a\u00f1os anteriores, y en \u00c1frica ha alcanzado el 3 %, seg\u00fan los datos comunicados.<\/p>\n<p>&nbsp;<\/p>\n<p>Uno de los episodios m\u00e1s graves est\u00e1 ocurriendo en Siria, donde 33 personas han muerto de c\u00f3lera y cerca de medio millar han sufrido recientemente esta enfermedad infecciosa, lo que supone un importante riesgo sanitario para este pa\u00eds agobiado por m\u00e1s de una d\u00e9cada de conflicto armado.<\/p>\n<p>&nbsp;<\/p>\n<p>PUBLICADO EL 30\/SEPTIEMBRE\/2022\/ Con informaci\u00f3n deEE)<\/p>\n","protected":false},"excerpt":{"rendered":"<p>GINEBRA, SUIZA. \u2014 La Organizaci\u00f3n Mundial de la Salud (OMS) dijo hoy (30.09.2022) que se&#8230;<\/p>\n","protected":false},"author":1,"featured_media":148143,"comment_status":"open","ping_status":"open","sticky":false,"template":"","format":"standard","meta":{"_monsterinsights_skip_tracking":false,"_monsterinsights_sitenote_active":false,"_monsterinsights_sitenote_note":"","_monsterinsights_sitenote_category":0,"footnotes":""},"categories":[3],"tags":[],"class_list":["post"],"yoast_head":" \n<title>Sonora en Equipo. La OMS advierte al mundo de muchos brotes de c\u00f3lera alrededor del mundo MUNDO<\/title>\n<meta name=\"description\" content=\"GINEBRA, SUIZA. \u2014 La Organizaci\u00f3n Mundial de la Salud (OMS) dijo hoy (30.09.2022) que se est\u00e1n produciendo alrededor del mundo muchos brotes de c\u00f3lera, En Sonora en Equipo publicamos toda la informaci\u00f3n de Sonora, M\u00e9xico y el Mundo de manera oportuna y busca que la libertad de expresi\u00f3n sea real. Visita nuestro medio informativo publicado desde Hermosillo, Sonora. %\" \/>\n<meta name=\"robots\" content=\"index, follow, max-snippet:-1, max-image-preview:large, max-video-preview:-1\" \/>\n<link rel=\"canonical\" href=\"https:\/\/www.sonoraenequipo.com.mx\/la-oms-advierte-al-mundo-de-muchos-brotes-de-colera-alrededor-del-mundo\/\" \/>\n<meta property=\"og:locale\" content=\"es_ES\" \/>\n<meta property=\"og:type\" content=\"article\" \/>\n<meta property=\"og:title\" content=\"Sonora en Equipo. La OMS advierte al mundo de muchos brotes de c\u00f3lera alrededor del mundo MUNDO\" \/>\n<meta property=\"og:description\" content=\"GINEBRA, SUIZA. \u2014 La Organizaci\u00f3n Mundial de la Salud (OMS) dijo hoy (30.09.2022) que se est\u00e1n produciendo alrededor del mundo muchos brotes de c\u00f3lera, En Sonora en Equipo publicamos toda la informaci\u00f3n de Sonora, M\u00e9xico y el Mundo de manera oportuna y busca que la libertad de expresi\u00f3n sea real. Visita nuestro medio informativo publicado desde Hermosillo, Sonora. %\" \/>\n<meta property=\"og:url\" content=\"https:\/\/www.sonoraenequipo.com.mx\/la-oms-advierte-al-mundo-de-muchos-brotes-de-colera-alrededor-del-mundo\/\" \/>\n<meta property=\"og:site_name\" content=\"Sonora en Equipo.\" \/>\n<meta property=\"article:publisher\" content=\"https:\/\/www.facebook.com\/SonoraEE\/\" \/>\n<meta property=\"article:author\" content=\"https:\/\/www.facebook.com\/SonoraEE\" \/>\n<meta property=\"article:published_time\" content=\"2022-09-30T16:15:42+00:00\" \/>\n<meta property=\"article:modified_time\" content=\"2022-09-30T17:04:54+00:00\" \/>\n<meta property=\"og:image\" content=\"https:\/\/www.sonoraenequipo.com.mx\/storage\/2022\/09\/brotes-de-colera-en-el-mundo.jpg\" \/>\n\t<meta property=\"og:image:width\" content=\"850\" \/>\n\t<meta property=\"og:image:height\" content=\"486\" \/>\n\t<meta property=\"og:image:type\" content=\"image\/jpeg\" \/>\n<meta name=\"author\" content=\"enequipo\" \/>\n<meta name=\"twitter:card\" content=\"summary_large_image\" \/>\n<meta name=\"twitter:creator\" content=\"@sonoraenequipo\" \/>\n<meta name=\"twitter:site\" content=\"@sonoraenequipo\" \/>\n<meta name=\"twitter:label1\" content=\"Escrito por\" \/>\n\t<meta name=\"twitter:data1\" content=\"enequipo\" \/>\n\t<meta name=\"twitter:label2\" content=\"Tiempo de lectura\" \/>\n\t<meta name=\"twitter:data2\" content=\"1 minuto\" \/>\n<script type=\"application\/ld+json\" class=\"yoast-schema-graph\">{\"@context\":\"https:\/\/schema.org\",\"@graph\":[{\"@type\":\"Article\",\"@id\":\"https:\/\/www.sonoraenequipo.com.mx\/la-oms-advierte-al-mundo-de-muchos-brotes-de-colera-alrededor-del-mundo\/#article\",\"isPartOf\":{\"@id\":\"https:\/\/www.sonoraenequipo.com.mx\/la-oms-advierte-al-mundo-de-muchos-brotes-de-colera-alrededor-del-mundo\/\"},\"author\":{\"name\":\"enequipo\",\"@id\":\"https:\/\/www.sonoraenequipo.com.mx\/#\/schema\/person\/50102df0fb23a8fa9e8effad8fa81386\"},\"headline\":\"La OMS advierte al mundo de muchos brotes de c\u00f3lera alrededor del mundo\",\"datePublished\":\"2022-09-30T16:15:42+00:00\",\"dateModified\":\"2022-09-30T17:04:54+00:00\",\"mainEntityOfPage\":{\"@id\":\"https:\/\/www.sonoraenequipo.com.mx\/la-oms-advierte-al-mundo-de-muchos-brotes-de-colera-alrededor-del-mundo\/\"},\"wordCount\":241,\"commentCount\":0,\"publisher\":{\"@id\":\"https:\/\/www.sonoraenequipo.com.mx\/#organization\"},\"image\":{\"@id\":\"https:\/\/www.sonoraenequipo.com.mx\/la-oms-advierte-al-mundo-de-muchos-brotes-de-colera-alrededor-del-mundo\/#primaryimage\"},\"thumbnailUrl\":\"https:\/\/www.sonoraenequipo.com.mx\/storage\/2022\/09\/brotes-de-colera-en-el-mundo.jpg\",\"articleSection\":[\"MUNDO\"],\"inLanguage\":\"es\",\"potentialAction\":[{\"@type\":\"CommentAction\",\"name\":\"Comment\",\"target\":[\"https:\/\/www.sonoraenequipo.com.mx\/la-oms-advierte-al-mundo-de-muchos-brotes-de-colera-alrededor-del-mundo\/#respond\"]}]},{\"@type\":\"WebPage\",\"@id\":\"https:\/\/www.sonoraenequipo.com.mx\/la-oms-advierte-al-mundo-de-muchos-brotes-de-colera-alrededor-del-mundo\/\",\"url\":\"https:\/\/www.sonoraenequipo.com.mx\/la-oms-advierte-al-mundo-de-muchos-brotes-de-colera-alrededor-del-mundo\/\",\"name\":\"Sonora en Equipo. La OMS advierte al mundo de muchos brotes de c\u00f3lera alrededor del mundo MUNDO\",\"isPartOf\":{\"@id\":\"https:\/\/www.sonoraenequipo.com.mx\/#website\"},\"primaryImageOfPage\":{\"@id\":\"https:\/\/www.sonoraenequipo.com.mx\/la-oms-advierte-al-mundo-de-muchos-brotes-de-colera-alrededor-del-mundo\/#primaryimage\"},\"image\":{\"@id\":\"https:\/\/www.sonoraenequipo.com.mx\/la-oms-advierte-al-mundo-de-muchos-brotes-de-colera-alrededor-del-mundo\/#primaryimage\"},\"thumbnailUrl\":\"https:\/\/www.sonoraenequipo.com.mx\/storage\/2022\/09\/brotes-de-colera-en-el-mundo.jpg\",\"datePublished\":\"2022-09-30T16:15:42+00:00\",\"dateModified\":\"2022-09-30T17:04:54+00:00\",\"description\":\"GINEBRA, SUIZA. \u2014 La Organizaci\u00f3n Mundial de la Salud (OMS) dijo hoy (30.09.2022) que se est\u00e1n produciendo alrededor del mundo muchos brotes de c\u00f3lera, En Sonora en Equipo publicamos toda la informaci\u00f3n de Sonora, M\u00e9xico y el Mundo de manera oportuna y busca que la libertad de expresi\u00f3n sea real. Visita nuestro medio informativo publicado desde Hermosillo, Sonora. %\",\"breadcrumb\":{\"@id\":\"https:\/\/www.sonoraenequipo.com.mx\/la-oms-advierte-al-mundo-de-muchos-brotes-de-colera-alrededor-del-mundo\/#breadcrumb\"},\"inLanguage\":\"es\",\"potentialAction\":[{\"@type\":\"ReadAction\",\"target\":[\"https:\/\/www.sonoraenequipo.com.mx\/la-oms-advierte-al-mundo-de-muchos-brotes-de-colera-alrededor-del-mundo\/\"]}]},{\"@type\":\"ImageObject\",\"inLanguage\":\"es\",\"@id\":\"https:\/\/www.sonoraenequipo.com.mx\/la-oms-advierte-al-mundo-de-muchos-brotes-de-colera-alrededor-del-mundo\/#primaryimage\",\"url\":\"https:\/\/www.sonoraenequipo.com.mx\/storage\/2022\/09\/brotes-de-colera-en-el-mundo.jpg\",\"contentUrl\":\"https:\/\/www.sonoraenequipo.com.mx\/storage\/2022\/09\/brotes-de-colera-en-el-mundo.jpg\",\"width\":850,\"height\":486},{\"@type\":\"BreadcrumbList\",\"@id\":\"https:\/\/www.sonoraenequipo.com.mx\/la-oms-advierte-al-mundo-de-muchos-brotes-de-colera-alrededor-del-mundo\/#breadcrumb\",\"itemListElement\":[{\"@type\":\"ListItem\",\"position\":1,\"name\":\"Portada\",\"item\":\"https:\/\/www.sonoraenequipo.com.mx\/\"},{\"@type\":\"ListItem\",\"position\":2,\"name\":\"La OMS advierte al mundo de muchos brotes de c\u00f3lera alrededor del mundo\"}]},{\"@type\":\"WebSite\",\"@id\":\"https:\/\/www.sonoraenequipo.com.mx\/#website\",\"url\":\"https:\/\/www.sonoraenequipo.com.mx\/\",\"name\":\"Sonora en Equipo.\",\"description\":\"Diario en l\u00ednea con Noticias desde Hermosillo, Sonora\",\"publisher\":{\"@id\":\"https:\/\/www.sonoraenequipo.com.mx\/#organization\"},\"potentialAction\":[{\"@type\":\"SearchAction\",\"target\":{\"@type\":\"EntryPoint\",\"urlTemplate\":\"https:\/\/www.sonoraenequipo.com.mx\/?s={search_term_string}\"},\"query-input\":{\"@type\":\"PropertyValueSpecification\",\"valueRequired\":true,\"valueName\":\"search_term_string\"}}],\"inLanguage\":\"es\"},{\"@type\":\"Organization\",\"@id\":\"https:\/\/www.sonoraenequipo.com.mx\/#organization\",\"name\":\"Sonoraenequipo.com.mx\",\"url\":\"https:\/\/www.sonoraenequipo.com.mx\/\",\"logo\":{\"@type\":\"ImageObject\",\"inLanguage\":\"es\",\"@id\":\"https:\/\/www.sonoraenequipo.com.mx\/#\/schema\/logo\/image\/\",\"url\":\"https:\/\/www.sonoraenequipo.com.mx\/storage\/2019\/01\/sonoraenequipo_opt.png\",\"contentUrl\":\"https:\/\/www.sonoraenequipo.com.mx\/storage\/2019\/01\/sonoraenequipo_opt.png\",\"width\":375,\"height\":125,\"caption\":\"Sonoraenequipo.com.mx\"},\"image\":{\"@id\":\"https:\/\/www.sonoraenequipo.com.mx\/#\/schema\/logo\/image\/\"},\"sameAs\":[\"https:\/\/www.facebook.com\/SonoraEE\/\",\"https:\/\/x.com\/sonoraenequipo\",\"https:\/\/www.youtube.com\/channel\/UC338nW-lPEYmJQs4ZABQ1SQ\"]},{\"@type\":\"Person\",\"@id\":\"https:\/\/www.sonoraenequipo.com.mx\/#\/schema\/person\/50102df0fb23a8fa9e8effad8fa81386\",\"name\":\"enequipo\",\"image\":{\"@type\":\"ImageObject\",\"inLanguage\":\"es\",\"@id\":\"https:\/\/www.sonoraenequipo.com.mx\/#\/schema\/person\/image\/\",\"url\":\"https:\/\/secure.gravatar.com\/avatar\/049821681b589dabc0bc20695993ccebb09f5b5d4d790cd9251b97faac7c652b?s=96&d=blank&r=g\",\"contentUrl\":\"https:\/\/secure.gravatar.com\/avatar\/049821681b589dabc0bc20695993ccebb09f5b5d4d790cd9251b97faac7c652b?s=96&d=blank&r=g\",\"caption\":\"enequipo\"},\"sameAs\":[\"https:\/\/www.facebook.com\/SonoraEE\"]}]}<\/script>\n ","yoast_head_json":{"title":"Sonora en Equipo. La OMS advierte al mundo de muchos brotes de c\u00f3lera alrededor del mundo MUNDO","description":"GINEBRA, SUIZA. \u2014 La Organizaci\u00f3n Mundial de la Salud (OMS) dijo hoy (30.09.2022) que se est\u00e1n produciendo alrededor del mundo muchos brotes de c\u00f3lera, En Sonora en Equipo publicamos toda la informaci\u00f3n de Sonora, M\u00e9xico y el Mundo de manera oportuna y busca que la libertad de expresi\u00f3n sea real. Visita nuestro medio informativo publicado desde Hermosillo, Sonora. %","robots":{"index":"index","follow":"follow","max-snippet":"max-snippet:-1","max-image-preview":"max-image-preview:large","max-video-preview":"max-video-preview:-1"},"canonical":"https:\/\/www.sonoraenequipo.com.mx\/la-oms-advierte-al-mundo-de-muchos-brotes-de-colera-alrededor-del-mundo\/","og_locale":"es_ES","og_type":"article","og_title":"Sonora en Equipo. La OMS advierte al mundo de muchos brotes de c\u00f3lera alrededor del mundo MUNDO","og_description":"GINEBRA, SUIZA. \u2014 La Organizaci\u00f3n Mundial de la Salud (OMS) dijo hoy (30.09.2022) que se est\u00e1n produciendo alrededor del mundo muchos brotes de c\u00f3lera, En Sonora en Equipo publicamos toda la informaci\u00f3n de Sonora, M\u00e9xico y el Mundo de manera oportuna y busca que la libertad de expresi\u00f3n sea real. Visita nuestro medio informativo publicado desde Hermosillo, Sonora. %","og_url":"https:\/\/www.sonoraenequipo.com.mx\/la-oms-advierte-al-mundo-de-muchos-brotes-de-colera-alrededor-del-mundo\/","og_site_name":"Sonora en Equipo.","article_publisher":"https:\/\/www.facebook.com\/SonoraEE\/","article_author":"https:\/\/www.facebook.com\/SonoraEE","article_published_time":"2022-09-30T16:15:42+00:00","article_modified_time":"2022-09-30T17:04:54+00:00","og_image":[{"width":850,"height":486,"url":"https:\/\/www.sonoraenequipo.com.mx\/storage\/2022\/09\/brotes-de-colera-en-el-mundo.jpg","type":"image\/jpeg"}],"author":"enequipo","twitter_card":"summary_large_image","twitter_creator":"@sonoraenequipo","twitter_site":"@sonoraenequipo","twitter_misc":{"Escrito por":"enequipo","Tiempo de lectura":"1 minuto"},"schema":{"@context":"https:\/\/schema.org","@graph":[{"@type":"Article","@id":"https:\/\/www.sonoraenequipo.com.mx\/la-oms-advierte-al-mundo-de-muchos-brotes-de-colera-alrededor-del-mundo\/#article","isPartOf":{"@id":"https:\/\/www.sonoraenequipo.com.mx\/la-oms-advierte-al-mundo-de-muchos-brotes-de-colera-alrededor-del-mundo\/"},"author":{"name":"enequipo","@id":"https:\/\/www.sonoraenequipo.com.mx\/#\/schema\/person\/50102df0fb23a8fa9e8effad8fa81386"},"headline":"La OMS advierte al mundo de muchos brotes de c\u00f3lera alrededor del mundo","datePublished":"2022-09-30T16:15:42+00:00","dateModified":"2022-09-30T17:04:54+00:00","mainEntityOfPage":{"@id":"https:\/\/www.sonoraenequipo.com.mx\/la-oms-advierte-al-mundo-de-muchos-brotes-de-colera-alrededor-del-mundo\/"},"wordCount":241,"commentCount":0,"publisher":{"@id":"https:\/\/www.sonoraenequipo.com.mx\/#organization"},"image":{"@id":"https:\/\/www.sonoraenequipo.com.mx\/la-oms-advierte-al-mundo-de-muchos-brotes-de-colera-alrededor-del-mundo\/#primaryimage"},"thumbnailUrl":"https:\/\/www.sonoraenequipo.com.mx\/storage\/2022\/09\/brotes-de-colera-en-el-mundo.jpg","articleSection":["MUNDO"],"inLanguage":"es","potentialAction":[{"@type":"CommentAction","name":"Comment","target":["https:\/\/www.sonoraenequipo.com.mx\/la-oms-advierte-al-mundo-de-muchos-brotes-de-colera-alrededor-del-mundo\/#respond"]}]},{"@type":"WebPage","@id":"https:\/\/www.sonoraenequipo.com.mx\/la-oms-advierte-al-mundo-de-muchos-brotes-de-colera-alrededor-del-mundo\/","url":"https:\/\/www.sonoraenequipo.com.mx\/la-oms-advierte-al-mundo-de-muchos-brotes-de-colera-alrededor-del-mundo\/","name":"Sonora en Equipo. La OMS advierte al mundo de muchos brotes de c\u00f3lera alrededor del mundo MUNDO","isPartOf":{"@id":"https:\/\/www.sonoraenequipo.com.mx\/#website"},"primaryImageOfPage":{"@id":"https:\/\/www.sonoraenequipo.com.mx\/la-oms-advierte-al-mundo-de-muchos-brotes-de-colera-alrededor-del-mundo\/#primaryimage"},"image":{"@id":"https:\/\/www.sonoraenequipo.com.mx\/la-oms-advierte-al-mundo-de-muchos-brotes-de-colera-alrededor-del-mundo\/#primaryimage"},"thumbnailUrl":"https:\/\/www.sonoraenequipo.com.mx\/storage\/2022\/09\/brotes-de-colera-en-el-mundo.jpg","datePublished":"2022-09-30T16:15:42+00:00","dateModified":"2022-09-30T17:04:54+00:00","description":"GINEBRA, SUIZA. \u2014 La Organizaci\u00f3n Mundial de la Salud (OMS) dijo hoy (30.09.2022) que se est\u00e1n produciendo alrededor del mundo muchos brotes de c\u00f3lera, En Sonora en Equipo publicamos toda la informaci\u00f3n de Sonora, M\u00e9xico y el Mundo de manera oportuna y busca que la libertad de expresi\u00f3n sea real. Visita nuestro medio informativo publicado desde Hermosillo, Sonora. %","breadcrumb":{"@id":"https:\/\/www.sonoraenequipo.com.mx\/la-oms-advierte-al-mundo-de-muchos-brotes-de-colera-alrededor-del-mundo\/#breadcrumb"},"inLanguage":"es","potentialAction":[{"@type":"ReadAction","target":["https:\/\/www.sonoraenequipo.com.mx\/la-oms-advierte-al-mundo-de-muchos-brotes-de-colera-alrededor-del-mundo\/"]}]},{"@type":"ImageObject","inLanguage":"es","@id":"https:\/\/www.sonoraenequipo.com.mx\/la-oms-advierte-al-mundo-de-muchos-brotes-de-colera-alrededor-del-mundo\/#primaryimage","url":"https:\/\/www.sonoraenequipo.com.mx\/storage\/2022\/09\/brotes-de-colera-en-el-mundo.jpg","contentUrl":"https:\/\/www.sonoraenequipo.com.mx\/storage\/2022\/09\/brotes-de-colera-en-el-mundo.jpg","width":850,"height":486},{"@type":"BreadcrumbList","@id":"https:\/\/www.sonoraenequipo.com.mx\/la-oms-advierte-al-mundo-de-muchos-brotes-de-colera-alrededor-del-mundo\/#breadcrumb","itemListElement":[{"@type":"ListItem","position":1,"name":"Portada","item":"https:\/\/www.sonoraenequipo.com.mx\/"},{"@type":"ListItem","position":2,"name":"La OMS advierte al mundo de muchos brotes de c\u00f3lera alrededor del mundo"}]},{"@type":"WebSite","@id":"https:\/\/www.sonoraenequipo.com.mx\/#website","url":"https:\/\/www.sonoraenequipo.com.mx\/","name":"Sonora en Equipo.","description":"Diario en l\u00ednea con Noticias desde Hermosillo, Sonora","publisher":{"@id":"https:\/\/www.sonoraenequipo.com.mx\/#organization"},"potentialAction":[{"@type":"SearchAction","target":{"@type":"EntryPoint","urlTemplate":"https:\/\/www.sonoraenequipo.com.mx\/?s={search_term_string}"},"query-input":{"@type":"PropertyValueSpecification","valueRequired":true,"valueName":"search_term_string"}}],"inLanguage":"es"},{"@type":"Organization","@id":"https:\/\/www.sonoraenequipo.com.mx\/#organization","name":"Sonoraenequipo.com.mx","url":"https:\/\/www.sonoraenequipo.com.mx\/","logo":{"@type":"ImageObject","inLanguage":"es","@id":"https:\/\/www.sonoraenequipo.com.mx\/#\/schema\/logo\/image\/","url":"https:\/\/www.sonoraenequipo.com.mx\/storage\/2019\/01\/sonoraenequipo_opt.png","contentUrl":"https:\/\/www.sonoraenequipo.com.mx\/storage\/2019\/01\/sonoraenequipo_opt.png","width":375,"height":125,"caption":"Sonoraenequipo.com.mx"},"image":{"@id":"https:\/\/www.sonoraenequipo.com.mx\/#\/schema\/logo\/image\/"},"sameAs":["https:\/\/www.facebook.com\/SonoraEE\/","https:\/\/x.com\/sonoraenequipo","https:\/\/www.youtube.com\/channel\/UC338nW-lPEYmJQs4ZABQ1SQ"]},{"@type":"Person","@id":"https:\/\/www.sonoraenequipo.com.mx\/#\/schema\/person\/50102df0fb23a8fa9e8effad8fa81386","name":"enequipo","image":{"@type":"ImageObject","inLanguage":"es","@id":"https:\/\/www.sonoraenequipo.com.mx\/#\/schema\/person\/image\/","url":"https:\/\/secure.gravatar.com\/avatar\/049821681b589dabc0bc20695993ccebb09f5b5d4d790cd9251b97faac7c652b?s=96&d=blank&r=g","contentUrl":"https:\/\/secure.gravatar.com\/avatar\/049821681b589dabc0bc20695993ccebb09f5b5d4d790cd9251b97faac7c652b?s=96&d=blank&r=g","caption":"enequipo"},"sameAs":["https:\/\/www.facebook.com\/SonoraEE"]}]}},"jetpack_featured_media_url":"https:\/\/www.sonoraenequipo.com.mx\/storage\/2022\/09\/brotes-de-colera-en-el-mundo.jpg","_links":{"self":[{"href":"https:\/\/www.sonoraenequipo.com.mx\/api\/wp\/v2\/posts\/148142","targetHints":{"allow":["GET"]}}],"collection":[{"href":"https:\/\/www.sonoraenequipo.com.mx\/api\/wp\/v2\/posts"}],"about":[{"href":"https:\/\/www.sonoraenequipo.com.mx\/api\/wp\/v2\/types\/post"}],"author":[{"embeddable":true,"href":"https:\/\/www.sonoraenequipo.com.mx\/api\/wp\/v2\/users\/1"}],"replies":[{"embeddable":true,"href":"https:\/\/www.sonoraenequipo.com.mx\/api\/wp\/v2\/comments?post=148142"}],"version-history":[{"count":1,"href":"https:\/\/www.sonoraenequipo.com.mx\/api\/wp\/v2\/posts\/148142\/revisions"}],"predecessor-version":[{"id":148144,"href":"https:\/\/www.sonoraenequipo.com.mx\/api\/wp\/v2\/posts\/148142\/revisions\/148144"}],"wp:featuredmedia":[{"embeddable":true,"href":"https:\/\/www.sonoraenequipo.com.mx\/api\/wp\/v2\/media\/148143"}],"wp:attachment":[{"href":"https:\/\/www.sonoraenequipo.com.mx\/api\/wp\/v2\/media?parent=148142"}],"wp:term":[{"taxonomy":"category","embeddable":true,"href":"https:\/\/www.sonoraenequipo.com.mx\/api\/wp\/v2\/categories?post=148142"},{"taxonomy":"post_tag","embeddable":true,"href":"https:\/\/www.sonoraenequipo.com.mx\/api\/wp\/v2\/tags?post=148142"}],"curies":[{"name":"wp","href":"https:\/\/api.w.org\/{rel}","templated":true}]}}