{"id":148145,"date":"2022-09-30T10:35:10","date_gmt":"2022-09-30T17:35:10","guid":{"rendered":"https:\/\/www.sonoraenequipo.com.mx\/?p=148145"},"modified":"2022-09-30T10:12:43","modified_gmt":"2022-09-30T17:12:43","slug":"bombardeo-deja-25-muertos-en-ucrania-antes-de-que-rusia-formalice-anexion-de-cuatro-regiones","status":"publish","type":"post","link":"https:\/\/www.sonoraenequipo.com.mx\/bombardeo-deja-25-muertos-en-ucrania-antes-de-que-rusia-formalice-anexion-de-cuatro-regiones\/","title":{"rendered":"Bombardeo deja 25 muertos en Ucrania antes de que Rusia formalice anexi\u00f3n de cuatro regiones"},"content":{"rendered":"<p><strong>UCRANIA. \u2014<\/strong> Un bombardeo contra un convoy de veh\u00edculos civiles caus\u00f3 al menos 25 muertos el viernes en el sur de Ucrania, horas antes de que Rusia formalice la anexi\u00f3n de cuatro regiones ucranianas.<\/p>\n<p>&nbsp;<\/p>\n<p> <\/p>\n<p>&nbsp;<\/p>\n<p>El presidente ruso Vladimir Putin se dispone a oficializar este viernes la anexi\u00f3n de las regiones de Donesk, Lugansk, Jers\u00f3n y Zaporiyia, ocupadas por sus tropas en Ucrania, abriendo la puerta a emplear armas nucleares para defender su territorio.<\/p>\n<p>&nbsp;<\/p>\n<p>&nbsp;<\/p>\n<p>Todo est\u00e1 listo en Mosc\u00fa: el Kremlin acoger\u00e1 a las 12H00 GMT una ceremonia para ratificar la anexi\u00f3n en la que Putin pronunciar\u00e1 \u201cun discurso voluminoso\u201d, en t\u00e9rminos del portavoz Dmitri Peskov.<\/p>\n<p>&nbsp;<\/p>\n<p>&nbsp;<\/p>\n<p>Poco antes de la ceremonia, el portavoz de la presidencia rusa, Dmitri Peskov, dijo que Rusia a\u00fan debe \u201caclarar\u201d si se anexar\u00e1 la totalidad de las regiones ucranianas de Jers\u00f3n y Zaporiyia o s\u00f3lo las partes que ocupa.<\/p>\n<blockquote class=\"twitter-tweet\" data-width=\"550\" data-dnt=\"true\">\n<p lang=\"es\" dir=\"ltr\">\ud83c\uddfa\ud83c\udde6 Bombardeo en Zaporiyia<\/p>\n<p>Ucrania acusa a las fuerzas rusas del ataque contra un convoy humanitario que ha dejado al menos 23 muertos este viernes. <\/p>\n<p>El bombardeo tuvo lugar en una de las cuatro regiones que Putin pretende anexionar a Rusia por decreto en pocas horas. \/oh <a href=\"https:\/\/t.co\/NIFsVmvPnj\">pic.twitter.com\/NIFsVmvPnj<\/a><\/p>\n<p>&mdash; DW Espa\u00f1ol (@dw_espanol) <a href=\"https:\/\/twitter.com\/dw_espanol\/status\/1575806411912511489?ref_src=twsrc%5Etfw\">September 30, 2022<\/a><\/p><\/blockquote>\n<p><script async src=\"https:\/\/platform.twitter.com\/widgets.js\" charset=\"utf-8\"><\/script><\/p>\n<p>&nbsp;<\/p>\n<p>&nbsp;<\/p>\n<p>PUBLICADO EL 30\/SEPTIEMBRE\/2022\/ Con informaci\u00f3n deEE)<\/p>\n","protected":false},"excerpt":{"rendered":"<p>UCRANIA. \u2014 Un bombardeo contra un convoy de veh\u00edculos civiles caus\u00f3 al menos 25 muertos&#8230;<\/p>\n","protected":false},"author":1,"featured_media":148146,"comment_status":"open","ping_status":"open","sticky":false,"template":"","format":"standard","meta":{"_monsterinsights_skip_tracking":false,"_monsterinsights_sitenote_active":false,"_monsterinsights_sitenote_note":"","_monsterinsights_sitenote_category":0,"footnotes":""},"categories":[3],"tags":[],"class_list":["post"],"yoast_head":" \n<title>Sonora en Equipo. Bombardeo deja 25 muertos en Ucrania antes de que Rusia formalice anexi\u00f3n de cuatro regiones MUNDO<\/title>\n<meta name=\"description\" content=\"UCRANIA. \u2014 Un bombardeo contra un convoy de veh\u00edculos civiles caus\u00f3 al menos 25 muertos el viernes en el sur de Ucrania, horas antes de que Rusia En Sonora en Equipo publicamos toda la informaci\u00f3n de Sonora, M\u00e9xico y el Mundo de manera oportuna y busca que la libertad de expresi\u00f3n sea real. Visita nuestro medio informativo publicado desde Hermosillo, Sonora. %\" \/>\n<meta name=\"robots\" content=\"index, follow, max-snippet:-1, max-image-preview:large, max-video-preview:-1\" \/>\n<link rel=\"canonical\" href=\"https:\/\/www.sonoraenequipo.com.mx\/bombardeo-deja-25-muertos-en-ucrania-antes-de-que-rusia-formalice-anexion-de-cuatro-regiones\/\" \/>\n<meta property=\"og:locale\" content=\"es_ES\" \/>\n<meta property=\"og:type\" content=\"article\" \/>\n<meta property=\"og:title\" content=\"Sonora en Equipo. Bombardeo deja 25 muertos en Ucrania antes de que Rusia formalice anexi\u00f3n de cuatro regiones MUNDO\" \/>\n<meta property=\"og:description\" content=\"UCRANIA. \u2014 Un bombardeo contra un convoy de veh\u00edculos civiles caus\u00f3 al menos 25 muertos el viernes en el sur de Ucrania, horas antes de que Rusia En Sonora en Equipo publicamos toda la informaci\u00f3n de Sonora, M\u00e9xico y el Mundo de manera oportuna y busca que la libertad de expresi\u00f3n sea real. Visita nuestro medio informativo publicado desde Hermosillo, Sonora. %\" \/>\n<meta property=\"og:url\" content=\"https:\/\/www.sonoraenequipo.com.mx\/bombardeo-deja-25-muertos-en-ucrania-antes-de-que-rusia-formalice-anexion-de-cuatro-regiones\/\" \/>\n<meta property=\"og:site_name\" content=\"Sonora en Equipo.\" \/>\n<meta property=\"article:publisher\" content=\"https:\/\/www.facebook.com\/SonoraEE\/\" \/>\n<meta property=\"article:author\" content=\"https:\/\/www.facebook.com\/SonoraEE\" \/>\n<meta property=\"article:published_time\" content=\"2022-09-30T17:35:10+00:00\" \/>\n<meta property=\"og:image\" content=\"https:\/\/www.sonoraenequipo.com.mx\/storage\/2022\/09\/Bombas-en-Ucrania.jpg\" \/>\n\t<meta property=\"og:image:width\" content=\"900\" \/>\n\t<meta property=\"og:image:height\" content=\"514\" \/>\n\t<meta property=\"og:image:type\" content=\"image\/jpeg\" \/>\n<meta name=\"author\" content=\"enequipo\" \/>\n<meta name=\"twitter:card\" content=\"summary_large_image\" \/>\n<meta name=\"twitter:creator\" content=\"@sonoraenequipo\" \/>\n<meta name=\"twitter:site\" content=\"@sonoraenequipo\" \/>\n<meta name=\"twitter:label1\" content=\"Escrito por\" \/>\n\t<meta name=\"twitter:data1\" content=\"enequipo\" \/>\n\t<meta name=\"twitter:label2\" content=\"Tiempo de lectura\" \/>\n\t<meta name=\"twitter:data2\" content=\"1 minuto\" \/>\n<script type=\"application\/ld+json\" class=\"yoast-schema-graph\">{\"@context\":\"https:\/\/schema.org\",\"@graph\":[{\"@type\":\"Article\",\"@id\":\"https:\/\/www.sonoraenequipo.com.mx\/bombardeo-deja-25-muertos-en-ucrania-antes-de-que-rusia-formalice-anexion-de-cuatro-regiones\/#article\",\"isPartOf\":{\"@id\":\"https:\/\/www.sonoraenequipo.com.mx\/bombardeo-deja-25-muertos-en-ucrania-antes-de-que-rusia-formalice-anexion-de-cuatro-regiones\/\"},\"author\":{\"name\":\"enequipo\",\"@id\":\"https:\/\/www.sonoraenequipo.com.mx\/#\/schema\/person\/50102df0fb23a8fa9e8effad8fa81386\"},\"headline\":\"Bombardeo deja 25 muertos en Ucrania antes de que Rusia formalice anexi\u00f3n de cuatro regiones\",\"datePublished\":\"2022-09-30T17:35:10+00:00\",\"mainEntityOfPage\":{\"@id\":\"https:\/\/www.sonoraenequipo.com.mx\/bombardeo-deja-25-muertos-en-ucrania-antes-de-que-rusia-formalice-anexion-de-cuatro-regiones\/\"},\"wordCount\":186,\"commentCount\":0,\"publisher\":{\"@id\":\"https:\/\/www.sonoraenequipo.com.mx\/#organization\"},\"image\":{\"@id\":\"https:\/\/www.sonoraenequipo.com.mx\/bombardeo-deja-25-muertos-en-ucrania-antes-de-que-rusia-formalice-anexion-de-cuatro-regiones\/#primaryimage\"},\"thumbnailUrl\":\"https:\/\/www.sonoraenequipo.com.mx\/storage\/2022\/09\/Bombas-en-Ucrania.jpg\",\"articleSection\":[\"MUNDO\"],\"inLanguage\":\"es\",\"potentialAction\":[{\"@type\":\"CommentAction\",\"name\":\"Comment\",\"target\":[\"https:\/\/www.sonoraenequipo.com.mx\/bombardeo-deja-25-muertos-en-ucrania-antes-de-que-rusia-formalice-anexion-de-cuatro-regiones\/#respond\"]}]},{\"@type\":\"WebPage\",\"@id\":\"https:\/\/www.sonoraenequipo.com.mx\/bombardeo-deja-25-muertos-en-ucrania-antes-de-que-rusia-formalice-anexion-de-cuatro-regiones\/\",\"url\":\"https:\/\/www.sonoraenequipo.com.mx\/bombardeo-deja-25-muertos-en-ucrania-antes-de-que-rusia-formalice-anexion-de-cuatro-regiones\/\",\"name\":\"Sonora en Equipo. Bombardeo deja 25 muertos en Ucrania antes de que Rusia formalice anexi\u00f3n de cuatro regiones MUNDO\",\"isPartOf\":{\"@id\":\"https:\/\/www.sonoraenequipo.com.mx\/#website\"},\"primaryImageOfPage\":{\"@id\":\"https:\/\/www.sonoraenequipo.com.mx\/bombardeo-deja-25-muertos-en-ucrania-antes-de-que-rusia-formalice-anexion-de-cuatro-regiones\/#primaryimage\"},\"image\":{\"@id\":\"https:\/\/www.sonoraenequipo.com.mx\/bombardeo-deja-25-muertos-en-ucrania-antes-de-que-rusia-formalice-anexion-de-cuatro-regiones\/#primaryimage\"},\"thumbnailUrl\":\"https:\/\/www.sonoraenequipo.com.mx\/storage\/2022\/09\/Bombas-en-Ucrania.jpg\",\"datePublished\":\"2022-09-30T17:35:10+00:00\",\"description\":\"UCRANIA. \u2014 Un bombardeo contra un convoy de veh\u00edculos civiles caus\u00f3 al menos 25 muertos el viernes en el sur de Ucrania, horas antes de que Rusia En Sonora en Equipo publicamos toda la informaci\u00f3n de Sonora, M\u00e9xico y el Mundo de manera oportuna y busca que la libertad de expresi\u00f3n sea real. Visita nuestro medio informativo publicado desde Hermosillo, Sonora. %\",\"breadcrumb\":{\"@id\":\"https:\/\/www.sonoraenequipo.com.mx\/bombardeo-deja-25-muertos-en-ucrania-antes-de-que-rusia-formalice-anexion-de-cuatro-regiones\/#breadcrumb\"},\"inLanguage\":\"es\",\"potentialAction\":[{\"@type\":\"ReadAction\",\"target\":[\"https:\/\/www.sonoraenequipo.com.mx\/bombardeo-deja-25-muertos-en-ucrania-antes-de-que-rusia-formalice-anexion-de-cuatro-regiones\/\"]}]},{\"@type\":\"ImageObject\",\"inLanguage\":\"es\",\"@id\":\"https:\/\/www.sonoraenequipo.com.mx\/bombardeo-deja-25-muertos-en-ucrania-antes-de-que-rusia-formalice-anexion-de-cuatro-regiones\/#primaryimage\",\"url\":\"https:\/\/www.sonoraenequipo.com.mx\/storage\/2022\/09\/Bombas-en-Ucrania.jpg\",\"contentUrl\":\"https:\/\/www.sonoraenequipo.com.mx\/storage\/2022\/09\/Bombas-en-Ucrania.jpg\",\"width\":900,\"height\":514},{\"@type\":\"BreadcrumbList\",\"@id\":\"https:\/\/www.sonoraenequipo.com.mx\/bombardeo-deja-25-muertos-en-ucrania-antes-de-que-rusia-formalice-anexion-de-cuatro-regiones\/#breadcrumb\",\"itemListElement\":[{\"@type\":\"ListItem\",\"position\":1,\"name\":\"Portada\",\"item\":\"https:\/\/www.sonoraenequipo.com.mx\/\"},{\"@type\":\"ListItem\",\"position\":2,\"name\":\"Bombardeo deja 25 muertos en Ucrania antes de que Rusia formalice anexi\u00f3n de cuatro regiones\"}]},{\"@type\":\"WebSite\",\"@id\":\"https:\/\/www.sonoraenequipo.com.mx\/#website\",\"url\":\"https:\/\/www.sonoraenequipo.com.mx\/\",\"name\":\"Sonora en Equipo.\",\"description\":\"Diario en l\u00ednea con Noticias desde Hermosillo, Sonora\",\"publisher\":{\"@id\":\"https:\/\/www.sonoraenequipo.com.mx\/#organization\"},\"potentialAction\":[{\"@type\":\"SearchAction\",\"target\":{\"@type\":\"EntryPoint\",\"urlTemplate\":\"https:\/\/www.sonoraenequipo.com.mx\/?s={search_term_string}\"},\"query-input\":{\"@type\":\"PropertyValueSpecification\",\"valueRequired\":true,\"valueName\":\"search_term_string\"}}],\"inLanguage\":\"es\"},{\"@type\":\"Organization\",\"@id\":\"https:\/\/www.sonoraenequipo.com.mx\/#organization\",\"name\":\"Sonoraenequipo.com.mx\",\"url\":\"https:\/\/www.sonoraenequipo.com.mx\/\",\"logo\":{\"@type\":\"ImageObject\",\"inLanguage\":\"es\",\"@id\":\"https:\/\/www.sonoraenequipo.com.mx\/#\/schema\/logo\/image\/\",\"url\":\"https:\/\/www.sonoraenequipo.com.mx\/storage\/2019\/01\/sonoraenequipo_opt.png\",\"contentUrl\":\"https:\/\/www.sonoraenequipo.com.mx\/storage\/2019\/01\/sonoraenequipo_opt.png\",\"width\":375,\"height\":125,\"caption\":\"Sonoraenequipo.com.mx\"},\"image\":{\"@id\":\"https:\/\/www.sonoraenequipo.com.mx\/#\/schema\/logo\/image\/\"},\"sameAs\":[\"https:\/\/www.facebook.com\/SonoraEE\/\",\"https:\/\/x.com\/sonoraenequipo\",\"https:\/\/www.youtube.com\/channel\/UC338nW-lPEYmJQs4ZABQ1SQ\"]},{\"@type\":\"Person\",\"@id\":\"https:\/\/www.sonoraenequipo.com.mx\/#\/schema\/person\/50102df0fb23a8fa9e8effad8fa81386\",\"name\":\"enequipo\",\"image\":{\"@type\":\"ImageObject\",\"inLanguage\":\"es\",\"@id\":\"https:\/\/www.sonoraenequipo.com.mx\/#\/schema\/person\/image\/\",\"url\":\"https:\/\/secure.gravatar.com\/avatar\/049821681b589dabc0bc20695993ccebb09f5b5d4d790cd9251b97faac7c652b?s=96&d=blank&r=g\",\"contentUrl\":\"https:\/\/secure.gravatar.com\/avatar\/049821681b589dabc0bc20695993ccebb09f5b5d4d790cd9251b97faac7c652b?s=96&d=blank&r=g\",\"caption\":\"enequipo\"},\"sameAs\":[\"https:\/\/www.facebook.com\/SonoraEE\"]}]}<\/script>\n ","yoast_head_json":{"title":"Sonora en Equipo. Bombardeo deja 25 muertos en Ucrania antes de que Rusia formalice anexi\u00f3n de cuatro regiones MUNDO","description":"UCRANIA. \u2014 Un bombardeo contra un convoy de veh\u00edculos civiles caus\u00f3 al menos 25 muertos el viernes en el sur de Ucrania, horas antes de que Rusia En Sonora en Equipo publicamos toda la informaci\u00f3n de Sonora, M\u00e9xico y el Mundo de manera oportuna y busca que la libertad de expresi\u00f3n sea real. Visita nuestro medio informativo publicado desde Hermosillo, Sonora. %","robots":{"index":"index","follow":"follow","max-snippet":"max-snippet:-1","max-image-preview":"max-image-preview:large","max-video-preview":"max-video-preview:-1"},"canonical":"https:\/\/www.sonoraenequipo.com.mx\/bombardeo-deja-25-muertos-en-ucrania-antes-de-que-rusia-formalice-anexion-de-cuatro-regiones\/","og_locale":"es_ES","og_type":"article","og_title":"Sonora en Equipo. Bombardeo deja 25 muertos en Ucrania antes de que Rusia formalice anexi\u00f3n de cuatro regiones MUNDO","og_description":"UCRANIA. \u2014 Un bombardeo contra un convoy de veh\u00edculos civiles caus\u00f3 al menos 25 muertos el viernes en el sur de Ucrania, horas antes de que Rusia En Sonora en Equipo publicamos toda la informaci\u00f3n de Sonora, M\u00e9xico y el Mundo de manera oportuna y busca que la libertad de expresi\u00f3n sea real. Visita nuestro medio informativo publicado desde Hermosillo, Sonora. %","og_url":"https:\/\/www.sonoraenequipo.com.mx\/bombardeo-deja-25-muertos-en-ucrania-antes-de-que-rusia-formalice-anexion-de-cuatro-regiones\/","og_site_name":"Sonora en Equipo.","article_publisher":"https:\/\/www.facebook.com\/SonoraEE\/","article_author":"https:\/\/www.facebook.com\/SonoraEE","article_published_time":"2022-09-30T17:35:10+00:00","og_image":[{"width":900,"height":514,"url":"https:\/\/www.sonoraenequipo.com.mx\/storage\/2022\/09\/Bombas-en-Ucrania.jpg","type":"image\/jpeg"}],"author":"enequipo","twitter_card":"summary_large_image","twitter_creator":"@sonoraenequipo","twitter_site":"@sonoraenequipo","twitter_misc":{"Escrito por":"enequipo","Tiempo de lectura":"1 minuto"},"schema":{"@context":"https:\/\/schema.org","@graph":[{"@type":"Article","@id":"https:\/\/www.sonoraenequipo.com.mx\/bombardeo-deja-25-muertos-en-ucrania-antes-de-que-rusia-formalice-anexion-de-cuatro-regiones\/#article","isPartOf":{"@id":"https:\/\/www.sonoraenequipo.com.mx\/bombardeo-deja-25-muertos-en-ucrania-antes-de-que-rusia-formalice-anexion-de-cuatro-regiones\/"},"author":{"name":"enequipo","@id":"https:\/\/www.sonoraenequipo.com.mx\/#\/schema\/person\/50102df0fb23a8fa9e8effad8fa81386"},"headline":"Bombardeo deja 25 muertos en Ucrania antes de que Rusia formalice anexi\u00f3n de cuatro regiones","datePublished":"2022-09-30T17:35:10+00:00","mainEntityOfPage":{"@id":"https:\/\/www.sonoraenequipo.com.mx\/bombardeo-deja-25-muertos-en-ucrania-antes-de-que-rusia-formalice-anexion-de-cuatro-regiones\/"},"wordCount":186,"commentCount":0,"publisher":{"@id":"https:\/\/www.sonoraenequipo.com.mx\/#organization"},"image":{"@id":"https:\/\/www.sonoraenequipo.com.mx\/bombardeo-deja-25-muertos-en-ucrania-antes-de-que-rusia-formalice-anexion-de-cuatro-regiones\/#primaryimage"},"thumbnailUrl":"https:\/\/www.sonoraenequipo.com.mx\/storage\/2022\/09\/Bombas-en-Ucrania.jpg","articleSection":["MUNDO"],"inLanguage":"es","potentialAction":[{"@type":"CommentAction","name":"Comment","target":["https:\/\/www.sonoraenequipo.com.mx\/bombardeo-deja-25-muertos-en-ucrania-antes-de-que-rusia-formalice-anexion-de-cuatro-regiones\/#respond"]}]},{"@type":"WebPage","@id":"https:\/\/www.sonoraenequipo.com.mx\/bombardeo-deja-25-muertos-en-ucrania-antes-de-que-rusia-formalice-anexion-de-cuatro-regiones\/","url":"https:\/\/www.sonoraenequipo.com.mx\/bombardeo-deja-25-muertos-en-ucrania-antes-de-que-rusia-formalice-anexion-de-cuatro-regiones\/","name":"Sonora en Equipo. Bombardeo deja 25 muertos en Ucrania antes de que Rusia formalice anexi\u00f3n de cuatro regiones MUNDO","isPartOf":{"@id":"https:\/\/www.sonoraenequipo.com.mx\/#website"},"primaryImageOfPage":{"@id":"https:\/\/www.sonoraenequipo.com.mx\/bombardeo-deja-25-muertos-en-ucrania-antes-de-que-rusia-formalice-anexion-de-cuatro-regiones\/#primaryimage"},"image":{"@id":"https:\/\/www.sonoraenequipo.com.mx\/bombardeo-deja-25-muertos-en-ucrania-antes-de-que-rusia-formalice-anexion-de-cuatro-regiones\/#primaryimage"},"thumbnailUrl":"https:\/\/www.sonoraenequipo.com.mx\/storage\/2022\/09\/Bombas-en-Ucrania.jpg","datePublished":"2022-09-30T17:35:10+00:00","description":"UCRANIA. \u2014 Un bombardeo contra un convoy de veh\u00edculos civiles caus\u00f3 al menos 25 muertos el viernes en el sur de Ucrania, horas antes de que Rusia En Sonora en Equipo publicamos toda la informaci\u00f3n de Sonora, M\u00e9xico y el Mundo de manera oportuna y busca que la libertad de expresi\u00f3n sea real. Visita nuestro medio informativo publicado desde Hermosillo, Sonora. %","breadcrumb":{"@id":"https:\/\/www.sonoraenequipo.com.mx\/bombardeo-deja-25-muertos-en-ucrania-antes-de-que-rusia-formalice-anexion-de-cuatro-regiones\/#breadcrumb"},"inLanguage":"es","potentialAction":[{"@type":"ReadAction","target":["https:\/\/www.sonoraenequipo.com.mx\/bombardeo-deja-25-muertos-en-ucrania-antes-de-que-rusia-formalice-anexion-de-cuatro-regiones\/"]}]},{"@type":"ImageObject","inLanguage":"es","@id":"https:\/\/www.sonoraenequipo.com.mx\/bombardeo-deja-25-muertos-en-ucrania-antes-de-que-rusia-formalice-anexion-de-cuatro-regiones\/#primaryimage","url":"https:\/\/www.sonoraenequipo.com.mx\/storage\/2022\/09\/Bombas-en-Ucrania.jpg","contentUrl":"https:\/\/www.sonoraenequipo.com.mx\/storage\/2022\/09\/Bombas-en-Ucrania.jpg","width":900,"height":514},{"@type":"BreadcrumbList","@id":"https:\/\/www.sonoraenequipo.com.mx\/bombardeo-deja-25-muertos-en-ucrania-antes-de-que-rusia-formalice-anexion-de-cuatro-regiones\/#breadcrumb","itemListElement":[{"@type":"ListItem","position":1,"name":"Portada","item":"https:\/\/www.sonoraenequipo.com.mx\/"},{"@type":"ListItem","position":2,"name":"Bombardeo deja 25 muertos en Ucrania antes de que Rusia formalice anexi\u00f3n de cuatro regiones"}]},{"@type":"WebSite","@id":"https:\/\/www.sonoraenequipo.com.mx\/#website","url":"https:\/\/www.sonoraenequipo.com.mx\/","name":"Sonora en Equipo.","description":"Diario en l\u00ednea con Noticias desde Hermosillo, Sonora","publisher":{"@id":"https:\/\/www.sonoraenequipo.com.mx\/#organization"},"potentialAction":[{"@type":"SearchAction","target":{"@type":"EntryPoint","urlTemplate":"https:\/\/www.sonoraenequipo.com.mx\/?s={search_term_string}"},"query-input":{"@type":"PropertyValueSpecification","valueRequired":true,"valueName":"search_term_string"}}],"inLanguage":"es"},{"@type":"Organization","@id":"https:\/\/www.sonoraenequipo.com.mx\/#organization","name":"Sonoraenequipo.com.mx","url":"https:\/\/www.sonoraenequipo.com.mx\/","logo":{"@type":"ImageObject","inLanguage":"es","@id":"https:\/\/www.sonoraenequipo.com.mx\/#\/schema\/logo\/image\/","url":"https:\/\/www.sonoraenequipo.com.mx\/storage\/2019\/01\/sonoraenequipo_opt.png","contentUrl":"https:\/\/www.sonoraenequipo.com.mx\/storage\/2019\/01\/sonoraenequipo_opt.png","width":375,"height":125,"caption":"Sonoraenequipo.com.mx"},"image":{"@id":"https:\/\/www.sonoraenequipo.com.mx\/#\/schema\/logo\/image\/"},"sameAs":["https:\/\/www.facebook.com\/SonoraEE\/","https:\/\/x.com\/sonoraenequipo","https:\/\/www.youtube.com\/channel\/UC338nW-lPEYmJQs4ZABQ1SQ"]},{"@type":"Person","@id":"https:\/\/www.sonoraenequipo.com.mx\/#\/schema\/person\/50102df0fb23a8fa9e8effad8fa81386","name":"enequipo","image":{"@type":"ImageObject","inLanguage":"es","@id":"https:\/\/www.sonoraenequipo.com.mx\/#\/schema\/person\/image\/","url":"https:\/\/secure.gravatar.com\/avatar\/049821681b589dabc0bc20695993ccebb09f5b5d4d790cd9251b97faac7c652b?s=96&d=blank&r=g","contentUrl":"https:\/\/secure.gravatar.com\/avatar\/049821681b589dabc0bc20695993ccebb09f5b5d4d790cd9251b97faac7c652b?s=96&d=blank&r=g","caption":"enequipo"},"sameAs":["https:\/\/www.facebook.com\/SonoraEE"]}]}},"jetpack_featured_media_url":"https:\/\/www.sonoraenequipo.com.mx\/storage\/2022\/09\/Bombas-en-Ucrania.jpg","_links":{"self":[{"href":"https:\/\/www.sonoraenequipo.com.mx\/api\/wp\/v2\/posts\/148145","targetHints":{"allow":["GET"]}}],"collection":[{"href":"https:\/\/www.sonoraenequipo.com.mx\/api\/wp\/v2\/posts"}],"about":[{"href":"https:\/\/www.sonoraenequipo.com.mx\/api\/wp\/v2\/types\/post"}],"author":[{"embeddable":true,"href":"https:\/\/www.sonoraenequipo.com.mx\/api\/wp\/v2\/users\/1"}],"replies":[{"embeddable":true,"href":"https:\/\/www.sonoraenequipo.com.mx\/api\/wp\/v2\/comments?post=148145"}],"version-history":[{"count":1,"href":"https:\/\/www.sonoraenequipo.com.mx\/api\/wp\/v2\/posts\/148145\/revisions"}],"predecessor-version":[{"id":148147,"href":"https:\/\/www.sonoraenequipo.com.mx\/api\/wp\/v2\/posts\/148145\/revisions\/148147"}],"wp:featuredmedia":[{"embeddable":true,"href":"https:\/\/www.sonoraenequipo.com.mx\/api\/wp\/v2\/media\/148146"}],"wp:attachment":[{"href":"https:\/\/www.sonoraenequipo.com.mx\/api\/wp\/v2\/media?parent=148145"}],"wp:term":[{"taxonomy":"category","embeddable":true,"href":"https:\/\/www.sonoraenequipo.com.mx\/api\/wp\/v2\/categories?post=148145"},{"taxonomy":"post_tag","embeddable":true,"href":"https:\/\/www.sonoraenequipo.com.mx\/api\/wp\/v2\/tags?post=148145"}],"curies":[{"name":"wp","href":"https:\/\/api.w.org\/{rel}","templated":true}]}}