{"id":148148,"date":"2022-09-30T11:05:59","date_gmt":"2022-09-30T18:05:59","guid":{"rendered":"https:\/\/www.sonoraenequipo.com.mx\/?p=148148"},"modified":"2022-09-30T10:21:46","modified_gmt":"2022-09-30T17:21:46","slug":"alemania-afronta-el-inicio-de-una-ola-de-coronavirus-otonal","status":"publish","type":"post","link":"https:\/\/www.sonoraenequipo.com.mx\/alemania-afronta-el-inicio-de-una-ola-de-coronavirus-otonal\/","title":{"rendered":"Alemania afronta el inicio de una ola de coronavirus oto\u00f1al"},"content":{"rendered":"<p><strong>MUNICH, ALEMANIA. \u2014<\/strong> El ministro alem\u00e1n de Sanidad, Karl Lauterbach, afirm\u00f3 hoy que Alemania afronta ya el comienzo de una ola de coronavirus oto\u00f1al y llam\u00f3 a aplicar las medidas disponibles para evitar \u201cuna situaci\u00f3n adicional de estr\u00e9s\u201d.<\/p>\n<p>&nbsp;<\/p>\n<p> <\/p>\n<p>&nbsp;<\/p>\n<p><em><strong>\u201cNos encontramos claramente al inicio de una ola oto\u00f1al e invernal, no s\u00f3lo en Alemania, sino a nivel internacional\u201d,<\/strong><\/em> dijo el ministro en una rueda de prensa para analizar la evoluci\u00f3n de la pandemia en el pa\u00eds.<\/p>\n<p>&nbsp;<\/p>\n<p>&nbsp;<\/p>\n<p>Precis\u00f3 que pr\u00e1cticamente en todo el mundo la variante actualmente problem\u00e1tica es la BA.5 y agreg\u00f3 que hay que asumir que ser\u00e1 necesario combatir esta ola, que \u201cno remitir\u00e1 por s\u00ed sola\u201d.<\/p>\n<p>&nbsp;<\/p>\n<p>&nbsp;<\/p>\n<p>Agreg\u00f3 que el coronavirus en estos momentos \u201cno est\u00e1 tan en primer plano\u201d, con otras crisis m\u00e1s importantes, y agreg\u00f3 que depende de todos que siga siendo as\u00ed, es decir, que la pandemia contin\u00fae siendo un tema destacado, pero no el dominante.<\/p>\n<p>&nbsp;<\/p>\n<p>&nbsp;<\/p>\n<p>Se\u00f1al\u00f3 que habr\u00e1 mucho que hacer para <strong><em>\u201cevitar una situaci\u00f3n adicional de estr\u00e9s este oto\u00f1o y este invierno\u201d<\/em> <\/strong>y subray\u00f3 la importancia de que las consecuencias de la guerra en Ucrania<strong><em>, \u201cque ya son suficientemente duras\u201d<\/em><\/strong>, no se vean agravadas con infecciones por covid-19, una sobrecarga de las infraestructuras cr\u00edticas y muchas bajas por enfermedad.<\/p>\n<p>&nbsp;<\/p>\n<p>PUBLICADO EL 30\/SEPTIEMBRE\/2022\/ Con informaci\u00f3n deEE)<\/p>\n","protected":false},"excerpt":{"rendered":"<p>MUNICH, ALEMANIA. \u2014 El ministro alem\u00e1n de Sanidad, Karl Lauterbach, afirm\u00f3 hoy que Alemania afronta&#8230;<\/p>\n","protected":false},"author":1,"featured_media":148149,"comment_status":"open","ping_status":"open","sticky":false,"template":"","format":"standard","meta":{"_monsterinsights_skip_tracking":false,"_monsterinsights_sitenote_active":false,"_monsterinsights_sitenote_note":"","_monsterinsights_sitenote_category":0,"footnotes":""},"categories":[3],"tags":[],"class_list":["post"],"yoast_head":" \n<title>Sonora en Equipo. Alemania afronta el inicio de una ola de coronavirus oto\u00f1al MUNDO<\/title>\n<meta name=\"description\" content=\"MUNICH, ALEMANIA. \u2014 El ministro alem\u00e1n de Sanidad, Karl Lauterbach, afirm\u00f3 hoy que Alemania afronta ya el comienzo de una ola de coronavirus oto\u00f1al y En Sonora en Equipo publicamos toda la informaci\u00f3n de Sonora, M\u00e9xico y el Mundo de manera oportuna y busca que la libertad de expresi\u00f3n sea real. Visita nuestro medio informativo publicado desde Hermosillo, Sonora. %\" \/>\n<meta name=\"robots\" content=\"index, follow, max-snippet:-1, max-image-preview:large, max-video-preview:-1\" \/>\n<link rel=\"canonical\" href=\"https:\/\/www.sonoraenequipo.com.mx\/alemania-afronta-el-inicio-de-una-ola-de-coronavirus-otonal\/\" \/>\n<meta property=\"og:locale\" content=\"es_ES\" \/>\n<meta property=\"og:type\" content=\"article\" \/>\n<meta property=\"og:title\" content=\"Sonora en Equipo. Alemania afronta el inicio de una ola de coronavirus oto\u00f1al MUNDO\" \/>\n<meta property=\"og:description\" content=\"MUNICH, ALEMANIA. \u2014 El ministro alem\u00e1n de Sanidad, Karl Lauterbach, afirm\u00f3 hoy que Alemania afronta ya el comienzo de una ola de coronavirus oto\u00f1al y En Sonora en Equipo publicamos toda la informaci\u00f3n de Sonora, M\u00e9xico y el Mundo de manera oportuna y busca que la libertad de expresi\u00f3n sea real. Visita nuestro medio informativo publicado desde Hermosillo, Sonora. %\" \/>\n<meta property=\"og:url\" content=\"https:\/\/www.sonoraenequipo.com.mx\/alemania-afronta-el-inicio-de-una-ola-de-coronavirus-otonal\/\" \/>\n<meta property=\"og:site_name\" content=\"Sonora en Equipo.\" \/>\n<meta property=\"article:publisher\" content=\"https:\/\/www.facebook.com\/SonoraEE\/\" \/>\n<meta property=\"article:author\" content=\"https:\/\/www.facebook.com\/SonoraEE\" \/>\n<meta property=\"article:published_time\" content=\"2022-09-30T18:05:59+00:00\" \/>\n<meta property=\"og:image\" content=\"https:\/\/www.sonoraenequipo.com.mx\/storage\/2022\/09\/alemania-covid19.jpg\" \/>\n\t<meta property=\"og:image:width\" content=\"900\" \/>\n\t<meta property=\"og:image:height\" content=\"514\" \/>\n\t<meta property=\"og:image:type\" content=\"image\/jpeg\" \/>\n<meta name=\"author\" content=\"enequipo\" \/>\n<meta name=\"twitter:card\" content=\"summary_large_image\" \/>\n<meta name=\"twitter:creator\" content=\"@sonoraenequipo\" \/>\n<meta name=\"twitter:site\" content=\"@sonoraenequipo\" \/>\n<meta name=\"twitter:label1\" content=\"Escrito por\" \/>\n\t<meta name=\"twitter:data1\" content=\"enequipo\" \/>\n\t<meta name=\"twitter:label2\" content=\"Tiempo de lectura\" \/>\n\t<meta name=\"twitter:data2\" content=\"1 minuto\" \/>\n<script type=\"application\/ld+json\" class=\"yoast-schema-graph\">{\"@context\":\"https:\/\/schema.org\",\"@graph\":[{\"@type\":\"Article\",\"@id\":\"https:\/\/www.sonoraenequipo.com.mx\/alemania-afronta-el-inicio-de-una-ola-de-coronavirus-otonal\/#article\",\"isPartOf\":{\"@id\":\"https:\/\/www.sonoraenequipo.com.mx\/alemania-afronta-el-inicio-de-una-ola-de-coronavirus-otonal\/\"},\"author\":{\"name\":\"enequipo\",\"@id\":\"https:\/\/www.sonoraenequipo.com.mx\/#\/schema\/person\/50102df0fb23a8fa9e8effad8fa81386\"},\"headline\":\"Alemania afronta el inicio de una ola de coronavirus oto\u00f1al\",\"datePublished\":\"2022-09-30T18:05:59+00:00\",\"mainEntityOfPage\":{\"@id\":\"https:\/\/www.sonoraenequipo.com.mx\/alemania-afronta-el-inicio-de-una-ola-de-coronavirus-otonal\/\"},\"wordCount\":247,\"commentCount\":0,\"publisher\":{\"@id\":\"https:\/\/www.sonoraenequipo.com.mx\/#organization\"},\"image\":{\"@id\":\"https:\/\/www.sonoraenequipo.com.mx\/alemania-afronta-el-inicio-de-una-ola-de-coronavirus-otonal\/#primaryimage\"},\"thumbnailUrl\":\"https:\/\/www.sonoraenequipo.com.mx\/storage\/2022\/09\/alemania-covid19.jpg\",\"articleSection\":[\"MUNDO\"],\"inLanguage\":\"es\",\"potentialAction\":[{\"@type\":\"CommentAction\",\"name\":\"Comment\",\"target\":[\"https:\/\/www.sonoraenequipo.com.mx\/alemania-afronta-el-inicio-de-una-ola-de-coronavirus-otonal\/#respond\"]}]},{\"@type\":\"WebPage\",\"@id\":\"https:\/\/www.sonoraenequipo.com.mx\/alemania-afronta-el-inicio-de-una-ola-de-coronavirus-otonal\/\",\"url\":\"https:\/\/www.sonoraenequipo.com.mx\/alemania-afronta-el-inicio-de-una-ola-de-coronavirus-otonal\/\",\"name\":\"Sonora en Equipo. Alemania afronta el inicio de una ola de coronavirus oto\u00f1al MUNDO\",\"isPartOf\":{\"@id\":\"https:\/\/www.sonoraenequipo.com.mx\/#website\"},\"primaryImageOfPage\":{\"@id\":\"https:\/\/www.sonoraenequipo.com.mx\/alemania-afronta-el-inicio-de-una-ola-de-coronavirus-otonal\/#primaryimage\"},\"image\":{\"@id\":\"https:\/\/www.sonoraenequipo.com.mx\/alemania-afronta-el-inicio-de-una-ola-de-coronavirus-otonal\/#primaryimage\"},\"thumbnailUrl\":\"https:\/\/www.sonoraenequipo.com.mx\/storage\/2022\/09\/alemania-covid19.jpg\",\"datePublished\":\"2022-09-30T18:05:59+00:00\",\"description\":\"MUNICH, ALEMANIA. \u2014 El ministro alem\u00e1n de Sanidad, Karl Lauterbach, afirm\u00f3 hoy que Alemania afronta ya el comienzo de una ola de coronavirus oto\u00f1al y En Sonora en Equipo publicamos toda la informaci\u00f3n de Sonora, M\u00e9xico y el Mundo de manera oportuna y busca que la libertad de expresi\u00f3n sea real. Visita nuestro medio informativo publicado desde Hermosillo, Sonora. %\",\"breadcrumb\":{\"@id\":\"https:\/\/www.sonoraenequipo.com.mx\/alemania-afronta-el-inicio-de-una-ola-de-coronavirus-otonal\/#breadcrumb\"},\"inLanguage\":\"es\",\"potentialAction\":[{\"@type\":\"ReadAction\",\"target\":[\"https:\/\/www.sonoraenequipo.com.mx\/alemania-afronta-el-inicio-de-una-ola-de-coronavirus-otonal\/\"]}]},{\"@type\":\"ImageObject\",\"inLanguage\":\"es\",\"@id\":\"https:\/\/www.sonoraenequipo.com.mx\/alemania-afronta-el-inicio-de-una-ola-de-coronavirus-otonal\/#primaryimage\",\"url\":\"https:\/\/www.sonoraenequipo.com.mx\/storage\/2022\/09\/alemania-covid19.jpg\",\"contentUrl\":\"https:\/\/www.sonoraenequipo.com.mx\/storage\/2022\/09\/alemania-covid19.jpg\",\"width\":900,\"height\":514},{\"@type\":\"BreadcrumbList\",\"@id\":\"https:\/\/www.sonoraenequipo.com.mx\/alemania-afronta-el-inicio-de-una-ola-de-coronavirus-otonal\/#breadcrumb\",\"itemListElement\":[{\"@type\":\"ListItem\",\"position\":1,\"name\":\"Portada\",\"item\":\"https:\/\/www.sonoraenequipo.com.mx\/\"},{\"@type\":\"ListItem\",\"position\":2,\"name\":\"Alemania afronta el inicio de una ola de coronavirus oto\u00f1al\"}]},{\"@type\":\"WebSite\",\"@id\":\"https:\/\/www.sonoraenequipo.com.mx\/#website\",\"url\":\"https:\/\/www.sonoraenequipo.com.mx\/\",\"name\":\"Sonora en Equipo.\",\"description\":\"Diario en l\u00ednea con Noticias desde Hermosillo, Sonora\",\"publisher\":{\"@id\":\"https:\/\/www.sonoraenequipo.com.mx\/#organization\"},\"potentialAction\":[{\"@type\":\"SearchAction\",\"target\":{\"@type\":\"EntryPoint\",\"urlTemplate\":\"https:\/\/www.sonoraenequipo.com.mx\/?s={search_term_string}\"},\"query-input\":{\"@type\":\"PropertyValueSpecification\",\"valueRequired\":true,\"valueName\":\"search_term_string\"}}],\"inLanguage\":\"es\"},{\"@type\":\"Organization\",\"@id\":\"https:\/\/www.sonoraenequipo.com.mx\/#organization\",\"name\":\"Sonoraenequipo.com.mx\",\"url\":\"https:\/\/www.sonoraenequipo.com.mx\/\",\"logo\":{\"@type\":\"ImageObject\",\"inLanguage\":\"es\",\"@id\":\"https:\/\/www.sonoraenequipo.com.mx\/#\/schema\/logo\/image\/\",\"url\":\"https:\/\/www.sonoraenequipo.com.mx\/storage\/2019\/01\/sonoraenequipo_opt.png\",\"contentUrl\":\"https:\/\/www.sonoraenequipo.com.mx\/storage\/2019\/01\/sonoraenequipo_opt.png\",\"width\":375,\"height\":125,\"caption\":\"Sonoraenequipo.com.mx\"},\"image\":{\"@id\":\"https:\/\/www.sonoraenequipo.com.mx\/#\/schema\/logo\/image\/\"},\"sameAs\":[\"https:\/\/www.facebook.com\/SonoraEE\/\",\"https:\/\/x.com\/sonoraenequipo\",\"https:\/\/www.youtube.com\/channel\/UC338nW-lPEYmJQs4ZABQ1SQ\"]},{\"@type\":\"Person\",\"@id\":\"https:\/\/www.sonoraenequipo.com.mx\/#\/schema\/person\/50102df0fb23a8fa9e8effad8fa81386\",\"name\":\"enequipo\",\"image\":{\"@type\":\"ImageObject\",\"inLanguage\":\"es\",\"@id\":\"https:\/\/www.sonoraenequipo.com.mx\/#\/schema\/person\/image\/\",\"url\":\"https:\/\/secure.gravatar.com\/avatar\/049821681b589dabc0bc20695993ccebb09f5b5d4d790cd9251b97faac7c652b?s=96&d=blank&r=g\",\"contentUrl\":\"https:\/\/secure.gravatar.com\/avatar\/049821681b589dabc0bc20695993ccebb09f5b5d4d790cd9251b97faac7c652b?s=96&d=blank&r=g\",\"caption\":\"enequipo\"},\"sameAs\":[\"https:\/\/www.facebook.com\/SonoraEE\"]}]}<\/script>\n ","yoast_head_json":{"title":"Sonora en Equipo. Alemania afronta el inicio de una ola de coronavirus oto\u00f1al MUNDO","description":"MUNICH, ALEMANIA. \u2014 El ministro alem\u00e1n de Sanidad, Karl Lauterbach, afirm\u00f3 hoy que Alemania afronta ya el comienzo de una ola de coronavirus oto\u00f1al y En Sonora en Equipo publicamos toda la informaci\u00f3n de Sonora, M\u00e9xico y el Mundo de manera oportuna y busca que la libertad de expresi\u00f3n sea real. Visita nuestro medio informativo publicado desde Hermosillo, Sonora. %","robots":{"index":"index","follow":"follow","max-snippet":"max-snippet:-1","max-image-preview":"max-image-preview:large","max-video-preview":"max-video-preview:-1"},"canonical":"https:\/\/www.sonoraenequipo.com.mx\/alemania-afronta-el-inicio-de-una-ola-de-coronavirus-otonal\/","og_locale":"es_ES","og_type":"article","og_title":"Sonora en Equipo. Alemania afronta el inicio de una ola de coronavirus oto\u00f1al MUNDO","og_description":"MUNICH, ALEMANIA. \u2014 El ministro alem\u00e1n de Sanidad, Karl Lauterbach, afirm\u00f3 hoy que Alemania afronta ya el comienzo de una ola de coronavirus oto\u00f1al y En Sonora en Equipo publicamos toda la informaci\u00f3n de Sonora, M\u00e9xico y el Mundo de manera oportuna y busca que la libertad de expresi\u00f3n sea real. Visita nuestro medio informativo publicado desde Hermosillo, Sonora. %","og_url":"https:\/\/www.sonoraenequipo.com.mx\/alemania-afronta-el-inicio-de-una-ola-de-coronavirus-otonal\/","og_site_name":"Sonora en Equipo.","article_publisher":"https:\/\/www.facebook.com\/SonoraEE\/","article_author":"https:\/\/www.facebook.com\/SonoraEE","article_published_time":"2022-09-30T18:05:59+00:00","og_image":[{"width":900,"height":514,"url":"https:\/\/www.sonoraenequipo.com.mx\/storage\/2022\/09\/alemania-covid19.jpg","type":"image\/jpeg"}],"author":"enequipo","twitter_card":"summary_large_image","twitter_creator":"@sonoraenequipo","twitter_site":"@sonoraenequipo","twitter_misc":{"Escrito por":"enequipo","Tiempo de lectura":"1 minuto"},"schema":{"@context":"https:\/\/schema.org","@graph":[{"@type":"Article","@id":"https:\/\/www.sonoraenequipo.com.mx\/alemania-afronta-el-inicio-de-una-ola-de-coronavirus-otonal\/#article","isPartOf":{"@id":"https:\/\/www.sonoraenequipo.com.mx\/alemania-afronta-el-inicio-de-una-ola-de-coronavirus-otonal\/"},"author":{"name":"enequipo","@id":"https:\/\/www.sonoraenequipo.com.mx\/#\/schema\/person\/50102df0fb23a8fa9e8effad8fa81386"},"headline":"Alemania afronta el inicio de una ola de coronavirus oto\u00f1al","datePublished":"2022-09-30T18:05:59+00:00","mainEntityOfPage":{"@id":"https:\/\/www.sonoraenequipo.com.mx\/alemania-afronta-el-inicio-de-una-ola-de-coronavirus-otonal\/"},"wordCount":247,"commentCount":0,"publisher":{"@id":"https:\/\/www.sonoraenequipo.com.mx\/#organization"},"image":{"@id":"https:\/\/www.sonoraenequipo.com.mx\/alemania-afronta-el-inicio-de-una-ola-de-coronavirus-otonal\/#primaryimage"},"thumbnailUrl":"https:\/\/www.sonoraenequipo.com.mx\/storage\/2022\/09\/alemania-covid19.jpg","articleSection":["MUNDO"],"inLanguage":"es","potentialAction":[{"@type":"CommentAction","name":"Comment","target":["https:\/\/www.sonoraenequipo.com.mx\/alemania-afronta-el-inicio-de-una-ola-de-coronavirus-otonal\/#respond"]}]},{"@type":"WebPage","@id":"https:\/\/www.sonoraenequipo.com.mx\/alemania-afronta-el-inicio-de-una-ola-de-coronavirus-otonal\/","url":"https:\/\/www.sonoraenequipo.com.mx\/alemania-afronta-el-inicio-de-una-ola-de-coronavirus-otonal\/","name":"Sonora en Equipo. Alemania afronta el inicio de una ola de coronavirus oto\u00f1al MUNDO","isPartOf":{"@id":"https:\/\/www.sonoraenequipo.com.mx\/#website"},"primaryImageOfPage":{"@id":"https:\/\/www.sonoraenequipo.com.mx\/alemania-afronta-el-inicio-de-una-ola-de-coronavirus-otonal\/#primaryimage"},"image":{"@id":"https:\/\/www.sonoraenequipo.com.mx\/alemania-afronta-el-inicio-de-una-ola-de-coronavirus-otonal\/#primaryimage"},"thumbnailUrl":"https:\/\/www.sonoraenequipo.com.mx\/storage\/2022\/09\/alemania-covid19.jpg","datePublished":"2022-09-30T18:05:59+00:00","description":"MUNICH, ALEMANIA. \u2014 El ministro alem\u00e1n de Sanidad, Karl Lauterbach, afirm\u00f3 hoy que Alemania afronta ya el comienzo de una ola de coronavirus oto\u00f1al y En Sonora en Equipo publicamos toda la informaci\u00f3n de Sonora, M\u00e9xico y el Mundo de manera oportuna y busca que la libertad de expresi\u00f3n sea real. Visita nuestro medio informativo publicado desde Hermosillo, Sonora. %","breadcrumb":{"@id":"https:\/\/www.sonoraenequipo.com.mx\/alemania-afronta-el-inicio-de-una-ola-de-coronavirus-otonal\/#breadcrumb"},"inLanguage":"es","potentialAction":[{"@type":"ReadAction","target":["https:\/\/www.sonoraenequipo.com.mx\/alemania-afronta-el-inicio-de-una-ola-de-coronavirus-otonal\/"]}]},{"@type":"ImageObject","inLanguage":"es","@id":"https:\/\/www.sonoraenequipo.com.mx\/alemania-afronta-el-inicio-de-una-ola-de-coronavirus-otonal\/#primaryimage","url":"https:\/\/www.sonoraenequipo.com.mx\/storage\/2022\/09\/alemania-covid19.jpg","contentUrl":"https:\/\/www.sonoraenequipo.com.mx\/storage\/2022\/09\/alemania-covid19.jpg","width":900,"height":514},{"@type":"BreadcrumbList","@id":"https:\/\/www.sonoraenequipo.com.mx\/alemania-afronta-el-inicio-de-una-ola-de-coronavirus-otonal\/#breadcrumb","itemListElement":[{"@type":"ListItem","position":1,"name":"Portada","item":"https:\/\/www.sonoraenequipo.com.mx\/"},{"@type":"ListItem","position":2,"name":"Alemania afronta el inicio de una ola de coronavirus oto\u00f1al"}]},{"@type":"WebSite","@id":"https:\/\/www.sonoraenequipo.com.mx\/#website","url":"https:\/\/www.sonoraenequipo.com.mx\/","name":"Sonora en Equipo.","description":"Diario en l\u00ednea con Noticias desde Hermosillo, Sonora","publisher":{"@id":"https:\/\/www.sonoraenequipo.com.mx\/#organization"},"potentialAction":[{"@type":"SearchAction","target":{"@type":"EntryPoint","urlTemplate":"https:\/\/www.sonoraenequipo.com.mx\/?s={search_term_string}"},"query-input":{"@type":"PropertyValueSpecification","valueRequired":true,"valueName":"search_term_string"}}],"inLanguage":"es"},{"@type":"Organization","@id":"https:\/\/www.sonoraenequipo.com.mx\/#organization","name":"Sonoraenequipo.com.mx","url":"https:\/\/www.sonoraenequipo.com.mx\/","logo":{"@type":"ImageObject","inLanguage":"es","@id":"https:\/\/www.sonoraenequipo.com.mx\/#\/schema\/logo\/image\/","url":"https:\/\/www.sonoraenequipo.com.mx\/storage\/2019\/01\/sonoraenequipo_opt.png","contentUrl":"https:\/\/www.sonoraenequipo.com.mx\/storage\/2019\/01\/sonoraenequipo_opt.png","width":375,"height":125,"caption":"Sonoraenequipo.com.mx"},"image":{"@id":"https:\/\/www.sonoraenequipo.com.mx\/#\/schema\/logo\/image\/"},"sameAs":["https:\/\/www.facebook.com\/SonoraEE\/","https:\/\/x.com\/sonoraenequipo","https:\/\/www.youtube.com\/channel\/UC338nW-lPEYmJQs4ZABQ1SQ"]},{"@type":"Person","@id":"https:\/\/www.sonoraenequipo.com.mx\/#\/schema\/person\/50102df0fb23a8fa9e8effad8fa81386","name":"enequipo","image":{"@type":"ImageObject","inLanguage":"es","@id":"https:\/\/www.sonoraenequipo.com.mx\/#\/schema\/person\/image\/","url":"https:\/\/secure.gravatar.com\/avatar\/049821681b589dabc0bc20695993ccebb09f5b5d4d790cd9251b97faac7c652b?s=96&d=blank&r=g","contentUrl":"https:\/\/secure.gravatar.com\/avatar\/049821681b589dabc0bc20695993ccebb09f5b5d4d790cd9251b97faac7c652b?s=96&d=blank&r=g","caption":"enequipo"},"sameAs":["https:\/\/www.facebook.com\/SonoraEE"]}]}},"jetpack_featured_media_url":"https:\/\/www.sonoraenequipo.com.mx\/storage\/2022\/09\/alemania-covid19.jpg","_links":{"self":[{"href":"https:\/\/www.sonoraenequipo.com.mx\/api\/wp\/v2\/posts\/148148","targetHints":{"allow":["GET"]}}],"collection":[{"href":"https:\/\/www.sonoraenequipo.com.mx\/api\/wp\/v2\/posts"}],"about":[{"href":"https:\/\/www.sonoraenequipo.com.mx\/api\/wp\/v2\/types\/post"}],"author":[{"embeddable":true,"href":"https:\/\/www.sonoraenequipo.com.mx\/api\/wp\/v2\/users\/1"}],"replies":[{"embeddable":true,"href":"https:\/\/www.sonoraenequipo.com.mx\/api\/wp\/v2\/comments?post=148148"}],"version-history":[{"count":1,"href":"https:\/\/www.sonoraenequipo.com.mx\/api\/wp\/v2\/posts\/148148\/revisions"}],"predecessor-version":[{"id":148150,"href":"https:\/\/www.sonoraenequipo.com.mx\/api\/wp\/v2\/posts\/148148\/revisions\/148150"}],"wp:featuredmedia":[{"embeddable":true,"href":"https:\/\/www.sonoraenequipo.com.mx\/api\/wp\/v2\/media\/148149"}],"wp:attachment":[{"href":"https:\/\/www.sonoraenequipo.com.mx\/api\/wp\/v2\/media?parent=148148"}],"wp:term":[{"taxonomy":"category","embeddable":true,"href":"https:\/\/www.sonoraenequipo.com.mx\/api\/wp\/v2\/categories?post=148148"},{"taxonomy":"post_tag","embeddable":true,"href":"https:\/\/www.sonoraenequipo.com.mx\/api\/wp\/v2\/tags?post=148148"}],"curies":[{"name":"wp","href":"https:\/\/api.w.org\/{rel}","templated":true}]}}