{"id":148547,"date":"2022-10-06T14:40:34","date_gmt":"2022-10-06T21:40:34","guid":{"rendered":"https:\/\/www.sonoraenequipo.com.mx\/?p=148547"},"modified":"2022-10-06T14:40:34","modified_gmt":"2022-10-06T21:40:34","slug":"salud-sonora-cofepris-y-contraloria-firman-convenio-de-colaboracion","status":"publish","type":"post","link":"https:\/\/www.sonoraenequipo.com.mx\/salud-sonora-cofepris-y-contraloria-firman-convenio-de-colaboracion\/","title":{"rendered":"Salud Sonora, Cofepris y Contralor\u00eda firman convenio de colaboraci\u00f3n"},"content":{"rendered":"<p>\u25baLa Secretar\u00eda de la Contralor\u00eda General entregar\u00e1 c\u00e1maras a la SSA<\/p>\n<p>&nbsp;<\/p>\n<p><strong>HERMOSILLO, SONORA,MX.<\/strong><strong>\u2500\u2500<\/strong> Con el fin de implementar exitosamente en Sonora la Estrategia Nacional de Buen Gobierno en el Sistema Federal Sanitario y obtener mejores pr\u00e1cticas de actuaci\u00f3n, mediante el uso de c\u00e1maras de videograbaci\u00f3n que portar\u00e1n verificadores e inspectores, firmaron convenio la Secretar\u00eda de Salud (SSA) y la Secretar\u00eda de la Contralor\u00eda General del Estado de Sonora, con la Comisi\u00f3n Federal para la Protecci\u00f3n contra Riesgos Sanitarios (Cofepris).<\/p>\n<p>&nbsp;<\/p>\n<p>En la firma del documento estuvieron presentes Jos\u00e9 Luis Alom\u00eda Zegarra, secretario de Salud; Guillermo Alejandro Noriega Esparza, secretario de la Contralor\u00eda General de Sonora; y Alejandro Svarch P\u00e9rez, comisionado nacional de Cofepris; quienes coincidieron que la puesta en marcha de las c\u00e1maras de videograbaci\u00f3n que portar\u00e1n los inspectores ser\u00e1 ben\u00e9fica para la ciudadan\u00eda, la cual tendr\u00e1n certeza de que es correcto el trabajo que desempe\u00f1an.<\/p>\n<p>&nbsp;<\/p>\n<p>Por su parte, Jos\u00e9 Luis Alom\u00eda se\u00f1al\u00f3 que las verificaciones por parte del personal de la Comisi\u00f3n Estatal de Protecci\u00f3n Contra Riesgos Sanitarios del Estado de Sonora (Coesprisson) se llevan a cabo son en varios rubros, como albercas, puestos de comida, restaurantes, cl\u00ednicas particulares, purificadoras de agua, entre otras; por ello, es fundamental contar con las c\u00e1maras y evitar violaciones a la ley.<\/p>\n<p>&nbsp;<\/p>\n<p>\u201cPrecisamente es eso lo que queremos controlar: las malas pr\u00e1cticas. Y a trav\u00e9s de estas nuevas intervenciones, con la firma de este convenio, que se mejore. Que, en su momento, esa actuaci\u00f3n en el campo sea con el \u00fanico objetivo de proteger la salud de las personas y que no est\u00e9 involucrado alg\u00fan otro tipo de acci\u00f3n en contra de la poblaci\u00f3n. Y eso es mucho de lo que hoy, a trav\u00e9s de la firma de este convenio, vamos a poder empezar a abordar, justo de la implementaci\u00f3n en Sonora de la Estrategia del Buen Gobierno\u201d, recalc\u00f3.<\/p>\n<p>&nbsp;<\/p>\n<p>Alejandro Svarch P\u00e9rez, comisionado nacional de Cofepris, coment\u00f3 que con el inicio de esta estrategia tambi\u00e9n se realizar\u00e1 una transferencia de recursos para el despliegue de la misma y, con ello, promover la integridad del servicio p\u00fablico y acabar con la corrupci\u00f3n. Por tal motivo, las c\u00e1maras de videograbaci\u00f3n son un mecanismo de protecci\u00f3n para el inspector que, adem\u00e1s, le permitir\u00e1 obtener mejores resultados en la verificaci\u00f3n sanitaria.<\/p>\n<p>&nbsp;<\/p>\n<p>Guillermo Alejandro Noriega Esparza, secretario de la Contralor\u00eda General de Sonora, dijo que con esta nueva estrategia con Cofepris y la Secretar\u00eda de Salud, se instalar\u00e1n 280 c\u00e1maras, la mitad de estas en Coesprisson, donde los inspectores las tendr\u00e1n encendidas durante todo su horario laboral.<\/p>\n<p>&nbsp;<\/p>\n<p>En esta firma de convenio tambi\u00e9n estuvieron presentes Gabriela del Carmen Nucamendi Cervantes, subsecretaria de los Servicios de Salud de Sonora; Andrea Enr\u00edquez Quintana, subsecretaria de Administraci\u00f3n y Finanzas; Marcia Leyva Gast\u00e9lum, directora del Laboratorio Estatal de Salud P\u00fablica; Sergio Morales Garc\u00eda, comisionado de la Coesprisson; Mauricio Monta\u00f1o Medina, director de Asuntos Jur\u00eddicos de la Secretar\u00eda de Salud; Patricia Eugenia Arg\u00fcelles Canescon, directora de Auditor\u00eda Gubernamental de la Contralor\u00eda; y Carlos Alberto Aguilar Acosta, coordinador general del Sistema Federal Sanitario.<\/p>\n<p><strong><u>Fecha de publicaci\u00f3n jueves 6 de octubre de 2022<\/u><\/strong><\/p>\n<p>&nbsp;<\/p>\n<p>&nbsp;<\/p>\n","protected":false},"excerpt":{"rendered":"<p>\u25baLa Secretar\u00eda de la Contralor\u00eda General entregar\u00e1 c\u00e1maras a la SSA &nbsp; HERMOSILLO, SONORA,MX.\u2500\u2500 Con&#8230;<\/p>\n","protected":false},"author":1,"featured_media":148548,"comment_status":"open","ping_status":"open","sticky":false,"template":"","format":"standard","meta":{"_monsterinsights_skip_tracking":false,"_monsterinsights_sitenote_active":false,"_monsterinsights_sitenote_note":"","_monsterinsights_sitenote_category":0,"footnotes":""},"categories":[22],"tags":[788,6415,74],"class_list":["post"],"yoast_head":" \n<title>Sonora en Equipo. Salud Sonora, Cofepris y Contralor\u00eda firman convenio de colaboraci\u00f3n Sonora<\/title>\n<meta name=\"description\" content=\"\u25baLa Secretar\u00eda de la Contralor\u00eda General entregar\u00e1 c\u00e1maras a la SSA &nbsp; HERMOSILLO, SONORA,MX.\u2500\u2500 Con el fin de implementar exitosamente en Sonora la En Sonora en Equipo publicamos toda la informaci\u00f3n de Sonora, M\u00e9xico y el Mundo de manera oportuna y busca que la libertad de expresi\u00f3n sea real. Visita nuestro medio informativo publicado desde Hermosillo, Sonora. %\" \/>\n<meta name=\"robots\" content=\"index, follow, max-snippet:-1, max-image-preview:large, max-video-preview:-1\" \/>\n<link rel=\"canonical\" href=\"https:\/\/www.sonoraenequipo.com.mx\/salud-sonora-cofepris-y-contraloria-firman-convenio-de-colaboracion\/\" \/>\n<meta property=\"og:locale\" content=\"es_ES\" \/>\n<meta property=\"og:type\" content=\"article\" \/>\n<meta property=\"og:title\" content=\"Sonora en Equipo. Salud Sonora, Cofepris y Contralor\u00eda firman convenio de colaboraci\u00f3n Sonora\" \/>\n<meta property=\"og:description\" content=\"\u25baLa Secretar\u00eda de la Contralor\u00eda General entregar\u00e1 c\u00e1maras a la SSA &nbsp; HERMOSILLO, SONORA,MX.\u2500\u2500 Con el fin de implementar exitosamente en Sonora la En Sonora en Equipo publicamos toda la informaci\u00f3n de Sonora, M\u00e9xico y el Mundo de manera oportuna y busca que la libertad de expresi\u00f3n sea real. Visita nuestro medio informativo publicado desde Hermosillo, Sonora. %\" \/>\n<meta property=\"og:url\" content=\"https:\/\/www.sonoraenequipo.com.mx\/salud-sonora-cofepris-y-contraloria-firman-convenio-de-colaboracion\/\" \/>\n<meta property=\"og:site_name\" content=\"Sonora en Equipo.\" \/>\n<meta property=\"article:publisher\" content=\"https:\/\/www.facebook.com\/SonoraEE\/\" \/>\n<meta property=\"article:author\" content=\"https:\/\/www.facebook.com\/SonoraEE\" \/>\n<meta property=\"article:published_time\" content=\"2022-10-06T21:40:34+00:00\" \/>\n<meta property=\"og:image\" content=\"https:\/\/www.sonoraenequipo.com.mx\/storage\/2022\/10\/salud-cofepris.jpg\" \/>\n\t<meta property=\"og:image:width\" content=\"700\" \/>\n\t<meta property=\"og:image:height\" content=\"469\" \/>\n\t<meta property=\"og:image:type\" content=\"image\/jpeg\" \/>\n<meta name=\"author\" content=\"enequipo\" \/>\n<meta name=\"twitter:card\" content=\"summary_large_image\" \/>\n<meta name=\"twitter:creator\" content=\"@sonoraenequipo\" \/>\n<meta name=\"twitter:site\" content=\"@sonoraenequipo\" \/>\n<meta name=\"twitter:label1\" content=\"Escrito por\" \/>\n\t<meta name=\"twitter:data1\" content=\"enequipo\" \/>\n\t<meta name=\"twitter:label2\" content=\"Tiempo de lectura\" \/>\n\t<meta name=\"twitter:data2\" content=\"3 minutos\" \/>\n<script type=\"application\/ld+json\" class=\"yoast-schema-graph\">{\"@context\":\"https:\/\/schema.org\",\"@graph\":[{\"@type\":\"Article\",\"@id\":\"https:\/\/www.sonoraenequipo.com.mx\/salud-sonora-cofepris-y-contraloria-firman-convenio-de-colaboracion\/#article\",\"isPartOf\":{\"@id\":\"https:\/\/www.sonoraenequipo.com.mx\/salud-sonora-cofepris-y-contraloria-firman-convenio-de-colaboracion\/\"},\"author\":{\"name\":\"enequipo\",\"@id\":\"https:\/\/www.sonoraenequipo.com.mx\/#\/schema\/person\/50102df0fb23a8fa9e8effad8fa81386\"},\"headline\":\"Salud Sonora, Cofepris y Contralor\u00eda firman convenio de colaboraci\u00f3n\",\"datePublished\":\"2022-10-06T21:40:34+00:00\",\"mainEntityOfPage\":{\"@id\":\"https:\/\/www.sonoraenequipo.com.mx\/salud-sonora-cofepris-y-contraloria-firman-convenio-de-colaboracion\/\"},\"wordCount\":589,\"commentCount\":0,\"publisher\":{\"@id\":\"https:\/\/www.sonoraenequipo.com.mx\/#organization\"},\"image\":{\"@id\":\"https:\/\/www.sonoraenequipo.com.mx\/salud-sonora-cofepris-y-contraloria-firman-convenio-de-colaboracion\/#primaryimage\"},\"thumbnailUrl\":\"https:\/\/www.sonoraenequipo.com.mx\/storage\/2022\/10\/salud-cofepris.jpg\",\"keywords\":[\"Cofepris\",\"contraloria\",\"salud\"],\"articleSection\":[\"Sonora\"],\"inLanguage\":\"es\",\"potentialAction\":[{\"@type\":\"CommentAction\",\"name\":\"Comment\",\"target\":[\"https:\/\/www.sonoraenequipo.com.mx\/salud-sonora-cofepris-y-contraloria-firman-convenio-de-colaboracion\/#respond\"]}]},{\"@type\":\"WebPage\",\"@id\":\"https:\/\/www.sonoraenequipo.com.mx\/salud-sonora-cofepris-y-contraloria-firman-convenio-de-colaboracion\/\",\"url\":\"https:\/\/www.sonoraenequipo.com.mx\/salud-sonora-cofepris-y-contraloria-firman-convenio-de-colaboracion\/\",\"name\":\"Sonora en Equipo. Salud Sonora, Cofepris y Contralor\u00eda firman convenio de colaboraci\u00f3n Sonora\",\"isPartOf\":{\"@id\":\"https:\/\/www.sonoraenequipo.com.mx\/#website\"},\"primaryImageOfPage\":{\"@id\":\"https:\/\/www.sonoraenequipo.com.mx\/salud-sonora-cofepris-y-contraloria-firman-convenio-de-colaboracion\/#primaryimage\"},\"image\":{\"@id\":\"https:\/\/www.sonoraenequipo.com.mx\/salud-sonora-cofepris-y-contraloria-firman-convenio-de-colaboracion\/#primaryimage\"},\"thumbnailUrl\":\"https:\/\/www.sonoraenequipo.com.mx\/storage\/2022\/10\/salud-cofepris.jpg\",\"datePublished\":\"2022-10-06T21:40:34+00:00\",\"description\":\"\u25baLa Secretar\u00eda de la Contralor\u00eda General entregar\u00e1 c\u00e1maras a la SSA &nbsp; HERMOSILLO, SONORA,MX.\u2500\u2500 Con el fin de implementar exitosamente en Sonora la En Sonora en Equipo publicamos toda la informaci\u00f3n de Sonora, M\u00e9xico y el Mundo de manera oportuna y busca que la libertad de expresi\u00f3n sea real. Visita nuestro medio informativo publicado desde Hermosillo, Sonora. %\",\"breadcrumb\":{\"@id\":\"https:\/\/www.sonoraenequipo.com.mx\/salud-sonora-cofepris-y-contraloria-firman-convenio-de-colaboracion\/#breadcrumb\"},\"inLanguage\":\"es\",\"potentialAction\":[{\"@type\":\"ReadAction\",\"target\":[\"https:\/\/www.sonoraenequipo.com.mx\/salud-sonora-cofepris-y-contraloria-firman-convenio-de-colaboracion\/\"]}]},{\"@type\":\"ImageObject\",\"inLanguage\":\"es\",\"@id\":\"https:\/\/www.sonoraenequipo.com.mx\/salud-sonora-cofepris-y-contraloria-firman-convenio-de-colaboracion\/#primaryimage\",\"url\":\"https:\/\/www.sonoraenequipo.com.mx\/storage\/2022\/10\/salud-cofepris.jpg\",\"contentUrl\":\"https:\/\/www.sonoraenequipo.com.mx\/storage\/2022\/10\/salud-cofepris.jpg\",\"width\":700,\"height\":469},{\"@type\":\"BreadcrumbList\",\"@id\":\"https:\/\/www.sonoraenequipo.com.mx\/salud-sonora-cofepris-y-contraloria-firman-convenio-de-colaboracion\/#breadcrumb\",\"itemListElement\":[{\"@type\":\"ListItem\",\"position\":1,\"name\":\"Portada\",\"item\":\"https:\/\/www.sonoraenequipo.com.mx\/\"},{\"@type\":\"ListItem\",\"position\":2,\"name\":\"Salud Sonora, Cofepris y Contralor\u00eda firman convenio de colaboraci\u00f3n\"}]},{\"@type\":\"WebSite\",\"@id\":\"https:\/\/www.sonoraenequipo.com.mx\/#website\",\"url\":\"https:\/\/www.sonoraenequipo.com.mx\/\",\"name\":\"Sonora en Equipo.\",\"description\":\"Diario en l\u00ednea con Noticias desde Hermosillo, Sonora\",\"publisher\":{\"@id\":\"https:\/\/www.sonoraenequipo.com.mx\/#organization\"},\"potentialAction\":[{\"@type\":\"SearchAction\",\"target\":{\"@type\":\"EntryPoint\",\"urlTemplate\":\"https:\/\/www.sonoraenequipo.com.mx\/?s={search_term_string}\"},\"query-input\":{\"@type\":\"PropertyValueSpecification\",\"valueRequired\":true,\"valueName\":\"search_term_string\"}}],\"inLanguage\":\"es\"},{\"@type\":\"Organization\",\"@id\":\"https:\/\/www.sonoraenequipo.com.mx\/#organization\",\"name\":\"Sonoraenequipo.com.mx\",\"url\":\"https:\/\/www.sonoraenequipo.com.mx\/\",\"logo\":{\"@type\":\"ImageObject\",\"inLanguage\":\"es\",\"@id\":\"https:\/\/www.sonoraenequipo.com.mx\/#\/schema\/logo\/image\/\",\"url\":\"https:\/\/www.sonoraenequipo.com.mx\/storage\/2019\/01\/sonoraenequipo_opt.png\",\"contentUrl\":\"https:\/\/www.sonoraenequipo.com.mx\/storage\/2019\/01\/sonoraenequipo_opt.png\",\"width\":375,\"height\":125,\"caption\":\"Sonoraenequipo.com.mx\"},\"image\":{\"@id\":\"https:\/\/www.sonoraenequipo.com.mx\/#\/schema\/logo\/image\/\"},\"sameAs\":[\"https:\/\/www.facebook.com\/SonoraEE\/\",\"https:\/\/x.com\/sonoraenequipo\",\"https:\/\/www.youtube.com\/channel\/UC338nW-lPEYmJQs4ZABQ1SQ\"]},{\"@type\":\"Person\",\"@id\":\"https:\/\/www.sonoraenequipo.com.mx\/#\/schema\/person\/50102df0fb23a8fa9e8effad8fa81386\",\"name\":\"enequipo\",\"image\":{\"@type\":\"ImageObject\",\"inLanguage\":\"es\",\"@id\":\"https:\/\/www.sonoraenequipo.com.mx\/#\/schema\/person\/image\/\",\"url\":\"https:\/\/secure.gravatar.com\/avatar\/049821681b589dabc0bc20695993ccebb09f5b5d4d790cd9251b97faac7c652b?s=96&d=blank&r=g\",\"contentUrl\":\"https:\/\/secure.gravatar.com\/avatar\/049821681b589dabc0bc20695993ccebb09f5b5d4d790cd9251b97faac7c652b?s=96&d=blank&r=g\",\"caption\":\"enequipo\"},\"sameAs\":[\"https:\/\/www.facebook.com\/SonoraEE\"]}]}<\/script>\n ","yoast_head_json":{"title":"Sonora en Equipo. Salud Sonora, Cofepris y Contralor\u00eda firman convenio de colaboraci\u00f3n Sonora","description":"\u25baLa Secretar\u00eda de la Contralor\u00eda General entregar\u00e1 c\u00e1maras a la SSA &nbsp; HERMOSILLO, SONORA,MX.\u2500\u2500 Con el fin de implementar exitosamente en Sonora la En Sonora en Equipo publicamos toda la informaci\u00f3n de Sonora, M\u00e9xico y el Mundo de manera oportuna y busca que la libertad de expresi\u00f3n sea real. Visita nuestro medio informativo publicado desde Hermosillo, Sonora. %","robots":{"index":"index","follow":"follow","max-snippet":"max-snippet:-1","max-image-preview":"max-image-preview:large","max-video-preview":"max-video-preview:-1"},"canonical":"https:\/\/www.sonoraenequipo.com.mx\/salud-sonora-cofepris-y-contraloria-firman-convenio-de-colaboracion\/","og_locale":"es_ES","og_type":"article","og_title":"Sonora en Equipo. Salud Sonora, Cofepris y Contralor\u00eda firman convenio de colaboraci\u00f3n Sonora","og_description":"\u25baLa Secretar\u00eda de la Contralor\u00eda General entregar\u00e1 c\u00e1maras a la SSA &nbsp; HERMOSILLO, SONORA,MX.\u2500\u2500 Con el fin de implementar exitosamente en Sonora la En Sonora en Equipo publicamos toda la informaci\u00f3n de Sonora, M\u00e9xico y el Mundo de manera oportuna y busca que la libertad de expresi\u00f3n sea real. Visita nuestro medio informativo publicado desde Hermosillo, Sonora. %","og_url":"https:\/\/www.sonoraenequipo.com.mx\/salud-sonora-cofepris-y-contraloria-firman-convenio-de-colaboracion\/","og_site_name":"Sonora en Equipo.","article_publisher":"https:\/\/www.facebook.com\/SonoraEE\/","article_author":"https:\/\/www.facebook.com\/SonoraEE","article_published_time":"2022-10-06T21:40:34+00:00","og_image":[{"width":700,"height":469,"url":"https:\/\/www.sonoraenequipo.com.mx\/storage\/2022\/10\/salud-cofepris.jpg","type":"image\/jpeg"}],"author":"enequipo","twitter_card":"summary_large_image","twitter_creator":"@sonoraenequipo","twitter_site":"@sonoraenequipo","twitter_misc":{"Escrito por":"enequipo","Tiempo de lectura":"3 minutos"},"schema":{"@context":"https:\/\/schema.org","@graph":[{"@type":"Article","@id":"https:\/\/www.sonoraenequipo.com.mx\/salud-sonora-cofepris-y-contraloria-firman-convenio-de-colaboracion\/#article","isPartOf":{"@id":"https:\/\/www.sonoraenequipo.com.mx\/salud-sonora-cofepris-y-contraloria-firman-convenio-de-colaboracion\/"},"author":{"name":"enequipo","@id":"https:\/\/www.sonoraenequipo.com.mx\/#\/schema\/person\/50102df0fb23a8fa9e8effad8fa81386"},"headline":"Salud Sonora, Cofepris y Contralor\u00eda firman convenio de colaboraci\u00f3n","datePublished":"2022-10-06T21:40:34+00:00","mainEntityOfPage":{"@id":"https:\/\/www.sonoraenequipo.com.mx\/salud-sonora-cofepris-y-contraloria-firman-convenio-de-colaboracion\/"},"wordCount":589,"commentCount":0,"publisher":{"@id":"https:\/\/www.sonoraenequipo.com.mx\/#organization"},"image":{"@id":"https:\/\/www.sonoraenequipo.com.mx\/salud-sonora-cofepris-y-contraloria-firman-convenio-de-colaboracion\/#primaryimage"},"thumbnailUrl":"https:\/\/www.sonoraenequipo.com.mx\/storage\/2022\/10\/salud-cofepris.jpg","keywords":["Cofepris","contraloria","salud"],"articleSection":["Sonora"],"inLanguage":"es","potentialAction":[{"@type":"CommentAction","name":"Comment","target":["https:\/\/www.sonoraenequipo.com.mx\/salud-sonora-cofepris-y-contraloria-firman-convenio-de-colaboracion\/#respond"]}]},{"@type":"WebPage","@id":"https:\/\/www.sonoraenequipo.com.mx\/salud-sonora-cofepris-y-contraloria-firman-convenio-de-colaboracion\/","url":"https:\/\/www.sonoraenequipo.com.mx\/salud-sonora-cofepris-y-contraloria-firman-convenio-de-colaboracion\/","name":"Sonora en Equipo. Salud Sonora, Cofepris y Contralor\u00eda firman convenio de colaboraci\u00f3n Sonora","isPartOf":{"@id":"https:\/\/www.sonoraenequipo.com.mx\/#website"},"primaryImageOfPage":{"@id":"https:\/\/www.sonoraenequipo.com.mx\/salud-sonora-cofepris-y-contraloria-firman-convenio-de-colaboracion\/#primaryimage"},"image":{"@id":"https:\/\/www.sonoraenequipo.com.mx\/salud-sonora-cofepris-y-contraloria-firman-convenio-de-colaboracion\/#primaryimage"},"thumbnailUrl":"https:\/\/www.sonoraenequipo.com.mx\/storage\/2022\/10\/salud-cofepris.jpg","datePublished":"2022-10-06T21:40:34+00:00","description":"\u25baLa Secretar\u00eda de la Contralor\u00eda General entregar\u00e1 c\u00e1maras a la SSA &nbsp; HERMOSILLO, SONORA,MX.\u2500\u2500 Con el fin de implementar exitosamente en Sonora la En Sonora en Equipo publicamos toda la informaci\u00f3n de Sonora, M\u00e9xico y el Mundo de manera oportuna y busca que la libertad de expresi\u00f3n sea real. Visita nuestro medio informativo publicado desde Hermosillo, Sonora. %","breadcrumb":{"@id":"https:\/\/www.sonoraenequipo.com.mx\/salud-sonora-cofepris-y-contraloria-firman-convenio-de-colaboracion\/#breadcrumb"},"inLanguage":"es","potentialAction":[{"@type":"ReadAction","target":["https:\/\/www.sonoraenequipo.com.mx\/salud-sonora-cofepris-y-contraloria-firman-convenio-de-colaboracion\/"]}]},{"@type":"ImageObject","inLanguage":"es","@id":"https:\/\/www.sonoraenequipo.com.mx\/salud-sonora-cofepris-y-contraloria-firman-convenio-de-colaboracion\/#primaryimage","url":"https:\/\/www.sonoraenequipo.com.mx\/storage\/2022\/10\/salud-cofepris.jpg","contentUrl":"https:\/\/www.sonoraenequipo.com.mx\/storage\/2022\/10\/salud-cofepris.jpg","width":700,"height":469},{"@type":"BreadcrumbList","@id":"https:\/\/www.sonoraenequipo.com.mx\/salud-sonora-cofepris-y-contraloria-firman-convenio-de-colaboracion\/#breadcrumb","itemListElement":[{"@type":"ListItem","position":1,"name":"Portada","item":"https:\/\/www.sonoraenequipo.com.mx\/"},{"@type":"ListItem","position":2,"name":"Salud Sonora, Cofepris y Contralor\u00eda firman convenio de colaboraci\u00f3n"}]},{"@type":"WebSite","@id":"https:\/\/www.sonoraenequipo.com.mx\/#website","url":"https:\/\/www.sonoraenequipo.com.mx\/","name":"Sonora en Equipo.","description":"Diario en l\u00ednea con Noticias desde Hermosillo, Sonora","publisher":{"@id":"https:\/\/www.sonoraenequipo.com.mx\/#organization"},"potentialAction":[{"@type":"SearchAction","target":{"@type":"EntryPoint","urlTemplate":"https:\/\/www.sonoraenequipo.com.mx\/?s={search_term_string}"},"query-input":{"@type":"PropertyValueSpecification","valueRequired":true,"valueName":"search_term_string"}}],"inLanguage":"es"},{"@type":"Organization","@id":"https:\/\/www.sonoraenequipo.com.mx\/#organization","name":"Sonoraenequipo.com.mx","url":"https:\/\/www.sonoraenequipo.com.mx\/","logo":{"@type":"ImageObject","inLanguage":"es","@id":"https:\/\/www.sonoraenequipo.com.mx\/#\/schema\/logo\/image\/","url":"https:\/\/www.sonoraenequipo.com.mx\/storage\/2019\/01\/sonoraenequipo_opt.png","contentUrl":"https:\/\/www.sonoraenequipo.com.mx\/storage\/2019\/01\/sonoraenequipo_opt.png","width":375,"height":125,"caption":"Sonoraenequipo.com.mx"},"image":{"@id":"https:\/\/www.sonoraenequipo.com.mx\/#\/schema\/logo\/image\/"},"sameAs":["https:\/\/www.facebook.com\/SonoraEE\/","https:\/\/x.com\/sonoraenequipo","https:\/\/www.youtube.com\/channel\/UC338nW-lPEYmJQs4ZABQ1SQ"]},{"@type":"Person","@id":"https:\/\/www.sonoraenequipo.com.mx\/#\/schema\/person\/50102df0fb23a8fa9e8effad8fa81386","name":"enequipo","image":{"@type":"ImageObject","inLanguage":"es","@id":"https:\/\/www.sonoraenequipo.com.mx\/#\/schema\/person\/image\/","url":"https:\/\/secure.gravatar.com\/avatar\/049821681b589dabc0bc20695993ccebb09f5b5d4d790cd9251b97faac7c652b?s=96&d=blank&r=g","contentUrl":"https:\/\/secure.gravatar.com\/avatar\/049821681b589dabc0bc20695993ccebb09f5b5d4d790cd9251b97faac7c652b?s=96&d=blank&r=g","caption":"enequipo"},"sameAs":["https:\/\/www.facebook.com\/SonoraEE"]}]}},"jetpack_featured_media_url":"https:\/\/www.sonoraenequipo.com.mx\/storage\/2022\/10\/salud-cofepris.jpg","_links":{"self":[{"href":"https:\/\/www.sonoraenequipo.com.mx\/api\/wp\/v2\/posts\/148547","targetHints":{"allow":["GET"]}}],"collection":[{"href":"https:\/\/www.sonoraenequipo.com.mx\/api\/wp\/v2\/posts"}],"about":[{"href":"https:\/\/www.sonoraenequipo.com.mx\/api\/wp\/v2\/types\/post"}],"author":[{"embeddable":true,"href":"https:\/\/www.sonoraenequipo.com.mx\/api\/wp\/v2\/users\/1"}],"replies":[{"embeddable":true,"href":"https:\/\/www.sonoraenequipo.com.mx\/api\/wp\/v2\/comments?post=148547"}],"version-history":[{"count":1,"href":"https:\/\/www.sonoraenequipo.com.mx\/api\/wp\/v2\/posts\/148547\/revisions"}],"predecessor-version":[{"id":148549,"href":"https:\/\/www.sonoraenequipo.com.mx\/api\/wp\/v2\/posts\/148547\/revisions\/148549"}],"wp:featuredmedia":[{"embeddable":true,"href":"https:\/\/www.sonoraenequipo.com.mx\/api\/wp\/v2\/media\/148548"}],"wp:attachment":[{"href":"https:\/\/www.sonoraenequipo.com.mx\/api\/wp\/v2\/media?parent=148547"}],"wp:term":[{"taxonomy":"category","embeddable":true,"href":"https:\/\/www.sonoraenequipo.com.mx\/api\/wp\/v2\/categories?post=148547"},{"taxonomy":"post_tag","embeddable":true,"href":"https:\/\/www.sonoraenequipo.com.mx\/api\/wp\/v2\/tags?post=148547"}],"curies":[{"name":"wp","href":"https:\/\/api.w.org\/{rel}","templated":true}]}}