{"id":148550,"date":"2022-10-06T15:22:25","date_gmt":"2022-10-06T22:22:25","guid":{"rendered":"https:\/\/www.sonoraenequipo.com.mx\/?p=148550"},"modified":"2022-10-06T17:53:28","modified_gmt":"2022-10-07T00:53:28","slug":"ya-no-se-permitiran-mas-bloqueos-carreteros-en-sonora-advierte-la-fiscal-del-estado","status":"publish","type":"post","link":"https:\/\/www.sonoraenequipo.com.mx\/ya-no-se-permitiran-mas-bloqueos-carreteros-en-sonora-advierte-la-fiscal-del-estado\/","title":{"rendered":"Ya no se permitir\u00e1n m\u00e1s bloqueos carreteros en Sonora advierte La Fiscal del estado"},"content":{"rendered":"<p>\u25baExplica Claudia Indira Contreras que establece penas de tres meses a siete a\u00f1os de prisi\u00f3n, y multas, para quienes, para obtener un lucro, interrumpan el tr\u00e1nsito de los medios de transporte y la operaci\u00f3n de los servicios de peaje, entre otros delitos.<\/p>\n<p>&nbsp;<\/p>\n<p>\u25baAdem\u00e1s, se\u00f1al\u00f3 la Fiscal General, se ha actuado en la zona al investigar diversos delitos como el robo de veh\u00edculos, homicidios, desaparici\u00f3n de personas, extorsi\u00f3n, narcomenudeo, con detenidos ya vinculados a proceso.<\/p>\n<p>&nbsp;<\/p>\n<p><strong>HERMOSILLO, SONORA,MX.<\/strong><strong>\u2500\u2500<\/strong> Con la entrada en vigor del Art\u00edculo 533 de la Ley de V\u00edas Generales de Comunicaci\u00f3n, en febrero pasado, facilit\u00f3 a las autoridades actuar en consecuencia contra los boteos que se realizaba de manera il\u00edcita en territorio Yaqui, indic\u00f3 Claudia Indira Contreras C\u00f3rdova.<\/p>\n<p>&nbsp;<\/p>\n<p>\u201cAnteriormente no ten\u00edamos en la Ley un tipo tan claro en el que estableciera que esas conductas, que hemos visto por muchos a\u00f1os en cuanto a los bloqueos carreteros y a estar boteando, y definiera si era del fuero federal o fuero estatal\u201d, abund\u00f3 la Fiscal General.<\/p>\n<p>&nbsp;<\/p>\n<p>El Art\u00edculo 533, se\u00f1al\u00f3, establece sanciones de tres meses a siete a\u00f1os de prisi\u00f3n y multas de 100 a 500 veces el valor diario de la Unidad de Medida y Actualizaci\u00f3n (UMA) para quienes da\u00f1en, perjudiquen o destruyan las v\u00edas generales de comunicaci\u00f3n o los medios de transporte.<\/p>\n<p>&nbsp;<\/p>\n<p>As\u00ed como a quienes interrumpan la construcci\u00f3n de dichas v\u00edas, o para obtener un lucro interrumpan el tr\u00e1nsito de los medios de transporte y la operaci\u00f3n de los servicios de peaje, o total o parcialmente interrumpan o deterioren los dem\u00e1s servicios que operen en las v\u00edas generales de comunicaci\u00f3n o los medios de transporte, a\u00f1adi\u00f3.<\/p>\n<p>&nbsp;<\/p>\n<p>\u201cCon el decreto las autoridades debemos actuar en consecuencia, ya que siempre ha sido un tema de preocupaci\u00f3n y en esta ocasi\u00f3n se dio un bloqueo en la Carretera Internacional, a la altura de V\u00edcam, donde hubo una afectaci\u00f3n importante por lo que se actu\u00f3 en coordinaci\u00f3n, la FGJE y la SSP por medio de AMIC y PESP\u201d, asever\u00f3.<\/p>\n<p>&nbsp;<\/p>\n<p>Pero, adem\u00e1s, ya se ven\u00eda actuando derivado de otros hechos delictivos como la recuperaci\u00f3n de veh\u00edculos con reporte de robo, la desaparici\u00f3n de integrantes del pueblo originario Yaqui, incluso en homicidios, entre otros, resalt\u00f3 la Fiscal.<\/p>\n<p>&nbsp;<\/p>\n<p>Entre algunas acciones, ejemplific\u00f3, est\u00e1 la aprehensi\u00f3n, vinculaci\u00f3n a proceso y prisi\u00f3n preventiva por extorsi\u00f3n agravada, tentativa de homicidio y asociaci\u00f3n delictuosa contra Rafael Esteban \u201cN.\u201d y Sergio Armando \u201cN.\u201d por la agresi\u00f3n a un transportista suscitado el 27 de marzo pasado en Loma de Guam\u00fachil.<\/p>\n<p>&nbsp;<\/p>\n<p>Tambi\u00e9n el cateo realizado el 23 de septiembre, a un costado de la Carretera Internacional, donde se detuvo a Jos\u00e9 Guadalupe \u201cN.\u201d por delito contra la salud en su modalidad de narcomenudeo, luego de que se le asegur\u00f3 narc\u00f3tico, entre otras acciones, record\u00f3.<\/p>\n<p>&nbsp;<\/p>\n<p>\u201cLas investigaciones apenas est\u00e1n iniciando en la Fiscal\u00eda General de la Rep\u00fablica, nosotros tenemos otras del fuero com\u00fan que, por supuesto, seguiremos investigando, pero no podemos negar que tambi\u00e9n, detr\u00e1s de todo esto, se ha venido favoreciendo y, por supuesto, incentivando este tipo de conductas por parte tambi\u00e9n del crimen organizado\u201d, abund\u00f3 la Fiscal en Sonora.<\/p>\n<p><strong><u>Fecha de publicaci\u00f3n jueves 6 de octubre de 2022<\/u><\/strong><\/p>\n","protected":false},"excerpt":{"rendered":"<p>\u25baExplica Claudia Indira Contreras que establece penas de tres meses a siete a\u00f1os de prisi\u00f3n,&#8230;<\/p>\n","protected":false},"author":1,"featured_media":0,"comment_status":"open","ping_status":"open","sticky":false,"template":"","format":"standard","meta":{"_monsterinsights_skip_tracking":false,"_monsterinsights_sitenote_active":false,"_monsterinsights_sitenote_note":"","_monsterinsights_sitenote_category":0,"footnotes":""},"categories":[3144],"tags":[3583,170,15],"class_list":["post"],"yoast_head":" \n<title>Sonora en Equipo. Ya no se permitir\u00e1n m\u00e1s bloqueos carreteros en Sonora advierte La Fiscal del estado Polic\u00edaca<\/title>\n<meta name=\"description\" content=\"\u25baExplica Claudia Indira Contreras que establece penas de tres meses a siete a\u00f1os de prisi\u00f3n, y multas, para quienes, para obtener un lucro, interrumpan el En Sonora en Equipo publicamos toda la informaci\u00f3n de Sonora, M\u00e9xico y el Mundo de manera oportuna y busca que la libertad de expresi\u00f3n sea real. Visita nuestro medio informativo publicado desde Hermosillo, Sonora. %\" \/>\n<meta name=\"robots\" content=\"index, follow, max-snippet:-1, max-image-preview:large, max-video-preview:-1\" \/>\n<link rel=\"canonical\" href=\"https:\/\/www.sonoraenequipo.com.mx\/ya-no-se-permitiran-mas-bloqueos-carreteros-en-sonora-advierte-la-fiscal-del-estado\/\" \/>\n<meta property=\"og:locale\" content=\"es_ES\" \/>\n<meta property=\"og:type\" content=\"article\" \/>\n<meta property=\"og:title\" content=\"Sonora en Equipo. Ya no se permitir\u00e1n m\u00e1s bloqueos carreteros en Sonora advierte La Fiscal del estado Polic\u00edaca\" \/>\n<meta property=\"og:description\" content=\"\u25baExplica Claudia Indira Contreras que establece penas de tres meses a siete a\u00f1os de prisi\u00f3n, y multas, para quienes, para obtener un lucro, interrumpan el En Sonora en Equipo publicamos toda la informaci\u00f3n de Sonora, M\u00e9xico y el Mundo de manera oportuna y busca que la libertad de expresi\u00f3n sea real. Visita nuestro medio informativo publicado desde Hermosillo, Sonora. %\" \/>\n<meta property=\"og:url\" content=\"https:\/\/www.sonoraenequipo.com.mx\/ya-no-se-permitiran-mas-bloqueos-carreteros-en-sonora-advierte-la-fiscal-del-estado\/\" \/>\n<meta property=\"og:site_name\" content=\"Sonora en Equipo.\" \/>\n<meta property=\"article:publisher\" content=\"https:\/\/www.facebook.com\/SonoraEE\/\" \/>\n<meta property=\"article:author\" content=\"https:\/\/www.facebook.com\/SonoraEE\" \/>\n<meta property=\"article:published_time\" content=\"2022-10-06T22:22:25+00:00\" \/>\n<meta property=\"article:modified_time\" content=\"2022-10-07T00:53:28+00:00\" \/>\n<meta property=\"og:image\" content=\"https:\/\/www.sonoraenequipo.com.mx\/storage\/2022\/09\/claudia-contreras.jpg\" \/>\n\t<meta property=\"og:image:width\" content=\"700\" \/>\n\t<meta property=\"og:image:height\" content=\"500\" \/>\n\t<meta property=\"og:image:type\" content=\"image\/jpeg\" \/>\n<meta name=\"author\" content=\"enequipo\" \/>\n<meta name=\"twitter:card\" content=\"summary_large_image\" \/>\n<meta name=\"twitter:creator\" content=\"@sonoraenequipo\" \/>\n<meta name=\"twitter:site\" content=\"@sonoraenequipo\" \/>\n<meta name=\"twitter:label1\" content=\"Escrito por\" \/>\n\t<meta name=\"twitter:data1\" content=\"enequipo\" \/>\n\t<meta name=\"twitter:label2\" content=\"Tiempo de lectura\" \/>\n\t<meta name=\"twitter:data2\" content=\"3 minutos\" \/>\n<script type=\"application\/ld+json\" class=\"yoast-schema-graph\">{\"@context\":\"https:\/\/schema.org\",\"@graph\":[{\"@type\":\"Article\",\"@id\":\"https:\/\/www.sonoraenequipo.com.mx\/ya-no-se-permitiran-mas-bloqueos-carreteros-en-sonora-advierte-la-fiscal-del-estado\/#article\",\"isPartOf\":{\"@id\":\"https:\/\/www.sonoraenequipo.com.mx\/ya-no-se-permitiran-mas-bloqueos-carreteros-en-sonora-advierte-la-fiscal-del-estado\/\"},\"author\":{\"name\":\"enequipo\",\"@id\":\"https:\/\/www.sonoraenequipo.com.mx\/#\/schema\/person\/50102df0fb23a8fa9e8effad8fa81386\"},\"headline\":\"Ya no se permitir\u00e1n m\u00e1s bloqueos carreteros en Sonora advierte La Fiscal del estado\",\"datePublished\":\"2022-10-06T22:22:25+00:00\",\"dateModified\":\"2022-10-07T00:53:28+00:00\",\"mainEntityOfPage\":{\"@id\":\"https:\/\/www.sonoraenequipo.com.mx\/ya-no-se-permitiran-mas-bloqueos-carreteros-en-sonora-advierte-la-fiscal-del-estado\/\"},\"wordCount\":596,\"commentCount\":0,\"publisher\":{\"@id\":\"https:\/\/www.sonoraenequipo.com.mx\/#organization\"},\"keywords\":[\"carreteras\",\"Seguridad\",\"Sonora\"],\"articleSection\":[\"Polic\u00edaca\"],\"inLanguage\":\"es\",\"potentialAction\":[{\"@type\":\"CommentAction\",\"name\":\"Comment\",\"target\":[\"https:\/\/www.sonoraenequipo.com.mx\/ya-no-se-permitiran-mas-bloqueos-carreteros-en-sonora-advierte-la-fiscal-del-estado\/#respond\"]}]},{\"@type\":\"WebPage\",\"@id\":\"https:\/\/www.sonoraenequipo.com.mx\/ya-no-se-permitiran-mas-bloqueos-carreteros-en-sonora-advierte-la-fiscal-del-estado\/\",\"url\":\"https:\/\/www.sonoraenequipo.com.mx\/ya-no-se-permitiran-mas-bloqueos-carreteros-en-sonora-advierte-la-fiscal-del-estado\/\",\"name\":\"Sonora en Equipo. Ya no se permitir\u00e1n m\u00e1s bloqueos carreteros en Sonora advierte La Fiscal del estado Polic\u00edaca\",\"isPartOf\":{\"@id\":\"https:\/\/www.sonoraenequipo.com.mx\/#website\"},\"datePublished\":\"2022-10-06T22:22:25+00:00\",\"dateModified\":\"2022-10-07T00:53:28+00:00\",\"description\":\"\u25baExplica Claudia Indira Contreras que establece penas de tres meses a siete a\u00f1os de prisi\u00f3n, y multas, para quienes, para obtener un lucro, interrumpan el En Sonora en Equipo publicamos toda la informaci\u00f3n de Sonora, M\u00e9xico y el Mundo de manera oportuna y busca que la libertad de expresi\u00f3n sea real. Visita nuestro medio informativo publicado desde Hermosillo, Sonora. %\",\"breadcrumb\":{\"@id\":\"https:\/\/www.sonoraenequipo.com.mx\/ya-no-se-permitiran-mas-bloqueos-carreteros-en-sonora-advierte-la-fiscal-del-estado\/#breadcrumb\"},\"inLanguage\":\"es\",\"potentialAction\":[{\"@type\":\"ReadAction\",\"target\":[\"https:\/\/www.sonoraenequipo.com.mx\/ya-no-se-permitiran-mas-bloqueos-carreteros-en-sonora-advierte-la-fiscal-del-estado\/\"]}]},{\"@type\":\"BreadcrumbList\",\"@id\":\"https:\/\/www.sonoraenequipo.com.mx\/ya-no-se-permitiran-mas-bloqueos-carreteros-en-sonora-advierte-la-fiscal-del-estado\/#breadcrumb\",\"itemListElement\":[{\"@type\":\"ListItem\",\"position\":1,\"name\":\"Portada\",\"item\":\"https:\/\/www.sonoraenequipo.com.mx\/\"},{\"@type\":\"ListItem\",\"position\":2,\"name\":\"Ya no se permitir\u00e1n m\u00e1s bloqueos carreteros en Sonora advierte La Fiscal del estado\"}]},{\"@type\":\"WebSite\",\"@id\":\"https:\/\/www.sonoraenequipo.com.mx\/#website\",\"url\":\"https:\/\/www.sonoraenequipo.com.mx\/\",\"name\":\"Sonora en Equipo.\",\"description\":\"Diario en l\u00ednea con Noticias desde Hermosillo, Sonora\",\"publisher\":{\"@id\":\"https:\/\/www.sonoraenequipo.com.mx\/#organization\"},\"potentialAction\":[{\"@type\":\"SearchAction\",\"target\":{\"@type\":\"EntryPoint\",\"urlTemplate\":\"https:\/\/www.sonoraenequipo.com.mx\/?s={search_term_string}\"},\"query-input\":{\"@type\":\"PropertyValueSpecification\",\"valueRequired\":true,\"valueName\":\"search_term_string\"}}],\"inLanguage\":\"es\"},{\"@type\":\"Organization\",\"@id\":\"https:\/\/www.sonoraenequipo.com.mx\/#organization\",\"name\":\"Sonoraenequipo.com.mx\",\"url\":\"https:\/\/www.sonoraenequipo.com.mx\/\",\"logo\":{\"@type\":\"ImageObject\",\"inLanguage\":\"es\",\"@id\":\"https:\/\/www.sonoraenequipo.com.mx\/#\/schema\/logo\/image\/\",\"url\":\"https:\/\/www.sonoraenequipo.com.mx\/storage\/2019\/01\/sonoraenequipo_opt.png\",\"contentUrl\":\"https:\/\/www.sonoraenequipo.com.mx\/storage\/2019\/01\/sonoraenequipo_opt.png\",\"width\":375,\"height\":125,\"caption\":\"Sonoraenequipo.com.mx\"},\"image\":{\"@id\":\"https:\/\/www.sonoraenequipo.com.mx\/#\/schema\/logo\/image\/\"},\"sameAs\":[\"https:\/\/www.facebook.com\/SonoraEE\/\",\"https:\/\/x.com\/sonoraenequipo\",\"https:\/\/www.youtube.com\/channel\/UC338nW-lPEYmJQs4ZABQ1SQ\"]},{\"@type\":\"Person\",\"@id\":\"https:\/\/www.sonoraenequipo.com.mx\/#\/schema\/person\/50102df0fb23a8fa9e8effad8fa81386\",\"name\":\"enequipo\",\"image\":{\"@type\":\"ImageObject\",\"inLanguage\":\"es\",\"@id\":\"https:\/\/www.sonoraenequipo.com.mx\/#\/schema\/person\/image\/\",\"url\":\"https:\/\/secure.gravatar.com\/avatar\/049821681b589dabc0bc20695993ccebb09f5b5d4d790cd9251b97faac7c652b?s=96&d=blank&r=g\",\"contentUrl\":\"https:\/\/secure.gravatar.com\/avatar\/049821681b589dabc0bc20695993ccebb09f5b5d4d790cd9251b97faac7c652b?s=96&d=blank&r=g\",\"caption\":\"enequipo\"},\"sameAs\":[\"https:\/\/www.facebook.com\/SonoraEE\"]}]}<\/script>\n ","yoast_head_json":{"title":"Sonora en Equipo. Ya no se permitir\u00e1n m\u00e1s bloqueos carreteros en Sonora advierte La Fiscal del estado Polic\u00edaca","description":"\u25baExplica Claudia Indira Contreras que establece penas de tres meses a siete a\u00f1os de prisi\u00f3n, y multas, para quienes, para obtener un lucro, interrumpan el En Sonora en Equipo publicamos toda la informaci\u00f3n de Sonora, M\u00e9xico y el Mundo de manera oportuna y busca que la libertad de expresi\u00f3n sea real. Visita nuestro medio informativo publicado desde Hermosillo, Sonora. %","robots":{"index":"index","follow":"follow","max-snippet":"max-snippet:-1","max-image-preview":"max-image-preview:large","max-video-preview":"max-video-preview:-1"},"canonical":"https:\/\/www.sonoraenequipo.com.mx\/ya-no-se-permitiran-mas-bloqueos-carreteros-en-sonora-advierte-la-fiscal-del-estado\/","og_locale":"es_ES","og_type":"article","og_title":"Sonora en Equipo. Ya no se permitir\u00e1n m\u00e1s bloqueos carreteros en Sonora advierte La Fiscal del estado Polic\u00edaca","og_description":"\u25baExplica Claudia Indira Contreras que establece penas de tres meses a siete a\u00f1os de prisi\u00f3n, y multas, para quienes, para obtener un lucro, interrumpan el En Sonora en Equipo publicamos toda la informaci\u00f3n de Sonora, M\u00e9xico y el Mundo de manera oportuna y busca que la libertad de expresi\u00f3n sea real. Visita nuestro medio informativo publicado desde Hermosillo, Sonora. %","og_url":"https:\/\/www.sonoraenequipo.com.mx\/ya-no-se-permitiran-mas-bloqueos-carreteros-en-sonora-advierte-la-fiscal-del-estado\/","og_site_name":"Sonora en Equipo.","article_publisher":"https:\/\/www.facebook.com\/SonoraEE\/","article_author":"https:\/\/www.facebook.com\/SonoraEE","article_published_time":"2022-10-06T22:22:25+00:00","article_modified_time":"2022-10-07T00:53:28+00:00","og_image":[{"width":700,"height":500,"url":"https:\/\/www.sonoraenequipo.com.mx\/storage\/2022\/09\/claudia-contreras.jpg","type":"image\/jpeg"}],"author":"enequipo","twitter_card":"summary_large_image","twitter_creator":"@sonoraenequipo","twitter_site":"@sonoraenequipo","twitter_misc":{"Escrito por":"enequipo","Tiempo de lectura":"3 minutos"},"schema":{"@context":"https:\/\/schema.org","@graph":[{"@type":"Article","@id":"https:\/\/www.sonoraenequipo.com.mx\/ya-no-se-permitiran-mas-bloqueos-carreteros-en-sonora-advierte-la-fiscal-del-estado\/#article","isPartOf":{"@id":"https:\/\/www.sonoraenequipo.com.mx\/ya-no-se-permitiran-mas-bloqueos-carreteros-en-sonora-advierte-la-fiscal-del-estado\/"},"author":{"name":"enequipo","@id":"https:\/\/www.sonoraenequipo.com.mx\/#\/schema\/person\/50102df0fb23a8fa9e8effad8fa81386"},"headline":"Ya no se permitir\u00e1n m\u00e1s bloqueos carreteros en Sonora advierte La Fiscal del estado","datePublished":"2022-10-06T22:22:25+00:00","dateModified":"2022-10-07T00:53:28+00:00","mainEntityOfPage":{"@id":"https:\/\/www.sonoraenequipo.com.mx\/ya-no-se-permitiran-mas-bloqueos-carreteros-en-sonora-advierte-la-fiscal-del-estado\/"},"wordCount":596,"commentCount":0,"publisher":{"@id":"https:\/\/www.sonoraenequipo.com.mx\/#organization"},"keywords":["carreteras","Seguridad","Sonora"],"articleSection":["Polic\u00edaca"],"inLanguage":"es","potentialAction":[{"@type":"CommentAction","name":"Comment","target":["https:\/\/www.sonoraenequipo.com.mx\/ya-no-se-permitiran-mas-bloqueos-carreteros-en-sonora-advierte-la-fiscal-del-estado\/#respond"]}]},{"@type":"WebPage","@id":"https:\/\/www.sonoraenequipo.com.mx\/ya-no-se-permitiran-mas-bloqueos-carreteros-en-sonora-advierte-la-fiscal-del-estado\/","url":"https:\/\/www.sonoraenequipo.com.mx\/ya-no-se-permitiran-mas-bloqueos-carreteros-en-sonora-advierte-la-fiscal-del-estado\/","name":"Sonora en Equipo. Ya no se permitir\u00e1n m\u00e1s bloqueos carreteros en Sonora advierte La Fiscal del estado Polic\u00edaca","isPartOf":{"@id":"https:\/\/www.sonoraenequipo.com.mx\/#website"},"datePublished":"2022-10-06T22:22:25+00:00","dateModified":"2022-10-07T00:53:28+00:00","description":"\u25baExplica Claudia Indira Contreras que establece penas de tres meses a siete a\u00f1os de prisi\u00f3n, y multas, para quienes, para obtener un lucro, interrumpan el En Sonora en Equipo publicamos toda la informaci\u00f3n de Sonora, M\u00e9xico y el Mundo de manera oportuna y busca que la libertad de expresi\u00f3n sea real. Visita nuestro medio informativo publicado desde Hermosillo, Sonora. %","breadcrumb":{"@id":"https:\/\/www.sonoraenequipo.com.mx\/ya-no-se-permitiran-mas-bloqueos-carreteros-en-sonora-advierte-la-fiscal-del-estado\/#breadcrumb"},"inLanguage":"es","potentialAction":[{"@type":"ReadAction","target":["https:\/\/www.sonoraenequipo.com.mx\/ya-no-se-permitiran-mas-bloqueos-carreteros-en-sonora-advierte-la-fiscal-del-estado\/"]}]},{"@type":"BreadcrumbList","@id":"https:\/\/www.sonoraenequipo.com.mx\/ya-no-se-permitiran-mas-bloqueos-carreteros-en-sonora-advierte-la-fiscal-del-estado\/#breadcrumb","itemListElement":[{"@type":"ListItem","position":1,"name":"Portada","item":"https:\/\/www.sonoraenequipo.com.mx\/"},{"@type":"ListItem","position":2,"name":"Ya no se permitir\u00e1n m\u00e1s bloqueos carreteros en Sonora advierte La Fiscal del estado"}]},{"@type":"WebSite","@id":"https:\/\/www.sonoraenequipo.com.mx\/#website","url":"https:\/\/www.sonoraenequipo.com.mx\/","name":"Sonora en Equipo.","description":"Diario en l\u00ednea con Noticias desde Hermosillo, Sonora","publisher":{"@id":"https:\/\/www.sonoraenequipo.com.mx\/#organization"},"potentialAction":[{"@type":"SearchAction","target":{"@type":"EntryPoint","urlTemplate":"https:\/\/www.sonoraenequipo.com.mx\/?s={search_term_string}"},"query-input":{"@type":"PropertyValueSpecification","valueRequired":true,"valueName":"search_term_string"}}],"inLanguage":"es"},{"@type":"Organization","@id":"https:\/\/www.sonoraenequipo.com.mx\/#organization","name":"Sonoraenequipo.com.mx","url":"https:\/\/www.sonoraenequipo.com.mx\/","logo":{"@type":"ImageObject","inLanguage":"es","@id":"https:\/\/www.sonoraenequipo.com.mx\/#\/schema\/logo\/image\/","url":"https:\/\/www.sonoraenequipo.com.mx\/storage\/2019\/01\/sonoraenequipo_opt.png","contentUrl":"https:\/\/www.sonoraenequipo.com.mx\/storage\/2019\/01\/sonoraenequipo_opt.png","width":375,"height":125,"caption":"Sonoraenequipo.com.mx"},"image":{"@id":"https:\/\/www.sonoraenequipo.com.mx\/#\/schema\/logo\/image\/"},"sameAs":["https:\/\/www.facebook.com\/SonoraEE\/","https:\/\/x.com\/sonoraenequipo","https:\/\/www.youtube.com\/channel\/UC338nW-lPEYmJQs4ZABQ1SQ"]},{"@type":"Person","@id":"https:\/\/www.sonoraenequipo.com.mx\/#\/schema\/person\/50102df0fb23a8fa9e8effad8fa81386","name":"enequipo","image":{"@type":"ImageObject","inLanguage":"es","@id":"https:\/\/www.sonoraenequipo.com.mx\/#\/schema\/person\/image\/","url":"https:\/\/secure.gravatar.com\/avatar\/049821681b589dabc0bc20695993ccebb09f5b5d4d790cd9251b97faac7c652b?s=96&d=blank&r=g","contentUrl":"https:\/\/secure.gravatar.com\/avatar\/049821681b589dabc0bc20695993ccebb09f5b5d4d790cd9251b97faac7c652b?s=96&d=blank&r=g","caption":"enequipo"},"sameAs":["https:\/\/www.facebook.com\/SonoraEE"]}]}},"jetpack_featured_media_url":"","_links":{"self":[{"href":"https:\/\/www.sonoraenequipo.com.mx\/api\/wp\/v2\/posts\/148550","targetHints":{"allow":["GET"]}}],"collection":[{"href":"https:\/\/www.sonoraenequipo.com.mx\/api\/wp\/v2\/posts"}],"about":[{"href":"https:\/\/www.sonoraenequipo.com.mx\/api\/wp\/v2\/types\/post"}],"author":[{"embeddable":true,"href":"https:\/\/www.sonoraenequipo.com.mx\/api\/wp\/v2\/users\/1"}],"replies":[{"embeddable":true,"href":"https:\/\/www.sonoraenequipo.com.mx\/api\/wp\/v2\/comments?post=148550"}],"version-history":[{"count":1,"href":"https:\/\/www.sonoraenequipo.com.mx\/api\/wp\/v2\/posts\/148550\/revisions"}],"predecessor-version":[{"id":148551,"href":"https:\/\/www.sonoraenequipo.com.mx\/api\/wp\/v2\/posts\/148550\/revisions\/148551"}],"wp:attachment":[{"href":"https:\/\/www.sonoraenequipo.com.mx\/api\/wp\/v2\/media?parent=148550"}],"wp:term":[{"taxonomy":"category","embeddable":true,"href":"https:\/\/www.sonoraenequipo.com.mx\/api\/wp\/v2\/categories?post=148550"},{"taxonomy":"post_tag","embeddable":true,"href":"https:\/\/www.sonoraenequipo.com.mx\/api\/wp\/v2\/tags?post=148550"}],"curies":[{"name":"wp","href":"https:\/\/api.w.org\/{rel}","templated":true}]}}