{"id":148552,"date":"2022-10-06T16:28:12","date_gmt":"2022-10-06T23:28:12","guid":{"rendered":"https:\/\/www.sonoraenequipo.com.mx\/?p=148552"},"modified":"2022-10-06T16:28:12","modified_gmt":"2022-10-06T23:28:12","slug":"reforma-electoral-debe-proteger-la-ciudadanizacion-en-la-recepcion-y-conteo-de-votos-que-distingue-al-sistema-electoral","status":"publish","type":"post","link":"https:\/\/www.sonoraenequipo.com.mx\/reforma-electoral-debe-proteger-la-ciudadanizacion-en-la-recepcion-y-conteo-de-votos-que-distingue-al-sistema-electoral\/","title":{"rendered":"Reforma electoral debe proteger la ciudadanizaci\u00f3n en la recepci\u00f3n y conteo de votos que distingue al sistema electoral"},"content":{"rendered":"<p>La reforma electoral tiene la gran oportunidad de consolidar y fortalecer las instituciones aut\u00f3nomas e independientes con las cuales cuenta M\u00e9xico a nivel nacional y en las entidades federativas, adem\u00e1s de proteger un aspecto singular que distingue al sistema electoral: la ciudadanizaci\u00f3n de los procesos de recepci\u00f3n y conteo de los votos, sostuvo el Director Ejecutivo de Capacitaci\u00f3n Electoral y Educaci\u00f3n C\u00edvica del Instituto Nacional Electoral (INE), Roberto Heycher Cardiel Soto.<\/p>\n<p>&nbsp;<\/p>\n<p>Al participar en la inauguraci\u00f3n del Seminario Reforma Pol\u00edtica-Electoral \u201cRiesgos y Oportunidades\u201d, realizado en el marco de la C\u00e1tedra Francisco I. Madero, Cardiel Soto plante\u00f3 que el reto de cualquier reforma electoral en un r\u00e9gimen democr\u00e1tico como el mexicano, no es s\u00f3lo pensar en los procedimientos electorales, sino tambi\u00e9n contribuir al incremento de la calidad democr\u00e1tica.<\/p>\n<p>&nbsp;<\/p>\n<p>\u201cLa pregunta que considero que finalmente debe de responder toda tentativa de reforma electoral es sobre si es viable la organizaci\u00f3n de las elecciones bajo el control ciudadano que incremente los actuales est\u00e1ndares de independencia, certeza, legalidad, imparcialidad, m\u00e1xima publicidad, objetividad y paridad\u201d.<\/p>\n<p>&nbsp;<\/p>\n<p>&nbsp;<\/p>\n<p>&nbsp;<\/p>\n<p>Sin embargo, \u201ctodos estos componentes deben estar presentes en cualquier tipo de modificaci\u00f3n normativa, porque eso nos va a garantizar la sostenibilidad de la democracia electoral como la conocemos\u201d, afirm\u00f3.<\/p>\n<p>&nbsp;<\/p>\n<p>&nbsp;<\/p>\n<p>&nbsp;<\/p>\n<p>El Director Ejecutivo de Capacitaci\u00f3n Electoral y Educaci\u00f3n C\u00edvica enumer\u00f3 riesgos ante una eventual reforma electoral, como asumir que la democracia electoral es sin\u00f3nimo de calidad de la democracia, con un d\u00e9ficit en el empoderamiento de la ciudadan\u00eda y escatimar el costo de la democracia.<\/p>\n<p>&nbsp;<\/p>\n<p>&nbsp;<\/p>\n<p>&nbsp;<\/p>\n<p>En M\u00e9xico, a\u00f1adi\u00f3, \u201cse concentran en un organismo diversas atribuciones, esa concentraci\u00f3n permite transparentar cu\u00e1nto se asigna presupuestalmente a la instituci\u00f3n y cu\u00e1nto gastamos las y los mexicanos en elecciones que llega a ser una inversi\u00f3n tambi\u00e9n, no s\u00f3lo en el derecho a votar y ser votados, sino en el derecho a tener estabilidad y certeza sobre el proceso de distribuci\u00f3n del poder pol\u00edtico\u201d.<\/p>\n<p>&nbsp;<\/p>\n<p>&nbsp;<\/p>\n<p>&nbsp;<\/p>\n<p>De 1977 a 2014, reformas han dado lugar a transiciones sin violencia<\/p>\n<p>&nbsp;<\/p>\n<p>&nbsp;<\/p>\n<p>&nbsp;<\/p>\n<p>En su intervenci\u00f3n, el Director de Educaci\u00f3n C\u00edvica y Participaci\u00f3n Ciudadana del INE, Francisco Morales Camarena, resalt\u00f3 que de 1977 a 2014 las reformas pol\u00edtico-electorales han permitido a M\u00e9xico tener una transici\u00f3n sin violencia por la v\u00eda institucional y transitar de un r\u00e9gimen autoritario a un sistema democr\u00e1tico que se ha consolidado poco a poco.<\/p>\n<p>&nbsp;<\/p>\n<p>&nbsp;<\/p>\n<p>&nbsp;<\/p>\n<p>\u201cHoy podemos decir que la instituci\u00f3n electoral ha cumplido su labor, que genera confianza en las elecciones entre la ciudadan\u00eda y los actores del proceso pol\u00edtico-electoral\u201d, destac\u00f3 Morales.<\/p>\n<p>&nbsp;<\/p>\n<p>&nbsp;<\/p>\n<p>&nbsp;<\/p>\n<p>De este modo, ante una eventual reforma en la materia, subray\u00f3 que el INE, como lo fue su antecesor el Instituto Federal Electoral, apoya iniciativas como la C\u00e1tedra Francisco I. Madero, abiertas siempre a la cr\u00edtica propositiva, al consenso y a la discusi\u00f3n para contribuir al debate informado.<\/p>\n<p>&nbsp;<\/p>\n<p>&nbsp;<\/p>\n<p>&nbsp;<\/p>\n<p>En la inauguraci\u00f3n del seminario tambi\u00e9n participaron Patricia Mart\u00ednez Torreblanca, Secretaria General de la Facultad de Ciencias Pol\u00edticas y Sociales de la UNAM; Miguel Armando L\u00f3pez Leyva, del Instituto de Investigaciones Sociales; Fernando Casta\u00f1eda Sabido, Presidente del Comit\u00e9 Acad\u00e9mico de la C\u00e1tedra Madero; y Fernando Ayala Blanco, Coordinador del Centro de Estudios Pol\u00edticos.<\/p>\n<p>&nbsp;<\/p>\n<p>&nbsp;<\/p>\n<p>&nbsp;<\/p>\n<p>Como parte de las actividades de la C\u00e1tedra Francisco I. Madero se llevar\u00e1n a cabo cuatro mesas de trabajo del 6 al 20 de octubre, con los temas: \u201cDiscusi\u00f3n General de las Propuestas de las Reformas Pol\u00edtico-electoral\u201d; \u201cRepresentaci\u00f3n Pol\u00edtica\u201d; \u201cFinanciamiento y Fiscalizaci\u00f3n Electoral\u201d y \u201cOrganismos Electorales\u201d, que ser\u00e1n transmitidas a trav\u00e9s de las redes sociales de las instituciones convocantes.<\/p>\n<p><strong><u>Fecha de publicaci\u00f3n jueves 6 de octubre de 2022<\/u><\/strong><\/p>\n","protected":false},"excerpt":{"rendered":"<p>La reforma electoral tiene la gran oportunidad de consolidar y fortalecer las instituciones aut\u00f3nomas e&#8230;<\/p>\n","protected":false},"author":1,"featured_media":73855,"comment_status":"open","ping_status":"open","sticky":false,"template":"","format":"standard","meta":{"_monsterinsights_skip_tracking":false,"_monsterinsights_sitenote_active":false,"_monsterinsights_sitenote_note":"","_monsterinsights_sitenote_category":0,"footnotes":""},"categories":[5],"tags":[7589,3061],"class_list":["post"],"yoast_head":" \n<title>Sonora en Equipo. Reforma electoral debe proteger la ciudadanizaci\u00f3n en la recepci\u00f3n y conteo de votos que distingue al sistema electoral Rep\u00fablica<\/title>\n<meta name=\"description\" content=\"La reforma electoral tiene la gran oportunidad de consolidar y fortalecer las instituciones aut\u00f3nomas e independientes con las cuales cuenta M\u00e9xico a En Sonora en Equipo publicamos toda la informaci\u00f3n de Sonora, M\u00e9xico y el Mundo de manera oportuna y busca que la libertad de expresi\u00f3n sea real. Visita nuestro medio informativo publicado desde Hermosillo, Sonora. %\" \/>\n<meta name=\"robots\" content=\"index, follow, max-snippet:-1, max-image-preview:large, max-video-preview:-1\" \/>\n<link rel=\"canonical\" href=\"https:\/\/www.sonoraenequipo.com.mx\/reforma-electoral-debe-proteger-la-ciudadanizacion-en-la-recepcion-y-conteo-de-votos-que-distingue-al-sistema-electoral\/\" \/>\n<meta property=\"og:locale\" content=\"es_ES\" \/>\n<meta property=\"og:type\" content=\"article\" \/>\n<meta property=\"og:title\" content=\"Sonora en Equipo. Reforma electoral debe proteger la ciudadanizaci\u00f3n en la recepci\u00f3n y conteo de votos que distingue al sistema electoral Rep\u00fablica\" \/>\n<meta property=\"og:description\" content=\"La reforma electoral tiene la gran oportunidad de consolidar y fortalecer las instituciones aut\u00f3nomas e independientes con las cuales cuenta M\u00e9xico a En Sonora en Equipo publicamos toda la informaci\u00f3n de Sonora, M\u00e9xico y el Mundo de manera oportuna y busca que la libertad de expresi\u00f3n sea real. Visita nuestro medio informativo publicado desde Hermosillo, Sonora. %\" \/>\n<meta property=\"og:url\" content=\"https:\/\/www.sonoraenequipo.com.mx\/reforma-electoral-debe-proteger-la-ciudadanizacion-en-la-recepcion-y-conteo-de-votos-que-distingue-al-sistema-electoral\/\" \/>\n<meta property=\"og:site_name\" content=\"Sonora en Equipo.\" \/>\n<meta property=\"article:publisher\" content=\"https:\/\/www.facebook.com\/SonoraEE\/\" \/>\n<meta property=\"article:author\" content=\"https:\/\/www.facebook.com\/SonoraEE\" \/>\n<meta property=\"article:published_time\" content=\"2022-10-06T23:28:12+00:00\" \/>\n<meta property=\"og:image\" content=\"https:\/\/www.sonoraenequipo.com.mx\/storage\/2019\/12\/CASILLA.jpg\" \/>\n\t<meta property=\"og:image:width\" content=\"600\" \/>\n\t<meta property=\"og:image:height\" content=\"400\" \/>\n\t<meta property=\"og:image:type\" content=\"image\/jpeg\" \/>\n<meta name=\"author\" content=\"enequipo\" \/>\n<meta name=\"twitter:card\" content=\"summary_large_image\" \/>\n<meta name=\"twitter:creator\" content=\"@sonoraenequipo\" \/>\n<meta name=\"twitter:site\" content=\"@sonoraenequipo\" \/>\n<meta name=\"twitter:label1\" content=\"Escrito por\" \/>\n\t<meta name=\"twitter:data1\" content=\"enequipo\" \/>\n\t<meta name=\"twitter:label2\" content=\"Tiempo de lectura\" \/>\n\t<meta name=\"twitter:data2\" content=\"3 minutos\" \/>\n<script type=\"application\/ld+json\" class=\"yoast-schema-graph\">{\"@context\":\"https:\/\/schema.org\",\"@graph\":[{\"@type\":\"Article\",\"@id\":\"https:\/\/www.sonoraenequipo.com.mx\/reforma-electoral-debe-proteger-la-ciudadanizacion-en-la-recepcion-y-conteo-de-votos-que-distingue-al-sistema-electoral\/#article\",\"isPartOf\":{\"@id\":\"https:\/\/www.sonoraenequipo.com.mx\/reforma-electoral-debe-proteger-la-ciudadanizacion-en-la-recepcion-y-conteo-de-votos-que-distingue-al-sistema-electoral\/\"},\"author\":{\"name\":\"enequipo\",\"@id\":\"https:\/\/www.sonoraenequipo.com.mx\/#\/schema\/person\/50102df0fb23a8fa9e8effad8fa81386\"},\"headline\":\"Reforma electoral debe proteger la ciudadanizaci\u00f3n en la recepci\u00f3n y conteo de votos que distingue al sistema electoral\",\"datePublished\":\"2022-10-06T23:28:12+00:00\",\"mainEntityOfPage\":{\"@id\":\"https:\/\/www.sonoraenequipo.com.mx\/reforma-electoral-debe-proteger-la-ciudadanizacion-en-la-recepcion-y-conteo-de-votos-que-distingue-al-sistema-electoral\/\"},\"wordCount\":686,\"commentCount\":0,\"publisher\":{\"@id\":\"https:\/\/www.sonoraenequipo.com.mx\/#organization\"},\"image\":{\"@id\":\"https:\/\/www.sonoraenequipo.com.mx\/reforma-electoral-debe-proteger-la-ciudadanizacion-en-la-recepcion-y-conteo-de-votos-que-distingue-al-sistema-electoral\/#primaryimage\"},\"thumbnailUrl\":\"https:\/\/www.sonoraenequipo.com.mx\/storage\/2019\/12\/CASILLA.jpg\",\"keywords\":[\"electoral\",\"reforma\"],\"articleSection\":[\"Rep\u00fablica\"],\"inLanguage\":\"es\",\"potentialAction\":[{\"@type\":\"CommentAction\",\"name\":\"Comment\",\"target\":[\"https:\/\/www.sonoraenequipo.com.mx\/reforma-electoral-debe-proteger-la-ciudadanizacion-en-la-recepcion-y-conteo-de-votos-que-distingue-al-sistema-electoral\/#respond\"]}]},{\"@type\":\"WebPage\",\"@id\":\"https:\/\/www.sonoraenequipo.com.mx\/reforma-electoral-debe-proteger-la-ciudadanizacion-en-la-recepcion-y-conteo-de-votos-que-distingue-al-sistema-electoral\/\",\"url\":\"https:\/\/www.sonoraenequipo.com.mx\/reforma-electoral-debe-proteger-la-ciudadanizacion-en-la-recepcion-y-conteo-de-votos-que-distingue-al-sistema-electoral\/\",\"name\":\"Sonora en Equipo. Reforma electoral debe proteger la ciudadanizaci\u00f3n en la recepci\u00f3n y conteo de votos que distingue al sistema electoral Rep\u00fablica\",\"isPartOf\":{\"@id\":\"https:\/\/www.sonoraenequipo.com.mx\/#website\"},\"primaryImageOfPage\":{\"@id\":\"https:\/\/www.sonoraenequipo.com.mx\/reforma-electoral-debe-proteger-la-ciudadanizacion-en-la-recepcion-y-conteo-de-votos-que-distingue-al-sistema-electoral\/#primaryimage\"},\"image\":{\"@id\":\"https:\/\/www.sonoraenequipo.com.mx\/reforma-electoral-debe-proteger-la-ciudadanizacion-en-la-recepcion-y-conteo-de-votos-que-distingue-al-sistema-electoral\/#primaryimage\"},\"thumbnailUrl\":\"https:\/\/www.sonoraenequipo.com.mx\/storage\/2019\/12\/CASILLA.jpg\",\"datePublished\":\"2022-10-06T23:28:12+00:00\",\"description\":\"La reforma electoral tiene la gran oportunidad de consolidar y fortalecer las instituciones aut\u00f3nomas e independientes con las cuales cuenta M\u00e9xico a En Sonora en Equipo publicamos toda la informaci\u00f3n de Sonora, M\u00e9xico y el Mundo de manera oportuna y busca que la libertad de expresi\u00f3n sea real. Visita nuestro medio informativo publicado desde Hermosillo, Sonora. %\",\"breadcrumb\":{\"@id\":\"https:\/\/www.sonoraenequipo.com.mx\/reforma-electoral-debe-proteger-la-ciudadanizacion-en-la-recepcion-y-conteo-de-votos-que-distingue-al-sistema-electoral\/#breadcrumb\"},\"inLanguage\":\"es\",\"potentialAction\":[{\"@type\":\"ReadAction\",\"target\":[\"https:\/\/www.sonoraenequipo.com.mx\/reforma-electoral-debe-proteger-la-ciudadanizacion-en-la-recepcion-y-conteo-de-votos-que-distingue-al-sistema-electoral\/\"]}]},{\"@type\":\"ImageObject\",\"inLanguage\":\"es\",\"@id\":\"https:\/\/www.sonoraenequipo.com.mx\/reforma-electoral-debe-proteger-la-ciudadanizacion-en-la-recepcion-y-conteo-de-votos-que-distingue-al-sistema-electoral\/#primaryimage\",\"url\":\"https:\/\/www.sonoraenequipo.com.mx\/storage\/2019\/12\/CASILLA.jpg\",\"contentUrl\":\"https:\/\/www.sonoraenequipo.com.mx\/storage\/2019\/12\/CASILLA.jpg\",\"width\":600,\"height\":400},{\"@type\":\"BreadcrumbList\",\"@id\":\"https:\/\/www.sonoraenequipo.com.mx\/reforma-electoral-debe-proteger-la-ciudadanizacion-en-la-recepcion-y-conteo-de-votos-que-distingue-al-sistema-electoral\/#breadcrumb\",\"itemListElement\":[{\"@type\":\"ListItem\",\"position\":1,\"name\":\"Portada\",\"item\":\"https:\/\/www.sonoraenequipo.com.mx\/\"},{\"@type\":\"ListItem\",\"position\":2,\"name\":\"Reforma electoral debe proteger la ciudadanizaci\u00f3n en la recepci\u00f3n y conteo de votos que distingue al sistema electoral\"}]},{\"@type\":\"WebSite\",\"@id\":\"https:\/\/www.sonoraenequipo.com.mx\/#website\",\"url\":\"https:\/\/www.sonoraenequipo.com.mx\/\",\"name\":\"Sonora en Equipo.\",\"description\":\"Diario en l\u00ednea con Noticias desde Hermosillo, Sonora\",\"publisher\":{\"@id\":\"https:\/\/www.sonoraenequipo.com.mx\/#organization\"},\"potentialAction\":[{\"@type\":\"SearchAction\",\"target\":{\"@type\":\"EntryPoint\",\"urlTemplate\":\"https:\/\/www.sonoraenequipo.com.mx\/?s={search_term_string}\"},\"query-input\":{\"@type\":\"PropertyValueSpecification\",\"valueRequired\":true,\"valueName\":\"search_term_string\"}}],\"inLanguage\":\"es\"},{\"@type\":\"Organization\",\"@id\":\"https:\/\/www.sonoraenequipo.com.mx\/#organization\",\"name\":\"Sonoraenequipo.com.mx\",\"url\":\"https:\/\/www.sonoraenequipo.com.mx\/\",\"logo\":{\"@type\":\"ImageObject\",\"inLanguage\":\"es\",\"@id\":\"https:\/\/www.sonoraenequipo.com.mx\/#\/schema\/logo\/image\/\",\"url\":\"https:\/\/www.sonoraenequipo.com.mx\/storage\/2019\/01\/sonoraenequipo_opt.png\",\"contentUrl\":\"https:\/\/www.sonoraenequipo.com.mx\/storage\/2019\/01\/sonoraenequipo_opt.png\",\"width\":375,\"height\":125,\"caption\":\"Sonoraenequipo.com.mx\"},\"image\":{\"@id\":\"https:\/\/www.sonoraenequipo.com.mx\/#\/schema\/logo\/image\/\"},\"sameAs\":[\"https:\/\/www.facebook.com\/SonoraEE\/\",\"https:\/\/x.com\/sonoraenequipo\",\"https:\/\/www.youtube.com\/channel\/UC338nW-lPEYmJQs4ZABQ1SQ\"]},{\"@type\":\"Person\",\"@id\":\"https:\/\/www.sonoraenequipo.com.mx\/#\/schema\/person\/50102df0fb23a8fa9e8effad8fa81386\",\"name\":\"enequipo\",\"image\":{\"@type\":\"ImageObject\",\"inLanguage\":\"es\",\"@id\":\"https:\/\/www.sonoraenequipo.com.mx\/#\/schema\/person\/image\/\",\"url\":\"https:\/\/secure.gravatar.com\/avatar\/049821681b589dabc0bc20695993ccebb09f5b5d4d790cd9251b97faac7c652b?s=96&d=blank&r=g\",\"contentUrl\":\"https:\/\/secure.gravatar.com\/avatar\/049821681b589dabc0bc20695993ccebb09f5b5d4d790cd9251b97faac7c652b?s=96&d=blank&r=g\",\"caption\":\"enequipo\"},\"sameAs\":[\"https:\/\/www.facebook.com\/SonoraEE\"]}]}<\/script>\n ","yoast_head_json":{"title":"Sonora en Equipo. Reforma electoral debe proteger la ciudadanizaci\u00f3n en la recepci\u00f3n y conteo de votos que distingue al sistema electoral Rep\u00fablica","description":"La reforma electoral tiene la gran oportunidad de consolidar y fortalecer las instituciones aut\u00f3nomas e independientes con las cuales cuenta M\u00e9xico a En Sonora en Equipo publicamos toda la informaci\u00f3n de Sonora, M\u00e9xico y el Mundo de manera oportuna y busca que la libertad de expresi\u00f3n sea real. Visita nuestro medio informativo publicado desde Hermosillo, Sonora. %","robots":{"index":"index","follow":"follow","max-snippet":"max-snippet:-1","max-image-preview":"max-image-preview:large","max-video-preview":"max-video-preview:-1"},"canonical":"https:\/\/www.sonoraenequipo.com.mx\/reforma-electoral-debe-proteger-la-ciudadanizacion-en-la-recepcion-y-conteo-de-votos-que-distingue-al-sistema-electoral\/","og_locale":"es_ES","og_type":"article","og_title":"Sonora en Equipo. Reforma electoral debe proteger la ciudadanizaci\u00f3n en la recepci\u00f3n y conteo de votos que distingue al sistema electoral Rep\u00fablica","og_description":"La reforma electoral tiene la gran oportunidad de consolidar y fortalecer las instituciones aut\u00f3nomas e independientes con las cuales cuenta M\u00e9xico a En Sonora en Equipo publicamos toda la informaci\u00f3n de Sonora, M\u00e9xico y el Mundo de manera oportuna y busca que la libertad de expresi\u00f3n sea real. Visita nuestro medio informativo publicado desde Hermosillo, Sonora. %","og_url":"https:\/\/www.sonoraenequipo.com.mx\/reforma-electoral-debe-proteger-la-ciudadanizacion-en-la-recepcion-y-conteo-de-votos-que-distingue-al-sistema-electoral\/","og_site_name":"Sonora en Equipo.","article_publisher":"https:\/\/www.facebook.com\/SonoraEE\/","article_author":"https:\/\/www.facebook.com\/SonoraEE","article_published_time":"2022-10-06T23:28:12+00:00","og_image":[{"width":600,"height":400,"url":"https:\/\/www.sonoraenequipo.com.mx\/storage\/2019\/12\/CASILLA.jpg","type":"image\/jpeg"}],"author":"enequipo","twitter_card":"summary_large_image","twitter_creator":"@sonoraenequipo","twitter_site":"@sonoraenequipo","twitter_misc":{"Escrito por":"enequipo","Tiempo de lectura":"3 minutos"},"schema":{"@context":"https:\/\/schema.org","@graph":[{"@type":"Article","@id":"https:\/\/www.sonoraenequipo.com.mx\/reforma-electoral-debe-proteger-la-ciudadanizacion-en-la-recepcion-y-conteo-de-votos-que-distingue-al-sistema-electoral\/#article","isPartOf":{"@id":"https:\/\/www.sonoraenequipo.com.mx\/reforma-electoral-debe-proteger-la-ciudadanizacion-en-la-recepcion-y-conteo-de-votos-que-distingue-al-sistema-electoral\/"},"author":{"name":"enequipo","@id":"https:\/\/www.sonoraenequipo.com.mx\/#\/schema\/person\/50102df0fb23a8fa9e8effad8fa81386"},"headline":"Reforma electoral debe proteger la ciudadanizaci\u00f3n en la recepci\u00f3n y conteo de votos que distingue al sistema electoral","datePublished":"2022-10-06T23:28:12+00:00","mainEntityOfPage":{"@id":"https:\/\/www.sonoraenequipo.com.mx\/reforma-electoral-debe-proteger-la-ciudadanizacion-en-la-recepcion-y-conteo-de-votos-que-distingue-al-sistema-electoral\/"},"wordCount":686,"commentCount":0,"publisher":{"@id":"https:\/\/www.sonoraenequipo.com.mx\/#organization"},"image":{"@id":"https:\/\/www.sonoraenequipo.com.mx\/reforma-electoral-debe-proteger-la-ciudadanizacion-en-la-recepcion-y-conteo-de-votos-que-distingue-al-sistema-electoral\/#primaryimage"},"thumbnailUrl":"https:\/\/www.sonoraenequipo.com.mx\/storage\/2019\/12\/CASILLA.jpg","keywords":["electoral","reforma"],"articleSection":["Rep\u00fablica"],"inLanguage":"es","potentialAction":[{"@type":"CommentAction","name":"Comment","target":["https:\/\/www.sonoraenequipo.com.mx\/reforma-electoral-debe-proteger-la-ciudadanizacion-en-la-recepcion-y-conteo-de-votos-que-distingue-al-sistema-electoral\/#respond"]}]},{"@type":"WebPage","@id":"https:\/\/www.sonoraenequipo.com.mx\/reforma-electoral-debe-proteger-la-ciudadanizacion-en-la-recepcion-y-conteo-de-votos-que-distingue-al-sistema-electoral\/","url":"https:\/\/www.sonoraenequipo.com.mx\/reforma-electoral-debe-proteger-la-ciudadanizacion-en-la-recepcion-y-conteo-de-votos-que-distingue-al-sistema-electoral\/","name":"Sonora en Equipo. Reforma electoral debe proteger la ciudadanizaci\u00f3n en la recepci\u00f3n y conteo de votos que distingue al sistema electoral Rep\u00fablica","isPartOf":{"@id":"https:\/\/www.sonoraenequipo.com.mx\/#website"},"primaryImageOfPage":{"@id":"https:\/\/www.sonoraenequipo.com.mx\/reforma-electoral-debe-proteger-la-ciudadanizacion-en-la-recepcion-y-conteo-de-votos-que-distingue-al-sistema-electoral\/#primaryimage"},"image":{"@id":"https:\/\/www.sonoraenequipo.com.mx\/reforma-electoral-debe-proteger-la-ciudadanizacion-en-la-recepcion-y-conteo-de-votos-que-distingue-al-sistema-electoral\/#primaryimage"},"thumbnailUrl":"https:\/\/www.sonoraenequipo.com.mx\/storage\/2019\/12\/CASILLA.jpg","datePublished":"2022-10-06T23:28:12+00:00","description":"La reforma electoral tiene la gran oportunidad de consolidar y fortalecer las instituciones aut\u00f3nomas e independientes con las cuales cuenta M\u00e9xico a En Sonora en Equipo publicamos toda la informaci\u00f3n de Sonora, M\u00e9xico y el Mundo de manera oportuna y busca que la libertad de expresi\u00f3n sea real. Visita nuestro medio informativo publicado desde Hermosillo, Sonora. %","breadcrumb":{"@id":"https:\/\/www.sonoraenequipo.com.mx\/reforma-electoral-debe-proteger-la-ciudadanizacion-en-la-recepcion-y-conteo-de-votos-que-distingue-al-sistema-electoral\/#breadcrumb"},"inLanguage":"es","potentialAction":[{"@type":"ReadAction","target":["https:\/\/www.sonoraenequipo.com.mx\/reforma-electoral-debe-proteger-la-ciudadanizacion-en-la-recepcion-y-conteo-de-votos-que-distingue-al-sistema-electoral\/"]}]},{"@type":"ImageObject","inLanguage":"es","@id":"https:\/\/www.sonoraenequipo.com.mx\/reforma-electoral-debe-proteger-la-ciudadanizacion-en-la-recepcion-y-conteo-de-votos-que-distingue-al-sistema-electoral\/#primaryimage","url":"https:\/\/www.sonoraenequipo.com.mx\/storage\/2019\/12\/CASILLA.jpg","contentUrl":"https:\/\/www.sonoraenequipo.com.mx\/storage\/2019\/12\/CASILLA.jpg","width":600,"height":400},{"@type":"BreadcrumbList","@id":"https:\/\/www.sonoraenequipo.com.mx\/reforma-electoral-debe-proteger-la-ciudadanizacion-en-la-recepcion-y-conteo-de-votos-que-distingue-al-sistema-electoral\/#breadcrumb","itemListElement":[{"@type":"ListItem","position":1,"name":"Portada","item":"https:\/\/www.sonoraenequipo.com.mx\/"},{"@type":"ListItem","position":2,"name":"Reforma electoral debe proteger la ciudadanizaci\u00f3n en la recepci\u00f3n y conteo de votos que distingue al sistema electoral"}]},{"@type":"WebSite","@id":"https:\/\/www.sonoraenequipo.com.mx\/#website","url":"https:\/\/www.sonoraenequipo.com.mx\/","name":"Sonora en Equipo.","description":"Diario en l\u00ednea con Noticias desde Hermosillo, Sonora","publisher":{"@id":"https:\/\/www.sonoraenequipo.com.mx\/#organization"},"potentialAction":[{"@type":"SearchAction","target":{"@type":"EntryPoint","urlTemplate":"https:\/\/www.sonoraenequipo.com.mx\/?s={search_term_string}"},"query-input":{"@type":"PropertyValueSpecification","valueRequired":true,"valueName":"search_term_string"}}],"inLanguage":"es"},{"@type":"Organization","@id":"https:\/\/www.sonoraenequipo.com.mx\/#organization","name":"Sonoraenequipo.com.mx","url":"https:\/\/www.sonoraenequipo.com.mx\/","logo":{"@type":"ImageObject","inLanguage":"es","@id":"https:\/\/www.sonoraenequipo.com.mx\/#\/schema\/logo\/image\/","url":"https:\/\/www.sonoraenequipo.com.mx\/storage\/2019\/01\/sonoraenequipo_opt.png","contentUrl":"https:\/\/www.sonoraenequipo.com.mx\/storage\/2019\/01\/sonoraenequipo_opt.png","width":375,"height":125,"caption":"Sonoraenequipo.com.mx"},"image":{"@id":"https:\/\/www.sonoraenequipo.com.mx\/#\/schema\/logo\/image\/"},"sameAs":["https:\/\/www.facebook.com\/SonoraEE\/","https:\/\/x.com\/sonoraenequipo","https:\/\/www.youtube.com\/channel\/UC338nW-lPEYmJQs4ZABQ1SQ"]},{"@type":"Person","@id":"https:\/\/www.sonoraenequipo.com.mx\/#\/schema\/person\/50102df0fb23a8fa9e8effad8fa81386","name":"enequipo","image":{"@type":"ImageObject","inLanguage":"es","@id":"https:\/\/www.sonoraenequipo.com.mx\/#\/schema\/person\/image\/","url":"https:\/\/secure.gravatar.com\/avatar\/049821681b589dabc0bc20695993ccebb09f5b5d4d790cd9251b97faac7c652b?s=96&d=blank&r=g","contentUrl":"https:\/\/secure.gravatar.com\/avatar\/049821681b589dabc0bc20695993ccebb09f5b5d4d790cd9251b97faac7c652b?s=96&d=blank&r=g","caption":"enequipo"},"sameAs":["https:\/\/www.facebook.com\/SonoraEE"]}]}},"jetpack_featured_media_url":"https:\/\/www.sonoraenequipo.com.mx\/storage\/2019\/12\/CASILLA.jpg","_links":{"self":[{"href":"https:\/\/www.sonoraenequipo.com.mx\/api\/wp\/v2\/posts\/148552","targetHints":{"allow":["GET"]}}],"collection":[{"href":"https:\/\/www.sonoraenequipo.com.mx\/api\/wp\/v2\/posts"}],"about":[{"href":"https:\/\/www.sonoraenequipo.com.mx\/api\/wp\/v2\/types\/post"}],"author":[{"embeddable":true,"href":"https:\/\/www.sonoraenequipo.com.mx\/api\/wp\/v2\/users\/1"}],"replies":[{"embeddable":true,"href":"https:\/\/www.sonoraenequipo.com.mx\/api\/wp\/v2\/comments?post=148552"}],"version-history":[{"count":1,"href":"https:\/\/www.sonoraenequipo.com.mx\/api\/wp\/v2\/posts\/148552\/revisions"}],"predecessor-version":[{"id":148553,"href":"https:\/\/www.sonoraenequipo.com.mx\/api\/wp\/v2\/posts\/148552\/revisions\/148553"}],"wp:featuredmedia":[{"embeddable":true,"href":"https:\/\/www.sonoraenequipo.com.mx\/api\/wp\/v2\/media\/73855"}],"wp:attachment":[{"href":"https:\/\/www.sonoraenequipo.com.mx\/api\/wp\/v2\/media?parent=148552"}],"wp:term":[{"taxonomy":"category","embeddable":true,"href":"https:\/\/www.sonoraenequipo.com.mx\/api\/wp\/v2\/categories?post=148552"},{"taxonomy":"post_tag","embeddable":true,"href":"https:\/\/www.sonoraenequipo.com.mx\/api\/wp\/v2\/tags?post=148552"}],"curies":[{"name":"wp","href":"https:\/\/api.w.org\/{rel}","templated":true}]}}