{"id":148557,"date":"2022-10-06T16:39:38","date_gmt":"2022-10-06T23:39:38","guid":{"rendered":"https:\/\/www.sonoraenequipo.com.mx\/?p=148557"},"modified":"2022-10-06T16:39:38","modified_gmt":"2022-10-06T23:39:38","slug":"se-despeja-camino-entre-los-dos-nogales-para-un-nuevo-paso-del-tren","status":"publish","type":"post","link":"https:\/\/www.sonoraenequipo.com.mx\/se-despeja-camino-entre-los-dos-nogales-para-un-nuevo-paso-del-tren\/","title":{"rendered":"Se despeja camino entre los dos Nogales para un nuevo paso del tren"},"content":{"rendered":"<p><strong>NOGALES, ARIZONA,EE.UU.<\/strong><strong>\u2500\u2500<\/strong> La firma de un entendimiento entre los dos Nogales (Sonora y Arizona), con el fin de construir juntos las condiciones para un nuevo paso ferroviario internacional, representa un avance extraordinario rumbo a la transformaci\u00f3n de Nogales en el rostro fronterizo de la 4T y se convertir\u00e1 en complemento del proyecto de modernizaci\u00f3n del puerto de Guaymas, afirm\u00f3 Alfonso Durazo Monta\u00f1o.<\/p>\n<p>&nbsp;<\/p>\n<p>En el marco de suscripci\u00f3n de un memorando de entendimiento entre las ciudades hermanas para la reubicaci\u00f3n de las v\u00edas del tren a las afueras de la zona urbana, al este del actual cruce ferroviario binacional, el mandatario estatal mencion\u00f3 que este proyecto permitir\u00e1 el aprovechamiento del espacio de derecho de v\u00eda para proyectos en beneficio de la ciudadan\u00eda.<\/p>\n<p>&nbsp;<\/p>\n<p>\u201cEsa es la raz\u00f3n por la que promovemos la reubicaci\u00f3n. Obviamente siendo Nogales una ciudad construida sobre cerros y lomas, el \u00fanico espacio plano es el derecho de v\u00eda del ferrocarril. Y no voy a ocultarles a ustedes lo que podemos hacer con ese derecho de v\u00eda liberado y ponerlo al servicio del mejoramiento urbano de Nogales. Al concluir ese aprovechamiento vamos a decir que hemos cumplido con el compromiso de que Nogales represente el rostro fronterizo de la 4T, y ese rostro nos va a llenar de orgullo, como nos va a llenar de orgullo la modernizaci\u00f3n del puerto de Guaymas que, poco a poco, estamos materializando\u201d, indic\u00f3.<\/p>\n<p>&nbsp;<\/p>\n<p>El gobernador Durazo Monta\u00f1o a\u00f1adi\u00f3 que es necesaria la reubicaci\u00f3n de las v\u00edas f\u00e9rreas en Nogales ya que, al concluir la modernizaci\u00f3n del puerto de Guaymas, y ante la saturaci\u00f3n de puertos en Estados Unidos, se incrementar\u00e1 la circulaci\u00f3n de trenes que transportan contenedores hacia la frontera norte, lo que permitir\u00e1 aumentar el flujo del comercio de exportaci\u00f3n en la entidad.<\/p>\n<p>&nbsp;<\/p>\n<p>En este acuerdo, firmado por Juan Francisco Gim Nogales, presidente municipal de Nogales (Sonora); Arturo Garino, alcalde de Nogales (Arizona); as\u00ed como por Heriberto Aguilar Castillo, secretario de Infraestructura y Desarrollo Urbano, en calidad de testigo y en representaci\u00f3n del gobernador del estado; se acord\u00f3 la construcci\u00f3n de una relaci\u00f3n de cooperaci\u00f3n en beneficio de los habitantes y respectivas econom\u00edas, mediante el proyecto espec\u00edfico para la reubicaci\u00f3n de las v\u00edas del ferrocarril.<\/p>\n<p>&nbsp;<\/p>\n<p>El memorando determina que ambas ciudades deber\u00e1n definir, a trav\u00e9s de estudios de factibilidad, la ubicaci\u00f3n de un nuevo punto de cruce internacional y un nuevo trazo de las v\u00edas del tren, que deber\u00e1 contar con toda la infraestructura necesaria para el flujo eficaz y eficiente de los trenes utilizados para la transportaci\u00f3n de productos y materiales.<\/p>\n<p>&nbsp;<\/p>\n<p>Sobre el documento de cooperaci\u00f3n binacional, Aguilar Castillo coment\u00f3 que, al avanzar en las gestiones de este proyecto, se est\u00e1 dando respuesta a una demanda ciudadana que data desde hace m\u00e1s de cinco d\u00e9cadas.<\/p>\n<p><strong><u>Fecha de publicaci\u00f3n jueves 6 de octubre de 2022<\/u><\/strong><\/p>\n","protected":false},"excerpt":{"rendered":"<p>NOGALES, ARIZONA,EE.UU.\u2500\u2500 La firma de un entendimiento entre los dos Nogales (Sonora y Arizona), con&#8230;<\/p>\n","protected":false},"author":1,"featured_media":148559,"comment_status":"open","ping_status":"open","sticky":false,"template":"","format":"standard","meta":{"_monsterinsights_skip_tracking":false,"_monsterinsights_sitenote_active":false,"_monsterinsights_sitenote_note":"","_monsterinsights_sitenote_category":0,"footnotes":""},"categories":[22],"tags":[1242,3980],"class_list":["post"],"yoast_head":" \n<title>Sonora en Equipo. Se despeja camino entre los dos Nogales para un nuevo paso del tren Sonora<\/title>\n<meta name=\"description\" content=\"NOGALES, ARIZONA,EE.UU.\u2500\u2500 La firma de un entendimiento entre los dos Nogales (Sonora y Arizona), con el fin de construir juntos las condiciones para un En Sonora en Equipo publicamos toda la informaci\u00f3n de Sonora, M\u00e9xico y el Mundo de manera oportuna y busca que la libertad de expresi\u00f3n sea real. Visita nuestro medio informativo publicado desde Hermosillo, Sonora. %\" \/>\n<meta name=\"robots\" content=\"index, follow, max-snippet:-1, max-image-preview:large, max-video-preview:-1\" \/>\n<link rel=\"canonical\" href=\"https:\/\/www.sonoraenequipo.com.mx\/se-despeja-camino-entre-los-dos-nogales-para-un-nuevo-paso-del-tren\/\" \/>\n<meta property=\"og:locale\" content=\"es_ES\" \/>\n<meta property=\"og:type\" content=\"article\" \/>\n<meta property=\"og:title\" content=\"Sonora en Equipo. Se despeja camino entre los dos Nogales para un nuevo paso del tren Sonora\" \/>\n<meta property=\"og:description\" content=\"NOGALES, ARIZONA,EE.UU.\u2500\u2500 La firma de un entendimiento entre los dos Nogales (Sonora y Arizona), con el fin de construir juntos las condiciones para un En Sonora en Equipo publicamos toda la informaci\u00f3n de Sonora, M\u00e9xico y el Mundo de manera oportuna y busca que la libertad de expresi\u00f3n sea real. Visita nuestro medio informativo publicado desde Hermosillo, Sonora. %\" \/>\n<meta property=\"og:url\" content=\"https:\/\/www.sonoraenequipo.com.mx\/se-despeja-camino-entre-los-dos-nogales-para-un-nuevo-paso-del-tren\/\" \/>\n<meta property=\"og:site_name\" content=\"Sonora en Equipo.\" \/>\n<meta property=\"article:publisher\" content=\"https:\/\/www.facebook.com\/SonoraEE\/\" \/>\n<meta property=\"article:author\" content=\"https:\/\/www.facebook.com\/SonoraEE\" \/>\n<meta property=\"article:published_time\" content=\"2022-10-06T23:39:38+00:00\" \/>\n<meta property=\"og:image\" content=\"https:\/\/www.sonoraenequipo.com.mx\/storage\/2022\/10\/tren.jpg\" \/>\n\t<meta property=\"og:image:width\" content=\"700\" \/>\n\t<meta property=\"og:image:height\" content=\"491\" \/>\n\t<meta property=\"og:image:type\" content=\"image\/jpeg\" \/>\n<meta name=\"author\" content=\"enequipo\" \/>\n<meta name=\"twitter:card\" content=\"summary_large_image\" \/>\n<meta name=\"twitter:creator\" content=\"@sonoraenequipo\" \/>\n<meta name=\"twitter:site\" content=\"@sonoraenequipo\" \/>\n<meta name=\"twitter:label1\" content=\"Escrito por\" \/>\n\t<meta name=\"twitter:data1\" content=\"enequipo\" \/>\n\t<meta name=\"twitter:label2\" content=\"Tiempo de lectura\" \/>\n\t<meta name=\"twitter:data2\" content=\"3 minutos\" \/>\n<script type=\"application\/ld+json\" class=\"yoast-schema-graph\">{\"@context\":\"https:\/\/schema.org\",\"@graph\":[{\"@type\":\"Article\",\"@id\":\"https:\/\/www.sonoraenequipo.com.mx\/se-despeja-camino-entre-los-dos-nogales-para-un-nuevo-paso-del-tren\/#article\",\"isPartOf\":{\"@id\":\"https:\/\/www.sonoraenequipo.com.mx\/se-despeja-camino-entre-los-dos-nogales-para-un-nuevo-paso-del-tren\/\"},\"author\":{\"name\":\"enequipo\",\"@id\":\"https:\/\/www.sonoraenequipo.com.mx\/#\/schema\/person\/50102df0fb23a8fa9e8effad8fa81386\"},\"headline\":\"Se despeja camino entre los dos Nogales para un nuevo paso del tren\",\"datePublished\":\"2022-10-06T23:39:38+00:00\",\"mainEntityOfPage\":{\"@id\":\"https:\/\/www.sonoraenequipo.com.mx\/se-despeja-camino-entre-los-dos-nogales-para-un-nuevo-paso-del-tren\/\"},\"wordCount\":521,\"commentCount\":0,\"publisher\":{\"@id\":\"https:\/\/www.sonoraenequipo.com.mx\/#organization\"},\"image\":{\"@id\":\"https:\/\/www.sonoraenequipo.com.mx\/se-despeja-camino-entre-los-dos-nogales-para-un-nuevo-paso-del-tren\/#primaryimage\"},\"thumbnailUrl\":\"https:\/\/www.sonoraenequipo.com.mx\/storage\/2022\/10\/tren.jpg\",\"keywords\":[\"Nogales\",\"TREN\"],\"articleSection\":[\"Sonora\"],\"inLanguage\":\"es\",\"potentialAction\":[{\"@type\":\"CommentAction\",\"name\":\"Comment\",\"target\":[\"https:\/\/www.sonoraenequipo.com.mx\/se-despeja-camino-entre-los-dos-nogales-para-un-nuevo-paso-del-tren\/#respond\"]}]},{\"@type\":\"WebPage\",\"@id\":\"https:\/\/www.sonoraenequipo.com.mx\/se-despeja-camino-entre-los-dos-nogales-para-un-nuevo-paso-del-tren\/\",\"url\":\"https:\/\/www.sonoraenequipo.com.mx\/se-despeja-camino-entre-los-dos-nogales-para-un-nuevo-paso-del-tren\/\",\"name\":\"Sonora en Equipo. Se despeja camino entre los dos Nogales para un nuevo paso del tren Sonora\",\"isPartOf\":{\"@id\":\"https:\/\/www.sonoraenequipo.com.mx\/#website\"},\"primaryImageOfPage\":{\"@id\":\"https:\/\/www.sonoraenequipo.com.mx\/se-despeja-camino-entre-los-dos-nogales-para-un-nuevo-paso-del-tren\/#primaryimage\"},\"image\":{\"@id\":\"https:\/\/www.sonoraenequipo.com.mx\/se-despeja-camino-entre-los-dos-nogales-para-un-nuevo-paso-del-tren\/#primaryimage\"},\"thumbnailUrl\":\"https:\/\/www.sonoraenequipo.com.mx\/storage\/2022\/10\/tren.jpg\",\"datePublished\":\"2022-10-06T23:39:38+00:00\",\"description\":\"NOGALES, ARIZONA,EE.UU.\u2500\u2500 La firma de un entendimiento entre los dos Nogales (Sonora y Arizona), con el fin de construir juntos las condiciones para un En Sonora en Equipo publicamos toda la informaci\u00f3n de Sonora, M\u00e9xico y el Mundo de manera oportuna y busca que la libertad de expresi\u00f3n sea real. Visita nuestro medio informativo publicado desde Hermosillo, Sonora. %\",\"breadcrumb\":{\"@id\":\"https:\/\/www.sonoraenequipo.com.mx\/se-despeja-camino-entre-los-dos-nogales-para-un-nuevo-paso-del-tren\/#breadcrumb\"},\"inLanguage\":\"es\",\"potentialAction\":[{\"@type\":\"ReadAction\",\"target\":[\"https:\/\/www.sonoraenequipo.com.mx\/se-despeja-camino-entre-los-dos-nogales-para-un-nuevo-paso-del-tren\/\"]}]},{\"@type\":\"ImageObject\",\"inLanguage\":\"es\",\"@id\":\"https:\/\/www.sonoraenequipo.com.mx\/se-despeja-camino-entre-los-dos-nogales-para-un-nuevo-paso-del-tren\/#primaryimage\",\"url\":\"https:\/\/www.sonoraenequipo.com.mx\/storage\/2022\/10\/tren.jpg\",\"contentUrl\":\"https:\/\/www.sonoraenequipo.com.mx\/storage\/2022\/10\/tren.jpg\",\"width\":700,\"height\":491},{\"@type\":\"BreadcrumbList\",\"@id\":\"https:\/\/www.sonoraenequipo.com.mx\/se-despeja-camino-entre-los-dos-nogales-para-un-nuevo-paso-del-tren\/#breadcrumb\",\"itemListElement\":[{\"@type\":\"ListItem\",\"position\":1,\"name\":\"Portada\",\"item\":\"https:\/\/www.sonoraenequipo.com.mx\/\"},{\"@type\":\"ListItem\",\"position\":2,\"name\":\"Se despeja camino entre los dos Nogales para un nuevo paso del tren\"}]},{\"@type\":\"WebSite\",\"@id\":\"https:\/\/www.sonoraenequipo.com.mx\/#website\",\"url\":\"https:\/\/www.sonoraenequipo.com.mx\/\",\"name\":\"Sonora en Equipo.\",\"description\":\"Diario en l\u00ednea con Noticias desde Hermosillo, Sonora\",\"publisher\":{\"@id\":\"https:\/\/www.sonoraenequipo.com.mx\/#organization\"},\"potentialAction\":[{\"@type\":\"SearchAction\",\"target\":{\"@type\":\"EntryPoint\",\"urlTemplate\":\"https:\/\/www.sonoraenequipo.com.mx\/?s={search_term_string}\"},\"query-input\":{\"@type\":\"PropertyValueSpecification\",\"valueRequired\":true,\"valueName\":\"search_term_string\"}}],\"inLanguage\":\"es\"},{\"@type\":\"Organization\",\"@id\":\"https:\/\/www.sonoraenequipo.com.mx\/#organization\",\"name\":\"Sonoraenequipo.com.mx\",\"url\":\"https:\/\/www.sonoraenequipo.com.mx\/\",\"logo\":{\"@type\":\"ImageObject\",\"inLanguage\":\"es\",\"@id\":\"https:\/\/www.sonoraenequipo.com.mx\/#\/schema\/logo\/image\/\",\"url\":\"https:\/\/www.sonoraenequipo.com.mx\/storage\/2019\/01\/sonoraenequipo_opt.png\",\"contentUrl\":\"https:\/\/www.sonoraenequipo.com.mx\/storage\/2019\/01\/sonoraenequipo_opt.png\",\"width\":375,\"height\":125,\"caption\":\"Sonoraenequipo.com.mx\"},\"image\":{\"@id\":\"https:\/\/www.sonoraenequipo.com.mx\/#\/schema\/logo\/image\/\"},\"sameAs\":[\"https:\/\/www.facebook.com\/SonoraEE\/\",\"https:\/\/x.com\/sonoraenequipo\",\"https:\/\/www.youtube.com\/channel\/UC338nW-lPEYmJQs4ZABQ1SQ\"]},{\"@type\":\"Person\",\"@id\":\"https:\/\/www.sonoraenequipo.com.mx\/#\/schema\/person\/50102df0fb23a8fa9e8effad8fa81386\",\"name\":\"enequipo\",\"image\":{\"@type\":\"ImageObject\",\"inLanguage\":\"es\",\"@id\":\"https:\/\/www.sonoraenequipo.com.mx\/#\/schema\/person\/image\/\",\"url\":\"https:\/\/secure.gravatar.com\/avatar\/049821681b589dabc0bc20695993ccebb09f5b5d4d790cd9251b97faac7c652b?s=96&d=blank&r=g\",\"contentUrl\":\"https:\/\/secure.gravatar.com\/avatar\/049821681b589dabc0bc20695993ccebb09f5b5d4d790cd9251b97faac7c652b?s=96&d=blank&r=g\",\"caption\":\"enequipo\"},\"sameAs\":[\"https:\/\/www.facebook.com\/SonoraEE\"]}]}<\/script>\n ","yoast_head_json":{"title":"Sonora en Equipo. Se despeja camino entre los dos Nogales para un nuevo paso del tren Sonora","description":"NOGALES, ARIZONA,EE.UU.\u2500\u2500 La firma de un entendimiento entre los dos Nogales (Sonora y Arizona), con el fin de construir juntos las condiciones para un En Sonora en Equipo publicamos toda la informaci\u00f3n de Sonora, M\u00e9xico y el Mundo de manera oportuna y busca que la libertad de expresi\u00f3n sea real. Visita nuestro medio informativo publicado desde Hermosillo, Sonora. %","robots":{"index":"index","follow":"follow","max-snippet":"max-snippet:-1","max-image-preview":"max-image-preview:large","max-video-preview":"max-video-preview:-1"},"canonical":"https:\/\/www.sonoraenequipo.com.mx\/se-despeja-camino-entre-los-dos-nogales-para-un-nuevo-paso-del-tren\/","og_locale":"es_ES","og_type":"article","og_title":"Sonora en Equipo. Se despeja camino entre los dos Nogales para un nuevo paso del tren Sonora","og_description":"NOGALES, ARIZONA,EE.UU.\u2500\u2500 La firma de un entendimiento entre los dos Nogales (Sonora y Arizona), con el fin de construir juntos las condiciones para un En Sonora en Equipo publicamos toda la informaci\u00f3n de Sonora, M\u00e9xico y el Mundo de manera oportuna y busca que la libertad de expresi\u00f3n sea real. Visita nuestro medio informativo publicado desde Hermosillo, Sonora. %","og_url":"https:\/\/www.sonoraenequipo.com.mx\/se-despeja-camino-entre-los-dos-nogales-para-un-nuevo-paso-del-tren\/","og_site_name":"Sonora en Equipo.","article_publisher":"https:\/\/www.facebook.com\/SonoraEE\/","article_author":"https:\/\/www.facebook.com\/SonoraEE","article_published_time":"2022-10-06T23:39:38+00:00","og_image":[{"width":700,"height":491,"url":"https:\/\/www.sonoraenequipo.com.mx\/storage\/2022\/10\/tren.jpg","type":"image\/jpeg"}],"author":"enequipo","twitter_card":"summary_large_image","twitter_creator":"@sonoraenequipo","twitter_site":"@sonoraenequipo","twitter_misc":{"Escrito por":"enequipo","Tiempo de lectura":"3 minutos"},"schema":{"@context":"https:\/\/schema.org","@graph":[{"@type":"Article","@id":"https:\/\/www.sonoraenequipo.com.mx\/se-despeja-camino-entre-los-dos-nogales-para-un-nuevo-paso-del-tren\/#article","isPartOf":{"@id":"https:\/\/www.sonoraenequipo.com.mx\/se-despeja-camino-entre-los-dos-nogales-para-un-nuevo-paso-del-tren\/"},"author":{"name":"enequipo","@id":"https:\/\/www.sonoraenequipo.com.mx\/#\/schema\/person\/50102df0fb23a8fa9e8effad8fa81386"},"headline":"Se despeja camino entre los dos Nogales para un nuevo paso del tren","datePublished":"2022-10-06T23:39:38+00:00","mainEntityOfPage":{"@id":"https:\/\/www.sonoraenequipo.com.mx\/se-despeja-camino-entre-los-dos-nogales-para-un-nuevo-paso-del-tren\/"},"wordCount":521,"commentCount":0,"publisher":{"@id":"https:\/\/www.sonoraenequipo.com.mx\/#organization"},"image":{"@id":"https:\/\/www.sonoraenequipo.com.mx\/se-despeja-camino-entre-los-dos-nogales-para-un-nuevo-paso-del-tren\/#primaryimage"},"thumbnailUrl":"https:\/\/www.sonoraenequipo.com.mx\/storage\/2022\/10\/tren.jpg","keywords":["Nogales","TREN"],"articleSection":["Sonora"],"inLanguage":"es","potentialAction":[{"@type":"CommentAction","name":"Comment","target":["https:\/\/www.sonoraenequipo.com.mx\/se-despeja-camino-entre-los-dos-nogales-para-un-nuevo-paso-del-tren\/#respond"]}]},{"@type":"WebPage","@id":"https:\/\/www.sonoraenequipo.com.mx\/se-despeja-camino-entre-los-dos-nogales-para-un-nuevo-paso-del-tren\/","url":"https:\/\/www.sonoraenequipo.com.mx\/se-despeja-camino-entre-los-dos-nogales-para-un-nuevo-paso-del-tren\/","name":"Sonora en Equipo. Se despeja camino entre los dos Nogales para un nuevo paso del tren Sonora","isPartOf":{"@id":"https:\/\/www.sonoraenequipo.com.mx\/#website"},"primaryImageOfPage":{"@id":"https:\/\/www.sonoraenequipo.com.mx\/se-despeja-camino-entre-los-dos-nogales-para-un-nuevo-paso-del-tren\/#primaryimage"},"image":{"@id":"https:\/\/www.sonoraenequipo.com.mx\/se-despeja-camino-entre-los-dos-nogales-para-un-nuevo-paso-del-tren\/#primaryimage"},"thumbnailUrl":"https:\/\/www.sonoraenequipo.com.mx\/storage\/2022\/10\/tren.jpg","datePublished":"2022-10-06T23:39:38+00:00","description":"NOGALES, ARIZONA,EE.UU.\u2500\u2500 La firma de un entendimiento entre los dos Nogales (Sonora y Arizona), con el fin de construir juntos las condiciones para un En Sonora en Equipo publicamos toda la informaci\u00f3n de Sonora, M\u00e9xico y el Mundo de manera oportuna y busca que la libertad de expresi\u00f3n sea real. Visita nuestro medio informativo publicado desde Hermosillo, Sonora. %","breadcrumb":{"@id":"https:\/\/www.sonoraenequipo.com.mx\/se-despeja-camino-entre-los-dos-nogales-para-un-nuevo-paso-del-tren\/#breadcrumb"},"inLanguage":"es","potentialAction":[{"@type":"ReadAction","target":["https:\/\/www.sonoraenequipo.com.mx\/se-despeja-camino-entre-los-dos-nogales-para-un-nuevo-paso-del-tren\/"]}]},{"@type":"ImageObject","inLanguage":"es","@id":"https:\/\/www.sonoraenequipo.com.mx\/se-despeja-camino-entre-los-dos-nogales-para-un-nuevo-paso-del-tren\/#primaryimage","url":"https:\/\/www.sonoraenequipo.com.mx\/storage\/2022\/10\/tren.jpg","contentUrl":"https:\/\/www.sonoraenequipo.com.mx\/storage\/2022\/10\/tren.jpg","width":700,"height":491},{"@type":"BreadcrumbList","@id":"https:\/\/www.sonoraenequipo.com.mx\/se-despeja-camino-entre-los-dos-nogales-para-un-nuevo-paso-del-tren\/#breadcrumb","itemListElement":[{"@type":"ListItem","position":1,"name":"Portada","item":"https:\/\/www.sonoraenequipo.com.mx\/"},{"@type":"ListItem","position":2,"name":"Se despeja camino entre los dos Nogales para un nuevo paso del tren"}]},{"@type":"WebSite","@id":"https:\/\/www.sonoraenequipo.com.mx\/#website","url":"https:\/\/www.sonoraenequipo.com.mx\/","name":"Sonora en Equipo.","description":"Diario en l\u00ednea con Noticias desde Hermosillo, Sonora","publisher":{"@id":"https:\/\/www.sonoraenequipo.com.mx\/#organization"},"potentialAction":[{"@type":"SearchAction","target":{"@type":"EntryPoint","urlTemplate":"https:\/\/www.sonoraenequipo.com.mx\/?s={search_term_string}"},"query-input":{"@type":"PropertyValueSpecification","valueRequired":true,"valueName":"search_term_string"}}],"inLanguage":"es"},{"@type":"Organization","@id":"https:\/\/www.sonoraenequipo.com.mx\/#organization","name":"Sonoraenequipo.com.mx","url":"https:\/\/www.sonoraenequipo.com.mx\/","logo":{"@type":"ImageObject","inLanguage":"es","@id":"https:\/\/www.sonoraenequipo.com.mx\/#\/schema\/logo\/image\/","url":"https:\/\/www.sonoraenequipo.com.mx\/storage\/2019\/01\/sonoraenequipo_opt.png","contentUrl":"https:\/\/www.sonoraenequipo.com.mx\/storage\/2019\/01\/sonoraenequipo_opt.png","width":375,"height":125,"caption":"Sonoraenequipo.com.mx"},"image":{"@id":"https:\/\/www.sonoraenequipo.com.mx\/#\/schema\/logo\/image\/"},"sameAs":["https:\/\/www.facebook.com\/SonoraEE\/","https:\/\/x.com\/sonoraenequipo","https:\/\/www.youtube.com\/channel\/UC338nW-lPEYmJQs4ZABQ1SQ"]},{"@type":"Person","@id":"https:\/\/www.sonoraenequipo.com.mx\/#\/schema\/person\/50102df0fb23a8fa9e8effad8fa81386","name":"enequipo","image":{"@type":"ImageObject","inLanguage":"es","@id":"https:\/\/www.sonoraenequipo.com.mx\/#\/schema\/person\/image\/","url":"https:\/\/secure.gravatar.com\/avatar\/049821681b589dabc0bc20695993ccebb09f5b5d4d790cd9251b97faac7c652b?s=96&d=blank&r=g","contentUrl":"https:\/\/secure.gravatar.com\/avatar\/049821681b589dabc0bc20695993ccebb09f5b5d4d790cd9251b97faac7c652b?s=96&d=blank&r=g","caption":"enequipo"},"sameAs":["https:\/\/www.facebook.com\/SonoraEE"]}]}},"jetpack_featured_media_url":"https:\/\/www.sonoraenequipo.com.mx\/storage\/2022\/10\/tren.jpg","_links":{"self":[{"href":"https:\/\/www.sonoraenequipo.com.mx\/api\/wp\/v2\/posts\/148557","targetHints":{"allow":["GET"]}}],"collection":[{"href":"https:\/\/www.sonoraenequipo.com.mx\/api\/wp\/v2\/posts"}],"about":[{"href":"https:\/\/www.sonoraenequipo.com.mx\/api\/wp\/v2\/types\/post"}],"author":[{"embeddable":true,"href":"https:\/\/www.sonoraenequipo.com.mx\/api\/wp\/v2\/users\/1"}],"replies":[{"embeddable":true,"href":"https:\/\/www.sonoraenequipo.com.mx\/api\/wp\/v2\/comments?post=148557"}],"version-history":[{"count":1,"href":"https:\/\/www.sonoraenequipo.com.mx\/api\/wp\/v2\/posts\/148557\/revisions"}],"predecessor-version":[{"id":148560,"href":"https:\/\/www.sonoraenequipo.com.mx\/api\/wp\/v2\/posts\/148557\/revisions\/148560"}],"wp:featuredmedia":[{"embeddable":true,"href":"https:\/\/www.sonoraenequipo.com.mx\/api\/wp\/v2\/media\/148559"}],"wp:attachment":[{"href":"https:\/\/www.sonoraenequipo.com.mx\/api\/wp\/v2\/media?parent=148557"}],"wp:term":[{"taxonomy":"category","embeddable":true,"href":"https:\/\/www.sonoraenequipo.com.mx\/api\/wp\/v2\/categories?post=148557"},{"taxonomy":"post_tag","embeddable":true,"href":"https:\/\/www.sonoraenequipo.com.mx\/api\/wp\/v2\/tags?post=148557"}],"curies":[{"name":"wp","href":"https:\/\/api.w.org\/{rel}","templated":true}]}}