{"id":148678,"date":"2022-10-07T17:15:58","date_gmt":"2022-10-08T00:15:58","guid":{"rendered":"https:\/\/www.sonoraenequipo.com.mx\/?p=148678"},"modified":"2022-10-07T17:15:58","modified_gmt":"2022-10-08T00:15:58","slug":"anuncia-alcalde-de-hermosillo-el-triple-de-trabajadores-en-plan-emergente-de-bacheo","status":"publish","type":"post","link":"https:\/\/www.sonoraenequipo.com.mx\/anuncia-alcalde-de-hermosillo-el-triple-de-trabajadores-en-plan-emergente-de-bacheo\/","title":{"rendered":"Anuncia alcalde de Hermosillo el triple de trabajadores en plan emergente de bacheo"},"content":{"rendered":"<p>\u25baSon 27 cuadrillas que laborar\u00e1n de lunes a s\u00e1bado para lograr 300 mil baches tapados al finalizar el a\u00f1o<\/p>\n<p>&nbsp;<\/p>\n<p><strong>HERMOSILLO, SONORA,MX.<\/strong><strong>\u2500\u2500<\/strong> Para acelerar el rescate de vialidades en Hermosillo, gran parte de ellas afectadas por las intensas lluvias recientes, el Presidente Municipal, Antonio Astiazar\u00e1n anunci\u00f3 que se triplic\u00f3 el n\u00famero de trabajadores para bacheo, y contar con 27 cuadrillas laborando de lunes a s\u00e1bado.<\/p>\n<p>&nbsp;<\/p>\n<p>En un mensaje dirigido a los hermosillenses, To\u00f1o Astiazar\u00e1n consider\u00f3 las precipitaciones como una situaci\u00f3n extraordinaria que requiere medidas urgentes como el incremento de empleados de la Coordinaci\u00f3n de Infraestructura, Desarrollo Urbano y Ecolog\u00eda (CIDUE) con el fin de alcanzar la meta de 300 mil baches reparados a fin de a\u00f1o.<\/p>\n<p>&nbsp;<\/p>\n<p>\u201cUna situaci\u00f3n extraordinaria, requiere de medidas urgentes. Nos ha llovido como nunca en los \u00faltimos 12 a\u00f1os y s\u00ed, nos va a ayudar much\u00edsimo. Al mismo tiempo, as\u00ed como en las casas salieron goteras y humedad en las paredes, debajo de las calles est\u00e1 la enorme cantidad de agua que revent\u00f3 tuber\u00edas y remoj\u00f3 la tierra sum\u00e1ndole a nuestra ciudad miles de baches\u201d, explic\u00f3.<\/p>\n<p>&nbsp;<\/p>\n<p>De acuerdo al balance de los \u00faltimos dos meses, se ha trabajado en 26 nuevas calles, 22 recarpeteos y 3 mil baches reparados por semana, esto a trav\u00e9s de un programa emergente que opera de d\u00eda y noche en las calles de la ciudad capital.<\/p>\n<p>&nbsp;<\/p>\n<p>Astiazar\u00e1n Guti\u00e9rrez invit\u00f3 a la poblaci\u00f3n a consultar bachometro.hermosillo.gob.mx para confirmar cada bache reparado por el Ayuntamiento de Hermosillo, se especifican los puntos de reparaci\u00f3n, as\u00ed como tambi\u00e9n, el total de metros cuadrados cubiertos que hasta el momento superan los 242 mil.<\/p>\n<p><strong><u>Fecha de publicaci\u00f3n viernes 7 de octubre de 2022<\/u><\/strong><\/p>\n","protected":false},"excerpt":{"rendered":"<p>\u25baSon 27 cuadrillas que laborar\u00e1n de lunes a s\u00e1bado para lograr 300 mil baches tapados&#8230;<\/p>\n","protected":false},"author":1,"featured_media":131256,"comment_status":"open","ping_status":"open","sticky":false,"template":"","format":"standard","meta":{"_monsterinsights_skip_tracking":false,"_monsterinsights_sitenote_active":false,"_monsterinsights_sitenote_note":"","_monsterinsights_sitenote_category":0,"footnotes":""},"categories":[4],"tags":[3711,35],"class_list":["post"],"yoast_head":" \n<title>Sonora en Equipo. Anuncia alcalde de Hermosillo el triple de trabajadores en plan emergente de bacheo Municipios<\/title>\n<meta name=\"description\" content=\"\u25baSon 27 cuadrillas que laborar\u00e1n de lunes a s\u00e1bado para lograr 300 mil baches tapados al finalizar el a\u00f1o &nbsp; HERMOSILLO, SONORA,MX.\u2500\u2500 Para acelerar el En Sonora en Equipo publicamos toda la informaci\u00f3n de Sonora, M\u00e9xico y el Mundo de manera oportuna y busca que la libertad de expresi\u00f3n sea real. Visita nuestro medio informativo publicado desde Hermosillo, Sonora. %\" \/>\n<meta name=\"robots\" content=\"index, follow, max-snippet:-1, max-image-preview:large, max-video-preview:-1\" \/>\n<link rel=\"canonical\" href=\"https:\/\/www.sonoraenequipo.com.mx\/anuncia-alcalde-de-hermosillo-el-triple-de-trabajadores-en-plan-emergente-de-bacheo\/\" \/>\n<meta property=\"og:locale\" content=\"es_ES\" \/>\n<meta property=\"og:type\" content=\"article\" \/>\n<meta property=\"og:title\" content=\"Sonora en Equipo. Anuncia alcalde de Hermosillo el triple de trabajadores en plan emergente de bacheo Municipios\" \/>\n<meta property=\"og:description\" content=\"\u25baSon 27 cuadrillas que laborar\u00e1n de lunes a s\u00e1bado para lograr 300 mil baches tapados al finalizar el a\u00f1o &nbsp; HERMOSILLO, SONORA,MX.\u2500\u2500 Para acelerar el En Sonora en Equipo publicamos toda la informaci\u00f3n de Sonora, M\u00e9xico y el Mundo de manera oportuna y busca que la libertad de expresi\u00f3n sea real. Visita nuestro medio informativo publicado desde Hermosillo, Sonora. %\" \/>\n<meta property=\"og:url\" content=\"https:\/\/www.sonoraenequipo.com.mx\/anuncia-alcalde-de-hermosillo-el-triple-de-trabajadores-en-plan-emergente-de-bacheo\/\" \/>\n<meta property=\"og:site_name\" content=\"Sonora en Equipo.\" \/>\n<meta property=\"article:publisher\" content=\"https:\/\/www.facebook.com\/SonoraEE\/\" \/>\n<meta property=\"article:author\" content=\"https:\/\/www.facebook.com\/SonoraEE\" \/>\n<meta property=\"article:published_time\" content=\"2022-10-08T00:15:58+00:00\" \/>\n<meta property=\"og:image\" content=\"https:\/\/www.sonoraenequipo.com.mx\/storage\/2022\/01\/bacheo-tono.jpg\" \/>\n\t<meta property=\"og:image:width\" content=\"600\" \/>\n\t<meta property=\"og:image:height\" content=\"400\" \/>\n\t<meta property=\"og:image:type\" content=\"image\/jpeg\" \/>\n<meta name=\"author\" content=\"enequipo\" \/>\n<meta name=\"twitter:card\" content=\"summary_large_image\" \/>\n<meta name=\"twitter:creator\" content=\"@sonoraenequipo\" \/>\n<meta name=\"twitter:site\" content=\"@sonoraenequipo\" \/>\n<meta name=\"twitter:label1\" content=\"Escrito por\" \/>\n\t<meta name=\"twitter:data1\" content=\"enequipo\" \/>\n\t<meta name=\"twitter:label2\" content=\"Tiempo de lectura\" \/>\n\t<meta name=\"twitter:data2\" content=\"1 minuto\" \/>\n<script type=\"application\/ld+json\" class=\"yoast-schema-graph\">{\"@context\":\"https:\/\/schema.org\",\"@graph\":[{\"@type\":\"Article\",\"@id\":\"https:\/\/www.sonoraenequipo.com.mx\/anuncia-alcalde-de-hermosillo-el-triple-de-trabajadores-en-plan-emergente-de-bacheo\/#article\",\"isPartOf\":{\"@id\":\"https:\/\/www.sonoraenequipo.com.mx\/anuncia-alcalde-de-hermosillo-el-triple-de-trabajadores-en-plan-emergente-de-bacheo\/\"},\"author\":{\"name\":\"enequipo\",\"@id\":\"https:\/\/www.sonoraenequipo.com.mx\/#\/schema\/person\/50102df0fb23a8fa9e8effad8fa81386\"},\"headline\":\"Anuncia alcalde de Hermosillo el triple de trabajadores en plan emergente de bacheo\",\"datePublished\":\"2022-10-08T00:15:58+00:00\",\"mainEntityOfPage\":{\"@id\":\"https:\/\/www.sonoraenequipo.com.mx\/anuncia-alcalde-de-hermosillo-el-triple-de-trabajadores-en-plan-emergente-de-bacheo\/\"},\"wordCount\":311,\"commentCount\":0,\"publisher\":{\"@id\":\"https:\/\/www.sonoraenequipo.com.mx\/#organization\"},\"image\":{\"@id\":\"https:\/\/www.sonoraenequipo.com.mx\/anuncia-alcalde-de-hermosillo-el-triple-de-trabajadores-en-plan-emergente-de-bacheo\/#primaryimage\"},\"thumbnailUrl\":\"https:\/\/www.sonoraenequipo.com.mx\/storage\/2022\/01\/bacheo-tono.jpg\",\"keywords\":[\"BACHEO\",\"hermosillo\"],\"articleSection\":[\"Municipios\"],\"inLanguage\":\"es\",\"potentialAction\":[{\"@type\":\"CommentAction\",\"name\":\"Comment\",\"target\":[\"https:\/\/www.sonoraenequipo.com.mx\/anuncia-alcalde-de-hermosillo-el-triple-de-trabajadores-en-plan-emergente-de-bacheo\/#respond\"]}]},{\"@type\":\"WebPage\",\"@id\":\"https:\/\/www.sonoraenequipo.com.mx\/anuncia-alcalde-de-hermosillo-el-triple-de-trabajadores-en-plan-emergente-de-bacheo\/\",\"url\":\"https:\/\/www.sonoraenequipo.com.mx\/anuncia-alcalde-de-hermosillo-el-triple-de-trabajadores-en-plan-emergente-de-bacheo\/\",\"name\":\"Sonora en Equipo. Anuncia alcalde de Hermosillo el triple de trabajadores en plan emergente de bacheo Municipios\",\"isPartOf\":{\"@id\":\"https:\/\/www.sonoraenequipo.com.mx\/#website\"},\"primaryImageOfPage\":{\"@id\":\"https:\/\/www.sonoraenequipo.com.mx\/anuncia-alcalde-de-hermosillo-el-triple-de-trabajadores-en-plan-emergente-de-bacheo\/#primaryimage\"},\"image\":{\"@id\":\"https:\/\/www.sonoraenequipo.com.mx\/anuncia-alcalde-de-hermosillo-el-triple-de-trabajadores-en-plan-emergente-de-bacheo\/#primaryimage\"},\"thumbnailUrl\":\"https:\/\/www.sonoraenequipo.com.mx\/storage\/2022\/01\/bacheo-tono.jpg\",\"datePublished\":\"2022-10-08T00:15:58+00:00\",\"description\":\"\u25baSon 27 cuadrillas que laborar\u00e1n de lunes a s\u00e1bado para lograr 300 mil baches tapados al finalizar el a\u00f1o &nbsp; HERMOSILLO, SONORA,MX.\u2500\u2500 Para acelerar el En Sonora en Equipo publicamos toda la informaci\u00f3n de Sonora, M\u00e9xico y el Mundo de manera oportuna y busca que la libertad de expresi\u00f3n sea real. Visita nuestro medio informativo publicado desde Hermosillo, Sonora. %\",\"breadcrumb\":{\"@id\":\"https:\/\/www.sonoraenequipo.com.mx\/anuncia-alcalde-de-hermosillo-el-triple-de-trabajadores-en-plan-emergente-de-bacheo\/#breadcrumb\"},\"inLanguage\":\"es\",\"potentialAction\":[{\"@type\":\"ReadAction\",\"target\":[\"https:\/\/www.sonoraenequipo.com.mx\/anuncia-alcalde-de-hermosillo-el-triple-de-trabajadores-en-plan-emergente-de-bacheo\/\"]}]},{\"@type\":\"ImageObject\",\"inLanguage\":\"es\",\"@id\":\"https:\/\/www.sonoraenequipo.com.mx\/anuncia-alcalde-de-hermosillo-el-triple-de-trabajadores-en-plan-emergente-de-bacheo\/#primaryimage\",\"url\":\"https:\/\/www.sonoraenequipo.com.mx\/storage\/2022\/01\/bacheo-tono.jpg\",\"contentUrl\":\"https:\/\/www.sonoraenequipo.com.mx\/storage\/2022\/01\/bacheo-tono.jpg\",\"width\":600,\"height\":400},{\"@type\":\"BreadcrumbList\",\"@id\":\"https:\/\/www.sonoraenequipo.com.mx\/anuncia-alcalde-de-hermosillo-el-triple-de-trabajadores-en-plan-emergente-de-bacheo\/#breadcrumb\",\"itemListElement\":[{\"@type\":\"ListItem\",\"position\":1,\"name\":\"Portada\",\"item\":\"https:\/\/www.sonoraenequipo.com.mx\/\"},{\"@type\":\"ListItem\",\"position\":2,\"name\":\"Anuncia alcalde de Hermosillo el triple de trabajadores en plan emergente de bacheo\"}]},{\"@type\":\"WebSite\",\"@id\":\"https:\/\/www.sonoraenequipo.com.mx\/#website\",\"url\":\"https:\/\/www.sonoraenequipo.com.mx\/\",\"name\":\"Sonora en Equipo.\",\"description\":\"Diario en l\u00ednea con Noticias desde Hermosillo, Sonora\",\"publisher\":{\"@id\":\"https:\/\/www.sonoraenequipo.com.mx\/#organization\"},\"potentialAction\":[{\"@type\":\"SearchAction\",\"target\":{\"@type\":\"EntryPoint\",\"urlTemplate\":\"https:\/\/www.sonoraenequipo.com.mx\/?s={search_term_string}\"},\"query-input\":{\"@type\":\"PropertyValueSpecification\",\"valueRequired\":true,\"valueName\":\"search_term_string\"}}],\"inLanguage\":\"es\"},{\"@type\":\"Organization\",\"@id\":\"https:\/\/www.sonoraenequipo.com.mx\/#organization\",\"name\":\"Sonoraenequipo.com.mx\",\"url\":\"https:\/\/www.sonoraenequipo.com.mx\/\",\"logo\":{\"@type\":\"ImageObject\",\"inLanguage\":\"es\",\"@id\":\"https:\/\/www.sonoraenequipo.com.mx\/#\/schema\/logo\/image\/\",\"url\":\"https:\/\/www.sonoraenequipo.com.mx\/storage\/2019\/01\/sonoraenequipo_opt.png\",\"contentUrl\":\"https:\/\/www.sonoraenequipo.com.mx\/storage\/2019\/01\/sonoraenequipo_opt.png\",\"width\":375,\"height\":125,\"caption\":\"Sonoraenequipo.com.mx\"},\"image\":{\"@id\":\"https:\/\/www.sonoraenequipo.com.mx\/#\/schema\/logo\/image\/\"},\"sameAs\":[\"https:\/\/www.facebook.com\/SonoraEE\/\",\"https:\/\/x.com\/sonoraenequipo\",\"https:\/\/www.youtube.com\/channel\/UC338nW-lPEYmJQs4ZABQ1SQ\"]},{\"@type\":\"Person\",\"@id\":\"https:\/\/www.sonoraenequipo.com.mx\/#\/schema\/person\/50102df0fb23a8fa9e8effad8fa81386\",\"name\":\"enequipo\",\"image\":{\"@type\":\"ImageObject\",\"inLanguage\":\"es\",\"@id\":\"https:\/\/www.sonoraenequipo.com.mx\/#\/schema\/person\/image\/\",\"url\":\"https:\/\/secure.gravatar.com\/avatar\/049821681b589dabc0bc20695993ccebb09f5b5d4d790cd9251b97faac7c652b?s=96&d=blank&r=g\",\"contentUrl\":\"https:\/\/secure.gravatar.com\/avatar\/049821681b589dabc0bc20695993ccebb09f5b5d4d790cd9251b97faac7c652b?s=96&d=blank&r=g\",\"caption\":\"enequipo\"},\"sameAs\":[\"https:\/\/www.facebook.com\/SonoraEE\"]}]}<\/script>\n ","yoast_head_json":{"title":"Sonora en Equipo. Anuncia alcalde de Hermosillo el triple de trabajadores en plan emergente de bacheo Municipios","description":"\u25baSon 27 cuadrillas que laborar\u00e1n de lunes a s\u00e1bado para lograr 300 mil baches tapados al finalizar el a\u00f1o &nbsp; HERMOSILLO, SONORA,MX.\u2500\u2500 Para acelerar el En Sonora en Equipo publicamos toda la informaci\u00f3n de Sonora, M\u00e9xico y el Mundo de manera oportuna y busca que la libertad de expresi\u00f3n sea real. Visita nuestro medio informativo publicado desde Hermosillo, Sonora. %","robots":{"index":"index","follow":"follow","max-snippet":"max-snippet:-1","max-image-preview":"max-image-preview:large","max-video-preview":"max-video-preview:-1"},"canonical":"https:\/\/www.sonoraenequipo.com.mx\/anuncia-alcalde-de-hermosillo-el-triple-de-trabajadores-en-plan-emergente-de-bacheo\/","og_locale":"es_ES","og_type":"article","og_title":"Sonora en Equipo. Anuncia alcalde de Hermosillo el triple de trabajadores en plan emergente de bacheo Municipios","og_description":"\u25baSon 27 cuadrillas que laborar\u00e1n de lunes a s\u00e1bado para lograr 300 mil baches tapados al finalizar el a\u00f1o &nbsp; HERMOSILLO, SONORA,MX.\u2500\u2500 Para acelerar el En Sonora en Equipo publicamos toda la informaci\u00f3n de Sonora, M\u00e9xico y el Mundo de manera oportuna y busca que la libertad de expresi\u00f3n sea real. Visita nuestro medio informativo publicado desde Hermosillo, Sonora. %","og_url":"https:\/\/www.sonoraenequipo.com.mx\/anuncia-alcalde-de-hermosillo-el-triple-de-trabajadores-en-plan-emergente-de-bacheo\/","og_site_name":"Sonora en Equipo.","article_publisher":"https:\/\/www.facebook.com\/SonoraEE\/","article_author":"https:\/\/www.facebook.com\/SonoraEE","article_published_time":"2022-10-08T00:15:58+00:00","og_image":[{"width":600,"height":400,"url":"https:\/\/www.sonoraenequipo.com.mx\/storage\/2022\/01\/bacheo-tono.jpg","type":"image\/jpeg"}],"author":"enequipo","twitter_card":"summary_large_image","twitter_creator":"@sonoraenequipo","twitter_site":"@sonoraenequipo","twitter_misc":{"Escrito por":"enequipo","Tiempo de lectura":"1 minuto"},"schema":{"@context":"https:\/\/schema.org","@graph":[{"@type":"Article","@id":"https:\/\/www.sonoraenequipo.com.mx\/anuncia-alcalde-de-hermosillo-el-triple-de-trabajadores-en-plan-emergente-de-bacheo\/#article","isPartOf":{"@id":"https:\/\/www.sonoraenequipo.com.mx\/anuncia-alcalde-de-hermosillo-el-triple-de-trabajadores-en-plan-emergente-de-bacheo\/"},"author":{"name":"enequipo","@id":"https:\/\/www.sonoraenequipo.com.mx\/#\/schema\/person\/50102df0fb23a8fa9e8effad8fa81386"},"headline":"Anuncia alcalde de Hermosillo el triple de trabajadores en plan emergente de bacheo","datePublished":"2022-10-08T00:15:58+00:00","mainEntityOfPage":{"@id":"https:\/\/www.sonoraenequipo.com.mx\/anuncia-alcalde-de-hermosillo-el-triple-de-trabajadores-en-plan-emergente-de-bacheo\/"},"wordCount":311,"commentCount":0,"publisher":{"@id":"https:\/\/www.sonoraenequipo.com.mx\/#organization"},"image":{"@id":"https:\/\/www.sonoraenequipo.com.mx\/anuncia-alcalde-de-hermosillo-el-triple-de-trabajadores-en-plan-emergente-de-bacheo\/#primaryimage"},"thumbnailUrl":"https:\/\/www.sonoraenequipo.com.mx\/storage\/2022\/01\/bacheo-tono.jpg","keywords":["BACHEO","hermosillo"],"articleSection":["Municipios"],"inLanguage":"es","potentialAction":[{"@type":"CommentAction","name":"Comment","target":["https:\/\/www.sonoraenequipo.com.mx\/anuncia-alcalde-de-hermosillo-el-triple-de-trabajadores-en-plan-emergente-de-bacheo\/#respond"]}]},{"@type":"WebPage","@id":"https:\/\/www.sonoraenequipo.com.mx\/anuncia-alcalde-de-hermosillo-el-triple-de-trabajadores-en-plan-emergente-de-bacheo\/","url":"https:\/\/www.sonoraenequipo.com.mx\/anuncia-alcalde-de-hermosillo-el-triple-de-trabajadores-en-plan-emergente-de-bacheo\/","name":"Sonora en Equipo. Anuncia alcalde de Hermosillo el triple de trabajadores en plan emergente de bacheo Municipios","isPartOf":{"@id":"https:\/\/www.sonoraenequipo.com.mx\/#website"},"primaryImageOfPage":{"@id":"https:\/\/www.sonoraenequipo.com.mx\/anuncia-alcalde-de-hermosillo-el-triple-de-trabajadores-en-plan-emergente-de-bacheo\/#primaryimage"},"image":{"@id":"https:\/\/www.sonoraenequipo.com.mx\/anuncia-alcalde-de-hermosillo-el-triple-de-trabajadores-en-plan-emergente-de-bacheo\/#primaryimage"},"thumbnailUrl":"https:\/\/www.sonoraenequipo.com.mx\/storage\/2022\/01\/bacheo-tono.jpg","datePublished":"2022-10-08T00:15:58+00:00","description":"\u25baSon 27 cuadrillas que laborar\u00e1n de lunes a s\u00e1bado para lograr 300 mil baches tapados al finalizar el a\u00f1o &nbsp; HERMOSILLO, SONORA,MX.\u2500\u2500 Para acelerar el En Sonora en Equipo publicamos toda la informaci\u00f3n de Sonora, M\u00e9xico y el Mundo de manera oportuna y busca que la libertad de expresi\u00f3n sea real. Visita nuestro medio informativo publicado desde Hermosillo, Sonora. %","breadcrumb":{"@id":"https:\/\/www.sonoraenequipo.com.mx\/anuncia-alcalde-de-hermosillo-el-triple-de-trabajadores-en-plan-emergente-de-bacheo\/#breadcrumb"},"inLanguage":"es","potentialAction":[{"@type":"ReadAction","target":["https:\/\/www.sonoraenequipo.com.mx\/anuncia-alcalde-de-hermosillo-el-triple-de-trabajadores-en-plan-emergente-de-bacheo\/"]}]},{"@type":"ImageObject","inLanguage":"es","@id":"https:\/\/www.sonoraenequipo.com.mx\/anuncia-alcalde-de-hermosillo-el-triple-de-trabajadores-en-plan-emergente-de-bacheo\/#primaryimage","url":"https:\/\/www.sonoraenequipo.com.mx\/storage\/2022\/01\/bacheo-tono.jpg","contentUrl":"https:\/\/www.sonoraenequipo.com.mx\/storage\/2022\/01\/bacheo-tono.jpg","width":600,"height":400},{"@type":"BreadcrumbList","@id":"https:\/\/www.sonoraenequipo.com.mx\/anuncia-alcalde-de-hermosillo-el-triple-de-trabajadores-en-plan-emergente-de-bacheo\/#breadcrumb","itemListElement":[{"@type":"ListItem","position":1,"name":"Portada","item":"https:\/\/www.sonoraenequipo.com.mx\/"},{"@type":"ListItem","position":2,"name":"Anuncia alcalde de Hermosillo el triple de trabajadores en plan emergente de bacheo"}]},{"@type":"WebSite","@id":"https:\/\/www.sonoraenequipo.com.mx\/#website","url":"https:\/\/www.sonoraenequipo.com.mx\/","name":"Sonora en Equipo.","description":"Diario en l\u00ednea con Noticias desde Hermosillo, Sonora","publisher":{"@id":"https:\/\/www.sonoraenequipo.com.mx\/#organization"},"potentialAction":[{"@type":"SearchAction","target":{"@type":"EntryPoint","urlTemplate":"https:\/\/www.sonoraenequipo.com.mx\/?s={search_term_string}"},"query-input":{"@type":"PropertyValueSpecification","valueRequired":true,"valueName":"search_term_string"}}],"inLanguage":"es"},{"@type":"Organization","@id":"https:\/\/www.sonoraenequipo.com.mx\/#organization","name":"Sonoraenequipo.com.mx","url":"https:\/\/www.sonoraenequipo.com.mx\/","logo":{"@type":"ImageObject","inLanguage":"es","@id":"https:\/\/www.sonoraenequipo.com.mx\/#\/schema\/logo\/image\/","url":"https:\/\/www.sonoraenequipo.com.mx\/storage\/2019\/01\/sonoraenequipo_opt.png","contentUrl":"https:\/\/www.sonoraenequipo.com.mx\/storage\/2019\/01\/sonoraenequipo_opt.png","width":375,"height":125,"caption":"Sonoraenequipo.com.mx"},"image":{"@id":"https:\/\/www.sonoraenequipo.com.mx\/#\/schema\/logo\/image\/"},"sameAs":["https:\/\/www.facebook.com\/SonoraEE\/","https:\/\/x.com\/sonoraenequipo","https:\/\/www.youtube.com\/channel\/UC338nW-lPEYmJQs4ZABQ1SQ"]},{"@type":"Person","@id":"https:\/\/www.sonoraenequipo.com.mx\/#\/schema\/person\/50102df0fb23a8fa9e8effad8fa81386","name":"enequipo","image":{"@type":"ImageObject","inLanguage":"es","@id":"https:\/\/www.sonoraenequipo.com.mx\/#\/schema\/person\/image\/","url":"https:\/\/secure.gravatar.com\/avatar\/049821681b589dabc0bc20695993ccebb09f5b5d4d790cd9251b97faac7c652b?s=96&d=blank&r=g","contentUrl":"https:\/\/secure.gravatar.com\/avatar\/049821681b589dabc0bc20695993ccebb09f5b5d4d790cd9251b97faac7c652b?s=96&d=blank&r=g","caption":"enequipo"},"sameAs":["https:\/\/www.facebook.com\/SonoraEE"]}]}},"jetpack_featured_media_url":"https:\/\/www.sonoraenequipo.com.mx\/storage\/2022\/01\/bacheo-tono.jpg","_links":{"self":[{"href":"https:\/\/www.sonoraenequipo.com.mx\/api\/wp\/v2\/posts\/148678","targetHints":{"allow":["GET"]}}],"collection":[{"href":"https:\/\/www.sonoraenequipo.com.mx\/api\/wp\/v2\/posts"}],"about":[{"href":"https:\/\/www.sonoraenequipo.com.mx\/api\/wp\/v2\/types\/post"}],"author":[{"embeddable":true,"href":"https:\/\/www.sonoraenequipo.com.mx\/api\/wp\/v2\/users\/1"}],"replies":[{"embeddable":true,"href":"https:\/\/www.sonoraenequipo.com.mx\/api\/wp\/v2\/comments?post=148678"}],"version-history":[{"count":1,"href":"https:\/\/www.sonoraenequipo.com.mx\/api\/wp\/v2\/posts\/148678\/revisions"}],"predecessor-version":[{"id":148679,"href":"https:\/\/www.sonoraenequipo.com.mx\/api\/wp\/v2\/posts\/148678\/revisions\/148679"}],"wp:featuredmedia":[{"embeddable":true,"href":"https:\/\/www.sonoraenequipo.com.mx\/api\/wp\/v2\/media\/131256"}],"wp:attachment":[{"href":"https:\/\/www.sonoraenequipo.com.mx\/api\/wp\/v2\/media?parent=148678"}],"wp:term":[{"taxonomy":"category","embeddable":true,"href":"https:\/\/www.sonoraenequipo.com.mx\/api\/wp\/v2\/categories?post=148678"},{"taxonomy":"post_tag","embeddable":true,"href":"https:\/\/www.sonoraenequipo.com.mx\/api\/wp\/v2\/tags?post=148678"}],"curies":[{"name":"wp","href":"https:\/\/api.w.org\/{rel}","templated":true}]}}