{"id":148686,"date":"2022-10-07T17:45:48","date_gmt":"2022-10-08T00:45:48","guid":{"rendered":"https:\/\/www.sonoraenequipo.com.mx\/?p=148686"},"modified":"2022-10-07T19:55:56","modified_gmt":"2022-10-08T02:55:56","slug":"me-quede-helado-dice-actor-que-acusa-a-kevin-spacey-de-agresion-sexual","status":"publish","type":"post","link":"https:\/\/www.sonoraenequipo.com.mx\/me-quede-helado-dice-actor-que-acusa-a-kevin-spacey-de-agresion-sexual\/","title":{"rendered":"\u201cMe qued\u00e9 helado\u201d, dice actor que acusa a Kevin Spacey de agresi\u00f3n sexual"},"content":{"rendered":"<p><strong>ESTADOS UNIDOS. \u2014<\/strong> \u201c<strong><em>Me qued\u00e9 helado\u201d<\/em><\/strong>, dijo con voz tr\u00e9mula el actor Anthony Rapp, al rememorar este jueves en un tribunal de Manhattan la agresi\u00f3n sexual que alega haber sufrido en 1986 cuando ten\u00eda 14 a\u00f1os por parte de la estrella de Hollywood Kevin Spacey, a quien le reclama US$40 millones.<\/p>\n<p>&nbsp;<\/p>\n<p> <\/p>\n<p>&nbsp;<\/p>\n<p>Tras explicar c\u00f3mo conoci\u00f3 al ganador de dos \u00d3scar por \u201c<strong><em>Los sospechosos de siempre\u201d y \u201cBelleza Americana\u201d<\/em><\/strong>, cuando era todav\u00eda un desconocido, el actor recuerda que fue invitado a una reuni\u00f3n de amigos al estudio que entonces ocupaba Spacey en Manhattan.<\/p>\n<p>&nbsp;<\/p>\n<p>Despu\u00e9s, Spacey invit\u00f3 a los dos amigos a su estudio de Manhattan con m\u00e1s gente. Como Barrowman hab\u00eda regresado a su Illinois natal, solo acudi\u00f3 Rapp, que al ver que no conoc\u00eda a nadie de los presentes se fue a un dormitorio a ver televisi\u00f3n.<\/p>\n<p>&nbsp;<\/p>\n<p><em><strong>\u201cEstaba sentado (en el borde de la cama) cuando vi a Kevin Spacey\u201d<\/strong><\/em> explic\u00f3. \u201c<em><strong>Ten\u00eda los ojos vidriosos y me dijo que estaba bebido\u201d<\/strong><\/em>. \u201c<strong><em>Todo el mundo se hab\u00eda ido\u201d,<\/em><\/strong> cont\u00f3 Rapp ante el juez instructor del caso Lewis Kaplan.<\/p>\n<p>&nbsp;<\/p>\n<p><em><strong>\u201cSe acerc\u00f3 un poco tambaleante, me levant\u00f3 como hace un novio con la novia y me tumb\u00f3 en la cama\u201d.<\/strong><\/em><\/p>\n<blockquote class=\"twitter-tweet\" data-width=\"550\" data-dnt=\"true\">\n<p lang=\"es\" dir=\"ltr\">\u201cMe qued\u00e9 helado\u201d, cont\u00f3 actor que acus\u00f3 a Kevin Spacey de agresi\u00f3n sexual <a href=\"https:\/\/t.co\/6pXudfzeOL\">https:\/\/t.co\/6pXudfzeOL<\/a><\/p>\n<p>&mdash; Gunow &#8211; Noticias Venezuela (@NoticiasVeApp) <a href=\"https:\/\/twitter.com\/NoticiasVeApp\/status\/1578526468245979137?ref_src=twsrc%5Etfw\">October 7, 2022<\/a><\/p><\/blockquote>\n<p><script async src=\"https:\/\/platform.twitter.com\/widgets.js\" charset=\"utf-8\"><\/script><\/p>\n<p>&nbsp;<\/p>\n<p>PUBLICADO EL 07\/OCTUBRE DE 2022)<\/p>\n","protected":false},"excerpt":{"rendered":"<p>ESTADOS UNIDOS. \u2014 \u201cMe qued\u00e9 helado\u201d, dijo con voz tr\u00e9mula el actor Anthony Rapp, al&#8230;<\/p>\n","protected":false},"author":1,"featured_media":148687,"comment_status":"open","ping_status":"open","sticky":false,"template":"","format":"standard","meta":{"_monsterinsights_skip_tracking":false,"_monsterinsights_sitenote_active":false,"_monsterinsights_sitenote_note":"","_monsterinsights_sitenote_category":0,"footnotes":""},"categories":[2987],"tags":[],"class_list":["post"],"yoast_head":" \n<title>Sonora en Equipo. \u201cMe qued\u00e9 helado\u201d, dice actor que acusa a Kevin Spacey de agresi\u00f3n sexual Showbiz<\/title>\n<meta name=\"description\" content=\"ESTADOS UNIDOS. \u2014 \u201cMe qued\u00e9 helado\u201d, dijo con voz tr\u00e9mula el actor Anthony Rapp, al rememorar este jueves en un tribunal de Manhattan la agresi\u00f3n sexual En Sonora en Equipo publicamos toda la informaci\u00f3n de Sonora, M\u00e9xico y el Mundo de manera oportuna y busca que la libertad de expresi\u00f3n sea real. Visita nuestro medio informativo publicado desde Hermosillo, Sonora. %\" \/>\n<meta name=\"robots\" content=\"index, follow, max-snippet:-1, max-image-preview:large, max-video-preview:-1\" \/>\n<link rel=\"canonical\" href=\"https:\/\/www.sonoraenequipo.com.mx\/me-quede-helado-dice-actor-que-acusa-a-kevin-spacey-de-agresion-sexual\/\" \/>\n<meta property=\"og:locale\" content=\"es_ES\" \/>\n<meta property=\"og:type\" content=\"article\" \/>\n<meta property=\"og:title\" content=\"Sonora en Equipo. \u201cMe qued\u00e9 helado\u201d, dice actor que acusa a Kevin Spacey de agresi\u00f3n sexual Showbiz\" \/>\n<meta property=\"og:description\" content=\"ESTADOS UNIDOS. \u2014 \u201cMe qued\u00e9 helado\u201d, dijo con voz tr\u00e9mula el actor Anthony Rapp, al rememorar este jueves en un tribunal de Manhattan la agresi\u00f3n sexual En Sonora en Equipo publicamos toda la informaci\u00f3n de Sonora, M\u00e9xico y el Mundo de manera oportuna y busca que la libertad de expresi\u00f3n sea real. Visita nuestro medio informativo publicado desde Hermosillo, Sonora. %\" \/>\n<meta property=\"og:url\" content=\"https:\/\/www.sonoraenequipo.com.mx\/me-quede-helado-dice-actor-que-acusa-a-kevin-spacey-de-agresion-sexual\/\" \/>\n<meta property=\"og:site_name\" content=\"Sonora en Equipo.\" \/>\n<meta property=\"article:publisher\" content=\"https:\/\/www.facebook.com\/SonoraEE\/\" \/>\n<meta property=\"article:author\" content=\"https:\/\/www.facebook.com\/SonoraEE\" \/>\n<meta property=\"article:published_time\" content=\"2022-10-08T00:45:48+00:00\" \/>\n<meta property=\"article:modified_time\" content=\"2022-10-08T02:55:56+00:00\" \/>\n<meta property=\"og:image\" content=\"https:\/\/www.sonoraenequipo.com.mx\/storage\/2022\/10\/KevinSpacey.jpg\" \/>\n\t<meta property=\"og:image:width\" content=\"900\" \/>\n\t<meta property=\"og:image:height\" content=\"515\" \/>\n\t<meta property=\"og:image:type\" content=\"image\/jpeg\" \/>\n<meta name=\"author\" content=\"enequipo\" \/>\n<meta name=\"twitter:card\" content=\"summary_large_image\" \/>\n<meta name=\"twitter:creator\" content=\"@sonoraenequipo\" \/>\n<meta name=\"twitter:site\" content=\"@sonoraenequipo\" \/>\n<meta name=\"twitter:label1\" content=\"Escrito por\" \/>\n\t<meta name=\"twitter:data1\" content=\"enequipo\" \/>\n\t<meta name=\"twitter:label2\" content=\"Tiempo de lectura\" \/>\n\t<meta name=\"twitter:data2\" content=\"1 minuto\" \/>\n<script type=\"application\/ld+json\" class=\"yoast-schema-graph\">{\"@context\":\"https:\/\/schema.org\",\"@graph\":[{\"@type\":\"Article\",\"@id\":\"https:\/\/www.sonoraenequipo.com.mx\/me-quede-helado-dice-actor-que-acusa-a-kevin-spacey-de-agresion-sexual\/#article\",\"isPartOf\":{\"@id\":\"https:\/\/www.sonoraenequipo.com.mx\/me-quede-helado-dice-actor-que-acusa-a-kevin-spacey-de-agresion-sexual\/\"},\"author\":{\"name\":\"enequipo\",\"@id\":\"https:\/\/www.sonoraenequipo.com.mx\/#\/schema\/person\/50102df0fb23a8fa9e8effad8fa81386\"},\"headline\":\"\u201cMe qued\u00e9 helado\u201d, dice actor que acusa a Kevin Spacey de agresi\u00f3n sexual\",\"datePublished\":\"2022-10-08T00:45:48+00:00\",\"dateModified\":\"2022-10-08T02:55:56+00:00\",\"mainEntityOfPage\":{\"@id\":\"https:\/\/www.sonoraenequipo.com.mx\/me-quede-helado-dice-actor-que-acusa-a-kevin-spacey-de-agresion-sexual\/\"},\"wordCount\":237,\"commentCount\":0,\"publisher\":{\"@id\":\"https:\/\/www.sonoraenequipo.com.mx\/#organization\"},\"image\":{\"@id\":\"https:\/\/www.sonoraenequipo.com.mx\/me-quede-helado-dice-actor-que-acusa-a-kevin-spacey-de-agresion-sexual\/#primaryimage\"},\"thumbnailUrl\":\"https:\/\/www.sonoraenequipo.com.mx\/storage\/2022\/10\/KevinSpacey.jpg\",\"articleSection\":[\"Showbiz\"],\"inLanguage\":\"es\",\"potentialAction\":[{\"@type\":\"CommentAction\",\"name\":\"Comment\",\"target\":[\"https:\/\/www.sonoraenequipo.com.mx\/me-quede-helado-dice-actor-que-acusa-a-kevin-spacey-de-agresion-sexual\/#respond\"]}]},{\"@type\":\"WebPage\",\"@id\":\"https:\/\/www.sonoraenequipo.com.mx\/me-quede-helado-dice-actor-que-acusa-a-kevin-spacey-de-agresion-sexual\/\",\"url\":\"https:\/\/www.sonoraenequipo.com.mx\/me-quede-helado-dice-actor-que-acusa-a-kevin-spacey-de-agresion-sexual\/\",\"name\":\"Sonora en Equipo. \u201cMe qued\u00e9 helado\u201d, dice actor que acusa a Kevin Spacey de agresi\u00f3n sexual Showbiz\",\"isPartOf\":{\"@id\":\"https:\/\/www.sonoraenequipo.com.mx\/#website\"},\"primaryImageOfPage\":{\"@id\":\"https:\/\/www.sonoraenequipo.com.mx\/me-quede-helado-dice-actor-que-acusa-a-kevin-spacey-de-agresion-sexual\/#primaryimage\"},\"image\":{\"@id\":\"https:\/\/www.sonoraenequipo.com.mx\/me-quede-helado-dice-actor-que-acusa-a-kevin-spacey-de-agresion-sexual\/#primaryimage\"},\"thumbnailUrl\":\"https:\/\/www.sonoraenequipo.com.mx\/storage\/2022\/10\/KevinSpacey.jpg\",\"datePublished\":\"2022-10-08T00:45:48+00:00\",\"dateModified\":\"2022-10-08T02:55:56+00:00\",\"description\":\"ESTADOS UNIDOS. \u2014 \u201cMe qued\u00e9 helado\u201d, dijo con voz tr\u00e9mula el actor Anthony Rapp, al rememorar este jueves en un tribunal de Manhattan la agresi\u00f3n sexual En Sonora en Equipo publicamos toda la informaci\u00f3n de Sonora, M\u00e9xico y el Mundo de manera oportuna y busca que la libertad de expresi\u00f3n sea real. Visita nuestro medio informativo publicado desde Hermosillo, Sonora. %\",\"breadcrumb\":{\"@id\":\"https:\/\/www.sonoraenequipo.com.mx\/me-quede-helado-dice-actor-que-acusa-a-kevin-spacey-de-agresion-sexual\/#breadcrumb\"},\"inLanguage\":\"es\",\"potentialAction\":[{\"@type\":\"ReadAction\",\"target\":[\"https:\/\/www.sonoraenequipo.com.mx\/me-quede-helado-dice-actor-que-acusa-a-kevin-spacey-de-agresion-sexual\/\"]}]},{\"@type\":\"ImageObject\",\"inLanguage\":\"es\",\"@id\":\"https:\/\/www.sonoraenequipo.com.mx\/me-quede-helado-dice-actor-que-acusa-a-kevin-spacey-de-agresion-sexual\/#primaryimage\",\"url\":\"https:\/\/www.sonoraenequipo.com.mx\/storage\/2022\/10\/KevinSpacey.jpg\",\"contentUrl\":\"https:\/\/www.sonoraenequipo.com.mx\/storage\/2022\/10\/KevinSpacey.jpg\",\"width\":900,\"height\":515},{\"@type\":\"BreadcrumbList\",\"@id\":\"https:\/\/www.sonoraenequipo.com.mx\/me-quede-helado-dice-actor-que-acusa-a-kevin-spacey-de-agresion-sexual\/#breadcrumb\",\"itemListElement\":[{\"@type\":\"ListItem\",\"position\":1,\"name\":\"Portada\",\"item\":\"https:\/\/www.sonoraenequipo.com.mx\/\"},{\"@type\":\"ListItem\",\"position\":2,\"name\":\"\u201cMe qued\u00e9 helado\u201d, dice actor que acusa a Kevin Spacey de agresi\u00f3n sexual\"}]},{\"@type\":\"WebSite\",\"@id\":\"https:\/\/www.sonoraenequipo.com.mx\/#website\",\"url\":\"https:\/\/www.sonoraenequipo.com.mx\/\",\"name\":\"Sonora en Equipo.\",\"description\":\"Diario en l\u00ednea con Noticias desde Hermosillo, Sonora\",\"publisher\":{\"@id\":\"https:\/\/www.sonoraenequipo.com.mx\/#organization\"},\"potentialAction\":[{\"@type\":\"SearchAction\",\"target\":{\"@type\":\"EntryPoint\",\"urlTemplate\":\"https:\/\/www.sonoraenequipo.com.mx\/?s={search_term_string}\"},\"query-input\":{\"@type\":\"PropertyValueSpecification\",\"valueRequired\":true,\"valueName\":\"search_term_string\"}}],\"inLanguage\":\"es\"},{\"@type\":\"Organization\",\"@id\":\"https:\/\/www.sonoraenequipo.com.mx\/#organization\",\"name\":\"Sonoraenequipo.com.mx\",\"url\":\"https:\/\/www.sonoraenequipo.com.mx\/\",\"logo\":{\"@type\":\"ImageObject\",\"inLanguage\":\"es\",\"@id\":\"https:\/\/www.sonoraenequipo.com.mx\/#\/schema\/logo\/image\/\",\"url\":\"https:\/\/www.sonoraenequipo.com.mx\/storage\/2019\/01\/sonoraenequipo_opt.png\",\"contentUrl\":\"https:\/\/www.sonoraenequipo.com.mx\/storage\/2019\/01\/sonoraenequipo_opt.png\",\"width\":375,\"height\":125,\"caption\":\"Sonoraenequipo.com.mx\"},\"image\":{\"@id\":\"https:\/\/www.sonoraenequipo.com.mx\/#\/schema\/logo\/image\/\"},\"sameAs\":[\"https:\/\/www.facebook.com\/SonoraEE\/\",\"https:\/\/x.com\/sonoraenequipo\",\"https:\/\/www.youtube.com\/channel\/UC338nW-lPEYmJQs4ZABQ1SQ\"]},{\"@type\":\"Person\",\"@id\":\"https:\/\/www.sonoraenequipo.com.mx\/#\/schema\/person\/50102df0fb23a8fa9e8effad8fa81386\",\"name\":\"enequipo\",\"image\":{\"@type\":\"ImageObject\",\"inLanguage\":\"es\",\"@id\":\"https:\/\/www.sonoraenequipo.com.mx\/#\/schema\/person\/image\/\",\"url\":\"https:\/\/secure.gravatar.com\/avatar\/049821681b589dabc0bc20695993ccebb09f5b5d4d790cd9251b97faac7c652b?s=96&d=blank&r=g\",\"contentUrl\":\"https:\/\/secure.gravatar.com\/avatar\/049821681b589dabc0bc20695993ccebb09f5b5d4d790cd9251b97faac7c652b?s=96&d=blank&r=g\",\"caption\":\"enequipo\"},\"sameAs\":[\"https:\/\/www.facebook.com\/SonoraEE\"]}]}<\/script>\n ","yoast_head_json":{"title":"Sonora en Equipo. \u201cMe qued\u00e9 helado\u201d, dice actor que acusa a Kevin Spacey de agresi\u00f3n sexual Showbiz","description":"ESTADOS UNIDOS. \u2014 \u201cMe qued\u00e9 helado\u201d, dijo con voz tr\u00e9mula el actor Anthony Rapp, al rememorar este jueves en un tribunal de Manhattan la agresi\u00f3n sexual En Sonora en Equipo publicamos toda la informaci\u00f3n de Sonora, M\u00e9xico y el Mundo de manera oportuna y busca que la libertad de expresi\u00f3n sea real. Visita nuestro medio informativo publicado desde Hermosillo, Sonora. %","robots":{"index":"index","follow":"follow","max-snippet":"max-snippet:-1","max-image-preview":"max-image-preview:large","max-video-preview":"max-video-preview:-1"},"canonical":"https:\/\/www.sonoraenequipo.com.mx\/me-quede-helado-dice-actor-que-acusa-a-kevin-spacey-de-agresion-sexual\/","og_locale":"es_ES","og_type":"article","og_title":"Sonora en Equipo. \u201cMe qued\u00e9 helado\u201d, dice actor que acusa a Kevin Spacey de agresi\u00f3n sexual Showbiz","og_description":"ESTADOS UNIDOS. \u2014 \u201cMe qued\u00e9 helado\u201d, dijo con voz tr\u00e9mula el actor Anthony Rapp, al rememorar este jueves en un tribunal de Manhattan la agresi\u00f3n sexual En Sonora en Equipo publicamos toda la informaci\u00f3n de Sonora, M\u00e9xico y el Mundo de manera oportuna y busca que la libertad de expresi\u00f3n sea real. Visita nuestro medio informativo publicado desde Hermosillo, Sonora. %","og_url":"https:\/\/www.sonoraenequipo.com.mx\/me-quede-helado-dice-actor-que-acusa-a-kevin-spacey-de-agresion-sexual\/","og_site_name":"Sonora en Equipo.","article_publisher":"https:\/\/www.facebook.com\/SonoraEE\/","article_author":"https:\/\/www.facebook.com\/SonoraEE","article_published_time":"2022-10-08T00:45:48+00:00","article_modified_time":"2022-10-08T02:55:56+00:00","og_image":[{"width":900,"height":515,"url":"https:\/\/www.sonoraenequipo.com.mx\/storage\/2022\/10\/KevinSpacey.jpg","type":"image\/jpeg"}],"author":"enequipo","twitter_card":"summary_large_image","twitter_creator":"@sonoraenequipo","twitter_site":"@sonoraenequipo","twitter_misc":{"Escrito por":"enequipo","Tiempo de lectura":"1 minuto"},"schema":{"@context":"https:\/\/schema.org","@graph":[{"@type":"Article","@id":"https:\/\/www.sonoraenequipo.com.mx\/me-quede-helado-dice-actor-que-acusa-a-kevin-spacey-de-agresion-sexual\/#article","isPartOf":{"@id":"https:\/\/www.sonoraenequipo.com.mx\/me-quede-helado-dice-actor-que-acusa-a-kevin-spacey-de-agresion-sexual\/"},"author":{"name":"enequipo","@id":"https:\/\/www.sonoraenequipo.com.mx\/#\/schema\/person\/50102df0fb23a8fa9e8effad8fa81386"},"headline":"\u201cMe qued\u00e9 helado\u201d, dice actor que acusa a Kevin Spacey de agresi\u00f3n sexual","datePublished":"2022-10-08T00:45:48+00:00","dateModified":"2022-10-08T02:55:56+00:00","mainEntityOfPage":{"@id":"https:\/\/www.sonoraenequipo.com.mx\/me-quede-helado-dice-actor-que-acusa-a-kevin-spacey-de-agresion-sexual\/"},"wordCount":237,"commentCount":0,"publisher":{"@id":"https:\/\/www.sonoraenequipo.com.mx\/#organization"},"image":{"@id":"https:\/\/www.sonoraenequipo.com.mx\/me-quede-helado-dice-actor-que-acusa-a-kevin-spacey-de-agresion-sexual\/#primaryimage"},"thumbnailUrl":"https:\/\/www.sonoraenequipo.com.mx\/storage\/2022\/10\/KevinSpacey.jpg","articleSection":["Showbiz"],"inLanguage":"es","potentialAction":[{"@type":"CommentAction","name":"Comment","target":["https:\/\/www.sonoraenequipo.com.mx\/me-quede-helado-dice-actor-que-acusa-a-kevin-spacey-de-agresion-sexual\/#respond"]}]},{"@type":"WebPage","@id":"https:\/\/www.sonoraenequipo.com.mx\/me-quede-helado-dice-actor-que-acusa-a-kevin-spacey-de-agresion-sexual\/","url":"https:\/\/www.sonoraenequipo.com.mx\/me-quede-helado-dice-actor-que-acusa-a-kevin-spacey-de-agresion-sexual\/","name":"Sonora en Equipo. \u201cMe qued\u00e9 helado\u201d, dice actor que acusa a Kevin Spacey de agresi\u00f3n sexual Showbiz","isPartOf":{"@id":"https:\/\/www.sonoraenequipo.com.mx\/#website"},"primaryImageOfPage":{"@id":"https:\/\/www.sonoraenequipo.com.mx\/me-quede-helado-dice-actor-que-acusa-a-kevin-spacey-de-agresion-sexual\/#primaryimage"},"image":{"@id":"https:\/\/www.sonoraenequipo.com.mx\/me-quede-helado-dice-actor-que-acusa-a-kevin-spacey-de-agresion-sexual\/#primaryimage"},"thumbnailUrl":"https:\/\/www.sonoraenequipo.com.mx\/storage\/2022\/10\/KevinSpacey.jpg","datePublished":"2022-10-08T00:45:48+00:00","dateModified":"2022-10-08T02:55:56+00:00","description":"ESTADOS UNIDOS. \u2014 \u201cMe qued\u00e9 helado\u201d, dijo con voz tr\u00e9mula el actor Anthony Rapp, al rememorar este jueves en un tribunal de Manhattan la agresi\u00f3n sexual En Sonora en Equipo publicamos toda la informaci\u00f3n de Sonora, M\u00e9xico y el Mundo de manera oportuna y busca que la libertad de expresi\u00f3n sea real. Visita nuestro medio informativo publicado desde Hermosillo, Sonora. %","breadcrumb":{"@id":"https:\/\/www.sonoraenequipo.com.mx\/me-quede-helado-dice-actor-que-acusa-a-kevin-spacey-de-agresion-sexual\/#breadcrumb"},"inLanguage":"es","potentialAction":[{"@type":"ReadAction","target":["https:\/\/www.sonoraenequipo.com.mx\/me-quede-helado-dice-actor-que-acusa-a-kevin-spacey-de-agresion-sexual\/"]}]},{"@type":"ImageObject","inLanguage":"es","@id":"https:\/\/www.sonoraenequipo.com.mx\/me-quede-helado-dice-actor-que-acusa-a-kevin-spacey-de-agresion-sexual\/#primaryimage","url":"https:\/\/www.sonoraenequipo.com.mx\/storage\/2022\/10\/KevinSpacey.jpg","contentUrl":"https:\/\/www.sonoraenequipo.com.mx\/storage\/2022\/10\/KevinSpacey.jpg","width":900,"height":515},{"@type":"BreadcrumbList","@id":"https:\/\/www.sonoraenequipo.com.mx\/me-quede-helado-dice-actor-que-acusa-a-kevin-spacey-de-agresion-sexual\/#breadcrumb","itemListElement":[{"@type":"ListItem","position":1,"name":"Portada","item":"https:\/\/www.sonoraenequipo.com.mx\/"},{"@type":"ListItem","position":2,"name":"\u201cMe qued\u00e9 helado\u201d, dice actor que acusa a Kevin Spacey de agresi\u00f3n sexual"}]},{"@type":"WebSite","@id":"https:\/\/www.sonoraenequipo.com.mx\/#website","url":"https:\/\/www.sonoraenequipo.com.mx\/","name":"Sonora en Equipo.","description":"Diario en l\u00ednea con Noticias desde Hermosillo, Sonora","publisher":{"@id":"https:\/\/www.sonoraenequipo.com.mx\/#organization"},"potentialAction":[{"@type":"SearchAction","target":{"@type":"EntryPoint","urlTemplate":"https:\/\/www.sonoraenequipo.com.mx\/?s={search_term_string}"},"query-input":{"@type":"PropertyValueSpecification","valueRequired":true,"valueName":"search_term_string"}}],"inLanguage":"es"},{"@type":"Organization","@id":"https:\/\/www.sonoraenequipo.com.mx\/#organization","name":"Sonoraenequipo.com.mx","url":"https:\/\/www.sonoraenequipo.com.mx\/","logo":{"@type":"ImageObject","inLanguage":"es","@id":"https:\/\/www.sonoraenequipo.com.mx\/#\/schema\/logo\/image\/","url":"https:\/\/www.sonoraenequipo.com.mx\/storage\/2019\/01\/sonoraenequipo_opt.png","contentUrl":"https:\/\/www.sonoraenequipo.com.mx\/storage\/2019\/01\/sonoraenequipo_opt.png","width":375,"height":125,"caption":"Sonoraenequipo.com.mx"},"image":{"@id":"https:\/\/www.sonoraenequipo.com.mx\/#\/schema\/logo\/image\/"},"sameAs":["https:\/\/www.facebook.com\/SonoraEE\/","https:\/\/x.com\/sonoraenequipo","https:\/\/www.youtube.com\/channel\/UC338nW-lPEYmJQs4ZABQ1SQ"]},{"@type":"Person","@id":"https:\/\/www.sonoraenequipo.com.mx\/#\/schema\/person\/50102df0fb23a8fa9e8effad8fa81386","name":"enequipo","image":{"@type":"ImageObject","inLanguage":"es","@id":"https:\/\/www.sonoraenequipo.com.mx\/#\/schema\/person\/image\/","url":"https:\/\/secure.gravatar.com\/avatar\/049821681b589dabc0bc20695993ccebb09f5b5d4d790cd9251b97faac7c652b?s=96&d=blank&r=g","contentUrl":"https:\/\/secure.gravatar.com\/avatar\/049821681b589dabc0bc20695993ccebb09f5b5d4d790cd9251b97faac7c652b?s=96&d=blank&r=g","caption":"enequipo"},"sameAs":["https:\/\/www.facebook.com\/SonoraEE"]}]}},"jetpack_featured_media_url":"https:\/\/www.sonoraenequipo.com.mx\/storage\/2022\/10\/KevinSpacey.jpg","_links":{"self":[{"href":"https:\/\/www.sonoraenequipo.com.mx\/api\/wp\/v2\/posts\/148686","targetHints":{"allow":["GET"]}}],"collection":[{"href":"https:\/\/www.sonoraenequipo.com.mx\/api\/wp\/v2\/posts"}],"about":[{"href":"https:\/\/www.sonoraenequipo.com.mx\/api\/wp\/v2\/types\/post"}],"author":[{"embeddable":true,"href":"https:\/\/www.sonoraenequipo.com.mx\/api\/wp\/v2\/users\/1"}],"replies":[{"embeddable":true,"href":"https:\/\/www.sonoraenequipo.com.mx\/api\/wp\/v2\/comments?post=148686"}],"version-history":[{"count":2,"href":"https:\/\/www.sonoraenequipo.com.mx\/api\/wp\/v2\/posts\/148686\/revisions"}],"predecessor-version":[{"id":148689,"href":"https:\/\/www.sonoraenequipo.com.mx\/api\/wp\/v2\/posts\/148686\/revisions\/148689"}],"wp:featuredmedia":[{"embeddable":true,"href":"https:\/\/www.sonoraenequipo.com.mx\/api\/wp\/v2\/media\/148687"}],"wp:attachment":[{"href":"https:\/\/www.sonoraenequipo.com.mx\/api\/wp\/v2\/media?parent=148686"}],"wp:term":[{"taxonomy":"category","embeddable":true,"href":"https:\/\/www.sonoraenequipo.com.mx\/api\/wp\/v2\/categories?post=148686"},{"taxonomy":"post_tag","embeddable":true,"href":"https:\/\/www.sonoraenequipo.com.mx\/api\/wp\/v2\/tags?post=148686"}],"curies":[{"name":"wp","href":"https:\/\/api.w.org\/{rel}","templated":true}]}}