{"id":148696,"date":"2022-10-07T15:00:58","date_gmt":"2022-10-07T22:00:58","guid":{"rendered":"https:\/\/www.sonoraenequipo.com.mx\/?p=148696"},"modified":"2022-10-07T20:53:23","modified_gmt":"2022-10-08T03:53:23","slug":"el-ibuprofeno-mezclado-con-codeina-puede-provocar-la-muerte","status":"publish","type":"post","link":"https:\/\/www.sonoraenequipo.com.mx\/el-ibuprofeno-mezclado-con-codeina-puede-provocar-la-muerte\/","title":{"rendered":"El Ibuprofeno mezclado con code\u00edna puede provocar la muerte"},"content":{"rendered":"<p><strong>UNI\u00d3N EUROPEA.<\/strong> \u2014\u00a0 La Agencia Europea del Medicamento (EMA, por sus siglas en ingl\u00e9s) advirti\u00f3 que el uso prolongado de los f\u00e1rmacos que combinan ibuprofeno y code\u00edna, indicados para tratar el dolor, provoca da\u00f1os renales y gastrointestinales graves, e incluso ha alertado de varias muertes por esta causa.<\/p>\n<p>&nbsp;<\/p>\n<p> <\/p>\n<p>&nbsp;<\/p>\n<p><em><strong>\u201cEl Comit\u00e9 para la Evaluaci\u00f3n de Riesgos en Farmacovigilancia (PRAC, por sus siglas en ingl\u00e9s) revis\u00f3 varios casos de toxicidad renal, gastrointestinal y metab\u00f3lica que se han notificado en asociaci\u00f3n con casos de abuso y dependencia de combinaciones de code\u00edna con ibuprofeno, algunos de los cuales han sido mortales\u201d,<\/strong><\/em> describe el propio PRAC en un informe elaborado tras su \u00faltima reuni\u00f3n.<\/p>\n<p>&nbsp;<\/p>\n<p>Por ello, el PRAC recomend\u00f3 un cambio en la informaci\u00f3n del producto de los medicamentos combinados de code\u00edna con ibuprofeno para incluir una advertencia sobre los da\u00f1os graves, incluida la muerte, especialmente cuando se toman durante per\u00edodos prolongados a dosis m\u00e1s altas de las recomendadas.<\/p>\n<p>&nbsp;<\/p>\n<p>La code\u00edna con ibuprofeno es una combinaci\u00f3n de dos medicamentos, un opioide (code\u00edna) y un antiinflamatorio (ibuprofeno), que se utilizan para tratar el dolor. El uso repetido de code\u00edna con ibuprofeno puede provocar dependencia (adicci\u00f3n) y abuso debido al componente de code\u00edna.<\/p>\n<p>&nbsp;<\/p>\n<p>Concretamente, el PRAC descubri\u00f3 que, cuando se toma a dosis m\u00e1s altas de las recomendadas o durante un periodo de tiempo prolongado, la code\u00edna con ibuprofeno puede causar da\u00f1os en los ri\u00f1ones, impidi\u00e9ndoles eliminar adecuadamente los \u00e1cidos de la sangre a la orina (acidosis tubular renal). El mal funcionamiento de los ri\u00f1ones tambi\u00e9n puede causar niveles muy bajos de potasio en la sangre (hipopotasemia), lo que a su vez puede provocar s\u00edntomas como debilidad muscular y mareos.<\/p>\n<p>&nbsp;<\/p>\n<p>Dado que los medicamentos que contienen una combinaci\u00f3n de code\u00edna e ibuprofeno est\u00e1n autorizados a nivel nacional, el PRAC ha acordado <strong><em>\u201cmensajes clave\u201d<\/em> <\/strong>que las autoridades nacionales competentes pueden utilizar al redactar su comunicaci\u00f3n a los profesionales sanitarios pertinentes y para informar a los pacientes de los signos de abuso y dependencia, as\u00ed como de los riesgos de da\u00f1os graves. Se debe aconsejar a los pacientes que consulten a su m\u00e9dico si desean utilizar code\u00edna con ibuprofeno durante m\u00e1s tiempo del recomendado y\/o a dosis superiores a las recomendadas.<\/p>\n<p>&nbsp;<\/p>\n<p>&nbsp;<\/p>\n<p>El PRAC tambi\u00e9n observ\u00f3 que hay medicamentos que contienen code\u00edna con ibuprofeno que est\u00e1n disponibles sin receta m\u00e9dica en la Uni\u00f3n Europea. Dado que la mayor\u00eda de estos casos se notificaron en pa\u00edses en los que estos medicamentos est\u00e1n disponibles sin receta m\u00e9dica, el PRAC considera que el estatus de medicamento con receta m\u00e9dica ser\u00eda la medida de minimizaci\u00f3n de riesgos m\u00e1s eficaz para mitigar los da\u00f1os asociados al abuso y la dependencia de estos productos.<\/p>\n<p>&nbsp;<\/p>\n<p>Seg\u00fan ha anunciado la EMA, las recomendaciones del PRAC, junto con los mensajes clave para la comunicaci\u00f3n, se enviar\u00e1n a las autoridades nacionales competentes, que podr\u00e1n decidir sobre la necesidad de una comunicaci\u00f3n adicional a nivel nacional.<\/p>\n<p>&nbsp;<\/p>\n<p>&nbsp;<\/p>\n<p>PUBLICADO EL 07\/OCTUBRE DE 2022\/Con informaci\u00f3n de EuropaPress)<\/p>\n","protected":false},"excerpt":{"rendered":"<p>UNI\u00d3N EUROPEA. \u2014\u00a0 La Agencia Europea del Medicamento (EMA, por sus siglas en ingl\u00e9s) advirti\u00f3&#8230;<\/p>\n","protected":false},"author":1,"featured_media":148698,"comment_status":"open","ping_status":"open","sticky":false,"template":"","format":"standard","meta":{"_monsterinsights_skip_tracking":false,"_monsterinsights_sitenote_active":false,"_monsterinsights_sitenote_note":"","_monsterinsights_sitenote_category":0,"footnotes":""},"categories":[2216],"tags":[],"class_list":["post"],"yoast_head":" \n<title>Sonora en Equipo. El Ibuprofeno mezclado con code\u00edna puede provocar la muerte Ciencia y Tecnolog\u00eda<\/title>\n<meta name=\"description\" content=\"UNI\u00d3N EUROPEA. \u2014\u00a0 La Agencia Europea del Medicamento (EMA, por sus siglas en ingl\u00e9s) advirti\u00f3 que el uso prolongado de los f\u00e1rmacos que combinan En Sonora en Equipo publicamos toda la informaci\u00f3n de Sonora, M\u00e9xico y el Mundo de manera oportuna y busca que la libertad de expresi\u00f3n sea real. Visita nuestro medio informativo publicado desde Hermosillo, Sonora. %\" \/>\n<meta name=\"robots\" content=\"index, follow, max-snippet:-1, max-image-preview:large, max-video-preview:-1\" \/>\n<link rel=\"canonical\" href=\"https:\/\/www.sonoraenequipo.com.mx\/el-ibuprofeno-mezclado-con-codeina-puede-provocar-la-muerte\/\" \/>\n<meta property=\"og:locale\" content=\"es_ES\" \/>\n<meta property=\"og:type\" content=\"article\" \/>\n<meta property=\"og:title\" content=\"Sonora en Equipo. El Ibuprofeno mezclado con code\u00edna puede provocar la muerte Ciencia y Tecnolog\u00eda\" \/>\n<meta property=\"og:description\" content=\"UNI\u00d3N EUROPEA. \u2014\u00a0 La Agencia Europea del Medicamento (EMA, por sus siglas en ingl\u00e9s) advirti\u00f3 que el uso prolongado de los f\u00e1rmacos que combinan En Sonora en Equipo publicamos toda la informaci\u00f3n de Sonora, M\u00e9xico y el Mundo de manera oportuna y busca que la libertad de expresi\u00f3n sea real. Visita nuestro medio informativo publicado desde Hermosillo, Sonora. %\" \/>\n<meta property=\"og:url\" content=\"https:\/\/www.sonoraenequipo.com.mx\/el-ibuprofeno-mezclado-con-codeina-puede-provocar-la-muerte\/\" \/>\n<meta property=\"og:site_name\" content=\"Sonora en Equipo.\" \/>\n<meta property=\"article:publisher\" content=\"https:\/\/www.facebook.com\/SonoraEE\/\" \/>\n<meta property=\"article:author\" content=\"https:\/\/www.facebook.com\/SonoraEE\" \/>\n<meta property=\"article:published_time\" content=\"2022-10-07T22:00:58+00:00\" \/>\n<meta property=\"article:modified_time\" content=\"2022-10-08T03:53:23+00:00\" \/>\n<meta property=\"og:image\" content=\"https:\/\/www.sonoraenequipo.com.mx\/storage\/2022\/10\/ibuprofeno.jpg\" \/>\n\t<meta property=\"og:image:width\" content=\"900\" \/>\n\t<meta property=\"og:image:height\" content=\"514\" \/>\n\t<meta property=\"og:image:type\" content=\"image\/jpeg\" \/>\n<meta name=\"author\" content=\"enequipo\" \/>\n<meta name=\"twitter:card\" content=\"summary_large_image\" \/>\n<meta name=\"twitter:creator\" content=\"@sonoraenequipo\" \/>\n<meta name=\"twitter:site\" content=\"@sonoraenequipo\" \/>\n<meta name=\"twitter:label1\" content=\"Escrito por\" \/>\n\t<meta name=\"twitter:data1\" content=\"enequipo\" \/>\n\t<meta name=\"twitter:label2\" content=\"Tiempo de lectura\" \/>\n\t<meta name=\"twitter:data2\" content=\"3 minutos\" \/>\n<script type=\"application\/ld+json\" class=\"yoast-schema-graph\">{\"@context\":\"https:\/\/schema.org\",\"@graph\":[{\"@type\":\"Article\",\"@id\":\"https:\/\/www.sonoraenequipo.com.mx\/el-ibuprofeno-mezclado-con-codeina-puede-provocar-la-muerte\/#article\",\"isPartOf\":{\"@id\":\"https:\/\/www.sonoraenequipo.com.mx\/el-ibuprofeno-mezclado-con-codeina-puede-provocar-la-muerte\/\"},\"author\":{\"name\":\"enequipo\",\"@id\":\"https:\/\/www.sonoraenequipo.com.mx\/#\/schema\/person\/50102df0fb23a8fa9e8effad8fa81386\"},\"headline\":\"El Ibuprofeno mezclado con code\u00edna puede provocar la muerte\",\"datePublished\":\"2022-10-07T22:00:58+00:00\",\"dateModified\":\"2022-10-08T03:53:23+00:00\",\"mainEntityOfPage\":{\"@id\":\"https:\/\/www.sonoraenequipo.com.mx\/el-ibuprofeno-mezclado-con-codeina-puede-provocar-la-muerte\/\"},\"wordCount\":562,\"commentCount\":0,\"publisher\":{\"@id\":\"https:\/\/www.sonoraenequipo.com.mx\/#organization\"},\"image\":{\"@id\":\"https:\/\/www.sonoraenequipo.com.mx\/el-ibuprofeno-mezclado-con-codeina-puede-provocar-la-muerte\/#primaryimage\"},\"thumbnailUrl\":\"https:\/\/www.sonoraenequipo.com.mx\/storage\/2022\/10\/ibuprofeno.jpg\",\"articleSection\":[\"Ciencia y Tecnolog\u00eda\"],\"inLanguage\":\"es\",\"potentialAction\":[{\"@type\":\"CommentAction\",\"name\":\"Comment\",\"target\":[\"https:\/\/www.sonoraenequipo.com.mx\/el-ibuprofeno-mezclado-con-codeina-puede-provocar-la-muerte\/#respond\"]}]},{\"@type\":\"WebPage\",\"@id\":\"https:\/\/www.sonoraenequipo.com.mx\/el-ibuprofeno-mezclado-con-codeina-puede-provocar-la-muerte\/\",\"url\":\"https:\/\/www.sonoraenequipo.com.mx\/el-ibuprofeno-mezclado-con-codeina-puede-provocar-la-muerte\/\",\"name\":\"Sonora en Equipo. El Ibuprofeno mezclado con code\u00edna puede provocar la muerte Ciencia y Tecnolog\u00eda\",\"isPartOf\":{\"@id\":\"https:\/\/www.sonoraenequipo.com.mx\/#website\"},\"primaryImageOfPage\":{\"@id\":\"https:\/\/www.sonoraenequipo.com.mx\/el-ibuprofeno-mezclado-con-codeina-puede-provocar-la-muerte\/#primaryimage\"},\"image\":{\"@id\":\"https:\/\/www.sonoraenequipo.com.mx\/el-ibuprofeno-mezclado-con-codeina-puede-provocar-la-muerte\/#primaryimage\"},\"thumbnailUrl\":\"https:\/\/www.sonoraenequipo.com.mx\/storage\/2022\/10\/ibuprofeno.jpg\",\"datePublished\":\"2022-10-07T22:00:58+00:00\",\"dateModified\":\"2022-10-08T03:53:23+00:00\",\"description\":\"UNI\u00d3N EUROPEA. \u2014\u00a0 La Agencia Europea del Medicamento (EMA, por sus siglas en ingl\u00e9s) advirti\u00f3 que el uso prolongado de los f\u00e1rmacos que combinan En Sonora en Equipo publicamos toda la informaci\u00f3n de Sonora, M\u00e9xico y el Mundo de manera oportuna y busca que la libertad de expresi\u00f3n sea real. Visita nuestro medio informativo publicado desde Hermosillo, Sonora. %\",\"breadcrumb\":{\"@id\":\"https:\/\/www.sonoraenequipo.com.mx\/el-ibuprofeno-mezclado-con-codeina-puede-provocar-la-muerte\/#breadcrumb\"},\"inLanguage\":\"es\",\"potentialAction\":[{\"@type\":\"ReadAction\",\"target\":[\"https:\/\/www.sonoraenequipo.com.mx\/el-ibuprofeno-mezclado-con-codeina-puede-provocar-la-muerte\/\"]}]},{\"@type\":\"ImageObject\",\"inLanguage\":\"es\",\"@id\":\"https:\/\/www.sonoraenequipo.com.mx\/el-ibuprofeno-mezclado-con-codeina-puede-provocar-la-muerte\/#primaryimage\",\"url\":\"https:\/\/www.sonoraenequipo.com.mx\/storage\/2022\/10\/ibuprofeno.jpg\",\"contentUrl\":\"https:\/\/www.sonoraenequipo.com.mx\/storage\/2022\/10\/ibuprofeno.jpg\",\"width\":900,\"height\":514},{\"@type\":\"BreadcrumbList\",\"@id\":\"https:\/\/www.sonoraenequipo.com.mx\/el-ibuprofeno-mezclado-con-codeina-puede-provocar-la-muerte\/#breadcrumb\",\"itemListElement\":[{\"@type\":\"ListItem\",\"position\":1,\"name\":\"Portada\",\"item\":\"https:\/\/www.sonoraenequipo.com.mx\/\"},{\"@type\":\"ListItem\",\"position\":2,\"name\":\"El Ibuprofeno mezclado con code\u00edna puede provocar la muerte\"}]},{\"@type\":\"WebSite\",\"@id\":\"https:\/\/www.sonoraenequipo.com.mx\/#website\",\"url\":\"https:\/\/www.sonoraenequipo.com.mx\/\",\"name\":\"Sonora en Equipo.\",\"description\":\"Diario en l\u00ednea con Noticias desde Hermosillo, Sonora\",\"publisher\":{\"@id\":\"https:\/\/www.sonoraenequipo.com.mx\/#organization\"},\"potentialAction\":[{\"@type\":\"SearchAction\",\"target\":{\"@type\":\"EntryPoint\",\"urlTemplate\":\"https:\/\/www.sonoraenequipo.com.mx\/?s={search_term_string}\"},\"query-input\":{\"@type\":\"PropertyValueSpecification\",\"valueRequired\":true,\"valueName\":\"search_term_string\"}}],\"inLanguage\":\"es\"},{\"@type\":\"Organization\",\"@id\":\"https:\/\/www.sonoraenequipo.com.mx\/#organization\",\"name\":\"Sonoraenequipo.com.mx\",\"url\":\"https:\/\/www.sonoraenequipo.com.mx\/\",\"logo\":{\"@type\":\"ImageObject\",\"inLanguage\":\"es\",\"@id\":\"https:\/\/www.sonoraenequipo.com.mx\/#\/schema\/logo\/image\/\",\"url\":\"https:\/\/www.sonoraenequipo.com.mx\/storage\/2019\/01\/sonoraenequipo_opt.png\",\"contentUrl\":\"https:\/\/www.sonoraenequipo.com.mx\/storage\/2019\/01\/sonoraenequipo_opt.png\",\"width\":375,\"height\":125,\"caption\":\"Sonoraenequipo.com.mx\"},\"image\":{\"@id\":\"https:\/\/www.sonoraenequipo.com.mx\/#\/schema\/logo\/image\/\"},\"sameAs\":[\"https:\/\/www.facebook.com\/SonoraEE\/\",\"https:\/\/x.com\/sonoraenequipo\",\"https:\/\/www.youtube.com\/channel\/UC338nW-lPEYmJQs4ZABQ1SQ\"]},{\"@type\":\"Person\",\"@id\":\"https:\/\/www.sonoraenequipo.com.mx\/#\/schema\/person\/50102df0fb23a8fa9e8effad8fa81386\",\"name\":\"enequipo\",\"image\":{\"@type\":\"ImageObject\",\"inLanguage\":\"es\",\"@id\":\"https:\/\/www.sonoraenequipo.com.mx\/#\/schema\/person\/image\/\",\"url\":\"https:\/\/secure.gravatar.com\/avatar\/049821681b589dabc0bc20695993ccebb09f5b5d4d790cd9251b97faac7c652b?s=96&d=blank&r=g\",\"contentUrl\":\"https:\/\/secure.gravatar.com\/avatar\/049821681b589dabc0bc20695993ccebb09f5b5d4d790cd9251b97faac7c652b?s=96&d=blank&r=g\",\"caption\":\"enequipo\"},\"sameAs\":[\"https:\/\/www.facebook.com\/SonoraEE\"]}]}<\/script>\n ","yoast_head_json":{"title":"Sonora en Equipo. El Ibuprofeno mezclado con code\u00edna puede provocar la muerte Ciencia y Tecnolog\u00eda","description":"UNI\u00d3N EUROPEA. \u2014\u00a0 La Agencia Europea del Medicamento (EMA, por sus siglas en ingl\u00e9s) advirti\u00f3 que el uso prolongado de los f\u00e1rmacos que combinan En Sonora en Equipo publicamos toda la informaci\u00f3n de Sonora, M\u00e9xico y el Mundo de manera oportuna y busca que la libertad de expresi\u00f3n sea real. Visita nuestro medio informativo publicado desde Hermosillo, Sonora. %","robots":{"index":"index","follow":"follow","max-snippet":"max-snippet:-1","max-image-preview":"max-image-preview:large","max-video-preview":"max-video-preview:-1"},"canonical":"https:\/\/www.sonoraenequipo.com.mx\/el-ibuprofeno-mezclado-con-codeina-puede-provocar-la-muerte\/","og_locale":"es_ES","og_type":"article","og_title":"Sonora en Equipo. El Ibuprofeno mezclado con code\u00edna puede provocar la muerte Ciencia y Tecnolog\u00eda","og_description":"UNI\u00d3N EUROPEA. \u2014\u00a0 La Agencia Europea del Medicamento (EMA, por sus siglas en ingl\u00e9s) advirti\u00f3 que el uso prolongado de los f\u00e1rmacos que combinan En Sonora en Equipo publicamos toda la informaci\u00f3n de Sonora, M\u00e9xico y el Mundo de manera oportuna y busca que la libertad de expresi\u00f3n sea real. Visita nuestro medio informativo publicado desde Hermosillo, Sonora. %","og_url":"https:\/\/www.sonoraenequipo.com.mx\/el-ibuprofeno-mezclado-con-codeina-puede-provocar-la-muerte\/","og_site_name":"Sonora en Equipo.","article_publisher":"https:\/\/www.facebook.com\/SonoraEE\/","article_author":"https:\/\/www.facebook.com\/SonoraEE","article_published_time":"2022-10-07T22:00:58+00:00","article_modified_time":"2022-10-08T03:53:23+00:00","og_image":[{"width":900,"height":514,"url":"https:\/\/www.sonoraenequipo.com.mx\/storage\/2022\/10\/ibuprofeno.jpg","type":"image\/jpeg"}],"author":"enequipo","twitter_card":"summary_large_image","twitter_creator":"@sonoraenequipo","twitter_site":"@sonoraenequipo","twitter_misc":{"Escrito por":"enequipo","Tiempo de lectura":"3 minutos"},"schema":{"@context":"https:\/\/schema.org","@graph":[{"@type":"Article","@id":"https:\/\/www.sonoraenequipo.com.mx\/el-ibuprofeno-mezclado-con-codeina-puede-provocar-la-muerte\/#article","isPartOf":{"@id":"https:\/\/www.sonoraenequipo.com.mx\/el-ibuprofeno-mezclado-con-codeina-puede-provocar-la-muerte\/"},"author":{"name":"enequipo","@id":"https:\/\/www.sonoraenequipo.com.mx\/#\/schema\/person\/50102df0fb23a8fa9e8effad8fa81386"},"headline":"El Ibuprofeno mezclado con code\u00edna puede provocar la muerte","datePublished":"2022-10-07T22:00:58+00:00","dateModified":"2022-10-08T03:53:23+00:00","mainEntityOfPage":{"@id":"https:\/\/www.sonoraenequipo.com.mx\/el-ibuprofeno-mezclado-con-codeina-puede-provocar-la-muerte\/"},"wordCount":562,"commentCount":0,"publisher":{"@id":"https:\/\/www.sonoraenequipo.com.mx\/#organization"},"image":{"@id":"https:\/\/www.sonoraenequipo.com.mx\/el-ibuprofeno-mezclado-con-codeina-puede-provocar-la-muerte\/#primaryimage"},"thumbnailUrl":"https:\/\/www.sonoraenequipo.com.mx\/storage\/2022\/10\/ibuprofeno.jpg","articleSection":["Ciencia y Tecnolog\u00eda"],"inLanguage":"es","potentialAction":[{"@type":"CommentAction","name":"Comment","target":["https:\/\/www.sonoraenequipo.com.mx\/el-ibuprofeno-mezclado-con-codeina-puede-provocar-la-muerte\/#respond"]}]},{"@type":"WebPage","@id":"https:\/\/www.sonoraenequipo.com.mx\/el-ibuprofeno-mezclado-con-codeina-puede-provocar-la-muerte\/","url":"https:\/\/www.sonoraenequipo.com.mx\/el-ibuprofeno-mezclado-con-codeina-puede-provocar-la-muerte\/","name":"Sonora en Equipo. El Ibuprofeno mezclado con code\u00edna puede provocar la muerte Ciencia y Tecnolog\u00eda","isPartOf":{"@id":"https:\/\/www.sonoraenequipo.com.mx\/#website"},"primaryImageOfPage":{"@id":"https:\/\/www.sonoraenequipo.com.mx\/el-ibuprofeno-mezclado-con-codeina-puede-provocar-la-muerte\/#primaryimage"},"image":{"@id":"https:\/\/www.sonoraenequipo.com.mx\/el-ibuprofeno-mezclado-con-codeina-puede-provocar-la-muerte\/#primaryimage"},"thumbnailUrl":"https:\/\/www.sonoraenequipo.com.mx\/storage\/2022\/10\/ibuprofeno.jpg","datePublished":"2022-10-07T22:00:58+00:00","dateModified":"2022-10-08T03:53:23+00:00","description":"UNI\u00d3N EUROPEA. \u2014\u00a0 La Agencia Europea del Medicamento (EMA, por sus siglas en ingl\u00e9s) advirti\u00f3 que el uso prolongado de los f\u00e1rmacos que combinan En Sonora en Equipo publicamos toda la informaci\u00f3n de Sonora, M\u00e9xico y el Mundo de manera oportuna y busca que la libertad de expresi\u00f3n sea real. Visita nuestro medio informativo publicado desde Hermosillo, Sonora. %","breadcrumb":{"@id":"https:\/\/www.sonoraenequipo.com.mx\/el-ibuprofeno-mezclado-con-codeina-puede-provocar-la-muerte\/#breadcrumb"},"inLanguage":"es","potentialAction":[{"@type":"ReadAction","target":["https:\/\/www.sonoraenequipo.com.mx\/el-ibuprofeno-mezclado-con-codeina-puede-provocar-la-muerte\/"]}]},{"@type":"ImageObject","inLanguage":"es","@id":"https:\/\/www.sonoraenequipo.com.mx\/el-ibuprofeno-mezclado-con-codeina-puede-provocar-la-muerte\/#primaryimage","url":"https:\/\/www.sonoraenequipo.com.mx\/storage\/2022\/10\/ibuprofeno.jpg","contentUrl":"https:\/\/www.sonoraenequipo.com.mx\/storage\/2022\/10\/ibuprofeno.jpg","width":900,"height":514},{"@type":"BreadcrumbList","@id":"https:\/\/www.sonoraenequipo.com.mx\/el-ibuprofeno-mezclado-con-codeina-puede-provocar-la-muerte\/#breadcrumb","itemListElement":[{"@type":"ListItem","position":1,"name":"Portada","item":"https:\/\/www.sonoraenequipo.com.mx\/"},{"@type":"ListItem","position":2,"name":"El Ibuprofeno mezclado con code\u00edna puede provocar la muerte"}]},{"@type":"WebSite","@id":"https:\/\/www.sonoraenequipo.com.mx\/#website","url":"https:\/\/www.sonoraenequipo.com.mx\/","name":"Sonora en Equipo.","description":"Diario en l\u00ednea con Noticias desde Hermosillo, Sonora","publisher":{"@id":"https:\/\/www.sonoraenequipo.com.mx\/#organization"},"potentialAction":[{"@type":"SearchAction","target":{"@type":"EntryPoint","urlTemplate":"https:\/\/www.sonoraenequipo.com.mx\/?s={search_term_string}"},"query-input":{"@type":"PropertyValueSpecification","valueRequired":true,"valueName":"search_term_string"}}],"inLanguage":"es"},{"@type":"Organization","@id":"https:\/\/www.sonoraenequipo.com.mx\/#organization","name":"Sonoraenequipo.com.mx","url":"https:\/\/www.sonoraenequipo.com.mx\/","logo":{"@type":"ImageObject","inLanguage":"es","@id":"https:\/\/www.sonoraenequipo.com.mx\/#\/schema\/logo\/image\/","url":"https:\/\/www.sonoraenequipo.com.mx\/storage\/2019\/01\/sonoraenequipo_opt.png","contentUrl":"https:\/\/www.sonoraenequipo.com.mx\/storage\/2019\/01\/sonoraenequipo_opt.png","width":375,"height":125,"caption":"Sonoraenequipo.com.mx"},"image":{"@id":"https:\/\/www.sonoraenequipo.com.mx\/#\/schema\/logo\/image\/"},"sameAs":["https:\/\/www.facebook.com\/SonoraEE\/","https:\/\/x.com\/sonoraenequipo","https:\/\/www.youtube.com\/channel\/UC338nW-lPEYmJQs4ZABQ1SQ"]},{"@type":"Person","@id":"https:\/\/www.sonoraenequipo.com.mx\/#\/schema\/person\/50102df0fb23a8fa9e8effad8fa81386","name":"enequipo","image":{"@type":"ImageObject","inLanguage":"es","@id":"https:\/\/www.sonoraenequipo.com.mx\/#\/schema\/person\/image\/","url":"https:\/\/secure.gravatar.com\/avatar\/049821681b589dabc0bc20695993ccebb09f5b5d4d790cd9251b97faac7c652b?s=96&d=blank&r=g","contentUrl":"https:\/\/secure.gravatar.com\/avatar\/049821681b589dabc0bc20695993ccebb09f5b5d4d790cd9251b97faac7c652b?s=96&d=blank&r=g","caption":"enequipo"},"sameAs":["https:\/\/www.facebook.com\/SonoraEE"]}]}},"jetpack_featured_media_url":"https:\/\/www.sonoraenequipo.com.mx\/storage\/2022\/10\/ibuprofeno.jpg","_links":{"self":[{"href":"https:\/\/www.sonoraenequipo.com.mx\/api\/wp\/v2\/posts\/148696","targetHints":{"allow":["GET"]}}],"collection":[{"href":"https:\/\/www.sonoraenequipo.com.mx\/api\/wp\/v2\/posts"}],"about":[{"href":"https:\/\/www.sonoraenequipo.com.mx\/api\/wp\/v2\/types\/post"}],"author":[{"embeddable":true,"href":"https:\/\/www.sonoraenequipo.com.mx\/api\/wp\/v2\/users\/1"}],"replies":[{"embeddable":true,"href":"https:\/\/www.sonoraenequipo.com.mx\/api\/wp\/v2\/comments?post=148696"}],"version-history":[{"count":1,"href":"https:\/\/www.sonoraenequipo.com.mx\/api\/wp\/v2\/posts\/148696\/revisions"}],"predecessor-version":[{"id":148701,"href":"https:\/\/www.sonoraenequipo.com.mx\/api\/wp\/v2\/posts\/148696\/revisions\/148701"}],"wp:featuredmedia":[{"embeddable":true,"href":"https:\/\/www.sonoraenequipo.com.mx\/api\/wp\/v2\/media\/148698"}],"wp:attachment":[{"href":"https:\/\/www.sonoraenequipo.com.mx\/api\/wp\/v2\/media?parent=148696"}],"wp:term":[{"taxonomy":"category","embeddable":true,"href":"https:\/\/www.sonoraenequipo.com.mx\/api\/wp\/v2\/categories?post=148696"},{"taxonomy":"post_tag","embeddable":true,"href":"https:\/\/www.sonoraenequipo.com.mx\/api\/wp\/v2\/tags?post=148696"}],"curies":[{"name":"wp","href":"https:\/\/api.w.org\/{rel}","templated":true}]}}