{"id":148702,"date":"2022-10-07T18:28:51","date_gmt":"2022-10-08T01:28:51","guid":{"rendered":"https:\/\/www.sonoraenequipo.com.mx\/?p=148702"},"modified":"2022-10-07T21:02:48","modified_gmt":"2022-10-08T04:02:48","slug":"inauguran-primera-aula-hibrida-en-escuela-primaria-de-tijuana","status":"publish","type":"post","link":"https:\/\/www.sonoraenequipo.com.mx\/inauguran-primera-aula-hibrida-en-escuela-primaria-de-tijuana\/","title":{"rendered":"Inauguran primera aula h\u00edbrida en escuela primaria de Tijuana"},"content":{"rendered":"<p><strong>TIJUANA, BAJA CALIFORNIA. MX. \u2014<\/strong> Como parte de su proyecto denominado Avante, la <em><strong>Fundaci\u00f3n T\u00fa m\u00e1s Yo<\/strong><\/em> inaugur\u00f3 la primera aula h\u00edbrida equipada en un plantel de la colonia Ca\u00f1adas del Florido, con el objetivo de que los estudiantes de primaria accedan a contenidos educativos mediante el uso de plataformas digitales.<\/p>\n<p>&nbsp;<\/p>\n<p> <\/p>\n<p>El acto oficial se llev\u00f3 a cabo en la escuela primaria Ej\u00e9rcito Trigarante \/ Javier Gonz\u00e1lez Camarena, ubicada en Ca\u00f1adas del Florido, la cual sufri\u00f3 una vandalizaci\u00f3n y saqueos severos durante la pandemia, lo que dio como resultado la imposibilidad de regresar a clases.<\/p>\n<p>El presidente de la Fundaci\u00f3n T\u00fa m\u00e1s Yo, Jos\u00e9 Antonio D\u00edaz, refiri\u00f3 que para ello se llev\u00f3 a cabo la rehabilitaci\u00f3n f\u00edsica del plantel para que los 1,196 alumnos y sus maestros pudieran regresar a clases, en marzo pasado, en condiciones incluso mejores a las originales.<\/p>\n<p>En ese sentido, explic\u00f3 que e<strong>l aula h\u00edbrida que se inaugur\u00f3 cuenta con 34 computadoras con acceso internet<\/strong>, donde se implement\u00f3 el contenido del programa Avante, consistente en cursos h\u00edbridos para alumnos y profesores.<\/p>\n<p>Asimismo, el Club L\u00eda don\u00f3 un total de 100 becas para que los estudiantes tengan acceso a los programas computacionales que ofrece, encaminados al reforzamiento acad\u00e9mico.<\/p>\n<p><em><strong>\u201cLa finalidad es que los ni\u00f1os y ni\u00f1as le saquen jugo a estas herramientas para que puedan potenciar sus horizontes educativos, incentivar su inter\u00e9s y pasi\u00f3n por el aprendizaje, impuls\u00e1ndolos as\u00ed a estar m\u00e1s preparados y tener un mejor futuro profesional\u201d,<\/strong><\/em> anot\u00f3.<\/p>\n<p>El dirigente agreg\u00f3 que este programa educativo se centra en la capacitaci\u00f3n de nuevas tecnolog\u00edas para la educaci\u00f3n virtual, incluyendo temas extracurriculares para alumnos y maestros, con el prop\u00f3sito de potenciar su ense\u00f1anza y aprendizaje, con su correspondiente equipamiento tecnol\u00f3gico.<\/p>\n<p>Se trata de una primera aula piloto de un total de cinco, apunt\u00f3, que se habilitar\u00e1n en este plantel de Ca\u00f1adas del Florido.<\/p>\n<p>Finalmente, Jos\u00e9 Antonio D\u00edaz subray\u00f3 que el proyecto Avante naci\u00f3 durante la pandemia por Covid-19, como una respuesta a la necesidad cr\u00edtica de adaptaci\u00f3n del aprendizaje escolar convencional p\u00fablico, al virtual, lo cual se ha dado con el apoyo de inversionistas sociales, y aliados nacionales e internacionales.<\/p>\n<p>&nbsp;<\/p>\n<p>&nbsp;<\/p>\n<p>PUBLICADO EL 07\/OCTUBRE DE 2022)<\/p>\n","protected":false},"excerpt":{"rendered":"<p>TIJUANA, BAJA CALIFORNIA. MX. \u2014 Como parte de su proyecto denominado Avante, la Fundaci\u00f3n T\u00fa&#8230;<\/p>\n","protected":false},"author":1,"featured_media":148699,"comment_status":"open","ping_status":"open","sticky":false,"template":"","format":"standard","meta":{"_monsterinsights_skip_tracking":false,"_monsterinsights_sitenote_active":false,"_monsterinsights_sitenote_note":"","_monsterinsights_sitenote_category":0,"footnotes":""},"categories":[5],"tags":[],"class_list":["post"],"yoast_head":" \n<title>Sonora en Equipo. Inauguran primera aula h\u00edbrida en escuela primaria de Tijuana Rep\u00fablica<\/title>\n<meta name=\"description\" content=\"TIJUANA, BAJA CALIFORNIA. MX. \u2014 Como parte de su proyecto denominado Avante, la Fundaci\u00f3n T\u00fa m\u00e1s Yo inaugur\u00f3 la primera aula h\u00edbrida equipada en un En Sonora en Equipo publicamos toda la informaci\u00f3n de Sonora, M\u00e9xico y el Mundo de manera oportuna y busca que la libertad de expresi\u00f3n sea real. Visita nuestro medio informativo publicado desde Hermosillo, Sonora. %\" \/>\n<meta name=\"robots\" content=\"index, follow, max-snippet:-1, max-image-preview:large, max-video-preview:-1\" \/>\n<link rel=\"canonical\" href=\"https:\/\/www.sonoraenequipo.com.mx\/inauguran-primera-aula-hibrida-en-escuela-primaria-de-tijuana\/\" \/>\n<meta property=\"og:locale\" content=\"es_ES\" \/>\n<meta property=\"og:type\" content=\"article\" \/>\n<meta property=\"og:title\" content=\"Sonora en Equipo. Inauguran primera aula h\u00edbrida en escuela primaria de Tijuana Rep\u00fablica\" \/>\n<meta property=\"og:description\" content=\"TIJUANA, BAJA CALIFORNIA. MX. \u2014 Como parte de su proyecto denominado Avante, la Fundaci\u00f3n T\u00fa m\u00e1s Yo inaugur\u00f3 la primera aula h\u00edbrida equipada en un En Sonora en Equipo publicamos toda la informaci\u00f3n de Sonora, M\u00e9xico y el Mundo de manera oportuna y busca que la libertad de expresi\u00f3n sea real. Visita nuestro medio informativo publicado desde Hermosillo, Sonora. %\" \/>\n<meta property=\"og:url\" content=\"https:\/\/www.sonoraenequipo.com.mx\/inauguran-primera-aula-hibrida-en-escuela-primaria-de-tijuana\/\" \/>\n<meta property=\"og:site_name\" content=\"Sonora en Equipo.\" \/>\n<meta property=\"article:publisher\" content=\"https:\/\/www.facebook.com\/SonoraEE\/\" \/>\n<meta property=\"article:author\" content=\"https:\/\/www.facebook.com\/SonoraEE\" \/>\n<meta property=\"article:published_time\" content=\"2022-10-08T01:28:51+00:00\" \/>\n<meta property=\"article:modified_time\" content=\"2022-10-08T04:02:48+00:00\" \/>\n<meta property=\"og:image\" content=\"https:\/\/www.sonoraenequipo.com.mx\/storage\/2022\/10\/clases-hibridas..jpg\" \/>\n\t<meta property=\"og:image:width\" content=\"824\" \/>\n\t<meta property=\"og:image:height\" content=\"471\" \/>\n\t<meta property=\"og:image:type\" content=\"image\/jpeg\" \/>\n<meta name=\"author\" content=\"enequipo\" \/>\n<meta name=\"twitter:card\" content=\"summary_large_image\" \/>\n<meta name=\"twitter:creator\" content=\"@sonoraenequipo\" \/>\n<meta name=\"twitter:site\" content=\"@sonoraenequipo\" \/>\n<meta name=\"twitter:label1\" content=\"Escrito por\" \/>\n\t<meta name=\"twitter:data1\" content=\"enequipo\" \/>\n\t<meta name=\"twitter:label2\" content=\"Tiempo de lectura\" \/>\n\t<meta name=\"twitter:data2\" content=\"2 minutos\" \/>\n<script type=\"application\/ld+json\" class=\"yoast-schema-graph\">{\"@context\":\"https:\/\/schema.org\",\"@graph\":[{\"@type\":\"Article\",\"@id\":\"https:\/\/www.sonoraenequipo.com.mx\/inauguran-primera-aula-hibrida-en-escuela-primaria-de-tijuana\/#article\",\"isPartOf\":{\"@id\":\"https:\/\/www.sonoraenequipo.com.mx\/inauguran-primera-aula-hibrida-en-escuela-primaria-de-tijuana\/\"},\"author\":{\"name\":\"enequipo\",\"@id\":\"https:\/\/www.sonoraenequipo.com.mx\/#\/schema\/person\/50102df0fb23a8fa9e8effad8fa81386\"},\"headline\":\"Inauguran primera aula h\u00edbrida en escuela primaria de Tijuana\",\"datePublished\":\"2022-10-08T01:28:51+00:00\",\"dateModified\":\"2022-10-08T04:02:48+00:00\",\"mainEntityOfPage\":{\"@id\":\"https:\/\/www.sonoraenequipo.com.mx\/inauguran-primera-aula-hibrida-en-escuela-primaria-de-tijuana\/\"},\"wordCount\":400,\"commentCount\":0,\"publisher\":{\"@id\":\"https:\/\/www.sonoraenequipo.com.mx\/#organization\"},\"image\":{\"@id\":\"https:\/\/www.sonoraenequipo.com.mx\/inauguran-primera-aula-hibrida-en-escuela-primaria-de-tijuana\/#primaryimage\"},\"thumbnailUrl\":\"https:\/\/www.sonoraenequipo.com.mx\/storage\/2022\/10\/clases-hibridas..jpg\",\"articleSection\":[\"Rep\u00fablica\"],\"inLanguage\":\"es\",\"potentialAction\":[{\"@type\":\"CommentAction\",\"name\":\"Comment\",\"target\":[\"https:\/\/www.sonoraenequipo.com.mx\/inauguran-primera-aula-hibrida-en-escuela-primaria-de-tijuana\/#respond\"]}]},{\"@type\":\"WebPage\",\"@id\":\"https:\/\/www.sonoraenequipo.com.mx\/inauguran-primera-aula-hibrida-en-escuela-primaria-de-tijuana\/\",\"url\":\"https:\/\/www.sonoraenequipo.com.mx\/inauguran-primera-aula-hibrida-en-escuela-primaria-de-tijuana\/\",\"name\":\"Sonora en Equipo. Inauguran primera aula h\u00edbrida en escuela primaria de Tijuana Rep\u00fablica\",\"isPartOf\":{\"@id\":\"https:\/\/www.sonoraenequipo.com.mx\/#website\"},\"primaryImageOfPage\":{\"@id\":\"https:\/\/www.sonoraenequipo.com.mx\/inauguran-primera-aula-hibrida-en-escuela-primaria-de-tijuana\/#primaryimage\"},\"image\":{\"@id\":\"https:\/\/www.sonoraenequipo.com.mx\/inauguran-primera-aula-hibrida-en-escuela-primaria-de-tijuana\/#primaryimage\"},\"thumbnailUrl\":\"https:\/\/www.sonoraenequipo.com.mx\/storage\/2022\/10\/clases-hibridas..jpg\",\"datePublished\":\"2022-10-08T01:28:51+00:00\",\"dateModified\":\"2022-10-08T04:02:48+00:00\",\"description\":\"TIJUANA, BAJA CALIFORNIA. MX. \u2014 Como parte de su proyecto denominado Avante, la Fundaci\u00f3n T\u00fa m\u00e1s Yo inaugur\u00f3 la primera aula h\u00edbrida equipada en un En Sonora en Equipo publicamos toda la informaci\u00f3n de Sonora, M\u00e9xico y el Mundo de manera oportuna y busca que la libertad de expresi\u00f3n sea real. Visita nuestro medio informativo publicado desde Hermosillo, Sonora. %\",\"breadcrumb\":{\"@id\":\"https:\/\/www.sonoraenequipo.com.mx\/inauguran-primera-aula-hibrida-en-escuela-primaria-de-tijuana\/#breadcrumb\"},\"inLanguage\":\"es\",\"potentialAction\":[{\"@type\":\"ReadAction\",\"target\":[\"https:\/\/www.sonoraenequipo.com.mx\/inauguran-primera-aula-hibrida-en-escuela-primaria-de-tijuana\/\"]}]},{\"@type\":\"ImageObject\",\"inLanguage\":\"es\",\"@id\":\"https:\/\/www.sonoraenequipo.com.mx\/inauguran-primera-aula-hibrida-en-escuela-primaria-de-tijuana\/#primaryimage\",\"url\":\"https:\/\/www.sonoraenequipo.com.mx\/storage\/2022\/10\/clases-hibridas..jpg\",\"contentUrl\":\"https:\/\/www.sonoraenequipo.com.mx\/storage\/2022\/10\/clases-hibridas..jpg\",\"width\":824,\"height\":471},{\"@type\":\"BreadcrumbList\",\"@id\":\"https:\/\/www.sonoraenequipo.com.mx\/inauguran-primera-aula-hibrida-en-escuela-primaria-de-tijuana\/#breadcrumb\",\"itemListElement\":[{\"@type\":\"ListItem\",\"position\":1,\"name\":\"Portada\",\"item\":\"https:\/\/www.sonoraenequipo.com.mx\/\"},{\"@type\":\"ListItem\",\"position\":2,\"name\":\"Inauguran primera aula h\u00edbrida en escuela primaria de Tijuana\"}]},{\"@type\":\"WebSite\",\"@id\":\"https:\/\/www.sonoraenequipo.com.mx\/#website\",\"url\":\"https:\/\/www.sonoraenequipo.com.mx\/\",\"name\":\"Sonora en Equipo.\",\"description\":\"Diario en l\u00ednea con Noticias desde Hermosillo, Sonora\",\"publisher\":{\"@id\":\"https:\/\/www.sonoraenequipo.com.mx\/#organization\"},\"potentialAction\":[{\"@type\":\"SearchAction\",\"target\":{\"@type\":\"EntryPoint\",\"urlTemplate\":\"https:\/\/www.sonoraenequipo.com.mx\/?s={search_term_string}\"},\"query-input\":{\"@type\":\"PropertyValueSpecification\",\"valueRequired\":true,\"valueName\":\"search_term_string\"}}],\"inLanguage\":\"es\"},{\"@type\":\"Organization\",\"@id\":\"https:\/\/www.sonoraenequipo.com.mx\/#organization\",\"name\":\"Sonoraenequipo.com.mx\",\"url\":\"https:\/\/www.sonoraenequipo.com.mx\/\",\"logo\":{\"@type\":\"ImageObject\",\"inLanguage\":\"es\",\"@id\":\"https:\/\/www.sonoraenequipo.com.mx\/#\/schema\/logo\/image\/\",\"url\":\"https:\/\/www.sonoraenequipo.com.mx\/storage\/2019\/01\/sonoraenequipo_opt.png\",\"contentUrl\":\"https:\/\/www.sonoraenequipo.com.mx\/storage\/2019\/01\/sonoraenequipo_opt.png\",\"width\":375,\"height\":125,\"caption\":\"Sonoraenequipo.com.mx\"},\"image\":{\"@id\":\"https:\/\/www.sonoraenequipo.com.mx\/#\/schema\/logo\/image\/\"},\"sameAs\":[\"https:\/\/www.facebook.com\/SonoraEE\/\",\"https:\/\/x.com\/sonoraenequipo\",\"https:\/\/www.youtube.com\/channel\/UC338nW-lPEYmJQs4ZABQ1SQ\"]},{\"@type\":\"Person\",\"@id\":\"https:\/\/www.sonoraenequipo.com.mx\/#\/schema\/person\/50102df0fb23a8fa9e8effad8fa81386\",\"name\":\"enequipo\",\"image\":{\"@type\":\"ImageObject\",\"inLanguage\":\"es\",\"@id\":\"https:\/\/www.sonoraenequipo.com.mx\/#\/schema\/person\/image\/\",\"url\":\"https:\/\/secure.gravatar.com\/avatar\/049821681b589dabc0bc20695993ccebb09f5b5d4d790cd9251b97faac7c652b?s=96&d=blank&r=g\",\"contentUrl\":\"https:\/\/secure.gravatar.com\/avatar\/049821681b589dabc0bc20695993ccebb09f5b5d4d790cd9251b97faac7c652b?s=96&d=blank&r=g\",\"caption\":\"enequipo\"},\"sameAs\":[\"https:\/\/www.facebook.com\/SonoraEE\"]}]}<\/script>\n ","yoast_head_json":{"title":"Sonora en Equipo. Inauguran primera aula h\u00edbrida en escuela primaria de Tijuana Rep\u00fablica","description":"TIJUANA, BAJA CALIFORNIA. MX. \u2014 Como parte de su proyecto denominado Avante, la Fundaci\u00f3n T\u00fa m\u00e1s Yo inaugur\u00f3 la primera aula h\u00edbrida equipada en un En Sonora en Equipo publicamos toda la informaci\u00f3n de Sonora, M\u00e9xico y el Mundo de manera oportuna y busca que la libertad de expresi\u00f3n sea real. Visita nuestro medio informativo publicado desde Hermosillo, Sonora. %","robots":{"index":"index","follow":"follow","max-snippet":"max-snippet:-1","max-image-preview":"max-image-preview:large","max-video-preview":"max-video-preview:-1"},"canonical":"https:\/\/www.sonoraenequipo.com.mx\/inauguran-primera-aula-hibrida-en-escuela-primaria-de-tijuana\/","og_locale":"es_ES","og_type":"article","og_title":"Sonora en Equipo. Inauguran primera aula h\u00edbrida en escuela primaria de Tijuana Rep\u00fablica","og_description":"TIJUANA, BAJA CALIFORNIA. MX. \u2014 Como parte de su proyecto denominado Avante, la Fundaci\u00f3n T\u00fa m\u00e1s Yo inaugur\u00f3 la primera aula h\u00edbrida equipada en un En Sonora en Equipo publicamos toda la informaci\u00f3n de Sonora, M\u00e9xico y el Mundo de manera oportuna y busca que la libertad de expresi\u00f3n sea real. Visita nuestro medio informativo publicado desde Hermosillo, Sonora. %","og_url":"https:\/\/www.sonoraenequipo.com.mx\/inauguran-primera-aula-hibrida-en-escuela-primaria-de-tijuana\/","og_site_name":"Sonora en Equipo.","article_publisher":"https:\/\/www.facebook.com\/SonoraEE\/","article_author":"https:\/\/www.facebook.com\/SonoraEE","article_published_time":"2022-10-08T01:28:51+00:00","article_modified_time":"2022-10-08T04:02:48+00:00","og_image":[{"width":824,"height":471,"url":"https:\/\/www.sonoraenequipo.com.mx\/storage\/2022\/10\/clases-hibridas..jpg","type":"image\/jpeg"}],"author":"enequipo","twitter_card":"summary_large_image","twitter_creator":"@sonoraenequipo","twitter_site":"@sonoraenequipo","twitter_misc":{"Escrito por":"enequipo","Tiempo de lectura":"2 minutos"},"schema":{"@context":"https:\/\/schema.org","@graph":[{"@type":"Article","@id":"https:\/\/www.sonoraenequipo.com.mx\/inauguran-primera-aula-hibrida-en-escuela-primaria-de-tijuana\/#article","isPartOf":{"@id":"https:\/\/www.sonoraenequipo.com.mx\/inauguran-primera-aula-hibrida-en-escuela-primaria-de-tijuana\/"},"author":{"name":"enequipo","@id":"https:\/\/www.sonoraenequipo.com.mx\/#\/schema\/person\/50102df0fb23a8fa9e8effad8fa81386"},"headline":"Inauguran primera aula h\u00edbrida en escuela primaria de Tijuana","datePublished":"2022-10-08T01:28:51+00:00","dateModified":"2022-10-08T04:02:48+00:00","mainEntityOfPage":{"@id":"https:\/\/www.sonoraenequipo.com.mx\/inauguran-primera-aula-hibrida-en-escuela-primaria-de-tijuana\/"},"wordCount":400,"commentCount":0,"publisher":{"@id":"https:\/\/www.sonoraenequipo.com.mx\/#organization"},"image":{"@id":"https:\/\/www.sonoraenequipo.com.mx\/inauguran-primera-aula-hibrida-en-escuela-primaria-de-tijuana\/#primaryimage"},"thumbnailUrl":"https:\/\/www.sonoraenequipo.com.mx\/storage\/2022\/10\/clases-hibridas..jpg","articleSection":["Rep\u00fablica"],"inLanguage":"es","potentialAction":[{"@type":"CommentAction","name":"Comment","target":["https:\/\/www.sonoraenequipo.com.mx\/inauguran-primera-aula-hibrida-en-escuela-primaria-de-tijuana\/#respond"]}]},{"@type":"WebPage","@id":"https:\/\/www.sonoraenequipo.com.mx\/inauguran-primera-aula-hibrida-en-escuela-primaria-de-tijuana\/","url":"https:\/\/www.sonoraenequipo.com.mx\/inauguran-primera-aula-hibrida-en-escuela-primaria-de-tijuana\/","name":"Sonora en Equipo. Inauguran primera aula h\u00edbrida en escuela primaria de Tijuana Rep\u00fablica","isPartOf":{"@id":"https:\/\/www.sonoraenequipo.com.mx\/#website"},"primaryImageOfPage":{"@id":"https:\/\/www.sonoraenequipo.com.mx\/inauguran-primera-aula-hibrida-en-escuela-primaria-de-tijuana\/#primaryimage"},"image":{"@id":"https:\/\/www.sonoraenequipo.com.mx\/inauguran-primera-aula-hibrida-en-escuela-primaria-de-tijuana\/#primaryimage"},"thumbnailUrl":"https:\/\/www.sonoraenequipo.com.mx\/storage\/2022\/10\/clases-hibridas..jpg","datePublished":"2022-10-08T01:28:51+00:00","dateModified":"2022-10-08T04:02:48+00:00","description":"TIJUANA, BAJA CALIFORNIA. MX. \u2014 Como parte de su proyecto denominado Avante, la Fundaci\u00f3n T\u00fa m\u00e1s Yo inaugur\u00f3 la primera aula h\u00edbrida equipada en un En Sonora en Equipo publicamos toda la informaci\u00f3n de Sonora, M\u00e9xico y el Mundo de manera oportuna y busca que la libertad de expresi\u00f3n sea real. Visita nuestro medio informativo publicado desde Hermosillo, Sonora. %","breadcrumb":{"@id":"https:\/\/www.sonoraenequipo.com.mx\/inauguran-primera-aula-hibrida-en-escuela-primaria-de-tijuana\/#breadcrumb"},"inLanguage":"es","potentialAction":[{"@type":"ReadAction","target":["https:\/\/www.sonoraenequipo.com.mx\/inauguran-primera-aula-hibrida-en-escuela-primaria-de-tijuana\/"]}]},{"@type":"ImageObject","inLanguage":"es","@id":"https:\/\/www.sonoraenequipo.com.mx\/inauguran-primera-aula-hibrida-en-escuela-primaria-de-tijuana\/#primaryimage","url":"https:\/\/www.sonoraenequipo.com.mx\/storage\/2022\/10\/clases-hibridas..jpg","contentUrl":"https:\/\/www.sonoraenequipo.com.mx\/storage\/2022\/10\/clases-hibridas..jpg","width":824,"height":471},{"@type":"BreadcrumbList","@id":"https:\/\/www.sonoraenequipo.com.mx\/inauguran-primera-aula-hibrida-en-escuela-primaria-de-tijuana\/#breadcrumb","itemListElement":[{"@type":"ListItem","position":1,"name":"Portada","item":"https:\/\/www.sonoraenequipo.com.mx\/"},{"@type":"ListItem","position":2,"name":"Inauguran primera aula h\u00edbrida en escuela primaria de Tijuana"}]},{"@type":"WebSite","@id":"https:\/\/www.sonoraenequipo.com.mx\/#website","url":"https:\/\/www.sonoraenequipo.com.mx\/","name":"Sonora en Equipo.","description":"Diario en l\u00ednea con Noticias desde Hermosillo, Sonora","publisher":{"@id":"https:\/\/www.sonoraenequipo.com.mx\/#organization"},"potentialAction":[{"@type":"SearchAction","target":{"@type":"EntryPoint","urlTemplate":"https:\/\/www.sonoraenequipo.com.mx\/?s={search_term_string}"},"query-input":{"@type":"PropertyValueSpecification","valueRequired":true,"valueName":"search_term_string"}}],"inLanguage":"es"},{"@type":"Organization","@id":"https:\/\/www.sonoraenequipo.com.mx\/#organization","name":"Sonoraenequipo.com.mx","url":"https:\/\/www.sonoraenequipo.com.mx\/","logo":{"@type":"ImageObject","inLanguage":"es","@id":"https:\/\/www.sonoraenequipo.com.mx\/#\/schema\/logo\/image\/","url":"https:\/\/www.sonoraenequipo.com.mx\/storage\/2019\/01\/sonoraenequipo_opt.png","contentUrl":"https:\/\/www.sonoraenequipo.com.mx\/storage\/2019\/01\/sonoraenequipo_opt.png","width":375,"height":125,"caption":"Sonoraenequipo.com.mx"},"image":{"@id":"https:\/\/www.sonoraenequipo.com.mx\/#\/schema\/logo\/image\/"},"sameAs":["https:\/\/www.facebook.com\/SonoraEE\/","https:\/\/x.com\/sonoraenequipo","https:\/\/www.youtube.com\/channel\/UC338nW-lPEYmJQs4ZABQ1SQ"]},{"@type":"Person","@id":"https:\/\/www.sonoraenequipo.com.mx\/#\/schema\/person\/50102df0fb23a8fa9e8effad8fa81386","name":"enequipo","image":{"@type":"ImageObject","inLanguage":"es","@id":"https:\/\/www.sonoraenequipo.com.mx\/#\/schema\/person\/image\/","url":"https:\/\/secure.gravatar.com\/avatar\/049821681b589dabc0bc20695993ccebb09f5b5d4d790cd9251b97faac7c652b?s=96&d=blank&r=g","contentUrl":"https:\/\/secure.gravatar.com\/avatar\/049821681b589dabc0bc20695993ccebb09f5b5d4d790cd9251b97faac7c652b?s=96&d=blank&r=g","caption":"enequipo"},"sameAs":["https:\/\/www.facebook.com\/SonoraEE"]}]}},"jetpack_featured_media_url":"https:\/\/www.sonoraenequipo.com.mx\/storage\/2022\/10\/clases-hibridas..jpg","_links":{"self":[{"href":"https:\/\/www.sonoraenequipo.com.mx\/api\/wp\/v2\/posts\/148702","targetHints":{"allow":["GET"]}}],"collection":[{"href":"https:\/\/www.sonoraenequipo.com.mx\/api\/wp\/v2\/posts"}],"about":[{"href":"https:\/\/www.sonoraenequipo.com.mx\/api\/wp\/v2\/types\/post"}],"author":[{"embeddable":true,"href":"https:\/\/www.sonoraenequipo.com.mx\/api\/wp\/v2\/users\/1"}],"replies":[{"embeddable":true,"href":"https:\/\/www.sonoraenequipo.com.mx\/api\/wp\/v2\/comments?post=148702"}],"version-history":[{"count":1,"href":"https:\/\/www.sonoraenequipo.com.mx\/api\/wp\/v2\/posts\/148702\/revisions"}],"predecessor-version":[{"id":148703,"href":"https:\/\/www.sonoraenequipo.com.mx\/api\/wp\/v2\/posts\/148702\/revisions\/148703"}],"wp:featuredmedia":[{"embeddable":true,"href":"https:\/\/www.sonoraenequipo.com.mx\/api\/wp\/v2\/media\/148699"}],"wp:attachment":[{"href":"https:\/\/www.sonoraenequipo.com.mx\/api\/wp\/v2\/media?parent=148702"}],"wp:term":[{"taxonomy":"category","embeddable":true,"href":"https:\/\/www.sonoraenequipo.com.mx\/api\/wp\/v2\/categories?post=148702"},{"taxonomy":"post_tag","embeddable":true,"href":"https:\/\/www.sonoraenequipo.com.mx\/api\/wp\/v2\/tags?post=148702"}],"curies":[{"name":"wp","href":"https:\/\/api.w.org\/{rel}","templated":true}]}}