{"id":148710,"date":"2022-10-07T21:46:09","date_gmt":"2022-10-08T04:46:09","guid":{"rendered":"https:\/\/www.sonoraenequipo.com.mx\/?p=148710"},"modified":"2022-10-07T21:49:59","modified_gmt":"2022-10-08T04:49:59","slug":"se-inaugura-el-festival-flores-de-otono-en-paseo-de-la-reforma","status":"publish","type":"post","link":"https:\/\/www.sonoraenequipo.com.mx\/se-inaugura-el-festival-flores-de-otono-en-paseo-de-la-reforma\/","title":{"rendered":"Se inaugura el \u201cFestival Flores de Oto\u00f1o\u201d en Paseo de la Reforma"},"content":{"rendered":"<p><strong>CDMX.M\u00c9XICO.<\/strong>\u2014 La directora General de la Comisi\u00f3n de Recursos Naturales y Desarrollo Rural (DGCORENADR), Columba L\u00f3pez Guti\u00e9rrez, inaugur\u00f3 este 6 de octubre el \u201cFestival Flores de Oto\u00f1o\u201d, que se encontrar\u00e1 en Paseo de la Reforma, entre las calles Estocolmo, Amberes, Belgrado, G\u00e9nova, Copenhague, R\u00edo Serna y R\u00edo Danubio, hasta el pr\u00f3ximo 9 de octubre.<\/p>\n<p>&nbsp;<\/p>\n<p> <\/p>\n<p>&nbsp;<\/p>\n<p><strong><em>\u201cLa compra de estas flores, la venta a trav\u00e9s de los productores, nos ayuda a proteger este Suelo de Conservaci\u00f3n. Esto es parte de la reactivaci\u00f3n econ\u00f3mica que tiene la ciudad. Y algo muy importante que queremos que los hoteleros, los restauranteros, las cafeter\u00edas, los due\u00f1os de los negocios de esta zona, que necesitan embellecer sus lugares, compren de manera directa a los productores\u201d,<\/em><\/strong> dijo.<\/p>\n<p>&nbsp;<\/p>\n<p>Record\u00f3 que el <strong><em>\u201cFestival Flores de Oto\u00f1o\u201d,<\/em><\/strong> que permanecer\u00e1 hasta el pr\u00f3ximo domingo, en un horario de 10:00 horas a las 20:00 horas, participan 142 productores que son beneficiarios del programa Alt\u00e9petl Bienestar del Gobierno de la Ciudad de M\u00e9xico, impulsado desde 2019 por la Jefa de Gobierno, Claudia Sheinbaum.<\/p>\n<p>&nbsp;<\/p>\n<p>Adem\u00e1s reiter\u00f3 que en la Ciudad de M\u00e9xico hay 8 mil 300 productores rurales que reciben apoyo del Gobierno de la Ciudad para la producci\u00f3n:<\/p>\n<p>&nbsp;<\/p>\n<p><strong><em>\u201cLa mayor\u00eda de ellos est\u00e1n haciendo un esfuerzo para la producci\u00f3n agroecol\u00f3gica, que es bajar o eliminar la cantidad de productos agrot\u00f3xicos contaminantes al ambiente. Est\u00e1n haciendo ellos sus propias compostas, est\u00e1n haciendo sus bioinsumos. La Corenadr apoya tambi\u00e9n con esta parte de los bioinsumos y algo muy importante es que se protege el Suelo de Conservaci\u00f3n y el suelo rural de la ciudad\u201d.<\/em><\/strong><\/p>\n<p>&nbsp;<\/p>\n<p>Mencion\u00f3 que en esta feria tambi\u00e9n hay productores de Hidalgo, Puebla, Tlaxcala y del Estado de M\u00e9xico, quienes ofertar\u00e1n a las y los visitantes orqu\u00eddeas, suculentas y de todo tipo de plantas.<\/p>\n<p>&nbsp;<\/p>\n<p>En su oportunidad, la secretaria de Turismo, Nathalie Veronique Desplas Puel, resalt\u00f3 la importancia de apoyar y fomentar el cuidado y la preservaci\u00f3n del Suelo de Conservaci\u00f3n mediante el fortalecimiento de diversas actividades.<\/p>\n<p>&nbsp;<\/p>\n<p><em><strong>\u201c(Estos festivales) permiten derrama, creaci\u00f3n de empleo y eso permite tambi\u00e9n aumentar la ocupaci\u00f3n hotelera; esperamos que disfruten mucho de este festival pero tambi\u00e9n que compren muchas flores para sus casas y que al mismo tiempo apoyen a toda una comunidad de floricultores y artesanos\u201d,<\/strong> <\/em>resalt\u00f3.<\/p>\n<p>&nbsp;<\/p>\n<p>&nbsp;<\/p>\n<p>PUBLICADO EL 07\/OCTUBRE DE 2022)<\/p>\n","protected":false},"excerpt":{"rendered":"<p>CDMX.M\u00c9XICO.\u2014 La directora General de la Comisi\u00f3n de Recursos Naturales y Desarrollo Rural (DGCORENADR), Columba&#8230;<\/p>\n","protected":false},"author":1,"featured_media":148711,"comment_status":"open","ping_status":"open","sticky":false,"template":"","format":"standard","meta":{"_monsterinsights_skip_tracking":false,"_monsterinsights_sitenote_active":false,"_monsterinsights_sitenote_note":"","_monsterinsights_sitenote_category":0,"footnotes":""},"categories":[5],"tags":[],"class_list":["post"],"yoast_head":" \n<title>Sonora en Equipo. Se inaugura el \u201cFestival Flores de Oto\u00f1o\u201d en Paseo de la Reforma Rep\u00fablica<\/title>\n<meta name=\"description\" content=\"CDMX.M\u00c9XICO.\u2014 La directora General de la Comisi\u00f3n de Recursos Naturales y Desarrollo Rural (DGCORENADR), Columba L\u00f3pez Guti\u00e9rrez, inaugur\u00f3 este 6 de En Sonora en Equipo publicamos toda la informaci\u00f3n de Sonora, M\u00e9xico y el Mundo de manera oportuna y busca que la libertad de expresi\u00f3n sea real. Visita nuestro medio informativo publicado desde Hermosillo, Sonora. %\" \/>\n<meta name=\"robots\" content=\"index, follow, max-snippet:-1, max-image-preview:large, max-video-preview:-1\" \/>\n<link rel=\"canonical\" href=\"https:\/\/www.sonoraenequipo.com.mx\/se-inaugura-el-festival-flores-de-otono-en-paseo-de-la-reforma\/\" \/>\n<meta property=\"og:locale\" content=\"es_ES\" \/>\n<meta property=\"og:type\" content=\"article\" \/>\n<meta property=\"og:title\" content=\"Sonora en Equipo. Se inaugura el \u201cFestival Flores de Oto\u00f1o\u201d en Paseo de la Reforma Rep\u00fablica\" \/>\n<meta property=\"og:description\" content=\"CDMX.M\u00c9XICO.\u2014 La directora General de la Comisi\u00f3n de Recursos Naturales y Desarrollo Rural (DGCORENADR), Columba L\u00f3pez Guti\u00e9rrez, inaugur\u00f3 este 6 de En Sonora en Equipo publicamos toda la informaci\u00f3n de Sonora, M\u00e9xico y el Mundo de manera oportuna y busca que la libertad de expresi\u00f3n sea real. Visita nuestro medio informativo publicado desde Hermosillo, Sonora. %\" \/>\n<meta property=\"og:url\" content=\"https:\/\/www.sonoraenequipo.com.mx\/se-inaugura-el-festival-flores-de-otono-en-paseo-de-la-reforma\/\" \/>\n<meta property=\"og:site_name\" content=\"Sonora en Equipo.\" \/>\n<meta property=\"article:publisher\" content=\"https:\/\/www.facebook.com\/SonoraEE\/\" \/>\n<meta property=\"article:author\" content=\"https:\/\/www.facebook.com\/SonoraEE\" \/>\n<meta property=\"article:published_time\" content=\"2022-10-08T04:46:09+00:00\" \/>\n<meta property=\"article:modified_time\" content=\"2022-10-08T04:49:59+00:00\" \/>\n<meta property=\"og:image\" content=\"https:\/\/www.sonoraenequipo.com.mx\/storage\/2022\/10\/festival-flores-de-otono..jpg\" \/>\n\t<meta property=\"og:image:width\" content=\"900\" \/>\n\t<meta property=\"og:image:height\" content=\"515\" \/>\n\t<meta property=\"og:image:type\" content=\"image\/jpeg\" \/>\n<meta name=\"author\" content=\"enequipo\" \/>\n<meta name=\"twitter:card\" content=\"summary_large_image\" \/>\n<meta name=\"twitter:creator\" content=\"@sonoraenequipo\" \/>\n<meta name=\"twitter:site\" content=\"@sonoraenequipo\" \/>\n<meta name=\"twitter:label1\" content=\"Escrito por\" \/>\n\t<meta name=\"twitter:data1\" content=\"enequipo\" \/>\n\t<meta name=\"twitter:label2\" content=\"Tiempo de lectura\" \/>\n\t<meta name=\"twitter:data2\" content=\"2 minutos\" \/>\n<script type=\"application\/ld+json\" class=\"yoast-schema-graph\">{\"@context\":\"https:\/\/schema.org\",\"@graph\":[{\"@type\":\"Article\",\"@id\":\"https:\/\/www.sonoraenequipo.com.mx\/se-inaugura-el-festival-flores-de-otono-en-paseo-de-la-reforma\/#article\",\"isPartOf\":{\"@id\":\"https:\/\/www.sonoraenequipo.com.mx\/se-inaugura-el-festival-flores-de-otono-en-paseo-de-la-reforma\/\"},\"author\":{\"name\":\"enequipo\",\"@id\":\"https:\/\/www.sonoraenequipo.com.mx\/#\/schema\/person\/50102df0fb23a8fa9e8effad8fa81386\"},\"headline\":\"Se inaugura el \u201cFestival Flores de Oto\u00f1o\u201d en Paseo de la Reforma\",\"datePublished\":\"2022-10-08T04:46:09+00:00\",\"dateModified\":\"2022-10-08T04:49:59+00:00\",\"mainEntityOfPage\":{\"@id\":\"https:\/\/www.sonoraenequipo.com.mx\/se-inaugura-el-festival-flores-de-otono-en-paseo-de-la-reforma\/\"},\"wordCount\":430,\"commentCount\":0,\"publisher\":{\"@id\":\"https:\/\/www.sonoraenequipo.com.mx\/#organization\"},\"image\":{\"@id\":\"https:\/\/www.sonoraenequipo.com.mx\/se-inaugura-el-festival-flores-de-otono-en-paseo-de-la-reforma\/#primaryimage\"},\"thumbnailUrl\":\"https:\/\/www.sonoraenequipo.com.mx\/storage\/2022\/10\/festival-flores-de-otono..jpg\",\"articleSection\":[\"Rep\u00fablica\"],\"inLanguage\":\"es\",\"potentialAction\":[{\"@type\":\"CommentAction\",\"name\":\"Comment\",\"target\":[\"https:\/\/www.sonoraenequipo.com.mx\/se-inaugura-el-festival-flores-de-otono-en-paseo-de-la-reforma\/#respond\"]}]},{\"@type\":\"WebPage\",\"@id\":\"https:\/\/www.sonoraenequipo.com.mx\/se-inaugura-el-festival-flores-de-otono-en-paseo-de-la-reforma\/\",\"url\":\"https:\/\/www.sonoraenequipo.com.mx\/se-inaugura-el-festival-flores-de-otono-en-paseo-de-la-reforma\/\",\"name\":\"Sonora en Equipo. Se inaugura el \u201cFestival Flores de Oto\u00f1o\u201d en Paseo de la Reforma Rep\u00fablica\",\"isPartOf\":{\"@id\":\"https:\/\/www.sonoraenequipo.com.mx\/#website\"},\"primaryImageOfPage\":{\"@id\":\"https:\/\/www.sonoraenequipo.com.mx\/se-inaugura-el-festival-flores-de-otono-en-paseo-de-la-reforma\/#primaryimage\"},\"image\":{\"@id\":\"https:\/\/www.sonoraenequipo.com.mx\/se-inaugura-el-festival-flores-de-otono-en-paseo-de-la-reforma\/#primaryimage\"},\"thumbnailUrl\":\"https:\/\/www.sonoraenequipo.com.mx\/storage\/2022\/10\/festival-flores-de-otono..jpg\",\"datePublished\":\"2022-10-08T04:46:09+00:00\",\"dateModified\":\"2022-10-08T04:49:59+00:00\",\"description\":\"CDMX.M\u00c9XICO.\u2014 La directora General de la Comisi\u00f3n de Recursos Naturales y Desarrollo Rural (DGCORENADR), Columba L\u00f3pez Guti\u00e9rrez, inaugur\u00f3 este 6 de En Sonora en Equipo publicamos toda la informaci\u00f3n de Sonora, M\u00e9xico y el Mundo de manera oportuna y busca que la libertad de expresi\u00f3n sea real. Visita nuestro medio informativo publicado desde Hermosillo, Sonora. %\",\"breadcrumb\":{\"@id\":\"https:\/\/www.sonoraenequipo.com.mx\/se-inaugura-el-festival-flores-de-otono-en-paseo-de-la-reforma\/#breadcrumb\"},\"inLanguage\":\"es\",\"potentialAction\":[{\"@type\":\"ReadAction\",\"target\":[\"https:\/\/www.sonoraenequipo.com.mx\/se-inaugura-el-festival-flores-de-otono-en-paseo-de-la-reforma\/\"]}]},{\"@type\":\"ImageObject\",\"inLanguage\":\"es\",\"@id\":\"https:\/\/www.sonoraenequipo.com.mx\/se-inaugura-el-festival-flores-de-otono-en-paseo-de-la-reforma\/#primaryimage\",\"url\":\"https:\/\/www.sonoraenequipo.com.mx\/storage\/2022\/10\/festival-flores-de-otono..jpg\",\"contentUrl\":\"https:\/\/www.sonoraenequipo.com.mx\/storage\/2022\/10\/festival-flores-de-otono..jpg\",\"width\":900,\"height\":515},{\"@type\":\"BreadcrumbList\",\"@id\":\"https:\/\/www.sonoraenequipo.com.mx\/se-inaugura-el-festival-flores-de-otono-en-paseo-de-la-reforma\/#breadcrumb\",\"itemListElement\":[{\"@type\":\"ListItem\",\"position\":1,\"name\":\"Portada\",\"item\":\"https:\/\/www.sonoraenequipo.com.mx\/\"},{\"@type\":\"ListItem\",\"position\":2,\"name\":\"Se inaugura el \u201cFestival Flores de Oto\u00f1o\u201d en Paseo de la Reforma\"}]},{\"@type\":\"WebSite\",\"@id\":\"https:\/\/www.sonoraenequipo.com.mx\/#website\",\"url\":\"https:\/\/www.sonoraenequipo.com.mx\/\",\"name\":\"Sonora en Equipo.\",\"description\":\"Diario en l\u00ednea con Noticias desde Hermosillo, Sonora\",\"publisher\":{\"@id\":\"https:\/\/www.sonoraenequipo.com.mx\/#organization\"},\"potentialAction\":[{\"@type\":\"SearchAction\",\"target\":{\"@type\":\"EntryPoint\",\"urlTemplate\":\"https:\/\/www.sonoraenequipo.com.mx\/?s={search_term_string}\"},\"query-input\":{\"@type\":\"PropertyValueSpecification\",\"valueRequired\":true,\"valueName\":\"search_term_string\"}}],\"inLanguage\":\"es\"},{\"@type\":\"Organization\",\"@id\":\"https:\/\/www.sonoraenequipo.com.mx\/#organization\",\"name\":\"Sonoraenequipo.com.mx\",\"url\":\"https:\/\/www.sonoraenequipo.com.mx\/\",\"logo\":{\"@type\":\"ImageObject\",\"inLanguage\":\"es\",\"@id\":\"https:\/\/www.sonoraenequipo.com.mx\/#\/schema\/logo\/image\/\",\"url\":\"https:\/\/www.sonoraenequipo.com.mx\/storage\/2019\/01\/sonoraenequipo_opt.png\",\"contentUrl\":\"https:\/\/www.sonoraenequipo.com.mx\/storage\/2019\/01\/sonoraenequipo_opt.png\",\"width\":375,\"height\":125,\"caption\":\"Sonoraenequipo.com.mx\"},\"image\":{\"@id\":\"https:\/\/www.sonoraenequipo.com.mx\/#\/schema\/logo\/image\/\"},\"sameAs\":[\"https:\/\/www.facebook.com\/SonoraEE\/\",\"https:\/\/x.com\/sonoraenequipo\",\"https:\/\/www.youtube.com\/channel\/UC338nW-lPEYmJQs4ZABQ1SQ\"]},{\"@type\":\"Person\",\"@id\":\"https:\/\/www.sonoraenequipo.com.mx\/#\/schema\/person\/50102df0fb23a8fa9e8effad8fa81386\",\"name\":\"enequipo\",\"image\":{\"@type\":\"ImageObject\",\"inLanguage\":\"es\",\"@id\":\"https:\/\/www.sonoraenequipo.com.mx\/#\/schema\/person\/image\/\",\"url\":\"https:\/\/secure.gravatar.com\/avatar\/049821681b589dabc0bc20695993ccebb09f5b5d4d790cd9251b97faac7c652b?s=96&d=blank&r=g\",\"contentUrl\":\"https:\/\/secure.gravatar.com\/avatar\/049821681b589dabc0bc20695993ccebb09f5b5d4d790cd9251b97faac7c652b?s=96&d=blank&r=g\",\"caption\":\"enequipo\"},\"sameAs\":[\"https:\/\/www.facebook.com\/SonoraEE\"]}]}<\/script>\n ","yoast_head_json":{"title":"Sonora en Equipo. Se inaugura el \u201cFestival Flores de Oto\u00f1o\u201d en Paseo de la Reforma Rep\u00fablica","description":"CDMX.M\u00c9XICO.\u2014 La directora General de la Comisi\u00f3n de Recursos Naturales y Desarrollo Rural (DGCORENADR), Columba L\u00f3pez Guti\u00e9rrez, inaugur\u00f3 este 6 de En Sonora en Equipo publicamos toda la informaci\u00f3n de Sonora, M\u00e9xico y el Mundo de manera oportuna y busca que la libertad de expresi\u00f3n sea real. Visita nuestro medio informativo publicado desde Hermosillo, Sonora. %","robots":{"index":"index","follow":"follow","max-snippet":"max-snippet:-1","max-image-preview":"max-image-preview:large","max-video-preview":"max-video-preview:-1"},"canonical":"https:\/\/www.sonoraenequipo.com.mx\/se-inaugura-el-festival-flores-de-otono-en-paseo-de-la-reforma\/","og_locale":"es_ES","og_type":"article","og_title":"Sonora en Equipo. Se inaugura el \u201cFestival Flores de Oto\u00f1o\u201d en Paseo de la Reforma Rep\u00fablica","og_description":"CDMX.M\u00c9XICO.\u2014 La directora General de la Comisi\u00f3n de Recursos Naturales y Desarrollo Rural (DGCORENADR), Columba L\u00f3pez Guti\u00e9rrez, inaugur\u00f3 este 6 de En Sonora en Equipo publicamos toda la informaci\u00f3n de Sonora, M\u00e9xico y el Mundo de manera oportuna y busca que la libertad de expresi\u00f3n sea real. Visita nuestro medio informativo publicado desde Hermosillo, Sonora. %","og_url":"https:\/\/www.sonoraenequipo.com.mx\/se-inaugura-el-festival-flores-de-otono-en-paseo-de-la-reforma\/","og_site_name":"Sonora en Equipo.","article_publisher":"https:\/\/www.facebook.com\/SonoraEE\/","article_author":"https:\/\/www.facebook.com\/SonoraEE","article_published_time":"2022-10-08T04:46:09+00:00","article_modified_time":"2022-10-08T04:49:59+00:00","og_image":[{"width":900,"height":515,"url":"https:\/\/www.sonoraenequipo.com.mx\/storage\/2022\/10\/festival-flores-de-otono..jpg","type":"image\/jpeg"}],"author":"enequipo","twitter_card":"summary_large_image","twitter_creator":"@sonoraenequipo","twitter_site":"@sonoraenequipo","twitter_misc":{"Escrito por":"enequipo","Tiempo de lectura":"2 minutos"},"schema":{"@context":"https:\/\/schema.org","@graph":[{"@type":"Article","@id":"https:\/\/www.sonoraenequipo.com.mx\/se-inaugura-el-festival-flores-de-otono-en-paseo-de-la-reforma\/#article","isPartOf":{"@id":"https:\/\/www.sonoraenequipo.com.mx\/se-inaugura-el-festival-flores-de-otono-en-paseo-de-la-reforma\/"},"author":{"name":"enequipo","@id":"https:\/\/www.sonoraenequipo.com.mx\/#\/schema\/person\/50102df0fb23a8fa9e8effad8fa81386"},"headline":"Se inaugura el \u201cFestival Flores de Oto\u00f1o\u201d en Paseo de la Reforma","datePublished":"2022-10-08T04:46:09+00:00","dateModified":"2022-10-08T04:49:59+00:00","mainEntityOfPage":{"@id":"https:\/\/www.sonoraenequipo.com.mx\/se-inaugura-el-festival-flores-de-otono-en-paseo-de-la-reforma\/"},"wordCount":430,"commentCount":0,"publisher":{"@id":"https:\/\/www.sonoraenequipo.com.mx\/#organization"},"image":{"@id":"https:\/\/www.sonoraenequipo.com.mx\/se-inaugura-el-festival-flores-de-otono-en-paseo-de-la-reforma\/#primaryimage"},"thumbnailUrl":"https:\/\/www.sonoraenequipo.com.mx\/storage\/2022\/10\/festival-flores-de-otono..jpg","articleSection":["Rep\u00fablica"],"inLanguage":"es","potentialAction":[{"@type":"CommentAction","name":"Comment","target":["https:\/\/www.sonoraenequipo.com.mx\/se-inaugura-el-festival-flores-de-otono-en-paseo-de-la-reforma\/#respond"]}]},{"@type":"WebPage","@id":"https:\/\/www.sonoraenequipo.com.mx\/se-inaugura-el-festival-flores-de-otono-en-paseo-de-la-reforma\/","url":"https:\/\/www.sonoraenequipo.com.mx\/se-inaugura-el-festival-flores-de-otono-en-paseo-de-la-reforma\/","name":"Sonora en Equipo. Se inaugura el \u201cFestival Flores de Oto\u00f1o\u201d en Paseo de la Reforma Rep\u00fablica","isPartOf":{"@id":"https:\/\/www.sonoraenequipo.com.mx\/#website"},"primaryImageOfPage":{"@id":"https:\/\/www.sonoraenequipo.com.mx\/se-inaugura-el-festival-flores-de-otono-en-paseo-de-la-reforma\/#primaryimage"},"image":{"@id":"https:\/\/www.sonoraenequipo.com.mx\/se-inaugura-el-festival-flores-de-otono-en-paseo-de-la-reforma\/#primaryimage"},"thumbnailUrl":"https:\/\/www.sonoraenequipo.com.mx\/storage\/2022\/10\/festival-flores-de-otono..jpg","datePublished":"2022-10-08T04:46:09+00:00","dateModified":"2022-10-08T04:49:59+00:00","description":"CDMX.M\u00c9XICO.\u2014 La directora General de la Comisi\u00f3n de Recursos Naturales y Desarrollo Rural (DGCORENADR), Columba L\u00f3pez Guti\u00e9rrez, inaugur\u00f3 este 6 de En Sonora en Equipo publicamos toda la informaci\u00f3n de Sonora, M\u00e9xico y el Mundo de manera oportuna y busca que la libertad de expresi\u00f3n sea real. Visita nuestro medio informativo publicado desde Hermosillo, Sonora. %","breadcrumb":{"@id":"https:\/\/www.sonoraenequipo.com.mx\/se-inaugura-el-festival-flores-de-otono-en-paseo-de-la-reforma\/#breadcrumb"},"inLanguage":"es","potentialAction":[{"@type":"ReadAction","target":["https:\/\/www.sonoraenequipo.com.mx\/se-inaugura-el-festival-flores-de-otono-en-paseo-de-la-reforma\/"]}]},{"@type":"ImageObject","inLanguage":"es","@id":"https:\/\/www.sonoraenequipo.com.mx\/se-inaugura-el-festival-flores-de-otono-en-paseo-de-la-reforma\/#primaryimage","url":"https:\/\/www.sonoraenequipo.com.mx\/storage\/2022\/10\/festival-flores-de-otono..jpg","contentUrl":"https:\/\/www.sonoraenequipo.com.mx\/storage\/2022\/10\/festival-flores-de-otono..jpg","width":900,"height":515},{"@type":"BreadcrumbList","@id":"https:\/\/www.sonoraenequipo.com.mx\/se-inaugura-el-festival-flores-de-otono-en-paseo-de-la-reforma\/#breadcrumb","itemListElement":[{"@type":"ListItem","position":1,"name":"Portada","item":"https:\/\/www.sonoraenequipo.com.mx\/"},{"@type":"ListItem","position":2,"name":"Se inaugura el \u201cFestival Flores de Oto\u00f1o\u201d en Paseo de la Reforma"}]},{"@type":"WebSite","@id":"https:\/\/www.sonoraenequipo.com.mx\/#website","url":"https:\/\/www.sonoraenequipo.com.mx\/","name":"Sonora en Equipo.","description":"Diario en l\u00ednea con Noticias desde Hermosillo, Sonora","publisher":{"@id":"https:\/\/www.sonoraenequipo.com.mx\/#organization"},"potentialAction":[{"@type":"SearchAction","target":{"@type":"EntryPoint","urlTemplate":"https:\/\/www.sonoraenequipo.com.mx\/?s={search_term_string}"},"query-input":{"@type":"PropertyValueSpecification","valueRequired":true,"valueName":"search_term_string"}}],"inLanguage":"es"},{"@type":"Organization","@id":"https:\/\/www.sonoraenequipo.com.mx\/#organization","name":"Sonoraenequipo.com.mx","url":"https:\/\/www.sonoraenequipo.com.mx\/","logo":{"@type":"ImageObject","inLanguage":"es","@id":"https:\/\/www.sonoraenequipo.com.mx\/#\/schema\/logo\/image\/","url":"https:\/\/www.sonoraenequipo.com.mx\/storage\/2019\/01\/sonoraenequipo_opt.png","contentUrl":"https:\/\/www.sonoraenequipo.com.mx\/storage\/2019\/01\/sonoraenequipo_opt.png","width":375,"height":125,"caption":"Sonoraenequipo.com.mx"},"image":{"@id":"https:\/\/www.sonoraenequipo.com.mx\/#\/schema\/logo\/image\/"},"sameAs":["https:\/\/www.facebook.com\/SonoraEE\/","https:\/\/x.com\/sonoraenequipo","https:\/\/www.youtube.com\/channel\/UC338nW-lPEYmJQs4ZABQ1SQ"]},{"@type":"Person","@id":"https:\/\/www.sonoraenequipo.com.mx\/#\/schema\/person\/50102df0fb23a8fa9e8effad8fa81386","name":"enequipo","image":{"@type":"ImageObject","inLanguage":"es","@id":"https:\/\/www.sonoraenequipo.com.mx\/#\/schema\/person\/image\/","url":"https:\/\/secure.gravatar.com\/avatar\/049821681b589dabc0bc20695993ccebb09f5b5d4d790cd9251b97faac7c652b?s=96&d=blank&r=g","contentUrl":"https:\/\/secure.gravatar.com\/avatar\/049821681b589dabc0bc20695993ccebb09f5b5d4d790cd9251b97faac7c652b?s=96&d=blank&r=g","caption":"enequipo"},"sameAs":["https:\/\/www.facebook.com\/SonoraEE"]}]}},"jetpack_featured_media_url":"https:\/\/www.sonoraenequipo.com.mx\/storage\/2022\/10\/festival-flores-de-otono..jpg","_links":{"self":[{"href":"https:\/\/www.sonoraenequipo.com.mx\/api\/wp\/v2\/posts\/148710","targetHints":{"allow":["GET"]}}],"collection":[{"href":"https:\/\/www.sonoraenequipo.com.mx\/api\/wp\/v2\/posts"}],"about":[{"href":"https:\/\/www.sonoraenequipo.com.mx\/api\/wp\/v2\/types\/post"}],"author":[{"embeddable":true,"href":"https:\/\/www.sonoraenequipo.com.mx\/api\/wp\/v2\/users\/1"}],"replies":[{"embeddable":true,"href":"https:\/\/www.sonoraenequipo.com.mx\/api\/wp\/v2\/comments?post=148710"}],"version-history":[{"count":1,"href":"https:\/\/www.sonoraenequipo.com.mx\/api\/wp\/v2\/posts\/148710\/revisions"}],"predecessor-version":[{"id":148712,"href":"https:\/\/www.sonoraenequipo.com.mx\/api\/wp\/v2\/posts\/148710\/revisions\/148712"}],"wp:featuredmedia":[{"embeddable":true,"href":"https:\/\/www.sonoraenequipo.com.mx\/api\/wp\/v2\/media\/148711"}],"wp:attachment":[{"href":"https:\/\/www.sonoraenequipo.com.mx\/api\/wp\/v2\/media?parent=148710"}],"wp:term":[{"taxonomy":"category","embeddable":true,"href":"https:\/\/www.sonoraenequipo.com.mx\/api\/wp\/v2\/categories?post=148710"},{"taxonomy":"post_tag","embeddable":true,"href":"https:\/\/www.sonoraenequipo.com.mx\/api\/wp\/v2\/tags?post=148710"}],"curies":[{"name":"wp","href":"https:\/\/api.w.org\/{rel}","templated":true}]}}