{"id":148713,"date":"2022-10-07T21:55:56","date_gmt":"2022-10-08T04:55:56","guid":{"rendered":"https:\/\/www.sonoraenequipo.com.mx\/?p=148713"},"modified":"2022-10-07T21:55:56","modified_gmt":"2022-10-08T04:55:56","slug":"habra-protestas-frente-al-parlamento-del-reino-unido-y-al-departamento-de-justicia-de-ee-uu-a-favor-de-julian-assange","status":"publish","type":"post","link":"https:\/\/www.sonoraenequipo.com.mx\/habra-protestas-frente-al-parlamento-del-reino-unido-y-al-departamento-de-justicia-de-ee-uu-a-favor-de-julian-assange\/","title":{"rendered":"Habr\u00e1 protestas frente al Parlamento del Reino Unido y al Departamento de Justicia de EE.UU. a favor de Julian Assange\u00a0"},"content":{"rendered":"<p><strong>LONDRES, INGLATERRA. \u2014<\/strong> En Londres, miles de simpatizantes del fundador de WikiLeaks, Julian Assange, planean formar una cadena humana frente al Parlamento brit\u00e1nico este s\u00e1bado (08.10.2022) para exigir que el Reino Unido cancele los planes de extraditar a Assange a Estados Unidos, donde enfrenta cargos que podr\u00edan llevarlo a la c\u00e1rcel de por vida.<\/p>\n<p>&nbsp;<\/p>\n<p> <\/p>\n<p>&nbsp;<\/p>\n<p>Los partidarios de Assange en Estados Unidos tambi\u00e9n llevar\u00e1n a cabo este s\u00e1bado una manifestaci\u00f3n similar cerca de la sede del Departamento de Justicia, en la ciudad de Washington D.C., en la que exigir\u00e1n que el Gobierno de Biden desista de enjuiciar a Assange por cargos de pirater\u00eda inform\u00e1tica y por 17 cargos de violaci\u00f3n de la Ley de Espionaje.<\/p>\n<p>&nbsp;<\/p>\n<p>&nbsp;<\/p>\n<p>Si es declarado culpable, Assange podr\u00eda enfrentar una condena de hasta 175 a\u00f1os de prisi\u00f3n.<\/p>\n<p>&nbsp;<\/p>\n<p>PUBLICADO EL 07\/OCTUBRE DE 2022)<\/p>\n","protected":false},"excerpt":{"rendered":"<p>LONDRES, INGLATERRA. \u2014 En Londres, miles de simpatizantes del fundador de WikiLeaks, Julian Assange, planean&#8230;<\/p>\n","protected":false},"author":1,"featured_media":148714,"comment_status":"open","ping_status":"open","sticky":false,"template":"","format":"standard","meta":{"_monsterinsights_skip_tracking":false,"_monsterinsights_sitenote_active":false,"_monsterinsights_sitenote_note":"","_monsterinsights_sitenote_category":0,"footnotes":""},"categories":[3],"tags":[],"class_list":["post"],"yoast_head":" \n<title>Sonora en Equipo. Habr\u00e1 protestas frente al Parlamento del Reino Unido y al Departamento de Justicia de EE.UU. a favor de Julian Assange\u00a0 MUNDO<\/title>\n<meta name=\"description\" content=\"LONDRES, INGLATERRA. \u2014 En Londres, miles de simpatizantes del fundador de WikiLeaks, Julian Assange, planean formar una cadena humana frente al Parlamento En Sonora en Equipo publicamos toda la informaci\u00f3n de Sonora, M\u00e9xico y el Mundo de manera oportuna y busca que la libertad de expresi\u00f3n sea real. Visita nuestro medio informativo publicado desde Hermosillo, Sonora. %\" \/>\n<meta name=\"robots\" content=\"index, follow, max-snippet:-1, max-image-preview:large, max-video-preview:-1\" \/>\n<link rel=\"canonical\" href=\"https:\/\/www.sonoraenequipo.com.mx\/habra-protestas-frente-al-parlamento-del-reino-unido-y-al-departamento-de-justicia-de-ee-uu-a-favor-de-julian-assange\/\" \/>\n<meta property=\"og:locale\" content=\"es_ES\" \/>\n<meta property=\"og:type\" content=\"article\" \/>\n<meta property=\"og:title\" content=\"Sonora en Equipo. Habr\u00e1 protestas frente al Parlamento del Reino Unido y al Departamento de Justicia de EE.UU. a favor de Julian Assange\u00a0 MUNDO\" \/>\n<meta property=\"og:description\" content=\"LONDRES, INGLATERRA. \u2014 En Londres, miles de simpatizantes del fundador de WikiLeaks, Julian Assange, planean formar una cadena humana frente al Parlamento En Sonora en Equipo publicamos toda la informaci\u00f3n de Sonora, M\u00e9xico y el Mundo de manera oportuna y busca que la libertad de expresi\u00f3n sea real. Visita nuestro medio informativo publicado desde Hermosillo, Sonora. %\" \/>\n<meta property=\"og:url\" content=\"https:\/\/www.sonoraenequipo.com.mx\/habra-protestas-frente-al-parlamento-del-reino-unido-y-al-departamento-de-justicia-de-ee-uu-a-favor-de-julian-assange\/\" \/>\n<meta property=\"og:site_name\" content=\"Sonora en Equipo.\" \/>\n<meta property=\"article:publisher\" content=\"https:\/\/www.facebook.com\/SonoraEE\/\" \/>\n<meta property=\"article:author\" content=\"https:\/\/www.facebook.com\/SonoraEE\" \/>\n<meta property=\"article:published_time\" content=\"2022-10-08T04:55:56+00:00\" \/>\n<meta property=\"og:image\" content=\"https:\/\/www.sonoraenequipo.com.mx\/storage\/2022\/10\/Habra-protestas-a-favor-de-Julian-Assange-.jpg\" \/>\n\t<meta property=\"og:image:width\" content=\"850\" \/>\n\t<meta property=\"og:image:height\" content=\"486\" \/>\n\t<meta property=\"og:image:type\" content=\"image\/jpeg\" \/>\n<meta name=\"author\" content=\"enequipo\" \/>\n<meta name=\"twitter:card\" content=\"summary_large_image\" \/>\n<meta name=\"twitter:creator\" content=\"@sonoraenequipo\" \/>\n<meta name=\"twitter:site\" content=\"@sonoraenequipo\" \/>\n<meta name=\"twitter:label1\" content=\"Escrito por\" \/>\n\t<meta name=\"twitter:data1\" content=\"enequipo\" \/>\n\t<meta name=\"twitter:label2\" content=\"Tiempo de lectura\" \/>\n\t<meta name=\"twitter:data2\" content=\"1 minuto\" \/>\n<script type=\"application\/ld+json\" class=\"yoast-schema-graph\">{\"@context\":\"https:\/\/schema.org\",\"@graph\":[{\"@type\":\"Article\",\"@id\":\"https:\/\/www.sonoraenequipo.com.mx\/habra-protestas-frente-al-parlamento-del-reino-unido-y-al-departamento-de-justicia-de-ee-uu-a-favor-de-julian-assange\/#article\",\"isPartOf\":{\"@id\":\"https:\/\/www.sonoraenequipo.com.mx\/habra-protestas-frente-al-parlamento-del-reino-unido-y-al-departamento-de-justicia-de-ee-uu-a-favor-de-julian-assange\/\"},\"author\":{\"name\":\"enequipo\",\"@id\":\"https:\/\/www.sonoraenequipo.com.mx\/#\/schema\/person\/50102df0fb23a8fa9e8effad8fa81386\"},\"headline\":\"Habr\u00e1 protestas frente al Parlamento del Reino Unido y al Departamento de Justicia de EE.UU. a favor de Julian Assange\u00a0\",\"datePublished\":\"2022-10-08T04:55:56+00:00\",\"mainEntityOfPage\":{\"@id\":\"https:\/\/www.sonoraenequipo.com.mx\/habra-protestas-frente-al-parlamento-del-reino-unido-y-al-departamento-de-justicia-de-ee-uu-a-favor-de-julian-assange\/\"},\"wordCount\":171,\"commentCount\":0,\"publisher\":{\"@id\":\"https:\/\/www.sonoraenequipo.com.mx\/#organization\"},\"image\":{\"@id\":\"https:\/\/www.sonoraenequipo.com.mx\/habra-protestas-frente-al-parlamento-del-reino-unido-y-al-departamento-de-justicia-de-ee-uu-a-favor-de-julian-assange\/#primaryimage\"},\"thumbnailUrl\":\"https:\/\/www.sonoraenequipo.com.mx\/storage\/2022\/10\/Habra-protestas-a-favor-de-Julian-Assange-.jpg\",\"articleSection\":[\"MUNDO\"],\"inLanguage\":\"es\",\"potentialAction\":[{\"@type\":\"CommentAction\",\"name\":\"Comment\",\"target\":[\"https:\/\/www.sonoraenequipo.com.mx\/habra-protestas-frente-al-parlamento-del-reino-unido-y-al-departamento-de-justicia-de-ee-uu-a-favor-de-julian-assange\/#respond\"]}]},{\"@type\":\"WebPage\",\"@id\":\"https:\/\/www.sonoraenequipo.com.mx\/habra-protestas-frente-al-parlamento-del-reino-unido-y-al-departamento-de-justicia-de-ee-uu-a-favor-de-julian-assange\/\",\"url\":\"https:\/\/www.sonoraenequipo.com.mx\/habra-protestas-frente-al-parlamento-del-reino-unido-y-al-departamento-de-justicia-de-ee-uu-a-favor-de-julian-assange\/\",\"name\":\"Sonora en Equipo. Habr\u00e1 protestas frente al Parlamento del Reino Unido y al Departamento de Justicia de EE.UU. a favor de Julian Assange\u00a0 MUNDO\",\"isPartOf\":{\"@id\":\"https:\/\/www.sonoraenequipo.com.mx\/#website\"},\"primaryImageOfPage\":{\"@id\":\"https:\/\/www.sonoraenequipo.com.mx\/habra-protestas-frente-al-parlamento-del-reino-unido-y-al-departamento-de-justicia-de-ee-uu-a-favor-de-julian-assange\/#primaryimage\"},\"image\":{\"@id\":\"https:\/\/www.sonoraenequipo.com.mx\/habra-protestas-frente-al-parlamento-del-reino-unido-y-al-departamento-de-justicia-de-ee-uu-a-favor-de-julian-assange\/#primaryimage\"},\"thumbnailUrl\":\"https:\/\/www.sonoraenequipo.com.mx\/storage\/2022\/10\/Habra-protestas-a-favor-de-Julian-Assange-.jpg\",\"datePublished\":\"2022-10-08T04:55:56+00:00\",\"description\":\"LONDRES, INGLATERRA. \u2014 En Londres, miles de simpatizantes del fundador de WikiLeaks, Julian Assange, planean formar una cadena humana frente al Parlamento En Sonora en Equipo publicamos toda la informaci\u00f3n de Sonora, M\u00e9xico y el Mundo de manera oportuna y busca que la libertad de expresi\u00f3n sea real. Visita nuestro medio informativo publicado desde Hermosillo, Sonora. %\",\"breadcrumb\":{\"@id\":\"https:\/\/www.sonoraenequipo.com.mx\/habra-protestas-frente-al-parlamento-del-reino-unido-y-al-departamento-de-justicia-de-ee-uu-a-favor-de-julian-assange\/#breadcrumb\"},\"inLanguage\":\"es\",\"potentialAction\":[{\"@type\":\"ReadAction\",\"target\":[\"https:\/\/www.sonoraenequipo.com.mx\/habra-protestas-frente-al-parlamento-del-reino-unido-y-al-departamento-de-justicia-de-ee-uu-a-favor-de-julian-assange\/\"]}]},{\"@type\":\"ImageObject\",\"inLanguage\":\"es\",\"@id\":\"https:\/\/www.sonoraenequipo.com.mx\/habra-protestas-frente-al-parlamento-del-reino-unido-y-al-departamento-de-justicia-de-ee-uu-a-favor-de-julian-assange\/#primaryimage\",\"url\":\"https:\/\/www.sonoraenequipo.com.mx\/storage\/2022\/10\/Habra-protestas-a-favor-de-Julian-Assange-.jpg\",\"contentUrl\":\"https:\/\/www.sonoraenequipo.com.mx\/storage\/2022\/10\/Habra-protestas-a-favor-de-Julian-Assange-.jpg\",\"width\":850,\"height\":486},{\"@type\":\"BreadcrumbList\",\"@id\":\"https:\/\/www.sonoraenequipo.com.mx\/habra-protestas-frente-al-parlamento-del-reino-unido-y-al-departamento-de-justicia-de-ee-uu-a-favor-de-julian-assange\/#breadcrumb\",\"itemListElement\":[{\"@type\":\"ListItem\",\"position\":1,\"name\":\"Portada\",\"item\":\"https:\/\/www.sonoraenequipo.com.mx\/\"},{\"@type\":\"ListItem\",\"position\":2,\"name\":\"Habr\u00e1 protestas frente al Parlamento del Reino Unido y al Departamento de Justicia de EE.UU. a favor de Julian Assange\u00a0\"}]},{\"@type\":\"WebSite\",\"@id\":\"https:\/\/www.sonoraenequipo.com.mx\/#website\",\"url\":\"https:\/\/www.sonoraenequipo.com.mx\/\",\"name\":\"Sonora en Equipo.\",\"description\":\"Diario en l\u00ednea con Noticias desde Hermosillo, Sonora\",\"publisher\":{\"@id\":\"https:\/\/www.sonoraenequipo.com.mx\/#organization\"},\"potentialAction\":[{\"@type\":\"SearchAction\",\"target\":{\"@type\":\"EntryPoint\",\"urlTemplate\":\"https:\/\/www.sonoraenequipo.com.mx\/?s={search_term_string}\"},\"query-input\":{\"@type\":\"PropertyValueSpecification\",\"valueRequired\":true,\"valueName\":\"search_term_string\"}}],\"inLanguage\":\"es\"},{\"@type\":\"Organization\",\"@id\":\"https:\/\/www.sonoraenequipo.com.mx\/#organization\",\"name\":\"Sonoraenequipo.com.mx\",\"url\":\"https:\/\/www.sonoraenequipo.com.mx\/\",\"logo\":{\"@type\":\"ImageObject\",\"inLanguage\":\"es\",\"@id\":\"https:\/\/www.sonoraenequipo.com.mx\/#\/schema\/logo\/image\/\",\"url\":\"https:\/\/www.sonoraenequipo.com.mx\/storage\/2019\/01\/sonoraenequipo_opt.png\",\"contentUrl\":\"https:\/\/www.sonoraenequipo.com.mx\/storage\/2019\/01\/sonoraenequipo_opt.png\",\"width\":375,\"height\":125,\"caption\":\"Sonoraenequipo.com.mx\"},\"image\":{\"@id\":\"https:\/\/www.sonoraenequipo.com.mx\/#\/schema\/logo\/image\/\"},\"sameAs\":[\"https:\/\/www.facebook.com\/SonoraEE\/\",\"https:\/\/x.com\/sonoraenequipo\",\"https:\/\/www.youtube.com\/channel\/UC338nW-lPEYmJQs4ZABQ1SQ\"]},{\"@type\":\"Person\",\"@id\":\"https:\/\/www.sonoraenequipo.com.mx\/#\/schema\/person\/50102df0fb23a8fa9e8effad8fa81386\",\"name\":\"enequipo\",\"image\":{\"@type\":\"ImageObject\",\"inLanguage\":\"es\",\"@id\":\"https:\/\/www.sonoraenequipo.com.mx\/#\/schema\/person\/image\/\",\"url\":\"https:\/\/secure.gravatar.com\/avatar\/049821681b589dabc0bc20695993ccebb09f5b5d4d790cd9251b97faac7c652b?s=96&d=blank&r=g\",\"contentUrl\":\"https:\/\/secure.gravatar.com\/avatar\/049821681b589dabc0bc20695993ccebb09f5b5d4d790cd9251b97faac7c652b?s=96&d=blank&r=g\",\"caption\":\"enequipo\"},\"sameAs\":[\"https:\/\/www.facebook.com\/SonoraEE\"]}]}<\/script>\n ","yoast_head_json":{"title":"Sonora en Equipo. Habr\u00e1 protestas frente al Parlamento del Reino Unido y al Departamento de Justicia de EE.UU. a favor de Julian Assange\u00a0 MUNDO","description":"LONDRES, INGLATERRA. \u2014 En Londres, miles de simpatizantes del fundador de WikiLeaks, Julian Assange, planean formar una cadena humana frente al Parlamento En Sonora en Equipo publicamos toda la informaci\u00f3n de Sonora, M\u00e9xico y el Mundo de manera oportuna y busca que la libertad de expresi\u00f3n sea real. Visita nuestro medio informativo publicado desde Hermosillo, Sonora. %","robots":{"index":"index","follow":"follow","max-snippet":"max-snippet:-1","max-image-preview":"max-image-preview:large","max-video-preview":"max-video-preview:-1"},"canonical":"https:\/\/www.sonoraenequipo.com.mx\/habra-protestas-frente-al-parlamento-del-reino-unido-y-al-departamento-de-justicia-de-ee-uu-a-favor-de-julian-assange\/","og_locale":"es_ES","og_type":"article","og_title":"Sonora en Equipo. Habr\u00e1 protestas frente al Parlamento del Reino Unido y al Departamento de Justicia de EE.UU. a favor de Julian Assange\u00a0 MUNDO","og_description":"LONDRES, INGLATERRA. \u2014 En Londres, miles de simpatizantes del fundador de WikiLeaks, Julian Assange, planean formar una cadena humana frente al Parlamento En Sonora en Equipo publicamos toda la informaci\u00f3n de Sonora, M\u00e9xico y el Mundo de manera oportuna y busca que la libertad de expresi\u00f3n sea real. Visita nuestro medio informativo publicado desde Hermosillo, Sonora. %","og_url":"https:\/\/www.sonoraenequipo.com.mx\/habra-protestas-frente-al-parlamento-del-reino-unido-y-al-departamento-de-justicia-de-ee-uu-a-favor-de-julian-assange\/","og_site_name":"Sonora en Equipo.","article_publisher":"https:\/\/www.facebook.com\/SonoraEE\/","article_author":"https:\/\/www.facebook.com\/SonoraEE","article_published_time":"2022-10-08T04:55:56+00:00","og_image":[{"width":850,"height":486,"url":"https:\/\/www.sonoraenequipo.com.mx\/storage\/2022\/10\/Habra-protestas-a-favor-de-Julian-Assange-.jpg","type":"image\/jpeg"}],"author":"enequipo","twitter_card":"summary_large_image","twitter_creator":"@sonoraenequipo","twitter_site":"@sonoraenequipo","twitter_misc":{"Escrito por":"enequipo","Tiempo de lectura":"1 minuto"},"schema":{"@context":"https:\/\/schema.org","@graph":[{"@type":"Article","@id":"https:\/\/www.sonoraenequipo.com.mx\/habra-protestas-frente-al-parlamento-del-reino-unido-y-al-departamento-de-justicia-de-ee-uu-a-favor-de-julian-assange\/#article","isPartOf":{"@id":"https:\/\/www.sonoraenequipo.com.mx\/habra-protestas-frente-al-parlamento-del-reino-unido-y-al-departamento-de-justicia-de-ee-uu-a-favor-de-julian-assange\/"},"author":{"name":"enequipo","@id":"https:\/\/www.sonoraenequipo.com.mx\/#\/schema\/person\/50102df0fb23a8fa9e8effad8fa81386"},"headline":"Habr\u00e1 protestas frente al Parlamento del Reino Unido y al Departamento de Justicia de EE.UU. a favor de Julian Assange\u00a0","datePublished":"2022-10-08T04:55:56+00:00","mainEntityOfPage":{"@id":"https:\/\/www.sonoraenequipo.com.mx\/habra-protestas-frente-al-parlamento-del-reino-unido-y-al-departamento-de-justicia-de-ee-uu-a-favor-de-julian-assange\/"},"wordCount":171,"commentCount":0,"publisher":{"@id":"https:\/\/www.sonoraenequipo.com.mx\/#organization"},"image":{"@id":"https:\/\/www.sonoraenequipo.com.mx\/habra-protestas-frente-al-parlamento-del-reino-unido-y-al-departamento-de-justicia-de-ee-uu-a-favor-de-julian-assange\/#primaryimage"},"thumbnailUrl":"https:\/\/www.sonoraenequipo.com.mx\/storage\/2022\/10\/Habra-protestas-a-favor-de-Julian-Assange-.jpg","articleSection":["MUNDO"],"inLanguage":"es","potentialAction":[{"@type":"CommentAction","name":"Comment","target":["https:\/\/www.sonoraenequipo.com.mx\/habra-protestas-frente-al-parlamento-del-reino-unido-y-al-departamento-de-justicia-de-ee-uu-a-favor-de-julian-assange\/#respond"]}]},{"@type":"WebPage","@id":"https:\/\/www.sonoraenequipo.com.mx\/habra-protestas-frente-al-parlamento-del-reino-unido-y-al-departamento-de-justicia-de-ee-uu-a-favor-de-julian-assange\/","url":"https:\/\/www.sonoraenequipo.com.mx\/habra-protestas-frente-al-parlamento-del-reino-unido-y-al-departamento-de-justicia-de-ee-uu-a-favor-de-julian-assange\/","name":"Sonora en Equipo. Habr\u00e1 protestas frente al Parlamento del Reino Unido y al Departamento de Justicia de EE.UU. a favor de Julian Assange\u00a0 MUNDO","isPartOf":{"@id":"https:\/\/www.sonoraenequipo.com.mx\/#website"},"primaryImageOfPage":{"@id":"https:\/\/www.sonoraenequipo.com.mx\/habra-protestas-frente-al-parlamento-del-reino-unido-y-al-departamento-de-justicia-de-ee-uu-a-favor-de-julian-assange\/#primaryimage"},"image":{"@id":"https:\/\/www.sonoraenequipo.com.mx\/habra-protestas-frente-al-parlamento-del-reino-unido-y-al-departamento-de-justicia-de-ee-uu-a-favor-de-julian-assange\/#primaryimage"},"thumbnailUrl":"https:\/\/www.sonoraenequipo.com.mx\/storage\/2022\/10\/Habra-protestas-a-favor-de-Julian-Assange-.jpg","datePublished":"2022-10-08T04:55:56+00:00","description":"LONDRES, INGLATERRA. \u2014 En Londres, miles de simpatizantes del fundador de WikiLeaks, Julian Assange, planean formar una cadena humana frente al Parlamento En Sonora en Equipo publicamos toda la informaci\u00f3n de Sonora, M\u00e9xico y el Mundo de manera oportuna y busca que la libertad de expresi\u00f3n sea real. Visita nuestro medio informativo publicado desde Hermosillo, Sonora. %","breadcrumb":{"@id":"https:\/\/www.sonoraenequipo.com.mx\/habra-protestas-frente-al-parlamento-del-reino-unido-y-al-departamento-de-justicia-de-ee-uu-a-favor-de-julian-assange\/#breadcrumb"},"inLanguage":"es","potentialAction":[{"@type":"ReadAction","target":["https:\/\/www.sonoraenequipo.com.mx\/habra-protestas-frente-al-parlamento-del-reino-unido-y-al-departamento-de-justicia-de-ee-uu-a-favor-de-julian-assange\/"]}]},{"@type":"ImageObject","inLanguage":"es","@id":"https:\/\/www.sonoraenequipo.com.mx\/habra-protestas-frente-al-parlamento-del-reino-unido-y-al-departamento-de-justicia-de-ee-uu-a-favor-de-julian-assange\/#primaryimage","url":"https:\/\/www.sonoraenequipo.com.mx\/storage\/2022\/10\/Habra-protestas-a-favor-de-Julian-Assange-.jpg","contentUrl":"https:\/\/www.sonoraenequipo.com.mx\/storage\/2022\/10\/Habra-protestas-a-favor-de-Julian-Assange-.jpg","width":850,"height":486},{"@type":"BreadcrumbList","@id":"https:\/\/www.sonoraenequipo.com.mx\/habra-protestas-frente-al-parlamento-del-reino-unido-y-al-departamento-de-justicia-de-ee-uu-a-favor-de-julian-assange\/#breadcrumb","itemListElement":[{"@type":"ListItem","position":1,"name":"Portada","item":"https:\/\/www.sonoraenequipo.com.mx\/"},{"@type":"ListItem","position":2,"name":"Habr\u00e1 protestas frente al Parlamento del Reino Unido y al Departamento de Justicia de EE.UU. a favor de Julian Assange\u00a0"}]},{"@type":"WebSite","@id":"https:\/\/www.sonoraenequipo.com.mx\/#website","url":"https:\/\/www.sonoraenequipo.com.mx\/","name":"Sonora en Equipo.","description":"Diario en l\u00ednea con Noticias desde Hermosillo, Sonora","publisher":{"@id":"https:\/\/www.sonoraenequipo.com.mx\/#organization"},"potentialAction":[{"@type":"SearchAction","target":{"@type":"EntryPoint","urlTemplate":"https:\/\/www.sonoraenequipo.com.mx\/?s={search_term_string}"},"query-input":{"@type":"PropertyValueSpecification","valueRequired":true,"valueName":"search_term_string"}}],"inLanguage":"es"},{"@type":"Organization","@id":"https:\/\/www.sonoraenequipo.com.mx\/#organization","name":"Sonoraenequipo.com.mx","url":"https:\/\/www.sonoraenequipo.com.mx\/","logo":{"@type":"ImageObject","inLanguage":"es","@id":"https:\/\/www.sonoraenequipo.com.mx\/#\/schema\/logo\/image\/","url":"https:\/\/www.sonoraenequipo.com.mx\/storage\/2019\/01\/sonoraenequipo_opt.png","contentUrl":"https:\/\/www.sonoraenequipo.com.mx\/storage\/2019\/01\/sonoraenequipo_opt.png","width":375,"height":125,"caption":"Sonoraenequipo.com.mx"},"image":{"@id":"https:\/\/www.sonoraenequipo.com.mx\/#\/schema\/logo\/image\/"},"sameAs":["https:\/\/www.facebook.com\/SonoraEE\/","https:\/\/x.com\/sonoraenequipo","https:\/\/www.youtube.com\/channel\/UC338nW-lPEYmJQs4ZABQ1SQ"]},{"@type":"Person","@id":"https:\/\/www.sonoraenequipo.com.mx\/#\/schema\/person\/50102df0fb23a8fa9e8effad8fa81386","name":"enequipo","image":{"@type":"ImageObject","inLanguage":"es","@id":"https:\/\/www.sonoraenequipo.com.mx\/#\/schema\/person\/image\/","url":"https:\/\/secure.gravatar.com\/avatar\/049821681b589dabc0bc20695993ccebb09f5b5d4d790cd9251b97faac7c652b?s=96&d=blank&r=g","contentUrl":"https:\/\/secure.gravatar.com\/avatar\/049821681b589dabc0bc20695993ccebb09f5b5d4d790cd9251b97faac7c652b?s=96&d=blank&r=g","caption":"enequipo"},"sameAs":["https:\/\/www.facebook.com\/SonoraEE"]}]}},"jetpack_featured_media_url":"https:\/\/www.sonoraenequipo.com.mx\/storage\/2022\/10\/Habra-protestas-a-favor-de-Julian-Assange-.jpg","_links":{"self":[{"href":"https:\/\/www.sonoraenequipo.com.mx\/api\/wp\/v2\/posts\/148713","targetHints":{"allow":["GET"]}}],"collection":[{"href":"https:\/\/www.sonoraenequipo.com.mx\/api\/wp\/v2\/posts"}],"about":[{"href":"https:\/\/www.sonoraenequipo.com.mx\/api\/wp\/v2\/types\/post"}],"author":[{"embeddable":true,"href":"https:\/\/www.sonoraenequipo.com.mx\/api\/wp\/v2\/users\/1"}],"replies":[{"embeddable":true,"href":"https:\/\/www.sonoraenequipo.com.mx\/api\/wp\/v2\/comments?post=148713"}],"version-history":[{"count":1,"href":"https:\/\/www.sonoraenequipo.com.mx\/api\/wp\/v2\/posts\/148713\/revisions"}],"predecessor-version":[{"id":148715,"href":"https:\/\/www.sonoraenequipo.com.mx\/api\/wp\/v2\/posts\/148713\/revisions\/148715"}],"wp:featuredmedia":[{"embeddable":true,"href":"https:\/\/www.sonoraenequipo.com.mx\/api\/wp\/v2\/media\/148714"}],"wp:attachment":[{"href":"https:\/\/www.sonoraenequipo.com.mx\/api\/wp\/v2\/media?parent=148713"}],"wp:term":[{"taxonomy":"category","embeddable":true,"href":"https:\/\/www.sonoraenequipo.com.mx\/api\/wp\/v2\/categories?post=148713"},{"taxonomy":"post_tag","embeddable":true,"href":"https:\/\/www.sonoraenequipo.com.mx\/api\/wp\/v2\/tags?post=148713"}],"curies":[{"name":"wp","href":"https:\/\/api.w.org\/{rel}","templated":true}]}}