{"id":148748,"date":"2022-10-07T22:00:37","date_gmt":"2022-10-08T05:00:37","guid":{"rendered":"https:\/\/www.sonoraenequipo.com.mx\/?p=148748"},"modified":"2022-10-08T12:38:06","modified_gmt":"2022-10-08T19:38:06","slug":"resolvera-comision-de-vivienda-situacion-de-riesgo-en-fraccionamiento-las-terrazas-de-nogales","status":"publish","type":"post","link":"https:\/\/www.sonoraenequipo.com.mx\/resolvera-comision-de-vivienda-situacion-de-riesgo-en-fraccionamiento-las-terrazas-de-nogales\/","title":{"rendered":"Resolver\u00e1 Comisi\u00f3n de Vivienda situaci\u00f3n de riesgo en fraccionamiento Las Terrazas de Nogales"},"content":{"rendered":"<p><strong>NOGALES, SONORA. MX.\u2014<\/strong> En atenci\u00f3n a la instrucci\u00f3n directa del gobernador, Alfonso Durazo Monta\u00f1o, de resolver la situaci\u00f3n de riesgo de derrumbe que viven algunas familias del fraccionamiento Las Terrazas, en Nogales, ya se trabaja con la Coordinaci\u00f3n Estatal de Protecci\u00f3n Civil (CEPC) y empresarios locales para solucionar la problem\u00e1tica de la mejor manera, inform\u00f3 Antonio Gallardo Galaz.<\/p>\n<p>&nbsp;<\/p>\n<p> <\/p>\n<p>&nbsp;<\/p>\n<p>El director general de la Comisi\u00f3n de Vivienda del Estado de Sonora (Coves) indic\u00f3 que en reuni\u00f3n con vecinos que manifestaron sentirse afectados ante un posible derrumbe del terreno donde se ubican sus hogares, se plante\u00f3 la posibilidad de reubicarlos a una zona m\u00e1s segura para evitar poner en riesgo su integridad f\u00edsica y patrimonial.<\/p>\n<p>&nbsp;<\/p>\n<p><strong><em>\u201cLo que queremos dejar muy claro es que hay una instrucci\u00f3n directa del gobernador, Alfonso Durazo, de resolver esta situaci\u00f3n y el Gobierno de Sonora no los dejar\u00e1 solos hasta tener una soluci\u00f3n que sea satisfactoria para todos, principalmente para los habitantes de Las Terrazas, que se sienten en peligro de derrumbe\u201d,<\/em><\/strong> puntualiz\u00f3 Gallardo Galaz.<\/p>\n<p>&nbsp;<\/p>\n<p>Como primera acci\u00f3n originada de la intervenci\u00f3n del gobierno del estado, dijo, una empresa constructora ya inici\u00f3 trabajos de reforzamiento del terreno para evitar un posible derrumbe.<\/p>\n<p>&nbsp;<\/p>\n<p>El titular de Coves a\u00f1adi\u00f3 que se realizar\u00e1n peritajes y dict\u00e1menes t\u00e9cnicos para evaluar los riesgos y determinar cu\u00e1l es la mejor soluci\u00f3n para las familias ante dicha situaci\u00f3n.<\/p>\n<p>&nbsp;<\/p>\n<p>&nbsp;<\/p>\n<p>Gallardo Galaz agradeci\u00f3 a las familias y autoridades locales de Nogales por la apertura y coordinaci\u00f3n que llevar\u00e1 a resolver juntos la problem\u00e1tica expuesta por los habitantes de Las Terrazas.<\/p>\n<p>&nbsp;<\/p>\n<p>&nbsp;<\/p>\n<p>PUBLICADO EL 07\/OCTUBRE DE 2022\/Con informaci\u00f3n de GOBSON 1022-060)<\/p>\n","protected":false},"excerpt":{"rendered":"<p>NOGALES, SONORA. MX.\u2014 En atenci\u00f3n a la instrucci\u00f3n directa del gobernador, Alfonso Durazo Monta\u00f1o, de&#8230;<\/p>\n","protected":false},"author":1,"featured_media":148750,"comment_status":"open","ping_status":"open","sticky":false,"template":"","format":"standard","meta":{"_monsterinsights_skip_tracking":false,"_monsterinsights_sitenote_active":false,"_monsterinsights_sitenote_note":"","_monsterinsights_sitenote_category":0,"footnotes":""},"categories":[4,22],"tags":[],"class_list":["post"],"yoast_head":" \n<title>Sonora en Equipo. Resolver\u00e1 Comisi\u00f3n de Vivienda situaci\u00f3n de riesgo en fraccionamiento Las Terrazas de Nogales Municipios<\/title>\n<meta name=\"description\" content=\"NOGALES, SONORA. MX.\u2014 En atenci\u00f3n a la instrucci\u00f3n directa del gobernador, Alfonso Durazo Monta\u00f1o, de resolver la situaci\u00f3n de riesgo de derrumbe que En Sonora en Equipo publicamos toda la informaci\u00f3n de Sonora, M\u00e9xico y el Mundo de manera oportuna y busca que la libertad de expresi\u00f3n sea real. Visita nuestro medio informativo publicado desde Hermosillo, Sonora. %\" \/>\n<meta name=\"robots\" content=\"index, follow, max-snippet:-1, max-image-preview:large, max-video-preview:-1\" \/>\n<link rel=\"canonical\" href=\"https:\/\/www.sonoraenequipo.com.mx\/resolvera-comision-de-vivienda-situacion-de-riesgo-en-fraccionamiento-las-terrazas-de-nogales\/\" \/>\n<meta property=\"og:locale\" content=\"es_ES\" \/>\n<meta property=\"og:type\" content=\"article\" \/>\n<meta property=\"og:title\" content=\"Sonora en Equipo. Resolver\u00e1 Comisi\u00f3n de Vivienda situaci\u00f3n de riesgo en fraccionamiento Las Terrazas de Nogales Municipios\" \/>\n<meta property=\"og:description\" content=\"NOGALES, SONORA. MX.\u2014 En atenci\u00f3n a la instrucci\u00f3n directa del gobernador, Alfonso Durazo Monta\u00f1o, de resolver la situaci\u00f3n de riesgo de derrumbe que En Sonora en Equipo publicamos toda la informaci\u00f3n de Sonora, M\u00e9xico y el Mundo de manera oportuna y busca que la libertad de expresi\u00f3n sea real. Visita nuestro medio informativo publicado desde Hermosillo, Sonora. %\" \/>\n<meta property=\"og:url\" content=\"https:\/\/www.sonoraenequipo.com.mx\/resolvera-comision-de-vivienda-situacion-de-riesgo-en-fraccionamiento-las-terrazas-de-nogales\/\" \/>\n<meta property=\"og:site_name\" content=\"Sonora en Equipo.\" \/>\n<meta property=\"article:publisher\" content=\"https:\/\/www.facebook.com\/SonoraEE\/\" \/>\n<meta property=\"article:author\" content=\"https:\/\/www.facebook.com\/SonoraEE\" \/>\n<meta property=\"article:published_time\" content=\"2022-10-08T05:00:37+00:00\" \/>\n<meta property=\"article:modified_time\" content=\"2022-10-08T19:38:06+00:00\" \/>\n<meta property=\"og:image\" content=\"https:\/\/www.sonoraenequipo.com.mx\/storage\/2022\/10\/Resolvera-Comision-de-Vivienda-situacion-de-riesgo1.jpg\" \/>\n\t<meta property=\"og:image:width\" content=\"768\" \/>\n\t<meta property=\"og:image:height\" content=\"439\" \/>\n\t<meta property=\"og:image:type\" content=\"image\/jpeg\" \/>\n<meta name=\"author\" content=\"enequipo\" \/>\n<meta name=\"twitter:card\" content=\"summary_large_image\" \/>\n<meta name=\"twitter:creator\" content=\"@sonoraenequipo\" \/>\n<meta name=\"twitter:site\" content=\"@sonoraenequipo\" \/>\n<meta name=\"twitter:label1\" content=\"Escrito por\" \/>\n\t<meta name=\"twitter:data1\" content=\"enequipo\" \/>\n\t<meta name=\"twitter:label2\" content=\"Tiempo de lectura\" \/>\n\t<meta name=\"twitter:data2\" content=\"1 minuto\" \/>\n<script type=\"application\/ld+json\" class=\"yoast-schema-graph\">{\"@context\":\"https:\/\/schema.org\",\"@graph\":[{\"@type\":\"Article\",\"@id\":\"https:\/\/www.sonoraenequipo.com.mx\/resolvera-comision-de-vivienda-situacion-de-riesgo-en-fraccionamiento-las-terrazas-de-nogales\/#article\",\"isPartOf\":{\"@id\":\"https:\/\/www.sonoraenequipo.com.mx\/resolvera-comision-de-vivienda-situacion-de-riesgo-en-fraccionamiento-las-terrazas-de-nogales\/\"},\"author\":{\"name\":\"enequipo\",\"@id\":\"https:\/\/www.sonoraenequipo.com.mx\/#\/schema\/person\/50102df0fb23a8fa9e8effad8fa81386\"},\"headline\":\"Resolver\u00e1 Comisi\u00f3n de Vivienda situaci\u00f3n de riesgo en fraccionamiento Las Terrazas de Nogales\",\"datePublished\":\"2022-10-08T05:00:37+00:00\",\"dateModified\":\"2022-10-08T19:38:06+00:00\",\"mainEntityOfPage\":{\"@id\":\"https:\/\/www.sonoraenequipo.com.mx\/resolvera-comision-de-vivienda-situacion-de-riesgo-en-fraccionamiento-las-terrazas-de-nogales\/\"},\"wordCount\":313,\"commentCount\":0,\"publisher\":{\"@id\":\"https:\/\/www.sonoraenequipo.com.mx\/#organization\"},\"image\":{\"@id\":\"https:\/\/www.sonoraenequipo.com.mx\/resolvera-comision-de-vivienda-situacion-de-riesgo-en-fraccionamiento-las-terrazas-de-nogales\/#primaryimage\"},\"thumbnailUrl\":\"https:\/\/www.sonoraenequipo.com.mx\/storage\/2022\/10\/Resolvera-Comision-de-Vivienda-situacion-de-riesgo1.jpg\",\"articleSection\":[\"Municipios\",\"Sonora\"],\"inLanguage\":\"es\",\"potentialAction\":[{\"@type\":\"CommentAction\",\"name\":\"Comment\",\"target\":[\"https:\/\/www.sonoraenequipo.com.mx\/resolvera-comision-de-vivienda-situacion-de-riesgo-en-fraccionamiento-las-terrazas-de-nogales\/#respond\"]}]},{\"@type\":\"WebPage\",\"@id\":\"https:\/\/www.sonoraenequipo.com.mx\/resolvera-comision-de-vivienda-situacion-de-riesgo-en-fraccionamiento-las-terrazas-de-nogales\/\",\"url\":\"https:\/\/www.sonoraenequipo.com.mx\/resolvera-comision-de-vivienda-situacion-de-riesgo-en-fraccionamiento-las-terrazas-de-nogales\/\",\"name\":\"Sonora en Equipo. Resolver\u00e1 Comisi\u00f3n de Vivienda situaci\u00f3n de riesgo en fraccionamiento Las Terrazas de Nogales Municipios\",\"isPartOf\":{\"@id\":\"https:\/\/www.sonoraenequipo.com.mx\/#website\"},\"primaryImageOfPage\":{\"@id\":\"https:\/\/www.sonoraenequipo.com.mx\/resolvera-comision-de-vivienda-situacion-de-riesgo-en-fraccionamiento-las-terrazas-de-nogales\/#primaryimage\"},\"image\":{\"@id\":\"https:\/\/www.sonoraenequipo.com.mx\/resolvera-comision-de-vivienda-situacion-de-riesgo-en-fraccionamiento-las-terrazas-de-nogales\/#primaryimage\"},\"thumbnailUrl\":\"https:\/\/www.sonoraenequipo.com.mx\/storage\/2022\/10\/Resolvera-Comision-de-Vivienda-situacion-de-riesgo1.jpg\",\"datePublished\":\"2022-10-08T05:00:37+00:00\",\"dateModified\":\"2022-10-08T19:38:06+00:00\",\"description\":\"NOGALES, SONORA. MX.\u2014 En atenci\u00f3n a la instrucci\u00f3n directa del gobernador, Alfonso Durazo Monta\u00f1o, de resolver la situaci\u00f3n de riesgo de derrumbe que En Sonora en Equipo publicamos toda la informaci\u00f3n de Sonora, M\u00e9xico y el Mundo de manera oportuna y busca que la libertad de expresi\u00f3n sea real. Visita nuestro medio informativo publicado desde Hermosillo, Sonora. %\",\"breadcrumb\":{\"@id\":\"https:\/\/www.sonoraenequipo.com.mx\/resolvera-comision-de-vivienda-situacion-de-riesgo-en-fraccionamiento-las-terrazas-de-nogales\/#breadcrumb\"},\"inLanguage\":\"es\",\"potentialAction\":[{\"@type\":\"ReadAction\",\"target\":[\"https:\/\/www.sonoraenequipo.com.mx\/resolvera-comision-de-vivienda-situacion-de-riesgo-en-fraccionamiento-las-terrazas-de-nogales\/\"]}]},{\"@type\":\"ImageObject\",\"inLanguage\":\"es\",\"@id\":\"https:\/\/www.sonoraenequipo.com.mx\/resolvera-comision-de-vivienda-situacion-de-riesgo-en-fraccionamiento-las-terrazas-de-nogales\/#primaryimage\",\"url\":\"https:\/\/www.sonoraenequipo.com.mx\/storage\/2022\/10\/Resolvera-Comision-de-Vivienda-situacion-de-riesgo1.jpg\",\"contentUrl\":\"https:\/\/www.sonoraenequipo.com.mx\/storage\/2022\/10\/Resolvera-Comision-de-Vivienda-situacion-de-riesgo1.jpg\",\"width\":768,\"height\":439},{\"@type\":\"BreadcrumbList\",\"@id\":\"https:\/\/www.sonoraenequipo.com.mx\/resolvera-comision-de-vivienda-situacion-de-riesgo-en-fraccionamiento-las-terrazas-de-nogales\/#breadcrumb\",\"itemListElement\":[{\"@type\":\"ListItem\",\"position\":1,\"name\":\"Portada\",\"item\":\"https:\/\/www.sonoraenequipo.com.mx\/\"},{\"@type\":\"ListItem\",\"position\":2,\"name\":\"Resolver\u00e1 Comisi\u00f3n de Vivienda situaci\u00f3n de riesgo en fraccionamiento Las Terrazas de Nogales\"}]},{\"@type\":\"WebSite\",\"@id\":\"https:\/\/www.sonoraenequipo.com.mx\/#website\",\"url\":\"https:\/\/www.sonoraenequipo.com.mx\/\",\"name\":\"Sonora en Equipo.\",\"description\":\"Diario en l\u00ednea con Noticias desde Hermosillo, Sonora\",\"publisher\":{\"@id\":\"https:\/\/www.sonoraenequipo.com.mx\/#organization\"},\"potentialAction\":[{\"@type\":\"SearchAction\",\"target\":{\"@type\":\"EntryPoint\",\"urlTemplate\":\"https:\/\/www.sonoraenequipo.com.mx\/?s={search_term_string}\"},\"query-input\":{\"@type\":\"PropertyValueSpecification\",\"valueRequired\":true,\"valueName\":\"search_term_string\"}}],\"inLanguage\":\"es\"},{\"@type\":\"Organization\",\"@id\":\"https:\/\/www.sonoraenequipo.com.mx\/#organization\",\"name\":\"Sonoraenequipo.com.mx\",\"url\":\"https:\/\/www.sonoraenequipo.com.mx\/\",\"logo\":{\"@type\":\"ImageObject\",\"inLanguage\":\"es\",\"@id\":\"https:\/\/www.sonoraenequipo.com.mx\/#\/schema\/logo\/image\/\",\"url\":\"https:\/\/www.sonoraenequipo.com.mx\/storage\/2019\/01\/sonoraenequipo_opt.png\",\"contentUrl\":\"https:\/\/www.sonoraenequipo.com.mx\/storage\/2019\/01\/sonoraenequipo_opt.png\",\"width\":375,\"height\":125,\"caption\":\"Sonoraenequipo.com.mx\"},\"image\":{\"@id\":\"https:\/\/www.sonoraenequipo.com.mx\/#\/schema\/logo\/image\/\"},\"sameAs\":[\"https:\/\/www.facebook.com\/SonoraEE\/\",\"https:\/\/x.com\/sonoraenequipo\",\"https:\/\/www.youtube.com\/channel\/UC338nW-lPEYmJQs4ZABQ1SQ\"]},{\"@type\":\"Person\",\"@id\":\"https:\/\/www.sonoraenequipo.com.mx\/#\/schema\/person\/50102df0fb23a8fa9e8effad8fa81386\",\"name\":\"enequipo\",\"image\":{\"@type\":\"ImageObject\",\"inLanguage\":\"es\",\"@id\":\"https:\/\/www.sonoraenequipo.com.mx\/#\/schema\/person\/image\/\",\"url\":\"https:\/\/secure.gravatar.com\/avatar\/049821681b589dabc0bc20695993ccebb09f5b5d4d790cd9251b97faac7c652b?s=96&d=blank&r=g\",\"contentUrl\":\"https:\/\/secure.gravatar.com\/avatar\/049821681b589dabc0bc20695993ccebb09f5b5d4d790cd9251b97faac7c652b?s=96&d=blank&r=g\",\"caption\":\"enequipo\"},\"sameAs\":[\"https:\/\/www.facebook.com\/SonoraEE\"]}]}<\/script>\n ","yoast_head_json":{"title":"Sonora en Equipo. Resolver\u00e1 Comisi\u00f3n de Vivienda situaci\u00f3n de riesgo en fraccionamiento Las Terrazas de Nogales Municipios","description":"NOGALES, SONORA. MX.\u2014 En atenci\u00f3n a la instrucci\u00f3n directa del gobernador, Alfonso Durazo Monta\u00f1o, de resolver la situaci\u00f3n de riesgo de derrumbe que En Sonora en Equipo publicamos toda la informaci\u00f3n de Sonora, M\u00e9xico y el Mundo de manera oportuna y busca que la libertad de expresi\u00f3n sea real. Visita nuestro medio informativo publicado desde Hermosillo, Sonora. %","robots":{"index":"index","follow":"follow","max-snippet":"max-snippet:-1","max-image-preview":"max-image-preview:large","max-video-preview":"max-video-preview:-1"},"canonical":"https:\/\/www.sonoraenequipo.com.mx\/resolvera-comision-de-vivienda-situacion-de-riesgo-en-fraccionamiento-las-terrazas-de-nogales\/","og_locale":"es_ES","og_type":"article","og_title":"Sonora en Equipo. Resolver\u00e1 Comisi\u00f3n de Vivienda situaci\u00f3n de riesgo en fraccionamiento Las Terrazas de Nogales Municipios","og_description":"NOGALES, SONORA. MX.\u2014 En atenci\u00f3n a la instrucci\u00f3n directa del gobernador, Alfonso Durazo Monta\u00f1o, de resolver la situaci\u00f3n de riesgo de derrumbe que En Sonora en Equipo publicamos toda la informaci\u00f3n de Sonora, M\u00e9xico y el Mundo de manera oportuna y busca que la libertad de expresi\u00f3n sea real. Visita nuestro medio informativo publicado desde Hermosillo, Sonora. %","og_url":"https:\/\/www.sonoraenequipo.com.mx\/resolvera-comision-de-vivienda-situacion-de-riesgo-en-fraccionamiento-las-terrazas-de-nogales\/","og_site_name":"Sonora en Equipo.","article_publisher":"https:\/\/www.facebook.com\/SonoraEE\/","article_author":"https:\/\/www.facebook.com\/SonoraEE","article_published_time":"2022-10-08T05:00:37+00:00","article_modified_time":"2022-10-08T19:38:06+00:00","og_image":[{"width":768,"height":439,"url":"https:\/\/www.sonoraenequipo.com.mx\/storage\/2022\/10\/Resolvera-Comision-de-Vivienda-situacion-de-riesgo1.jpg","type":"image\/jpeg"}],"author":"enequipo","twitter_card":"summary_large_image","twitter_creator":"@sonoraenequipo","twitter_site":"@sonoraenequipo","twitter_misc":{"Escrito por":"enequipo","Tiempo de lectura":"1 minuto"},"schema":{"@context":"https:\/\/schema.org","@graph":[{"@type":"Article","@id":"https:\/\/www.sonoraenequipo.com.mx\/resolvera-comision-de-vivienda-situacion-de-riesgo-en-fraccionamiento-las-terrazas-de-nogales\/#article","isPartOf":{"@id":"https:\/\/www.sonoraenequipo.com.mx\/resolvera-comision-de-vivienda-situacion-de-riesgo-en-fraccionamiento-las-terrazas-de-nogales\/"},"author":{"name":"enequipo","@id":"https:\/\/www.sonoraenequipo.com.mx\/#\/schema\/person\/50102df0fb23a8fa9e8effad8fa81386"},"headline":"Resolver\u00e1 Comisi\u00f3n de Vivienda situaci\u00f3n de riesgo en fraccionamiento Las Terrazas de Nogales","datePublished":"2022-10-08T05:00:37+00:00","dateModified":"2022-10-08T19:38:06+00:00","mainEntityOfPage":{"@id":"https:\/\/www.sonoraenequipo.com.mx\/resolvera-comision-de-vivienda-situacion-de-riesgo-en-fraccionamiento-las-terrazas-de-nogales\/"},"wordCount":313,"commentCount":0,"publisher":{"@id":"https:\/\/www.sonoraenequipo.com.mx\/#organization"},"image":{"@id":"https:\/\/www.sonoraenequipo.com.mx\/resolvera-comision-de-vivienda-situacion-de-riesgo-en-fraccionamiento-las-terrazas-de-nogales\/#primaryimage"},"thumbnailUrl":"https:\/\/www.sonoraenequipo.com.mx\/storage\/2022\/10\/Resolvera-Comision-de-Vivienda-situacion-de-riesgo1.jpg","articleSection":["Municipios","Sonora"],"inLanguage":"es","potentialAction":[{"@type":"CommentAction","name":"Comment","target":["https:\/\/www.sonoraenequipo.com.mx\/resolvera-comision-de-vivienda-situacion-de-riesgo-en-fraccionamiento-las-terrazas-de-nogales\/#respond"]}]},{"@type":"WebPage","@id":"https:\/\/www.sonoraenequipo.com.mx\/resolvera-comision-de-vivienda-situacion-de-riesgo-en-fraccionamiento-las-terrazas-de-nogales\/","url":"https:\/\/www.sonoraenequipo.com.mx\/resolvera-comision-de-vivienda-situacion-de-riesgo-en-fraccionamiento-las-terrazas-de-nogales\/","name":"Sonora en Equipo. Resolver\u00e1 Comisi\u00f3n de Vivienda situaci\u00f3n de riesgo en fraccionamiento Las Terrazas de Nogales Municipios","isPartOf":{"@id":"https:\/\/www.sonoraenequipo.com.mx\/#website"},"primaryImageOfPage":{"@id":"https:\/\/www.sonoraenequipo.com.mx\/resolvera-comision-de-vivienda-situacion-de-riesgo-en-fraccionamiento-las-terrazas-de-nogales\/#primaryimage"},"image":{"@id":"https:\/\/www.sonoraenequipo.com.mx\/resolvera-comision-de-vivienda-situacion-de-riesgo-en-fraccionamiento-las-terrazas-de-nogales\/#primaryimage"},"thumbnailUrl":"https:\/\/www.sonoraenequipo.com.mx\/storage\/2022\/10\/Resolvera-Comision-de-Vivienda-situacion-de-riesgo1.jpg","datePublished":"2022-10-08T05:00:37+00:00","dateModified":"2022-10-08T19:38:06+00:00","description":"NOGALES, SONORA. MX.\u2014 En atenci\u00f3n a la instrucci\u00f3n directa del gobernador, Alfonso Durazo Monta\u00f1o, de resolver la situaci\u00f3n de riesgo de derrumbe que En Sonora en Equipo publicamos toda la informaci\u00f3n de Sonora, M\u00e9xico y el Mundo de manera oportuna y busca que la libertad de expresi\u00f3n sea real. Visita nuestro medio informativo publicado desde Hermosillo, Sonora. %","breadcrumb":{"@id":"https:\/\/www.sonoraenequipo.com.mx\/resolvera-comision-de-vivienda-situacion-de-riesgo-en-fraccionamiento-las-terrazas-de-nogales\/#breadcrumb"},"inLanguage":"es","potentialAction":[{"@type":"ReadAction","target":["https:\/\/www.sonoraenequipo.com.mx\/resolvera-comision-de-vivienda-situacion-de-riesgo-en-fraccionamiento-las-terrazas-de-nogales\/"]}]},{"@type":"ImageObject","inLanguage":"es","@id":"https:\/\/www.sonoraenequipo.com.mx\/resolvera-comision-de-vivienda-situacion-de-riesgo-en-fraccionamiento-las-terrazas-de-nogales\/#primaryimage","url":"https:\/\/www.sonoraenequipo.com.mx\/storage\/2022\/10\/Resolvera-Comision-de-Vivienda-situacion-de-riesgo1.jpg","contentUrl":"https:\/\/www.sonoraenequipo.com.mx\/storage\/2022\/10\/Resolvera-Comision-de-Vivienda-situacion-de-riesgo1.jpg","width":768,"height":439},{"@type":"BreadcrumbList","@id":"https:\/\/www.sonoraenequipo.com.mx\/resolvera-comision-de-vivienda-situacion-de-riesgo-en-fraccionamiento-las-terrazas-de-nogales\/#breadcrumb","itemListElement":[{"@type":"ListItem","position":1,"name":"Portada","item":"https:\/\/www.sonoraenequipo.com.mx\/"},{"@type":"ListItem","position":2,"name":"Resolver\u00e1 Comisi\u00f3n de Vivienda situaci\u00f3n de riesgo en fraccionamiento Las Terrazas de Nogales"}]},{"@type":"WebSite","@id":"https:\/\/www.sonoraenequipo.com.mx\/#website","url":"https:\/\/www.sonoraenequipo.com.mx\/","name":"Sonora en Equipo.","description":"Diario en l\u00ednea con Noticias desde Hermosillo, Sonora","publisher":{"@id":"https:\/\/www.sonoraenequipo.com.mx\/#organization"},"potentialAction":[{"@type":"SearchAction","target":{"@type":"EntryPoint","urlTemplate":"https:\/\/www.sonoraenequipo.com.mx\/?s={search_term_string}"},"query-input":{"@type":"PropertyValueSpecification","valueRequired":true,"valueName":"search_term_string"}}],"inLanguage":"es"},{"@type":"Organization","@id":"https:\/\/www.sonoraenequipo.com.mx\/#organization","name":"Sonoraenequipo.com.mx","url":"https:\/\/www.sonoraenequipo.com.mx\/","logo":{"@type":"ImageObject","inLanguage":"es","@id":"https:\/\/www.sonoraenequipo.com.mx\/#\/schema\/logo\/image\/","url":"https:\/\/www.sonoraenequipo.com.mx\/storage\/2019\/01\/sonoraenequipo_opt.png","contentUrl":"https:\/\/www.sonoraenequipo.com.mx\/storage\/2019\/01\/sonoraenequipo_opt.png","width":375,"height":125,"caption":"Sonoraenequipo.com.mx"},"image":{"@id":"https:\/\/www.sonoraenequipo.com.mx\/#\/schema\/logo\/image\/"},"sameAs":["https:\/\/www.facebook.com\/SonoraEE\/","https:\/\/x.com\/sonoraenequipo","https:\/\/www.youtube.com\/channel\/UC338nW-lPEYmJQs4ZABQ1SQ"]},{"@type":"Person","@id":"https:\/\/www.sonoraenequipo.com.mx\/#\/schema\/person\/50102df0fb23a8fa9e8effad8fa81386","name":"enequipo","image":{"@type":"ImageObject","inLanguage":"es","@id":"https:\/\/www.sonoraenequipo.com.mx\/#\/schema\/person\/image\/","url":"https:\/\/secure.gravatar.com\/avatar\/049821681b589dabc0bc20695993ccebb09f5b5d4d790cd9251b97faac7c652b?s=96&d=blank&r=g","contentUrl":"https:\/\/secure.gravatar.com\/avatar\/049821681b589dabc0bc20695993ccebb09f5b5d4d790cd9251b97faac7c652b?s=96&d=blank&r=g","caption":"enequipo"},"sameAs":["https:\/\/www.facebook.com\/SonoraEE"]}]}},"jetpack_featured_media_url":"https:\/\/www.sonoraenequipo.com.mx\/storage\/2022\/10\/Resolvera-Comision-de-Vivienda-situacion-de-riesgo1.jpg","_links":{"self":[{"href":"https:\/\/www.sonoraenequipo.com.mx\/api\/wp\/v2\/posts\/148748","targetHints":{"allow":["GET"]}}],"collection":[{"href":"https:\/\/www.sonoraenequipo.com.mx\/api\/wp\/v2\/posts"}],"about":[{"href":"https:\/\/www.sonoraenequipo.com.mx\/api\/wp\/v2\/types\/post"}],"author":[{"embeddable":true,"href":"https:\/\/www.sonoraenequipo.com.mx\/api\/wp\/v2\/users\/1"}],"replies":[{"embeddable":true,"href":"https:\/\/www.sonoraenequipo.com.mx\/api\/wp\/v2\/comments?post=148748"}],"version-history":[{"count":1,"href":"https:\/\/www.sonoraenequipo.com.mx\/api\/wp\/v2\/posts\/148748\/revisions"}],"predecessor-version":[{"id":148751,"href":"https:\/\/www.sonoraenequipo.com.mx\/api\/wp\/v2\/posts\/148748\/revisions\/148751"}],"wp:featuredmedia":[{"embeddable":true,"href":"https:\/\/www.sonoraenequipo.com.mx\/api\/wp\/v2\/media\/148750"}],"wp:attachment":[{"href":"https:\/\/www.sonoraenequipo.com.mx\/api\/wp\/v2\/media?parent=148748"}],"wp:term":[{"taxonomy":"category","embeddable":true,"href":"https:\/\/www.sonoraenequipo.com.mx\/api\/wp\/v2\/categories?post=148748"},{"taxonomy":"post_tag","embeddable":true,"href":"https:\/\/www.sonoraenequipo.com.mx\/api\/wp\/v2\/tags?post=148748"}],"curies":[{"name":"wp","href":"https:\/\/api.w.org\/{rel}","templated":true}]}}