{"id":148811,"date":"2022-10-08T20:36:33","date_gmt":"2022-10-09T03:36:33","guid":{"rendered":"https:\/\/www.sonoraenequipo.com.mx\/?p=148811"},"modified":"2022-10-09T10:43:56","modified_gmt":"2022-10-09T17:43:56","slug":"claudia-sheinbaum-rinde-mensaje-por-iv-informe-de-gobierno-en-coyoacan","status":"publish","type":"post","link":"https:\/\/www.sonoraenequipo.com.mx\/claudia-sheinbaum-rinde-mensaje-por-iv-informe-de-gobierno-en-coyoacan\/","title":{"rendered":"Claudia Sheinbaum rinde mensaje por IV Informe de Gobierno en Coyoac\u00e1n"},"content":{"rendered":"<p><strong>CDMX. M\u00c9XICO. \u2014<\/strong> Como parte de su recorrido por las 16 alcald\u00edas de la Ciudad de M\u00e9xico, la jefa de Gobierno, Claudia Sheinbaum, visit\u00f3 este s\u00e1bado Coyoac\u00e1n para rendir su Cuarto Informe de Gobierno.<\/p>\n<p>&nbsp;<\/p>\n<p> <\/p>\n<p>&nbsp;<\/p>\n<p>Cientos de personas ya la esperaban en el Jard\u00edn Hidalgo.<\/p>\n<p>&nbsp;<\/p>\n<p>Entr\u00f3 saludando a los asistentes que se encontraban detr\u00e1s de las vallas. Algunos le regalaron ramos de flores<\/p>\n<p>&nbsp;<\/p>\n<p>En esta alcald\u00eda, destac\u00f3 la reducci\u00f3n de los delitos de alto impacto.<\/p>\n<p>&nbsp;<\/p>\n<p><strong><em>\u201cEl peor momento de Coyoac\u00e1n fue octubre del 2018, se comet\u00edan 210 delitos al d\u00eda o por lo menos se denunciaba 210 delitos al d\u00eda, ahora en septiembre del 2022, en promedio estamos en 87 delitos de alto impacto al d\u00eda, es decir, es una reducci\u00f3n muy significativa y eso se hace pues con un proyecto integral, con mucha colaboraci\u00f3n con las alcald\u00edas, mucha coordinaci\u00f3n con los ciudadanos, con ustedes, ahora vamos a ir a formar comisiones de seguridad ciudadana ya que pas\u00f3 la pandemia por completo porque queremos todav\u00eda mejorar m\u00e1s la seguridad en la ciudad y particularmente en Coyoac\u00e1n\u201d<\/em><\/strong>, dijo Claudia Sheinbaum, jefa de Gobierno de la Ciudad de M\u00e9xico.<\/p>\n<p>&nbsp;<\/p>\n<p>&nbsp;<\/p>\n<p>Adem\u00e1s, destac\u00f3 que Coyoac\u00e1n es una de las alcald\u00edas donde va m\u00e1s avanzada la reconstrucci\u00f3n de las viviendas y edificios da\u00f1ados por el sismo del 2017.<\/p>\n<p>&nbsp;<\/p>\n<p>Tambi\u00e9n resalt\u00f3 los avances de su Gobierno en materia de educaci\u00f3n, salud y movilidad, en las distintas colonias de la ciudad.<\/p>\n<p>&nbsp;<\/p>\n<p>PUBLICADO EL 08\/OCTUBRE DE 2022)<\/p>\n","protected":false},"excerpt":{"rendered":"<p>CDMX. M\u00c9XICO. \u2014 Como parte de su recorrido por las 16 alcald\u00edas de la Ciudad&#8230;<\/p>\n","protected":false},"author":1,"featured_media":148812,"comment_status":"open","ping_status":"open","sticky":false,"template":"","format":"standard","meta":{"_monsterinsights_skip_tracking":false,"_monsterinsights_sitenote_active":false,"_monsterinsights_sitenote_note":"","_monsterinsights_sitenote_category":0,"footnotes":""},"categories":[5],"tags":[],"class_list":["post"],"yoast_head":" \n<title>Sonora en Equipo. Claudia Sheinbaum rinde mensaje por IV Informe de Gobierno en Coyoac\u00e1n Rep\u00fablica<\/title>\n<meta name=\"description\" content=\"CDMX. M\u00c9XICO. \u2014 Como parte de su recorrido por las 16 alcald\u00edas de la Ciudad de M\u00e9xico, la jefa de Gobierno, Claudia Sheinbaum, visit\u00f3 este s\u00e1bado En Sonora en Equipo publicamos toda la informaci\u00f3n de Sonora, M\u00e9xico y el Mundo de manera oportuna y busca que la libertad de expresi\u00f3n sea real. Visita nuestro medio informativo publicado desde Hermosillo, Sonora. %\" \/>\n<meta name=\"robots\" content=\"index, follow, max-snippet:-1, max-image-preview:large, max-video-preview:-1\" \/>\n<link rel=\"canonical\" href=\"https:\/\/www.sonoraenequipo.com.mx\/claudia-sheinbaum-rinde-mensaje-por-iv-informe-de-gobierno-en-coyoacan\/\" \/>\n<meta property=\"og:locale\" content=\"es_ES\" \/>\n<meta property=\"og:type\" content=\"article\" \/>\n<meta property=\"og:title\" content=\"Sonora en Equipo. Claudia Sheinbaum rinde mensaje por IV Informe de Gobierno en Coyoac\u00e1n Rep\u00fablica\" \/>\n<meta property=\"og:description\" content=\"CDMX. M\u00c9XICO. \u2014 Como parte de su recorrido por las 16 alcald\u00edas de la Ciudad de M\u00e9xico, la jefa de Gobierno, Claudia Sheinbaum, visit\u00f3 este s\u00e1bado En Sonora en Equipo publicamos toda la informaci\u00f3n de Sonora, M\u00e9xico y el Mundo de manera oportuna y busca que la libertad de expresi\u00f3n sea real. Visita nuestro medio informativo publicado desde Hermosillo, Sonora. %\" \/>\n<meta property=\"og:url\" content=\"https:\/\/www.sonoraenequipo.com.mx\/claudia-sheinbaum-rinde-mensaje-por-iv-informe-de-gobierno-en-coyoacan\/\" \/>\n<meta property=\"og:site_name\" content=\"Sonora en Equipo.\" \/>\n<meta property=\"article:publisher\" content=\"https:\/\/www.facebook.com\/SonoraEE\/\" \/>\n<meta property=\"article:author\" content=\"https:\/\/www.facebook.com\/SonoraEE\" \/>\n<meta property=\"article:published_time\" content=\"2022-10-09T03:36:33+00:00\" \/>\n<meta property=\"article:modified_time\" content=\"2022-10-09T17:43:56+00:00\" \/>\n<meta property=\"og:image\" content=\"https:\/\/www.sonoraenequipo.com.mx\/storage\/2022\/10\/Sheinbaum-informe-coyoacan.jpg\" \/>\n\t<meta property=\"og:image:width\" content=\"900\" \/>\n\t<meta property=\"og:image:height\" content=\"514\" \/>\n\t<meta property=\"og:image:type\" content=\"image\/jpeg\" \/>\n<meta name=\"author\" content=\"enequipo\" \/>\n<meta name=\"twitter:card\" content=\"summary_large_image\" \/>\n<meta name=\"twitter:creator\" content=\"@sonoraenequipo\" \/>\n<meta name=\"twitter:site\" content=\"@sonoraenequipo\" \/>\n<meta name=\"twitter:label1\" content=\"Escrito por\" \/>\n\t<meta name=\"twitter:data1\" content=\"enequipo\" \/>\n\t<meta name=\"twitter:label2\" content=\"Tiempo de lectura\" \/>\n\t<meta name=\"twitter:data2\" content=\"1 minuto\" \/>\n<script type=\"application\/ld+json\" class=\"yoast-schema-graph\">{\"@context\":\"https:\/\/schema.org\",\"@graph\":[{\"@type\":\"Article\",\"@id\":\"https:\/\/www.sonoraenequipo.com.mx\/claudia-sheinbaum-rinde-mensaje-por-iv-informe-de-gobierno-en-coyoacan\/#article\",\"isPartOf\":{\"@id\":\"https:\/\/www.sonoraenequipo.com.mx\/claudia-sheinbaum-rinde-mensaje-por-iv-informe-de-gobierno-en-coyoacan\/\"},\"author\":{\"name\":\"enequipo\",\"@id\":\"https:\/\/www.sonoraenequipo.com.mx\/#\/schema\/person\/50102df0fb23a8fa9e8effad8fa81386\"},\"headline\":\"Claudia Sheinbaum rinde mensaje por IV Informe de Gobierno en Coyoac\u00e1n\",\"datePublished\":\"2022-10-09T03:36:33+00:00\",\"dateModified\":\"2022-10-09T17:43:56+00:00\",\"mainEntityOfPage\":{\"@id\":\"https:\/\/www.sonoraenequipo.com.mx\/claudia-sheinbaum-rinde-mensaje-por-iv-informe-de-gobierno-en-coyoacan\/\"},\"wordCount\":280,\"commentCount\":0,\"publisher\":{\"@id\":\"https:\/\/www.sonoraenequipo.com.mx\/#organization\"},\"image\":{\"@id\":\"https:\/\/www.sonoraenequipo.com.mx\/claudia-sheinbaum-rinde-mensaje-por-iv-informe-de-gobierno-en-coyoacan\/#primaryimage\"},\"thumbnailUrl\":\"https:\/\/www.sonoraenequipo.com.mx\/storage\/2022\/10\/Sheinbaum-informe-coyoacan.jpg\",\"articleSection\":[\"Rep\u00fablica\"],\"inLanguage\":\"es\",\"potentialAction\":[{\"@type\":\"CommentAction\",\"name\":\"Comment\",\"target\":[\"https:\/\/www.sonoraenequipo.com.mx\/claudia-sheinbaum-rinde-mensaje-por-iv-informe-de-gobierno-en-coyoacan\/#respond\"]}]},{\"@type\":\"WebPage\",\"@id\":\"https:\/\/www.sonoraenequipo.com.mx\/claudia-sheinbaum-rinde-mensaje-por-iv-informe-de-gobierno-en-coyoacan\/\",\"url\":\"https:\/\/www.sonoraenequipo.com.mx\/claudia-sheinbaum-rinde-mensaje-por-iv-informe-de-gobierno-en-coyoacan\/\",\"name\":\"Sonora en Equipo. Claudia Sheinbaum rinde mensaje por IV Informe de Gobierno en Coyoac\u00e1n Rep\u00fablica\",\"isPartOf\":{\"@id\":\"https:\/\/www.sonoraenequipo.com.mx\/#website\"},\"primaryImageOfPage\":{\"@id\":\"https:\/\/www.sonoraenequipo.com.mx\/claudia-sheinbaum-rinde-mensaje-por-iv-informe-de-gobierno-en-coyoacan\/#primaryimage\"},\"image\":{\"@id\":\"https:\/\/www.sonoraenequipo.com.mx\/claudia-sheinbaum-rinde-mensaje-por-iv-informe-de-gobierno-en-coyoacan\/#primaryimage\"},\"thumbnailUrl\":\"https:\/\/www.sonoraenequipo.com.mx\/storage\/2022\/10\/Sheinbaum-informe-coyoacan.jpg\",\"datePublished\":\"2022-10-09T03:36:33+00:00\",\"dateModified\":\"2022-10-09T17:43:56+00:00\",\"description\":\"CDMX. M\u00c9XICO. \u2014 Como parte de su recorrido por las 16 alcald\u00edas de la Ciudad de M\u00e9xico, la jefa de Gobierno, Claudia Sheinbaum, visit\u00f3 este s\u00e1bado En Sonora en Equipo publicamos toda la informaci\u00f3n de Sonora, M\u00e9xico y el Mundo de manera oportuna y busca que la libertad de expresi\u00f3n sea real. Visita nuestro medio informativo publicado desde Hermosillo, Sonora. %\",\"breadcrumb\":{\"@id\":\"https:\/\/www.sonoraenequipo.com.mx\/claudia-sheinbaum-rinde-mensaje-por-iv-informe-de-gobierno-en-coyoacan\/#breadcrumb\"},\"inLanguage\":\"es\",\"potentialAction\":[{\"@type\":\"ReadAction\",\"target\":[\"https:\/\/www.sonoraenequipo.com.mx\/claudia-sheinbaum-rinde-mensaje-por-iv-informe-de-gobierno-en-coyoacan\/\"]}]},{\"@type\":\"ImageObject\",\"inLanguage\":\"es\",\"@id\":\"https:\/\/www.sonoraenequipo.com.mx\/claudia-sheinbaum-rinde-mensaje-por-iv-informe-de-gobierno-en-coyoacan\/#primaryimage\",\"url\":\"https:\/\/www.sonoraenequipo.com.mx\/storage\/2022\/10\/Sheinbaum-informe-coyoacan.jpg\",\"contentUrl\":\"https:\/\/www.sonoraenequipo.com.mx\/storage\/2022\/10\/Sheinbaum-informe-coyoacan.jpg\",\"width\":900,\"height\":514},{\"@type\":\"BreadcrumbList\",\"@id\":\"https:\/\/www.sonoraenequipo.com.mx\/claudia-sheinbaum-rinde-mensaje-por-iv-informe-de-gobierno-en-coyoacan\/#breadcrumb\",\"itemListElement\":[{\"@type\":\"ListItem\",\"position\":1,\"name\":\"Portada\",\"item\":\"https:\/\/www.sonoraenequipo.com.mx\/\"},{\"@type\":\"ListItem\",\"position\":2,\"name\":\"Claudia Sheinbaum rinde mensaje por IV Informe de Gobierno en Coyoac\u00e1n\"}]},{\"@type\":\"WebSite\",\"@id\":\"https:\/\/www.sonoraenequipo.com.mx\/#website\",\"url\":\"https:\/\/www.sonoraenequipo.com.mx\/\",\"name\":\"Sonora en Equipo.\",\"description\":\"Diario en l\u00ednea con Noticias desde Hermosillo, Sonora\",\"publisher\":{\"@id\":\"https:\/\/www.sonoraenequipo.com.mx\/#organization\"},\"potentialAction\":[{\"@type\":\"SearchAction\",\"target\":{\"@type\":\"EntryPoint\",\"urlTemplate\":\"https:\/\/www.sonoraenequipo.com.mx\/?s={search_term_string}\"},\"query-input\":{\"@type\":\"PropertyValueSpecification\",\"valueRequired\":true,\"valueName\":\"search_term_string\"}}],\"inLanguage\":\"es\"},{\"@type\":\"Organization\",\"@id\":\"https:\/\/www.sonoraenequipo.com.mx\/#organization\",\"name\":\"Sonoraenequipo.com.mx\",\"url\":\"https:\/\/www.sonoraenequipo.com.mx\/\",\"logo\":{\"@type\":\"ImageObject\",\"inLanguage\":\"es\",\"@id\":\"https:\/\/www.sonoraenequipo.com.mx\/#\/schema\/logo\/image\/\",\"url\":\"https:\/\/www.sonoraenequipo.com.mx\/storage\/2019\/01\/sonoraenequipo_opt.png\",\"contentUrl\":\"https:\/\/www.sonoraenequipo.com.mx\/storage\/2019\/01\/sonoraenequipo_opt.png\",\"width\":375,\"height\":125,\"caption\":\"Sonoraenequipo.com.mx\"},\"image\":{\"@id\":\"https:\/\/www.sonoraenequipo.com.mx\/#\/schema\/logo\/image\/\"},\"sameAs\":[\"https:\/\/www.facebook.com\/SonoraEE\/\",\"https:\/\/x.com\/sonoraenequipo\",\"https:\/\/www.youtube.com\/channel\/UC338nW-lPEYmJQs4ZABQ1SQ\"]},{\"@type\":\"Person\",\"@id\":\"https:\/\/www.sonoraenequipo.com.mx\/#\/schema\/person\/50102df0fb23a8fa9e8effad8fa81386\",\"name\":\"enequipo\",\"image\":{\"@type\":\"ImageObject\",\"inLanguage\":\"es\",\"@id\":\"https:\/\/www.sonoraenequipo.com.mx\/#\/schema\/person\/image\/\",\"url\":\"https:\/\/secure.gravatar.com\/avatar\/049821681b589dabc0bc20695993ccebb09f5b5d4d790cd9251b97faac7c652b?s=96&d=blank&r=g\",\"contentUrl\":\"https:\/\/secure.gravatar.com\/avatar\/049821681b589dabc0bc20695993ccebb09f5b5d4d790cd9251b97faac7c652b?s=96&d=blank&r=g\",\"caption\":\"enequipo\"},\"sameAs\":[\"https:\/\/www.facebook.com\/SonoraEE\"]}]}<\/script>\n ","yoast_head_json":{"title":"Sonora en Equipo. Claudia Sheinbaum rinde mensaje por IV Informe de Gobierno en Coyoac\u00e1n Rep\u00fablica","description":"CDMX. M\u00c9XICO. \u2014 Como parte de su recorrido por las 16 alcald\u00edas de la Ciudad de M\u00e9xico, la jefa de Gobierno, Claudia Sheinbaum, visit\u00f3 este s\u00e1bado En Sonora en Equipo publicamos toda la informaci\u00f3n de Sonora, M\u00e9xico y el Mundo de manera oportuna y busca que la libertad de expresi\u00f3n sea real. Visita nuestro medio informativo publicado desde Hermosillo, Sonora. %","robots":{"index":"index","follow":"follow","max-snippet":"max-snippet:-1","max-image-preview":"max-image-preview:large","max-video-preview":"max-video-preview:-1"},"canonical":"https:\/\/www.sonoraenequipo.com.mx\/claudia-sheinbaum-rinde-mensaje-por-iv-informe-de-gobierno-en-coyoacan\/","og_locale":"es_ES","og_type":"article","og_title":"Sonora en Equipo. Claudia Sheinbaum rinde mensaje por IV Informe de Gobierno en Coyoac\u00e1n Rep\u00fablica","og_description":"CDMX. M\u00c9XICO. \u2014 Como parte de su recorrido por las 16 alcald\u00edas de la Ciudad de M\u00e9xico, la jefa de Gobierno, Claudia Sheinbaum, visit\u00f3 este s\u00e1bado En Sonora en Equipo publicamos toda la informaci\u00f3n de Sonora, M\u00e9xico y el Mundo de manera oportuna y busca que la libertad de expresi\u00f3n sea real. Visita nuestro medio informativo publicado desde Hermosillo, Sonora. %","og_url":"https:\/\/www.sonoraenequipo.com.mx\/claudia-sheinbaum-rinde-mensaje-por-iv-informe-de-gobierno-en-coyoacan\/","og_site_name":"Sonora en Equipo.","article_publisher":"https:\/\/www.facebook.com\/SonoraEE\/","article_author":"https:\/\/www.facebook.com\/SonoraEE","article_published_time":"2022-10-09T03:36:33+00:00","article_modified_time":"2022-10-09T17:43:56+00:00","og_image":[{"width":900,"height":514,"url":"https:\/\/www.sonoraenequipo.com.mx\/storage\/2022\/10\/Sheinbaum-informe-coyoacan.jpg","type":"image\/jpeg"}],"author":"enequipo","twitter_card":"summary_large_image","twitter_creator":"@sonoraenequipo","twitter_site":"@sonoraenequipo","twitter_misc":{"Escrito por":"enequipo","Tiempo de lectura":"1 minuto"},"schema":{"@context":"https:\/\/schema.org","@graph":[{"@type":"Article","@id":"https:\/\/www.sonoraenequipo.com.mx\/claudia-sheinbaum-rinde-mensaje-por-iv-informe-de-gobierno-en-coyoacan\/#article","isPartOf":{"@id":"https:\/\/www.sonoraenequipo.com.mx\/claudia-sheinbaum-rinde-mensaje-por-iv-informe-de-gobierno-en-coyoacan\/"},"author":{"name":"enequipo","@id":"https:\/\/www.sonoraenequipo.com.mx\/#\/schema\/person\/50102df0fb23a8fa9e8effad8fa81386"},"headline":"Claudia Sheinbaum rinde mensaje por IV Informe de Gobierno en Coyoac\u00e1n","datePublished":"2022-10-09T03:36:33+00:00","dateModified":"2022-10-09T17:43:56+00:00","mainEntityOfPage":{"@id":"https:\/\/www.sonoraenequipo.com.mx\/claudia-sheinbaum-rinde-mensaje-por-iv-informe-de-gobierno-en-coyoacan\/"},"wordCount":280,"commentCount":0,"publisher":{"@id":"https:\/\/www.sonoraenequipo.com.mx\/#organization"},"image":{"@id":"https:\/\/www.sonoraenequipo.com.mx\/claudia-sheinbaum-rinde-mensaje-por-iv-informe-de-gobierno-en-coyoacan\/#primaryimage"},"thumbnailUrl":"https:\/\/www.sonoraenequipo.com.mx\/storage\/2022\/10\/Sheinbaum-informe-coyoacan.jpg","articleSection":["Rep\u00fablica"],"inLanguage":"es","potentialAction":[{"@type":"CommentAction","name":"Comment","target":["https:\/\/www.sonoraenequipo.com.mx\/claudia-sheinbaum-rinde-mensaje-por-iv-informe-de-gobierno-en-coyoacan\/#respond"]}]},{"@type":"WebPage","@id":"https:\/\/www.sonoraenequipo.com.mx\/claudia-sheinbaum-rinde-mensaje-por-iv-informe-de-gobierno-en-coyoacan\/","url":"https:\/\/www.sonoraenequipo.com.mx\/claudia-sheinbaum-rinde-mensaje-por-iv-informe-de-gobierno-en-coyoacan\/","name":"Sonora en Equipo. Claudia Sheinbaum rinde mensaje por IV Informe de Gobierno en Coyoac\u00e1n Rep\u00fablica","isPartOf":{"@id":"https:\/\/www.sonoraenequipo.com.mx\/#website"},"primaryImageOfPage":{"@id":"https:\/\/www.sonoraenequipo.com.mx\/claudia-sheinbaum-rinde-mensaje-por-iv-informe-de-gobierno-en-coyoacan\/#primaryimage"},"image":{"@id":"https:\/\/www.sonoraenequipo.com.mx\/claudia-sheinbaum-rinde-mensaje-por-iv-informe-de-gobierno-en-coyoacan\/#primaryimage"},"thumbnailUrl":"https:\/\/www.sonoraenequipo.com.mx\/storage\/2022\/10\/Sheinbaum-informe-coyoacan.jpg","datePublished":"2022-10-09T03:36:33+00:00","dateModified":"2022-10-09T17:43:56+00:00","description":"CDMX. M\u00c9XICO. \u2014 Como parte de su recorrido por las 16 alcald\u00edas de la Ciudad de M\u00e9xico, la jefa de Gobierno, Claudia Sheinbaum, visit\u00f3 este s\u00e1bado En Sonora en Equipo publicamos toda la informaci\u00f3n de Sonora, M\u00e9xico y el Mundo de manera oportuna y busca que la libertad de expresi\u00f3n sea real. Visita nuestro medio informativo publicado desde Hermosillo, Sonora. %","breadcrumb":{"@id":"https:\/\/www.sonoraenequipo.com.mx\/claudia-sheinbaum-rinde-mensaje-por-iv-informe-de-gobierno-en-coyoacan\/#breadcrumb"},"inLanguage":"es","potentialAction":[{"@type":"ReadAction","target":["https:\/\/www.sonoraenequipo.com.mx\/claudia-sheinbaum-rinde-mensaje-por-iv-informe-de-gobierno-en-coyoacan\/"]}]},{"@type":"ImageObject","inLanguage":"es","@id":"https:\/\/www.sonoraenequipo.com.mx\/claudia-sheinbaum-rinde-mensaje-por-iv-informe-de-gobierno-en-coyoacan\/#primaryimage","url":"https:\/\/www.sonoraenequipo.com.mx\/storage\/2022\/10\/Sheinbaum-informe-coyoacan.jpg","contentUrl":"https:\/\/www.sonoraenequipo.com.mx\/storage\/2022\/10\/Sheinbaum-informe-coyoacan.jpg","width":900,"height":514},{"@type":"BreadcrumbList","@id":"https:\/\/www.sonoraenequipo.com.mx\/claudia-sheinbaum-rinde-mensaje-por-iv-informe-de-gobierno-en-coyoacan\/#breadcrumb","itemListElement":[{"@type":"ListItem","position":1,"name":"Portada","item":"https:\/\/www.sonoraenequipo.com.mx\/"},{"@type":"ListItem","position":2,"name":"Claudia Sheinbaum rinde mensaje por IV Informe de Gobierno en Coyoac\u00e1n"}]},{"@type":"WebSite","@id":"https:\/\/www.sonoraenequipo.com.mx\/#website","url":"https:\/\/www.sonoraenequipo.com.mx\/","name":"Sonora en Equipo.","description":"Diario en l\u00ednea con Noticias desde Hermosillo, Sonora","publisher":{"@id":"https:\/\/www.sonoraenequipo.com.mx\/#organization"},"potentialAction":[{"@type":"SearchAction","target":{"@type":"EntryPoint","urlTemplate":"https:\/\/www.sonoraenequipo.com.mx\/?s={search_term_string}"},"query-input":{"@type":"PropertyValueSpecification","valueRequired":true,"valueName":"search_term_string"}}],"inLanguage":"es"},{"@type":"Organization","@id":"https:\/\/www.sonoraenequipo.com.mx\/#organization","name":"Sonoraenequipo.com.mx","url":"https:\/\/www.sonoraenequipo.com.mx\/","logo":{"@type":"ImageObject","inLanguage":"es","@id":"https:\/\/www.sonoraenequipo.com.mx\/#\/schema\/logo\/image\/","url":"https:\/\/www.sonoraenequipo.com.mx\/storage\/2019\/01\/sonoraenequipo_opt.png","contentUrl":"https:\/\/www.sonoraenequipo.com.mx\/storage\/2019\/01\/sonoraenequipo_opt.png","width":375,"height":125,"caption":"Sonoraenequipo.com.mx"},"image":{"@id":"https:\/\/www.sonoraenequipo.com.mx\/#\/schema\/logo\/image\/"},"sameAs":["https:\/\/www.facebook.com\/SonoraEE\/","https:\/\/x.com\/sonoraenequipo","https:\/\/www.youtube.com\/channel\/UC338nW-lPEYmJQs4ZABQ1SQ"]},{"@type":"Person","@id":"https:\/\/www.sonoraenequipo.com.mx\/#\/schema\/person\/50102df0fb23a8fa9e8effad8fa81386","name":"enequipo","image":{"@type":"ImageObject","inLanguage":"es","@id":"https:\/\/www.sonoraenequipo.com.mx\/#\/schema\/person\/image\/","url":"https:\/\/secure.gravatar.com\/avatar\/049821681b589dabc0bc20695993ccebb09f5b5d4d790cd9251b97faac7c652b?s=96&d=blank&r=g","contentUrl":"https:\/\/secure.gravatar.com\/avatar\/049821681b589dabc0bc20695993ccebb09f5b5d4d790cd9251b97faac7c652b?s=96&d=blank&r=g","caption":"enequipo"},"sameAs":["https:\/\/www.facebook.com\/SonoraEE"]}]}},"jetpack_featured_media_url":"https:\/\/www.sonoraenequipo.com.mx\/storage\/2022\/10\/Sheinbaum-informe-coyoacan.jpg","_links":{"self":[{"href":"https:\/\/www.sonoraenequipo.com.mx\/api\/wp\/v2\/posts\/148811","targetHints":{"allow":["GET"]}}],"collection":[{"href":"https:\/\/www.sonoraenequipo.com.mx\/api\/wp\/v2\/posts"}],"about":[{"href":"https:\/\/www.sonoraenequipo.com.mx\/api\/wp\/v2\/types\/post"}],"author":[{"embeddable":true,"href":"https:\/\/www.sonoraenequipo.com.mx\/api\/wp\/v2\/users\/1"}],"replies":[{"embeddable":true,"href":"https:\/\/www.sonoraenequipo.com.mx\/api\/wp\/v2\/comments?post=148811"}],"version-history":[{"count":1,"href":"https:\/\/www.sonoraenequipo.com.mx\/api\/wp\/v2\/posts\/148811\/revisions"}],"predecessor-version":[{"id":148813,"href":"https:\/\/www.sonoraenequipo.com.mx\/api\/wp\/v2\/posts\/148811\/revisions\/148813"}],"wp:featuredmedia":[{"embeddable":true,"href":"https:\/\/www.sonoraenequipo.com.mx\/api\/wp\/v2\/media\/148812"}],"wp:attachment":[{"href":"https:\/\/www.sonoraenequipo.com.mx\/api\/wp\/v2\/media?parent=148811"}],"wp:term":[{"taxonomy":"category","embeddable":true,"href":"https:\/\/www.sonoraenequipo.com.mx\/api\/wp\/v2\/categories?post=148811"},{"taxonomy":"post_tag","embeddable":true,"href":"https:\/\/www.sonoraenequipo.com.mx\/api\/wp\/v2\/tags?post=148811"}],"curies":[{"name":"wp","href":"https:\/\/api.w.org\/{rel}","templated":true}]}}