{"id":148818,"date":"2022-10-09T12:18:59","date_gmt":"2022-10-09T19:18:59","guid":{"rendered":"https:\/\/www.sonoraenequipo.com.mx\/?p=148818"},"modified":"2022-10-09T12:18:59","modified_gmt":"2022-10-09T19:18:59","slug":"premia-policia-de-hermosillo-a-cinco-agentes-en-septiembre","status":"publish","type":"post","link":"https:\/\/www.sonoraenequipo.com.mx\/premia-policia-de-hermosillo-a-cinco-agentes-en-septiembre\/","title":{"rendered":"Premia Polic\u00eda de Hermosillo a cinco agentes en septiembre"},"content":{"rendered":"<p>\u25baDestacan su labor, entrega y profesionalismo en el cumplimiento de sus labores y la atenci\u00f3n de los reportes ciudadanos<\/p>\n<p>&nbsp;<\/p>\n<p><strong>HERMOSILLO, SONORA,MX.<\/strong><strong>\u2500\u2500<\/strong> Cinco agentes de la Polic\u00eda Preventiva y Tr\u00e1nsito de Hermosillo fueron galardonados con el distintivo de Polic\u00eda del Mes de Septiembre, por la destacada labor que realizaron en cada una de las \u00e1reas y comisiones en las que se desempe\u00f1an.<\/p>\n<p>&nbsp;<\/p>\n<p>&nbsp;<\/p>\n<p>El Comisario Jefe, en representaci\u00f3n del Comisario General, Manuel Emilio Hoyos D\u00edaz, enalteci\u00f3 la labor realizada por los cinco agentes premiados, quienes llevaron a cabo sus labores de manera destacada a favor de la comunidad hermosillense.<\/p>\n<p>&nbsp;<\/p>\n<p>\u201cComo nunca antes se han incentivado a 53 elementos como Polic\u00eda del Mes, pertenecientes a departamentos que anteriormente no se les tomaba en cuenta, adem\u00e1s, se han reconocido a 18 elementos con condecoraciones de M\u00e9rito, M\u00e9rito T\u00e9cnico o Valor Heroico\u00bb , resalt\u00f3 Jes\u00fas Alonso Dur\u00f3n Monta\u00f1o.<\/p>\n<p>&nbsp;<\/p>\n<p>&nbsp;<\/p>\n<p>Y agreg\u00f3:\u00a0 \u00abTambi\u00e9n en este periodo para beneficio de los polic\u00edas se realizaron cambios al cat\u00e1logo de puestos para efectos de que tengan mayor certeza en los requisitos para ascender en la carrera policial\u201d.<\/p>\n<p>&nbsp;<\/p>\n<p>Dur\u00f3n Monta\u00f1o dijo se trabaja de manera constante para mejorar sus condiciones laborales y de vida, como las reformas que se encuentran en proceso del Reglamento de Carrera.<\/p>\n<p>&nbsp;<\/p>\n<p>En ese sentido dijo se busca apoyar a los agentes que tengan 25 a\u00f1os de servicio, y cumplan con los requisitos del perfil y de convocatoria, para que asciendan del grado de polic\u00eda al de polic\u00eda tercero, sin participar en los ex\u00e1menes f\u00edsicos y de conocimiento, con orden de prelaci\u00f3n preferente a los que obtengan los mejores resultados en ex\u00e1menes.<\/p>\n<p>&nbsp;<\/p>\n<p>Los premiados fueron:\u00a0 Polic\u00eda Tercero Rub\u00e9n Aguilar Correa, Polic\u00eda Jes\u00fas Antonio Tapia Bracamontes, Polic\u00eda Manuel Rivera S\u00e1nchez, Polic\u00eda Jes\u00fas Manuel Ibarra Gil y Polic\u00eda Tercero Francisco Franco Paco.<\/p>\n<p>&nbsp;<\/p>\n<p>Las autoridades encargadas de entregar los reconocimientos, as\u00ed como los cheques de est\u00edmulo econ\u00f3mico y los premios, fueron el Comisario Jefe,\u00a0 la regidora presidenta de la comisi\u00f3n de seguridad del Cabildo de Hermosillo Zulma Galaz Angulo, el presidente del Patronato de Seguridad A.C. Ram\u00f3n \u00c1ngel Ortega y el secretario de acuerdos y proyectos de la Comisi\u00f3n de Honor, Justicia y Promoci\u00f3n Carlos Ernesto Ainza.<\/p>\n<p>&nbsp;<\/p>\n<p>&nbsp;<\/p>\n<p>El presidente del Patronato de Seguridad hizo entrega adem\u00e1s de un premio otorgado por la cadena de gimnasios Fitmax, la cual regal\u00f3 una suscripci\u00f3n anual para sus instalaciones a uno de los agentes premiados.<\/p>\n<p>&nbsp;<\/p>\n<p><strong><u>Fecha de publicaci\u00f3n domingo 9 de octubre de 2022<\/u><\/strong><\/p>\n","protected":false},"excerpt":{"rendered":"<p>\u25baDestacan su labor, entrega y profesionalismo en el cumplimiento de sus labores y la atenci\u00f3n&#8230;<\/p>\n","protected":false},"author":1,"featured_media":148819,"comment_status":"open","ping_status":"open","sticky":false,"template":"","format":"standard","meta":{"_monsterinsights_skip_tracking":false,"_monsterinsights_sitenote_active":false,"_monsterinsights_sitenote_note":"","_monsterinsights_sitenote_category":0,"footnotes":""},"categories":[3144],"tags":[35,170,15],"class_list":["post"],"yoast_head":" \n<title>Sonora en Equipo. Premia Polic\u00eda de Hermosillo a cinco agentes en septiembre Polic\u00edaca<\/title>\n<meta name=\"description\" content=\"\u25baDestacan su labor, entrega y profesionalismo en el cumplimiento de sus labores y la atenci\u00f3n de los reportes ciudadanos &nbsp; HERMOSILLO, SONORA,MX.\u2500\u2500 En Sonora en Equipo publicamos toda la informaci\u00f3n de Sonora, M\u00e9xico y el Mundo de manera oportuna y busca que la libertad de expresi\u00f3n sea real. Visita nuestro medio informativo publicado desde Hermosillo, Sonora. %\" \/>\n<meta name=\"robots\" content=\"index, follow, max-snippet:-1, max-image-preview:large, max-video-preview:-1\" \/>\n<link rel=\"canonical\" href=\"https:\/\/www.sonoraenequipo.com.mx\/premia-policia-de-hermosillo-a-cinco-agentes-en-septiembre\/\" \/>\n<meta property=\"og:locale\" content=\"es_ES\" \/>\n<meta property=\"og:type\" content=\"article\" \/>\n<meta property=\"og:title\" content=\"Sonora en Equipo. Premia Polic\u00eda de Hermosillo a cinco agentes en septiembre Polic\u00edaca\" \/>\n<meta property=\"og:description\" content=\"\u25baDestacan su labor, entrega y profesionalismo en el cumplimiento de sus labores y la atenci\u00f3n de los reportes ciudadanos &nbsp; HERMOSILLO, SONORA,MX.\u2500\u2500 En Sonora en Equipo publicamos toda la informaci\u00f3n de Sonora, M\u00e9xico y el Mundo de manera oportuna y busca que la libertad de expresi\u00f3n sea real. Visita nuestro medio informativo publicado desde Hermosillo, Sonora. %\" \/>\n<meta property=\"og:url\" content=\"https:\/\/www.sonoraenequipo.com.mx\/premia-policia-de-hermosillo-a-cinco-agentes-en-septiembre\/\" \/>\n<meta property=\"og:site_name\" content=\"Sonora en Equipo.\" \/>\n<meta property=\"article:publisher\" content=\"https:\/\/www.facebook.com\/SonoraEE\/\" \/>\n<meta property=\"article:author\" content=\"https:\/\/www.facebook.com\/SonoraEE\" \/>\n<meta property=\"article:published_time\" content=\"2022-10-09T19:18:59+00:00\" \/>\n<meta property=\"og:image\" content=\"https:\/\/www.sonoraenequipo.com.mx\/storage\/2022\/10\/policias-hmo.jpg\" \/>\n\t<meta property=\"og:image:width\" content=\"700\" \/>\n\t<meta property=\"og:image:height\" content=\"500\" \/>\n\t<meta property=\"og:image:type\" content=\"image\/jpeg\" \/>\n<meta name=\"author\" content=\"enequipo\" \/>\n<meta name=\"twitter:card\" content=\"summary_large_image\" \/>\n<meta name=\"twitter:creator\" content=\"@sonoraenequipo\" \/>\n<meta name=\"twitter:site\" content=\"@sonoraenequipo\" \/>\n<meta name=\"twitter:label1\" content=\"Escrito por\" \/>\n\t<meta name=\"twitter:data1\" content=\"enequipo\" \/>\n\t<meta name=\"twitter:label2\" content=\"Tiempo de lectura\" \/>\n\t<meta name=\"twitter:data2\" content=\"2 minutos\" \/>\n<script type=\"application\/ld+json\" class=\"yoast-schema-graph\">{\"@context\":\"https:\/\/schema.org\",\"@graph\":[{\"@type\":\"Article\",\"@id\":\"https:\/\/www.sonoraenequipo.com.mx\/premia-policia-de-hermosillo-a-cinco-agentes-en-septiembre\/#article\",\"isPartOf\":{\"@id\":\"https:\/\/www.sonoraenequipo.com.mx\/premia-policia-de-hermosillo-a-cinco-agentes-en-septiembre\/\"},\"author\":{\"name\":\"enequipo\",\"@id\":\"https:\/\/www.sonoraenequipo.com.mx\/#\/schema\/person\/50102df0fb23a8fa9e8effad8fa81386\"},\"headline\":\"Premia Polic\u00eda de Hermosillo a cinco agentes en septiembre\",\"datePublished\":\"2022-10-09T19:18:59+00:00\",\"mainEntityOfPage\":{\"@id\":\"https:\/\/www.sonoraenequipo.com.mx\/premia-policia-de-hermosillo-a-cinco-agentes-en-septiembre\/\"},\"wordCount\":464,\"commentCount\":0,\"publisher\":{\"@id\":\"https:\/\/www.sonoraenequipo.com.mx\/#organization\"},\"image\":{\"@id\":\"https:\/\/www.sonoraenequipo.com.mx\/premia-policia-de-hermosillo-a-cinco-agentes-en-septiembre\/#primaryimage\"},\"thumbnailUrl\":\"https:\/\/www.sonoraenequipo.com.mx\/storage\/2022\/10\/policias-hmo.jpg\",\"keywords\":[\"hermosillo\",\"Seguridad\",\"Sonora\"],\"articleSection\":[\"Polic\u00edaca\"],\"inLanguage\":\"es\",\"potentialAction\":[{\"@type\":\"CommentAction\",\"name\":\"Comment\",\"target\":[\"https:\/\/www.sonoraenequipo.com.mx\/premia-policia-de-hermosillo-a-cinco-agentes-en-septiembre\/#respond\"]}]},{\"@type\":\"WebPage\",\"@id\":\"https:\/\/www.sonoraenequipo.com.mx\/premia-policia-de-hermosillo-a-cinco-agentes-en-septiembre\/\",\"url\":\"https:\/\/www.sonoraenequipo.com.mx\/premia-policia-de-hermosillo-a-cinco-agentes-en-septiembre\/\",\"name\":\"Sonora en Equipo. Premia Polic\u00eda de Hermosillo a cinco agentes en septiembre Polic\u00edaca\",\"isPartOf\":{\"@id\":\"https:\/\/www.sonoraenequipo.com.mx\/#website\"},\"primaryImageOfPage\":{\"@id\":\"https:\/\/www.sonoraenequipo.com.mx\/premia-policia-de-hermosillo-a-cinco-agentes-en-septiembre\/#primaryimage\"},\"image\":{\"@id\":\"https:\/\/www.sonoraenequipo.com.mx\/premia-policia-de-hermosillo-a-cinco-agentes-en-septiembre\/#primaryimage\"},\"thumbnailUrl\":\"https:\/\/www.sonoraenequipo.com.mx\/storage\/2022\/10\/policias-hmo.jpg\",\"datePublished\":\"2022-10-09T19:18:59+00:00\",\"description\":\"\u25baDestacan su labor, entrega y profesionalismo en el cumplimiento de sus labores y la atenci\u00f3n de los reportes ciudadanos &nbsp; HERMOSILLO, SONORA,MX.\u2500\u2500 En Sonora en Equipo publicamos toda la informaci\u00f3n de Sonora, M\u00e9xico y el Mundo de manera oportuna y busca que la libertad de expresi\u00f3n sea real. Visita nuestro medio informativo publicado desde Hermosillo, Sonora. %\",\"breadcrumb\":{\"@id\":\"https:\/\/www.sonoraenequipo.com.mx\/premia-policia-de-hermosillo-a-cinco-agentes-en-septiembre\/#breadcrumb\"},\"inLanguage\":\"es\",\"potentialAction\":[{\"@type\":\"ReadAction\",\"target\":[\"https:\/\/www.sonoraenequipo.com.mx\/premia-policia-de-hermosillo-a-cinco-agentes-en-septiembre\/\"]}]},{\"@type\":\"ImageObject\",\"inLanguage\":\"es\",\"@id\":\"https:\/\/www.sonoraenequipo.com.mx\/premia-policia-de-hermosillo-a-cinco-agentes-en-septiembre\/#primaryimage\",\"url\":\"https:\/\/www.sonoraenequipo.com.mx\/storage\/2022\/10\/policias-hmo.jpg\",\"contentUrl\":\"https:\/\/www.sonoraenequipo.com.mx\/storage\/2022\/10\/policias-hmo.jpg\",\"width\":700,\"height\":500},{\"@type\":\"BreadcrumbList\",\"@id\":\"https:\/\/www.sonoraenequipo.com.mx\/premia-policia-de-hermosillo-a-cinco-agentes-en-septiembre\/#breadcrumb\",\"itemListElement\":[{\"@type\":\"ListItem\",\"position\":1,\"name\":\"Portada\",\"item\":\"https:\/\/www.sonoraenequipo.com.mx\/\"},{\"@type\":\"ListItem\",\"position\":2,\"name\":\"Premia Polic\u00eda de Hermosillo a cinco agentes en septiembre\"}]},{\"@type\":\"WebSite\",\"@id\":\"https:\/\/www.sonoraenequipo.com.mx\/#website\",\"url\":\"https:\/\/www.sonoraenequipo.com.mx\/\",\"name\":\"Sonora en Equipo.\",\"description\":\"Diario en l\u00ednea con Noticias desde Hermosillo, Sonora\",\"publisher\":{\"@id\":\"https:\/\/www.sonoraenequipo.com.mx\/#organization\"},\"potentialAction\":[{\"@type\":\"SearchAction\",\"target\":{\"@type\":\"EntryPoint\",\"urlTemplate\":\"https:\/\/www.sonoraenequipo.com.mx\/?s={search_term_string}\"},\"query-input\":{\"@type\":\"PropertyValueSpecification\",\"valueRequired\":true,\"valueName\":\"search_term_string\"}}],\"inLanguage\":\"es\"},{\"@type\":\"Organization\",\"@id\":\"https:\/\/www.sonoraenequipo.com.mx\/#organization\",\"name\":\"Sonoraenequipo.com.mx\",\"url\":\"https:\/\/www.sonoraenequipo.com.mx\/\",\"logo\":{\"@type\":\"ImageObject\",\"inLanguage\":\"es\",\"@id\":\"https:\/\/www.sonoraenequipo.com.mx\/#\/schema\/logo\/image\/\",\"url\":\"https:\/\/www.sonoraenequipo.com.mx\/storage\/2019\/01\/sonoraenequipo_opt.png\",\"contentUrl\":\"https:\/\/www.sonoraenequipo.com.mx\/storage\/2019\/01\/sonoraenequipo_opt.png\",\"width\":375,\"height\":125,\"caption\":\"Sonoraenequipo.com.mx\"},\"image\":{\"@id\":\"https:\/\/www.sonoraenequipo.com.mx\/#\/schema\/logo\/image\/\"},\"sameAs\":[\"https:\/\/www.facebook.com\/SonoraEE\/\",\"https:\/\/x.com\/sonoraenequipo\",\"https:\/\/www.youtube.com\/channel\/UC338nW-lPEYmJQs4ZABQ1SQ\"]},{\"@type\":\"Person\",\"@id\":\"https:\/\/www.sonoraenequipo.com.mx\/#\/schema\/person\/50102df0fb23a8fa9e8effad8fa81386\",\"name\":\"enequipo\",\"image\":{\"@type\":\"ImageObject\",\"inLanguage\":\"es\",\"@id\":\"https:\/\/www.sonoraenequipo.com.mx\/#\/schema\/person\/image\/\",\"url\":\"https:\/\/secure.gravatar.com\/avatar\/049821681b589dabc0bc20695993ccebb09f5b5d4d790cd9251b97faac7c652b?s=96&d=blank&r=g\",\"contentUrl\":\"https:\/\/secure.gravatar.com\/avatar\/049821681b589dabc0bc20695993ccebb09f5b5d4d790cd9251b97faac7c652b?s=96&d=blank&r=g\",\"caption\":\"enequipo\"},\"sameAs\":[\"https:\/\/www.facebook.com\/SonoraEE\"]}]}<\/script>\n ","yoast_head_json":{"title":"Sonora en Equipo. Premia Polic\u00eda de Hermosillo a cinco agentes en septiembre Polic\u00edaca","description":"\u25baDestacan su labor, entrega y profesionalismo en el cumplimiento de sus labores y la atenci\u00f3n de los reportes ciudadanos &nbsp; HERMOSILLO, SONORA,MX.\u2500\u2500 En Sonora en Equipo publicamos toda la informaci\u00f3n de Sonora, M\u00e9xico y el Mundo de manera oportuna y busca que la libertad de expresi\u00f3n sea real. Visita nuestro medio informativo publicado desde Hermosillo, Sonora. %","robots":{"index":"index","follow":"follow","max-snippet":"max-snippet:-1","max-image-preview":"max-image-preview:large","max-video-preview":"max-video-preview:-1"},"canonical":"https:\/\/www.sonoraenequipo.com.mx\/premia-policia-de-hermosillo-a-cinco-agentes-en-septiembre\/","og_locale":"es_ES","og_type":"article","og_title":"Sonora en Equipo. Premia Polic\u00eda de Hermosillo a cinco agentes en septiembre Polic\u00edaca","og_description":"\u25baDestacan su labor, entrega y profesionalismo en el cumplimiento de sus labores y la atenci\u00f3n de los reportes ciudadanos &nbsp; HERMOSILLO, SONORA,MX.\u2500\u2500 En Sonora en Equipo publicamos toda la informaci\u00f3n de Sonora, M\u00e9xico y el Mundo de manera oportuna y busca que la libertad de expresi\u00f3n sea real. Visita nuestro medio informativo publicado desde Hermosillo, Sonora. %","og_url":"https:\/\/www.sonoraenequipo.com.mx\/premia-policia-de-hermosillo-a-cinco-agentes-en-septiembre\/","og_site_name":"Sonora en Equipo.","article_publisher":"https:\/\/www.facebook.com\/SonoraEE\/","article_author":"https:\/\/www.facebook.com\/SonoraEE","article_published_time":"2022-10-09T19:18:59+00:00","og_image":[{"width":700,"height":500,"url":"https:\/\/www.sonoraenequipo.com.mx\/storage\/2022\/10\/policias-hmo.jpg","type":"image\/jpeg"}],"author":"enequipo","twitter_card":"summary_large_image","twitter_creator":"@sonoraenequipo","twitter_site":"@sonoraenequipo","twitter_misc":{"Escrito por":"enequipo","Tiempo de lectura":"2 minutos"},"schema":{"@context":"https:\/\/schema.org","@graph":[{"@type":"Article","@id":"https:\/\/www.sonoraenequipo.com.mx\/premia-policia-de-hermosillo-a-cinco-agentes-en-septiembre\/#article","isPartOf":{"@id":"https:\/\/www.sonoraenequipo.com.mx\/premia-policia-de-hermosillo-a-cinco-agentes-en-septiembre\/"},"author":{"name":"enequipo","@id":"https:\/\/www.sonoraenequipo.com.mx\/#\/schema\/person\/50102df0fb23a8fa9e8effad8fa81386"},"headline":"Premia Polic\u00eda de Hermosillo a cinco agentes en septiembre","datePublished":"2022-10-09T19:18:59+00:00","mainEntityOfPage":{"@id":"https:\/\/www.sonoraenequipo.com.mx\/premia-policia-de-hermosillo-a-cinco-agentes-en-septiembre\/"},"wordCount":464,"commentCount":0,"publisher":{"@id":"https:\/\/www.sonoraenequipo.com.mx\/#organization"},"image":{"@id":"https:\/\/www.sonoraenequipo.com.mx\/premia-policia-de-hermosillo-a-cinco-agentes-en-septiembre\/#primaryimage"},"thumbnailUrl":"https:\/\/www.sonoraenequipo.com.mx\/storage\/2022\/10\/policias-hmo.jpg","keywords":["hermosillo","Seguridad","Sonora"],"articleSection":["Polic\u00edaca"],"inLanguage":"es","potentialAction":[{"@type":"CommentAction","name":"Comment","target":["https:\/\/www.sonoraenequipo.com.mx\/premia-policia-de-hermosillo-a-cinco-agentes-en-septiembre\/#respond"]}]},{"@type":"WebPage","@id":"https:\/\/www.sonoraenequipo.com.mx\/premia-policia-de-hermosillo-a-cinco-agentes-en-septiembre\/","url":"https:\/\/www.sonoraenequipo.com.mx\/premia-policia-de-hermosillo-a-cinco-agentes-en-septiembre\/","name":"Sonora en Equipo. Premia Polic\u00eda de Hermosillo a cinco agentes en septiembre Polic\u00edaca","isPartOf":{"@id":"https:\/\/www.sonoraenequipo.com.mx\/#website"},"primaryImageOfPage":{"@id":"https:\/\/www.sonoraenequipo.com.mx\/premia-policia-de-hermosillo-a-cinco-agentes-en-septiembre\/#primaryimage"},"image":{"@id":"https:\/\/www.sonoraenequipo.com.mx\/premia-policia-de-hermosillo-a-cinco-agentes-en-septiembre\/#primaryimage"},"thumbnailUrl":"https:\/\/www.sonoraenequipo.com.mx\/storage\/2022\/10\/policias-hmo.jpg","datePublished":"2022-10-09T19:18:59+00:00","description":"\u25baDestacan su labor, entrega y profesionalismo en el cumplimiento de sus labores y la atenci\u00f3n de los reportes ciudadanos &nbsp; HERMOSILLO, SONORA,MX.\u2500\u2500 En Sonora en Equipo publicamos toda la informaci\u00f3n de Sonora, M\u00e9xico y el Mundo de manera oportuna y busca que la libertad de expresi\u00f3n sea real. Visita nuestro medio informativo publicado desde Hermosillo, Sonora. %","breadcrumb":{"@id":"https:\/\/www.sonoraenequipo.com.mx\/premia-policia-de-hermosillo-a-cinco-agentes-en-septiembre\/#breadcrumb"},"inLanguage":"es","potentialAction":[{"@type":"ReadAction","target":["https:\/\/www.sonoraenequipo.com.mx\/premia-policia-de-hermosillo-a-cinco-agentes-en-septiembre\/"]}]},{"@type":"ImageObject","inLanguage":"es","@id":"https:\/\/www.sonoraenequipo.com.mx\/premia-policia-de-hermosillo-a-cinco-agentes-en-septiembre\/#primaryimage","url":"https:\/\/www.sonoraenequipo.com.mx\/storage\/2022\/10\/policias-hmo.jpg","contentUrl":"https:\/\/www.sonoraenequipo.com.mx\/storage\/2022\/10\/policias-hmo.jpg","width":700,"height":500},{"@type":"BreadcrumbList","@id":"https:\/\/www.sonoraenequipo.com.mx\/premia-policia-de-hermosillo-a-cinco-agentes-en-septiembre\/#breadcrumb","itemListElement":[{"@type":"ListItem","position":1,"name":"Portada","item":"https:\/\/www.sonoraenequipo.com.mx\/"},{"@type":"ListItem","position":2,"name":"Premia Polic\u00eda de Hermosillo a cinco agentes en septiembre"}]},{"@type":"WebSite","@id":"https:\/\/www.sonoraenequipo.com.mx\/#website","url":"https:\/\/www.sonoraenequipo.com.mx\/","name":"Sonora en Equipo.","description":"Diario en l\u00ednea con Noticias desde Hermosillo, Sonora","publisher":{"@id":"https:\/\/www.sonoraenequipo.com.mx\/#organization"},"potentialAction":[{"@type":"SearchAction","target":{"@type":"EntryPoint","urlTemplate":"https:\/\/www.sonoraenequipo.com.mx\/?s={search_term_string}"},"query-input":{"@type":"PropertyValueSpecification","valueRequired":true,"valueName":"search_term_string"}}],"inLanguage":"es"},{"@type":"Organization","@id":"https:\/\/www.sonoraenequipo.com.mx\/#organization","name":"Sonoraenequipo.com.mx","url":"https:\/\/www.sonoraenequipo.com.mx\/","logo":{"@type":"ImageObject","inLanguage":"es","@id":"https:\/\/www.sonoraenequipo.com.mx\/#\/schema\/logo\/image\/","url":"https:\/\/www.sonoraenequipo.com.mx\/storage\/2019\/01\/sonoraenequipo_opt.png","contentUrl":"https:\/\/www.sonoraenequipo.com.mx\/storage\/2019\/01\/sonoraenequipo_opt.png","width":375,"height":125,"caption":"Sonoraenequipo.com.mx"},"image":{"@id":"https:\/\/www.sonoraenequipo.com.mx\/#\/schema\/logo\/image\/"},"sameAs":["https:\/\/www.facebook.com\/SonoraEE\/","https:\/\/x.com\/sonoraenequipo","https:\/\/www.youtube.com\/channel\/UC338nW-lPEYmJQs4ZABQ1SQ"]},{"@type":"Person","@id":"https:\/\/www.sonoraenequipo.com.mx\/#\/schema\/person\/50102df0fb23a8fa9e8effad8fa81386","name":"enequipo","image":{"@type":"ImageObject","inLanguage":"es","@id":"https:\/\/www.sonoraenequipo.com.mx\/#\/schema\/person\/image\/","url":"https:\/\/secure.gravatar.com\/avatar\/049821681b589dabc0bc20695993ccebb09f5b5d4d790cd9251b97faac7c652b?s=96&d=blank&r=g","contentUrl":"https:\/\/secure.gravatar.com\/avatar\/049821681b589dabc0bc20695993ccebb09f5b5d4d790cd9251b97faac7c652b?s=96&d=blank&r=g","caption":"enequipo"},"sameAs":["https:\/\/www.facebook.com\/SonoraEE"]}]}},"jetpack_featured_media_url":"https:\/\/www.sonoraenequipo.com.mx\/storage\/2022\/10\/policias-hmo.jpg","_links":{"self":[{"href":"https:\/\/www.sonoraenequipo.com.mx\/api\/wp\/v2\/posts\/148818","targetHints":{"allow":["GET"]}}],"collection":[{"href":"https:\/\/www.sonoraenequipo.com.mx\/api\/wp\/v2\/posts"}],"about":[{"href":"https:\/\/www.sonoraenequipo.com.mx\/api\/wp\/v2\/types\/post"}],"author":[{"embeddable":true,"href":"https:\/\/www.sonoraenequipo.com.mx\/api\/wp\/v2\/users\/1"}],"replies":[{"embeddable":true,"href":"https:\/\/www.sonoraenequipo.com.mx\/api\/wp\/v2\/comments?post=148818"}],"version-history":[{"count":1,"href":"https:\/\/www.sonoraenequipo.com.mx\/api\/wp\/v2\/posts\/148818\/revisions"}],"predecessor-version":[{"id":148820,"href":"https:\/\/www.sonoraenequipo.com.mx\/api\/wp\/v2\/posts\/148818\/revisions\/148820"}],"wp:featuredmedia":[{"embeddable":true,"href":"https:\/\/www.sonoraenequipo.com.mx\/api\/wp\/v2\/media\/148819"}],"wp:attachment":[{"href":"https:\/\/www.sonoraenequipo.com.mx\/api\/wp\/v2\/media?parent=148818"}],"wp:term":[{"taxonomy":"category","embeddable":true,"href":"https:\/\/www.sonoraenequipo.com.mx\/api\/wp\/v2\/categories?post=148818"},{"taxonomy":"post_tag","embeddable":true,"href":"https:\/\/www.sonoraenequipo.com.mx\/api\/wp\/v2\/tags?post=148818"}],"curies":[{"name":"wp","href":"https:\/\/api.w.org\/{rel}","templated":true}]}}