{"id":148822,"date":"2022-10-09T11:40:09","date_gmt":"2022-10-09T18:40:09","guid":{"rendered":"https:\/\/www.sonoraenequipo.com.mx\/?p=148822"},"modified":"2022-10-09T18:32:26","modified_gmt":"2022-10-10T01:32:26","slug":"supervisa-sedesson-obras-sociales-al-sur-del-estado","status":"publish","type":"post","link":"https:\/\/www.sonoraenequipo.com.mx\/supervisa-sedesson-obras-sociales-al-sur-del-estado\/","title":{"rendered":"Supervisa Sedesson obras sociales al sur del estado"},"content":{"rendered":"<p><strong>HERMOSILLO, SONORA,MX.<\/strong><strong>\u2500\u2500<\/strong> Con el prop\u00f3sito de supervisar obras realizadas con recursos del Fondo de Infraestructura Social para las Entidades (FISE) 2022, en los municipios de Huatabampo, Benito Ju\u00e1rez y San Ignacio R\u00edo Muerto, Wendy Brice\u00f1o Zuloaga, secretar\u00eda de Desarrollo Social, realiz\u00f3 un recorrido en estas demarcaciones.<\/p>\n<p>&nbsp;<\/p>\n<p>&nbsp;<\/p>\n<p>&nbsp;<\/p>\n<p>En estas acciones, la funcionaria visit\u00f3 diferentes localidades como Loma de Etchoropo, donde se vieron beneficiadas 56 personas mediante una inversi\u00f3n de un mill\u00f3n 37 mil 956 pesos en mejoras de vivienda, consistentes en cuartos dormitorios, como parte del programa Habitaci\u00f3n Propia.<\/p>\n<p>&nbsp;<\/p>\n<p>&nbsp;<\/p>\n<p>&nbsp;<\/p>\n<p>La ciudadana Luz Medina, beneficiaria del programa, dijo estar sumamente agradecida con el gobernador Alfonso Durazo Monta\u00f1o, ya que por a\u00f1os hab\u00eda sido olvidada por los gobiernos en turno y, finalmente, el d\u00eda de hoy se sinti\u00f3 atendida con la construcci\u00f3n de su cuarto.<\/p>\n<p>&nbsp;<\/p>\n<p>&nbsp;<\/p>\n<p>&nbsp;<\/p>\n<p>Por su parte, Brice\u00f1o Zuloaga, acompa\u00f1ada por Carlos Balderrama, titular de Desarrollo Social municipal, asever\u00f3 que los apoyos no terminar\u00e1n en este sencillos pero significativos actos, pues Sedesson seguir\u00e1 al pendiente de la comunidad, trabajando en conjunto con el Ayuntamiento.<\/p>\n<p>&nbsp;<\/p>\n<p>&nbsp;<\/p>\n<p>&nbsp;<\/p>\n<p>Del mismo modo, en la localidad de Villa Ju\u00e1rez, con la presencia Florentino Jusacamea Valencia, alcalde de Benito Ju\u00e1rez, se constat\u00f3 la inversi\u00f3n de 910 mil 945 pesos del FISE, para beneficio de 42 personas de dicho municipio.<\/p>\n<p>&nbsp;<\/p>\n<p>&nbsp;<\/p>\n<p>&nbsp;<\/p>\n<p>De igual forma, en la localidad de Bah\u00eda Lobos, Abel Gonz\u00e1lez Ambriz, presidente municipal de San Ignacio R\u00edo Muerto, acompa\u00f1\u00f3 a la titular de Sedesson en el recorrido de supervisi\u00f3n de obras que tuvieron una inversi\u00f3n de un mill\u00f3n 37 mil 956 pesos, mismas que impactaron positivamente a 53 personas con la entrega de estos cuartos dormitorios.<\/p>\n<p><strong><u>Fecha de publicaci\u00f3n domingo 9 de octubre de 2022<\/u><\/strong><\/p>\n<p>&nbsp;<\/p>\n","protected":false},"excerpt":{"rendered":"<p>HERMOSILLO, SONORA,MX.\u2500\u2500 Con el prop\u00f3sito de supervisar obras realizadas con recursos del Fondo de Infraestructura&#8230;<\/p>\n","protected":false},"author":1,"featured_media":148823,"comment_status":"open","ping_status":"open","sticky":false,"template":"","format":"standard","meta":{"_monsterinsights_skip_tracking":false,"_monsterinsights_sitenote_active":false,"_monsterinsights_sitenote_note":"","_monsterinsights_sitenote_category":0,"footnotes":""},"categories":[22],"tags":[3582,2300,7469,5524,4186],"class_list":["post"],"yoast_head":" \n<title>Sonora en Equipo. Supervisa Sedesson obras sociales al sur del estado Sonora<\/title>\n<meta name=\"description\" content=\"HERMOSILLO, SONORA,MX.\u2500\u2500 Con el prop\u00f3sito de supervisar obras realizadas con recursos del Fondo de Infraestructura Social para las Entidades (FISE) 2022, En Sonora en Equipo publicamos toda la informaci\u00f3n de Sonora, M\u00e9xico y el Mundo de manera oportuna y busca que la libertad de expresi\u00f3n sea real. Visita nuestro medio informativo publicado desde Hermosillo, Sonora. %\" \/>\n<meta name=\"robots\" content=\"index, follow, max-snippet:-1, max-image-preview:large, max-video-preview:-1\" \/>\n<link rel=\"canonical\" href=\"https:\/\/www.sonoraenequipo.com.mx\/supervisa-sedesson-obras-sociales-al-sur-del-estado\/\" \/>\n<meta property=\"og:locale\" content=\"es_ES\" \/>\n<meta property=\"og:type\" content=\"article\" \/>\n<meta property=\"og:title\" content=\"Sonora en Equipo. Supervisa Sedesson obras sociales al sur del estado Sonora\" \/>\n<meta property=\"og:description\" content=\"HERMOSILLO, SONORA,MX.\u2500\u2500 Con el prop\u00f3sito de supervisar obras realizadas con recursos del Fondo de Infraestructura Social para las Entidades (FISE) 2022, En Sonora en Equipo publicamos toda la informaci\u00f3n de Sonora, M\u00e9xico y el Mundo de manera oportuna y busca que la libertad de expresi\u00f3n sea real. Visita nuestro medio informativo publicado desde Hermosillo, Sonora. %\" \/>\n<meta property=\"og:url\" content=\"https:\/\/www.sonoraenequipo.com.mx\/supervisa-sedesson-obras-sociales-al-sur-del-estado\/\" \/>\n<meta property=\"og:site_name\" content=\"Sonora en Equipo.\" \/>\n<meta property=\"article:publisher\" content=\"https:\/\/www.facebook.com\/SonoraEE\/\" \/>\n<meta property=\"article:author\" content=\"https:\/\/www.facebook.com\/SonoraEE\" \/>\n<meta property=\"article:published_time\" content=\"2022-10-09T18:40:09+00:00\" \/>\n<meta property=\"article:modified_time\" content=\"2022-10-10T01:32:26+00:00\" \/>\n<meta property=\"og:image\" content=\"https:\/\/www.sonoraenequipo.com.mx\/storage\/2022\/10\/wendy-bricenopie-de-casa.jpg\" \/>\n\t<meta property=\"og:image:width\" content=\"700\" \/>\n\t<meta property=\"og:image:height\" content=\"500\" \/>\n\t<meta property=\"og:image:type\" content=\"image\/jpeg\" \/>\n<meta name=\"author\" content=\"enequipo\" \/>\n<meta name=\"twitter:card\" content=\"summary_large_image\" \/>\n<meta name=\"twitter:creator\" content=\"@sonoraenequipo\" \/>\n<meta name=\"twitter:site\" content=\"@sonoraenequipo\" \/>\n<meta name=\"twitter:label1\" content=\"Escrito por\" \/>\n\t<meta name=\"twitter:data1\" content=\"enequipo\" \/>\n\t<meta name=\"twitter:label2\" content=\"Tiempo de lectura\" \/>\n\t<meta name=\"twitter:data2\" content=\"2 minutos\" \/>\n<script type=\"application\/ld+json\" class=\"yoast-schema-graph\">{\"@context\":\"https:\/\/schema.org\",\"@graph\":[{\"@type\":\"Article\",\"@id\":\"https:\/\/www.sonoraenequipo.com.mx\/supervisa-sedesson-obras-sociales-al-sur-del-estado\/#article\",\"isPartOf\":{\"@id\":\"https:\/\/www.sonoraenequipo.com.mx\/supervisa-sedesson-obras-sociales-al-sur-del-estado\/\"},\"author\":{\"name\":\"enequipo\",\"@id\":\"https:\/\/www.sonoraenequipo.com.mx\/#\/schema\/person\/50102df0fb23a8fa9e8effad8fa81386\"},\"headline\":\"Supervisa Sedesson obras sociales al sur del estado\",\"datePublished\":\"2022-10-09T18:40:09+00:00\",\"dateModified\":\"2022-10-10T01:32:26+00:00\",\"mainEntityOfPage\":{\"@id\":\"https:\/\/www.sonoraenequipo.com.mx\/supervisa-sedesson-obras-sociales-al-sur-del-estado\/\"},\"wordCount\":315,\"commentCount\":0,\"publisher\":{\"@id\":\"https:\/\/www.sonoraenequipo.com.mx\/#organization\"},\"image\":{\"@id\":\"https:\/\/www.sonoraenequipo.com.mx\/supervisa-sedesson-obras-sociales-al-sur-del-estado\/#primaryimage\"},\"thumbnailUrl\":\"https:\/\/www.sonoraenequipo.com.mx\/storage\/2022\/10\/wendy-bricenopie-de-casa.jpg\",\"keywords\":[\"DE SONORA\",\"obras\",\"sociales\",\"sur\",\"Wendy Brice\u00f1o\"],\"articleSection\":[\"Sonora\"],\"inLanguage\":\"es\",\"potentialAction\":[{\"@type\":\"CommentAction\",\"name\":\"Comment\",\"target\":[\"https:\/\/www.sonoraenequipo.com.mx\/supervisa-sedesson-obras-sociales-al-sur-del-estado\/#respond\"]}]},{\"@type\":\"WebPage\",\"@id\":\"https:\/\/www.sonoraenequipo.com.mx\/supervisa-sedesson-obras-sociales-al-sur-del-estado\/\",\"url\":\"https:\/\/www.sonoraenequipo.com.mx\/supervisa-sedesson-obras-sociales-al-sur-del-estado\/\",\"name\":\"Sonora en Equipo. Supervisa Sedesson obras sociales al sur del estado Sonora\",\"isPartOf\":{\"@id\":\"https:\/\/www.sonoraenequipo.com.mx\/#website\"},\"primaryImageOfPage\":{\"@id\":\"https:\/\/www.sonoraenequipo.com.mx\/supervisa-sedesson-obras-sociales-al-sur-del-estado\/#primaryimage\"},\"image\":{\"@id\":\"https:\/\/www.sonoraenequipo.com.mx\/supervisa-sedesson-obras-sociales-al-sur-del-estado\/#primaryimage\"},\"thumbnailUrl\":\"https:\/\/www.sonoraenequipo.com.mx\/storage\/2022\/10\/wendy-bricenopie-de-casa.jpg\",\"datePublished\":\"2022-10-09T18:40:09+00:00\",\"dateModified\":\"2022-10-10T01:32:26+00:00\",\"description\":\"HERMOSILLO, SONORA,MX.\u2500\u2500 Con el prop\u00f3sito de supervisar obras realizadas con recursos del Fondo de Infraestructura Social para las Entidades (FISE) 2022, En Sonora en Equipo publicamos toda la informaci\u00f3n de Sonora, M\u00e9xico y el Mundo de manera oportuna y busca que la libertad de expresi\u00f3n sea real. Visita nuestro medio informativo publicado desde Hermosillo, Sonora. %\",\"breadcrumb\":{\"@id\":\"https:\/\/www.sonoraenequipo.com.mx\/supervisa-sedesson-obras-sociales-al-sur-del-estado\/#breadcrumb\"},\"inLanguage\":\"es\",\"potentialAction\":[{\"@type\":\"ReadAction\",\"target\":[\"https:\/\/www.sonoraenequipo.com.mx\/supervisa-sedesson-obras-sociales-al-sur-del-estado\/\"]}]},{\"@type\":\"ImageObject\",\"inLanguage\":\"es\",\"@id\":\"https:\/\/www.sonoraenequipo.com.mx\/supervisa-sedesson-obras-sociales-al-sur-del-estado\/#primaryimage\",\"url\":\"https:\/\/www.sonoraenequipo.com.mx\/storage\/2022\/10\/wendy-bricenopie-de-casa.jpg\",\"contentUrl\":\"https:\/\/www.sonoraenequipo.com.mx\/storage\/2022\/10\/wendy-bricenopie-de-casa.jpg\",\"width\":700,\"height\":500},{\"@type\":\"BreadcrumbList\",\"@id\":\"https:\/\/www.sonoraenequipo.com.mx\/supervisa-sedesson-obras-sociales-al-sur-del-estado\/#breadcrumb\",\"itemListElement\":[{\"@type\":\"ListItem\",\"position\":1,\"name\":\"Portada\",\"item\":\"https:\/\/www.sonoraenequipo.com.mx\/\"},{\"@type\":\"ListItem\",\"position\":2,\"name\":\"Supervisa Sedesson obras sociales al sur del estado\"}]},{\"@type\":\"WebSite\",\"@id\":\"https:\/\/www.sonoraenequipo.com.mx\/#website\",\"url\":\"https:\/\/www.sonoraenequipo.com.mx\/\",\"name\":\"Sonora en Equipo.\",\"description\":\"Diario en l\u00ednea con Noticias desde Hermosillo, Sonora\",\"publisher\":{\"@id\":\"https:\/\/www.sonoraenequipo.com.mx\/#organization\"},\"potentialAction\":[{\"@type\":\"SearchAction\",\"target\":{\"@type\":\"EntryPoint\",\"urlTemplate\":\"https:\/\/www.sonoraenequipo.com.mx\/?s={search_term_string}\"},\"query-input\":{\"@type\":\"PropertyValueSpecification\",\"valueRequired\":true,\"valueName\":\"search_term_string\"}}],\"inLanguage\":\"es\"},{\"@type\":\"Organization\",\"@id\":\"https:\/\/www.sonoraenequipo.com.mx\/#organization\",\"name\":\"Sonoraenequipo.com.mx\",\"url\":\"https:\/\/www.sonoraenequipo.com.mx\/\",\"logo\":{\"@type\":\"ImageObject\",\"inLanguage\":\"es\",\"@id\":\"https:\/\/www.sonoraenequipo.com.mx\/#\/schema\/logo\/image\/\",\"url\":\"https:\/\/www.sonoraenequipo.com.mx\/storage\/2019\/01\/sonoraenequipo_opt.png\",\"contentUrl\":\"https:\/\/www.sonoraenequipo.com.mx\/storage\/2019\/01\/sonoraenequipo_opt.png\",\"width\":375,\"height\":125,\"caption\":\"Sonoraenequipo.com.mx\"},\"image\":{\"@id\":\"https:\/\/www.sonoraenequipo.com.mx\/#\/schema\/logo\/image\/\"},\"sameAs\":[\"https:\/\/www.facebook.com\/SonoraEE\/\",\"https:\/\/x.com\/sonoraenequipo\",\"https:\/\/www.youtube.com\/channel\/UC338nW-lPEYmJQs4ZABQ1SQ\"]},{\"@type\":\"Person\",\"@id\":\"https:\/\/www.sonoraenequipo.com.mx\/#\/schema\/person\/50102df0fb23a8fa9e8effad8fa81386\",\"name\":\"enequipo\",\"image\":{\"@type\":\"ImageObject\",\"inLanguage\":\"es\",\"@id\":\"https:\/\/www.sonoraenequipo.com.mx\/#\/schema\/person\/image\/\",\"url\":\"https:\/\/secure.gravatar.com\/avatar\/049821681b589dabc0bc20695993ccebb09f5b5d4d790cd9251b97faac7c652b?s=96&d=blank&r=g\",\"contentUrl\":\"https:\/\/secure.gravatar.com\/avatar\/049821681b589dabc0bc20695993ccebb09f5b5d4d790cd9251b97faac7c652b?s=96&d=blank&r=g\",\"caption\":\"enequipo\"},\"sameAs\":[\"https:\/\/www.facebook.com\/SonoraEE\"]}]}<\/script>\n ","yoast_head_json":{"title":"Sonora en Equipo. Supervisa Sedesson obras sociales al sur del estado Sonora","description":"HERMOSILLO, SONORA,MX.\u2500\u2500 Con el prop\u00f3sito de supervisar obras realizadas con recursos del Fondo de Infraestructura Social para las Entidades (FISE) 2022, En Sonora en Equipo publicamos toda la informaci\u00f3n de Sonora, M\u00e9xico y el Mundo de manera oportuna y busca que la libertad de expresi\u00f3n sea real. Visita nuestro medio informativo publicado desde Hermosillo, Sonora. %","robots":{"index":"index","follow":"follow","max-snippet":"max-snippet:-1","max-image-preview":"max-image-preview:large","max-video-preview":"max-video-preview:-1"},"canonical":"https:\/\/www.sonoraenequipo.com.mx\/supervisa-sedesson-obras-sociales-al-sur-del-estado\/","og_locale":"es_ES","og_type":"article","og_title":"Sonora en Equipo. Supervisa Sedesson obras sociales al sur del estado Sonora","og_description":"HERMOSILLO, SONORA,MX.\u2500\u2500 Con el prop\u00f3sito de supervisar obras realizadas con recursos del Fondo de Infraestructura Social para las Entidades (FISE) 2022, En Sonora en Equipo publicamos toda la informaci\u00f3n de Sonora, M\u00e9xico y el Mundo de manera oportuna y busca que la libertad de expresi\u00f3n sea real. Visita nuestro medio informativo publicado desde Hermosillo, Sonora. %","og_url":"https:\/\/www.sonoraenequipo.com.mx\/supervisa-sedesson-obras-sociales-al-sur-del-estado\/","og_site_name":"Sonora en Equipo.","article_publisher":"https:\/\/www.facebook.com\/SonoraEE\/","article_author":"https:\/\/www.facebook.com\/SonoraEE","article_published_time":"2022-10-09T18:40:09+00:00","article_modified_time":"2022-10-10T01:32:26+00:00","og_image":[{"width":700,"height":500,"url":"https:\/\/www.sonoraenequipo.com.mx\/storage\/2022\/10\/wendy-bricenopie-de-casa.jpg","type":"image\/jpeg"}],"author":"enequipo","twitter_card":"summary_large_image","twitter_creator":"@sonoraenequipo","twitter_site":"@sonoraenequipo","twitter_misc":{"Escrito por":"enequipo","Tiempo de lectura":"2 minutos"},"schema":{"@context":"https:\/\/schema.org","@graph":[{"@type":"Article","@id":"https:\/\/www.sonoraenequipo.com.mx\/supervisa-sedesson-obras-sociales-al-sur-del-estado\/#article","isPartOf":{"@id":"https:\/\/www.sonoraenequipo.com.mx\/supervisa-sedesson-obras-sociales-al-sur-del-estado\/"},"author":{"name":"enequipo","@id":"https:\/\/www.sonoraenequipo.com.mx\/#\/schema\/person\/50102df0fb23a8fa9e8effad8fa81386"},"headline":"Supervisa Sedesson obras sociales al sur del estado","datePublished":"2022-10-09T18:40:09+00:00","dateModified":"2022-10-10T01:32:26+00:00","mainEntityOfPage":{"@id":"https:\/\/www.sonoraenequipo.com.mx\/supervisa-sedesson-obras-sociales-al-sur-del-estado\/"},"wordCount":315,"commentCount":0,"publisher":{"@id":"https:\/\/www.sonoraenequipo.com.mx\/#organization"},"image":{"@id":"https:\/\/www.sonoraenequipo.com.mx\/supervisa-sedesson-obras-sociales-al-sur-del-estado\/#primaryimage"},"thumbnailUrl":"https:\/\/www.sonoraenequipo.com.mx\/storage\/2022\/10\/wendy-bricenopie-de-casa.jpg","keywords":["DE SONORA","obras","sociales","sur","Wendy Brice\u00f1o"],"articleSection":["Sonora"],"inLanguage":"es","potentialAction":[{"@type":"CommentAction","name":"Comment","target":["https:\/\/www.sonoraenequipo.com.mx\/supervisa-sedesson-obras-sociales-al-sur-del-estado\/#respond"]}]},{"@type":"WebPage","@id":"https:\/\/www.sonoraenequipo.com.mx\/supervisa-sedesson-obras-sociales-al-sur-del-estado\/","url":"https:\/\/www.sonoraenequipo.com.mx\/supervisa-sedesson-obras-sociales-al-sur-del-estado\/","name":"Sonora en Equipo. Supervisa Sedesson obras sociales al sur del estado Sonora","isPartOf":{"@id":"https:\/\/www.sonoraenequipo.com.mx\/#website"},"primaryImageOfPage":{"@id":"https:\/\/www.sonoraenequipo.com.mx\/supervisa-sedesson-obras-sociales-al-sur-del-estado\/#primaryimage"},"image":{"@id":"https:\/\/www.sonoraenequipo.com.mx\/supervisa-sedesson-obras-sociales-al-sur-del-estado\/#primaryimage"},"thumbnailUrl":"https:\/\/www.sonoraenequipo.com.mx\/storage\/2022\/10\/wendy-bricenopie-de-casa.jpg","datePublished":"2022-10-09T18:40:09+00:00","dateModified":"2022-10-10T01:32:26+00:00","description":"HERMOSILLO, SONORA,MX.\u2500\u2500 Con el prop\u00f3sito de supervisar obras realizadas con recursos del Fondo de Infraestructura Social para las Entidades (FISE) 2022, En Sonora en Equipo publicamos toda la informaci\u00f3n de Sonora, M\u00e9xico y el Mundo de manera oportuna y busca que la libertad de expresi\u00f3n sea real. Visita nuestro medio informativo publicado desde Hermosillo, Sonora. %","breadcrumb":{"@id":"https:\/\/www.sonoraenequipo.com.mx\/supervisa-sedesson-obras-sociales-al-sur-del-estado\/#breadcrumb"},"inLanguage":"es","potentialAction":[{"@type":"ReadAction","target":["https:\/\/www.sonoraenequipo.com.mx\/supervisa-sedesson-obras-sociales-al-sur-del-estado\/"]}]},{"@type":"ImageObject","inLanguage":"es","@id":"https:\/\/www.sonoraenequipo.com.mx\/supervisa-sedesson-obras-sociales-al-sur-del-estado\/#primaryimage","url":"https:\/\/www.sonoraenequipo.com.mx\/storage\/2022\/10\/wendy-bricenopie-de-casa.jpg","contentUrl":"https:\/\/www.sonoraenequipo.com.mx\/storage\/2022\/10\/wendy-bricenopie-de-casa.jpg","width":700,"height":500},{"@type":"BreadcrumbList","@id":"https:\/\/www.sonoraenequipo.com.mx\/supervisa-sedesson-obras-sociales-al-sur-del-estado\/#breadcrumb","itemListElement":[{"@type":"ListItem","position":1,"name":"Portada","item":"https:\/\/www.sonoraenequipo.com.mx\/"},{"@type":"ListItem","position":2,"name":"Supervisa Sedesson obras sociales al sur del estado"}]},{"@type":"WebSite","@id":"https:\/\/www.sonoraenequipo.com.mx\/#website","url":"https:\/\/www.sonoraenequipo.com.mx\/","name":"Sonora en Equipo.","description":"Diario en l\u00ednea con Noticias desde Hermosillo, Sonora","publisher":{"@id":"https:\/\/www.sonoraenequipo.com.mx\/#organization"},"potentialAction":[{"@type":"SearchAction","target":{"@type":"EntryPoint","urlTemplate":"https:\/\/www.sonoraenequipo.com.mx\/?s={search_term_string}"},"query-input":{"@type":"PropertyValueSpecification","valueRequired":true,"valueName":"search_term_string"}}],"inLanguage":"es"},{"@type":"Organization","@id":"https:\/\/www.sonoraenequipo.com.mx\/#organization","name":"Sonoraenequipo.com.mx","url":"https:\/\/www.sonoraenequipo.com.mx\/","logo":{"@type":"ImageObject","inLanguage":"es","@id":"https:\/\/www.sonoraenequipo.com.mx\/#\/schema\/logo\/image\/","url":"https:\/\/www.sonoraenequipo.com.mx\/storage\/2019\/01\/sonoraenequipo_opt.png","contentUrl":"https:\/\/www.sonoraenequipo.com.mx\/storage\/2019\/01\/sonoraenequipo_opt.png","width":375,"height":125,"caption":"Sonoraenequipo.com.mx"},"image":{"@id":"https:\/\/www.sonoraenequipo.com.mx\/#\/schema\/logo\/image\/"},"sameAs":["https:\/\/www.facebook.com\/SonoraEE\/","https:\/\/x.com\/sonoraenequipo","https:\/\/www.youtube.com\/channel\/UC338nW-lPEYmJQs4ZABQ1SQ"]},{"@type":"Person","@id":"https:\/\/www.sonoraenequipo.com.mx\/#\/schema\/person\/50102df0fb23a8fa9e8effad8fa81386","name":"enequipo","image":{"@type":"ImageObject","inLanguage":"es","@id":"https:\/\/www.sonoraenequipo.com.mx\/#\/schema\/person\/image\/","url":"https:\/\/secure.gravatar.com\/avatar\/049821681b589dabc0bc20695993ccebb09f5b5d4d790cd9251b97faac7c652b?s=96&d=blank&r=g","contentUrl":"https:\/\/secure.gravatar.com\/avatar\/049821681b589dabc0bc20695993ccebb09f5b5d4d790cd9251b97faac7c652b?s=96&d=blank&r=g","caption":"enequipo"},"sameAs":["https:\/\/www.facebook.com\/SonoraEE"]}]}},"jetpack_featured_media_url":"https:\/\/www.sonoraenequipo.com.mx\/storage\/2022\/10\/wendy-bricenopie-de-casa.jpg","_links":{"self":[{"href":"https:\/\/www.sonoraenequipo.com.mx\/api\/wp\/v2\/posts\/148822","targetHints":{"allow":["GET"]}}],"collection":[{"href":"https:\/\/www.sonoraenequipo.com.mx\/api\/wp\/v2\/posts"}],"about":[{"href":"https:\/\/www.sonoraenequipo.com.mx\/api\/wp\/v2\/types\/post"}],"author":[{"embeddable":true,"href":"https:\/\/www.sonoraenequipo.com.mx\/api\/wp\/v2\/users\/1"}],"replies":[{"embeddable":true,"href":"https:\/\/www.sonoraenequipo.com.mx\/api\/wp\/v2\/comments?post=148822"}],"version-history":[{"count":1,"href":"https:\/\/www.sonoraenequipo.com.mx\/api\/wp\/v2\/posts\/148822\/revisions"}],"predecessor-version":[{"id":148824,"href":"https:\/\/www.sonoraenequipo.com.mx\/api\/wp\/v2\/posts\/148822\/revisions\/148824"}],"wp:featuredmedia":[{"embeddable":true,"href":"https:\/\/www.sonoraenequipo.com.mx\/api\/wp\/v2\/media\/148823"}],"wp:attachment":[{"href":"https:\/\/www.sonoraenequipo.com.mx\/api\/wp\/v2\/media?parent=148822"}],"wp:term":[{"taxonomy":"category","embeddable":true,"href":"https:\/\/www.sonoraenequipo.com.mx\/api\/wp\/v2\/categories?post=148822"},{"taxonomy":"post_tag","embeddable":true,"href":"https:\/\/www.sonoraenequipo.com.mx\/api\/wp\/v2\/tags?post=148822"}],"curies":[{"name":"wp","href":"https:\/\/api.w.org\/{rel}","templated":true}]}}