{"id":148835,"date":"2022-10-09T12:38:36","date_gmt":"2022-10-09T19:38:36","guid":{"rendered":"https:\/\/www.sonoraenequipo.com.mx\/?p=148835"},"modified":"2022-10-09T18:31:10","modified_gmt":"2022-10-10T01:31:10","slug":"cae-presunto-responsable-de-homicidio-del-nino-liam-matias-en-nogales","status":"publish","type":"post","link":"https:\/\/www.sonoraenequipo.com.mx\/cae-presunto-responsable-de-homicidio-del-nino-liam-matias-en-nogales\/","title":{"rendered":"Cae presunto responsable de homicidio del ni\u00f1o Liam Mat\u00edas en Nogales"},"content":{"rendered":"<p><strong>NOGALES, SONORA,MX.<\/strong><strong>\u2500\u2500 <\/strong>Como probable responsable del homicidio de un ni\u00f1o de 1 a\u00f1o 7 meses, elementos de la Agencia Ministerial de Investigaci\u00f3n Criminal (AMIC), de la Fiscal\u00eda de Sonora, aprehendieron al padrastro Carlos Miguel \u201cN.\u201d.<\/p>\n<p>&nbsp;<\/p>\n<p>Los agentes AMIC de la Fiscal\u00eda General de Justicia del Estado de Sonora (FGJE) cumplimentaron, el viernes 7 de octubre, la orden de aprehensi\u00f3n por los delitos homicidio infantil y violencia familiar equiparada en agravio de Liam Mat\u00edas y Mar\u00eda Josefina.<\/p>\n<p>&nbsp;<\/p>\n<p>Al ser presentado ante el Juez, en Audiencia Inicial se le imputaron los delitos y se dict\u00f3 la prisi\u00f3n preventiva; la defensa del sujeto solicit\u00f3 la ampliaci\u00f3n del t\u00e9rmino a 144 horas para la resoluci\u00f3n de la vinculaci\u00f3n a proceso, qued\u00f3 para el 12 de octubre.<\/p>\n<p>&nbsp;<\/p>\n<p>Datos de pruebas recabadas por la Trilog\u00eda Investigadora, sustentadas de manera cient\u00edfica, se estableci\u00f3 su probable responsabilidad en la privaci\u00f3n de la vida del menor, quien present\u00f3 traumatismo craneoencef\u00e1lico severo, edema cerebral y golpes diversos.<\/p>\n<p>&nbsp;<\/p>\n<p>En la investigaci\u00f3n realizada por el Agente del Ministerio P\u00fablico, Agentes Ministeriales de Investigaci\u00f3n Criminal y Peritos,\u00a0 se determin\u00f3 que el deceso del ni\u00f1o no fue por ca\u00edda, como hab\u00eda supuestamente manifest\u00f3 el padrastro de 39 a\u00f1os, originario de la Ciudad M\u00e9xico, el pasado viernes 5 de octubre.<\/p>\n<p>&nbsp;<\/p>\n<p>El menor lleg\u00f3 sin vida a las instalaciones de la Cruz Roja, a donde fue llevado despu\u00e9s de desfallecerse, donde le detectaron signos de violencia en varias partes del cuerpo, por lo que de inmediato se iniciaron con las indagatorias correspondientes.<\/p>\n<p>&nbsp;<\/p>\n<p>La investigaci\u00f3n arroj\u00f3 que la madre del peque\u00f1o tambi\u00e9n era v\u00edctima de violencia familiar, por lo cual se le brinda atenci\u00f3n y acompa\u00f1amiento psicol\u00f3gico,\u00a0 por personal del Centro de Atenci\u00f3n a V\u00edctima (CAVID), de esta Fiscal\u00eda Estatal.<\/p>\n<p><strong><u>Fecha de publicaci\u00f3n domingo 9 de octubre de 2022<\/u><\/strong><\/p>\n","protected":false},"excerpt":{"rendered":"<p>NOGALES, SONORA,MX.\u2500\u2500 Como probable responsable del homicidio de un ni\u00f1o de 1 a\u00f1o 7 meses,&#8230;<\/p>\n","protected":false},"author":1,"featured_media":148836,"comment_status":"open","ping_status":"open","sticky":false,"template":"","format":"standard","meta":{"_monsterinsights_skip_tracking":false,"_monsterinsights_sitenote_active":false,"_monsterinsights_sitenote_note":"","_monsterinsights_sitenote_category":0,"footnotes":""},"categories":[3144],"tags":[7604],"class_list":["post"],"yoast_head":" \n<title>Sonora en Equipo. Cae presunto responsable de homicidio del ni\u00f1o Liam Mat\u00edas en Nogales Polic\u00edaca<\/title>\n<meta name=\"description\" content=\"NOGALES, SONORA,MX.\u2500\u2500 Como probable responsable del homicidio de un ni\u00f1o de 1 a\u00f1o 7 meses, elementos de la Agencia Ministerial de Investigaci\u00f3n Criminal En Sonora en Equipo publicamos toda la informaci\u00f3n de Sonora, M\u00e9xico y el Mundo de manera oportuna y busca que la libertad de expresi\u00f3n sea real. Visita nuestro medio informativo publicado desde Hermosillo, Sonora. %\" \/>\n<meta name=\"robots\" content=\"index, follow, max-snippet:-1, max-image-preview:large, max-video-preview:-1\" \/>\n<link rel=\"canonical\" href=\"https:\/\/www.sonoraenequipo.com.mx\/cae-presunto-responsable-de-homicidio-del-nino-liam-matias-en-nogales\/\" \/>\n<meta property=\"og:locale\" content=\"es_ES\" \/>\n<meta property=\"og:type\" content=\"article\" \/>\n<meta property=\"og:title\" content=\"Sonora en Equipo. Cae presunto responsable de homicidio del ni\u00f1o Liam Mat\u00edas en Nogales Polic\u00edaca\" \/>\n<meta property=\"og:description\" content=\"NOGALES, SONORA,MX.\u2500\u2500 Como probable responsable del homicidio de un ni\u00f1o de 1 a\u00f1o 7 meses, elementos de la Agencia Ministerial de Investigaci\u00f3n Criminal En Sonora en Equipo publicamos toda la informaci\u00f3n de Sonora, M\u00e9xico y el Mundo de manera oportuna y busca que la libertad de expresi\u00f3n sea real. Visita nuestro medio informativo publicado desde Hermosillo, Sonora. %\" \/>\n<meta property=\"og:url\" content=\"https:\/\/www.sonoraenequipo.com.mx\/cae-presunto-responsable-de-homicidio-del-nino-liam-matias-en-nogales\/\" \/>\n<meta property=\"og:site_name\" content=\"Sonora en Equipo.\" \/>\n<meta property=\"article:publisher\" content=\"https:\/\/www.facebook.com\/SonoraEE\/\" \/>\n<meta property=\"article:author\" content=\"https:\/\/www.facebook.com\/SonoraEE\" \/>\n<meta property=\"article:published_time\" content=\"2022-10-09T19:38:36+00:00\" \/>\n<meta property=\"article:modified_time\" content=\"2022-10-10T01:31:10+00:00\" \/>\n<meta property=\"og:image\" content=\"https:\/\/www.sonoraenequipo.com.mx\/storage\/2022\/10\/LIAM.jpg\" \/>\n\t<meta property=\"og:image:width\" content=\"700\" \/>\n\t<meta property=\"og:image:height\" content=\"500\" \/>\n\t<meta property=\"og:image:type\" content=\"image\/jpeg\" \/>\n<meta name=\"author\" content=\"enequipo\" \/>\n<meta name=\"twitter:card\" content=\"summary_large_image\" \/>\n<meta name=\"twitter:creator\" content=\"@sonoraenequipo\" \/>\n<meta name=\"twitter:site\" content=\"@sonoraenequipo\" \/>\n<meta name=\"twitter:label1\" content=\"Escrito por\" \/>\n\t<meta name=\"twitter:data1\" content=\"enequipo\" \/>\n\t<meta name=\"twitter:label2\" content=\"Tiempo de lectura\" \/>\n\t<meta name=\"twitter:data2\" content=\"2 minutos\" \/>\n<script type=\"application\/ld+json\" class=\"yoast-schema-graph\">{\"@context\":\"https:\/\/schema.org\",\"@graph\":[{\"@type\":\"Article\",\"@id\":\"https:\/\/www.sonoraenequipo.com.mx\/cae-presunto-responsable-de-homicidio-del-nino-liam-matias-en-nogales\/#article\",\"isPartOf\":{\"@id\":\"https:\/\/www.sonoraenequipo.com.mx\/cae-presunto-responsable-de-homicidio-del-nino-liam-matias-en-nogales\/\"},\"author\":{\"name\":\"enequipo\",\"@id\":\"https:\/\/www.sonoraenequipo.com.mx\/#\/schema\/person\/50102df0fb23a8fa9e8effad8fa81386\"},\"headline\":\"Cae presunto responsable de homicidio del ni\u00f1o Liam Mat\u00edas en Nogales\",\"datePublished\":\"2022-10-09T19:38:36+00:00\",\"dateModified\":\"2022-10-10T01:31:10+00:00\",\"mainEntityOfPage\":{\"@id\":\"https:\/\/www.sonoraenequipo.com.mx\/cae-presunto-responsable-de-homicidio-del-nino-liam-matias-en-nogales\/\"},\"wordCount\":340,\"commentCount\":0,\"publisher\":{\"@id\":\"https:\/\/www.sonoraenequipo.com.mx\/#organization\"},\"image\":{\"@id\":\"https:\/\/www.sonoraenequipo.com.mx\/cae-presunto-responsable-de-homicidio-del-nino-liam-matias-en-nogales\/#primaryimage\"},\"thumbnailUrl\":\"https:\/\/www.sonoraenequipo.com.mx\/storage\/2022\/10\/LIAM.jpg\",\"keywords\":[\"liammatias\"],\"articleSection\":[\"Polic\u00edaca\"],\"inLanguage\":\"es\",\"potentialAction\":[{\"@type\":\"CommentAction\",\"name\":\"Comment\",\"target\":[\"https:\/\/www.sonoraenequipo.com.mx\/cae-presunto-responsable-de-homicidio-del-nino-liam-matias-en-nogales\/#respond\"]}]},{\"@type\":\"WebPage\",\"@id\":\"https:\/\/www.sonoraenequipo.com.mx\/cae-presunto-responsable-de-homicidio-del-nino-liam-matias-en-nogales\/\",\"url\":\"https:\/\/www.sonoraenequipo.com.mx\/cae-presunto-responsable-de-homicidio-del-nino-liam-matias-en-nogales\/\",\"name\":\"Sonora en Equipo. Cae presunto responsable de homicidio del ni\u00f1o Liam Mat\u00edas en Nogales Polic\u00edaca\",\"isPartOf\":{\"@id\":\"https:\/\/www.sonoraenequipo.com.mx\/#website\"},\"primaryImageOfPage\":{\"@id\":\"https:\/\/www.sonoraenequipo.com.mx\/cae-presunto-responsable-de-homicidio-del-nino-liam-matias-en-nogales\/#primaryimage\"},\"image\":{\"@id\":\"https:\/\/www.sonoraenequipo.com.mx\/cae-presunto-responsable-de-homicidio-del-nino-liam-matias-en-nogales\/#primaryimage\"},\"thumbnailUrl\":\"https:\/\/www.sonoraenequipo.com.mx\/storage\/2022\/10\/LIAM.jpg\",\"datePublished\":\"2022-10-09T19:38:36+00:00\",\"dateModified\":\"2022-10-10T01:31:10+00:00\",\"description\":\"NOGALES, SONORA,MX.\u2500\u2500 Como probable responsable del homicidio de un ni\u00f1o de 1 a\u00f1o 7 meses, elementos de la Agencia Ministerial de Investigaci\u00f3n Criminal En Sonora en Equipo publicamos toda la informaci\u00f3n de Sonora, M\u00e9xico y el Mundo de manera oportuna y busca que la libertad de expresi\u00f3n sea real. Visita nuestro medio informativo publicado desde Hermosillo, Sonora. %\",\"breadcrumb\":{\"@id\":\"https:\/\/www.sonoraenequipo.com.mx\/cae-presunto-responsable-de-homicidio-del-nino-liam-matias-en-nogales\/#breadcrumb\"},\"inLanguage\":\"es\",\"potentialAction\":[{\"@type\":\"ReadAction\",\"target\":[\"https:\/\/www.sonoraenequipo.com.mx\/cae-presunto-responsable-de-homicidio-del-nino-liam-matias-en-nogales\/\"]}]},{\"@type\":\"ImageObject\",\"inLanguage\":\"es\",\"@id\":\"https:\/\/www.sonoraenequipo.com.mx\/cae-presunto-responsable-de-homicidio-del-nino-liam-matias-en-nogales\/#primaryimage\",\"url\":\"https:\/\/www.sonoraenequipo.com.mx\/storage\/2022\/10\/LIAM.jpg\",\"contentUrl\":\"https:\/\/www.sonoraenequipo.com.mx\/storage\/2022\/10\/LIAM.jpg\",\"width\":700,\"height\":500},{\"@type\":\"BreadcrumbList\",\"@id\":\"https:\/\/www.sonoraenequipo.com.mx\/cae-presunto-responsable-de-homicidio-del-nino-liam-matias-en-nogales\/#breadcrumb\",\"itemListElement\":[{\"@type\":\"ListItem\",\"position\":1,\"name\":\"Portada\",\"item\":\"https:\/\/www.sonoraenequipo.com.mx\/\"},{\"@type\":\"ListItem\",\"position\":2,\"name\":\"Cae presunto responsable de homicidio del ni\u00f1o Liam Mat\u00edas en Nogales\"}]},{\"@type\":\"WebSite\",\"@id\":\"https:\/\/www.sonoraenequipo.com.mx\/#website\",\"url\":\"https:\/\/www.sonoraenequipo.com.mx\/\",\"name\":\"Sonora en Equipo.\",\"description\":\"Diario en l\u00ednea con Noticias desde Hermosillo, Sonora\",\"publisher\":{\"@id\":\"https:\/\/www.sonoraenequipo.com.mx\/#organization\"},\"potentialAction\":[{\"@type\":\"SearchAction\",\"target\":{\"@type\":\"EntryPoint\",\"urlTemplate\":\"https:\/\/www.sonoraenequipo.com.mx\/?s={search_term_string}\"},\"query-input\":{\"@type\":\"PropertyValueSpecification\",\"valueRequired\":true,\"valueName\":\"search_term_string\"}}],\"inLanguage\":\"es\"},{\"@type\":\"Organization\",\"@id\":\"https:\/\/www.sonoraenequipo.com.mx\/#organization\",\"name\":\"Sonoraenequipo.com.mx\",\"url\":\"https:\/\/www.sonoraenequipo.com.mx\/\",\"logo\":{\"@type\":\"ImageObject\",\"inLanguage\":\"es\",\"@id\":\"https:\/\/www.sonoraenequipo.com.mx\/#\/schema\/logo\/image\/\",\"url\":\"https:\/\/www.sonoraenequipo.com.mx\/storage\/2019\/01\/sonoraenequipo_opt.png\",\"contentUrl\":\"https:\/\/www.sonoraenequipo.com.mx\/storage\/2019\/01\/sonoraenequipo_opt.png\",\"width\":375,\"height\":125,\"caption\":\"Sonoraenequipo.com.mx\"},\"image\":{\"@id\":\"https:\/\/www.sonoraenequipo.com.mx\/#\/schema\/logo\/image\/\"},\"sameAs\":[\"https:\/\/www.facebook.com\/SonoraEE\/\",\"https:\/\/x.com\/sonoraenequipo\",\"https:\/\/www.youtube.com\/channel\/UC338nW-lPEYmJQs4ZABQ1SQ\"]},{\"@type\":\"Person\",\"@id\":\"https:\/\/www.sonoraenequipo.com.mx\/#\/schema\/person\/50102df0fb23a8fa9e8effad8fa81386\",\"name\":\"enequipo\",\"image\":{\"@type\":\"ImageObject\",\"inLanguage\":\"es\",\"@id\":\"https:\/\/www.sonoraenequipo.com.mx\/#\/schema\/person\/image\/\",\"url\":\"https:\/\/secure.gravatar.com\/avatar\/049821681b589dabc0bc20695993ccebb09f5b5d4d790cd9251b97faac7c652b?s=96&d=blank&r=g\",\"contentUrl\":\"https:\/\/secure.gravatar.com\/avatar\/049821681b589dabc0bc20695993ccebb09f5b5d4d790cd9251b97faac7c652b?s=96&d=blank&r=g\",\"caption\":\"enequipo\"},\"sameAs\":[\"https:\/\/www.facebook.com\/SonoraEE\"]}]}<\/script>\n ","yoast_head_json":{"title":"Sonora en Equipo. Cae presunto responsable de homicidio del ni\u00f1o Liam Mat\u00edas en Nogales Polic\u00edaca","description":"NOGALES, SONORA,MX.\u2500\u2500 Como probable responsable del homicidio de un ni\u00f1o de 1 a\u00f1o 7 meses, elementos de la Agencia Ministerial de Investigaci\u00f3n Criminal En Sonora en Equipo publicamos toda la informaci\u00f3n de Sonora, M\u00e9xico y el Mundo de manera oportuna y busca que la libertad de expresi\u00f3n sea real. Visita nuestro medio informativo publicado desde Hermosillo, Sonora. %","robots":{"index":"index","follow":"follow","max-snippet":"max-snippet:-1","max-image-preview":"max-image-preview:large","max-video-preview":"max-video-preview:-1"},"canonical":"https:\/\/www.sonoraenequipo.com.mx\/cae-presunto-responsable-de-homicidio-del-nino-liam-matias-en-nogales\/","og_locale":"es_ES","og_type":"article","og_title":"Sonora en Equipo. Cae presunto responsable de homicidio del ni\u00f1o Liam Mat\u00edas en Nogales Polic\u00edaca","og_description":"NOGALES, SONORA,MX.\u2500\u2500 Como probable responsable del homicidio de un ni\u00f1o de 1 a\u00f1o 7 meses, elementos de la Agencia Ministerial de Investigaci\u00f3n Criminal En Sonora en Equipo publicamos toda la informaci\u00f3n de Sonora, M\u00e9xico y el Mundo de manera oportuna y busca que la libertad de expresi\u00f3n sea real. Visita nuestro medio informativo publicado desde Hermosillo, Sonora. %","og_url":"https:\/\/www.sonoraenequipo.com.mx\/cae-presunto-responsable-de-homicidio-del-nino-liam-matias-en-nogales\/","og_site_name":"Sonora en Equipo.","article_publisher":"https:\/\/www.facebook.com\/SonoraEE\/","article_author":"https:\/\/www.facebook.com\/SonoraEE","article_published_time":"2022-10-09T19:38:36+00:00","article_modified_time":"2022-10-10T01:31:10+00:00","og_image":[{"width":700,"height":500,"url":"https:\/\/www.sonoraenequipo.com.mx\/storage\/2022\/10\/LIAM.jpg","type":"image\/jpeg"}],"author":"enequipo","twitter_card":"summary_large_image","twitter_creator":"@sonoraenequipo","twitter_site":"@sonoraenequipo","twitter_misc":{"Escrito por":"enequipo","Tiempo de lectura":"2 minutos"},"schema":{"@context":"https:\/\/schema.org","@graph":[{"@type":"Article","@id":"https:\/\/www.sonoraenequipo.com.mx\/cae-presunto-responsable-de-homicidio-del-nino-liam-matias-en-nogales\/#article","isPartOf":{"@id":"https:\/\/www.sonoraenequipo.com.mx\/cae-presunto-responsable-de-homicidio-del-nino-liam-matias-en-nogales\/"},"author":{"name":"enequipo","@id":"https:\/\/www.sonoraenequipo.com.mx\/#\/schema\/person\/50102df0fb23a8fa9e8effad8fa81386"},"headline":"Cae presunto responsable de homicidio del ni\u00f1o Liam Mat\u00edas en Nogales","datePublished":"2022-10-09T19:38:36+00:00","dateModified":"2022-10-10T01:31:10+00:00","mainEntityOfPage":{"@id":"https:\/\/www.sonoraenequipo.com.mx\/cae-presunto-responsable-de-homicidio-del-nino-liam-matias-en-nogales\/"},"wordCount":340,"commentCount":0,"publisher":{"@id":"https:\/\/www.sonoraenequipo.com.mx\/#organization"},"image":{"@id":"https:\/\/www.sonoraenequipo.com.mx\/cae-presunto-responsable-de-homicidio-del-nino-liam-matias-en-nogales\/#primaryimage"},"thumbnailUrl":"https:\/\/www.sonoraenequipo.com.mx\/storage\/2022\/10\/LIAM.jpg","keywords":["liammatias"],"articleSection":["Polic\u00edaca"],"inLanguage":"es","potentialAction":[{"@type":"CommentAction","name":"Comment","target":["https:\/\/www.sonoraenequipo.com.mx\/cae-presunto-responsable-de-homicidio-del-nino-liam-matias-en-nogales\/#respond"]}]},{"@type":"WebPage","@id":"https:\/\/www.sonoraenequipo.com.mx\/cae-presunto-responsable-de-homicidio-del-nino-liam-matias-en-nogales\/","url":"https:\/\/www.sonoraenequipo.com.mx\/cae-presunto-responsable-de-homicidio-del-nino-liam-matias-en-nogales\/","name":"Sonora en Equipo. Cae presunto responsable de homicidio del ni\u00f1o Liam Mat\u00edas en Nogales Polic\u00edaca","isPartOf":{"@id":"https:\/\/www.sonoraenequipo.com.mx\/#website"},"primaryImageOfPage":{"@id":"https:\/\/www.sonoraenequipo.com.mx\/cae-presunto-responsable-de-homicidio-del-nino-liam-matias-en-nogales\/#primaryimage"},"image":{"@id":"https:\/\/www.sonoraenequipo.com.mx\/cae-presunto-responsable-de-homicidio-del-nino-liam-matias-en-nogales\/#primaryimage"},"thumbnailUrl":"https:\/\/www.sonoraenequipo.com.mx\/storage\/2022\/10\/LIAM.jpg","datePublished":"2022-10-09T19:38:36+00:00","dateModified":"2022-10-10T01:31:10+00:00","description":"NOGALES, SONORA,MX.\u2500\u2500 Como probable responsable del homicidio de un ni\u00f1o de 1 a\u00f1o 7 meses, elementos de la Agencia Ministerial de Investigaci\u00f3n Criminal En Sonora en Equipo publicamos toda la informaci\u00f3n de Sonora, M\u00e9xico y el Mundo de manera oportuna y busca que la libertad de expresi\u00f3n sea real. Visita nuestro medio informativo publicado desde Hermosillo, Sonora. %","breadcrumb":{"@id":"https:\/\/www.sonoraenequipo.com.mx\/cae-presunto-responsable-de-homicidio-del-nino-liam-matias-en-nogales\/#breadcrumb"},"inLanguage":"es","potentialAction":[{"@type":"ReadAction","target":["https:\/\/www.sonoraenequipo.com.mx\/cae-presunto-responsable-de-homicidio-del-nino-liam-matias-en-nogales\/"]}]},{"@type":"ImageObject","inLanguage":"es","@id":"https:\/\/www.sonoraenequipo.com.mx\/cae-presunto-responsable-de-homicidio-del-nino-liam-matias-en-nogales\/#primaryimage","url":"https:\/\/www.sonoraenequipo.com.mx\/storage\/2022\/10\/LIAM.jpg","contentUrl":"https:\/\/www.sonoraenequipo.com.mx\/storage\/2022\/10\/LIAM.jpg","width":700,"height":500},{"@type":"BreadcrumbList","@id":"https:\/\/www.sonoraenequipo.com.mx\/cae-presunto-responsable-de-homicidio-del-nino-liam-matias-en-nogales\/#breadcrumb","itemListElement":[{"@type":"ListItem","position":1,"name":"Portada","item":"https:\/\/www.sonoraenequipo.com.mx\/"},{"@type":"ListItem","position":2,"name":"Cae presunto responsable de homicidio del ni\u00f1o Liam Mat\u00edas en Nogales"}]},{"@type":"WebSite","@id":"https:\/\/www.sonoraenequipo.com.mx\/#website","url":"https:\/\/www.sonoraenequipo.com.mx\/","name":"Sonora en Equipo.","description":"Diario en l\u00ednea con Noticias desde Hermosillo, Sonora","publisher":{"@id":"https:\/\/www.sonoraenequipo.com.mx\/#organization"},"potentialAction":[{"@type":"SearchAction","target":{"@type":"EntryPoint","urlTemplate":"https:\/\/www.sonoraenequipo.com.mx\/?s={search_term_string}"},"query-input":{"@type":"PropertyValueSpecification","valueRequired":true,"valueName":"search_term_string"}}],"inLanguage":"es"},{"@type":"Organization","@id":"https:\/\/www.sonoraenequipo.com.mx\/#organization","name":"Sonoraenequipo.com.mx","url":"https:\/\/www.sonoraenequipo.com.mx\/","logo":{"@type":"ImageObject","inLanguage":"es","@id":"https:\/\/www.sonoraenequipo.com.mx\/#\/schema\/logo\/image\/","url":"https:\/\/www.sonoraenequipo.com.mx\/storage\/2019\/01\/sonoraenequipo_opt.png","contentUrl":"https:\/\/www.sonoraenequipo.com.mx\/storage\/2019\/01\/sonoraenequipo_opt.png","width":375,"height":125,"caption":"Sonoraenequipo.com.mx"},"image":{"@id":"https:\/\/www.sonoraenequipo.com.mx\/#\/schema\/logo\/image\/"},"sameAs":["https:\/\/www.facebook.com\/SonoraEE\/","https:\/\/x.com\/sonoraenequipo","https:\/\/www.youtube.com\/channel\/UC338nW-lPEYmJQs4ZABQ1SQ"]},{"@type":"Person","@id":"https:\/\/www.sonoraenequipo.com.mx\/#\/schema\/person\/50102df0fb23a8fa9e8effad8fa81386","name":"enequipo","image":{"@type":"ImageObject","inLanguage":"es","@id":"https:\/\/www.sonoraenequipo.com.mx\/#\/schema\/person\/image\/","url":"https:\/\/secure.gravatar.com\/avatar\/049821681b589dabc0bc20695993ccebb09f5b5d4d790cd9251b97faac7c652b?s=96&d=blank&r=g","contentUrl":"https:\/\/secure.gravatar.com\/avatar\/049821681b589dabc0bc20695993ccebb09f5b5d4d790cd9251b97faac7c652b?s=96&d=blank&r=g","caption":"enequipo"},"sameAs":["https:\/\/www.facebook.com\/SonoraEE"]}]}},"jetpack_featured_media_url":"https:\/\/www.sonoraenequipo.com.mx\/storage\/2022\/10\/LIAM.jpg","_links":{"self":[{"href":"https:\/\/www.sonoraenequipo.com.mx\/api\/wp\/v2\/posts\/148835","targetHints":{"allow":["GET"]}}],"collection":[{"href":"https:\/\/www.sonoraenequipo.com.mx\/api\/wp\/v2\/posts"}],"about":[{"href":"https:\/\/www.sonoraenequipo.com.mx\/api\/wp\/v2\/types\/post"}],"author":[{"embeddable":true,"href":"https:\/\/www.sonoraenequipo.com.mx\/api\/wp\/v2\/users\/1"}],"replies":[{"embeddable":true,"href":"https:\/\/www.sonoraenequipo.com.mx\/api\/wp\/v2\/comments?post=148835"}],"version-history":[{"count":1,"href":"https:\/\/www.sonoraenequipo.com.mx\/api\/wp\/v2\/posts\/148835\/revisions"}],"predecessor-version":[{"id":148837,"href":"https:\/\/www.sonoraenequipo.com.mx\/api\/wp\/v2\/posts\/148835\/revisions\/148837"}],"wp:featuredmedia":[{"embeddable":true,"href":"https:\/\/www.sonoraenequipo.com.mx\/api\/wp\/v2\/media\/148836"}],"wp:attachment":[{"href":"https:\/\/www.sonoraenequipo.com.mx\/api\/wp\/v2\/media?parent=148835"}],"wp:term":[{"taxonomy":"category","embeddable":true,"href":"https:\/\/www.sonoraenequipo.com.mx\/api\/wp\/v2\/categories?post=148835"},{"taxonomy":"post_tag","embeddable":true,"href":"https:\/\/www.sonoraenequipo.com.mx\/api\/wp\/v2\/tags?post=148835"}],"curies":[{"name":"wp","href":"https:\/\/api.w.org\/{rel}","templated":true}]}}