{"id":148844,"date":"2022-10-09T10:35:26","date_gmt":"2022-10-09T17:35:26","guid":{"rendered":"https:\/\/www.sonoraenequipo.com.mx\/?p=148844"},"modified":"2022-10-09T18:43:50","modified_gmt":"2022-10-10T01:43:50","slug":"llegan-las-jornadas-por-la-discapacidad-a-slrc-y-puerto-penasco","status":"publish","type":"post","link":"https:\/\/www.sonoraenequipo.com.mx\/llegan-las-jornadas-por-la-discapacidad-a-slrc-y-puerto-penasco\/","title":{"rendered":"Llegan las Jornadas por la Discapacidad a SLRC y Puerto Pe\u00f1asco"},"content":{"rendered":"<p><strong>PUERTO PE\u00d1ASCO, SONORA. MX.\u2014\u00a0<\/strong> Los servicios del Gobierno de Sonora llegaron para bienestar de las y los habitantes de San Luis R\u00edo Colorado y de Puerto Pe\u00f1asco, a trav\u00e9s del Sistema para el Desarrollo Integral de la Familia (DIF Sonora).<\/p>\n<p>&nbsp;<\/p>\n<p> <\/p>\n<p>Para que nadie se quede atr\u00e1s, ni nadie se quede fuera y bajo una visi\u00f3n municipalista, en seguimiento al compromiso del gobernador Alfonso Durazo, DIF Sonora ha llevado ya las Jornadas por la Discapacidad a 12 municipios de la entidad, con servicios tales como atenci\u00f3n m\u00e9dica especializada, rehabilitaci\u00f3n f\u00edsica, tr\u00e1mite de credencial de discapacidad, tarjet\u00f3n vehicular de estacionamiento, empadronamiento e informaci\u00f3n sobre programas de la dependencia, como Proyectos Productivos y Est\u00edmulos Econ\u00f3micos para Personas con Discapacidad, as\u00ed como programas de la Secretar\u00eda de Bienestar.<\/p>\n<p>&nbsp;<\/p>\n<p>El pasado viernes, en San Luis R\u00edo Colorado, Lorenia Valles Sampedro, titular de DIF Sonora, reconoci\u00f3 la gran coordinaci\u00f3n lograda con DIF municipal, encabezado por su presidenta, Yolanda Orozco, quien estuvo acompa\u00f1ada por el alcalde Santos Gonz\u00e1lez Yescas. Las instituciones municipales se sumaron a la Jornada por la Discapacidad en la que se logr\u00f3 atender a cerca de 600 personas desde las 8:00 de la ma\u00f1ana hasta las 11:00 de la noche.<\/p>\n<p>&nbsp;<\/p>\n<p><strong><em>\u201cEl gobernador Alfonso Durazo y nuestra presidenta de DIF Sonora, Roc\u00edo Ch\u00e1vez Murillo, desde el inicio de esta administraci\u00f3n nos han instruido a trabajar en dos objetivos muy claros: por un lado, mejorar y fortalecer los programas con los que ya contaba el DIF estatal y, por el otro, crear nuevos programas que ayuden a mejorar la calidad de vida de las familias, particularmente de quienes viven con una discapacidad. Por ello, todo el equipo de DIF hemos recorrido miles de kil\u00f3metros acercando todos nuestros servicios para atender a quien m\u00e1s los necesita\u201d<\/em><\/strong> expres\u00f3 Valles Sampedro.<\/p>\n<p>&nbsp;<\/p>\n<p>Este s\u00e1bado, en el municipio de Puerto Pe\u00f1asco, la dependencia atendi\u00f3 a personas del municipio de General Plutarco El\u00edas Calles, en colaboraci\u00f3n con la organizaci\u00f3n M\u00e9dicos por Sonora A.C. y el diputado \u00d3scar Castro Castro, con quienes sum\u00f3 esfuerzos para dar servicios integrales a m\u00e1s de 500 habitantes de la regi\u00f3n, quienes se dieron cita en la Universidad Tecnol\u00f3gica de Puerto Pe\u00f1asco. Ah\u00ed, se cont\u00f3 con la presencia de la regidora de Puerto Pe\u00f1asco, Irma Ru\u00edz Celis, en representaci\u00f3n del alcalde Jorge Pivac Carrillo y de la directora del DIF municipal, Mireya Gast\u00e9lum, as\u00ed como del secretario del ayuntamiento, Jos\u00e9 Gustavo Sol\u00eds.<\/p>\n<p>&nbsp;<\/p>\n<p>Finalmente, a trav\u00e9s del programa de est\u00edmulos econ\u00f3micos para personas con discapacidad, se hizo entrega de dos proyectos productivos para ciudadanos de Puerto Pe\u00f1asco. A Jes\u00fas Vazquez S\u00e1nchez se le entreg\u00f3 el material para poder emprender su negocio de carpinter\u00eda y a Jorge Ulises Palma Nava se dot\u00f3 con equipamiento para su cocina econ\u00f3mica en la que vender\u00e1 tamales. Con estos apoyos, ambas personas podr\u00e1n mejorar las condiciones de vida de sus familias.<\/p>\n<p>&nbsp;<\/p>\n<p>Hasta el momento, el sistema DIF Sonora ha llevado la Jornada por la Discapacidad a los municipios de Guaymas, Magdalena de Kino, Nogales, Moctezuma, Ciudad Obreg\u00f3n, Hermosillo (poblado Miguel Alem\u00e1n), Etchojoa, Sahuaripa, Bavispe, San Luis R\u00edo Colorado y Puerto Pe\u00f1asco.<br \/>\n&nbsp;<\/p>\n<p>PUBLICADO EL 08\/OCTUBRE DE 2022)<\/p>\n","protected":false},"excerpt":{"rendered":"<p>PUERTO PE\u00d1ASCO, SONORA. MX.\u2014\u00a0 Los servicios del Gobierno de Sonora llegaron para bienestar de las&#8230;<\/p>\n","protected":false},"author":1,"featured_media":148847,"comment_status":"open","ping_status":"open","sticky":false,"template":"","format":"standard","meta":{"_monsterinsights_skip_tracking":false,"_monsterinsights_sitenote_active":false,"_monsterinsights_sitenote_note":"","_monsterinsights_sitenote_category":0,"footnotes":""},"categories":[22],"tags":[],"class_list":["post"],"yoast_head":" \n<title>Sonora en Equipo. Llegan las Jornadas por la Discapacidad a SLRC y Puerto Pe\u00f1asco Sonora<\/title>\n<meta name=\"description\" content=\"PUERTO PE\u00d1ASCO, SONORA. MX.\u2014\u00a0 Los servicios del Gobierno de Sonora llegaron para bienestar de las y los habitantes de San Luis R\u00edo Colorado y de Puerto En Sonora en Equipo publicamos toda la informaci\u00f3n de Sonora, M\u00e9xico y el Mundo de manera oportuna y busca que la libertad de expresi\u00f3n sea real. Visita nuestro medio informativo publicado desde Hermosillo, Sonora. %\" \/>\n<meta name=\"robots\" content=\"index, follow, max-snippet:-1, max-image-preview:large, max-video-preview:-1\" \/>\n<link rel=\"canonical\" href=\"https:\/\/www.sonoraenequipo.com.mx\/llegan-las-jornadas-por-la-discapacidad-a-slrc-y-puerto-penasco\/\" \/>\n<meta property=\"og:locale\" content=\"es_ES\" \/>\n<meta property=\"og:type\" content=\"article\" \/>\n<meta property=\"og:title\" content=\"Sonora en Equipo. Llegan las Jornadas por la Discapacidad a SLRC y Puerto Pe\u00f1asco Sonora\" \/>\n<meta property=\"og:description\" content=\"PUERTO PE\u00d1ASCO, SONORA. MX.\u2014\u00a0 Los servicios del Gobierno de Sonora llegaron para bienestar de las y los habitantes de San Luis R\u00edo Colorado y de Puerto En Sonora en Equipo publicamos toda la informaci\u00f3n de Sonora, M\u00e9xico y el Mundo de manera oportuna y busca que la libertad de expresi\u00f3n sea real. Visita nuestro medio informativo publicado desde Hermosillo, Sonora. %\" \/>\n<meta property=\"og:url\" content=\"https:\/\/www.sonoraenequipo.com.mx\/llegan-las-jornadas-por-la-discapacidad-a-slrc-y-puerto-penasco\/\" \/>\n<meta property=\"og:site_name\" content=\"Sonora en Equipo.\" \/>\n<meta property=\"article:publisher\" content=\"https:\/\/www.facebook.com\/SonoraEE\/\" \/>\n<meta property=\"article:author\" content=\"https:\/\/www.facebook.com\/SonoraEE\" \/>\n<meta property=\"article:published_time\" content=\"2022-10-09T17:35:26+00:00\" \/>\n<meta property=\"article:modified_time\" content=\"2022-10-10T01:43:50+00:00\" \/>\n<meta property=\"og:image\" content=\"https:\/\/www.sonoraenequipo.com.mx\/storage\/2022\/10\/jornada-x-discapcidad-ppenasco.jpg\" \/>\n\t<meta property=\"og:image:width\" content=\"900\" \/>\n\t<meta property=\"og:image:height\" content=\"515\" \/>\n\t<meta property=\"og:image:type\" content=\"image\/jpeg\" \/>\n<meta name=\"author\" content=\"enequipo\" \/>\n<meta name=\"twitter:card\" content=\"summary_large_image\" \/>\n<meta name=\"twitter:creator\" content=\"@sonoraenequipo\" \/>\n<meta name=\"twitter:site\" content=\"@sonoraenequipo\" \/>\n<meta name=\"twitter:label1\" content=\"Escrito por\" \/>\n\t<meta name=\"twitter:data1\" content=\"enequipo\" \/>\n\t<meta name=\"twitter:label2\" content=\"Tiempo de lectura\" \/>\n\t<meta name=\"twitter:data2\" content=\"3 minutos\" \/>\n<script type=\"application\/ld+json\" class=\"yoast-schema-graph\">{\"@context\":\"https:\/\/schema.org\",\"@graph\":[{\"@type\":\"Article\",\"@id\":\"https:\/\/www.sonoraenequipo.com.mx\/llegan-las-jornadas-por-la-discapacidad-a-slrc-y-puerto-penasco\/#article\",\"isPartOf\":{\"@id\":\"https:\/\/www.sonoraenequipo.com.mx\/llegan-las-jornadas-por-la-discapacidad-a-slrc-y-puerto-penasco\/\"},\"author\":{\"name\":\"enequipo\",\"@id\":\"https:\/\/www.sonoraenequipo.com.mx\/#\/schema\/person\/50102df0fb23a8fa9e8effad8fa81386\"},\"headline\":\"Llegan las Jornadas por la Discapacidad a SLRC y Puerto Pe\u00f1asco\",\"datePublished\":\"2022-10-09T17:35:26+00:00\",\"dateModified\":\"2022-10-10T01:43:50+00:00\",\"mainEntityOfPage\":{\"@id\":\"https:\/\/www.sonoraenequipo.com.mx\/llegan-las-jornadas-por-la-discapacidad-a-slrc-y-puerto-penasco\/\"},\"wordCount\":580,\"commentCount\":0,\"publisher\":{\"@id\":\"https:\/\/www.sonoraenequipo.com.mx\/#organization\"},\"image\":{\"@id\":\"https:\/\/www.sonoraenequipo.com.mx\/llegan-las-jornadas-por-la-discapacidad-a-slrc-y-puerto-penasco\/#primaryimage\"},\"thumbnailUrl\":\"https:\/\/www.sonoraenequipo.com.mx\/storage\/2022\/10\/jornada-x-discapcidad-ppenasco.jpg\",\"articleSection\":[\"Sonora\"],\"inLanguage\":\"es\",\"potentialAction\":[{\"@type\":\"CommentAction\",\"name\":\"Comment\",\"target\":[\"https:\/\/www.sonoraenequipo.com.mx\/llegan-las-jornadas-por-la-discapacidad-a-slrc-y-puerto-penasco\/#respond\"]}]},{\"@type\":\"WebPage\",\"@id\":\"https:\/\/www.sonoraenequipo.com.mx\/llegan-las-jornadas-por-la-discapacidad-a-slrc-y-puerto-penasco\/\",\"url\":\"https:\/\/www.sonoraenequipo.com.mx\/llegan-las-jornadas-por-la-discapacidad-a-slrc-y-puerto-penasco\/\",\"name\":\"Sonora en Equipo. Llegan las Jornadas por la Discapacidad a SLRC y Puerto Pe\u00f1asco Sonora\",\"isPartOf\":{\"@id\":\"https:\/\/www.sonoraenequipo.com.mx\/#website\"},\"primaryImageOfPage\":{\"@id\":\"https:\/\/www.sonoraenequipo.com.mx\/llegan-las-jornadas-por-la-discapacidad-a-slrc-y-puerto-penasco\/#primaryimage\"},\"image\":{\"@id\":\"https:\/\/www.sonoraenequipo.com.mx\/llegan-las-jornadas-por-la-discapacidad-a-slrc-y-puerto-penasco\/#primaryimage\"},\"thumbnailUrl\":\"https:\/\/www.sonoraenequipo.com.mx\/storage\/2022\/10\/jornada-x-discapcidad-ppenasco.jpg\",\"datePublished\":\"2022-10-09T17:35:26+00:00\",\"dateModified\":\"2022-10-10T01:43:50+00:00\",\"description\":\"PUERTO PE\u00d1ASCO, SONORA. MX.\u2014\u00a0 Los servicios del Gobierno de Sonora llegaron para bienestar de las y los habitantes de San Luis R\u00edo Colorado y de Puerto En Sonora en Equipo publicamos toda la informaci\u00f3n de Sonora, M\u00e9xico y el Mundo de manera oportuna y busca que la libertad de expresi\u00f3n sea real. Visita nuestro medio informativo publicado desde Hermosillo, Sonora. %\",\"breadcrumb\":{\"@id\":\"https:\/\/www.sonoraenequipo.com.mx\/llegan-las-jornadas-por-la-discapacidad-a-slrc-y-puerto-penasco\/#breadcrumb\"},\"inLanguage\":\"es\",\"potentialAction\":[{\"@type\":\"ReadAction\",\"target\":[\"https:\/\/www.sonoraenequipo.com.mx\/llegan-las-jornadas-por-la-discapacidad-a-slrc-y-puerto-penasco\/\"]}]},{\"@type\":\"ImageObject\",\"inLanguage\":\"es\",\"@id\":\"https:\/\/www.sonoraenequipo.com.mx\/llegan-las-jornadas-por-la-discapacidad-a-slrc-y-puerto-penasco\/#primaryimage\",\"url\":\"https:\/\/www.sonoraenequipo.com.mx\/storage\/2022\/10\/jornada-x-discapcidad-ppenasco.jpg\",\"contentUrl\":\"https:\/\/www.sonoraenequipo.com.mx\/storage\/2022\/10\/jornada-x-discapcidad-ppenasco.jpg\",\"width\":900,\"height\":515},{\"@type\":\"BreadcrumbList\",\"@id\":\"https:\/\/www.sonoraenequipo.com.mx\/llegan-las-jornadas-por-la-discapacidad-a-slrc-y-puerto-penasco\/#breadcrumb\",\"itemListElement\":[{\"@type\":\"ListItem\",\"position\":1,\"name\":\"Portada\",\"item\":\"https:\/\/www.sonoraenequipo.com.mx\/\"},{\"@type\":\"ListItem\",\"position\":2,\"name\":\"Llegan las Jornadas por la Discapacidad a SLRC y Puerto Pe\u00f1asco\"}]},{\"@type\":\"WebSite\",\"@id\":\"https:\/\/www.sonoraenequipo.com.mx\/#website\",\"url\":\"https:\/\/www.sonoraenequipo.com.mx\/\",\"name\":\"Sonora en Equipo.\",\"description\":\"Diario en l\u00ednea con Noticias desde Hermosillo, Sonora\",\"publisher\":{\"@id\":\"https:\/\/www.sonoraenequipo.com.mx\/#organization\"},\"potentialAction\":[{\"@type\":\"SearchAction\",\"target\":{\"@type\":\"EntryPoint\",\"urlTemplate\":\"https:\/\/www.sonoraenequipo.com.mx\/?s={search_term_string}\"},\"query-input\":{\"@type\":\"PropertyValueSpecification\",\"valueRequired\":true,\"valueName\":\"search_term_string\"}}],\"inLanguage\":\"es\"},{\"@type\":\"Organization\",\"@id\":\"https:\/\/www.sonoraenequipo.com.mx\/#organization\",\"name\":\"Sonoraenequipo.com.mx\",\"url\":\"https:\/\/www.sonoraenequipo.com.mx\/\",\"logo\":{\"@type\":\"ImageObject\",\"inLanguage\":\"es\",\"@id\":\"https:\/\/www.sonoraenequipo.com.mx\/#\/schema\/logo\/image\/\",\"url\":\"https:\/\/www.sonoraenequipo.com.mx\/storage\/2019\/01\/sonoraenequipo_opt.png\",\"contentUrl\":\"https:\/\/www.sonoraenequipo.com.mx\/storage\/2019\/01\/sonoraenequipo_opt.png\",\"width\":375,\"height\":125,\"caption\":\"Sonoraenequipo.com.mx\"},\"image\":{\"@id\":\"https:\/\/www.sonoraenequipo.com.mx\/#\/schema\/logo\/image\/\"},\"sameAs\":[\"https:\/\/www.facebook.com\/SonoraEE\/\",\"https:\/\/x.com\/sonoraenequipo\",\"https:\/\/www.youtube.com\/channel\/UC338nW-lPEYmJQs4ZABQ1SQ\"]},{\"@type\":\"Person\",\"@id\":\"https:\/\/www.sonoraenequipo.com.mx\/#\/schema\/person\/50102df0fb23a8fa9e8effad8fa81386\",\"name\":\"enequipo\",\"image\":{\"@type\":\"ImageObject\",\"inLanguage\":\"es\",\"@id\":\"https:\/\/www.sonoraenequipo.com.mx\/#\/schema\/person\/image\/\",\"url\":\"https:\/\/secure.gravatar.com\/avatar\/049821681b589dabc0bc20695993ccebb09f5b5d4d790cd9251b97faac7c652b?s=96&d=blank&r=g\",\"contentUrl\":\"https:\/\/secure.gravatar.com\/avatar\/049821681b589dabc0bc20695993ccebb09f5b5d4d790cd9251b97faac7c652b?s=96&d=blank&r=g\",\"caption\":\"enequipo\"},\"sameAs\":[\"https:\/\/www.facebook.com\/SonoraEE\"]}]}<\/script>\n ","yoast_head_json":{"title":"Sonora en Equipo. Llegan las Jornadas por la Discapacidad a SLRC y Puerto Pe\u00f1asco Sonora","description":"PUERTO PE\u00d1ASCO, SONORA. MX.\u2014\u00a0 Los servicios del Gobierno de Sonora llegaron para bienestar de las y los habitantes de San Luis R\u00edo Colorado y de Puerto En Sonora en Equipo publicamos toda la informaci\u00f3n de Sonora, M\u00e9xico y el Mundo de manera oportuna y busca que la libertad de expresi\u00f3n sea real. Visita nuestro medio informativo publicado desde Hermosillo, Sonora. %","robots":{"index":"index","follow":"follow","max-snippet":"max-snippet:-1","max-image-preview":"max-image-preview:large","max-video-preview":"max-video-preview:-1"},"canonical":"https:\/\/www.sonoraenequipo.com.mx\/llegan-las-jornadas-por-la-discapacidad-a-slrc-y-puerto-penasco\/","og_locale":"es_ES","og_type":"article","og_title":"Sonora en Equipo. Llegan las Jornadas por la Discapacidad a SLRC y Puerto Pe\u00f1asco Sonora","og_description":"PUERTO PE\u00d1ASCO, SONORA. MX.\u2014\u00a0 Los servicios del Gobierno de Sonora llegaron para bienestar de las y los habitantes de San Luis R\u00edo Colorado y de Puerto En Sonora en Equipo publicamos toda la informaci\u00f3n de Sonora, M\u00e9xico y el Mundo de manera oportuna y busca que la libertad de expresi\u00f3n sea real. Visita nuestro medio informativo publicado desde Hermosillo, Sonora. %","og_url":"https:\/\/www.sonoraenequipo.com.mx\/llegan-las-jornadas-por-la-discapacidad-a-slrc-y-puerto-penasco\/","og_site_name":"Sonora en Equipo.","article_publisher":"https:\/\/www.facebook.com\/SonoraEE\/","article_author":"https:\/\/www.facebook.com\/SonoraEE","article_published_time":"2022-10-09T17:35:26+00:00","article_modified_time":"2022-10-10T01:43:50+00:00","og_image":[{"width":900,"height":515,"url":"https:\/\/www.sonoraenequipo.com.mx\/storage\/2022\/10\/jornada-x-discapcidad-ppenasco.jpg","type":"image\/jpeg"}],"author":"enequipo","twitter_card":"summary_large_image","twitter_creator":"@sonoraenequipo","twitter_site":"@sonoraenequipo","twitter_misc":{"Escrito por":"enequipo","Tiempo de lectura":"3 minutos"},"schema":{"@context":"https:\/\/schema.org","@graph":[{"@type":"Article","@id":"https:\/\/www.sonoraenequipo.com.mx\/llegan-las-jornadas-por-la-discapacidad-a-slrc-y-puerto-penasco\/#article","isPartOf":{"@id":"https:\/\/www.sonoraenequipo.com.mx\/llegan-las-jornadas-por-la-discapacidad-a-slrc-y-puerto-penasco\/"},"author":{"name":"enequipo","@id":"https:\/\/www.sonoraenequipo.com.mx\/#\/schema\/person\/50102df0fb23a8fa9e8effad8fa81386"},"headline":"Llegan las Jornadas por la Discapacidad a SLRC y Puerto Pe\u00f1asco","datePublished":"2022-10-09T17:35:26+00:00","dateModified":"2022-10-10T01:43:50+00:00","mainEntityOfPage":{"@id":"https:\/\/www.sonoraenequipo.com.mx\/llegan-las-jornadas-por-la-discapacidad-a-slrc-y-puerto-penasco\/"},"wordCount":580,"commentCount":0,"publisher":{"@id":"https:\/\/www.sonoraenequipo.com.mx\/#organization"},"image":{"@id":"https:\/\/www.sonoraenequipo.com.mx\/llegan-las-jornadas-por-la-discapacidad-a-slrc-y-puerto-penasco\/#primaryimage"},"thumbnailUrl":"https:\/\/www.sonoraenequipo.com.mx\/storage\/2022\/10\/jornada-x-discapcidad-ppenasco.jpg","articleSection":["Sonora"],"inLanguage":"es","potentialAction":[{"@type":"CommentAction","name":"Comment","target":["https:\/\/www.sonoraenequipo.com.mx\/llegan-las-jornadas-por-la-discapacidad-a-slrc-y-puerto-penasco\/#respond"]}]},{"@type":"WebPage","@id":"https:\/\/www.sonoraenequipo.com.mx\/llegan-las-jornadas-por-la-discapacidad-a-slrc-y-puerto-penasco\/","url":"https:\/\/www.sonoraenequipo.com.mx\/llegan-las-jornadas-por-la-discapacidad-a-slrc-y-puerto-penasco\/","name":"Sonora en Equipo. Llegan las Jornadas por la Discapacidad a SLRC y Puerto Pe\u00f1asco Sonora","isPartOf":{"@id":"https:\/\/www.sonoraenequipo.com.mx\/#website"},"primaryImageOfPage":{"@id":"https:\/\/www.sonoraenequipo.com.mx\/llegan-las-jornadas-por-la-discapacidad-a-slrc-y-puerto-penasco\/#primaryimage"},"image":{"@id":"https:\/\/www.sonoraenequipo.com.mx\/llegan-las-jornadas-por-la-discapacidad-a-slrc-y-puerto-penasco\/#primaryimage"},"thumbnailUrl":"https:\/\/www.sonoraenequipo.com.mx\/storage\/2022\/10\/jornada-x-discapcidad-ppenasco.jpg","datePublished":"2022-10-09T17:35:26+00:00","dateModified":"2022-10-10T01:43:50+00:00","description":"PUERTO PE\u00d1ASCO, SONORA. MX.\u2014\u00a0 Los servicios del Gobierno de Sonora llegaron para bienestar de las y los habitantes de San Luis R\u00edo Colorado y de Puerto En Sonora en Equipo publicamos toda la informaci\u00f3n de Sonora, M\u00e9xico y el Mundo de manera oportuna y busca que la libertad de expresi\u00f3n sea real. Visita nuestro medio informativo publicado desde Hermosillo, Sonora. %","breadcrumb":{"@id":"https:\/\/www.sonoraenequipo.com.mx\/llegan-las-jornadas-por-la-discapacidad-a-slrc-y-puerto-penasco\/#breadcrumb"},"inLanguage":"es","potentialAction":[{"@type":"ReadAction","target":["https:\/\/www.sonoraenequipo.com.mx\/llegan-las-jornadas-por-la-discapacidad-a-slrc-y-puerto-penasco\/"]}]},{"@type":"ImageObject","inLanguage":"es","@id":"https:\/\/www.sonoraenequipo.com.mx\/llegan-las-jornadas-por-la-discapacidad-a-slrc-y-puerto-penasco\/#primaryimage","url":"https:\/\/www.sonoraenequipo.com.mx\/storage\/2022\/10\/jornada-x-discapcidad-ppenasco.jpg","contentUrl":"https:\/\/www.sonoraenequipo.com.mx\/storage\/2022\/10\/jornada-x-discapcidad-ppenasco.jpg","width":900,"height":515},{"@type":"BreadcrumbList","@id":"https:\/\/www.sonoraenequipo.com.mx\/llegan-las-jornadas-por-la-discapacidad-a-slrc-y-puerto-penasco\/#breadcrumb","itemListElement":[{"@type":"ListItem","position":1,"name":"Portada","item":"https:\/\/www.sonoraenequipo.com.mx\/"},{"@type":"ListItem","position":2,"name":"Llegan las Jornadas por la Discapacidad a SLRC y Puerto Pe\u00f1asco"}]},{"@type":"WebSite","@id":"https:\/\/www.sonoraenequipo.com.mx\/#website","url":"https:\/\/www.sonoraenequipo.com.mx\/","name":"Sonora en Equipo.","description":"Diario en l\u00ednea con Noticias desde Hermosillo, Sonora","publisher":{"@id":"https:\/\/www.sonoraenequipo.com.mx\/#organization"},"potentialAction":[{"@type":"SearchAction","target":{"@type":"EntryPoint","urlTemplate":"https:\/\/www.sonoraenequipo.com.mx\/?s={search_term_string}"},"query-input":{"@type":"PropertyValueSpecification","valueRequired":true,"valueName":"search_term_string"}}],"inLanguage":"es"},{"@type":"Organization","@id":"https:\/\/www.sonoraenequipo.com.mx\/#organization","name":"Sonoraenequipo.com.mx","url":"https:\/\/www.sonoraenequipo.com.mx\/","logo":{"@type":"ImageObject","inLanguage":"es","@id":"https:\/\/www.sonoraenequipo.com.mx\/#\/schema\/logo\/image\/","url":"https:\/\/www.sonoraenequipo.com.mx\/storage\/2019\/01\/sonoraenequipo_opt.png","contentUrl":"https:\/\/www.sonoraenequipo.com.mx\/storage\/2019\/01\/sonoraenequipo_opt.png","width":375,"height":125,"caption":"Sonoraenequipo.com.mx"},"image":{"@id":"https:\/\/www.sonoraenequipo.com.mx\/#\/schema\/logo\/image\/"},"sameAs":["https:\/\/www.facebook.com\/SonoraEE\/","https:\/\/x.com\/sonoraenequipo","https:\/\/www.youtube.com\/channel\/UC338nW-lPEYmJQs4ZABQ1SQ"]},{"@type":"Person","@id":"https:\/\/www.sonoraenequipo.com.mx\/#\/schema\/person\/50102df0fb23a8fa9e8effad8fa81386","name":"enequipo","image":{"@type":"ImageObject","inLanguage":"es","@id":"https:\/\/www.sonoraenequipo.com.mx\/#\/schema\/person\/image\/","url":"https:\/\/secure.gravatar.com\/avatar\/049821681b589dabc0bc20695993ccebb09f5b5d4d790cd9251b97faac7c652b?s=96&d=blank&r=g","contentUrl":"https:\/\/secure.gravatar.com\/avatar\/049821681b589dabc0bc20695993ccebb09f5b5d4d790cd9251b97faac7c652b?s=96&d=blank&r=g","caption":"enequipo"},"sameAs":["https:\/\/www.facebook.com\/SonoraEE"]}]}},"jetpack_featured_media_url":"https:\/\/www.sonoraenequipo.com.mx\/storage\/2022\/10\/jornada-x-discapcidad-ppenasco.jpg","_links":{"self":[{"href":"https:\/\/www.sonoraenequipo.com.mx\/api\/wp\/v2\/posts\/148844","targetHints":{"allow":["GET"]}}],"collection":[{"href":"https:\/\/www.sonoraenequipo.com.mx\/api\/wp\/v2\/posts"}],"about":[{"href":"https:\/\/www.sonoraenequipo.com.mx\/api\/wp\/v2\/types\/post"}],"author":[{"embeddable":true,"href":"https:\/\/www.sonoraenequipo.com.mx\/api\/wp\/v2\/users\/1"}],"replies":[{"embeddable":true,"href":"https:\/\/www.sonoraenequipo.com.mx\/api\/wp\/v2\/comments?post=148844"}],"version-history":[{"count":1,"href":"https:\/\/www.sonoraenequipo.com.mx\/api\/wp\/v2\/posts\/148844\/revisions"}],"predecessor-version":[{"id":148848,"href":"https:\/\/www.sonoraenequipo.com.mx\/api\/wp\/v2\/posts\/148844\/revisions\/148848"}],"wp:featuredmedia":[{"embeddable":true,"href":"https:\/\/www.sonoraenequipo.com.mx\/api\/wp\/v2\/media\/148847"}],"wp:attachment":[{"href":"https:\/\/www.sonoraenequipo.com.mx\/api\/wp\/v2\/media?parent=148844"}],"wp:term":[{"taxonomy":"category","embeddable":true,"href":"https:\/\/www.sonoraenequipo.com.mx\/api\/wp\/v2\/categories?post=148844"},{"taxonomy":"post_tag","embeddable":true,"href":"https:\/\/www.sonoraenequipo.com.mx\/api\/wp\/v2\/tags?post=148844"}],"curies":[{"name":"wp","href":"https:\/\/api.w.org\/{rel}","templated":true}]}}