{"id":148869,"date":"2022-10-09T09:45:34","date_gmt":"2022-10-09T16:45:34","guid":{"rendered":"https:\/\/www.sonoraenequipo.com.mx\/?p=148869"},"modified":"2022-10-09T21:00:27","modified_gmt":"2022-10-10T04:00:27","slug":"piloto-neerlandes-verstappen-revalida-corona-mundial-en-formula-uno","status":"publish","type":"post","link":"https:\/\/www.sonoraenequipo.com.mx\/piloto-neerlandes-verstappen-revalida-corona-mundial-en-formula-uno\/","title":{"rendered":"Piloto neerland\u00e9s Verstappen revalida corona mundial en F\u00f3rmula Uno"},"content":{"rendered":"<p><strong>SUZUKA, JAP\u00d3N.MX.\u2014<\/strong> El piloto neerland\u00e9s Max Verstappen (Red Bull) revalid\u00f3 hoy aqu\u00ed su corona mundial en la F\u00f3rmula Uno, al ganar el Gran Premio de Jap\u00f3n, una carrera accidentada y complicada por la lluvia.<\/p>\n<p>&nbsp;<\/p>\n<p> <\/p>\n<p>Al europeo lo secundaron en el podio el mexicano Sergio \u201cCheco\u201d P\u00e9rez (Red Bull) y el monegasco Charles Leclerc (Ferrari), quien recibi\u00f3 cinco segundos de penalizaci\u00f3n por una maniobra irregular ante el segundo clasificado en el final.<\/p>\n<p>&nbsp;<\/p>\n<p>La joven estrella neerlandesa elev\u00f3 a 32 su n\u00famero de victorias en la m\u00e1xima categor\u00eda del automovilismo al conseguir su triunfo 12 de la temporada, en una prueba en la que el doble campe\u00f3n mundial de Espa\u00f1a Fernando Alonso (Alpine) acab\u00f3 s\u00e9ptimo.<\/p>\n<p>&nbsp;<\/p>\n<p>A falta de cuatro carreras, Verstappen se coloc\u00f3, adem\u00e1s, a tiro de uno del r\u00e9cord hist\u00f3rico de \u00e9xitos en un mismo curso (13) que comparten dos alemanes: el s\u00e9ptuple campe\u00f3n mundial Michael Schumacher y Sebastian Vettel, cuatro veces ganador del certamen.<\/p>\n<h3><\/h3>\n<h3>Clasificaci\u00f3n del Gran Premio de Jap\u00f3n:<\/h3>\n<p>1-Max Verstappen (NED\/Red Bull) los 162,296 kil\u00f3metros en 3:01.44.004 horas.<\/p>\n<p>&nbsp;<\/p>\n<p>2-Sergio P\u00e9rez (MEX\/Red Bull) a 27.066 cent\u00e9simas.<\/p>\n<p>&nbsp;<\/p>\n<p>3-Charles Leclerc (MON\/Ferrari) 31.763.<\/p>\n<p>&nbsp;<\/p>\n<p>4-Est\u00e9ban Ocon (FRA\/Alpine-Renault) 39.685.<\/p>\n<p>&nbsp;<\/p>\n<p>5-Lewis Hamilton (GBR\/Mercedes) 40.326.<\/p>\n<p>&nbsp;<\/p>\n<p>6-Sebastian Vettel (ALE\/Aston Martin-Mercedes) 46.358<\/p>\n<p>&nbsp;<\/p>\n<p>7-Fernando Alonso (ESP\/Alpine-Renault) 46.369. 8-George Russell (GBR\/Mercedes) 47.661.<\/p>\n<p>&nbsp;<\/p>\n<p>9-Nicholas Latifi (CAN\/Williams-Mercedes) 1.10.143.<\/p>\n<p>&nbsp;<\/p>\n<p>10-Lando Norris (GBR\/McLaren-Mercedes) 1.10.782.<\/p>\n<p>&nbsp;<\/p>\n<p>11-Daniel Ricciardo (AUS\/McLaren-Mercedes) 1.12.877.<\/p>\n<p>&nbsp;<\/p>\n<p>12-Lance Stroll (CAN\/Aston Martin-Mercedes) 1.13.904.<\/p>\n<p>&nbsp;<\/p>\n<p>13-Yuki Tsunoda (JAP\/AlphaTauri-Red Bull) 1.55.599.<\/p>\n<p>&nbsp;<\/p>\n<p>14-Kevin Magnussen (DIN\/Haas-Ferrari) 1.26.016.<\/p>\n<p>&nbsp;<\/p>\n<p>15-Valtteri Bottas (FIN\/Alfa Romeo) 1.26.496.<\/p>\n<p>&nbsp;<\/p>\n<p>16-Guanyu Zhou (CHN\/Alfa Romeo) 1.27.043.<\/p>\n<p>&nbsp;<\/p>\n<p>17-Pierre Gasly (FRA\/AlphaTauri-Red Bull) 1.28.091.<\/p>\n<p>&nbsp;<\/p>\n<p>18-Mick Schumacher (ALE\/Haas-Ferrari) 1.32.523.<\/p>\n<h3><\/h3>\n<h3>Los restantes pilotos no terminaron.<\/h3>\n<p>&nbsp;<\/p>\n<p><strong>Clasificaci\u00f3n del Campeonato Mundial de F\u00f3rmula Uno:<\/strong><\/p>\n<h3>Pilotos:<\/h3>\n<p>&nbsp;<\/p>\n<p>1-Max Verstappen (NED) 366 puntos.<\/p>\n<p>&nbsp;<\/p>\n<p>2-Sergio P\u00e9rez (MEX) 253.<\/p>\n<p>&nbsp;<\/p>\n<p>3-Charles Leclerc (MON) 252.<\/p>\n<p>&nbsp;<\/p>\n<p>4-George Russell (GBR) 207.<\/p>\n<p>&nbsp;<\/p>\n<p>5-Carlos Sainz Jr (ESP) 202.<\/p>\n<p>&nbsp;<\/p>\n<p>6-Lewis Hamilton (GBR) 180.<\/p>\n<p>&nbsp;<\/p>\n<p>7-Lando Norris (GBR) 101.<\/p>\n<p>&nbsp;<\/p>\n<p>8-Est\u00e9ban Ocon (FRA) 78.<\/p>\n<p>&nbsp;<\/p>\n<p>9-Fernando Alonso (ESP) 65.<\/p>\n<p>&nbsp;<\/p>\n<p>10-Valtteri Bottas (FIN) 46.<\/p>\n<p>&nbsp;<\/p>\n<p>11-Sebastian Vettel (ALE) 32.<\/p>\n<p>&nbsp;<\/p>\n<p>12-Daniel Ricciardo (AUS) 29.<\/p>\n<p>&nbsp;<\/p>\n<p>13-Pierre Gasly (FRA) 23.<\/p>\n<p>&nbsp;<\/p>\n<p>14-Kevin Magnussen (DIN) 22.<\/p>\n<p>&nbsp;<\/p>\n<p>15-Lance Stroll (CAN) 13.<\/p>\n<p>&nbsp;<\/p>\n<p>16-Mick Schumacher (ALE) 12.<\/p>\n<p>&nbsp;<\/p>\n<p>17-Yuki Tsunoda (JAP) 11.<\/p>\n<p>&nbsp;<\/p>\n<p>18-Guanyu Zhou (CHN) 6.<\/p>\n<p>&nbsp;<\/p>\n<p>19-Alexander Albon (THA) 4.<\/p>\n<p>&nbsp;<\/p>\n<p>20-Nicholas Latifi (CAN) 2.<\/p>\n<p>&nbsp;<\/p>\n<p>21-Nyck de Vries (NED) 2.<\/p>\n<p>&nbsp;<\/p>\n<p>22-Nico Hulkenberg (ALE) 0.<\/p>\n<p>&nbsp;<\/p>\n<h3>Escuder\u00edas:<\/h3>\n<p>&nbsp;<\/p>\n<p>1-Red Bull 619 puntos.<\/p>\n<p>&nbsp;<\/p>\n<p>2-Ferrari 454.<\/p>\n<p>&nbsp;<\/p>\n<p>3-Mercedes 387.<\/p>\n<p>&nbsp;<\/p>\n<p>4-Alpine-Renault 143.<\/p>\n<p>&nbsp;<\/p>\n<p>5-McLaren-Mercedes 130.<\/p>\n<p>&nbsp;<\/p>\n<p>6-Alfa Romeo 52.<\/p>\n<p>&nbsp;<\/p>\n<p>7-Aston Martin-Mercedes 45.<\/p>\n<p>&nbsp;<\/p>\n<p>8-Haas-Ferrari 34.<\/p>\n<p>&nbsp;<\/p>\n<p>9-AlphaTauri-Red Bull 34.<\/p>\n<p>&nbsp;<\/p>\n<p>10-Williams-Mercedes 8.<\/p>\n<p>&nbsp;<\/p>\n<p>PUBLICADO EL 09\/OCTUBRE DE 2022)<\/p>\n","protected":false},"excerpt":{"rendered":"<p>SUZUKA, JAP\u00d3N.MX.\u2014 El piloto neerland\u00e9s Max Verstappen (Red Bull) revalid\u00f3 hoy aqu\u00ed su corona mundial&#8230;<\/p>\n","protected":false},"author":1,"featured_media":148854,"comment_status":"open","ping_status":"open","sticky":false,"template":"","format":"standard","meta":{"_monsterinsights_skip_tracking":false,"_monsterinsights_sitenote_active":false,"_monsterinsights_sitenote_note":"","_monsterinsights_sitenote_category":0,"footnotes":""},"categories":[10],"tags":[],"class_list":["post"],"yoast_head":" \n<title>Sonora en Equipo. Piloto neerland\u00e9s Verstappen revalida corona mundial en F\u00f3rmula Uno Deportes<\/title>\n<meta name=\"description\" content=\"SUZUKA, JAP\u00d3N.MX.\u2014 El piloto neerland\u00e9s Max Verstappen (Red Bull) revalid\u00f3 hoy aqu\u00ed su corona mundial en la F\u00f3rmula Uno, al ganar el Gran Premio de Jap\u00f3n, En Sonora en Equipo publicamos toda la informaci\u00f3n de Sonora, M\u00e9xico y el Mundo de manera oportuna y busca que la libertad de expresi\u00f3n sea real. Visita nuestro medio informativo publicado desde Hermosillo, Sonora. %\" \/>\n<meta name=\"robots\" content=\"index, follow, max-snippet:-1, max-image-preview:large, max-video-preview:-1\" \/>\n<link rel=\"canonical\" href=\"https:\/\/www.sonoraenequipo.com.mx\/piloto-neerlandes-verstappen-revalida-corona-mundial-en-formula-uno\/\" \/>\n<meta property=\"og:locale\" content=\"es_ES\" \/>\n<meta property=\"og:type\" content=\"article\" \/>\n<meta property=\"og:title\" content=\"Sonora en Equipo. Piloto neerland\u00e9s Verstappen revalida corona mundial en F\u00f3rmula Uno Deportes\" \/>\n<meta property=\"og:description\" content=\"SUZUKA, JAP\u00d3N.MX.\u2014 El piloto neerland\u00e9s Max Verstappen (Red Bull) revalid\u00f3 hoy aqu\u00ed su corona mundial en la F\u00f3rmula Uno, al ganar el Gran Premio de Jap\u00f3n, En Sonora en Equipo publicamos toda la informaci\u00f3n de Sonora, M\u00e9xico y el Mundo de manera oportuna y busca que la libertad de expresi\u00f3n sea real. Visita nuestro medio informativo publicado desde Hermosillo, Sonora. %\" \/>\n<meta property=\"og:url\" content=\"https:\/\/www.sonoraenequipo.com.mx\/piloto-neerlandes-verstappen-revalida-corona-mundial-en-formula-uno\/\" \/>\n<meta property=\"og:site_name\" content=\"Sonora en Equipo.\" \/>\n<meta property=\"article:publisher\" content=\"https:\/\/www.facebook.com\/SonoraEE\/\" \/>\n<meta property=\"article:author\" content=\"https:\/\/www.facebook.com\/SonoraEE\" \/>\n<meta property=\"article:published_time\" content=\"2022-10-09T16:45:34+00:00\" \/>\n<meta property=\"article:modified_time\" content=\"2022-10-10T04:00:27+00:00\" \/>\n<meta property=\"og:image\" content=\"https:\/\/www.sonoraenequipo.com.mx\/storage\/2022\/10\/piloto-neerlandes-Max-Verstappen..jpg\" \/>\n\t<meta property=\"og:image:width\" content=\"735\" \/>\n\t<meta property=\"og:image:height\" content=\"420\" \/>\n\t<meta property=\"og:image:type\" content=\"image\/jpeg\" \/>\n<meta name=\"author\" content=\"enequipo\" \/>\n<meta name=\"twitter:card\" content=\"summary_large_image\" \/>\n<meta name=\"twitter:creator\" content=\"@sonoraenequipo\" \/>\n<meta name=\"twitter:site\" content=\"@sonoraenequipo\" \/>\n<meta name=\"twitter:label1\" content=\"Escrito por\" \/>\n\t<meta name=\"twitter:data1\" content=\"enequipo\" \/>\n\t<meta name=\"twitter:label2\" content=\"Tiempo de lectura\" \/>\n\t<meta name=\"twitter:data2\" content=\"2 minutos\" \/>\n<script type=\"application\/ld+json\" class=\"yoast-schema-graph\">{\"@context\":\"https:\/\/schema.org\",\"@graph\":[{\"@type\":\"Article\",\"@id\":\"https:\/\/www.sonoraenequipo.com.mx\/piloto-neerlandes-verstappen-revalida-corona-mundial-en-formula-uno\/#article\",\"isPartOf\":{\"@id\":\"https:\/\/www.sonoraenequipo.com.mx\/piloto-neerlandes-verstappen-revalida-corona-mundial-en-formula-uno\/\"},\"author\":{\"name\":\"enequipo\",\"@id\":\"https:\/\/www.sonoraenequipo.com.mx\/#\/schema\/person\/50102df0fb23a8fa9e8effad8fa81386\"},\"headline\":\"Piloto neerland\u00e9s Verstappen revalida corona mundial en F\u00f3rmula Uno\",\"datePublished\":\"2022-10-09T16:45:34+00:00\",\"dateModified\":\"2022-10-10T04:00:27+00:00\",\"mainEntityOfPage\":{\"@id\":\"https:\/\/www.sonoraenequipo.com.mx\/piloto-neerlandes-verstappen-revalida-corona-mundial-en-formula-uno\/\"},\"wordCount\":439,\"commentCount\":0,\"publisher\":{\"@id\":\"https:\/\/www.sonoraenequipo.com.mx\/#organization\"},\"image\":{\"@id\":\"https:\/\/www.sonoraenequipo.com.mx\/piloto-neerlandes-verstappen-revalida-corona-mundial-en-formula-uno\/#primaryimage\"},\"thumbnailUrl\":\"https:\/\/www.sonoraenequipo.com.mx\/storage\/2022\/10\/piloto-neerlandes-Max-Verstappen..jpg\",\"articleSection\":[\"Deportes\"],\"inLanguage\":\"es\",\"potentialAction\":[{\"@type\":\"CommentAction\",\"name\":\"Comment\",\"target\":[\"https:\/\/www.sonoraenequipo.com.mx\/piloto-neerlandes-verstappen-revalida-corona-mundial-en-formula-uno\/#respond\"]}]},{\"@type\":\"WebPage\",\"@id\":\"https:\/\/www.sonoraenequipo.com.mx\/piloto-neerlandes-verstappen-revalida-corona-mundial-en-formula-uno\/\",\"url\":\"https:\/\/www.sonoraenequipo.com.mx\/piloto-neerlandes-verstappen-revalida-corona-mundial-en-formula-uno\/\",\"name\":\"Sonora en Equipo. Piloto neerland\u00e9s Verstappen revalida corona mundial en F\u00f3rmula Uno Deportes\",\"isPartOf\":{\"@id\":\"https:\/\/www.sonoraenequipo.com.mx\/#website\"},\"primaryImageOfPage\":{\"@id\":\"https:\/\/www.sonoraenequipo.com.mx\/piloto-neerlandes-verstappen-revalida-corona-mundial-en-formula-uno\/#primaryimage\"},\"image\":{\"@id\":\"https:\/\/www.sonoraenequipo.com.mx\/piloto-neerlandes-verstappen-revalida-corona-mundial-en-formula-uno\/#primaryimage\"},\"thumbnailUrl\":\"https:\/\/www.sonoraenequipo.com.mx\/storage\/2022\/10\/piloto-neerlandes-Max-Verstappen..jpg\",\"datePublished\":\"2022-10-09T16:45:34+00:00\",\"dateModified\":\"2022-10-10T04:00:27+00:00\",\"description\":\"SUZUKA, JAP\u00d3N.MX.\u2014 El piloto neerland\u00e9s Max Verstappen (Red Bull) revalid\u00f3 hoy aqu\u00ed su corona mundial en la F\u00f3rmula Uno, al ganar el Gran Premio de Jap\u00f3n, En Sonora en Equipo publicamos toda la informaci\u00f3n de Sonora, M\u00e9xico y el Mundo de manera oportuna y busca que la libertad de expresi\u00f3n sea real. Visita nuestro medio informativo publicado desde Hermosillo, Sonora. %\",\"breadcrumb\":{\"@id\":\"https:\/\/www.sonoraenequipo.com.mx\/piloto-neerlandes-verstappen-revalida-corona-mundial-en-formula-uno\/#breadcrumb\"},\"inLanguage\":\"es\",\"potentialAction\":[{\"@type\":\"ReadAction\",\"target\":[\"https:\/\/www.sonoraenequipo.com.mx\/piloto-neerlandes-verstappen-revalida-corona-mundial-en-formula-uno\/\"]}]},{\"@type\":\"ImageObject\",\"inLanguage\":\"es\",\"@id\":\"https:\/\/www.sonoraenequipo.com.mx\/piloto-neerlandes-verstappen-revalida-corona-mundial-en-formula-uno\/#primaryimage\",\"url\":\"https:\/\/www.sonoraenequipo.com.mx\/storage\/2022\/10\/piloto-neerlandes-Max-Verstappen..jpg\",\"contentUrl\":\"https:\/\/www.sonoraenequipo.com.mx\/storage\/2022\/10\/piloto-neerlandes-Max-Verstappen..jpg\",\"width\":735,\"height\":420},{\"@type\":\"BreadcrumbList\",\"@id\":\"https:\/\/www.sonoraenequipo.com.mx\/piloto-neerlandes-verstappen-revalida-corona-mundial-en-formula-uno\/#breadcrumb\",\"itemListElement\":[{\"@type\":\"ListItem\",\"position\":1,\"name\":\"Portada\",\"item\":\"https:\/\/www.sonoraenequipo.com.mx\/\"},{\"@type\":\"ListItem\",\"position\":2,\"name\":\"Piloto neerland\u00e9s Verstappen revalida corona mundial en F\u00f3rmula Uno\"}]},{\"@type\":\"WebSite\",\"@id\":\"https:\/\/www.sonoraenequipo.com.mx\/#website\",\"url\":\"https:\/\/www.sonoraenequipo.com.mx\/\",\"name\":\"Sonora en Equipo.\",\"description\":\"Diario en l\u00ednea con Noticias desde Hermosillo, Sonora\",\"publisher\":{\"@id\":\"https:\/\/www.sonoraenequipo.com.mx\/#organization\"},\"potentialAction\":[{\"@type\":\"SearchAction\",\"target\":{\"@type\":\"EntryPoint\",\"urlTemplate\":\"https:\/\/www.sonoraenequipo.com.mx\/?s={search_term_string}\"},\"query-input\":{\"@type\":\"PropertyValueSpecification\",\"valueRequired\":true,\"valueName\":\"search_term_string\"}}],\"inLanguage\":\"es\"},{\"@type\":\"Organization\",\"@id\":\"https:\/\/www.sonoraenequipo.com.mx\/#organization\",\"name\":\"Sonoraenequipo.com.mx\",\"url\":\"https:\/\/www.sonoraenequipo.com.mx\/\",\"logo\":{\"@type\":\"ImageObject\",\"inLanguage\":\"es\",\"@id\":\"https:\/\/www.sonoraenequipo.com.mx\/#\/schema\/logo\/image\/\",\"url\":\"https:\/\/www.sonoraenequipo.com.mx\/storage\/2019\/01\/sonoraenequipo_opt.png\",\"contentUrl\":\"https:\/\/www.sonoraenequipo.com.mx\/storage\/2019\/01\/sonoraenequipo_opt.png\",\"width\":375,\"height\":125,\"caption\":\"Sonoraenequipo.com.mx\"},\"image\":{\"@id\":\"https:\/\/www.sonoraenequipo.com.mx\/#\/schema\/logo\/image\/\"},\"sameAs\":[\"https:\/\/www.facebook.com\/SonoraEE\/\",\"https:\/\/x.com\/sonoraenequipo\",\"https:\/\/www.youtube.com\/channel\/UC338nW-lPEYmJQs4ZABQ1SQ\"]},{\"@type\":\"Person\",\"@id\":\"https:\/\/www.sonoraenequipo.com.mx\/#\/schema\/person\/50102df0fb23a8fa9e8effad8fa81386\",\"name\":\"enequipo\",\"image\":{\"@type\":\"ImageObject\",\"inLanguage\":\"es\",\"@id\":\"https:\/\/www.sonoraenequipo.com.mx\/#\/schema\/person\/image\/\",\"url\":\"https:\/\/secure.gravatar.com\/avatar\/049821681b589dabc0bc20695993ccebb09f5b5d4d790cd9251b97faac7c652b?s=96&d=blank&r=g\",\"contentUrl\":\"https:\/\/secure.gravatar.com\/avatar\/049821681b589dabc0bc20695993ccebb09f5b5d4d790cd9251b97faac7c652b?s=96&d=blank&r=g\",\"caption\":\"enequipo\"},\"sameAs\":[\"https:\/\/www.facebook.com\/SonoraEE\"]}]}<\/script>\n ","yoast_head_json":{"title":"Sonora en Equipo. Piloto neerland\u00e9s Verstappen revalida corona mundial en F\u00f3rmula Uno Deportes","description":"SUZUKA, JAP\u00d3N.MX.\u2014 El piloto neerland\u00e9s Max Verstappen (Red Bull) revalid\u00f3 hoy aqu\u00ed su corona mundial en la F\u00f3rmula Uno, al ganar el Gran Premio de Jap\u00f3n, En Sonora en Equipo publicamos toda la informaci\u00f3n de Sonora, M\u00e9xico y el Mundo de manera oportuna y busca que la libertad de expresi\u00f3n sea real. Visita nuestro medio informativo publicado desde Hermosillo, Sonora. %","robots":{"index":"index","follow":"follow","max-snippet":"max-snippet:-1","max-image-preview":"max-image-preview:large","max-video-preview":"max-video-preview:-1"},"canonical":"https:\/\/www.sonoraenequipo.com.mx\/piloto-neerlandes-verstappen-revalida-corona-mundial-en-formula-uno\/","og_locale":"es_ES","og_type":"article","og_title":"Sonora en Equipo. Piloto neerland\u00e9s Verstappen revalida corona mundial en F\u00f3rmula Uno Deportes","og_description":"SUZUKA, JAP\u00d3N.MX.\u2014 El piloto neerland\u00e9s Max Verstappen (Red Bull) revalid\u00f3 hoy aqu\u00ed su corona mundial en la F\u00f3rmula Uno, al ganar el Gran Premio de Jap\u00f3n, En Sonora en Equipo publicamos toda la informaci\u00f3n de Sonora, M\u00e9xico y el Mundo de manera oportuna y busca que la libertad de expresi\u00f3n sea real. Visita nuestro medio informativo publicado desde Hermosillo, Sonora. %","og_url":"https:\/\/www.sonoraenequipo.com.mx\/piloto-neerlandes-verstappen-revalida-corona-mundial-en-formula-uno\/","og_site_name":"Sonora en Equipo.","article_publisher":"https:\/\/www.facebook.com\/SonoraEE\/","article_author":"https:\/\/www.facebook.com\/SonoraEE","article_published_time":"2022-10-09T16:45:34+00:00","article_modified_time":"2022-10-10T04:00:27+00:00","og_image":[{"width":735,"height":420,"url":"https:\/\/www.sonoraenequipo.com.mx\/storage\/2022\/10\/piloto-neerlandes-Max-Verstappen..jpg","type":"image\/jpeg"}],"author":"enequipo","twitter_card":"summary_large_image","twitter_creator":"@sonoraenequipo","twitter_site":"@sonoraenequipo","twitter_misc":{"Escrito por":"enequipo","Tiempo de lectura":"2 minutos"},"schema":{"@context":"https:\/\/schema.org","@graph":[{"@type":"Article","@id":"https:\/\/www.sonoraenequipo.com.mx\/piloto-neerlandes-verstappen-revalida-corona-mundial-en-formula-uno\/#article","isPartOf":{"@id":"https:\/\/www.sonoraenequipo.com.mx\/piloto-neerlandes-verstappen-revalida-corona-mundial-en-formula-uno\/"},"author":{"name":"enequipo","@id":"https:\/\/www.sonoraenequipo.com.mx\/#\/schema\/person\/50102df0fb23a8fa9e8effad8fa81386"},"headline":"Piloto neerland\u00e9s Verstappen revalida corona mundial en F\u00f3rmula Uno","datePublished":"2022-10-09T16:45:34+00:00","dateModified":"2022-10-10T04:00:27+00:00","mainEntityOfPage":{"@id":"https:\/\/www.sonoraenequipo.com.mx\/piloto-neerlandes-verstappen-revalida-corona-mundial-en-formula-uno\/"},"wordCount":439,"commentCount":0,"publisher":{"@id":"https:\/\/www.sonoraenequipo.com.mx\/#organization"},"image":{"@id":"https:\/\/www.sonoraenequipo.com.mx\/piloto-neerlandes-verstappen-revalida-corona-mundial-en-formula-uno\/#primaryimage"},"thumbnailUrl":"https:\/\/www.sonoraenequipo.com.mx\/storage\/2022\/10\/piloto-neerlandes-Max-Verstappen..jpg","articleSection":["Deportes"],"inLanguage":"es","potentialAction":[{"@type":"CommentAction","name":"Comment","target":["https:\/\/www.sonoraenequipo.com.mx\/piloto-neerlandes-verstappen-revalida-corona-mundial-en-formula-uno\/#respond"]}]},{"@type":"WebPage","@id":"https:\/\/www.sonoraenequipo.com.mx\/piloto-neerlandes-verstappen-revalida-corona-mundial-en-formula-uno\/","url":"https:\/\/www.sonoraenequipo.com.mx\/piloto-neerlandes-verstappen-revalida-corona-mundial-en-formula-uno\/","name":"Sonora en Equipo. Piloto neerland\u00e9s Verstappen revalida corona mundial en F\u00f3rmula Uno Deportes","isPartOf":{"@id":"https:\/\/www.sonoraenequipo.com.mx\/#website"},"primaryImageOfPage":{"@id":"https:\/\/www.sonoraenequipo.com.mx\/piloto-neerlandes-verstappen-revalida-corona-mundial-en-formula-uno\/#primaryimage"},"image":{"@id":"https:\/\/www.sonoraenequipo.com.mx\/piloto-neerlandes-verstappen-revalida-corona-mundial-en-formula-uno\/#primaryimage"},"thumbnailUrl":"https:\/\/www.sonoraenequipo.com.mx\/storage\/2022\/10\/piloto-neerlandes-Max-Verstappen..jpg","datePublished":"2022-10-09T16:45:34+00:00","dateModified":"2022-10-10T04:00:27+00:00","description":"SUZUKA, JAP\u00d3N.MX.\u2014 El piloto neerland\u00e9s Max Verstappen (Red Bull) revalid\u00f3 hoy aqu\u00ed su corona mundial en la F\u00f3rmula Uno, al ganar el Gran Premio de Jap\u00f3n, En Sonora en Equipo publicamos toda la informaci\u00f3n de Sonora, M\u00e9xico y el Mundo de manera oportuna y busca que la libertad de expresi\u00f3n sea real. Visita nuestro medio informativo publicado desde Hermosillo, Sonora. %","breadcrumb":{"@id":"https:\/\/www.sonoraenequipo.com.mx\/piloto-neerlandes-verstappen-revalida-corona-mundial-en-formula-uno\/#breadcrumb"},"inLanguage":"es","potentialAction":[{"@type":"ReadAction","target":["https:\/\/www.sonoraenequipo.com.mx\/piloto-neerlandes-verstappen-revalida-corona-mundial-en-formula-uno\/"]}]},{"@type":"ImageObject","inLanguage":"es","@id":"https:\/\/www.sonoraenequipo.com.mx\/piloto-neerlandes-verstappen-revalida-corona-mundial-en-formula-uno\/#primaryimage","url":"https:\/\/www.sonoraenequipo.com.mx\/storage\/2022\/10\/piloto-neerlandes-Max-Verstappen..jpg","contentUrl":"https:\/\/www.sonoraenequipo.com.mx\/storage\/2022\/10\/piloto-neerlandes-Max-Verstappen..jpg","width":735,"height":420},{"@type":"BreadcrumbList","@id":"https:\/\/www.sonoraenequipo.com.mx\/piloto-neerlandes-verstappen-revalida-corona-mundial-en-formula-uno\/#breadcrumb","itemListElement":[{"@type":"ListItem","position":1,"name":"Portada","item":"https:\/\/www.sonoraenequipo.com.mx\/"},{"@type":"ListItem","position":2,"name":"Piloto neerland\u00e9s Verstappen revalida corona mundial en F\u00f3rmula Uno"}]},{"@type":"WebSite","@id":"https:\/\/www.sonoraenequipo.com.mx\/#website","url":"https:\/\/www.sonoraenequipo.com.mx\/","name":"Sonora en Equipo.","description":"Diario en l\u00ednea con Noticias desde Hermosillo, Sonora","publisher":{"@id":"https:\/\/www.sonoraenequipo.com.mx\/#organization"},"potentialAction":[{"@type":"SearchAction","target":{"@type":"EntryPoint","urlTemplate":"https:\/\/www.sonoraenequipo.com.mx\/?s={search_term_string}"},"query-input":{"@type":"PropertyValueSpecification","valueRequired":true,"valueName":"search_term_string"}}],"inLanguage":"es"},{"@type":"Organization","@id":"https:\/\/www.sonoraenequipo.com.mx\/#organization","name":"Sonoraenequipo.com.mx","url":"https:\/\/www.sonoraenequipo.com.mx\/","logo":{"@type":"ImageObject","inLanguage":"es","@id":"https:\/\/www.sonoraenequipo.com.mx\/#\/schema\/logo\/image\/","url":"https:\/\/www.sonoraenequipo.com.mx\/storage\/2019\/01\/sonoraenequipo_opt.png","contentUrl":"https:\/\/www.sonoraenequipo.com.mx\/storage\/2019\/01\/sonoraenequipo_opt.png","width":375,"height":125,"caption":"Sonoraenequipo.com.mx"},"image":{"@id":"https:\/\/www.sonoraenequipo.com.mx\/#\/schema\/logo\/image\/"},"sameAs":["https:\/\/www.facebook.com\/SonoraEE\/","https:\/\/x.com\/sonoraenequipo","https:\/\/www.youtube.com\/channel\/UC338nW-lPEYmJQs4ZABQ1SQ"]},{"@type":"Person","@id":"https:\/\/www.sonoraenequipo.com.mx\/#\/schema\/person\/50102df0fb23a8fa9e8effad8fa81386","name":"enequipo","image":{"@type":"ImageObject","inLanguage":"es","@id":"https:\/\/www.sonoraenequipo.com.mx\/#\/schema\/person\/image\/","url":"https:\/\/secure.gravatar.com\/avatar\/049821681b589dabc0bc20695993ccebb09f5b5d4d790cd9251b97faac7c652b?s=96&d=blank&r=g","contentUrl":"https:\/\/secure.gravatar.com\/avatar\/049821681b589dabc0bc20695993ccebb09f5b5d4d790cd9251b97faac7c652b?s=96&d=blank&r=g","caption":"enequipo"},"sameAs":["https:\/\/www.facebook.com\/SonoraEE"]}]}},"jetpack_featured_media_url":"https:\/\/www.sonoraenequipo.com.mx\/storage\/2022\/10\/piloto-neerlandes-Max-Verstappen..jpg","_links":{"self":[{"href":"https:\/\/www.sonoraenequipo.com.mx\/api\/wp\/v2\/posts\/148869","targetHints":{"allow":["GET"]}}],"collection":[{"href":"https:\/\/www.sonoraenequipo.com.mx\/api\/wp\/v2\/posts"}],"about":[{"href":"https:\/\/www.sonoraenequipo.com.mx\/api\/wp\/v2\/types\/post"}],"author":[{"embeddable":true,"href":"https:\/\/www.sonoraenequipo.com.mx\/api\/wp\/v2\/users\/1"}],"replies":[{"embeddable":true,"href":"https:\/\/www.sonoraenequipo.com.mx\/api\/wp\/v2\/comments?post=148869"}],"version-history":[{"count":2,"href":"https:\/\/www.sonoraenequipo.com.mx\/api\/wp\/v2\/posts\/148869\/revisions"}],"predecessor-version":[{"id":148871,"href":"https:\/\/www.sonoraenequipo.com.mx\/api\/wp\/v2\/posts\/148869\/revisions\/148871"}],"wp:featuredmedia":[{"embeddable":true,"href":"https:\/\/www.sonoraenequipo.com.mx\/api\/wp\/v2\/media\/148854"}],"wp:attachment":[{"href":"https:\/\/www.sonoraenequipo.com.mx\/api\/wp\/v2\/media?parent=148869"}],"wp:term":[{"taxonomy":"category","embeddable":true,"href":"https:\/\/www.sonoraenequipo.com.mx\/api\/wp\/v2\/categories?post=148869"},{"taxonomy":"post_tag","embeddable":true,"href":"https:\/\/www.sonoraenequipo.com.mx\/api\/wp\/v2\/tags?post=148869"}],"curies":[{"name":"wp","href":"https:\/\/api.w.org\/{rel}","templated":true}]}}